{"id":194738,"date":"2024-07-16T22:54:55","date_gmt":"2024-07-17T05:54:55","guid":{"rendered":"https:\/\/www.sonoraenequipo.com.mx\/?p=194738"},"modified":"2024-07-17T14:18:50","modified_gmt":"2024-07-17T21:18:50","slug":"exdirigente-del-pri-dulce-ma-sauri-reacciona-al-proyecto-del-tepjf-que-declara-improcedente-la-queja-contra-alito","status":"publish","type":"post","link":"https:\/\/www.sonoraenequipo.com.mx\/exdirigente-del-pri-dulce-ma-sauri-reacciona-al-proyecto-del-tepjf-que-declara-improcedente-la-queja-contra-alito\/","title":{"rendered":"Exdirigente del PRI, Dulce Ma Sauri reacciona al proyecto del TEPJF que declara improcedente la queja contra Alito"},"content":{"rendered":"<p><strong>CIUDAD DE M\u00c9XICO. MX.\u2014<\/strong> La exdirigente nacional del PRI, Dulce Mar\u00eda Sauri Riancho, afirm\u00f3 que el proyecto de resoluci\u00f3n propuesto por el magistrado Reyes Rodr\u00edguez Mondrag\u00f3n para declarar improcedentes las impugnaciones presentadas contra el m\u00e9todo y la convocatoria para la reelecci\u00f3n del dirigente nacional, Alejandro Moreno, no tiene relaci\u00f3n con la<strong><em> \u201cimpugnaci\u00f3n madre\u201d.<\/em><\/strong><\/p>\n<p>&nbsp;<\/p>\n<p> <\/p>\n<p>Reyes Rodr\u00edguez Mondrag\u00f3n explic\u00f3 que los inconformes deben agotar primero los recursos internos para impugnar los procesos. Al respecto, la exgobernadora de Yucat\u00e1n explic\u00f3 que el proyecto de resoluci\u00f3n es sobre la convocatoria a la elecci\u00f3n de dirigentes nacionales expedida el pasado 11 de julio.<\/p>\n<p>&nbsp;<\/p>\n<p>&nbsp;<\/p>\n<p>Sauri Riancho detall\u00f3 que el recurso principal interpuesto por Pedro Joaqu\u00edn Coldwell y Enrique Ochoa, y apoyado por ella y Manlio Fabio Beltrones es para invalidar la Asamblea Nacional del pasado 7 de julio, debido a que la ley electoral proh\u00edbe que los partidos pol\u00edticos convoquen a ese tipo de reuniones para aprobar cambios a los estatutos y documentos b\u00e1sicos cuando no ha terminado el proceso electoral, como es el caso.<\/p>\n<p>&nbsp;<\/p>\n<p>&nbsp;<\/p>\n<p>De prosperar el proyecto del magistrado Reyes Rodr\u00edguez Mondrag\u00f3n, el TEPJF deber\u00e1 canalizar los recursos al \u00f3rgano de justicia del PRI, a fin de que los resuelva en un plazo perentorio, que vence el 22 de julio.<\/p>\n<p>&nbsp;<\/p>\n<p>&nbsp;<\/p>\n<p>PUBLICADO EL 17 DE JULIO DE 2024 Con informaci\u00f3n de redes sociales)<\/p>\n","protected":false},"excerpt":{"rendered":"<p>CIUDAD DE M\u00c9XICO. MX.\u2014 La exdirigente nacional del PRI, Dulce Mar\u00eda Sauri Riancho, afirm\u00f3 que&#8230;<\/p>\n","protected":false},"author":1,"featured_media":194756,"comment_status":"open","ping_status":"open","sticky":false,"template":"","format":"standard","meta":{"_monsterinsights_skip_tracking":false,"_monsterinsights_sitenote_active":false,"_monsterinsights_sitenote_note":"","_monsterinsights_sitenote_category":0,"footnotes":""},"categories":[5],"tags":[],"class_list":["post"],"yoast_head":" \n<title>Sonora en Equipo. Exdirigente del PRI, Dulce Ma Sauri reacciona al proyecto del TEPJF que declara improcedente la queja contra Alito Rep\u00fablica<\/title>\n<meta name=\"description\" content=\"CIUDAD DE M\u00c9XICO. MX.\u2014 La exdirigente nacional del PRI, Dulce Mar\u00eda Sauri Riancho, afirm\u00f3 que el proyecto de resoluci\u00f3n propuesto por el magistrado Reyes En Sonora en Equipo publicamos toda la informaci\u00f3n de Sonora, M\u00e9xico y el Mundo de manera oportuna y busca que la libertad de expresi\u00f3n sea real. Visita nuestro medio informativo publicado desde Hermosillo, Sonora. %\" \/>\n<meta name=\"robots\" content=\"index, follow, max-snippet:-1, max-image-preview:large, max-video-preview:-1\" \/>\n<link rel=\"canonical\" href=\"https:\/\/www.sonoraenequipo.com.mx\/exdirigente-del-pri-dulce-ma-sauri-reacciona-al-proyecto-del-tepjf-que-declara-improcedente-la-queja-contra-alito\/\" \/>\n<meta property=\"og:locale\" content=\"es_ES\" \/>\n<meta property=\"og:type\" content=\"article\" \/>\n<meta property=\"og:title\" content=\"Sonora en Equipo. Exdirigente del PRI, Dulce Ma Sauri reacciona al proyecto del TEPJF que declara improcedente la queja contra Alito Rep\u00fablica\" \/>\n<meta property=\"og:description\" content=\"CIUDAD DE M\u00c9XICO. MX.\u2014 La exdirigente nacional del PRI, Dulce Mar\u00eda Sauri Riancho, afirm\u00f3 que el proyecto de resoluci\u00f3n propuesto por el magistrado Reyes En Sonora en Equipo publicamos toda la informaci\u00f3n de Sonora, M\u00e9xico y el Mundo de manera oportuna y busca que la libertad de expresi\u00f3n sea real. Visita nuestro medio informativo publicado desde Hermosillo, Sonora. %\" \/>\n<meta property=\"og:url\" content=\"https:\/\/www.sonoraenequipo.com.mx\/exdirigente-del-pri-dulce-ma-sauri-reacciona-al-proyecto-del-tepjf-que-declara-improcedente-la-queja-contra-alito\/\" \/>\n<meta property=\"og:site_name\" content=\"Sonora en Equipo.\" \/>\n<meta property=\"article:publisher\" content=\"https:\/\/www.facebook.com\/SonoraEE\/\" \/>\n<meta property=\"article:author\" content=\"https:\/\/www.facebook.com\/SonoraEE\" \/>\n<meta property=\"article:published_time\" content=\"2024-07-17T05:54:55+00:00\" \/>\n<meta property=\"article:modified_time\" content=\"2024-07-17T21:18:50+00:00\" \/>\n<meta property=\"og:image\" content=\"https:\/\/www.sonoraenequipo.com.mx\/storage\/2024\/07\/dulce-maria-sauri-min.jpg\" \/>\n\t<meta property=\"og:image:width\" content=\"900\" \/>\n\t<meta property=\"og:image:height\" content=\"583\" \/>\n\t<meta property=\"og:image:type\" content=\"image\/jpeg\" \/>\n<meta name=\"author\" content=\"enequipo\" \/>\n<meta name=\"twitter:card\" content=\"summary_large_image\" \/>\n<meta name=\"twitter:creator\" content=\"@sonoraenequipo\" \/>\n<meta name=\"twitter:site\" content=\"@sonoraenequipo\" \/>\n<meta name=\"twitter:label1\" content=\"Escrito por\" \/>\n\t<meta name=\"twitter:data1\" content=\"enequipo\" \/>\n\t<meta name=\"twitter:label2\" content=\"Tiempo de lectura\" \/>\n\t<meta name=\"twitter:data2\" content=\"1 minuto\" \/>\n<script type=\"application\/ld+json\" class=\"yoast-schema-graph\">{\"@context\":\"https:\/\/schema.org\",\"@graph\":[{\"@type\":\"Article\",\"@id\":\"https:\/\/www.sonoraenequipo.com.mx\/exdirigente-del-pri-dulce-ma-sauri-reacciona-al-proyecto-del-tepjf-que-declara-improcedente-la-queja-contra-alito\/#article\",\"isPartOf\":{\"@id\":\"https:\/\/www.sonoraenequipo.com.mx\/exdirigente-del-pri-dulce-ma-sauri-reacciona-al-proyecto-del-tepjf-que-declara-improcedente-la-queja-contra-alito\/\"},\"author\":{\"name\":\"enequipo\",\"@id\":\"https:\/\/www.sonoraenequipo.com.mx\/#\/schema\/person\/50102df0fb23a8fa9e8effad8fa81386\"},\"headline\":\"Exdirigente del PRI, Dulce Ma Sauri reacciona al proyecto del TEPJF que declara improcedente la queja contra Alito\",\"datePublished\":\"2024-07-17T05:54:55+00:00\",\"dateModified\":\"2024-07-17T21:18:50+00:00\",\"mainEntityOfPage\":{\"@id\":\"https:\/\/www.sonoraenequipo.com.mx\/exdirigente-del-pri-dulce-ma-sauri-reacciona-al-proyecto-del-tepjf-que-declara-improcedente-la-queja-contra-alito\/\"},\"wordCount\":259,\"commentCount\":0,\"publisher\":{\"@id\":\"https:\/\/www.sonoraenequipo.com.mx\/#organization\"},\"image\":{\"@id\":\"https:\/\/www.sonoraenequipo.com.mx\/exdirigente-del-pri-dulce-ma-sauri-reacciona-al-proyecto-del-tepjf-que-declara-improcedente-la-queja-contra-alito\/#primaryimage\"},\"thumbnailUrl\":\"https:\/\/www.sonoraenequipo.com.mx\/storage\/2024\/07\/dulce-maria-sauri-min.jpg\",\"articleSection\":[\"Rep\u00fablica\"],\"inLanguage\":\"es\",\"potentialAction\":[{\"@type\":\"CommentAction\",\"name\":\"Comment\",\"target\":[\"https:\/\/www.sonoraenequipo.com.mx\/exdirigente-del-pri-dulce-ma-sauri-reacciona-al-proyecto-del-tepjf-que-declara-improcedente-la-queja-contra-alito\/#respond\"]}]},{\"@type\":\"WebPage\",\"@id\":\"https:\/\/www.sonoraenequipo.com.mx\/exdirigente-del-pri-dulce-ma-sauri-reacciona-al-proyecto-del-tepjf-que-declara-improcedente-la-queja-contra-alito\/\",\"url\":\"https:\/\/www.sonoraenequipo.com.mx\/exdirigente-del-pri-dulce-ma-sauri-reacciona-al-proyecto-del-tepjf-que-declara-improcedente-la-queja-contra-alito\/\",\"name\":\"Sonora en Equipo. Exdirigente del PRI, Dulce Ma Sauri reacciona al proyecto del TEPJF que declara improcedente la queja contra Alito Rep\u00fablica\",\"isPartOf\":{\"@id\":\"https:\/\/www.sonoraenequipo.com.mx\/#website\"},\"primaryImageOfPage\":{\"@id\":\"https:\/\/www.sonoraenequipo.com.mx\/exdirigente-del-pri-dulce-ma-sauri-reacciona-al-proyecto-del-tepjf-que-declara-improcedente-la-queja-contra-alito\/#primaryimage\"},\"image\":{\"@id\":\"https:\/\/www.sonoraenequipo.com.mx\/exdirigente-del-pri-dulce-ma-sauri-reacciona-al-proyecto-del-tepjf-que-declara-improcedente-la-queja-contra-alito\/#primaryimage\"},\"thumbnailUrl\":\"https:\/\/www.sonoraenequipo.com.mx\/storage\/2024\/07\/dulce-maria-sauri-min.jpg\",\"datePublished\":\"2024-07-17T05:54:55+00:00\",\"dateModified\":\"2024-07-17T21:18:50+00:00\",\"description\":\"CIUDAD DE M\u00c9XICO. MX.\u2014 La exdirigente nacional del PRI, Dulce Mar\u00eda Sauri Riancho, afirm\u00f3 que el proyecto de resoluci\u00f3n propuesto por el magistrado Reyes En Sonora en Equipo publicamos toda la informaci\u00f3n de Sonora, M\u00e9xico y el Mundo de manera oportuna y busca que la libertad de expresi\u00f3n sea real. Visita nuestro medio informativo publicado desde Hermosillo, Sonora. %\",\"breadcrumb\":{\"@id\":\"https:\/\/www.sonoraenequipo.com.mx\/exdirigente-del-pri-dulce-ma-sauri-reacciona-al-proyecto-del-tepjf-que-declara-improcedente-la-queja-contra-alito\/#breadcrumb\"},\"inLanguage\":\"es\",\"potentialAction\":[{\"@type\":\"ReadAction\",\"target\":[\"https:\/\/www.sonoraenequipo.com.mx\/exdirigente-del-pri-dulce-ma-sauri-reacciona-al-proyecto-del-tepjf-que-declara-improcedente-la-queja-contra-alito\/\"]}]},{\"@type\":\"ImageObject\",\"inLanguage\":\"es\",\"@id\":\"https:\/\/www.sonoraenequipo.com.mx\/exdirigente-del-pri-dulce-ma-sauri-reacciona-al-proyecto-del-tepjf-que-declara-improcedente-la-queja-contra-alito\/#primaryimage\",\"url\":\"https:\/\/www.sonoraenequipo.com.mx\/storage\/2024\/07\/dulce-maria-sauri-min.jpg\",\"contentUrl\":\"https:\/\/www.sonoraenequipo.com.mx\/storage\/2024\/07\/dulce-maria-sauri-min.jpg\",\"width\":900,\"height\":583},{\"@type\":\"BreadcrumbList\",\"@id\":\"https:\/\/www.sonoraenequipo.com.mx\/exdirigente-del-pri-dulce-ma-sauri-reacciona-al-proyecto-del-tepjf-que-declara-improcedente-la-queja-contra-alito\/#breadcrumb\",\"itemListElement\":[{\"@type\":\"ListItem\",\"position\":1,\"name\":\"Portada\",\"item\":\"https:\/\/www.sonoraenequipo.com.mx\/\"},{\"@type\":\"ListItem\",\"position\":2,\"name\":\"Exdirigente del PRI, Dulce Ma Sauri reacciona al proyecto del TEPJF que declara improcedente la queja contra Alito\"}]},{\"@type\":\"WebSite\",\"@id\":\"https:\/\/www.sonoraenequipo.com.mx\/#website\",\"url\":\"https:\/\/www.sonoraenequipo.com.mx\/\",\"name\":\"Sonora en Equipo.\",\"description\":\"Diario en l\u00ednea con Noticias desde Hermosillo, Sonora\",\"publisher\":{\"@id\":\"https:\/\/www.sonoraenequipo.com.mx\/#organization\"},\"potentialAction\":[{\"@type\":\"SearchAction\",\"target\":{\"@type\":\"EntryPoint\",\"urlTemplate\":\"https:\/\/www.sonoraenequipo.com.mx\/?s={search_term_string}\"},\"query-input\":{\"@type\":\"PropertyValueSpecification\",\"valueRequired\":true,\"valueName\":\"search_term_string\"}}],\"inLanguage\":\"es\"},{\"@type\":\"Organization\",\"@id\":\"https:\/\/www.sonoraenequipo.com.mx\/#organization\",\"name\":\"Sonoraenequipo.com.mx\",\"url\":\"https:\/\/www.sonoraenequipo.com.mx\/\",\"logo\":{\"@type\":\"ImageObject\",\"inLanguage\":\"es\",\"@id\":\"https:\/\/www.sonoraenequipo.com.mx\/#\/schema\/logo\/image\/\",\"url\":\"https:\/\/www.sonoraenequipo.com.mx\/storage\/2019\/01\/sonoraenequipo_opt.png\",\"contentUrl\":\"https:\/\/www.sonoraenequipo.com.mx\/storage\/2019\/01\/sonoraenequipo_opt.png\",\"width\":375,\"height\":125,\"caption\":\"Sonoraenequipo.com.mx\"},\"image\":{\"@id\":\"https:\/\/www.sonoraenequipo.com.mx\/#\/schema\/logo\/image\/\"},\"sameAs\":[\"https:\/\/www.facebook.com\/SonoraEE\/\",\"https:\/\/x.com\/sonoraenequipo\",\"https:\/\/www.youtube.com\/channel\/UC338nW-lPEYmJQs4ZABQ1SQ\"]},{\"@type\":\"Person\",\"@id\":\"https:\/\/www.sonoraenequipo.com.mx\/#\/schema\/person\/50102df0fb23a8fa9e8effad8fa81386\",\"name\":\"enequipo\",\"image\":{\"@type\":\"ImageObject\",\"inLanguage\":\"es\",\"@id\":\"https:\/\/www.sonoraenequipo.com.mx\/#\/schema\/person\/image\/\",\"url\":\"https:\/\/secure.gravatar.com\/avatar\/049821681b589dabc0bc20695993ccebb09f5b5d4d790cd9251b97faac7c652b?s=96&d=blank&r=g\",\"contentUrl\":\"https:\/\/secure.gravatar.com\/avatar\/049821681b589dabc0bc20695993ccebb09f5b5d4d790cd9251b97faac7c652b?s=96&d=blank&r=g\",\"caption\":\"enequipo\"},\"sameAs\":[\"https:\/\/www.facebook.com\/SonoraEE\"]}]}<\/script>\n ","yoast_head_json":{"title":"Sonora en Equipo. Exdirigente del PRI, Dulce Ma Sauri reacciona al proyecto del TEPJF que declara improcedente la queja contra Alito Rep\u00fablica","description":"CIUDAD DE M\u00c9XICO. MX.\u2014 La exdirigente nacional del PRI, Dulce Mar\u00eda Sauri Riancho, afirm\u00f3 que el proyecto de resoluci\u00f3n propuesto por el magistrado Reyes En Sonora en Equipo publicamos toda la informaci\u00f3n de Sonora, M\u00e9xico y el Mundo de manera oportuna y busca que la libertad de expresi\u00f3n sea real. Visita nuestro medio informativo publicado desde Hermosillo, Sonora. %","robots":{"index":"index","follow":"follow","max-snippet":"max-snippet:-1","max-image-preview":"max-image-preview:large","max-video-preview":"max-video-preview:-1"},"canonical":"https:\/\/www.sonoraenequipo.com.mx\/exdirigente-del-pri-dulce-ma-sauri-reacciona-al-proyecto-del-tepjf-que-declara-improcedente-la-queja-contra-alito\/","og_locale":"es_ES","og_type":"article","og_title":"Sonora en Equipo. Exdirigente del PRI, Dulce Ma Sauri reacciona al proyecto del TEPJF que declara improcedente la queja contra Alito Rep\u00fablica","og_description":"CIUDAD DE M\u00c9XICO. MX.\u2014 La exdirigente nacional del PRI, Dulce Mar\u00eda Sauri Riancho, afirm\u00f3 que el proyecto de resoluci\u00f3n propuesto por el magistrado Reyes En Sonora en Equipo publicamos toda la informaci\u00f3n de Sonora, M\u00e9xico y el Mundo de manera oportuna y busca que la libertad de expresi\u00f3n sea real. Visita nuestro medio informativo publicado desde Hermosillo, Sonora. %","og_url":"https:\/\/www.sonoraenequipo.com.mx\/exdirigente-del-pri-dulce-ma-sauri-reacciona-al-proyecto-del-tepjf-que-declara-improcedente-la-queja-contra-alito\/","og_site_name":"Sonora en Equipo.","article_publisher":"https:\/\/www.facebook.com\/SonoraEE\/","article_author":"https:\/\/www.facebook.com\/SonoraEE","article_published_time":"2024-07-17T05:54:55+00:00","article_modified_time":"2024-07-17T21:18:50+00:00","og_image":[{"width":900,"height":583,"url":"https:\/\/www.sonoraenequipo.com.mx\/storage\/2024\/07\/dulce-maria-sauri-min.jpg","type":"image\/jpeg"}],"author":"enequipo","twitter_card":"summary_large_image","twitter_creator":"@sonoraenequipo","twitter_site":"@sonoraenequipo","twitter_misc":{"Escrito por":"enequipo","Tiempo de lectura":"1 minuto"},"schema":{"@context":"https:\/\/schema.org","@graph":[{"@type":"Article","@id":"https:\/\/www.sonoraenequipo.com.mx\/exdirigente-del-pri-dulce-ma-sauri-reacciona-al-proyecto-del-tepjf-que-declara-improcedente-la-queja-contra-alito\/#article","isPartOf":{"@id":"https:\/\/www.sonoraenequipo.com.mx\/exdirigente-del-pri-dulce-ma-sauri-reacciona-al-proyecto-del-tepjf-que-declara-improcedente-la-queja-contra-alito\/"},"author":{"name":"enequipo","@id":"https:\/\/www.sonoraenequipo.com.mx\/#\/schema\/person\/50102df0fb23a8fa9e8effad8fa81386"},"headline":"Exdirigente del PRI, Dulce Ma Sauri reacciona al proyecto del TEPJF que declara improcedente la queja contra Alito","datePublished":"2024-07-17T05:54:55+00:00","dateModified":"2024-07-17T21:18:50+00:00","mainEntityOfPage":{"@id":"https:\/\/www.sonoraenequipo.com.mx\/exdirigente-del-pri-dulce-ma-sauri-reacciona-al-proyecto-del-tepjf-que-declara-improcedente-la-queja-contra-alito\/"},"wordCount":259,"commentCount":0,"publisher":{"@id":"https:\/\/www.sonoraenequipo.com.mx\/#organization"},"image":{"@id":"https:\/\/www.sonoraenequipo.com.mx\/exdirigente-del-pri-dulce-ma-sauri-reacciona-al-proyecto-del-tepjf-que-declara-improcedente-la-queja-contra-alito\/#primaryimage"},"thumbnailUrl":"https:\/\/www.sonoraenequipo.com.mx\/storage\/2024\/07\/dulce-maria-sauri-min.jpg","articleSection":["Rep\u00fablica"],"inLanguage":"es","potentialAction":[{"@type":"CommentAction","name":"Comment","target":["https:\/\/www.sonoraenequipo.com.mx\/exdirigente-del-pri-dulce-ma-sauri-reacciona-al-proyecto-del-tepjf-que-declara-improcedente-la-queja-contra-alito\/#respond"]}]},{"@type":"WebPage","@id":"https:\/\/www.sonoraenequipo.com.mx\/exdirigente-del-pri-dulce-ma-sauri-reacciona-al-proyecto-del-tepjf-que-declara-improcedente-la-queja-contra-alito\/","url":"https:\/\/www.sonoraenequipo.com.mx\/exdirigente-del-pri-dulce-ma-sauri-reacciona-al-proyecto-del-tepjf-que-declara-improcedente-la-queja-contra-alito\/","name":"Sonora en Equipo. Exdirigente del PRI, Dulce Ma Sauri reacciona al proyecto del TEPJF que declara improcedente la queja contra Alito Rep\u00fablica","isPartOf":{"@id":"https:\/\/www.sonoraenequipo.com.mx\/#website"},"primaryImageOfPage":{"@id":"https:\/\/www.sonoraenequipo.com.mx\/exdirigente-del-pri-dulce-ma-sauri-reacciona-al-proyecto-del-tepjf-que-declara-improcedente-la-queja-contra-alito\/#primaryimage"},"image":{"@id":"https:\/\/www.sonoraenequipo.com.mx\/exdirigente-del-pri-dulce-ma-sauri-reacciona-al-proyecto-del-tepjf-que-declara-improcedente-la-queja-contra-alito\/#primaryimage"},"thumbnailUrl":"https:\/\/www.sonoraenequipo.com.mx\/storage\/2024\/07\/dulce-maria-sauri-min.jpg","datePublished":"2024-07-17T05:54:55+00:00","dateModified":"2024-07-17T21:18:50+00:00","description":"CIUDAD DE M\u00c9XICO. MX.\u2014 La exdirigente nacional del PRI, Dulce Mar\u00eda Sauri Riancho, afirm\u00f3 que el proyecto de resoluci\u00f3n propuesto por el magistrado Reyes En Sonora en Equipo publicamos toda la informaci\u00f3n de Sonora, M\u00e9xico y el Mundo de manera oportuna y busca que la libertad de expresi\u00f3n sea real. Visita nuestro medio informativo publicado desde Hermosillo, Sonora. %","breadcrumb":{"@id":"https:\/\/www.sonoraenequipo.com.mx\/exdirigente-del-pri-dulce-ma-sauri-reacciona-al-proyecto-del-tepjf-que-declara-improcedente-la-queja-contra-alito\/#breadcrumb"},"inLanguage":"es","potentialAction":[{"@type":"ReadAction","target":["https:\/\/www.sonoraenequipo.com.mx\/exdirigente-del-pri-dulce-ma-sauri-reacciona-al-proyecto-del-tepjf-que-declara-improcedente-la-queja-contra-alito\/"]}]},{"@type":"ImageObject","inLanguage":"es","@id":"https:\/\/www.sonoraenequipo.com.mx\/exdirigente-del-pri-dulce-ma-sauri-reacciona-al-proyecto-del-tepjf-que-declara-improcedente-la-queja-contra-alito\/#primaryimage","url":"https:\/\/www.sonoraenequipo.com.mx\/storage\/2024\/07\/dulce-maria-sauri-min.jpg","contentUrl":"https:\/\/www.sonoraenequipo.com.mx\/storage\/2024\/07\/dulce-maria-sauri-min.jpg","width":900,"height":583},{"@type":"BreadcrumbList","@id":"https:\/\/www.sonoraenequipo.com.mx\/exdirigente-del-pri-dulce-ma-sauri-reacciona-al-proyecto-del-tepjf-que-declara-improcedente-la-queja-contra-alito\/#breadcrumb","itemListElement":[{"@type":"ListItem","position":1,"name":"Portada","item":"https:\/\/www.sonoraenequipo.com.mx\/"},{"@type":"ListItem","position":2,"name":"Exdirigente del PRI, Dulce Ma Sauri reacciona al proyecto del TEPJF que declara improcedente la queja contra Alito"}]},{"@type":"WebSite","@id":"https:\/\/www.sonoraenequipo.com.mx\/#website","url":"https:\/\/www.sonoraenequipo.com.mx\/","name":"Sonora en Equipo.","description":"Diario en l\u00ednea con Noticias desde Hermosillo, Sonora","publisher":{"@id":"https:\/\/www.sonoraenequipo.com.mx\/#organization"},"potentialAction":[{"@type":"SearchAction","target":{"@type":"EntryPoint","urlTemplate":"https:\/\/www.sonoraenequipo.com.mx\/?s={search_term_string}"},"query-input":{"@type":"PropertyValueSpecification","valueRequired":true,"valueName":"search_term_string"}}],"inLanguage":"es"},{"@type":"Organization","@id":"https:\/\/www.sonoraenequipo.com.mx\/#organization","name":"Sonoraenequipo.com.mx","url":"https:\/\/www.sonoraenequipo.com.mx\/","logo":{"@type":"ImageObject","inLanguage":"es","@id":"https:\/\/www.sonoraenequipo.com.mx\/#\/schema\/logo\/image\/","url":"https:\/\/www.sonoraenequipo.com.mx\/storage\/2019\/01\/sonoraenequipo_opt.png","contentUrl":"https:\/\/www.sonoraenequipo.com.mx\/storage\/2019\/01\/sonoraenequipo_opt.png","width":375,"height":125,"caption":"Sonoraenequipo.com.mx"},"image":{"@id":"https:\/\/www.sonoraenequipo.com.mx\/#\/schema\/logo\/image\/"},"sameAs":["https:\/\/www.facebook.com\/SonoraEE\/","https:\/\/x.com\/sonoraenequipo","https:\/\/www.youtube.com\/channel\/UC338nW-lPEYmJQs4ZABQ1SQ"]},{"@type":"Person","@id":"https:\/\/www.sonoraenequipo.com.mx\/#\/schema\/person\/50102df0fb23a8fa9e8effad8fa81386","name":"enequipo","image":{"@type":"ImageObject","inLanguage":"es","@id":"https:\/\/www.sonoraenequipo.com.mx\/#\/schema\/person\/image\/","url":"https:\/\/secure.gravatar.com\/avatar\/049821681b589dabc0bc20695993ccebb09f5b5d4d790cd9251b97faac7c652b?s=96&d=blank&r=g","contentUrl":"https:\/\/secure.gravatar.com\/avatar\/049821681b589dabc0bc20695993ccebb09f5b5d4d790cd9251b97faac7c652b?s=96&d=blank&r=g","caption":"enequipo"},"sameAs":["https:\/\/www.facebook.com\/SonoraEE"]}]}},"jetpack_featured_media_url":"https:\/\/www.sonoraenequipo.com.mx\/storage\/2024\/07\/dulce-maria-sauri-min.jpg","_links":{"self":[{"href":"https:\/\/www.sonoraenequipo.com.mx\/api\/wp\/v2\/posts\/194738","targetHints":{"allow":["GET"]}}],"collection":[{"href":"https:\/\/www.sonoraenequipo.com.mx\/api\/wp\/v2\/posts"}],"about":[{"href":"https:\/\/www.sonoraenequipo.com.mx\/api\/wp\/v2\/types\/post"}],"author":[{"embeddable":true,"href":"https:\/\/www.sonoraenequipo.com.mx\/api\/wp\/v2\/users\/1"}],"replies":[{"embeddable":true,"href":"https:\/\/www.sonoraenequipo.com.mx\/api\/wp\/v2\/comments?post=194738"}],"version-history":[{"count":1,"href":"https:\/\/www.sonoraenequipo.com.mx\/api\/wp\/v2\/posts\/194738\/revisions"}],"predecessor-version":[{"id":194759,"href":"https:\/\/www.sonoraenequipo.com.mx\/api\/wp\/v2\/posts\/194738\/revisions\/194759"}],"wp:featuredmedia":[{"embeddable":true,"href":"https:\/\/www.sonoraenequipo.com.mx\/api\/wp\/v2\/media\/194756"}],"wp:attachment":[{"href":"https:\/\/www.sonoraenequipo.com.mx\/api\/wp\/v2\/media?parent=194738"}],"wp:term":[{"taxonomy":"category","embeddable":true,"href":"https:\/\/www.sonoraenequipo.com.mx\/api\/wp\/v2\/categories?post=194738"},{"taxonomy":"post_tag","embeddable":true,"href":"https:\/\/www.sonoraenequipo.com.mx\/api\/wp\/v2\/tags?post=194738"}],"curies":[{"name":"wp","href":"https:\/\/api.w.org\/{rel}","templated":true}]}}