{"id":194752,"date":"2024-07-17T14:11:43","date_gmt":"2024-07-17T21:11:43","guid":{"rendered":"https:\/\/www.sonoraenequipo.com.mx\/?p=194752"},"modified":"2024-07-17T14:18:16","modified_gmt":"2024-07-17T21:18:16","slug":"capturan-en-navojoa-a-profugo-de-la-justicia-de-los-ee-uu","status":"publish","type":"post","link":"https:\/\/www.sonoraenequipo.com.mx\/capturan-en-navojoa-a-profugo-de-la-justicia-de-los-ee-uu\/","title":{"rendered":"Capturan en Navojoa a pr\u00f3fugo de la justicia de los EE.UU."},"content":{"rendered":"<p><strong>NAVOJOA, SONORA, MX.<\/strong> <strong>\u0336 \u0336\u00a0 <\/strong>Como resultado de un operativo implementado en colaboraci\u00f3n con el Bur\u00f3 Federal de Investigaciones (FBI, por sus siglas en ingl\u00e9s), la Fiscal\u00eda General de Justicia del Estado de Sonora (FGJES), con elementos de la Agencia Ministerial de Investigaci\u00f3n Criminal (AMIC), logr\u00f3 la captura en Navojoa de Efra\u00edn \u201cN\u201d, de 37 a\u00f1os, pr\u00f3fugo de la justicia de Los \u00c1ngeles, California.<\/p>\n<p>La acci\u00f3n se realiz\u00f3 de manera conjunta el pasado 16 de julio en la colonia Ju\u00e1rez, en Navojoa, con la participaci\u00f3n de agentes de la AMIC y personal del Instituto Nacional de Migraci\u00f3n (INM); esto fue posible derivado del intercambio de informaci\u00f3n entre las autoridades estadounidenses y esta representaci\u00f3n social.<\/p>\n<p>El sujeto, ciudadano estadounidense, enfrenta una orden de arresto emitida por un juez de la Corte de Los \u00c1ngeles el 25 de junio del presente a\u00f1o por el delito de homicidio en grado de tentativa, lo que lo llev\u00f3 a huir con la intenci\u00f3n de evadir la justicia.<\/p>\n<p>Una vez localizado y asegurado, Efra\u00edn \u201cN\u201d fue trasladado bajo un dispositivo de seguridad hasta la garita internacional Dennis DeConcini, en Nogales, Sonora, donde fue deportado por el INM debido a su situaci\u00f3n migratoria irregular en M\u00e9xico.<\/p>\n<p>En el lugar, fue entregado al personal de la Oficina de Aduanas y Protecci\u00f3n Fronteriza de Estados Unidos (CBP, por sus siglas en ingl\u00e9s) y a agentes del FBI, quienes lo detuvieron en cumplimiento de la orden de arresto en su contra.<\/p>\n<p>Con estas acciones, la Fiscal\u00eda General de Justicia del Estado de Sonora (FGJE) reafirma su compromiso con las instituciones de procuraci\u00f3n de justicia en ambos lados de la frontera, dejando en claro que Sonora no ser\u00e1 refugio para delincuentes.<\/p>\n<p><strong>Fecha de publicaci\u00f3n mi\u00e9rcoles 17 de julio de 2024<\/strong><\/p>\n","protected":false},"excerpt":{"rendered":"<p>NAVOJOA, SONORA, MX. \u0336 \u0336\u00a0 Como resultado de un operativo implementado en colaboraci\u00f3n con el&#8230;<\/p>\n","protected":false},"author":1,"featured_media":194753,"comment_status":"open","ping_status":"open","sticky":false,"template":"","format":"standard","meta":{"_monsterinsights_skip_tracking":false,"_monsterinsights_sitenote_active":false,"_monsterinsights_sitenote_note":"","_monsterinsights_sitenote_category":0,"footnotes":""},"categories":[3144],"tags":[1916,4018,9996],"class_list":["post"],"yoast_head":" \n<title>Sonora en Equipo. Capturan en Navojoa a pr\u00f3fugo de la justicia de los EE.UU. Polic\u00edaca<\/title>\n<meta name=\"description\" content=\"NAVOJOA, SONORA, MX. \u0336 \u0336\u00a0 Como resultado de un operativo implementado en colaboraci\u00f3n con el Bur\u00f3 Federal de Investigaciones (FBI, por sus siglas en En Sonora en Equipo publicamos toda la informaci\u00f3n de Sonora, M\u00e9xico y el Mundo de manera oportuna y busca que la libertad de expresi\u00f3n sea real. Visita nuestro medio informativo publicado desde Hermosillo, Sonora. %\" \/>\n<meta name=\"robots\" content=\"index, follow, max-snippet:-1, max-image-preview:large, max-video-preview:-1\" \/>\n<link rel=\"canonical\" href=\"https:\/\/www.sonoraenequipo.com.mx\/capturan-en-navojoa-a-profugo-de-la-justicia-de-los-ee-uu\/\" \/>\n<meta property=\"og:locale\" content=\"es_ES\" \/>\n<meta property=\"og:type\" content=\"article\" \/>\n<meta property=\"og:title\" content=\"Sonora en Equipo. Capturan en Navojoa a pr\u00f3fugo de la justicia de los EE.UU. Polic\u00edaca\" \/>\n<meta property=\"og:description\" content=\"NAVOJOA, SONORA, MX. \u0336 \u0336\u00a0 Como resultado de un operativo implementado en colaboraci\u00f3n con el Bur\u00f3 Federal de Investigaciones (FBI, por sus siglas en En Sonora en Equipo publicamos toda la informaci\u00f3n de Sonora, M\u00e9xico y el Mundo de manera oportuna y busca que la libertad de expresi\u00f3n sea real. Visita nuestro medio informativo publicado desde Hermosillo, Sonora. %\" \/>\n<meta property=\"og:url\" content=\"https:\/\/www.sonoraenequipo.com.mx\/capturan-en-navojoa-a-profugo-de-la-justicia-de-los-ee-uu\/\" \/>\n<meta property=\"og:site_name\" content=\"Sonora en Equipo.\" \/>\n<meta property=\"article:publisher\" content=\"https:\/\/www.facebook.com\/SonoraEE\/\" \/>\n<meta property=\"article:author\" content=\"https:\/\/www.facebook.com\/SonoraEE\" \/>\n<meta property=\"article:published_time\" content=\"2024-07-17T21:11:43+00:00\" \/>\n<meta property=\"article:modified_time\" content=\"2024-07-17T21:18:16+00:00\" \/>\n<meta property=\"og:image\" content=\"https:\/\/www.sonoraenequipo.com.mx\/storage\/2024\/07\/profugo.jpg\" \/>\n\t<meta property=\"og:image:width\" content=\"600\" \/>\n\t<meta property=\"og:image:height\" content=\"400\" \/>\n\t<meta property=\"og:image:type\" content=\"image\/jpeg\" \/>\n<meta name=\"author\" content=\"enequipo\" \/>\n<meta name=\"twitter:card\" content=\"summary_large_image\" \/>\n<meta name=\"twitter:creator\" content=\"@sonoraenequipo\" \/>\n<meta name=\"twitter:site\" content=\"@sonoraenequipo\" \/>\n<meta name=\"twitter:label1\" content=\"Escrito por\" \/>\n\t<meta name=\"twitter:data1\" content=\"enequipo\" \/>\n\t<meta name=\"twitter:label2\" content=\"Tiempo de lectura\" \/>\n\t<meta name=\"twitter:data2\" content=\"2 minutos\" \/>\n<script type=\"application\/ld+json\" class=\"yoast-schema-graph\">{\"@context\":\"https:\/\/schema.org\",\"@graph\":[{\"@type\":\"Article\",\"@id\":\"https:\/\/www.sonoraenequipo.com.mx\/capturan-en-navojoa-a-profugo-de-la-justicia-de-los-ee-uu\/#article\",\"isPartOf\":{\"@id\":\"https:\/\/www.sonoraenequipo.com.mx\/capturan-en-navojoa-a-profugo-de-la-justicia-de-los-ee-uu\/\"},\"author\":{\"name\":\"enequipo\",\"@id\":\"https:\/\/www.sonoraenequipo.com.mx\/#\/schema\/person\/50102df0fb23a8fa9e8effad8fa81386\"},\"headline\":\"Capturan en Navojoa a pr\u00f3fugo de la justicia de los EE.UU.\",\"datePublished\":\"2024-07-17T21:11:43+00:00\",\"dateModified\":\"2024-07-17T21:18:16+00:00\",\"mainEntityOfPage\":{\"@id\":\"https:\/\/www.sonoraenequipo.com.mx\/capturan-en-navojoa-a-profugo-de-la-justicia-de-los-ee-uu\/\"},\"wordCount\":319,\"commentCount\":0,\"publisher\":{\"@id\":\"https:\/\/www.sonoraenequipo.com.mx\/#organization\"},\"image\":{\"@id\":\"https:\/\/www.sonoraenequipo.com.mx\/capturan-en-navojoa-a-profugo-de-la-justicia-de-los-ee-uu\/#primaryimage\"},\"thumbnailUrl\":\"https:\/\/www.sonoraenequipo.com.mx\/storage\/2024\/07\/profugo.jpg\",\"keywords\":[\"EE UU\",\"Los \u00c1ngeles\",\"profugo\"],\"articleSection\":[\"Polic\u00edaca\"],\"inLanguage\":\"es\",\"potentialAction\":[{\"@type\":\"CommentAction\",\"name\":\"Comment\",\"target\":[\"https:\/\/www.sonoraenequipo.com.mx\/capturan-en-navojoa-a-profugo-de-la-justicia-de-los-ee-uu\/#respond\"]}]},{\"@type\":\"WebPage\",\"@id\":\"https:\/\/www.sonoraenequipo.com.mx\/capturan-en-navojoa-a-profugo-de-la-justicia-de-los-ee-uu\/\",\"url\":\"https:\/\/www.sonoraenequipo.com.mx\/capturan-en-navojoa-a-profugo-de-la-justicia-de-los-ee-uu\/\",\"name\":\"Sonora en Equipo. Capturan en Navojoa a pr\u00f3fugo de la justicia de los EE.UU. Polic\u00edaca\",\"isPartOf\":{\"@id\":\"https:\/\/www.sonoraenequipo.com.mx\/#website\"},\"primaryImageOfPage\":{\"@id\":\"https:\/\/www.sonoraenequipo.com.mx\/capturan-en-navojoa-a-profugo-de-la-justicia-de-los-ee-uu\/#primaryimage\"},\"image\":{\"@id\":\"https:\/\/www.sonoraenequipo.com.mx\/capturan-en-navojoa-a-profugo-de-la-justicia-de-los-ee-uu\/#primaryimage\"},\"thumbnailUrl\":\"https:\/\/www.sonoraenequipo.com.mx\/storage\/2024\/07\/profugo.jpg\",\"datePublished\":\"2024-07-17T21:11:43+00:00\",\"dateModified\":\"2024-07-17T21:18:16+00:00\",\"description\":\"NAVOJOA, SONORA, MX. \u0336 \u0336\u00a0 Como resultado de un operativo implementado en colaboraci\u00f3n con el Bur\u00f3 Federal de Investigaciones (FBI, por sus siglas en En Sonora en Equipo publicamos toda la informaci\u00f3n de Sonora, M\u00e9xico y el Mundo de manera oportuna y busca que la libertad de expresi\u00f3n sea real. Visita nuestro medio informativo publicado desde Hermosillo, Sonora. %\",\"breadcrumb\":{\"@id\":\"https:\/\/www.sonoraenequipo.com.mx\/capturan-en-navojoa-a-profugo-de-la-justicia-de-los-ee-uu\/#breadcrumb\"},\"inLanguage\":\"es\",\"potentialAction\":[{\"@type\":\"ReadAction\",\"target\":[\"https:\/\/www.sonoraenequipo.com.mx\/capturan-en-navojoa-a-profugo-de-la-justicia-de-los-ee-uu\/\"]}]},{\"@type\":\"ImageObject\",\"inLanguage\":\"es\",\"@id\":\"https:\/\/www.sonoraenequipo.com.mx\/capturan-en-navojoa-a-profugo-de-la-justicia-de-los-ee-uu\/#primaryimage\",\"url\":\"https:\/\/www.sonoraenequipo.com.mx\/storage\/2024\/07\/profugo.jpg\",\"contentUrl\":\"https:\/\/www.sonoraenequipo.com.mx\/storage\/2024\/07\/profugo.jpg\",\"width\":600,\"height\":400},{\"@type\":\"BreadcrumbList\",\"@id\":\"https:\/\/www.sonoraenequipo.com.mx\/capturan-en-navojoa-a-profugo-de-la-justicia-de-los-ee-uu\/#breadcrumb\",\"itemListElement\":[{\"@type\":\"ListItem\",\"position\":1,\"name\":\"Portada\",\"item\":\"https:\/\/www.sonoraenequipo.com.mx\/\"},{\"@type\":\"ListItem\",\"position\":2,\"name\":\"Capturan en Navojoa a pr\u00f3fugo de la justicia de los EE.UU.\"}]},{\"@type\":\"WebSite\",\"@id\":\"https:\/\/www.sonoraenequipo.com.mx\/#website\",\"url\":\"https:\/\/www.sonoraenequipo.com.mx\/\",\"name\":\"Sonora en Equipo.\",\"description\":\"Diario en l\u00ednea con Noticias desde Hermosillo, Sonora\",\"publisher\":{\"@id\":\"https:\/\/www.sonoraenequipo.com.mx\/#organization\"},\"potentialAction\":[{\"@type\":\"SearchAction\",\"target\":{\"@type\":\"EntryPoint\",\"urlTemplate\":\"https:\/\/www.sonoraenequipo.com.mx\/?s={search_term_string}\"},\"query-input\":{\"@type\":\"PropertyValueSpecification\",\"valueRequired\":true,\"valueName\":\"search_term_string\"}}],\"inLanguage\":\"es\"},{\"@type\":\"Organization\",\"@id\":\"https:\/\/www.sonoraenequipo.com.mx\/#organization\",\"name\":\"Sonoraenequipo.com.mx\",\"url\":\"https:\/\/www.sonoraenequipo.com.mx\/\",\"logo\":{\"@type\":\"ImageObject\",\"inLanguage\":\"es\",\"@id\":\"https:\/\/www.sonoraenequipo.com.mx\/#\/schema\/logo\/image\/\",\"url\":\"https:\/\/www.sonoraenequipo.com.mx\/storage\/2019\/01\/sonoraenequipo_opt.png\",\"contentUrl\":\"https:\/\/www.sonoraenequipo.com.mx\/storage\/2019\/01\/sonoraenequipo_opt.png\",\"width\":375,\"height\":125,\"caption\":\"Sonoraenequipo.com.mx\"},\"image\":{\"@id\":\"https:\/\/www.sonoraenequipo.com.mx\/#\/schema\/logo\/image\/\"},\"sameAs\":[\"https:\/\/www.facebook.com\/SonoraEE\/\",\"https:\/\/x.com\/sonoraenequipo\",\"https:\/\/www.youtube.com\/channel\/UC338nW-lPEYmJQs4ZABQ1SQ\"]},{\"@type\":\"Person\",\"@id\":\"https:\/\/www.sonoraenequipo.com.mx\/#\/schema\/person\/50102df0fb23a8fa9e8effad8fa81386\",\"name\":\"enequipo\",\"image\":{\"@type\":\"ImageObject\",\"inLanguage\":\"es\",\"@id\":\"https:\/\/www.sonoraenequipo.com.mx\/#\/schema\/person\/image\/\",\"url\":\"https:\/\/secure.gravatar.com\/avatar\/049821681b589dabc0bc20695993ccebb09f5b5d4d790cd9251b97faac7c652b?s=96&d=blank&r=g\",\"contentUrl\":\"https:\/\/secure.gravatar.com\/avatar\/049821681b589dabc0bc20695993ccebb09f5b5d4d790cd9251b97faac7c652b?s=96&d=blank&r=g\",\"caption\":\"enequipo\"},\"sameAs\":[\"https:\/\/www.facebook.com\/SonoraEE\"]}]}<\/script>\n ","yoast_head_json":{"title":"Sonora en Equipo. Capturan en Navojoa a pr\u00f3fugo de la justicia de los EE.UU. Polic\u00edaca","description":"NAVOJOA, SONORA, MX. \u0336 \u0336\u00a0 Como resultado de un operativo implementado en colaboraci\u00f3n con el Bur\u00f3 Federal de Investigaciones (FBI, por sus siglas en En Sonora en Equipo publicamos toda la informaci\u00f3n de Sonora, M\u00e9xico y el Mundo de manera oportuna y busca que la libertad de expresi\u00f3n sea real. Visita nuestro medio informativo publicado desde Hermosillo, Sonora. %","robots":{"index":"index","follow":"follow","max-snippet":"max-snippet:-1","max-image-preview":"max-image-preview:large","max-video-preview":"max-video-preview:-1"},"canonical":"https:\/\/www.sonoraenequipo.com.mx\/capturan-en-navojoa-a-profugo-de-la-justicia-de-los-ee-uu\/","og_locale":"es_ES","og_type":"article","og_title":"Sonora en Equipo. Capturan en Navojoa a pr\u00f3fugo de la justicia de los EE.UU. Polic\u00edaca","og_description":"NAVOJOA, SONORA, MX. \u0336 \u0336\u00a0 Como resultado de un operativo implementado en colaboraci\u00f3n con el Bur\u00f3 Federal de Investigaciones (FBI, por sus siglas en En Sonora en Equipo publicamos toda la informaci\u00f3n de Sonora, M\u00e9xico y el Mundo de manera oportuna y busca que la libertad de expresi\u00f3n sea real. Visita nuestro medio informativo publicado desde Hermosillo, Sonora. %","og_url":"https:\/\/www.sonoraenequipo.com.mx\/capturan-en-navojoa-a-profugo-de-la-justicia-de-los-ee-uu\/","og_site_name":"Sonora en Equipo.","article_publisher":"https:\/\/www.facebook.com\/SonoraEE\/","article_author":"https:\/\/www.facebook.com\/SonoraEE","article_published_time":"2024-07-17T21:11:43+00:00","article_modified_time":"2024-07-17T21:18:16+00:00","og_image":[{"width":600,"height":400,"url":"https:\/\/www.sonoraenequipo.com.mx\/storage\/2024\/07\/profugo.jpg","type":"image\/jpeg"}],"author":"enequipo","twitter_card":"summary_large_image","twitter_creator":"@sonoraenequipo","twitter_site":"@sonoraenequipo","twitter_misc":{"Escrito por":"enequipo","Tiempo de lectura":"2 minutos"},"schema":{"@context":"https:\/\/schema.org","@graph":[{"@type":"Article","@id":"https:\/\/www.sonoraenequipo.com.mx\/capturan-en-navojoa-a-profugo-de-la-justicia-de-los-ee-uu\/#article","isPartOf":{"@id":"https:\/\/www.sonoraenequipo.com.mx\/capturan-en-navojoa-a-profugo-de-la-justicia-de-los-ee-uu\/"},"author":{"name":"enequipo","@id":"https:\/\/www.sonoraenequipo.com.mx\/#\/schema\/person\/50102df0fb23a8fa9e8effad8fa81386"},"headline":"Capturan en Navojoa a pr\u00f3fugo de la justicia de los EE.UU.","datePublished":"2024-07-17T21:11:43+00:00","dateModified":"2024-07-17T21:18:16+00:00","mainEntityOfPage":{"@id":"https:\/\/www.sonoraenequipo.com.mx\/capturan-en-navojoa-a-profugo-de-la-justicia-de-los-ee-uu\/"},"wordCount":319,"commentCount":0,"publisher":{"@id":"https:\/\/www.sonoraenequipo.com.mx\/#organization"},"image":{"@id":"https:\/\/www.sonoraenequipo.com.mx\/capturan-en-navojoa-a-profugo-de-la-justicia-de-los-ee-uu\/#primaryimage"},"thumbnailUrl":"https:\/\/www.sonoraenequipo.com.mx\/storage\/2024\/07\/profugo.jpg","keywords":["EE UU","Los \u00c1ngeles","profugo"],"articleSection":["Polic\u00edaca"],"inLanguage":"es","potentialAction":[{"@type":"CommentAction","name":"Comment","target":["https:\/\/www.sonoraenequipo.com.mx\/capturan-en-navojoa-a-profugo-de-la-justicia-de-los-ee-uu\/#respond"]}]},{"@type":"WebPage","@id":"https:\/\/www.sonoraenequipo.com.mx\/capturan-en-navojoa-a-profugo-de-la-justicia-de-los-ee-uu\/","url":"https:\/\/www.sonoraenequipo.com.mx\/capturan-en-navojoa-a-profugo-de-la-justicia-de-los-ee-uu\/","name":"Sonora en Equipo. Capturan en Navojoa a pr\u00f3fugo de la justicia de los EE.UU. Polic\u00edaca","isPartOf":{"@id":"https:\/\/www.sonoraenequipo.com.mx\/#website"},"primaryImageOfPage":{"@id":"https:\/\/www.sonoraenequipo.com.mx\/capturan-en-navojoa-a-profugo-de-la-justicia-de-los-ee-uu\/#primaryimage"},"image":{"@id":"https:\/\/www.sonoraenequipo.com.mx\/capturan-en-navojoa-a-profugo-de-la-justicia-de-los-ee-uu\/#primaryimage"},"thumbnailUrl":"https:\/\/www.sonoraenequipo.com.mx\/storage\/2024\/07\/profugo.jpg","datePublished":"2024-07-17T21:11:43+00:00","dateModified":"2024-07-17T21:18:16+00:00","description":"NAVOJOA, SONORA, MX. \u0336 \u0336\u00a0 Como resultado de un operativo implementado en colaboraci\u00f3n con el Bur\u00f3 Federal de Investigaciones (FBI, por sus siglas en En Sonora en Equipo publicamos toda la informaci\u00f3n de Sonora, M\u00e9xico y el Mundo de manera oportuna y busca que la libertad de expresi\u00f3n sea real. Visita nuestro medio informativo publicado desde Hermosillo, Sonora. %","breadcrumb":{"@id":"https:\/\/www.sonoraenequipo.com.mx\/capturan-en-navojoa-a-profugo-de-la-justicia-de-los-ee-uu\/#breadcrumb"},"inLanguage":"es","potentialAction":[{"@type":"ReadAction","target":["https:\/\/www.sonoraenequipo.com.mx\/capturan-en-navojoa-a-profugo-de-la-justicia-de-los-ee-uu\/"]}]},{"@type":"ImageObject","inLanguage":"es","@id":"https:\/\/www.sonoraenequipo.com.mx\/capturan-en-navojoa-a-profugo-de-la-justicia-de-los-ee-uu\/#primaryimage","url":"https:\/\/www.sonoraenequipo.com.mx\/storage\/2024\/07\/profugo.jpg","contentUrl":"https:\/\/www.sonoraenequipo.com.mx\/storage\/2024\/07\/profugo.jpg","width":600,"height":400},{"@type":"BreadcrumbList","@id":"https:\/\/www.sonoraenequipo.com.mx\/capturan-en-navojoa-a-profugo-de-la-justicia-de-los-ee-uu\/#breadcrumb","itemListElement":[{"@type":"ListItem","position":1,"name":"Portada","item":"https:\/\/www.sonoraenequipo.com.mx\/"},{"@type":"ListItem","position":2,"name":"Capturan en Navojoa a pr\u00f3fugo de la justicia de los EE.UU."}]},{"@type":"WebSite","@id":"https:\/\/www.sonoraenequipo.com.mx\/#website","url":"https:\/\/www.sonoraenequipo.com.mx\/","name":"Sonora en Equipo.","description":"Diario en l\u00ednea con Noticias desde Hermosillo, Sonora","publisher":{"@id":"https:\/\/www.sonoraenequipo.com.mx\/#organization"},"potentialAction":[{"@type":"SearchAction","target":{"@type":"EntryPoint","urlTemplate":"https:\/\/www.sonoraenequipo.com.mx\/?s={search_term_string}"},"query-input":{"@type":"PropertyValueSpecification","valueRequired":true,"valueName":"search_term_string"}}],"inLanguage":"es"},{"@type":"Organization","@id":"https:\/\/www.sonoraenequipo.com.mx\/#organization","name":"Sonoraenequipo.com.mx","url":"https:\/\/www.sonoraenequipo.com.mx\/","logo":{"@type":"ImageObject","inLanguage":"es","@id":"https:\/\/www.sonoraenequipo.com.mx\/#\/schema\/logo\/image\/","url":"https:\/\/www.sonoraenequipo.com.mx\/storage\/2019\/01\/sonoraenequipo_opt.png","contentUrl":"https:\/\/www.sonoraenequipo.com.mx\/storage\/2019\/01\/sonoraenequipo_opt.png","width":375,"height":125,"caption":"Sonoraenequipo.com.mx"},"image":{"@id":"https:\/\/www.sonoraenequipo.com.mx\/#\/schema\/logo\/image\/"},"sameAs":["https:\/\/www.facebook.com\/SonoraEE\/","https:\/\/x.com\/sonoraenequipo","https:\/\/www.youtube.com\/channel\/UC338nW-lPEYmJQs4ZABQ1SQ"]},{"@type":"Person","@id":"https:\/\/www.sonoraenequipo.com.mx\/#\/schema\/person\/50102df0fb23a8fa9e8effad8fa81386","name":"enequipo","image":{"@type":"ImageObject","inLanguage":"es","@id":"https:\/\/www.sonoraenequipo.com.mx\/#\/schema\/person\/image\/","url":"https:\/\/secure.gravatar.com\/avatar\/049821681b589dabc0bc20695993ccebb09f5b5d4d790cd9251b97faac7c652b?s=96&d=blank&r=g","contentUrl":"https:\/\/secure.gravatar.com\/avatar\/049821681b589dabc0bc20695993ccebb09f5b5d4d790cd9251b97faac7c652b?s=96&d=blank&r=g","caption":"enequipo"},"sameAs":["https:\/\/www.facebook.com\/SonoraEE"]}]}},"jetpack_featured_media_url":"https:\/\/www.sonoraenequipo.com.mx\/storage\/2024\/07\/profugo.jpg","_links":{"self":[{"href":"https:\/\/www.sonoraenequipo.com.mx\/api\/wp\/v2\/posts\/194752","targetHints":{"allow":["GET"]}}],"collection":[{"href":"https:\/\/www.sonoraenequipo.com.mx\/api\/wp\/v2\/posts"}],"about":[{"href":"https:\/\/www.sonoraenequipo.com.mx\/api\/wp\/v2\/types\/post"}],"author":[{"embeddable":true,"href":"https:\/\/www.sonoraenequipo.com.mx\/api\/wp\/v2\/users\/1"}],"replies":[{"embeddable":true,"href":"https:\/\/www.sonoraenequipo.com.mx\/api\/wp\/v2\/comments?post=194752"}],"version-history":[{"count":2,"href":"https:\/\/www.sonoraenequipo.com.mx\/api\/wp\/v2\/posts\/194752\/revisions"}],"predecessor-version":[{"id":194758,"href":"https:\/\/www.sonoraenequipo.com.mx\/api\/wp\/v2\/posts\/194752\/revisions\/194758"}],"wp:featuredmedia":[{"embeddable":true,"href":"https:\/\/www.sonoraenequipo.com.mx\/api\/wp\/v2\/media\/194753"}],"wp:attachment":[{"href":"https:\/\/www.sonoraenequipo.com.mx\/api\/wp\/v2\/media?parent=194752"}],"wp:term":[{"taxonomy":"category","embeddable":true,"href":"https:\/\/www.sonoraenequipo.com.mx\/api\/wp\/v2\/categories?post=194752"},{"taxonomy":"post_tag","embeddable":true,"href":"https:\/\/www.sonoraenequipo.com.mx\/api\/wp\/v2\/tags?post=194752"}],"curies":[{"name":"wp","href":"https:\/\/api.w.org\/{rel}","templated":true}]}}