{"id":194761,"date":"2024-07-16T23:07:44","date_gmt":"2024-07-17T06:07:44","guid":{"rendered":"https:\/\/www.sonoraenequipo.com.mx\/?p=194761"},"modified":"2024-07-17T14:28:02","modified_gmt":"2024-07-17T21:28:02","slug":"presidente-de-la-camara-baja-pide-la-renuncia-de-la-directora-del-servicio-secreto","status":"publish","type":"post","link":"https:\/\/www.sonoraenequipo.com.mx\/presidente-de-la-camara-baja-pide-la-renuncia-de-la-directora-del-servicio-secreto\/","title":{"rendered":"Presidente de la C\u00e1mara Baja pide la renuncia de la directora del Servicio Secreto"},"content":{"rendered":"<p><strong>WASHINGTON,<\/strong> DC<strong>., ESTADOS UNIDOS. \u2014<\/strong> El presidente de la C\u00e1mara de Representantes, Mike Johnson, y otros republicanos de alto rango est\u00e1n pidiendo la renuncia de la directora del Servicio Secreto, Kimberly Cheatle, d\u00edas despu\u00e9s de que un hombre armado intentara asesinar al expresidente Donald Trump en un mitin en Pensilvania.<\/p>\n<p>&nbsp;<\/p>\n<p> <\/p>\n<p><em><strong>\u201cVoy a pedir la renuncia\u2026\u201d,<\/strong><\/em> dijo Johnson, republicano por Luisiana, durante una aparici\u00f3n en Fox News este mi\u00e9rcoles en la Convenci\u00f3n Nacional Republicana en Milwaukee. <strong><em>\u201cMiren, creo que es inexcusable\u2026 Su explicaci\u00f3n a los medios de que hab\u00eda una inclinaci\u00f3n en el techo, por lo que hab\u00eda un problema de seguridad, no se sostiene. Y creo que ha demostrado cu\u00e1les son sus prioridades\u201d.<\/em><\/strong><\/p>\n<p>&nbsp;<\/p>\n<p>&nbsp;<\/p>\n<p>El l\u00edder de la mayor\u00eda de la C\u00e1mara de Representantes, Steve Scalise, republicano por Louisiana, el principal lugarteniente de Johnson, pidi\u00f3 la renuncia de Cheatle un d\u00eda antes.<\/p>\n<p>&nbsp;<\/p>\n<p>Servicio Secreto refuerza protecci\u00f3n de Trump tras descubrir complot de Ir\u00e1n para asesinarlo<\/p>\n<p>&nbsp;<\/p>\n<p>El pedido de renuncia de Johnson se produjo apenas horas antes de que se espera que los principales funcionarios encargados de hacer cumplir la ley informen a los legisladores de la C\u00e1mara y el Senado en sesiones informativas virtuales separadas y no clasificadas sobre el tiroteo del s\u00e1bado en Butler, Pensilvania, donde el presunto pistolero Thomas Matthew Crooks dispar\u00f3 contra Trump mientras se dirig\u00eda a los asistentes al mitin. Un espectador muri\u00f3 y otros dos resultaron gravemente heridos. Trump sufri\u00f3 una lesi\u00f3n en la oreja.<\/p>\n<p>&nbsp;<\/p>\n<p>&nbsp;<\/p>\n<p>El director del FBI, Christopher Wray, el subdirector Paul Abbate, as\u00ed como el subdirector del Servicio Secreto, Ronald Rowe, est\u00e1n en la lista de informantes. Cheatle no figura en la lista de informantes de la C\u00e1mara, pero s\u00ed en la del Senado.<\/p>\n<p>&nbsp;<\/p>\n<p>&nbsp;<\/p>\n<p>El Comit\u00e9 de Supervisi\u00f3n de la C\u00e1mara dijo que planea citar a Cheatle si se niega a comparecer en una audiencia p\u00fablica el lunes centrada en la violaci\u00f3n de seguridad.<\/p>\n<p>&nbsp;<\/p>\n<p>&nbsp;<\/p>\n<p>En la entrevista de Fox News, Johnson tambi\u00e9n dijo que crear\u00e1 un grupo de trabajo especial de la C\u00e1mara para investigar el tiroteo y las fallas de seguridad cuando los legisladores regresen el lunes, un esfuerzo por agilizar las m\u00faltiples investigaciones del Congreso.<\/p>\n<p>&nbsp;<\/p>\n<p>&nbsp;<\/p>\n<p>&nbsp;<\/p>\n<p><strong><em>\u00abLa raz\u00f3n por la que lo vamos a hacer de esa manera es porque es un ataque m\u00e1s preciso. Va m\u00e1s r\u00e1pido, no hay muchos obst\u00e1culos de procedimiento y tambi\u00e9n tendr\u00e1 autoridad de citaci\u00f3n para ese grupo de trabajo\u00bb, dijo Johnson. \u201cSe reunir\u00e1n republicanos y dem\u00f3cratas para llegar al fondo de este asunto r\u00e1pidamente para que el pueblo estadounidense pueda obtener las respuestas que merece\u201d.<\/em><\/strong><\/p>\n<p>&nbsp;<\/p>\n<p>&nbsp;<\/p>\n<p>PUBLICADO EL 17 DE JULIO DE 2024 Con informaci\u00f3n de AFP)<\/p>\n","protected":false},"excerpt":{"rendered":"<p>WASHINGTON, DC., ESTADOS UNIDOS. \u2014 El presidente de la C\u00e1mara de Representantes, Mike Johnson, y&#8230;<\/p>\n","protected":false},"author":1,"featured_media":194748,"comment_status":"open","ping_status":"open","sticky":false,"template":"","format":"standard","meta":{"_monsterinsights_skip_tracking":false,"_monsterinsights_sitenote_active":false,"_monsterinsights_sitenote_note":"","_monsterinsights_sitenote_category":0,"footnotes":""},"categories":[3],"tags":[],"class_list":["post"],"yoast_head":" \n<title>Sonora en Equipo. Presidente de la C\u00e1mara Baja pide la renuncia de la directora del Servicio Secreto MUNDO<\/title>\n<meta name=\"description\" content=\"WASHINGTON, DC., ESTADOS UNIDOS. \u2014 El presidente de la C\u00e1mara de Representantes, Mike Johnson, y otros republicanos de alto rango est\u00e1n pidiendo la En Sonora en Equipo publicamos toda la informaci\u00f3n de Sonora, M\u00e9xico y el Mundo de manera oportuna y busca que la libertad de expresi\u00f3n sea real. Visita nuestro medio informativo publicado desde Hermosillo, Sonora. %\" \/>\n<meta name=\"robots\" content=\"index, follow, max-snippet:-1, max-image-preview:large, max-video-preview:-1\" \/>\n<link rel=\"canonical\" href=\"https:\/\/www.sonoraenequipo.com.mx\/presidente-de-la-camara-baja-pide-la-renuncia-de-la-directora-del-servicio-secreto\/\" \/>\n<meta property=\"og:locale\" content=\"es_ES\" \/>\n<meta property=\"og:type\" content=\"article\" \/>\n<meta property=\"og:title\" content=\"Sonora en Equipo. Presidente de la C\u00e1mara Baja pide la renuncia de la directora del Servicio Secreto MUNDO\" \/>\n<meta property=\"og:description\" content=\"WASHINGTON, DC., ESTADOS UNIDOS. \u2014 El presidente de la C\u00e1mara de Representantes, Mike Johnson, y otros republicanos de alto rango est\u00e1n pidiendo la En Sonora en Equipo publicamos toda la informaci\u00f3n de Sonora, M\u00e9xico y el Mundo de manera oportuna y busca que la libertad de expresi\u00f3n sea real. Visita nuestro medio informativo publicado desde Hermosillo, Sonora. %\" \/>\n<meta property=\"og:url\" content=\"https:\/\/www.sonoraenequipo.com.mx\/presidente-de-la-camara-baja-pide-la-renuncia-de-la-directora-del-servicio-secreto\/\" \/>\n<meta property=\"og:site_name\" content=\"Sonora en Equipo.\" \/>\n<meta property=\"article:publisher\" content=\"https:\/\/www.facebook.com\/SonoraEE\/\" \/>\n<meta property=\"article:author\" content=\"https:\/\/www.facebook.com\/SonoraEE\" \/>\n<meta property=\"article:published_time\" content=\"2024-07-17T06:07:44+00:00\" \/>\n<meta property=\"article:modified_time\" content=\"2024-07-17T21:28:02+00:00\" \/>\n<meta property=\"og:image\" content=\"https:\/\/www.sonoraenequipo.com.mx\/storage\/2024\/07\/servicio-secreto-eua-min.jpg\" \/>\n\t<meta property=\"og:image:width\" content=\"900\" \/>\n\t<meta property=\"og:image:height\" content=\"522\" \/>\n\t<meta property=\"og:image:type\" content=\"image\/jpeg\" \/>\n<meta name=\"author\" content=\"enequipo\" \/>\n<meta name=\"twitter:card\" content=\"summary_large_image\" \/>\n<meta name=\"twitter:creator\" content=\"@sonoraenequipo\" \/>\n<meta name=\"twitter:site\" content=\"@sonoraenequipo\" \/>\n<meta name=\"twitter:label1\" content=\"Escrito por\" \/>\n\t<meta name=\"twitter:data1\" content=\"enequipo\" \/>\n\t<meta name=\"twitter:label2\" content=\"Tiempo de lectura\" \/>\n\t<meta name=\"twitter:data2\" content=\"2 minutos\" \/>\n<script type=\"application\/ld+json\" class=\"yoast-schema-graph\">{\"@context\":\"https:\/\/schema.org\",\"@graph\":[{\"@type\":\"Article\",\"@id\":\"https:\/\/www.sonoraenequipo.com.mx\/presidente-de-la-camara-baja-pide-la-renuncia-de-la-directora-del-servicio-secreto\/#article\",\"isPartOf\":{\"@id\":\"https:\/\/www.sonoraenequipo.com.mx\/presidente-de-la-camara-baja-pide-la-renuncia-de-la-directora-del-servicio-secreto\/\"},\"author\":{\"name\":\"enequipo\",\"@id\":\"https:\/\/www.sonoraenequipo.com.mx\/#\/schema\/person\/50102df0fb23a8fa9e8effad8fa81386\"},\"headline\":\"Presidente de la C\u00e1mara Baja pide la renuncia de la directora del Servicio Secreto\",\"datePublished\":\"2024-07-17T06:07:44+00:00\",\"dateModified\":\"2024-07-17T21:28:02+00:00\",\"mainEntityOfPage\":{\"@id\":\"https:\/\/www.sonoraenequipo.com.mx\/presidente-de-la-camara-baja-pide-la-renuncia-de-la-directora-del-servicio-secreto\/\"},\"wordCount\":500,\"commentCount\":0,\"publisher\":{\"@id\":\"https:\/\/www.sonoraenequipo.com.mx\/#organization\"},\"image\":{\"@id\":\"https:\/\/www.sonoraenequipo.com.mx\/presidente-de-la-camara-baja-pide-la-renuncia-de-la-directora-del-servicio-secreto\/#primaryimage\"},\"thumbnailUrl\":\"https:\/\/www.sonoraenequipo.com.mx\/storage\/2024\/07\/servicio-secreto-eua-min.jpg\",\"articleSection\":[\"MUNDO\"],\"inLanguage\":\"es\",\"potentialAction\":[{\"@type\":\"CommentAction\",\"name\":\"Comment\",\"target\":[\"https:\/\/www.sonoraenequipo.com.mx\/presidente-de-la-camara-baja-pide-la-renuncia-de-la-directora-del-servicio-secreto\/#respond\"]}]},{\"@type\":\"WebPage\",\"@id\":\"https:\/\/www.sonoraenequipo.com.mx\/presidente-de-la-camara-baja-pide-la-renuncia-de-la-directora-del-servicio-secreto\/\",\"url\":\"https:\/\/www.sonoraenequipo.com.mx\/presidente-de-la-camara-baja-pide-la-renuncia-de-la-directora-del-servicio-secreto\/\",\"name\":\"Sonora en Equipo. Presidente de la C\u00e1mara Baja pide la renuncia de la directora del Servicio Secreto MUNDO\",\"isPartOf\":{\"@id\":\"https:\/\/www.sonoraenequipo.com.mx\/#website\"},\"primaryImageOfPage\":{\"@id\":\"https:\/\/www.sonoraenequipo.com.mx\/presidente-de-la-camara-baja-pide-la-renuncia-de-la-directora-del-servicio-secreto\/#primaryimage\"},\"image\":{\"@id\":\"https:\/\/www.sonoraenequipo.com.mx\/presidente-de-la-camara-baja-pide-la-renuncia-de-la-directora-del-servicio-secreto\/#primaryimage\"},\"thumbnailUrl\":\"https:\/\/www.sonoraenequipo.com.mx\/storage\/2024\/07\/servicio-secreto-eua-min.jpg\",\"datePublished\":\"2024-07-17T06:07:44+00:00\",\"dateModified\":\"2024-07-17T21:28:02+00:00\",\"description\":\"WASHINGTON, DC., ESTADOS UNIDOS. \u2014 El presidente de la C\u00e1mara de Representantes, Mike Johnson, y otros republicanos de alto rango est\u00e1n pidiendo la En Sonora en Equipo publicamos toda la informaci\u00f3n de Sonora, M\u00e9xico y el Mundo de manera oportuna y busca que la libertad de expresi\u00f3n sea real. Visita nuestro medio informativo publicado desde Hermosillo, Sonora. %\",\"breadcrumb\":{\"@id\":\"https:\/\/www.sonoraenequipo.com.mx\/presidente-de-la-camara-baja-pide-la-renuncia-de-la-directora-del-servicio-secreto\/#breadcrumb\"},\"inLanguage\":\"es\",\"potentialAction\":[{\"@type\":\"ReadAction\",\"target\":[\"https:\/\/www.sonoraenequipo.com.mx\/presidente-de-la-camara-baja-pide-la-renuncia-de-la-directora-del-servicio-secreto\/\"]}]},{\"@type\":\"ImageObject\",\"inLanguage\":\"es\",\"@id\":\"https:\/\/www.sonoraenequipo.com.mx\/presidente-de-la-camara-baja-pide-la-renuncia-de-la-directora-del-servicio-secreto\/#primaryimage\",\"url\":\"https:\/\/www.sonoraenequipo.com.mx\/storage\/2024\/07\/servicio-secreto-eua-min.jpg\",\"contentUrl\":\"https:\/\/www.sonoraenequipo.com.mx\/storage\/2024\/07\/servicio-secreto-eua-min.jpg\",\"width\":900,\"height\":522},{\"@type\":\"BreadcrumbList\",\"@id\":\"https:\/\/www.sonoraenequipo.com.mx\/presidente-de-la-camara-baja-pide-la-renuncia-de-la-directora-del-servicio-secreto\/#breadcrumb\",\"itemListElement\":[{\"@type\":\"ListItem\",\"position\":1,\"name\":\"Portada\",\"item\":\"https:\/\/www.sonoraenequipo.com.mx\/\"},{\"@type\":\"ListItem\",\"position\":2,\"name\":\"Presidente de la C\u00e1mara Baja pide la renuncia de la directora del Servicio Secreto\"}]},{\"@type\":\"WebSite\",\"@id\":\"https:\/\/www.sonoraenequipo.com.mx\/#website\",\"url\":\"https:\/\/www.sonoraenequipo.com.mx\/\",\"name\":\"Sonora en Equipo.\",\"description\":\"Diario en l\u00ednea con Noticias desde Hermosillo, Sonora\",\"publisher\":{\"@id\":\"https:\/\/www.sonoraenequipo.com.mx\/#organization\"},\"potentialAction\":[{\"@type\":\"SearchAction\",\"target\":{\"@type\":\"EntryPoint\",\"urlTemplate\":\"https:\/\/www.sonoraenequipo.com.mx\/?s={search_term_string}\"},\"query-input\":{\"@type\":\"PropertyValueSpecification\",\"valueRequired\":true,\"valueName\":\"search_term_string\"}}],\"inLanguage\":\"es\"},{\"@type\":\"Organization\",\"@id\":\"https:\/\/www.sonoraenequipo.com.mx\/#organization\",\"name\":\"Sonoraenequipo.com.mx\",\"url\":\"https:\/\/www.sonoraenequipo.com.mx\/\",\"logo\":{\"@type\":\"ImageObject\",\"inLanguage\":\"es\",\"@id\":\"https:\/\/www.sonoraenequipo.com.mx\/#\/schema\/logo\/image\/\",\"url\":\"https:\/\/www.sonoraenequipo.com.mx\/storage\/2019\/01\/sonoraenequipo_opt.png\",\"contentUrl\":\"https:\/\/www.sonoraenequipo.com.mx\/storage\/2019\/01\/sonoraenequipo_opt.png\",\"width\":375,\"height\":125,\"caption\":\"Sonoraenequipo.com.mx\"},\"image\":{\"@id\":\"https:\/\/www.sonoraenequipo.com.mx\/#\/schema\/logo\/image\/\"},\"sameAs\":[\"https:\/\/www.facebook.com\/SonoraEE\/\",\"https:\/\/x.com\/sonoraenequipo\",\"https:\/\/www.youtube.com\/channel\/UC338nW-lPEYmJQs4ZABQ1SQ\"]},{\"@type\":\"Person\",\"@id\":\"https:\/\/www.sonoraenequipo.com.mx\/#\/schema\/person\/50102df0fb23a8fa9e8effad8fa81386\",\"name\":\"enequipo\",\"image\":{\"@type\":\"ImageObject\",\"inLanguage\":\"es\",\"@id\":\"https:\/\/www.sonoraenequipo.com.mx\/#\/schema\/person\/image\/\",\"url\":\"https:\/\/secure.gravatar.com\/avatar\/049821681b589dabc0bc20695993ccebb09f5b5d4d790cd9251b97faac7c652b?s=96&d=blank&r=g\",\"contentUrl\":\"https:\/\/secure.gravatar.com\/avatar\/049821681b589dabc0bc20695993ccebb09f5b5d4d790cd9251b97faac7c652b?s=96&d=blank&r=g\",\"caption\":\"enequipo\"},\"sameAs\":[\"https:\/\/www.facebook.com\/SonoraEE\"]}]}<\/script>\n ","yoast_head_json":{"title":"Sonora en Equipo. Presidente de la C\u00e1mara Baja pide la renuncia de la directora del Servicio Secreto MUNDO","description":"WASHINGTON, DC., ESTADOS UNIDOS. \u2014 El presidente de la C\u00e1mara de Representantes, Mike Johnson, y otros republicanos de alto rango est\u00e1n pidiendo la En Sonora en Equipo publicamos toda la informaci\u00f3n de Sonora, M\u00e9xico y el Mundo de manera oportuna y busca que la libertad de expresi\u00f3n sea real. Visita nuestro medio informativo publicado desde Hermosillo, Sonora. %","robots":{"index":"index","follow":"follow","max-snippet":"max-snippet:-1","max-image-preview":"max-image-preview:large","max-video-preview":"max-video-preview:-1"},"canonical":"https:\/\/www.sonoraenequipo.com.mx\/presidente-de-la-camara-baja-pide-la-renuncia-de-la-directora-del-servicio-secreto\/","og_locale":"es_ES","og_type":"article","og_title":"Sonora en Equipo. Presidente de la C\u00e1mara Baja pide la renuncia de la directora del Servicio Secreto MUNDO","og_description":"WASHINGTON, DC., ESTADOS UNIDOS. \u2014 El presidente de la C\u00e1mara de Representantes, Mike Johnson, y otros republicanos de alto rango est\u00e1n pidiendo la En Sonora en Equipo publicamos toda la informaci\u00f3n de Sonora, M\u00e9xico y el Mundo de manera oportuna y busca que la libertad de expresi\u00f3n sea real. Visita nuestro medio informativo publicado desde Hermosillo, Sonora. %","og_url":"https:\/\/www.sonoraenequipo.com.mx\/presidente-de-la-camara-baja-pide-la-renuncia-de-la-directora-del-servicio-secreto\/","og_site_name":"Sonora en Equipo.","article_publisher":"https:\/\/www.facebook.com\/SonoraEE\/","article_author":"https:\/\/www.facebook.com\/SonoraEE","article_published_time":"2024-07-17T06:07:44+00:00","article_modified_time":"2024-07-17T21:28:02+00:00","og_image":[{"width":900,"height":522,"url":"https:\/\/www.sonoraenequipo.com.mx\/storage\/2024\/07\/servicio-secreto-eua-min.jpg","type":"image\/jpeg"}],"author":"enequipo","twitter_card":"summary_large_image","twitter_creator":"@sonoraenequipo","twitter_site":"@sonoraenequipo","twitter_misc":{"Escrito por":"enequipo","Tiempo de lectura":"2 minutos"},"schema":{"@context":"https:\/\/schema.org","@graph":[{"@type":"Article","@id":"https:\/\/www.sonoraenequipo.com.mx\/presidente-de-la-camara-baja-pide-la-renuncia-de-la-directora-del-servicio-secreto\/#article","isPartOf":{"@id":"https:\/\/www.sonoraenequipo.com.mx\/presidente-de-la-camara-baja-pide-la-renuncia-de-la-directora-del-servicio-secreto\/"},"author":{"name":"enequipo","@id":"https:\/\/www.sonoraenequipo.com.mx\/#\/schema\/person\/50102df0fb23a8fa9e8effad8fa81386"},"headline":"Presidente de la C\u00e1mara Baja pide la renuncia de la directora del Servicio Secreto","datePublished":"2024-07-17T06:07:44+00:00","dateModified":"2024-07-17T21:28:02+00:00","mainEntityOfPage":{"@id":"https:\/\/www.sonoraenequipo.com.mx\/presidente-de-la-camara-baja-pide-la-renuncia-de-la-directora-del-servicio-secreto\/"},"wordCount":500,"commentCount":0,"publisher":{"@id":"https:\/\/www.sonoraenequipo.com.mx\/#organization"},"image":{"@id":"https:\/\/www.sonoraenequipo.com.mx\/presidente-de-la-camara-baja-pide-la-renuncia-de-la-directora-del-servicio-secreto\/#primaryimage"},"thumbnailUrl":"https:\/\/www.sonoraenequipo.com.mx\/storage\/2024\/07\/servicio-secreto-eua-min.jpg","articleSection":["MUNDO"],"inLanguage":"es","potentialAction":[{"@type":"CommentAction","name":"Comment","target":["https:\/\/www.sonoraenequipo.com.mx\/presidente-de-la-camara-baja-pide-la-renuncia-de-la-directora-del-servicio-secreto\/#respond"]}]},{"@type":"WebPage","@id":"https:\/\/www.sonoraenequipo.com.mx\/presidente-de-la-camara-baja-pide-la-renuncia-de-la-directora-del-servicio-secreto\/","url":"https:\/\/www.sonoraenequipo.com.mx\/presidente-de-la-camara-baja-pide-la-renuncia-de-la-directora-del-servicio-secreto\/","name":"Sonora en Equipo. Presidente de la C\u00e1mara Baja pide la renuncia de la directora del Servicio Secreto MUNDO","isPartOf":{"@id":"https:\/\/www.sonoraenequipo.com.mx\/#website"},"primaryImageOfPage":{"@id":"https:\/\/www.sonoraenequipo.com.mx\/presidente-de-la-camara-baja-pide-la-renuncia-de-la-directora-del-servicio-secreto\/#primaryimage"},"image":{"@id":"https:\/\/www.sonoraenequipo.com.mx\/presidente-de-la-camara-baja-pide-la-renuncia-de-la-directora-del-servicio-secreto\/#primaryimage"},"thumbnailUrl":"https:\/\/www.sonoraenequipo.com.mx\/storage\/2024\/07\/servicio-secreto-eua-min.jpg","datePublished":"2024-07-17T06:07:44+00:00","dateModified":"2024-07-17T21:28:02+00:00","description":"WASHINGTON, DC., ESTADOS UNIDOS. \u2014 El presidente de la C\u00e1mara de Representantes, Mike Johnson, y otros republicanos de alto rango est\u00e1n pidiendo la En Sonora en Equipo publicamos toda la informaci\u00f3n de Sonora, M\u00e9xico y el Mundo de manera oportuna y busca que la libertad de expresi\u00f3n sea real. Visita nuestro medio informativo publicado desde Hermosillo, Sonora. %","breadcrumb":{"@id":"https:\/\/www.sonoraenequipo.com.mx\/presidente-de-la-camara-baja-pide-la-renuncia-de-la-directora-del-servicio-secreto\/#breadcrumb"},"inLanguage":"es","potentialAction":[{"@type":"ReadAction","target":["https:\/\/www.sonoraenequipo.com.mx\/presidente-de-la-camara-baja-pide-la-renuncia-de-la-directora-del-servicio-secreto\/"]}]},{"@type":"ImageObject","inLanguage":"es","@id":"https:\/\/www.sonoraenequipo.com.mx\/presidente-de-la-camara-baja-pide-la-renuncia-de-la-directora-del-servicio-secreto\/#primaryimage","url":"https:\/\/www.sonoraenequipo.com.mx\/storage\/2024\/07\/servicio-secreto-eua-min.jpg","contentUrl":"https:\/\/www.sonoraenequipo.com.mx\/storage\/2024\/07\/servicio-secreto-eua-min.jpg","width":900,"height":522},{"@type":"BreadcrumbList","@id":"https:\/\/www.sonoraenequipo.com.mx\/presidente-de-la-camara-baja-pide-la-renuncia-de-la-directora-del-servicio-secreto\/#breadcrumb","itemListElement":[{"@type":"ListItem","position":1,"name":"Portada","item":"https:\/\/www.sonoraenequipo.com.mx\/"},{"@type":"ListItem","position":2,"name":"Presidente de la C\u00e1mara Baja pide la renuncia de la directora del Servicio Secreto"}]},{"@type":"WebSite","@id":"https:\/\/www.sonoraenequipo.com.mx\/#website","url":"https:\/\/www.sonoraenequipo.com.mx\/","name":"Sonora en Equipo.","description":"Diario en l\u00ednea con Noticias desde Hermosillo, Sonora","publisher":{"@id":"https:\/\/www.sonoraenequipo.com.mx\/#organization"},"potentialAction":[{"@type":"SearchAction","target":{"@type":"EntryPoint","urlTemplate":"https:\/\/www.sonoraenequipo.com.mx\/?s={search_term_string}"},"query-input":{"@type":"PropertyValueSpecification","valueRequired":true,"valueName":"search_term_string"}}],"inLanguage":"es"},{"@type":"Organization","@id":"https:\/\/www.sonoraenequipo.com.mx\/#organization","name":"Sonoraenequipo.com.mx","url":"https:\/\/www.sonoraenequipo.com.mx\/","logo":{"@type":"ImageObject","inLanguage":"es","@id":"https:\/\/www.sonoraenequipo.com.mx\/#\/schema\/logo\/image\/","url":"https:\/\/www.sonoraenequipo.com.mx\/storage\/2019\/01\/sonoraenequipo_opt.png","contentUrl":"https:\/\/www.sonoraenequipo.com.mx\/storage\/2019\/01\/sonoraenequipo_opt.png","width":375,"height":125,"caption":"Sonoraenequipo.com.mx"},"image":{"@id":"https:\/\/www.sonoraenequipo.com.mx\/#\/schema\/logo\/image\/"},"sameAs":["https:\/\/www.facebook.com\/SonoraEE\/","https:\/\/x.com\/sonoraenequipo","https:\/\/www.youtube.com\/channel\/UC338nW-lPEYmJQs4ZABQ1SQ"]},{"@type":"Person","@id":"https:\/\/www.sonoraenequipo.com.mx\/#\/schema\/person\/50102df0fb23a8fa9e8effad8fa81386","name":"enequipo","image":{"@type":"ImageObject","inLanguage":"es","@id":"https:\/\/www.sonoraenequipo.com.mx\/#\/schema\/person\/image\/","url":"https:\/\/secure.gravatar.com\/avatar\/049821681b589dabc0bc20695993ccebb09f5b5d4d790cd9251b97faac7c652b?s=96&d=blank&r=g","contentUrl":"https:\/\/secure.gravatar.com\/avatar\/049821681b589dabc0bc20695993ccebb09f5b5d4d790cd9251b97faac7c652b?s=96&d=blank&r=g","caption":"enequipo"},"sameAs":["https:\/\/www.facebook.com\/SonoraEE"]}]}},"jetpack_featured_media_url":"https:\/\/www.sonoraenequipo.com.mx\/storage\/2024\/07\/servicio-secreto-eua-min.jpg","_links":{"self":[{"href":"https:\/\/www.sonoraenequipo.com.mx\/api\/wp\/v2\/posts\/194761","targetHints":{"allow":["GET"]}}],"collection":[{"href":"https:\/\/www.sonoraenequipo.com.mx\/api\/wp\/v2\/posts"}],"about":[{"href":"https:\/\/www.sonoraenequipo.com.mx\/api\/wp\/v2\/types\/post"}],"author":[{"embeddable":true,"href":"https:\/\/www.sonoraenequipo.com.mx\/api\/wp\/v2\/users\/1"}],"replies":[{"embeddable":true,"href":"https:\/\/www.sonoraenequipo.com.mx\/api\/wp\/v2\/comments?post=194761"}],"version-history":[{"count":1,"href":"https:\/\/www.sonoraenequipo.com.mx\/api\/wp\/v2\/posts\/194761\/revisions"}],"predecessor-version":[{"id":194765,"href":"https:\/\/www.sonoraenequipo.com.mx\/api\/wp\/v2\/posts\/194761\/revisions\/194765"}],"wp:featuredmedia":[{"embeddable":true,"href":"https:\/\/www.sonoraenequipo.com.mx\/api\/wp\/v2\/media\/194748"}],"wp:attachment":[{"href":"https:\/\/www.sonoraenequipo.com.mx\/api\/wp\/v2\/media?parent=194761"}],"wp:term":[{"taxonomy":"category","embeddable":true,"href":"https:\/\/www.sonoraenequipo.com.mx\/api\/wp\/v2\/categories?post=194761"},{"taxonomy":"post_tag","embeddable":true,"href":"https:\/\/www.sonoraenequipo.com.mx\/api\/wp\/v2\/tags?post=194761"}],"curies":[{"name":"wp","href":"https:\/\/api.w.org\/{rel}","templated":true}]}}