{"id":194773,"date":"2024-07-17T15:37:11","date_gmt":"2024-07-17T22:37:11","guid":{"rendered":"https:\/\/www.sonoraenequipo.com.mx\/?p=194773"},"modified":"2024-07-17T15:37:11","modified_gmt":"2024-07-17T22:37:11","slug":"trabaja-salud-sonora-en-ampliar-numero-de-zonas-frescas","status":"publish","type":"post","link":"https:\/\/www.sonoraenequipo.com.mx\/trabaja-salud-sonora-en-ampliar-numero-de-zonas-frescas\/","title":{"rendered":"Trabaja Salud Sonora en ampliar n\u00famero de \u201cZonas Frescas\u201d"},"content":{"rendered":"<p align=\"left\">Hermosillo, Sonora; 17 de julio de 2024.- Con el objetivo de mitigar los efectos del calor en personas vulnerables, la Secretar\u00eda de Salud (SSA) ha entregado aguas y sueros vida oral, adem\u00e1s de ampliar las \u201cZonas Frescas\u201d en el estado.<\/p>\n<p align=\"left\">Durante esta temporada de verano se han realizado diversas acciones para prevenir golpes de calor, deshidrataciones y efectos asociados a las altas temperaturas, como la entrega de vida suero oral, en donde, adem\u00e1s, se les explica c\u00f3mo prepararlo y beberlo de manera adecuada.<\/p>\n<p align=\"left\">los trabajos preventivos se enfocan en las personas en situaci\u00f3n de calle, migrantes, trabajadores que se encuentran a la intemperie, trabajadores de la construcci\u00f3n y adultos mayores, entre otros.<\/p>\n<p align=\"left\">Tambi\u00e9n se visitan los comercios para que se sumen a la estrategia \u201cZona Fresca\u201d, que son lugares en donde personas que est\u00e1n sufriendo alg\u00fan efecto negativo al calor, se puedan refugiar y recibir auxilio.<\/p>\n<p align=\"left\">Cuando se recibe a una persona en estas condiciones el personal de comercio se comunica a la l\u00ednea de emergencia 9-1-1 y recibe las indicaciones de qu\u00e9 hacer ante la situaci\u00f3n.<\/p>\n<p align=\"left\">Cabe destacar que a la fecha se han distribuido un total de mil 140 sueros vida oral y mil 572 botellas de agua, aunado a la promoci\u00f3n de la salud que se emite mediante una charla, donde se les informa a las personas cu\u00e1les son los principales s\u00edntomas de golpe de calor y deshidrataci\u00f3n.<\/p>\n<p align=\"left\">La Secretar\u00eda de Salud, se mantiene en coordinaci\u00f3n constante con autoridades municipales y protecci\u00f3n civil con acciones y reuniones de trabajo para abordar de manera estrat\u00e9gica y prevenir el golpe de calor en la poblaci\u00f3n sonorense.<\/p>\n","protected":false},"excerpt":{"rendered":"<p>Hermosillo, Sonora; 17 de julio de 2024.- Con el objetivo de mitigar los efectos del&#8230;<\/p>\n","protected":false},"author":1,"featured_media":194777,"comment_status":"open","ping_status":"open","sticky":false,"template":"","format":"standard","meta":{"_monsterinsights_skip_tracking":false,"_monsterinsights_sitenote_active":false,"_monsterinsights_sitenote_note":"","_monsterinsights_sitenote_category":0,"footnotes":""},"categories":[22],"tags":[3209,9999,15,9998],"class_list":["post"],"yoast_head":" \n<title>Sonora en Equipo. Trabaja Salud Sonora en ampliar n\u00famero de \u201cZonas Frescas\u201d Sonora<\/title>\n<meta name=\"description\" content=\"Hermosillo, Sonora; 17 de julio de 2024.- Con el objetivo de mitigar los efectos del calor en personas vulnerables, la Secretar\u00eda de Salud (SSA) ha En Sonora en Equipo publicamos toda la informaci\u00f3n de Sonora, M\u00e9xico y el Mundo de manera oportuna y busca que la libertad de expresi\u00f3n sea real. Visita nuestro medio informativo publicado desde Hermosillo, Sonora. %\" \/>\n<meta name=\"robots\" content=\"index, follow, max-snippet:-1, max-image-preview:large, max-video-preview:-1\" \/>\n<link rel=\"canonical\" href=\"https:\/\/www.sonoraenequipo.com.mx\/trabaja-salud-sonora-en-ampliar-numero-de-zonas-frescas\/\" \/>\n<meta property=\"og:locale\" content=\"es_ES\" \/>\n<meta property=\"og:type\" content=\"article\" \/>\n<meta property=\"og:title\" content=\"Sonora en Equipo. Trabaja Salud Sonora en ampliar n\u00famero de \u201cZonas Frescas\u201d Sonora\" \/>\n<meta property=\"og:description\" content=\"Hermosillo, Sonora; 17 de julio de 2024.- Con el objetivo de mitigar los efectos del calor en personas vulnerables, la Secretar\u00eda de Salud (SSA) ha En Sonora en Equipo publicamos toda la informaci\u00f3n de Sonora, M\u00e9xico y el Mundo de manera oportuna y busca que la libertad de expresi\u00f3n sea real. Visita nuestro medio informativo publicado desde Hermosillo, Sonora. %\" \/>\n<meta property=\"og:url\" content=\"https:\/\/www.sonoraenequipo.com.mx\/trabaja-salud-sonora-en-ampliar-numero-de-zonas-frescas\/\" \/>\n<meta property=\"og:site_name\" content=\"Sonora en Equipo.\" \/>\n<meta property=\"article:publisher\" content=\"https:\/\/www.facebook.com\/SonoraEE\/\" \/>\n<meta property=\"article:author\" content=\"https:\/\/www.facebook.com\/SonoraEE\" \/>\n<meta property=\"article:published_time\" content=\"2024-07-17T22:37:11+00:00\" \/>\n<meta property=\"og:image\" content=\"https:\/\/www.sonoraenequipo.com.mx\/storage\/2024\/07\/zona-fresca.jpg\" \/>\n\t<meta property=\"og:image:width\" content=\"600\" \/>\n\t<meta property=\"og:image:height\" content=\"401\" \/>\n\t<meta property=\"og:image:type\" content=\"image\/jpeg\" \/>\n<meta name=\"author\" content=\"enequipo\" \/>\n<meta name=\"twitter:card\" content=\"summary_large_image\" \/>\n<meta name=\"twitter:creator\" content=\"@sonoraenequipo\" \/>\n<meta name=\"twitter:site\" content=\"@sonoraenequipo\" \/>\n<meta name=\"twitter:label1\" content=\"Escrito por\" \/>\n\t<meta name=\"twitter:data1\" content=\"enequipo\" \/>\n\t<meta name=\"twitter:label2\" content=\"Tiempo de lectura\" \/>\n\t<meta name=\"twitter:data2\" content=\"1 minuto\" \/>\n<script type=\"application\/ld+json\" class=\"yoast-schema-graph\">{\"@context\":\"https:\/\/schema.org\",\"@graph\":[{\"@type\":\"Article\",\"@id\":\"https:\/\/www.sonoraenequipo.com.mx\/trabaja-salud-sonora-en-ampliar-numero-de-zonas-frescas\/#article\",\"isPartOf\":{\"@id\":\"https:\/\/www.sonoraenequipo.com.mx\/trabaja-salud-sonora-en-ampliar-numero-de-zonas-frescas\/\"},\"author\":{\"name\":\"enequipo\",\"@id\":\"https:\/\/www.sonoraenequipo.com.mx\/#\/schema\/person\/50102df0fb23a8fa9e8effad8fa81386\"},\"headline\":\"Trabaja Salud Sonora en ampliar n\u00famero de \u201cZonas Frescas\u201d\",\"datePublished\":\"2024-07-17T22:37:11+00:00\",\"mainEntityOfPage\":{\"@id\":\"https:\/\/www.sonoraenequipo.com.mx\/trabaja-salud-sonora-en-ampliar-numero-de-zonas-frescas\/\"},\"wordCount\":295,\"commentCount\":0,\"publisher\":{\"@id\":\"https:\/\/www.sonoraenequipo.com.mx\/#organization\"},\"image\":{\"@id\":\"https:\/\/www.sonoraenequipo.com.mx\/trabaja-salud-sonora-en-ampliar-numero-de-zonas-frescas\/#primaryimage\"},\"thumbnailUrl\":\"https:\/\/www.sonoraenequipo.com.mx\/storage\/2024\/07\/zona-fresca.jpg\",\"keywords\":[\"calor\",\"FRESCAS\",\"Sonora\",\"ZONAS\"],\"articleSection\":[\"Sonora\"],\"inLanguage\":\"es\",\"potentialAction\":[{\"@type\":\"CommentAction\",\"name\":\"Comment\",\"target\":[\"https:\/\/www.sonoraenequipo.com.mx\/trabaja-salud-sonora-en-ampliar-numero-de-zonas-frescas\/#respond\"]}]},{\"@type\":\"WebPage\",\"@id\":\"https:\/\/www.sonoraenequipo.com.mx\/trabaja-salud-sonora-en-ampliar-numero-de-zonas-frescas\/\",\"url\":\"https:\/\/www.sonoraenequipo.com.mx\/trabaja-salud-sonora-en-ampliar-numero-de-zonas-frescas\/\",\"name\":\"Sonora en Equipo. Trabaja Salud Sonora en ampliar n\u00famero de \u201cZonas Frescas\u201d Sonora\",\"isPartOf\":{\"@id\":\"https:\/\/www.sonoraenequipo.com.mx\/#website\"},\"primaryImageOfPage\":{\"@id\":\"https:\/\/www.sonoraenequipo.com.mx\/trabaja-salud-sonora-en-ampliar-numero-de-zonas-frescas\/#primaryimage\"},\"image\":{\"@id\":\"https:\/\/www.sonoraenequipo.com.mx\/trabaja-salud-sonora-en-ampliar-numero-de-zonas-frescas\/#primaryimage\"},\"thumbnailUrl\":\"https:\/\/www.sonoraenequipo.com.mx\/storage\/2024\/07\/zona-fresca.jpg\",\"datePublished\":\"2024-07-17T22:37:11+00:00\",\"description\":\"Hermosillo, Sonora; 17 de julio de 2024.- Con el objetivo de mitigar los efectos del calor en personas vulnerables, la Secretar\u00eda de Salud (SSA) ha En Sonora en Equipo publicamos toda la informaci\u00f3n de Sonora, M\u00e9xico y el Mundo de manera oportuna y busca que la libertad de expresi\u00f3n sea real. Visita nuestro medio informativo publicado desde Hermosillo, Sonora. %\",\"breadcrumb\":{\"@id\":\"https:\/\/www.sonoraenequipo.com.mx\/trabaja-salud-sonora-en-ampliar-numero-de-zonas-frescas\/#breadcrumb\"},\"inLanguage\":\"es\",\"potentialAction\":[{\"@type\":\"ReadAction\",\"target\":[\"https:\/\/www.sonoraenequipo.com.mx\/trabaja-salud-sonora-en-ampliar-numero-de-zonas-frescas\/\"]}]},{\"@type\":\"ImageObject\",\"inLanguage\":\"es\",\"@id\":\"https:\/\/www.sonoraenequipo.com.mx\/trabaja-salud-sonora-en-ampliar-numero-de-zonas-frescas\/#primaryimage\",\"url\":\"https:\/\/www.sonoraenequipo.com.mx\/storage\/2024\/07\/zona-fresca.jpg\",\"contentUrl\":\"https:\/\/www.sonoraenequipo.com.mx\/storage\/2024\/07\/zona-fresca.jpg\",\"width\":600,\"height\":401},{\"@type\":\"BreadcrumbList\",\"@id\":\"https:\/\/www.sonoraenequipo.com.mx\/trabaja-salud-sonora-en-ampliar-numero-de-zonas-frescas\/#breadcrumb\",\"itemListElement\":[{\"@type\":\"ListItem\",\"position\":1,\"name\":\"Portada\",\"item\":\"https:\/\/www.sonoraenequipo.com.mx\/\"},{\"@type\":\"ListItem\",\"position\":2,\"name\":\"Trabaja Salud Sonora en ampliar n\u00famero de \u201cZonas Frescas\u201d\"}]},{\"@type\":\"WebSite\",\"@id\":\"https:\/\/www.sonoraenequipo.com.mx\/#website\",\"url\":\"https:\/\/www.sonoraenequipo.com.mx\/\",\"name\":\"Sonora en Equipo.\",\"description\":\"Diario en l\u00ednea con Noticias desde Hermosillo, Sonora\",\"publisher\":{\"@id\":\"https:\/\/www.sonoraenequipo.com.mx\/#organization\"},\"potentialAction\":[{\"@type\":\"SearchAction\",\"target\":{\"@type\":\"EntryPoint\",\"urlTemplate\":\"https:\/\/www.sonoraenequipo.com.mx\/?s={search_term_string}\"},\"query-input\":{\"@type\":\"PropertyValueSpecification\",\"valueRequired\":true,\"valueName\":\"search_term_string\"}}],\"inLanguage\":\"es\"},{\"@type\":\"Organization\",\"@id\":\"https:\/\/www.sonoraenequipo.com.mx\/#organization\",\"name\":\"Sonoraenequipo.com.mx\",\"url\":\"https:\/\/www.sonoraenequipo.com.mx\/\",\"logo\":{\"@type\":\"ImageObject\",\"inLanguage\":\"es\",\"@id\":\"https:\/\/www.sonoraenequipo.com.mx\/#\/schema\/logo\/image\/\",\"url\":\"https:\/\/www.sonoraenequipo.com.mx\/storage\/2019\/01\/sonoraenequipo_opt.png\",\"contentUrl\":\"https:\/\/www.sonoraenequipo.com.mx\/storage\/2019\/01\/sonoraenequipo_opt.png\",\"width\":375,\"height\":125,\"caption\":\"Sonoraenequipo.com.mx\"},\"image\":{\"@id\":\"https:\/\/www.sonoraenequipo.com.mx\/#\/schema\/logo\/image\/\"},\"sameAs\":[\"https:\/\/www.facebook.com\/SonoraEE\/\",\"https:\/\/x.com\/sonoraenequipo\",\"https:\/\/www.youtube.com\/channel\/UC338nW-lPEYmJQs4ZABQ1SQ\"]},{\"@type\":\"Person\",\"@id\":\"https:\/\/www.sonoraenequipo.com.mx\/#\/schema\/person\/50102df0fb23a8fa9e8effad8fa81386\",\"name\":\"enequipo\",\"image\":{\"@type\":\"ImageObject\",\"inLanguage\":\"es\",\"@id\":\"https:\/\/www.sonoraenequipo.com.mx\/#\/schema\/person\/image\/\",\"url\":\"https:\/\/secure.gravatar.com\/avatar\/049821681b589dabc0bc20695993ccebb09f5b5d4d790cd9251b97faac7c652b?s=96&d=blank&r=g\",\"contentUrl\":\"https:\/\/secure.gravatar.com\/avatar\/049821681b589dabc0bc20695993ccebb09f5b5d4d790cd9251b97faac7c652b?s=96&d=blank&r=g\",\"caption\":\"enequipo\"},\"sameAs\":[\"https:\/\/www.facebook.com\/SonoraEE\"]}]}<\/script>\n ","yoast_head_json":{"title":"Sonora en Equipo. Trabaja Salud Sonora en ampliar n\u00famero de \u201cZonas Frescas\u201d Sonora","description":"Hermosillo, Sonora; 17 de julio de 2024.- Con el objetivo de mitigar los efectos del calor en personas vulnerables, la Secretar\u00eda de Salud (SSA) ha En Sonora en Equipo publicamos toda la informaci\u00f3n de Sonora, M\u00e9xico y el Mundo de manera oportuna y busca que la libertad de expresi\u00f3n sea real. Visita nuestro medio informativo publicado desde Hermosillo, Sonora. %","robots":{"index":"index","follow":"follow","max-snippet":"max-snippet:-1","max-image-preview":"max-image-preview:large","max-video-preview":"max-video-preview:-1"},"canonical":"https:\/\/www.sonoraenequipo.com.mx\/trabaja-salud-sonora-en-ampliar-numero-de-zonas-frescas\/","og_locale":"es_ES","og_type":"article","og_title":"Sonora en Equipo. Trabaja Salud Sonora en ampliar n\u00famero de \u201cZonas Frescas\u201d Sonora","og_description":"Hermosillo, Sonora; 17 de julio de 2024.- Con el objetivo de mitigar los efectos del calor en personas vulnerables, la Secretar\u00eda de Salud (SSA) ha En Sonora en Equipo publicamos toda la informaci\u00f3n de Sonora, M\u00e9xico y el Mundo de manera oportuna y busca que la libertad de expresi\u00f3n sea real. Visita nuestro medio informativo publicado desde Hermosillo, Sonora. %","og_url":"https:\/\/www.sonoraenequipo.com.mx\/trabaja-salud-sonora-en-ampliar-numero-de-zonas-frescas\/","og_site_name":"Sonora en Equipo.","article_publisher":"https:\/\/www.facebook.com\/SonoraEE\/","article_author":"https:\/\/www.facebook.com\/SonoraEE","article_published_time":"2024-07-17T22:37:11+00:00","og_image":[{"width":600,"height":401,"url":"https:\/\/www.sonoraenequipo.com.mx\/storage\/2024\/07\/zona-fresca.jpg","type":"image\/jpeg"}],"author":"enequipo","twitter_card":"summary_large_image","twitter_creator":"@sonoraenequipo","twitter_site":"@sonoraenequipo","twitter_misc":{"Escrito por":"enequipo","Tiempo de lectura":"1 minuto"},"schema":{"@context":"https:\/\/schema.org","@graph":[{"@type":"Article","@id":"https:\/\/www.sonoraenequipo.com.mx\/trabaja-salud-sonora-en-ampliar-numero-de-zonas-frescas\/#article","isPartOf":{"@id":"https:\/\/www.sonoraenequipo.com.mx\/trabaja-salud-sonora-en-ampliar-numero-de-zonas-frescas\/"},"author":{"name":"enequipo","@id":"https:\/\/www.sonoraenequipo.com.mx\/#\/schema\/person\/50102df0fb23a8fa9e8effad8fa81386"},"headline":"Trabaja Salud Sonora en ampliar n\u00famero de \u201cZonas Frescas\u201d","datePublished":"2024-07-17T22:37:11+00:00","mainEntityOfPage":{"@id":"https:\/\/www.sonoraenequipo.com.mx\/trabaja-salud-sonora-en-ampliar-numero-de-zonas-frescas\/"},"wordCount":295,"commentCount":0,"publisher":{"@id":"https:\/\/www.sonoraenequipo.com.mx\/#organization"},"image":{"@id":"https:\/\/www.sonoraenequipo.com.mx\/trabaja-salud-sonora-en-ampliar-numero-de-zonas-frescas\/#primaryimage"},"thumbnailUrl":"https:\/\/www.sonoraenequipo.com.mx\/storage\/2024\/07\/zona-fresca.jpg","keywords":["calor","FRESCAS","Sonora","ZONAS"],"articleSection":["Sonora"],"inLanguage":"es","potentialAction":[{"@type":"CommentAction","name":"Comment","target":["https:\/\/www.sonoraenequipo.com.mx\/trabaja-salud-sonora-en-ampliar-numero-de-zonas-frescas\/#respond"]}]},{"@type":"WebPage","@id":"https:\/\/www.sonoraenequipo.com.mx\/trabaja-salud-sonora-en-ampliar-numero-de-zonas-frescas\/","url":"https:\/\/www.sonoraenequipo.com.mx\/trabaja-salud-sonora-en-ampliar-numero-de-zonas-frescas\/","name":"Sonora en Equipo. Trabaja Salud Sonora en ampliar n\u00famero de \u201cZonas Frescas\u201d Sonora","isPartOf":{"@id":"https:\/\/www.sonoraenequipo.com.mx\/#website"},"primaryImageOfPage":{"@id":"https:\/\/www.sonoraenequipo.com.mx\/trabaja-salud-sonora-en-ampliar-numero-de-zonas-frescas\/#primaryimage"},"image":{"@id":"https:\/\/www.sonoraenequipo.com.mx\/trabaja-salud-sonora-en-ampliar-numero-de-zonas-frescas\/#primaryimage"},"thumbnailUrl":"https:\/\/www.sonoraenequipo.com.mx\/storage\/2024\/07\/zona-fresca.jpg","datePublished":"2024-07-17T22:37:11+00:00","description":"Hermosillo, Sonora; 17 de julio de 2024.- Con el objetivo de mitigar los efectos del calor en personas vulnerables, la Secretar\u00eda de Salud (SSA) ha En Sonora en Equipo publicamos toda la informaci\u00f3n de Sonora, M\u00e9xico y el Mundo de manera oportuna y busca que la libertad de expresi\u00f3n sea real. Visita nuestro medio informativo publicado desde Hermosillo, Sonora. %","breadcrumb":{"@id":"https:\/\/www.sonoraenequipo.com.mx\/trabaja-salud-sonora-en-ampliar-numero-de-zonas-frescas\/#breadcrumb"},"inLanguage":"es","potentialAction":[{"@type":"ReadAction","target":["https:\/\/www.sonoraenequipo.com.mx\/trabaja-salud-sonora-en-ampliar-numero-de-zonas-frescas\/"]}]},{"@type":"ImageObject","inLanguage":"es","@id":"https:\/\/www.sonoraenequipo.com.mx\/trabaja-salud-sonora-en-ampliar-numero-de-zonas-frescas\/#primaryimage","url":"https:\/\/www.sonoraenequipo.com.mx\/storage\/2024\/07\/zona-fresca.jpg","contentUrl":"https:\/\/www.sonoraenequipo.com.mx\/storage\/2024\/07\/zona-fresca.jpg","width":600,"height":401},{"@type":"BreadcrumbList","@id":"https:\/\/www.sonoraenequipo.com.mx\/trabaja-salud-sonora-en-ampliar-numero-de-zonas-frescas\/#breadcrumb","itemListElement":[{"@type":"ListItem","position":1,"name":"Portada","item":"https:\/\/www.sonoraenequipo.com.mx\/"},{"@type":"ListItem","position":2,"name":"Trabaja Salud Sonora en ampliar n\u00famero de \u201cZonas Frescas\u201d"}]},{"@type":"WebSite","@id":"https:\/\/www.sonoraenequipo.com.mx\/#website","url":"https:\/\/www.sonoraenequipo.com.mx\/","name":"Sonora en Equipo.","description":"Diario en l\u00ednea con Noticias desde Hermosillo, Sonora","publisher":{"@id":"https:\/\/www.sonoraenequipo.com.mx\/#organization"},"potentialAction":[{"@type":"SearchAction","target":{"@type":"EntryPoint","urlTemplate":"https:\/\/www.sonoraenequipo.com.mx\/?s={search_term_string}"},"query-input":{"@type":"PropertyValueSpecification","valueRequired":true,"valueName":"search_term_string"}}],"inLanguage":"es"},{"@type":"Organization","@id":"https:\/\/www.sonoraenequipo.com.mx\/#organization","name":"Sonoraenequipo.com.mx","url":"https:\/\/www.sonoraenequipo.com.mx\/","logo":{"@type":"ImageObject","inLanguage":"es","@id":"https:\/\/www.sonoraenequipo.com.mx\/#\/schema\/logo\/image\/","url":"https:\/\/www.sonoraenequipo.com.mx\/storage\/2019\/01\/sonoraenequipo_opt.png","contentUrl":"https:\/\/www.sonoraenequipo.com.mx\/storage\/2019\/01\/sonoraenequipo_opt.png","width":375,"height":125,"caption":"Sonoraenequipo.com.mx"},"image":{"@id":"https:\/\/www.sonoraenequipo.com.mx\/#\/schema\/logo\/image\/"},"sameAs":["https:\/\/www.facebook.com\/SonoraEE\/","https:\/\/x.com\/sonoraenequipo","https:\/\/www.youtube.com\/channel\/UC338nW-lPEYmJQs4ZABQ1SQ"]},{"@type":"Person","@id":"https:\/\/www.sonoraenequipo.com.mx\/#\/schema\/person\/50102df0fb23a8fa9e8effad8fa81386","name":"enequipo","image":{"@type":"ImageObject","inLanguage":"es","@id":"https:\/\/www.sonoraenequipo.com.mx\/#\/schema\/person\/image\/","url":"https:\/\/secure.gravatar.com\/avatar\/049821681b589dabc0bc20695993ccebb09f5b5d4d790cd9251b97faac7c652b?s=96&d=blank&r=g","contentUrl":"https:\/\/secure.gravatar.com\/avatar\/049821681b589dabc0bc20695993ccebb09f5b5d4d790cd9251b97faac7c652b?s=96&d=blank&r=g","caption":"enequipo"},"sameAs":["https:\/\/www.facebook.com\/SonoraEE"]}]}},"jetpack_featured_media_url":"https:\/\/www.sonoraenequipo.com.mx\/storage\/2024\/07\/zona-fresca.jpg","_links":{"self":[{"href":"https:\/\/www.sonoraenequipo.com.mx\/api\/wp\/v2\/posts\/194773","targetHints":{"allow":["GET"]}}],"collection":[{"href":"https:\/\/www.sonoraenequipo.com.mx\/api\/wp\/v2\/posts"}],"about":[{"href":"https:\/\/www.sonoraenequipo.com.mx\/api\/wp\/v2\/types\/post"}],"author":[{"embeddable":true,"href":"https:\/\/www.sonoraenequipo.com.mx\/api\/wp\/v2\/users\/1"}],"replies":[{"embeddable":true,"href":"https:\/\/www.sonoraenequipo.com.mx\/api\/wp\/v2\/comments?post=194773"}],"version-history":[{"count":1,"href":"https:\/\/www.sonoraenequipo.com.mx\/api\/wp\/v2\/posts\/194773\/revisions"}],"predecessor-version":[{"id":194788,"href":"https:\/\/www.sonoraenequipo.com.mx\/api\/wp\/v2\/posts\/194773\/revisions\/194788"}],"wp:featuredmedia":[{"embeddable":true,"href":"https:\/\/www.sonoraenequipo.com.mx\/api\/wp\/v2\/media\/194777"}],"wp:attachment":[{"href":"https:\/\/www.sonoraenequipo.com.mx\/api\/wp\/v2\/media?parent=194773"}],"wp:term":[{"taxonomy":"category","embeddable":true,"href":"https:\/\/www.sonoraenequipo.com.mx\/api\/wp\/v2\/categories?post=194773"},{"taxonomy":"post_tag","embeddable":true,"href":"https:\/\/www.sonoraenequipo.com.mx\/api\/wp\/v2\/tags?post=194773"}],"curies":[{"name":"wp","href":"https:\/\/api.w.org\/{rel}","templated":true}]}}