{"id":194786,"date":"2024-07-17T09:07:34","date_gmt":"2024-07-17T16:07:34","guid":{"rendered":"https:\/\/www.sonoraenequipo.com.mx\/?p=194786"},"modified":"2024-07-17T15:29:34","modified_gmt":"2024-07-17T22:29:34","slug":"nace-estrella-noronil-de-fernandez-norona-y-busca-compartir-sus-sugerencias-gastronomicas","status":"publish","type":"post","link":"https:\/\/www.sonoraenequipo.com.mx\/nace-estrella-noronil-de-fernandez-norona-y-busca-compartir-sus-sugerencias-gastronomicas\/","title":{"rendered":"Nace \u00abEstrella Noro\u00f1il\u00bb de Fern\u00e1ndez Noro\u00f1a y busca compartir sus sugerencias gastron\u00f3micas"},"content":{"rendered":"<p><strong>CIUDAD DE M\u00c9XICO. MX. \u2014 <\/strong>\u00a0El diputado del PT y pr\u00f3ximo senador de la Rep\u00fablica, Gerardo Fern\u00e1ndez Noro\u00f1a anunci\u00f3 que incursionar\u00e1 en el mundo de la gastronom\u00eda, compartiendo sus recomendaciones de los mejores lugares para disfrutar de una buena comida.<\/p>\n<p>&nbsp;<\/p>\n<p> <\/p>\n<p>Al m\u00e1s puro estilo de los influencers y creadores de contenido sobre comida, Fern\u00e1ndez Noro\u00f1a present\u00f3 ante sus seguidores la \u201cEstrella Noro\u00f1il\u201d, su propio distintivo para se\u00f1alar los lugares que considera imperdibles en cuanto a gastronom\u00eda se trata. Con una caricatura que representa al diputado del PT sosteniendo una estrella con la letra \u00abN\u00bb, por su segundo apellido, la imagen no tard\u00f3 en hacerse viral en las redes sociales.<\/p>\n<p>&nbsp;<\/p>\n<p>&nbsp;<\/p>\n<p><em><strong>\u00abYa est\u00e1 el reconocimiento a lugares donde me gusta comer\u00bb,<\/strong> <\/em>afirm\u00f3 Fern\u00e1ndez Noro\u00f1a en sus redes sociales. Sin embargo, no todos recibieron la noticia con la misma aceptaci\u00f3n, ya que algunos cuestionaron al pol\u00edtico sobre la necesidad y el prop\u00f3sito de este nuevo logotipo para compartir sus recomendaciones culinarias.<\/p>\n<p>&nbsp;<\/p>\n<p>&nbsp;<\/p>\n<p>PUBLICADO EL 17 DE JULIO DE 2024 Con informaci\u00f3n de Excelsior y otros medios)<\/p>\n","protected":false},"excerpt":{"rendered":"<p>CIUDAD DE M\u00c9XICO. MX. \u2014 \u00a0El diputado del PT y pr\u00f3ximo senador de la Rep\u00fablica,&#8230;<\/p>\n","protected":false},"author":1,"featured_media":194745,"comment_status":"open","ping_status":"open","sticky":false,"template":"","format":"standard","meta":{"_monsterinsights_skip_tracking":false,"_monsterinsights_sitenote_active":false,"_monsterinsights_sitenote_note":"","_monsterinsights_sitenote_category":0,"footnotes":""},"categories":[5],"tags":[],"class_list":["post"],"yoast_head":" \n<title>Sonora en Equipo. Nace &quot;Estrella Noro\u00f1il&quot; de Fern\u00e1ndez Noro\u00f1a y busca compartir sus sugerencias gastron\u00f3micas Rep\u00fablica<\/title>\n<meta name=\"description\" content=\"CIUDAD DE M\u00c9XICO. MX. \u2014 \u00a0El diputado del PT y pr\u00f3ximo senador de la Rep\u00fablica, Gerardo Fern\u00e1ndez Noro\u00f1a anunci\u00f3 que incursionar\u00e1 en el mundo de la En Sonora en Equipo publicamos toda la informaci\u00f3n de Sonora, M\u00e9xico y el Mundo de manera oportuna y busca que la libertad de expresi\u00f3n sea real. Visita nuestro medio informativo publicado desde Hermosillo, Sonora. %\" \/>\n<meta name=\"robots\" content=\"index, follow, max-snippet:-1, max-image-preview:large, max-video-preview:-1\" \/>\n<link rel=\"canonical\" href=\"https:\/\/www.sonoraenequipo.com.mx\/nace-estrella-noronil-de-fernandez-norona-y-busca-compartir-sus-sugerencias-gastronomicas\/\" \/>\n<meta property=\"og:locale\" content=\"es_ES\" \/>\n<meta property=\"og:type\" content=\"article\" \/>\n<meta property=\"og:title\" content=\"Sonora en Equipo. Nace &quot;Estrella Noro\u00f1il&quot; de Fern\u00e1ndez Noro\u00f1a y busca compartir sus sugerencias gastron\u00f3micas Rep\u00fablica\" \/>\n<meta property=\"og:description\" content=\"CIUDAD DE M\u00c9XICO. MX. \u2014 \u00a0El diputado del PT y pr\u00f3ximo senador de la Rep\u00fablica, Gerardo Fern\u00e1ndez Noro\u00f1a anunci\u00f3 que incursionar\u00e1 en el mundo de la En Sonora en Equipo publicamos toda la informaci\u00f3n de Sonora, M\u00e9xico y el Mundo de manera oportuna y busca que la libertad de expresi\u00f3n sea real. Visita nuestro medio informativo publicado desde Hermosillo, Sonora. %\" \/>\n<meta property=\"og:url\" content=\"https:\/\/www.sonoraenequipo.com.mx\/nace-estrella-noronil-de-fernandez-norona-y-busca-compartir-sus-sugerencias-gastronomicas\/\" \/>\n<meta property=\"og:site_name\" content=\"Sonora en Equipo.\" \/>\n<meta property=\"article:publisher\" content=\"https:\/\/www.facebook.com\/SonoraEE\/\" \/>\n<meta property=\"article:author\" content=\"https:\/\/www.facebook.com\/SonoraEE\" \/>\n<meta property=\"article:published_time\" content=\"2024-07-17T16:07:34+00:00\" \/>\n<meta property=\"article:modified_time\" content=\"2024-07-17T22:29:34+00:00\" \/>\n<meta property=\"og:image\" content=\"https:\/\/www.sonoraenequipo.com.mx\/storage\/2024\/07\/fernandez-norona-min.jpg\" \/>\n\t<meta property=\"og:image:width\" content=\"1024\" \/>\n\t<meta property=\"og:image:height\" content=\"643\" \/>\n\t<meta property=\"og:image:type\" content=\"image\/jpeg\" \/>\n<meta name=\"author\" content=\"enequipo\" \/>\n<meta name=\"twitter:card\" content=\"summary_large_image\" \/>\n<meta name=\"twitter:creator\" content=\"@sonoraenequipo\" \/>\n<meta name=\"twitter:site\" content=\"@sonoraenequipo\" \/>\n<meta name=\"twitter:label1\" content=\"Escrito por\" \/>\n\t<meta name=\"twitter:data1\" content=\"enequipo\" \/>\n\t<meta name=\"twitter:label2\" content=\"Tiempo de lectura\" \/>\n\t<meta name=\"twitter:data2\" content=\"1 minuto\" \/>\n<script type=\"application\/ld+json\" class=\"yoast-schema-graph\">{\"@context\":\"https:\/\/schema.org\",\"@graph\":[{\"@type\":\"Article\",\"@id\":\"https:\/\/www.sonoraenequipo.com.mx\/nace-estrella-noronil-de-fernandez-norona-y-busca-compartir-sus-sugerencias-gastronomicas\/#article\",\"isPartOf\":{\"@id\":\"https:\/\/www.sonoraenequipo.com.mx\/nace-estrella-noronil-de-fernandez-norona-y-busca-compartir-sus-sugerencias-gastronomicas\/\"},\"author\":{\"name\":\"enequipo\",\"@id\":\"https:\/\/www.sonoraenequipo.com.mx\/#\/schema\/person\/50102df0fb23a8fa9e8effad8fa81386\"},\"headline\":\"Nace \u00abEstrella Noro\u00f1il\u00bb de Fern\u00e1ndez Noro\u00f1a y busca compartir sus sugerencias gastron\u00f3micas\",\"datePublished\":\"2024-07-17T16:07:34+00:00\",\"dateModified\":\"2024-07-17T22:29:34+00:00\",\"mainEntityOfPage\":{\"@id\":\"https:\/\/www.sonoraenequipo.com.mx\/nace-estrella-noronil-de-fernandez-norona-y-busca-compartir-sus-sugerencias-gastronomicas\/\"},\"wordCount\":208,\"commentCount\":0,\"publisher\":{\"@id\":\"https:\/\/www.sonoraenequipo.com.mx\/#organization\"},\"image\":{\"@id\":\"https:\/\/www.sonoraenequipo.com.mx\/nace-estrella-noronil-de-fernandez-norona-y-busca-compartir-sus-sugerencias-gastronomicas\/#primaryimage\"},\"thumbnailUrl\":\"https:\/\/www.sonoraenequipo.com.mx\/storage\/2024\/07\/fernandez-norona-min.jpg\",\"articleSection\":[\"Rep\u00fablica\"],\"inLanguage\":\"es\",\"potentialAction\":[{\"@type\":\"CommentAction\",\"name\":\"Comment\",\"target\":[\"https:\/\/www.sonoraenequipo.com.mx\/nace-estrella-noronil-de-fernandez-norona-y-busca-compartir-sus-sugerencias-gastronomicas\/#respond\"]}]},{\"@type\":\"WebPage\",\"@id\":\"https:\/\/www.sonoraenequipo.com.mx\/nace-estrella-noronil-de-fernandez-norona-y-busca-compartir-sus-sugerencias-gastronomicas\/\",\"url\":\"https:\/\/www.sonoraenequipo.com.mx\/nace-estrella-noronil-de-fernandez-norona-y-busca-compartir-sus-sugerencias-gastronomicas\/\",\"name\":\"Sonora en Equipo. Nace \\\"Estrella Noro\u00f1il\\\" de Fern\u00e1ndez Noro\u00f1a y busca compartir sus sugerencias gastron\u00f3micas Rep\u00fablica\",\"isPartOf\":{\"@id\":\"https:\/\/www.sonoraenequipo.com.mx\/#website\"},\"primaryImageOfPage\":{\"@id\":\"https:\/\/www.sonoraenequipo.com.mx\/nace-estrella-noronil-de-fernandez-norona-y-busca-compartir-sus-sugerencias-gastronomicas\/#primaryimage\"},\"image\":{\"@id\":\"https:\/\/www.sonoraenequipo.com.mx\/nace-estrella-noronil-de-fernandez-norona-y-busca-compartir-sus-sugerencias-gastronomicas\/#primaryimage\"},\"thumbnailUrl\":\"https:\/\/www.sonoraenequipo.com.mx\/storage\/2024\/07\/fernandez-norona-min.jpg\",\"datePublished\":\"2024-07-17T16:07:34+00:00\",\"dateModified\":\"2024-07-17T22:29:34+00:00\",\"description\":\"CIUDAD DE M\u00c9XICO. MX. \u2014 \u00a0El diputado del PT y pr\u00f3ximo senador de la Rep\u00fablica, Gerardo Fern\u00e1ndez Noro\u00f1a anunci\u00f3 que incursionar\u00e1 en el mundo de la En Sonora en Equipo publicamos toda la informaci\u00f3n de Sonora, M\u00e9xico y el Mundo de manera oportuna y busca que la libertad de expresi\u00f3n sea real. Visita nuestro medio informativo publicado desde Hermosillo, Sonora. %\",\"breadcrumb\":{\"@id\":\"https:\/\/www.sonoraenequipo.com.mx\/nace-estrella-noronil-de-fernandez-norona-y-busca-compartir-sus-sugerencias-gastronomicas\/#breadcrumb\"},\"inLanguage\":\"es\",\"potentialAction\":[{\"@type\":\"ReadAction\",\"target\":[\"https:\/\/www.sonoraenequipo.com.mx\/nace-estrella-noronil-de-fernandez-norona-y-busca-compartir-sus-sugerencias-gastronomicas\/\"]}]},{\"@type\":\"ImageObject\",\"inLanguage\":\"es\",\"@id\":\"https:\/\/www.sonoraenequipo.com.mx\/nace-estrella-noronil-de-fernandez-norona-y-busca-compartir-sus-sugerencias-gastronomicas\/#primaryimage\",\"url\":\"https:\/\/www.sonoraenequipo.com.mx\/storage\/2024\/07\/fernandez-norona-min.jpg\",\"contentUrl\":\"https:\/\/www.sonoraenequipo.com.mx\/storage\/2024\/07\/fernandez-norona-min.jpg\",\"width\":1024,\"height\":643},{\"@type\":\"BreadcrumbList\",\"@id\":\"https:\/\/www.sonoraenequipo.com.mx\/nace-estrella-noronil-de-fernandez-norona-y-busca-compartir-sus-sugerencias-gastronomicas\/#breadcrumb\",\"itemListElement\":[{\"@type\":\"ListItem\",\"position\":1,\"name\":\"Portada\",\"item\":\"https:\/\/www.sonoraenequipo.com.mx\/\"},{\"@type\":\"ListItem\",\"position\":2,\"name\":\"Nace \u00abEstrella Noro\u00f1il\u00bb de Fern\u00e1ndez Noro\u00f1a y busca compartir sus sugerencias gastron\u00f3micas\"}]},{\"@type\":\"WebSite\",\"@id\":\"https:\/\/www.sonoraenequipo.com.mx\/#website\",\"url\":\"https:\/\/www.sonoraenequipo.com.mx\/\",\"name\":\"Sonora en Equipo.\",\"description\":\"Diario en l\u00ednea con Noticias desde Hermosillo, Sonora\",\"publisher\":{\"@id\":\"https:\/\/www.sonoraenequipo.com.mx\/#organization\"},\"potentialAction\":[{\"@type\":\"SearchAction\",\"target\":{\"@type\":\"EntryPoint\",\"urlTemplate\":\"https:\/\/www.sonoraenequipo.com.mx\/?s={search_term_string}\"},\"query-input\":{\"@type\":\"PropertyValueSpecification\",\"valueRequired\":true,\"valueName\":\"search_term_string\"}}],\"inLanguage\":\"es\"},{\"@type\":\"Organization\",\"@id\":\"https:\/\/www.sonoraenequipo.com.mx\/#organization\",\"name\":\"Sonoraenequipo.com.mx\",\"url\":\"https:\/\/www.sonoraenequipo.com.mx\/\",\"logo\":{\"@type\":\"ImageObject\",\"inLanguage\":\"es\",\"@id\":\"https:\/\/www.sonoraenequipo.com.mx\/#\/schema\/logo\/image\/\",\"url\":\"https:\/\/www.sonoraenequipo.com.mx\/storage\/2019\/01\/sonoraenequipo_opt.png\",\"contentUrl\":\"https:\/\/www.sonoraenequipo.com.mx\/storage\/2019\/01\/sonoraenequipo_opt.png\",\"width\":375,\"height\":125,\"caption\":\"Sonoraenequipo.com.mx\"},\"image\":{\"@id\":\"https:\/\/www.sonoraenequipo.com.mx\/#\/schema\/logo\/image\/\"},\"sameAs\":[\"https:\/\/www.facebook.com\/SonoraEE\/\",\"https:\/\/x.com\/sonoraenequipo\",\"https:\/\/www.youtube.com\/channel\/UC338nW-lPEYmJQs4ZABQ1SQ\"]},{\"@type\":\"Person\",\"@id\":\"https:\/\/www.sonoraenequipo.com.mx\/#\/schema\/person\/50102df0fb23a8fa9e8effad8fa81386\",\"name\":\"enequipo\",\"image\":{\"@type\":\"ImageObject\",\"inLanguage\":\"es\",\"@id\":\"https:\/\/www.sonoraenequipo.com.mx\/#\/schema\/person\/image\/\",\"url\":\"https:\/\/secure.gravatar.com\/avatar\/049821681b589dabc0bc20695993ccebb09f5b5d4d790cd9251b97faac7c652b?s=96&d=blank&r=g\",\"contentUrl\":\"https:\/\/secure.gravatar.com\/avatar\/049821681b589dabc0bc20695993ccebb09f5b5d4d790cd9251b97faac7c652b?s=96&d=blank&r=g\",\"caption\":\"enequipo\"},\"sameAs\":[\"https:\/\/www.facebook.com\/SonoraEE\"]}]}<\/script>\n ","yoast_head_json":{"title":"Sonora en Equipo. Nace \"Estrella Noro\u00f1il\" de Fern\u00e1ndez Noro\u00f1a y busca compartir sus sugerencias gastron\u00f3micas Rep\u00fablica","description":"CIUDAD DE M\u00c9XICO. MX. \u2014 \u00a0El diputado del PT y pr\u00f3ximo senador de la Rep\u00fablica, Gerardo Fern\u00e1ndez Noro\u00f1a anunci\u00f3 que incursionar\u00e1 en el mundo de la En Sonora en Equipo publicamos toda la informaci\u00f3n de Sonora, M\u00e9xico y el Mundo de manera oportuna y busca que la libertad de expresi\u00f3n sea real. Visita nuestro medio informativo publicado desde Hermosillo, Sonora. %","robots":{"index":"index","follow":"follow","max-snippet":"max-snippet:-1","max-image-preview":"max-image-preview:large","max-video-preview":"max-video-preview:-1"},"canonical":"https:\/\/www.sonoraenequipo.com.mx\/nace-estrella-noronil-de-fernandez-norona-y-busca-compartir-sus-sugerencias-gastronomicas\/","og_locale":"es_ES","og_type":"article","og_title":"Sonora en Equipo. Nace \"Estrella Noro\u00f1il\" de Fern\u00e1ndez Noro\u00f1a y busca compartir sus sugerencias gastron\u00f3micas Rep\u00fablica","og_description":"CIUDAD DE M\u00c9XICO. MX. \u2014 \u00a0El diputado del PT y pr\u00f3ximo senador de la Rep\u00fablica, Gerardo Fern\u00e1ndez Noro\u00f1a anunci\u00f3 que incursionar\u00e1 en el mundo de la En Sonora en Equipo publicamos toda la informaci\u00f3n de Sonora, M\u00e9xico y el Mundo de manera oportuna y busca que la libertad de expresi\u00f3n sea real. Visita nuestro medio informativo publicado desde Hermosillo, Sonora. %","og_url":"https:\/\/www.sonoraenequipo.com.mx\/nace-estrella-noronil-de-fernandez-norona-y-busca-compartir-sus-sugerencias-gastronomicas\/","og_site_name":"Sonora en Equipo.","article_publisher":"https:\/\/www.facebook.com\/SonoraEE\/","article_author":"https:\/\/www.facebook.com\/SonoraEE","article_published_time":"2024-07-17T16:07:34+00:00","article_modified_time":"2024-07-17T22:29:34+00:00","og_image":[{"width":1024,"height":643,"url":"https:\/\/www.sonoraenequipo.com.mx\/storage\/2024\/07\/fernandez-norona-min.jpg","type":"image\/jpeg"}],"author":"enequipo","twitter_card":"summary_large_image","twitter_creator":"@sonoraenequipo","twitter_site":"@sonoraenequipo","twitter_misc":{"Escrito por":"enequipo","Tiempo de lectura":"1 minuto"},"schema":{"@context":"https:\/\/schema.org","@graph":[{"@type":"Article","@id":"https:\/\/www.sonoraenequipo.com.mx\/nace-estrella-noronil-de-fernandez-norona-y-busca-compartir-sus-sugerencias-gastronomicas\/#article","isPartOf":{"@id":"https:\/\/www.sonoraenequipo.com.mx\/nace-estrella-noronil-de-fernandez-norona-y-busca-compartir-sus-sugerencias-gastronomicas\/"},"author":{"name":"enequipo","@id":"https:\/\/www.sonoraenequipo.com.mx\/#\/schema\/person\/50102df0fb23a8fa9e8effad8fa81386"},"headline":"Nace \u00abEstrella Noro\u00f1il\u00bb de Fern\u00e1ndez Noro\u00f1a y busca compartir sus sugerencias gastron\u00f3micas","datePublished":"2024-07-17T16:07:34+00:00","dateModified":"2024-07-17T22:29:34+00:00","mainEntityOfPage":{"@id":"https:\/\/www.sonoraenequipo.com.mx\/nace-estrella-noronil-de-fernandez-norona-y-busca-compartir-sus-sugerencias-gastronomicas\/"},"wordCount":208,"commentCount":0,"publisher":{"@id":"https:\/\/www.sonoraenequipo.com.mx\/#organization"},"image":{"@id":"https:\/\/www.sonoraenequipo.com.mx\/nace-estrella-noronil-de-fernandez-norona-y-busca-compartir-sus-sugerencias-gastronomicas\/#primaryimage"},"thumbnailUrl":"https:\/\/www.sonoraenequipo.com.mx\/storage\/2024\/07\/fernandez-norona-min.jpg","articleSection":["Rep\u00fablica"],"inLanguage":"es","potentialAction":[{"@type":"CommentAction","name":"Comment","target":["https:\/\/www.sonoraenequipo.com.mx\/nace-estrella-noronil-de-fernandez-norona-y-busca-compartir-sus-sugerencias-gastronomicas\/#respond"]}]},{"@type":"WebPage","@id":"https:\/\/www.sonoraenequipo.com.mx\/nace-estrella-noronil-de-fernandez-norona-y-busca-compartir-sus-sugerencias-gastronomicas\/","url":"https:\/\/www.sonoraenequipo.com.mx\/nace-estrella-noronil-de-fernandez-norona-y-busca-compartir-sus-sugerencias-gastronomicas\/","name":"Sonora en Equipo. Nace \"Estrella Noro\u00f1il\" de Fern\u00e1ndez Noro\u00f1a y busca compartir sus sugerencias gastron\u00f3micas Rep\u00fablica","isPartOf":{"@id":"https:\/\/www.sonoraenequipo.com.mx\/#website"},"primaryImageOfPage":{"@id":"https:\/\/www.sonoraenequipo.com.mx\/nace-estrella-noronil-de-fernandez-norona-y-busca-compartir-sus-sugerencias-gastronomicas\/#primaryimage"},"image":{"@id":"https:\/\/www.sonoraenequipo.com.mx\/nace-estrella-noronil-de-fernandez-norona-y-busca-compartir-sus-sugerencias-gastronomicas\/#primaryimage"},"thumbnailUrl":"https:\/\/www.sonoraenequipo.com.mx\/storage\/2024\/07\/fernandez-norona-min.jpg","datePublished":"2024-07-17T16:07:34+00:00","dateModified":"2024-07-17T22:29:34+00:00","description":"CIUDAD DE M\u00c9XICO. MX. \u2014 \u00a0El diputado del PT y pr\u00f3ximo senador de la Rep\u00fablica, Gerardo Fern\u00e1ndez Noro\u00f1a anunci\u00f3 que incursionar\u00e1 en el mundo de la En Sonora en Equipo publicamos toda la informaci\u00f3n de Sonora, M\u00e9xico y el Mundo de manera oportuna y busca que la libertad de expresi\u00f3n sea real. Visita nuestro medio informativo publicado desde Hermosillo, Sonora. %","breadcrumb":{"@id":"https:\/\/www.sonoraenequipo.com.mx\/nace-estrella-noronil-de-fernandez-norona-y-busca-compartir-sus-sugerencias-gastronomicas\/#breadcrumb"},"inLanguage":"es","potentialAction":[{"@type":"ReadAction","target":["https:\/\/www.sonoraenequipo.com.mx\/nace-estrella-noronil-de-fernandez-norona-y-busca-compartir-sus-sugerencias-gastronomicas\/"]}]},{"@type":"ImageObject","inLanguage":"es","@id":"https:\/\/www.sonoraenequipo.com.mx\/nace-estrella-noronil-de-fernandez-norona-y-busca-compartir-sus-sugerencias-gastronomicas\/#primaryimage","url":"https:\/\/www.sonoraenequipo.com.mx\/storage\/2024\/07\/fernandez-norona-min.jpg","contentUrl":"https:\/\/www.sonoraenequipo.com.mx\/storage\/2024\/07\/fernandez-norona-min.jpg","width":1024,"height":643},{"@type":"BreadcrumbList","@id":"https:\/\/www.sonoraenequipo.com.mx\/nace-estrella-noronil-de-fernandez-norona-y-busca-compartir-sus-sugerencias-gastronomicas\/#breadcrumb","itemListElement":[{"@type":"ListItem","position":1,"name":"Portada","item":"https:\/\/www.sonoraenequipo.com.mx\/"},{"@type":"ListItem","position":2,"name":"Nace \u00abEstrella Noro\u00f1il\u00bb de Fern\u00e1ndez Noro\u00f1a y busca compartir sus sugerencias gastron\u00f3micas"}]},{"@type":"WebSite","@id":"https:\/\/www.sonoraenequipo.com.mx\/#website","url":"https:\/\/www.sonoraenequipo.com.mx\/","name":"Sonora en Equipo.","description":"Diario en l\u00ednea con Noticias desde Hermosillo, Sonora","publisher":{"@id":"https:\/\/www.sonoraenequipo.com.mx\/#organization"},"potentialAction":[{"@type":"SearchAction","target":{"@type":"EntryPoint","urlTemplate":"https:\/\/www.sonoraenequipo.com.mx\/?s={search_term_string}"},"query-input":{"@type":"PropertyValueSpecification","valueRequired":true,"valueName":"search_term_string"}}],"inLanguage":"es"},{"@type":"Organization","@id":"https:\/\/www.sonoraenequipo.com.mx\/#organization","name":"Sonoraenequipo.com.mx","url":"https:\/\/www.sonoraenequipo.com.mx\/","logo":{"@type":"ImageObject","inLanguage":"es","@id":"https:\/\/www.sonoraenequipo.com.mx\/#\/schema\/logo\/image\/","url":"https:\/\/www.sonoraenequipo.com.mx\/storage\/2019\/01\/sonoraenequipo_opt.png","contentUrl":"https:\/\/www.sonoraenequipo.com.mx\/storage\/2019\/01\/sonoraenequipo_opt.png","width":375,"height":125,"caption":"Sonoraenequipo.com.mx"},"image":{"@id":"https:\/\/www.sonoraenequipo.com.mx\/#\/schema\/logo\/image\/"},"sameAs":["https:\/\/www.facebook.com\/SonoraEE\/","https:\/\/x.com\/sonoraenequipo","https:\/\/www.youtube.com\/channel\/UC338nW-lPEYmJQs4ZABQ1SQ"]},{"@type":"Person","@id":"https:\/\/www.sonoraenequipo.com.mx\/#\/schema\/person\/50102df0fb23a8fa9e8effad8fa81386","name":"enequipo","image":{"@type":"ImageObject","inLanguage":"es","@id":"https:\/\/www.sonoraenequipo.com.mx\/#\/schema\/person\/image\/","url":"https:\/\/secure.gravatar.com\/avatar\/049821681b589dabc0bc20695993ccebb09f5b5d4d790cd9251b97faac7c652b?s=96&d=blank&r=g","contentUrl":"https:\/\/secure.gravatar.com\/avatar\/049821681b589dabc0bc20695993ccebb09f5b5d4d790cd9251b97faac7c652b?s=96&d=blank&r=g","caption":"enequipo"},"sameAs":["https:\/\/www.facebook.com\/SonoraEE"]}]}},"jetpack_featured_media_url":"https:\/\/www.sonoraenequipo.com.mx\/storage\/2024\/07\/fernandez-norona-min.jpg","_links":{"self":[{"href":"https:\/\/www.sonoraenequipo.com.mx\/api\/wp\/v2\/posts\/194786","targetHints":{"allow":["GET"]}}],"collection":[{"href":"https:\/\/www.sonoraenequipo.com.mx\/api\/wp\/v2\/posts"}],"about":[{"href":"https:\/\/www.sonoraenequipo.com.mx\/api\/wp\/v2\/types\/post"}],"author":[{"embeddable":true,"href":"https:\/\/www.sonoraenequipo.com.mx\/api\/wp\/v2\/users\/1"}],"replies":[{"embeddable":true,"href":"https:\/\/www.sonoraenequipo.com.mx\/api\/wp\/v2\/comments?post=194786"}],"version-history":[{"count":1,"href":"https:\/\/www.sonoraenequipo.com.mx\/api\/wp\/v2\/posts\/194786\/revisions"}],"predecessor-version":[{"id":194787,"href":"https:\/\/www.sonoraenequipo.com.mx\/api\/wp\/v2\/posts\/194786\/revisions\/194787"}],"wp:featuredmedia":[{"embeddable":true,"href":"https:\/\/www.sonoraenequipo.com.mx\/api\/wp\/v2\/media\/194745"}],"wp:attachment":[{"href":"https:\/\/www.sonoraenequipo.com.mx\/api\/wp\/v2\/media?parent=194786"}],"wp:term":[{"taxonomy":"category","embeddable":true,"href":"https:\/\/www.sonoraenequipo.com.mx\/api\/wp\/v2\/categories?post=194786"},{"taxonomy":"post_tag","embeddable":true,"href":"https:\/\/www.sonoraenequipo.com.mx\/api\/wp\/v2\/tags?post=194786"}],"curies":[{"name":"wp","href":"https:\/\/api.w.org\/{rel}","templated":true}]}}