{"id":194792,"date":"2024-07-17T17:10:51","date_gmt":"2024-07-18T00:10:51","guid":{"rendered":"https:\/\/www.sonoraenequipo.com.mx\/?p=194792"},"modified":"2024-07-17T17:10:51","modified_gmt":"2024-07-18T00:10:51","slug":"concluye-amde-una-edicion-mas-del-programa-de-incubacion-de-negocios-fast-track","status":"publish","type":"post","link":"https:\/\/www.sonoraenequipo.com.mx\/concluye-amde-una-edicion-mas-del-programa-de-incubacion-de-negocios-fast-track\/","title":{"rendered":"Concluye AMDE una edici\u00f3n m\u00e1s del programa de incubaci\u00f3n de negocios Fast Track"},"content":{"rendered":"<p>&nbsp;<\/p>\n<p><strong>HERMOSILLO, SONORA, MX.<\/strong> \u2014 Apoyar la creaci\u00f3n de empresas nuevas, formalizar a las existentes y que con ello se generen empleos formales y riqueza para la ciudad, es la raz\u00f3n de ser del programa Fast Track, que opera la Agencia Municipal de Desarrollo Econ\u00f3mico (AMDE), explic\u00f3 Gertie Agraz Boeneker, directora de la dependencia.<\/p>\n<p>&nbsp;<\/p>\n<p>La funcionaria en la administraci\u00f3n que encabeza el Presidente Municipal Antonio Astiazar\u00e1n Guti\u00e9rrez inform\u00f3 que recientemente 30 emprendedoras y emprendedores de la localidad concluyeron lo que fue la doceava edici\u00f3n del programa.<\/p>\n<p>&nbsp;<\/p>\n<p>\u201cFast Track es nuestro programa de incubaci\u00f3n r\u00e1pida, en el que recibimos desde personas que apenas tienen una idea de negocios y la quieren desarrollar hasta empresas de reciente creaci\u00f3n que quieren mejorar su modelo de negocios y encontrar elementos en su propuesta de valor que les permita tener nuevos clientes y ampliar sus mercados\u201d, abund\u00f3 la funcionaria.<\/p>\n<p>&nbsp;<\/p>\n<p>Relat\u00f3 que en el ciclo de capacitaciones que\u00a0 concluy\u00f3\u00a0 la AMDE cont\u00f3 con la colaboraci\u00f3n de la C\u00e1mara Nacional De Comercio en Peque\u00f1o Servicios y Turismo de Hermosillo (CANACOPE Servitur), organismo empresarial que aport\u00f3 en esta ocasi\u00f3n sus instalaciones, instructores de primer nivel y difusi\u00f3n en la comunidad.<\/p>\n<p>&nbsp;<\/p>\n<p>Invit\u00f3 a las ciudadanas y ciudadanas con inter\u00e9s emprendedor a que aprovechen los diferentes programas que la dependencia tiene para ofrecerles y que abarcan todas las etapas de desarrollo de un emprendimiento, desde la idea, definici\u00f3n del modelo de negocios, hasta estrategias para acelerarlo y consolidarlo.<\/p>\n<p>&nbsp;<\/p>\n<p>Revel\u00f3 que el Gobierno Municipal tiene mucho inter\u00e9s de apoyar a quienes con su esfuerzo cotidiano contribuyen a la generaci\u00f3n de empleos formales, desarrollo econ\u00f3mico y bienestar para las y los residentes de Hermosillo.<\/p>\n<p><strong>Fecha de publicaci\u00f3n mi\u00e9rcoles 17 de julio de 2024<\/strong><\/p>\n","protected":false},"excerpt":{"rendered":"<p>&nbsp; HERMOSILLO, SONORA, MX. \u2014 Apoyar la creaci\u00f3n de empresas nuevas, formalizar a las existentes&#8230;<\/p>\n","protected":false},"author":1,"featured_media":194793,"comment_status":"open","ping_status":"open","sticky":false,"template":"","format":"standard","meta":{"_monsterinsights_skip_tracking":false,"_monsterinsights_sitenote_active":false,"_monsterinsights_sitenote_note":"","_monsterinsights_sitenote_category":0,"footnotes":""},"categories":[4],"tags":[10000,10001,1793,10002],"class_list":["post"],"yoast_head":" \n<title>Sonora en Equipo. Concluye AMDE una edici\u00f3n m\u00e1s del programa de incubaci\u00f3n de negocios Fast Track Municipios<\/title>\n<meta name=\"description\" content=\"&nbsp; HERMOSILLO, SONORA, MX. \u2014 Apoyar la creaci\u00f3n de empresas nuevas, formalizar a las existentes y que con ello se generen empleos formales y riqueza En Sonora en Equipo publicamos toda la informaci\u00f3n de Sonora, M\u00e9xico y el Mundo de manera oportuna y busca que la libertad de expresi\u00f3n sea real. Visita nuestro medio informativo publicado desde Hermosillo, Sonora. %\" \/>\n<meta name=\"robots\" content=\"index, follow, max-snippet:-1, max-image-preview:large, max-video-preview:-1\" \/>\n<link rel=\"canonical\" href=\"https:\/\/www.sonoraenequipo.com.mx\/concluye-amde-una-edicion-mas-del-programa-de-incubacion-de-negocios-fast-track\/\" \/>\n<meta property=\"og:locale\" content=\"es_ES\" \/>\n<meta property=\"og:type\" content=\"article\" \/>\n<meta property=\"og:title\" content=\"Sonora en Equipo. Concluye AMDE una edici\u00f3n m\u00e1s del programa de incubaci\u00f3n de negocios Fast Track Municipios\" \/>\n<meta property=\"og:description\" content=\"&nbsp; HERMOSILLO, SONORA, MX. \u2014 Apoyar la creaci\u00f3n de empresas nuevas, formalizar a las existentes y que con ello se generen empleos formales y riqueza En Sonora en Equipo publicamos toda la informaci\u00f3n de Sonora, M\u00e9xico y el Mundo de manera oportuna y busca que la libertad de expresi\u00f3n sea real. Visita nuestro medio informativo publicado desde Hermosillo, Sonora. %\" \/>\n<meta property=\"og:url\" content=\"https:\/\/www.sonoraenequipo.com.mx\/concluye-amde-una-edicion-mas-del-programa-de-incubacion-de-negocios-fast-track\/\" \/>\n<meta property=\"og:site_name\" content=\"Sonora en Equipo.\" \/>\n<meta property=\"article:publisher\" content=\"https:\/\/www.facebook.com\/SonoraEE\/\" \/>\n<meta property=\"article:author\" content=\"https:\/\/www.facebook.com\/SonoraEE\" \/>\n<meta property=\"article:published_time\" content=\"2024-07-18T00:10:51+00:00\" \/>\n<meta property=\"og:image\" content=\"https:\/\/www.sonoraenequipo.com.mx\/storage\/2024\/07\/amde.jpg\" \/>\n\t<meta property=\"og:image:width\" content=\"600\" \/>\n\t<meta property=\"og:image:height\" content=\"404\" \/>\n\t<meta property=\"og:image:type\" content=\"image\/jpeg\" \/>\n<meta name=\"author\" content=\"enequipo\" \/>\n<meta name=\"twitter:card\" content=\"summary_large_image\" \/>\n<meta name=\"twitter:creator\" content=\"@sonoraenequipo\" \/>\n<meta name=\"twitter:site\" content=\"@sonoraenequipo\" \/>\n<meta name=\"twitter:label1\" content=\"Escrito por\" \/>\n\t<meta name=\"twitter:data1\" content=\"enequipo\" \/>\n\t<meta name=\"twitter:label2\" content=\"Tiempo de lectura\" \/>\n\t<meta name=\"twitter:data2\" content=\"2 minutos\" \/>\n<script type=\"application\/ld+json\" class=\"yoast-schema-graph\">{\"@context\":\"https:\/\/schema.org\",\"@graph\":[{\"@type\":\"Article\",\"@id\":\"https:\/\/www.sonoraenequipo.com.mx\/concluye-amde-una-edicion-mas-del-programa-de-incubacion-de-negocios-fast-track\/#article\",\"isPartOf\":{\"@id\":\"https:\/\/www.sonoraenequipo.com.mx\/concluye-amde-una-edicion-mas-del-programa-de-incubacion-de-negocios-fast-track\/\"},\"author\":{\"name\":\"enequipo\",\"@id\":\"https:\/\/www.sonoraenequipo.com.mx\/#\/schema\/person\/50102df0fb23a8fa9e8effad8fa81386\"},\"headline\":\"Concluye AMDE una edici\u00f3n m\u00e1s del programa de incubaci\u00f3n de negocios Fast Track\",\"datePublished\":\"2024-07-18T00:10:51+00:00\",\"mainEntityOfPage\":{\"@id\":\"https:\/\/www.sonoraenequipo.com.mx\/concluye-amde-una-edicion-mas-del-programa-de-incubacion-de-negocios-fast-track\/\"},\"wordCount\":320,\"commentCount\":0,\"publisher\":{\"@id\":\"https:\/\/www.sonoraenequipo.com.mx\/#organization\"},\"image\":{\"@id\":\"https:\/\/www.sonoraenequipo.com.mx\/concluye-amde-una-edicion-mas-del-programa-de-incubacion-de-negocios-fast-track\/#primaryimage\"},\"thumbnailUrl\":\"https:\/\/www.sonoraenequipo.com.mx\/storage\/2024\/07\/amde.jpg\",\"keywords\":[\"amde\",\"fast\",\"Negocios\",\"track\"],\"articleSection\":[\"Municipios\"],\"inLanguage\":\"es\",\"potentialAction\":[{\"@type\":\"CommentAction\",\"name\":\"Comment\",\"target\":[\"https:\/\/www.sonoraenequipo.com.mx\/concluye-amde-una-edicion-mas-del-programa-de-incubacion-de-negocios-fast-track\/#respond\"]}]},{\"@type\":\"WebPage\",\"@id\":\"https:\/\/www.sonoraenequipo.com.mx\/concluye-amde-una-edicion-mas-del-programa-de-incubacion-de-negocios-fast-track\/\",\"url\":\"https:\/\/www.sonoraenequipo.com.mx\/concluye-amde-una-edicion-mas-del-programa-de-incubacion-de-negocios-fast-track\/\",\"name\":\"Sonora en Equipo. Concluye AMDE una edici\u00f3n m\u00e1s del programa de incubaci\u00f3n de negocios Fast Track Municipios\",\"isPartOf\":{\"@id\":\"https:\/\/www.sonoraenequipo.com.mx\/#website\"},\"primaryImageOfPage\":{\"@id\":\"https:\/\/www.sonoraenequipo.com.mx\/concluye-amde-una-edicion-mas-del-programa-de-incubacion-de-negocios-fast-track\/#primaryimage\"},\"image\":{\"@id\":\"https:\/\/www.sonoraenequipo.com.mx\/concluye-amde-una-edicion-mas-del-programa-de-incubacion-de-negocios-fast-track\/#primaryimage\"},\"thumbnailUrl\":\"https:\/\/www.sonoraenequipo.com.mx\/storage\/2024\/07\/amde.jpg\",\"datePublished\":\"2024-07-18T00:10:51+00:00\",\"description\":\"&nbsp; HERMOSILLO, SONORA, MX. \u2014 Apoyar la creaci\u00f3n de empresas nuevas, formalizar a las existentes y que con ello se generen empleos formales y riqueza En Sonora en Equipo publicamos toda la informaci\u00f3n de Sonora, M\u00e9xico y el Mundo de manera oportuna y busca que la libertad de expresi\u00f3n sea real. Visita nuestro medio informativo publicado desde Hermosillo, Sonora. %\",\"breadcrumb\":{\"@id\":\"https:\/\/www.sonoraenequipo.com.mx\/concluye-amde-una-edicion-mas-del-programa-de-incubacion-de-negocios-fast-track\/#breadcrumb\"},\"inLanguage\":\"es\",\"potentialAction\":[{\"@type\":\"ReadAction\",\"target\":[\"https:\/\/www.sonoraenequipo.com.mx\/concluye-amde-una-edicion-mas-del-programa-de-incubacion-de-negocios-fast-track\/\"]}]},{\"@type\":\"ImageObject\",\"inLanguage\":\"es\",\"@id\":\"https:\/\/www.sonoraenequipo.com.mx\/concluye-amde-una-edicion-mas-del-programa-de-incubacion-de-negocios-fast-track\/#primaryimage\",\"url\":\"https:\/\/www.sonoraenequipo.com.mx\/storage\/2024\/07\/amde.jpg\",\"contentUrl\":\"https:\/\/www.sonoraenequipo.com.mx\/storage\/2024\/07\/amde.jpg\",\"width\":600,\"height\":404},{\"@type\":\"BreadcrumbList\",\"@id\":\"https:\/\/www.sonoraenequipo.com.mx\/concluye-amde-una-edicion-mas-del-programa-de-incubacion-de-negocios-fast-track\/#breadcrumb\",\"itemListElement\":[{\"@type\":\"ListItem\",\"position\":1,\"name\":\"Portada\",\"item\":\"https:\/\/www.sonoraenequipo.com.mx\/\"},{\"@type\":\"ListItem\",\"position\":2,\"name\":\"Concluye AMDE una edici\u00f3n m\u00e1s del programa de incubaci\u00f3n de negocios Fast Track\"}]},{\"@type\":\"WebSite\",\"@id\":\"https:\/\/www.sonoraenequipo.com.mx\/#website\",\"url\":\"https:\/\/www.sonoraenequipo.com.mx\/\",\"name\":\"Sonora en Equipo.\",\"description\":\"Diario en l\u00ednea con Noticias desde Hermosillo, Sonora\",\"publisher\":{\"@id\":\"https:\/\/www.sonoraenequipo.com.mx\/#organization\"},\"potentialAction\":[{\"@type\":\"SearchAction\",\"target\":{\"@type\":\"EntryPoint\",\"urlTemplate\":\"https:\/\/www.sonoraenequipo.com.mx\/?s={search_term_string}\"},\"query-input\":{\"@type\":\"PropertyValueSpecification\",\"valueRequired\":true,\"valueName\":\"search_term_string\"}}],\"inLanguage\":\"es\"},{\"@type\":\"Organization\",\"@id\":\"https:\/\/www.sonoraenequipo.com.mx\/#organization\",\"name\":\"Sonoraenequipo.com.mx\",\"url\":\"https:\/\/www.sonoraenequipo.com.mx\/\",\"logo\":{\"@type\":\"ImageObject\",\"inLanguage\":\"es\",\"@id\":\"https:\/\/www.sonoraenequipo.com.mx\/#\/schema\/logo\/image\/\",\"url\":\"https:\/\/www.sonoraenequipo.com.mx\/storage\/2019\/01\/sonoraenequipo_opt.png\",\"contentUrl\":\"https:\/\/www.sonoraenequipo.com.mx\/storage\/2019\/01\/sonoraenequipo_opt.png\",\"width\":375,\"height\":125,\"caption\":\"Sonoraenequipo.com.mx\"},\"image\":{\"@id\":\"https:\/\/www.sonoraenequipo.com.mx\/#\/schema\/logo\/image\/\"},\"sameAs\":[\"https:\/\/www.facebook.com\/SonoraEE\/\",\"https:\/\/x.com\/sonoraenequipo\",\"https:\/\/www.youtube.com\/channel\/UC338nW-lPEYmJQs4ZABQ1SQ\"]},{\"@type\":\"Person\",\"@id\":\"https:\/\/www.sonoraenequipo.com.mx\/#\/schema\/person\/50102df0fb23a8fa9e8effad8fa81386\",\"name\":\"enequipo\",\"image\":{\"@type\":\"ImageObject\",\"inLanguage\":\"es\",\"@id\":\"https:\/\/www.sonoraenequipo.com.mx\/#\/schema\/person\/image\/\",\"url\":\"https:\/\/secure.gravatar.com\/avatar\/049821681b589dabc0bc20695993ccebb09f5b5d4d790cd9251b97faac7c652b?s=96&d=blank&r=g\",\"contentUrl\":\"https:\/\/secure.gravatar.com\/avatar\/049821681b589dabc0bc20695993ccebb09f5b5d4d790cd9251b97faac7c652b?s=96&d=blank&r=g\",\"caption\":\"enequipo\"},\"sameAs\":[\"https:\/\/www.facebook.com\/SonoraEE\"]}]}<\/script>\n ","yoast_head_json":{"title":"Sonora en Equipo. Concluye AMDE una edici\u00f3n m\u00e1s del programa de incubaci\u00f3n de negocios Fast Track Municipios","description":"&nbsp; HERMOSILLO, SONORA, MX. \u2014 Apoyar la creaci\u00f3n de empresas nuevas, formalizar a las existentes y que con ello se generen empleos formales y riqueza En Sonora en Equipo publicamos toda la informaci\u00f3n de Sonora, M\u00e9xico y el Mundo de manera oportuna y busca que la libertad de expresi\u00f3n sea real. Visita nuestro medio informativo publicado desde Hermosillo, Sonora. %","robots":{"index":"index","follow":"follow","max-snippet":"max-snippet:-1","max-image-preview":"max-image-preview:large","max-video-preview":"max-video-preview:-1"},"canonical":"https:\/\/www.sonoraenequipo.com.mx\/concluye-amde-una-edicion-mas-del-programa-de-incubacion-de-negocios-fast-track\/","og_locale":"es_ES","og_type":"article","og_title":"Sonora en Equipo. Concluye AMDE una edici\u00f3n m\u00e1s del programa de incubaci\u00f3n de negocios Fast Track Municipios","og_description":"&nbsp; HERMOSILLO, SONORA, MX. \u2014 Apoyar la creaci\u00f3n de empresas nuevas, formalizar a las existentes y que con ello se generen empleos formales y riqueza En Sonora en Equipo publicamos toda la informaci\u00f3n de Sonora, M\u00e9xico y el Mundo de manera oportuna y busca que la libertad de expresi\u00f3n sea real. Visita nuestro medio informativo publicado desde Hermosillo, Sonora. %","og_url":"https:\/\/www.sonoraenequipo.com.mx\/concluye-amde-una-edicion-mas-del-programa-de-incubacion-de-negocios-fast-track\/","og_site_name":"Sonora en Equipo.","article_publisher":"https:\/\/www.facebook.com\/SonoraEE\/","article_author":"https:\/\/www.facebook.com\/SonoraEE","article_published_time":"2024-07-18T00:10:51+00:00","og_image":[{"width":600,"height":404,"url":"https:\/\/www.sonoraenequipo.com.mx\/storage\/2024\/07\/amde.jpg","type":"image\/jpeg"}],"author":"enequipo","twitter_card":"summary_large_image","twitter_creator":"@sonoraenequipo","twitter_site":"@sonoraenequipo","twitter_misc":{"Escrito por":"enequipo","Tiempo de lectura":"2 minutos"},"schema":{"@context":"https:\/\/schema.org","@graph":[{"@type":"Article","@id":"https:\/\/www.sonoraenequipo.com.mx\/concluye-amde-una-edicion-mas-del-programa-de-incubacion-de-negocios-fast-track\/#article","isPartOf":{"@id":"https:\/\/www.sonoraenequipo.com.mx\/concluye-amde-una-edicion-mas-del-programa-de-incubacion-de-negocios-fast-track\/"},"author":{"name":"enequipo","@id":"https:\/\/www.sonoraenequipo.com.mx\/#\/schema\/person\/50102df0fb23a8fa9e8effad8fa81386"},"headline":"Concluye AMDE una edici\u00f3n m\u00e1s del programa de incubaci\u00f3n de negocios Fast Track","datePublished":"2024-07-18T00:10:51+00:00","mainEntityOfPage":{"@id":"https:\/\/www.sonoraenequipo.com.mx\/concluye-amde-una-edicion-mas-del-programa-de-incubacion-de-negocios-fast-track\/"},"wordCount":320,"commentCount":0,"publisher":{"@id":"https:\/\/www.sonoraenequipo.com.mx\/#organization"},"image":{"@id":"https:\/\/www.sonoraenequipo.com.mx\/concluye-amde-una-edicion-mas-del-programa-de-incubacion-de-negocios-fast-track\/#primaryimage"},"thumbnailUrl":"https:\/\/www.sonoraenequipo.com.mx\/storage\/2024\/07\/amde.jpg","keywords":["amde","fast","Negocios","track"],"articleSection":["Municipios"],"inLanguage":"es","potentialAction":[{"@type":"CommentAction","name":"Comment","target":["https:\/\/www.sonoraenequipo.com.mx\/concluye-amde-una-edicion-mas-del-programa-de-incubacion-de-negocios-fast-track\/#respond"]}]},{"@type":"WebPage","@id":"https:\/\/www.sonoraenequipo.com.mx\/concluye-amde-una-edicion-mas-del-programa-de-incubacion-de-negocios-fast-track\/","url":"https:\/\/www.sonoraenequipo.com.mx\/concluye-amde-una-edicion-mas-del-programa-de-incubacion-de-negocios-fast-track\/","name":"Sonora en Equipo. Concluye AMDE una edici\u00f3n m\u00e1s del programa de incubaci\u00f3n de negocios Fast Track Municipios","isPartOf":{"@id":"https:\/\/www.sonoraenequipo.com.mx\/#website"},"primaryImageOfPage":{"@id":"https:\/\/www.sonoraenequipo.com.mx\/concluye-amde-una-edicion-mas-del-programa-de-incubacion-de-negocios-fast-track\/#primaryimage"},"image":{"@id":"https:\/\/www.sonoraenequipo.com.mx\/concluye-amde-una-edicion-mas-del-programa-de-incubacion-de-negocios-fast-track\/#primaryimage"},"thumbnailUrl":"https:\/\/www.sonoraenequipo.com.mx\/storage\/2024\/07\/amde.jpg","datePublished":"2024-07-18T00:10:51+00:00","description":"&nbsp; HERMOSILLO, SONORA, MX. \u2014 Apoyar la creaci\u00f3n de empresas nuevas, formalizar a las existentes y que con ello se generen empleos formales y riqueza En Sonora en Equipo publicamos toda la informaci\u00f3n de Sonora, M\u00e9xico y el Mundo de manera oportuna y busca que la libertad de expresi\u00f3n sea real. Visita nuestro medio informativo publicado desde Hermosillo, Sonora. %","breadcrumb":{"@id":"https:\/\/www.sonoraenequipo.com.mx\/concluye-amde-una-edicion-mas-del-programa-de-incubacion-de-negocios-fast-track\/#breadcrumb"},"inLanguage":"es","potentialAction":[{"@type":"ReadAction","target":["https:\/\/www.sonoraenequipo.com.mx\/concluye-amde-una-edicion-mas-del-programa-de-incubacion-de-negocios-fast-track\/"]}]},{"@type":"ImageObject","inLanguage":"es","@id":"https:\/\/www.sonoraenequipo.com.mx\/concluye-amde-una-edicion-mas-del-programa-de-incubacion-de-negocios-fast-track\/#primaryimage","url":"https:\/\/www.sonoraenequipo.com.mx\/storage\/2024\/07\/amde.jpg","contentUrl":"https:\/\/www.sonoraenequipo.com.mx\/storage\/2024\/07\/amde.jpg","width":600,"height":404},{"@type":"BreadcrumbList","@id":"https:\/\/www.sonoraenequipo.com.mx\/concluye-amde-una-edicion-mas-del-programa-de-incubacion-de-negocios-fast-track\/#breadcrumb","itemListElement":[{"@type":"ListItem","position":1,"name":"Portada","item":"https:\/\/www.sonoraenequipo.com.mx\/"},{"@type":"ListItem","position":2,"name":"Concluye AMDE una edici\u00f3n m\u00e1s del programa de incubaci\u00f3n de negocios Fast Track"}]},{"@type":"WebSite","@id":"https:\/\/www.sonoraenequipo.com.mx\/#website","url":"https:\/\/www.sonoraenequipo.com.mx\/","name":"Sonora en Equipo.","description":"Diario en l\u00ednea con Noticias desde Hermosillo, Sonora","publisher":{"@id":"https:\/\/www.sonoraenequipo.com.mx\/#organization"},"potentialAction":[{"@type":"SearchAction","target":{"@type":"EntryPoint","urlTemplate":"https:\/\/www.sonoraenequipo.com.mx\/?s={search_term_string}"},"query-input":{"@type":"PropertyValueSpecification","valueRequired":true,"valueName":"search_term_string"}}],"inLanguage":"es"},{"@type":"Organization","@id":"https:\/\/www.sonoraenequipo.com.mx\/#organization","name":"Sonoraenequipo.com.mx","url":"https:\/\/www.sonoraenequipo.com.mx\/","logo":{"@type":"ImageObject","inLanguage":"es","@id":"https:\/\/www.sonoraenequipo.com.mx\/#\/schema\/logo\/image\/","url":"https:\/\/www.sonoraenequipo.com.mx\/storage\/2019\/01\/sonoraenequipo_opt.png","contentUrl":"https:\/\/www.sonoraenequipo.com.mx\/storage\/2019\/01\/sonoraenequipo_opt.png","width":375,"height":125,"caption":"Sonoraenequipo.com.mx"},"image":{"@id":"https:\/\/www.sonoraenequipo.com.mx\/#\/schema\/logo\/image\/"},"sameAs":["https:\/\/www.facebook.com\/SonoraEE\/","https:\/\/x.com\/sonoraenequipo","https:\/\/www.youtube.com\/channel\/UC338nW-lPEYmJQs4ZABQ1SQ"]},{"@type":"Person","@id":"https:\/\/www.sonoraenequipo.com.mx\/#\/schema\/person\/50102df0fb23a8fa9e8effad8fa81386","name":"enequipo","image":{"@type":"ImageObject","inLanguage":"es","@id":"https:\/\/www.sonoraenequipo.com.mx\/#\/schema\/person\/image\/","url":"https:\/\/secure.gravatar.com\/avatar\/049821681b589dabc0bc20695993ccebb09f5b5d4d790cd9251b97faac7c652b?s=96&d=blank&r=g","contentUrl":"https:\/\/secure.gravatar.com\/avatar\/049821681b589dabc0bc20695993ccebb09f5b5d4d790cd9251b97faac7c652b?s=96&d=blank&r=g","caption":"enequipo"},"sameAs":["https:\/\/www.facebook.com\/SonoraEE"]}]}},"jetpack_featured_media_url":"https:\/\/www.sonoraenequipo.com.mx\/storage\/2024\/07\/amde.jpg","_links":{"self":[{"href":"https:\/\/www.sonoraenequipo.com.mx\/api\/wp\/v2\/posts\/194792","targetHints":{"allow":["GET"]}}],"collection":[{"href":"https:\/\/www.sonoraenequipo.com.mx\/api\/wp\/v2\/posts"}],"about":[{"href":"https:\/\/www.sonoraenequipo.com.mx\/api\/wp\/v2\/types\/post"}],"author":[{"embeddable":true,"href":"https:\/\/www.sonoraenequipo.com.mx\/api\/wp\/v2\/users\/1"}],"replies":[{"embeddable":true,"href":"https:\/\/www.sonoraenequipo.com.mx\/api\/wp\/v2\/comments?post=194792"}],"version-history":[{"count":1,"href":"https:\/\/www.sonoraenequipo.com.mx\/api\/wp\/v2\/posts\/194792\/revisions"}],"predecessor-version":[{"id":194794,"href":"https:\/\/www.sonoraenequipo.com.mx\/api\/wp\/v2\/posts\/194792\/revisions\/194794"}],"wp:featuredmedia":[{"embeddable":true,"href":"https:\/\/www.sonoraenequipo.com.mx\/api\/wp\/v2\/media\/194793"}],"wp:attachment":[{"href":"https:\/\/www.sonoraenequipo.com.mx\/api\/wp\/v2\/media?parent=194792"}],"wp:term":[{"taxonomy":"category","embeddable":true,"href":"https:\/\/www.sonoraenequipo.com.mx\/api\/wp\/v2\/categories?post=194792"},{"taxonomy":"post_tag","embeddable":true,"href":"https:\/\/www.sonoraenequipo.com.mx\/api\/wp\/v2\/tags?post=194792"}],"curies":[{"name":"wp","href":"https:\/\/api.w.org\/{rel}","templated":true}]}}