{"id":194795,"date":"2024-07-17T08:54:00","date_gmt":"2024-07-17T15:54:00","guid":{"rendered":"https:\/\/www.sonoraenequipo.com.mx\/?p=194795"},"modified":"2024-07-17T19:27:42","modified_gmt":"2024-07-18T02:27:42","slug":"revelara-sheinbaum-titulares-de-turismo-trabajo-y-cultura-este-jueves-18-de-julio","status":"publish","type":"post","link":"https:\/\/www.sonoraenequipo.com.mx\/revelara-sheinbaum-titulares-de-turismo-trabajo-y-cultura-este-jueves-18-de-julio\/","title":{"rendered":"Revelar\u00e1 Sheinbaum titulares de Turismo, Trabajo y Cultura este jueves 18 de julio."},"content":{"rendered":"<p><strong>CIUDAD DE M\u00c9XICO. MX. \u2014<\/strong> La virtual presidenta electa Claudia Sheinbaum, revel\u00f3 que est\u00e9 jueves 18 de julio dar\u00e1 a conocer el nombre de otros tres integrantes de su gabinete presidencial.<\/p>\n<p> <\/p>\n<p>Cabe mencionar que, en las pr\u00f3ximas semanas Claudia Sheinbaum seguir\u00e1 revelando los nombres de las mujeres y hombres que integrar\u00e1n su gabinete ampliado, mientras que los titulares de la Secretar\u00eda de la Defensa Nacional (Sedena) y de la Secretar\u00eda de Marina (Semar) ser\u00e1n anunciados hasta el mes de septiembre.<\/p>\n<p>Claudia Sheinbaum confirm\u00f3 que este jueves dar\u00e1 a conocer a las personas que ser\u00e1n parte de su gabinete presidencial como titulares de la de la Secretar\u00eda del Trabajo y Previsi\u00f3n Social (STPS), la Secretar\u00eda de Cultura, y de la Secretar\u00eda de Turismo (Sectur).<\/p>\n<p>Con estos nombramientos el gabinete legal de la virtual presidenta electa estar\u00eda casi completo, ya que s\u00f3lo faltar\u00e1 que se den a conocer a los titulares de la Sedena y la Semar.<\/p>\n<p>PUBLICADO EL 17 DE JULIO DE 2024 Con informaci\u00f3n de CSP1707.2024\/GrupoVX)<\/p>\n","protected":false},"excerpt":{"rendered":"<p>CIUDAD DE M\u00c9XICO. MX. \u2014 La virtual presidenta electa Claudia Sheinbaum, revel\u00f3 que est\u00e9 jueves&#8230;<\/p>\n","protected":false},"author":1,"featured_media":194796,"comment_status":"open","ping_status":"open","sticky":false,"template":"","format":"standard","meta":{"_monsterinsights_skip_tracking":false,"_monsterinsights_sitenote_active":false,"_monsterinsights_sitenote_note":"","_monsterinsights_sitenote_category":0,"footnotes":""},"categories":[5],"tags":[],"class_list":["post"],"yoast_head":" \n<title>Sonora en Equipo. Revelar\u00e1 Sheinbaum titulares de Turismo, Trabajo y Cultura este jueves 18 de julio. Rep\u00fablica<\/title>\n<meta name=\"description\" content=\"CIUDAD DE M\u00c9XICO. MX. \u2014 La virtual presidenta electa Claudia Sheinbaum, revel\u00f3 que est\u00e9 jueves 18 de julio dar\u00e1 a conocer el nombre de otros tres En Sonora en Equipo publicamos toda la informaci\u00f3n de Sonora, M\u00e9xico y el Mundo de manera oportuna y busca que la libertad de expresi\u00f3n sea real. Visita nuestro medio informativo publicado desde Hermosillo, Sonora. %\" \/>\n<meta name=\"robots\" content=\"index, follow, max-snippet:-1, max-image-preview:large, max-video-preview:-1\" \/>\n<link rel=\"canonical\" href=\"https:\/\/www.sonoraenequipo.com.mx\/revelara-sheinbaum-titulares-de-turismo-trabajo-y-cultura-este-jueves-18-de-julio\/\" \/>\n<meta property=\"og:locale\" content=\"es_ES\" \/>\n<meta property=\"og:type\" content=\"article\" \/>\n<meta property=\"og:title\" content=\"Sonora en Equipo. Revelar\u00e1 Sheinbaum titulares de Turismo, Trabajo y Cultura este jueves 18 de julio. Rep\u00fablica\" \/>\n<meta property=\"og:description\" content=\"CIUDAD DE M\u00c9XICO. MX. \u2014 La virtual presidenta electa Claudia Sheinbaum, revel\u00f3 que est\u00e9 jueves 18 de julio dar\u00e1 a conocer el nombre de otros tres En Sonora en Equipo publicamos toda la informaci\u00f3n de Sonora, M\u00e9xico y el Mundo de manera oportuna y busca que la libertad de expresi\u00f3n sea real. Visita nuestro medio informativo publicado desde Hermosillo, Sonora. %\" \/>\n<meta property=\"og:url\" content=\"https:\/\/www.sonoraenequipo.com.mx\/revelara-sheinbaum-titulares-de-turismo-trabajo-y-cultura-este-jueves-18-de-julio\/\" \/>\n<meta property=\"og:site_name\" content=\"Sonora en Equipo.\" \/>\n<meta property=\"article:publisher\" content=\"https:\/\/www.facebook.com\/SonoraEE\/\" \/>\n<meta property=\"article:author\" content=\"https:\/\/www.facebook.com\/SonoraEE\" \/>\n<meta property=\"article:published_time\" content=\"2024-07-17T15:54:00+00:00\" \/>\n<meta property=\"article:modified_time\" content=\"2024-07-18T02:27:42+00:00\" \/>\n<meta property=\"og:image\" content=\"https:\/\/www.sonoraenequipo.com.mx\/storage\/2024\/07\/Claudia-Sheinbaum-Pardo-min.jpg\" \/>\n\t<meta property=\"og:image:width\" content=\"1922\" \/>\n\t<meta property=\"og:image:height\" content=\"1082\" \/>\n\t<meta property=\"og:image:type\" content=\"image\/jpeg\" \/>\n<meta name=\"author\" content=\"enequipo\" \/>\n<meta name=\"twitter:card\" content=\"summary_large_image\" \/>\n<meta name=\"twitter:creator\" content=\"@sonoraenequipo\" \/>\n<meta name=\"twitter:site\" content=\"@sonoraenequipo\" \/>\n<meta name=\"twitter:label1\" content=\"Escrito por\" \/>\n\t<meta name=\"twitter:data1\" content=\"enequipo\" \/>\n\t<meta name=\"twitter:label2\" content=\"Tiempo de lectura\" \/>\n\t<meta name=\"twitter:data2\" content=\"1 minuto\" \/>\n<script type=\"application\/ld+json\" class=\"yoast-schema-graph\">{\"@context\":\"https:\/\/schema.org\",\"@graph\":[{\"@type\":\"Article\",\"@id\":\"https:\/\/www.sonoraenequipo.com.mx\/revelara-sheinbaum-titulares-de-turismo-trabajo-y-cultura-este-jueves-18-de-julio\/#article\",\"isPartOf\":{\"@id\":\"https:\/\/www.sonoraenequipo.com.mx\/revelara-sheinbaum-titulares-de-turismo-trabajo-y-cultura-este-jueves-18-de-julio\/\"},\"author\":{\"name\":\"enequipo\",\"@id\":\"https:\/\/www.sonoraenequipo.com.mx\/#\/schema\/person\/50102df0fb23a8fa9e8effad8fa81386\"},\"headline\":\"Revelar\u00e1 Sheinbaum titulares de Turismo, Trabajo y Cultura este jueves 18 de julio.\",\"datePublished\":\"2024-07-17T15:54:00+00:00\",\"dateModified\":\"2024-07-18T02:27:42+00:00\",\"mainEntityOfPage\":{\"@id\":\"https:\/\/www.sonoraenequipo.com.mx\/revelara-sheinbaum-titulares-de-turismo-trabajo-y-cultura-este-jueves-18-de-julio\/\"},\"wordCount\":189,\"commentCount\":0,\"publisher\":{\"@id\":\"https:\/\/www.sonoraenequipo.com.mx\/#organization\"},\"image\":{\"@id\":\"https:\/\/www.sonoraenequipo.com.mx\/revelara-sheinbaum-titulares-de-turismo-trabajo-y-cultura-este-jueves-18-de-julio\/#primaryimage\"},\"thumbnailUrl\":\"https:\/\/www.sonoraenequipo.com.mx\/storage\/2024\/07\/Claudia-Sheinbaum-Pardo-min.jpg\",\"articleSection\":[\"Rep\u00fablica\"],\"inLanguage\":\"es\",\"potentialAction\":[{\"@type\":\"CommentAction\",\"name\":\"Comment\",\"target\":[\"https:\/\/www.sonoraenequipo.com.mx\/revelara-sheinbaum-titulares-de-turismo-trabajo-y-cultura-este-jueves-18-de-julio\/#respond\"]}]},{\"@type\":\"WebPage\",\"@id\":\"https:\/\/www.sonoraenequipo.com.mx\/revelara-sheinbaum-titulares-de-turismo-trabajo-y-cultura-este-jueves-18-de-julio\/\",\"url\":\"https:\/\/www.sonoraenequipo.com.mx\/revelara-sheinbaum-titulares-de-turismo-trabajo-y-cultura-este-jueves-18-de-julio\/\",\"name\":\"Sonora en Equipo. Revelar\u00e1 Sheinbaum titulares de Turismo, Trabajo y Cultura este jueves 18 de julio. Rep\u00fablica\",\"isPartOf\":{\"@id\":\"https:\/\/www.sonoraenequipo.com.mx\/#website\"},\"primaryImageOfPage\":{\"@id\":\"https:\/\/www.sonoraenequipo.com.mx\/revelara-sheinbaum-titulares-de-turismo-trabajo-y-cultura-este-jueves-18-de-julio\/#primaryimage\"},\"image\":{\"@id\":\"https:\/\/www.sonoraenequipo.com.mx\/revelara-sheinbaum-titulares-de-turismo-trabajo-y-cultura-este-jueves-18-de-julio\/#primaryimage\"},\"thumbnailUrl\":\"https:\/\/www.sonoraenequipo.com.mx\/storage\/2024\/07\/Claudia-Sheinbaum-Pardo-min.jpg\",\"datePublished\":\"2024-07-17T15:54:00+00:00\",\"dateModified\":\"2024-07-18T02:27:42+00:00\",\"description\":\"CIUDAD DE M\u00c9XICO. MX. \u2014 La virtual presidenta electa Claudia Sheinbaum, revel\u00f3 que est\u00e9 jueves 18 de julio dar\u00e1 a conocer el nombre de otros tres En Sonora en Equipo publicamos toda la informaci\u00f3n de Sonora, M\u00e9xico y el Mundo de manera oportuna y busca que la libertad de expresi\u00f3n sea real. Visita nuestro medio informativo publicado desde Hermosillo, Sonora. %\",\"breadcrumb\":{\"@id\":\"https:\/\/www.sonoraenequipo.com.mx\/revelara-sheinbaum-titulares-de-turismo-trabajo-y-cultura-este-jueves-18-de-julio\/#breadcrumb\"},\"inLanguage\":\"es\",\"potentialAction\":[{\"@type\":\"ReadAction\",\"target\":[\"https:\/\/www.sonoraenequipo.com.mx\/revelara-sheinbaum-titulares-de-turismo-trabajo-y-cultura-este-jueves-18-de-julio\/\"]}]},{\"@type\":\"ImageObject\",\"inLanguage\":\"es\",\"@id\":\"https:\/\/www.sonoraenequipo.com.mx\/revelara-sheinbaum-titulares-de-turismo-trabajo-y-cultura-este-jueves-18-de-julio\/#primaryimage\",\"url\":\"https:\/\/www.sonoraenequipo.com.mx\/storage\/2024\/07\/Claudia-Sheinbaum-Pardo-min.jpg\",\"contentUrl\":\"https:\/\/www.sonoraenequipo.com.mx\/storage\/2024\/07\/Claudia-Sheinbaum-Pardo-min.jpg\",\"width\":1922,\"height\":1082},{\"@type\":\"BreadcrumbList\",\"@id\":\"https:\/\/www.sonoraenequipo.com.mx\/revelara-sheinbaum-titulares-de-turismo-trabajo-y-cultura-este-jueves-18-de-julio\/#breadcrumb\",\"itemListElement\":[{\"@type\":\"ListItem\",\"position\":1,\"name\":\"Portada\",\"item\":\"https:\/\/www.sonoraenequipo.com.mx\/\"},{\"@type\":\"ListItem\",\"position\":2,\"name\":\"Revelar\u00e1 Sheinbaum titulares de Turismo, Trabajo y Cultura este jueves 18 de julio.\"}]},{\"@type\":\"WebSite\",\"@id\":\"https:\/\/www.sonoraenequipo.com.mx\/#website\",\"url\":\"https:\/\/www.sonoraenequipo.com.mx\/\",\"name\":\"Sonora en Equipo.\",\"description\":\"Diario en l\u00ednea con Noticias desde Hermosillo, Sonora\",\"publisher\":{\"@id\":\"https:\/\/www.sonoraenequipo.com.mx\/#organization\"},\"potentialAction\":[{\"@type\":\"SearchAction\",\"target\":{\"@type\":\"EntryPoint\",\"urlTemplate\":\"https:\/\/www.sonoraenequipo.com.mx\/?s={search_term_string}\"},\"query-input\":{\"@type\":\"PropertyValueSpecification\",\"valueRequired\":true,\"valueName\":\"search_term_string\"}}],\"inLanguage\":\"es\"},{\"@type\":\"Organization\",\"@id\":\"https:\/\/www.sonoraenequipo.com.mx\/#organization\",\"name\":\"Sonoraenequipo.com.mx\",\"url\":\"https:\/\/www.sonoraenequipo.com.mx\/\",\"logo\":{\"@type\":\"ImageObject\",\"inLanguage\":\"es\",\"@id\":\"https:\/\/www.sonoraenequipo.com.mx\/#\/schema\/logo\/image\/\",\"url\":\"https:\/\/www.sonoraenequipo.com.mx\/storage\/2019\/01\/sonoraenequipo_opt.png\",\"contentUrl\":\"https:\/\/www.sonoraenequipo.com.mx\/storage\/2019\/01\/sonoraenequipo_opt.png\",\"width\":375,\"height\":125,\"caption\":\"Sonoraenequipo.com.mx\"},\"image\":{\"@id\":\"https:\/\/www.sonoraenequipo.com.mx\/#\/schema\/logo\/image\/\"},\"sameAs\":[\"https:\/\/www.facebook.com\/SonoraEE\/\",\"https:\/\/x.com\/sonoraenequipo\",\"https:\/\/www.youtube.com\/channel\/UC338nW-lPEYmJQs4ZABQ1SQ\"]},{\"@type\":\"Person\",\"@id\":\"https:\/\/www.sonoraenequipo.com.mx\/#\/schema\/person\/50102df0fb23a8fa9e8effad8fa81386\",\"name\":\"enequipo\",\"image\":{\"@type\":\"ImageObject\",\"inLanguage\":\"es\",\"@id\":\"https:\/\/www.sonoraenequipo.com.mx\/#\/schema\/person\/image\/\",\"url\":\"https:\/\/secure.gravatar.com\/avatar\/049821681b589dabc0bc20695993ccebb09f5b5d4d790cd9251b97faac7c652b?s=96&d=blank&r=g\",\"contentUrl\":\"https:\/\/secure.gravatar.com\/avatar\/049821681b589dabc0bc20695993ccebb09f5b5d4d790cd9251b97faac7c652b?s=96&d=blank&r=g\",\"caption\":\"enequipo\"},\"sameAs\":[\"https:\/\/www.facebook.com\/SonoraEE\"]}]}<\/script>\n ","yoast_head_json":{"title":"Sonora en Equipo. Revelar\u00e1 Sheinbaum titulares de Turismo, Trabajo y Cultura este jueves 18 de julio. Rep\u00fablica","description":"CIUDAD DE M\u00c9XICO. MX. \u2014 La virtual presidenta electa Claudia Sheinbaum, revel\u00f3 que est\u00e9 jueves 18 de julio dar\u00e1 a conocer el nombre de otros tres En Sonora en Equipo publicamos toda la informaci\u00f3n de Sonora, M\u00e9xico y el Mundo de manera oportuna y busca que la libertad de expresi\u00f3n sea real. Visita nuestro medio informativo publicado desde Hermosillo, Sonora. %","robots":{"index":"index","follow":"follow","max-snippet":"max-snippet:-1","max-image-preview":"max-image-preview:large","max-video-preview":"max-video-preview:-1"},"canonical":"https:\/\/www.sonoraenequipo.com.mx\/revelara-sheinbaum-titulares-de-turismo-trabajo-y-cultura-este-jueves-18-de-julio\/","og_locale":"es_ES","og_type":"article","og_title":"Sonora en Equipo. Revelar\u00e1 Sheinbaum titulares de Turismo, Trabajo y Cultura este jueves 18 de julio. Rep\u00fablica","og_description":"CIUDAD DE M\u00c9XICO. MX. \u2014 La virtual presidenta electa Claudia Sheinbaum, revel\u00f3 que est\u00e9 jueves 18 de julio dar\u00e1 a conocer el nombre de otros tres En Sonora en Equipo publicamos toda la informaci\u00f3n de Sonora, M\u00e9xico y el Mundo de manera oportuna y busca que la libertad de expresi\u00f3n sea real. Visita nuestro medio informativo publicado desde Hermosillo, Sonora. %","og_url":"https:\/\/www.sonoraenequipo.com.mx\/revelara-sheinbaum-titulares-de-turismo-trabajo-y-cultura-este-jueves-18-de-julio\/","og_site_name":"Sonora en Equipo.","article_publisher":"https:\/\/www.facebook.com\/SonoraEE\/","article_author":"https:\/\/www.facebook.com\/SonoraEE","article_published_time":"2024-07-17T15:54:00+00:00","article_modified_time":"2024-07-18T02:27:42+00:00","og_image":[{"width":1922,"height":1082,"url":"https:\/\/www.sonoraenequipo.com.mx\/storage\/2024\/07\/Claudia-Sheinbaum-Pardo-min.jpg","type":"image\/jpeg"}],"author":"enequipo","twitter_card":"summary_large_image","twitter_creator":"@sonoraenequipo","twitter_site":"@sonoraenequipo","twitter_misc":{"Escrito por":"enequipo","Tiempo de lectura":"1 minuto"},"schema":{"@context":"https:\/\/schema.org","@graph":[{"@type":"Article","@id":"https:\/\/www.sonoraenequipo.com.mx\/revelara-sheinbaum-titulares-de-turismo-trabajo-y-cultura-este-jueves-18-de-julio\/#article","isPartOf":{"@id":"https:\/\/www.sonoraenequipo.com.mx\/revelara-sheinbaum-titulares-de-turismo-trabajo-y-cultura-este-jueves-18-de-julio\/"},"author":{"name":"enequipo","@id":"https:\/\/www.sonoraenequipo.com.mx\/#\/schema\/person\/50102df0fb23a8fa9e8effad8fa81386"},"headline":"Revelar\u00e1 Sheinbaum titulares de Turismo, Trabajo y Cultura este jueves 18 de julio.","datePublished":"2024-07-17T15:54:00+00:00","dateModified":"2024-07-18T02:27:42+00:00","mainEntityOfPage":{"@id":"https:\/\/www.sonoraenequipo.com.mx\/revelara-sheinbaum-titulares-de-turismo-trabajo-y-cultura-este-jueves-18-de-julio\/"},"wordCount":189,"commentCount":0,"publisher":{"@id":"https:\/\/www.sonoraenequipo.com.mx\/#organization"},"image":{"@id":"https:\/\/www.sonoraenequipo.com.mx\/revelara-sheinbaum-titulares-de-turismo-trabajo-y-cultura-este-jueves-18-de-julio\/#primaryimage"},"thumbnailUrl":"https:\/\/www.sonoraenequipo.com.mx\/storage\/2024\/07\/Claudia-Sheinbaum-Pardo-min.jpg","articleSection":["Rep\u00fablica"],"inLanguage":"es","potentialAction":[{"@type":"CommentAction","name":"Comment","target":["https:\/\/www.sonoraenequipo.com.mx\/revelara-sheinbaum-titulares-de-turismo-trabajo-y-cultura-este-jueves-18-de-julio\/#respond"]}]},{"@type":"WebPage","@id":"https:\/\/www.sonoraenequipo.com.mx\/revelara-sheinbaum-titulares-de-turismo-trabajo-y-cultura-este-jueves-18-de-julio\/","url":"https:\/\/www.sonoraenequipo.com.mx\/revelara-sheinbaum-titulares-de-turismo-trabajo-y-cultura-este-jueves-18-de-julio\/","name":"Sonora en Equipo. Revelar\u00e1 Sheinbaum titulares de Turismo, Trabajo y Cultura este jueves 18 de julio. Rep\u00fablica","isPartOf":{"@id":"https:\/\/www.sonoraenequipo.com.mx\/#website"},"primaryImageOfPage":{"@id":"https:\/\/www.sonoraenequipo.com.mx\/revelara-sheinbaum-titulares-de-turismo-trabajo-y-cultura-este-jueves-18-de-julio\/#primaryimage"},"image":{"@id":"https:\/\/www.sonoraenequipo.com.mx\/revelara-sheinbaum-titulares-de-turismo-trabajo-y-cultura-este-jueves-18-de-julio\/#primaryimage"},"thumbnailUrl":"https:\/\/www.sonoraenequipo.com.mx\/storage\/2024\/07\/Claudia-Sheinbaum-Pardo-min.jpg","datePublished":"2024-07-17T15:54:00+00:00","dateModified":"2024-07-18T02:27:42+00:00","description":"CIUDAD DE M\u00c9XICO. MX. \u2014 La virtual presidenta electa Claudia Sheinbaum, revel\u00f3 que est\u00e9 jueves 18 de julio dar\u00e1 a conocer el nombre de otros tres En Sonora en Equipo publicamos toda la informaci\u00f3n de Sonora, M\u00e9xico y el Mundo de manera oportuna y busca que la libertad de expresi\u00f3n sea real. Visita nuestro medio informativo publicado desde Hermosillo, Sonora. %","breadcrumb":{"@id":"https:\/\/www.sonoraenequipo.com.mx\/revelara-sheinbaum-titulares-de-turismo-trabajo-y-cultura-este-jueves-18-de-julio\/#breadcrumb"},"inLanguage":"es","potentialAction":[{"@type":"ReadAction","target":["https:\/\/www.sonoraenequipo.com.mx\/revelara-sheinbaum-titulares-de-turismo-trabajo-y-cultura-este-jueves-18-de-julio\/"]}]},{"@type":"ImageObject","inLanguage":"es","@id":"https:\/\/www.sonoraenequipo.com.mx\/revelara-sheinbaum-titulares-de-turismo-trabajo-y-cultura-este-jueves-18-de-julio\/#primaryimage","url":"https:\/\/www.sonoraenequipo.com.mx\/storage\/2024\/07\/Claudia-Sheinbaum-Pardo-min.jpg","contentUrl":"https:\/\/www.sonoraenequipo.com.mx\/storage\/2024\/07\/Claudia-Sheinbaum-Pardo-min.jpg","width":1922,"height":1082},{"@type":"BreadcrumbList","@id":"https:\/\/www.sonoraenequipo.com.mx\/revelara-sheinbaum-titulares-de-turismo-trabajo-y-cultura-este-jueves-18-de-julio\/#breadcrumb","itemListElement":[{"@type":"ListItem","position":1,"name":"Portada","item":"https:\/\/www.sonoraenequipo.com.mx\/"},{"@type":"ListItem","position":2,"name":"Revelar\u00e1 Sheinbaum titulares de Turismo, Trabajo y Cultura este jueves 18 de julio."}]},{"@type":"WebSite","@id":"https:\/\/www.sonoraenequipo.com.mx\/#website","url":"https:\/\/www.sonoraenequipo.com.mx\/","name":"Sonora en Equipo.","description":"Diario en l\u00ednea con Noticias desde Hermosillo, Sonora","publisher":{"@id":"https:\/\/www.sonoraenequipo.com.mx\/#organization"},"potentialAction":[{"@type":"SearchAction","target":{"@type":"EntryPoint","urlTemplate":"https:\/\/www.sonoraenequipo.com.mx\/?s={search_term_string}"},"query-input":{"@type":"PropertyValueSpecification","valueRequired":true,"valueName":"search_term_string"}}],"inLanguage":"es"},{"@type":"Organization","@id":"https:\/\/www.sonoraenequipo.com.mx\/#organization","name":"Sonoraenequipo.com.mx","url":"https:\/\/www.sonoraenequipo.com.mx\/","logo":{"@type":"ImageObject","inLanguage":"es","@id":"https:\/\/www.sonoraenequipo.com.mx\/#\/schema\/logo\/image\/","url":"https:\/\/www.sonoraenequipo.com.mx\/storage\/2019\/01\/sonoraenequipo_opt.png","contentUrl":"https:\/\/www.sonoraenequipo.com.mx\/storage\/2019\/01\/sonoraenequipo_opt.png","width":375,"height":125,"caption":"Sonoraenequipo.com.mx"},"image":{"@id":"https:\/\/www.sonoraenequipo.com.mx\/#\/schema\/logo\/image\/"},"sameAs":["https:\/\/www.facebook.com\/SonoraEE\/","https:\/\/x.com\/sonoraenequipo","https:\/\/www.youtube.com\/channel\/UC338nW-lPEYmJQs4ZABQ1SQ"]},{"@type":"Person","@id":"https:\/\/www.sonoraenequipo.com.mx\/#\/schema\/person\/50102df0fb23a8fa9e8effad8fa81386","name":"enequipo","image":{"@type":"ImageObject","inLanguage":"es","@id":"https:\/\/www.sonoraenequipo.com.mx\/#\/schema\/person\/image\/","url":"https:\/\/secure.gravatar.com\/avatar\/049821681b589dabc0bc20695993ccebb09f5b5d4d790cd9251b97faac7c652b?s=96&d=blank&r=g","contentUrl":"https:\/\/secure.gravatar.com\/avatar\/049821681b589dabc0bc20695993ccebb09f5b5d4d790cd9251b97faac7c652b?s=96&d=blank&r=g","caption":"enequipo"},"sameAs":["https:\/\/www.facebook.com\/SonoraEE"]}]}},"jetpack_featured_media_url":"https:\/\/www.sonoraenequipo.com.mx\/storage\/2024\/07\/Claudia-Sheinbaum-Pardo-min.jpg","_links":{"self":[{"href":"https:\/\/www.sonoraenequipo.com.mx\/api\/wp\/v2\/posts\/194795","targetHints":{"allow":["GET"]}}],"collection":[{"href":"https:\/\/www.sonoraenequipo.com.mx\/api\/wp\/v2\/posts"}],"about":[{"href":"https:\/\/www.sonoraenequipo.com.mx\/api\/wp\/v2\/types\/post"}],"author":[{"embeddable":true,"href":"https:\/\/www.sonoraenequipo.com.mx\/api\/wp\/v2\/users\/1"}],"replies":[{"embeddable":true,"href":"https:\/\/www.sonoraenequipo.com.mx\/api\/wp\/v2\/comments?post=194795"}],"version-history":[{"count":2,"href":"https:\/\/www.sonoraenequipo.com.mx\/api\/wp\/v2\/posts\/194795\/revisions"}],"predecessor-version":[{"id":194803,"href":"https:\/\/www.sonoraenequipo.com.mx\/api\/wp\/v2\/posts\/194795\/revisions\/194803"}],"wp:featuredmedia":[{"embeddable":true,"href":"https:\/\/www.sonoraenequipo.com.mx\/api\/wp\/v2\/media\/194796"}],"wp:attachment":[{"href":"https:\/\/www.sonoraenequipo.com.mx\/api\/wp\/v2\/media?parent=194795"}],"wp:term":[{"taxonomy":"category","embeddable":true,"href":"https:\/\/www.sonoraenequipo.com.mx\/api\/wp\/v2\/categories?post=194795"},{"taxonomy":"post_tag","embeddable":true,"href":"https:\/\/www.sonoraenequipo.com.mx\/api\/wp\/v2\/tags?post=194795"}],"curies":[{"name":"wp","href":"https:\/\/api.w.org\/{rel}","templated":true}]}}