{"id":194799,"date":"2024-07-17T19:19:12","date_gmt":"2024-07-18T02:19:12","guid":{"rendered":"https:\/\/www.sonoraenequipo.com.mx\/?p=194799"},"modified":"2024-07-17T19:19:12","modified_gmt":"2024-07-18T02:19:12","slug":"joe-biden-da-positivo-a-covid","status":"publish","type":"post","link":"https:\/\/www.sonoraenequipo.com.mx\/joe-biden-da-positivo-a-covid\/","title":{"rendered":"Joe Biden da positivo a Covid"},"content":{"rendered":"<h3>Presidente de EU cancela sus eventos en Las Vegas y quien experimenta s\u00edntomas leves. Llevar\u00e1 a cabo su cuarentena en Delaware<\/h3>\n<p>&nbsp;<\/p>\n<p>&nbsp;<\/p>\n<p><strong>ESTADOS UNIDOS. \u2014 <\/strong>\u00a0La Casa Blanca inform\u00f3 que el presidente de Estados Unidos, Joe Biden, quien actualmente tiene 81 a\u00f1os, dio positivo a Covid-19 este mi\u00e9rcoles 17 de julio de 2024.<\/p>\n<p>&nbsp;<\/p>\n<p>&nbsp;<\/p>\n<p>&nbsp;<\/p>\n<p> <\/p>\n<p><em><strong>Est\u00e1 vacunado y reforzado, y sufre s\u00edntomas leves\u00bb,<\/strong><\/em> dijo en el comunicado Karine Jean-Pierre, portavoz de la Presidencia. El mandatario y candidato dem\u00f3crata a la reelecci\u00f3n de 81 a\u00f1os, quien ten\u00eda previstos actos de campa\u00f1a en Las Vegas, ten\u00eda secreci\u00f3n nasal y tos, seg\u00fan el parte m\u00e9dico compartido por la Casa Blanca.<\/p>\n<p>&nbsp;<\/p>\n<p>El anuncio oficial fue divulgado minutos despu\u00e9s de que Janet Murgu\u00eda, presidenta de Unidos US, anunciara que el presidente cancelaba su participaci\u00f3n en un evento anual de la mayor organizaci\u00f3n nacional de derechos civiles de latinos, un importante grupo demogr\u00e1fico en su apuesta por la Casa Blanca.<\/p>\n<p>&nbsp;<\/p>\n<p><em><strong>\u00ab\u00c9l comparti\u00f3 su decepci\u00f3n de no poder venir estar tarde\u00bb,<\/strong><\/em> dijo Janet Murgu\u00eda, presidenta de Unidos US a los m\u00e1s de mil personas que aguardaban al mandatario en el MGM Convention Center de Las Vegas.<\/p>\n<p>&nbsp;<\/p>\n<p>&nbsp;<\/p>\n<p><em><strong>\u00abEl presidente estuvo en muchos eventos como sabemos, y dio positivo para COVID\u00bb<\/strong><\/em>, agreg\u00f3 Murgu\u00eda causando un suspiro de la audiencia, que se dispers\u00f3 minutos despu\u00e9s.<\/p>\n<p>&nbsp;<\/p>\n<p>De acuerdo a un comunicado oficial divulgado por la Presidencia de EU, el mandatario present\u00f3 la tarde del mi\u00e9rcoles \u00abs\u00edntomas respiratorios superiores, que incluyen rinorrea (secreci\u00f3n nasal) y tos no productiva, con malestar general\u00bb.<\/p>\n<p>&nbsp;<\/p>\n<p>La Casa Blanca tambi\u00e9n confirm\u00f3 que Biden se <em><strong>\u00abautoaislar\u00e1\u00bb<\/strong><\/em> de acuerdo con las recomendaciones para personas sintom\u00e1ticas. Adem\u00e1s, se inform\u00f3 que el mandatario se realizar\u00e1 las pruebas de confirmaci\u00f3n PCR.<\/p>\n<p>&nbsp;<\/p>\n<p>&nbsp;<\/p>\n<p>Sus s\u00edntomas siguen siendo leves, su frecuencia respiratoria es normal a 16, su temperatura es normal a 97,8 y su oximetr\u00eda de pulso es normal a 97 por ciento. El presidente ha recibido su primera dosis de <strong>Paxlovid\u00bb.<\/strong><\/p>\n<p>&nbsp;<\/p>\n<p>&nbsp;<\/p>\n<p>PUBLICADO EL 17 DE JULIO DE 2024 Con informaci\u00f3n de EE\/ARIZONA\/redes sociales)<\/p>\n","protected":false},"excerpt":{"rendered":"<p>Presidente de EU cancela sus eventos en Las Vegas y quien experimenta s\u00edntomas leves. Llevar\u00e1&#8230;<\/p>\n","protected":false},"author":1,"featured_media":194800,"comment_status":"open","ping_status":"open","sticky":false,"template":"","format":"standard","meta":{"_monsterinsights_skip_tracking":false,"_monsterinsights_sitenote_active":false,"_monsterinsights_sitenote_note":"","_monsterinsights_sitenote_category":0,"footnotes":""},"categories":[3],"tags":[],"class_list":["post"],"yoast_head":" \n<title>Sonora en Equipo. Joe Biden da positivo a Covid MUNDO<\/title>\n<meta name=\"description\" content=\"Presidente de EU cancela sus eventos en Las Vegas y quien experimenta s\u00edntomas leves. Llevar\u00e1 a cabo su cuarentena en Delaware &nbsp; &nbsp; ESTADOS En Sonora en Equipo publicamos toda la informaci\u00f3n de Sonora, M\u00e9xico y el Mundo de manera oportuna y busca que la libertad de expresi\u00f3n sea real. Visita nuestro medio informativo publicado desde Hermosillo, Sonora. %\" \/>\n<meta name=\"robots\" content=\"index, follow, max-snippet:-1, max-image-preview:large, max-video-preview:-1\" \/>\n<link rel=\"canonical\" href=\"https:\/\/www.sonoraenequipo.com.mx\/joe-biden-da-positivo-a-covid\/\" \/>\n<meta property=\"og:locale\" content=\"es_ES\" \/>\n<meta property=\"og:type\" content=\"article\" \/>\n<meta property=\"og:title\" content=\"Sonora en Equipo. Joe Biden da positivo a Covid MUNDO\" \/>\n<meta property=\"og:description\" content=\"Presidente de EU cancela sus eventos en Las Vegas y quien experimenta s\u00edntomas leves. Llevar\u00e1 a cabo su cuarentena en Delaware &nbsp; &nbsp; ESTADOS En Sonora en Equipo publicamos toda la informaci\u00f3n de Sonora, M\u00e9xico y el Mundo de manera oportuna y busca que la libertad de expresi\u00f3n sea real. Visita nuestro medio informativo publicado desde Hermosillo, Sonora. %\" \/>\n<meta property=\"og:url\" content=\"https:\/\/www.sonoraenequipo.com.mx\/joe-biden-da-positivo-a-covid\/\" \/>\n<meta property=\"og:site_name\" content=\"Sonora en Equipo.\" \/>\n<meta property=\"article:publisher\" content=\"https:\/\/www.facebook.com\/SonoraEE\/\" \/>\n<meta property=\"article:author\" content=\"https:\/\/www.facebook.com\/SonoraEE\" \/>\n<meta property=\"article:published_time\" content=\"2024-07-18T02:19:12+00:00\" \/>\n<meta property=\"og:image\" content=\"https:\/\/www.sonoraenequipo.com.mx\/storage\/2024\/07\/joe-biden-positivo-al-covid-min.jpg\" \/>\n\t<meta property=\"og:image:width\" content=\"900\" \/>\n\t<meta property=\"og:image:height\" content=\"501\" \/>\n\t<meta property=\"og:image:type\" content=\"image\/jpeg\" \/>\n<meta name=\"author\" content=\"enequipo\" \/>\n<meta name=\"twitter:card\" content=\"summary_large_image\" \/>\n<meta name=\"twitter:creator\" content=\"@sonoraenequipo\" \/>\n<meta name=\"twitter:site\" content=\"@sonoraenequipo\" \/>\n<meta name=\"twitter:label1\" content=\"Escrito por\" \/>\n\t<meta name=\"twitter:data1\" content=\"enequipo\" \/>\n\t<meta name=\"twitter:label2\" content=\"Tiempo de lectura\" \/>\n\t<meta name=\"twitter:data2\" content=\"2 minutos\" \/>\n<script type=\"application\/ld+json\" class=\"yoast-schema-graph\">{\"@context\":\"https:\/\/schema.org\",\"@graph\":[{\"@type\":\"Article\",\"@id\":\"https:\/\/www.sonoraenequipo.com.mx\/joe-biden-da-positivo-a-covid\/#article\",\"isPartOf\":{\"@id\":\"https:\/\/www.sonoraenequipo.com.mx\/joe-biden-da-positivo-a-covid\/\"},\"author\":{\"name\":\"enequipo\",\"@id\":\"https:\/\/www.sonoraenequipo.com.mx\/#\/schema\/person\/50102df0fb23a8fa9e8effad8fa81386\"},\"headline\":\"Joe Biden da positivo a Covid\",\"datePublished\":\"2024-07-18T02:19:12+00:00\",\"mainEntityOfPage\":{\"@id\":\"https:\/\/www.sonoraenequipo.com.mx\/joe-biden-da-positivo-a-covid\/\"},\"wordCount\":372,\"commentCount\":0,\"publisher\":{\"@id\":\"https:\/\/www.sonoraenequipo.com.mx\/#organization\"},\"image\":{\"@id\":\"https:\/\/www.sonoraenequipo.com.mx\/joe-biden-da-positivo-a-covid\/#primaryimage\"},\"thumbnailUrl\":\"https:\/\/www.sonoraenequipo.com.mx\/storage\/2024\/07\/joe-biden-positivo-al-covid-min.jpg\",\"articleSection\":[\"MUNDO\"],\"inLanguage\":\"es\",\"potentialAction\":[{\"@type\":\"CommentAction\",\"name\":\"Comment\",\"target\":[\"https:\/\/www.sonoraenequipo.com.mx\/joe-biden-da-positivo-a-covid\/#respond\"]}]},{\"@type\":\"WebPage\",\"@id\":\"https:\/\/www.sonoraenequipo.com.mx\/joe-biden-da-positivo-a-covid\/\",\"url\":\"https:\/\/www.sonoraenequipo.com.mx\/joe-biden-da-positivo-a-covid\/\",\"name\":\"Sonora en Equipo. Joe Biden da positivo a Covid MUNDO\",\"isPartOf\":{\"@id\":\"https:\/\/www.sonoraenequipo.com.mx\/#website\"},\"primaryImageOfPage\":{\"@id\":\"https:\/\/www.sonoraenequipo.com.mx\/joe-biden-da-positivo-a-covid\/#primaryimage\"},\"image\":{\"@id\":\"https:\/\/www.sonoraenequipo.com.mx\/joe-biden-da-positivo-a-covid\/#primaryimage\"},\"thumbnailUrl\":\"https:\/\/www.sonoraenequipo.com.mx\/storage\/2024\/07\/joe-biden-positivo-al-covid-min.jpg\",\"datePublished\":\"2024-07-18T02:19:12+00:00\",\"description\":\"Presidente de EU cancela sus eventos en Las Vegas y quien experimenta s\u00edntomas leves. Llevar\u00e1 a cabo su cuarentena en Delaware &nbsp; &nbsp; ESTADOS En Sonora en Equipo publicamos toda la informaci\u00f3n de Sonora, M\u00e9xico y el Mundo de manera oportuna y busca que la libertad de expresi\u00f3n sea real. Visita nuestro medio informativo publicado desde Hermosillo, Sonora. %\",\"breadcrumb\":{\"@id\":\"https:\/\/www.sonoraenequipo.com.mx\/joe-biden-da-positivo-a-covid\/#breadcrumb\"},\"inLanguage\":\"es\",\"potentialAction\":[{\"@type\":\"ReadAction\",\"target\":[\"https:\/\/www.sonoraenequipo.com.mx\/joe-biden-da-positivo-a-covid\/\"]}]},{\"@type\":\"ImageObject\",\"inLanguage\":\"es\",\"@id\":\"https:\/\/www.sonoraenequipo.com.mx\/joe-biden-da-positivo-a-covid\/#primaryimage\",\"url\":\"https:\/\/www.sonoraenequipo.com.mx\/storage\/2024\/07\/joe-biden-positivo-al-covid-min.jpg\",\"contentUrl\":\"https:\/\/www.sonoraenequipo.com.mx\/storage\/2024\/07\/joe-biden-positivo-al-covid-min.jpg\",\"width\":900,\"height\":501},{\"@type\":\"BreadcrumbList\",\"@id\":\"https:\/\/www.sonoraenequipo.com.mx\/joe-biden-da-positivo-a-covid\/#breadcrumb\",\"itemListElement\":[{\"@type\":\"ListItem\",\"position\":1,\"name\":\"Portada\",\"item\":\"https:\/\/www.sonoraenequipo.com.mx\/\"},{\"@type\":\"ListItem\",\"position\":2,\"name\":\"Joe Biden da positivo a Covid\"}]},{\"@type\":\"WebSite\",\"@id\":\"https:\/\/www.sonoraenequipo.com.mx\/#website\",\"url\":\"https:\/\/www.sonoraenequipo.com.mx\/\",\"name\":\"Sonora en Equipo.\",\"description\":\"Diario en l\u00ednea con Noticias desde Hermosillo, Sonora\",\"publisher\":{\"@id\":\"https:\/\/www.sonoraenequipo.com.mx\/#organization\"},\"potentialAction\":[{\"@type\":\"SearchAction\",\"target\":{\"@type\":\"EntryPoint\",\"urlTemplate\":\"https:\/\/www.sonoraenequipo.com.mx\/?s={search_term_string}\"},\"query-input\":{\"@type\":\"PropertyValueSpecification\",\"valueRequired\":true,\"valueName\":\"search_term_string\"}}],\"inLanguage\":\"es\"},{\"@type\":\"Organization\",\"@id\":\"https:\/\/www.sonoraenequipo.com.mx\/#organization\",\"name\":\"Sonoraenequipo.com.mx\",\"url\":\"https:\/\/www.sonoraenequipo.com.mx\/\",\"logo\":{\"@type\":\"ImageObject\",\"inLanguage\":\"es\",\"@id\":\"https:\/\/www.sonoraenequipo.com.mx\/#\/schema\/logo\/image\/\",\"url\":\"https:\/\/www.sonoraenequipo.com.mx\/storage\/2019\/01\/sonoraenequipo_opt.png\",\"contentUrl\":\"https:\/\/www.sonoraenequipo.com.mx\/storage\/2019\/01\/sonoraenequipo_opt.png\",\"width\":375,\"height\":125,\"caption\":\"Sonoraenequipo.com.mx\"},\"image\":{\"@id\":\"https:\/\/www.sonoraenequipo.com.mx\/#\/schema\/logo\/image\/\"},\"sameAs\":[\"https:\/\/www.facebook.com\/SonoraEE\/\",\"https:\/\/x.com\/sonoraenequipo\",\"https:\/\/www.youtube.com\/channel\/UC338nW-lPEYmJQs4ZABQ1SQ\"]},{\"@type\":\"Person\",\"@id\":\"https:\/\/www.sonoraenequipo.com.mx\/#\/schema\/person\/50102df0fb23a8fa9e8effad8fa81386\",\"name\":\"enequipo\",\"image\":{\"@type\":\"ImageObject\",\"inLanguage\":\"es\",\"@id\":\"https:\/\/www.sonoraenequipo.com.mx\/#\/schema\/person\/image\/\",\"url\":\"https:\/\/secure.gravatar.com\/avatar\/049821681b589dabc0bc20695993ccebb09f5b5d4d790cd9251b97faac7c652b?s=96&d=blank&r=g\",\"contentUrl\":\"https:\/\/secure.gravatar.com\/avatar\/049821681b589dabc0bc20695993ccebb09f5b5d4d790cd9251b97faac7c652b?s=96&d=blank&r=g\",\"caption\":\"enequipo\"},\"sameAs\":[\"https:\/\/www.facebook.com\/SonoraEE\"]}]}<\/script>\n ","yoast_head_json":{"title":"Sonora en Equipo. Joe Biden da positivo a Covid MUNDO","description":"Presidente de EU cancela sus eventos en Las Vegas y quien experimenta s\u00edntomas leves. Llevar\u00e1 a cabo su cuarentena en Delaware &nbsp; &nbsp; ESTADOS En Sonora en Equipo publicamos toda la informaci\u00f3n de Sonora, M\u00e9xico y el Mundo de manera oportuna y busca que la libertad de expresi\u00f3n sea real. Visita nuestro medio informativo publicado desde Hermosillo, Sonora. %","robots":{"index":"index","follow":"follow","max-snippet":"max-snippet:-1","max-image-preview":"max-image-preview:large","max-video-preview":"max-video-preview:-1"},"canonical":"https:\/\/www.sonoraenequipo.com.mx\/joe-biden-da-positivo-a-covid\/","og_locale":"es_ES","og_type":"article","og_title":"Sonora en Equipo. Joe Biden da positivo a Covid MUNDO","og_description":"Presidente de EU cancela sus eventos en Las Vegas y quien experimenta s\u00edntomas leves. Llevar\u00e1 a cabo su cuarentena en Delaware &nbsp; &nbsp; ESTADOS En Sonora en Equipo publicamos toda la informaci\u00f3n de Sonora, M\u00e9xico y el Mundo de manera oportuna y busca que la libertad de expresi\u00f3n sea real. Visita nuestro medio informativo publicado desde Hermosillo, Sonora. %","og_url":"https:\/\/www.sonoraenequipo.com.mx\/joe-biden-da-positivo-a-covid\/","og_site_name":"Sonora en Equipo.","article_publisher":"https:\/\/www.facebook.com\/SonoraEE\/","article_author":"https:\/\/www.facebook.com\/SonoraEE","article_published_time":"2024-07-18T02:19:12+00:00","og_image":[{"width":900,"height":501,"url":"https:\/\/www.sonoraenequipo.com.mx\/storage\/2024\/07\/joe-biden-positivo-al-covid-min.jpg","type":"image\/jpeg"}],"author":"enequipo","twitter_card":"summary_large_image","twitter_creator":"@sonoraenequipo","twitter_site":"@sonoraenequipo","twitter_misc":{"Escrito por":"enequipo","Tiempo de lectura":"2 minutos"},"schema":{"@context":"https:\/\/schema.org","@graph":[{"@type":"Article","@id":"https:\/\/www.sonoraenequipo.com.mx\/joe-biden-da-positivo-a-covid\/#article","isPartOf":{"@id":"https:\/\/www.sonoraenequipo.com.mx\/joe-biden-da-positivo-a-covid\/"},"author":{"name":"enequipo","@id":"https:\/\/www.sonoraenequipo.com.mx\/#\/schema\/person\/50102df0fb23a8fa9e8effad8fa81386"},"headline":"Joe Biden da positivo a Covid","datePublished":"2024-07-18T02:19:12+00:00","mainEntityOfPage":{"@id":"https:\/\/www.sonoraenequipo.com.mx\/joe-biden-da-positivo-a-covid\/"},"wordCount":372,"commentCount":0,"publisher":{"@id":"https:\/\/www.sonoraenequipo.com.mx\/#organization"},"image":{"@id":"https:\/\/www.sonoraenequipo.com.mx\/joe-biden-da-positivo-a-covid\/#primaryimage"},"thumbnailUrl":"https:\/\/www.sonoraenequipo.com.mx\/storage\/2024\/07\/joe-biden-positivo-al-covid-min.jpg","articleSection":["MUNDO"],"inLanguage":"es","potentialAction":[{"@type":"CommentAction","name":"Comment","target":["https:\/\/www.sonoraenequipo.com.mx\/joe-biden-da-positivo-a-covid\/#respond"]}]},{"@type":"WebPage","@id":"https:\/\/www.sonoraenequipo.com.mx\/joe-biden-da-positivo-a-covid\/","url":"https:\/\/www.sonoraenequipo.com.mx\/joe-biden-da-positivo-a-covid\/","name":"Sonora en Equipo. Joe Biden da positivo a Covid MUNDO","isPartOf":{"@id":"https:\/\/www.sonoraenequipo.com.mx\/#website"},"primaryImageOfPage":{"@id":"https:\/\/www.sonoraenequipo.com.mx\/joe-biden-da-positivo-a-covid\/#primaryimage"},"image":{"@id":"https:\/\/www.sonoraenequipo.com.mx\/joe-biden-da-positivo-a-covid\/#primaryimage"},"thumbnailUrl":"https:\/\/www.sonoraenequipo.com.mx\/storage\/2024\/07\/joe-biden-positivo-al-covid-min.jpg","datePublished":"2024-07-18T02:19:12+00:00","description":"Presidente de EU cancela sus eventos en Las Vegas y quien experimenta s\u00edntomas leves. Llevar\u00e1 a cabo su cuarentena en Delaware &nbsp; &nbsp; ESTADOS En Sonora en Equipo publicamos toda la informaci\u00f3n de Sonora, M\u00e9xico y el Mundo de manera oportuna y busca que la libertad de expresi\u00f3n sea real. Visita nuestro medio informativo publicado desde Hermosillo, Sonora. %","breadcrumb":{"@id":"https:\/\/www.sonoraenequipo.com.mx\/joe-biden-da-positivo-a-covid\/#breadcrumb"},"inLanguage":"es","potentialAction":[{"@type":"ReadAction","target":["https:\/\/www.sonoraenequipo.com.mx\/joe-biden-da-positivo-a-covid\/"]}]},{"@type":"ImageObject","inLanguage":"es","@id":"https:\/\/www.sonoraenequipo.com.mx\/joe-biden-da-positivo-a-covid\/#primaryimage","url":"https:\/\/www.sonoraenequipo.com.mx\/storage\/2024\/07\/joe-biden-positivo-al-covid-min.jpg","contentUrl":"https:\/\/www.sonoraenequipo.com.mx\/storage\/2024\/07\/joe-biden-positivo-al-covid-min.jpg","width":900,"height":501},{"@type":"BreadcrumbList","@id":"https:\/\/www.sonoraenequipo.com.mx\/joe-biden-da-positivo-a-covid\/#breadcrumb","itemListElement":[{"@type":"ListItem","position":1,"name":"Portada","item":"https:\/\/www.sonoraenequipo.com.mx\/"},{"@type":"ListItem","position":2,"name":"Joe Biden da positivo a Covid"}]},{"@type":"WebSite","@id":"https:\/\/www.sonoraenequipo.com.mx\/#website","url":"https:\/\/www.sonoraenequipo.com.mx\/","name":"Sonora en Equipo.","description":"Diario en l\u00ednea con Noticias desde Hermosillo, Sonora","publisher":{"@id":"https:\/\/www.sonoraenequipo.com.mx\/#organization"},"potentialAction":[{"@type":"SearchAction","target":{"@type":"EntryPoint","urlTemplate":"https:\/\/www.sonoraenequipo.com.mx\/?s={search_term_string}"},"query-input":{"@type":"PropertyValueSpecification","valueRequired":true,"valueName":"search_term_string"}}],"inLanguage":"es"},{"@type":"Organization","@id":"https:\/\/www.sonoraenequipo.com.mx\/#organization","name":"Sonoraenequipo.com.mx","url":"https:\/\/www.sonoraenequipo.com.mx\/","logo":{"@type":"ImageObject","inLanguage":"es","@id":"https:\/\/www.sonoraenequipo.com.mx\/#\/schema\/logo\/image\/","url":"https:\/\/www.sonoraenequipo.com.mx\/storage\/2019\/01\/sonoraenequipo_opt.png","contentUrl":"https:\/\/www.sonoraenequipo.com.mx\/storage\/2019\/01\/sonoraenequipo_opt.png","width":375,"height":125,"caption":"Sonoraenequipo.com.mx"},"image":{"@id":"https:\/\/www.sonoraenequipo.com.mx\/#\/schema\/logo\/image\/"},"sameAs":["https:\/\/www.facebook.com\/SonoraEE\/","https:\/\/x.com\/sonoraenequipo","https:\/\/www.youtube.com\/channel\/UC338nW-lPEYmJQs4ZABQ1SQ"]},{"@type":"Person","@id":"https:\/\/www.sonoraenequipo.com.mx\/#\/schema\/person\/50102df0fb23a8fa9e8effad8fa81386","name":"enequipo","image":{"@type":"ImageObject","inLanguage":"es","@id":"https:\/\/www.sonoraenequipo.com.mx\/#\/schema\/person\/image\/","url":"https:\/\/secure.gravatar.com\/avatar\/049821681b589dabc0bc20695993ccebb09f5b5d4d790cd9251b97faac7c652b?s=96&d=blank&r=g","contentUrl":"https:\/\/secure.gravatar.com\/avatar\/049821681b589dabc0bc20695993ccebb09f5b5d4d790cd9251b97faac7c652b?s=96&d=blank&r=g","caption":"enequipo"},"sameAs":["https:\/\/www.facebook.com\/SonoraEE"]}]}},"jetpack_featured_media_url":"https:\/\/www.sonoraenequipo.com.mx\/storage\/2024\/07\/joe-biden-positivo-al-covid-min.jpg","_links":{"self":[{"href":"https:\/\/www.sonoraenequipo.com.mx\/api\/wp\/v2\/posts\/194799","targetHints":{"allow":["GET"]}}],"collection":[{"href":"https:\/\/www.sonoraenequipo.com.mx\/api\/wp\/v2\/posts"}],"about":[{"href":"https:\/\/www.sonoraenequipo.com.mx\/api\/wp\/v2\/types\/post"}],"author":[{"embeddable":true,"href":"https:\/\/www.sonoraenequipo.com.mx\/api\/wp\/v2\/users\/1"}],"replies":[{"embeddable":true,"href":"https:\/\/www.sonoraenequipo.com.mx\/api\/wp\/v2\/comments?post=194799"}],"version-history":[{"count":1,"href":"https:\/\/www.sonoraenequipo.com.mx\/api\/wp\/v2\/posts\/194799\/revisions"}],"predecessor-version":[{"id":194801,"href":"https:\/\/www.sonoraenequipo.com.mx\/api\/wp\/v2\/posts\/194799\/revisions\/194801"}],"wp:featuredmedia":[{"embeddable":true,"href":"https:\/\/www.sonoraenequipo.com.mx\/api\/wp\/v2\/media\/194800"}],"wp:attachment":[{"href":"https:\/\/www.sonoraenequipo.com.mx\/api\/wp\/v2\/media?parent=194799"}],"wp:term":[{"taxonomy":"category","embeddable":true,"href":"https:\/\/www.sonoraenequipo.com.mx\/api\/wp\/v2\/categories?post=194799"},{"taxonomy":"post_tag","embeddable":true,"href":"https:\/\/www.sonoraenequipo.com.mx\/api\/wp\/v2\/tags?post=194799"}],"curies":[{"name":"wp","href":"https:\/\/api.w.org\/{rel}","templated":true}]}}