{"id":194804,"date":"2024-07-17T20:17:52","date_gmt":"2024-07-18T03:17:52","guid":{"rendered":"https:\/\/www.sonoraenequipo.com.mx\/?p=194804"},"modified":"2024-07-17T19:50:27","modified_gmt":"2024-07-18T02:50:27","slug":"cientificos-indagan-el-origen-del-cadaver-de-la-ballena-mas-rara-del-mundo","status":"publish","type":"post","link":"https:\/\/www.sonoraenequipo.com.mx\/cientificos-indagan-el-origen-del-cadaver-de-la-ballena-mas-rara-del-mundo\/","title":{"rendered":"Cient\u00edficos indagan el origen del cad\u00e1ver de la ballena m\u00e1s rara del mundo."},"content":{"rendered":"<p><strong>NUEVA ZELANDA. \u2014<\/strong> El cad\u00e1ver de una ballena inusual la cual apareci\u00f3 en playas de Nueva Zelanda ha tomado el inter\u00e9s de un grupo de cient\u00edficos para determinar si se trata de una especie conocida como dientes de pala, con el prop\u00f3sito de conocer m\u00e1s sobre ella pues se desconoce cu\u00e1ntos ejemplares hay, ni tampoco en d\u00f3nde vive.<\/p>\n<p> <\/p>\n<p>Hasta el momento, jam\u00e1s se ha registrado un avistamiento de las ballenas dientes de pala con vida, pues de los pocos ejemplares encontrados en las orillas de las playas; no obstante, cient\u00edficos de Nueva Zelanda aseguraron que de confirmar la identidad de la ballena encontrada en la playa cercana a Taiari Mouth, ser\u00eda un paso importante para su estudio.<\/p>\n<p>Desde el lunes, el Departamento de Conservaci\u00f3n (DOC) del pa\u00eds oce\u00e1nico inform\u00f3 que la ballena encallada en las playas de su territorio parece ser del tipo de dientes de pala, la cual fue encontrada desde el pasado 4 de julio.<\/p>\n<p><em><strong>\u201cTras una inspecci\u00f3n y consulta con expertos en mam\u00edferos marinos del DOC y Te Papa, parece que la criatura era un macho de ballena dientes de pala, una especie tan rara que pr\u00e1cticamente no se sabe nada sobre ella\u201d<\/strong><\/em>, afirm\u00f3 el Departamento mediante un comunicado.<\/p>\n<p>Al respecto, Gabe Davies, gerente de operaciones de DOC Coastal Otago, afirm\u00f3 que de confirmarse ser\u00eda un descubrimiento cient\u00edfico muy significativo, dado que desde el siglo XIX, solamente se han visto seis avistamientos de la rara especie de ballenas.<\/p>\n<p>De forma que los hombres de ciencia pueden tener la oportunidad de diseccionar a la ballena que a\u00fan est\u00e1 en buenas condiciones, para ello se enviaron muestras gen\u00e9ticas a la Universidad de Auckland, a cargo del Archivo de Tejidos de Cet\u00e1ceos de Nueva Zelanda, no obstante los resultados pueden tardar.<\/p>\n<p>PUBLICADO EL 17 DE JULIO DE 2024 Con informaci\u00f3n de Heraldo de M\u00e9xico)<\/p>\n","protected":false},"excerpt":{"rendered":"<p>NUEVA ZELANDA. \u2014 El cad\u00e1ver de una ballena inusual la cual apareci\u00f3 en playas de&#8230;<\/p>\n","protected":false},"author":1,"featured_media":194742,"comment_status":"open","ping_status":"open","sticky":false,"template":"","format":"standard","meta":{"_monsterinsights_skip_tracking":false,"_monsterinsights_sitenote_active":false,"_monsterinsights_sitenote_note":"","_monsterinsights_sitenote_category":0,"footnotes":""},"categories":[2216],"tags":[],"class_list":["post"],"yoast_head":" \n<title>Sonora en Equipo. Cient\u00edficos indagan el origen del cad\u00e1ver de la ballena m\u00e1s rara del mundo. Ciencia y Tecnolog\u00eda<\/title>\n<meta name=\"description\" content=\"NUEVA ZELANDA. \u2014 El cad\u00e1ver de una ballena inusual la cual apareci\u00f3 en playas de Nueva Zelanda ha tomado el inter\u00e9s de un grupo de cient\u00edficos para En Sonora en Equipo publicamos toda la informaci\u00f3n de Sonora, M\u00e9xico y el Mundo de manera oportuna y busca que la libertad de expresi\u00f3n sea real. Visita nuestro medio informativo publicado desde Hermosillo, Sonora. %\" \/>\n<meta name=\"robots\" content=\"index, follow, max-snippet:-1, max-image-preview:large, max-video-preview:-1\" \/>\n<link rel=\"canonical\" href=\"https:\/\/www.sonoraenequipo.com.mx\/cientificos-indagan-el-origen-del-cadaver-de-la-ballena-mas-rara-del-mundo\/\" \/>\n<meta property=\"og:locale\" content=\"es_ES\" \/>\n<meta property=\"og:type\" content=\"article\" \/>\n<meta property=\"og:title\" content=\"Sonora en Equipo. Cient\u00edficos indagan el origen del cad\u00e1ver de la ballena m\u00e1s rara del mundo. Ciencia y Tecnolog\u00eda\" \/>\n<meta property=\"og:description\" content=\"NUEVA ZELANDA. \u2014 El cad\u00e1ver de una ballena inusual la cual apareci\u00f3 en playas de Nueva Zelanda ha tomado el inter\u00e9s de un grupo de cient\u00edficos para En Sonora en Equipo publicamos toda la informaci\u00f3n de Sonora, M\u00e9xico y el Mundo de manera oportuna y busca que la libertad de expresi\u00f3n sea real. Visita nuestro medio informativo publicado desde Hermosillo, Sonora. %\" \/>\n<meta property=\"og:url\" content=\"https:\/\/www.sonoraenequipo.com.mx\/cientificos-indagan-el-origen-del-cadaver-de-la-ballena-mas-rara-del-mundo\/\" \/>\n<meta property=\"og:site_name\" content=\"Sonora en Equipo.\" \/>\n<meta property=\"article:publisher\" content=\"https:\/\/www.facebook.com\/SonoraEE\/\" \/>\n<meta property=\"article:author\" content=\"https:\/\/www.facebook.com\/SonoraEE\" \/>\n<meta property=\"article:published_time\" content=\"2024-07-18T03:17:52+00:00\" \/>\n<meta property=\"og:image\" content=\"https:\/\/www.sonoraenequipo.com.mx\/storage\/2024\/07\/ballena-mas-rara-del-mundo-min.jpg\" \/>\n\t<meta property=\"og:image:width\" content=\"900\" \/>\n\t<meta property=\"og:image:height\" content=\"488\" \/>\n\t<meta property=\"og:image:type\" content=\"image\/jpeg\" \/>\n<meta name=\"author\" content=\"enequipo\" \/>\n<meta name=\"twitter:card\" content=\"summary_large_image\" \/>\n<meta name=\"twitter:creator\" content=\"@sonoraenequipo\" \/>\n<meta name=\"twitter:site\" content=\"@sonoraenequipo\" \/>\n<meta name=\"twitter:label1\" content=\"Escrito por\" \/>\n\t<meta name=\"twitter:data1\" content=\"enequipo\" \/>\n\t<meta name=\"twitter:label2\" content=\"Tiempo de lectura\" \/>\n\t<meta name=\"twitter:data2\" content=\"2 minutos\" \/>\n<script type=\"application\/ld+json\" class=\"yoast-schema-graph\">{\"@context\":\"https:\/\/schema.org\",\"@graph\":[{\"@type\":\"Article\",\"@id\":\"https:\/\/www.sonoraenequipo.com.mx\/cientificos-indagan-el-origen-del-cadaver-de-la-ballena-mas-rara-del-mundo\/#article\",\"isPartOf\":{\"@id\":\"https:\/\/www.sonoraenequipo.com.mx\/cientificos-indagan-el-origen-del-cadaver-de-la-ballena-mas-rara-del-mundo\/\"},\"author\":{\"name\":\"enequipo\",\"@id\":\"https:\/\/www.sonoraenequipo.com.mx\/#\/schema\/person\/50102df0fb23a8fa9e8effad8fa81386\"},\"headline\":\"Cient\u00edficos indagan el origen del cad\u00e1ver de la ballena m\u00e1s rara del mundo.\",\"datePublished\":\"2024-07-18T03:17:52+00:00\",\"mainEntityOfPage\":{\"@id\":\"https:\/\/www.sonoraenequipo.com.mx\/cientificos-indagan-el-origen-del-cadaver-de-la-ballena-mas-rara-del-mundo\/\"},\"wordCount\":339,\"commentCount\":0,\"publisher\":{\"@id\":\"https:\/\/www.sonoraenequipo.com.mx\/#organization\"},\"image\":{\"@id\":\"https:\/\/www.sonoraenequipo.com.mx\/cientificos-indagan-el-origen-del-cadaver-de-la-ballena-mas-rara-del-mundo\/#primaryimage\"},\"thumbnailUrl\":\"https:\/\/www.sonoraenequipo.com.mx\/storage\/2024\/07\/ballena-mas-rara-del-mundo-min.jpg\",\"articleSection\":[\"Ciencia y Tecnolog\u00eda\"],\"inLanguage\":\"es\",\"potentialAction\":[{\"@type\":\"CommentAction\",\"name\":\"Comment\",\"target\":[\"https:\/\/www.sonoraenequipo.com.mx\/cientificos-indagan-el-origen-del-cadaver-de-la-ballena-mas-rara-del-mundo\/#respond\"]}]},{\"@type\":\"WebPage\",\"@id\":\"https:\/\/www.sonoraenequipo.com.mx\/cientificos-indagan-el-origen-del-cadaver-de-la-ballena-mas-rara-del-mundo\/\",\"url\":\"https:\/\/www.sonoraenequipo.com.mx\/cientificos-indagan-el-origen-del-cadaver-de-la-ballena-mas-rara-del-mundo\/\",\"name\":\"Sonora en Equipo. Cient\u00edficos indagan el origen del cad\u00e1ver de la ballena m\u00e1s rara del mundo. Ciencia y Tecnolog\u00eda\",\"isPartOf\":{\"@id\":\"https:\/\/www.sonoraenequipo.com.mx\/#website\"},\"primaryImageOfPage\":{\"@id\":\"https:\/\/www.sonoraenequipo.com.mx\/cientificos-indagan-el-origen-del-cadaver-de-la-ballena-mas-rara-del-mundo\/#primaryimage\"},\"image\":{\"@id\":\"https:\/\/www.sonoraenequipo.com.mx\/cientificos-indagan-el-origen-del-cadaver-de-la-ballena-mas-rara-del-mundo\/#primaryimage\"},\"thumbnailUrl\":\"https:\/\/www.sonoraenequipo.com.mx\/storage\/2024\/07\/ballena-mas-rara-del-mundo-min.jpg\",\"datePublished\":\"2024-07-18T03:17:52+00:00\",\"description\":\"NUEVA ZELANDA. \u2014 El cad\u00e1ver de una ballena inusual la cual apareci\u00f3 en playas de Nueva Zelanda ha tomado el inter\u00e9s de un grupo de cient\u00edficos para En Sonora en Equipo publicamos toda la informaci\u00f3n de Sonora, M\u00e9xico y el Mundo de manera oportuna y busca que la libertad de expresi\u00f3n sea real. Visita nuestro medio informativo publicado desde Hermosillo, Sonora. %\",\"breadcrumb\":{\"@id\":\"https:\/\/www.sonoraenequipo.com.mx\/cientificos-indagan-el-origen-del-cadaver-de-la-ballena-mas-rara-del-mundo\/#breadcrumb\"},\"inLanguage\":\"es\",\"potentialAction\":[{\"@type\":\"ReadAction\",\"target\":[\"https:\/\/www.sonoraenequipo.com.mx\/cientificos-indagan-el-origen-del-cadaver-de-la-ballena-mas-rara-del-mundo\/\"]}]},{\"@type\":\"ImageObject\",\"inLanguage\":\"es\",\"@id\":\"https:\/\/www.sonoraenequipo.com.mx\/cientificos-indagan-el-origen-del-cadaver-de-la-ballena-mas-rara-del-mundo\/#primaryimage\",\"url\":\"https:\/\/www.sonoraenequipo.com.mx\/storage\/2024\/07\/ballena-mas-rara-del-mundo-min.jpg\",\"contentUrl\":\"https:\/\/www.sonoraenequipo.com.mx\/storage\/2024\/07\/ballena-mas-rara-del-mundo-min.jpg\",\"width\":900,\"height\":488},{\"@type\":\"BreadcrumbList\",\"@id\":\"https:\/\/www.sonoraenequipo.com.mx\/cientificos-indagan-el-origen-del-cadaver-de-la-ballena-mas-rara-del-mundo\/#breadcrumb\",\"itemListElement\":[{\"@type\":\"ListItem\",\"position\":1,\"name\":\"Portada\",\"item\":\"https:\/\/www.sonoraenequipo.com.mx\/\"},{\"@type\":\"ListItem\",\"position\":2,\"name\":\"Cient\u00edficos indagan el origen del cad\u00e1ver de la ballena m\u00e1s rara del mundo.\"}]},{\"@type\":\"WebSite\",\"@id\":\"https:\/\/www.sonoraenequipo.com.mx\/#website\",\"url\":\"https:\/\/www.sonoraenequipo.com.mx\/\",\"name\":\"Sonora en Equipo.\",\"description\":\"Diario en l\u00ednea con Noticias desde Hermosillo, Sonora\",\"publisher\":{\"@id\":\"https:\/\/www.sonoraenequipo.com.mx\/#organization\"},\"potentialAction\":[{\"@type\":\"SearchAction\",\"target\":{\"@type\":\"EntryPoint\",\"urlTemplate\":\"https:\/\/www.sonoraenequipo.com.mx\/?s={search_term_string}\"},\"query-input\":{\"@type\":\"PropertyValueSpecification\",\"valueRequired\":true,\"valueName\":\"search_term_string\"}}],\"inLanguage\":\"es\"},{\"@type\":\"Organization\",\"@id\":\"https:\/\/www.sonoraenequipo.com.mx\/#organization\",\"name\":\"Sonoraenequipo.com.mx\",\"url\":\"https:\/\/www.sonoraenequipo.com.mx\/\",\"logo\":{\"@type\":\"ImageObject\",\"inLanguage\":\"es\",\"@id\":\"https:\/\/www.sonoraenequipo.com.mx\/#\/schema\/logo\/image\/\",\"url\":\"https:\/\/www.sonoraenequipo.com.mx\/storage\/2019\/01\/sonoraenequipo_opt.png\",\"contentUrl\":\"https:\/\/www.sonoraenequipo.com.mx\/storage\/2019\/01\/sonoraenequipo_opt.png\",\"width\":375,\"height\":125,\"caption\":\"Sonoraenequipo.com.mx\"},\"image\":{\"@id\":\"https:\/\/www.sonoraenequipo.com.mx\/#\/schema\/logo\/image\/\"},\"sameAs\":[\"https:\/\/www.facebook.com\/SonoraEE\/\",\"https:\/\/x.com\/sonoraenequipo\",\"https:\/\/www.youtube.com\/channel\/UC338nW-lPEYmJQs4ZABQ1SQ\"]},{\"@type\":\"Person\",\"@id\":\"https:\/\/www.sonoraenequipo.com.mx\/#\/schema\/person\/50102df0fb23a8fa9e8effad8fa81386\",\"name\":\"enequipo\",\"image\":{\"@type\":\"ImageObject\",\"inLanguage\":\"es\",\"@id\":\"https:\/\/www.sonoraenequipo.com.mx\/#\/schema\/person\/image\/\",\"url\":\"https:\/\/secure.gravatar.com\/avatar\/049821681b589dabc0bc20695993ccebb09f5b5d4d790cd9251b97faac7c652b?s=96&d=blank&r=g\",\"contentUrl\":\"https:\/\/secure.gravatar.com\/avatar\/049821681b589dabc0bc20695993ccebb09f5b5d4d790cd9251b97faac7c652b?s=96&d=blank&r=g\",\"caption\":\"enequipo\"},\"sameAs\":[\"https:\/\/www.facebook.com\/SonoraEE\"]}]}<\/script>\n ","yoast_head_json":{"title":"Sonora en Equipo. Cient\u00edficos indagan el origen del cad\u00e1ver de la ballena m\u00e1s rara del mundo. Ciencia y Tecnolog\u00eda","description":"NUEVA ZELANDA. \u2014 El cad\u00e1ver de una ballena inusual la cual apareci\u00f3 en playas de Nueva Zelanda ha tomado el inter\u00e9s de un grupo de cient\u00edficos para En Sonora en Equipo publicamos toda la informaci\u00f3n de Sonora, M\u00e9xico y el Mundo de manera oportuna y busca que la libertad de expresi\u00f3n sea real. Visita nuestro medio informativo publicado desde Hermosillo, Sonora. %","robots":{"index":"index","follow":"follow","max-snippet":"max-snippet:-1","max-image-preview":"max-image-preview:large","max-video-preview":"max-video-preview:-1"},"canonical":"https:\/\/www.sonoraenequipo.com.mx\/cientificos-indagan-el-origen-del-cadaver-de-la-ballena-mas-rara-del-mundo\/","og_locale":"es_ES","og_type":"article","og_title":"Sonora en Equipo. Cient\u00edficos indagan el origen del cad\u00e1ver de la ballena m\u00e1s rara del mundo. Ciencia y Tecnolog\u00eda","og_description":"NUEVA ZELANDA. \u2014 El cad\u00e1ver de una ballena inusual la cual apareci\u00f3 en playas de Nueva Zelanda ha tomado el inter\u00e9s de un grupo de cient\u00edficos para En Sonora en Equipo publicamos toda la informaci\u00f3n de Sonora, M\u00e9xico y el Mundo de manera oportuna y busca que la libertad de expresi\u00f3n sea real. Visita nuestro medio informativo publicado desde Hermosillo, Sonora. %","og_url":"https:\/\/www.sonoraenequipo.com.mx\/cientificos-indagan-el-origen-del-cadaver-de-la-ballena-mas-rara-del-mundo\/","og_site_name":"Sonora en Equipo.","article_publisher":"https:\/\/www.facebook.com\/SonoraEE\/","article_author":"https:\/\/www.facebook.com\/SonoraEE","article_published_time":"2024-07-18T03:17:52+00:00","og_image":[{"width":900,"height":488,"url":"https:\/\/www.sonoraenequipo.com.mx\/storage\/2024\/07\/ballena-mas-rara-del-mundo-min.jpg","type":"image\/jpeg"}],"author":"enequipo","twitter_card":"summary_large_image","twitter_creator":"@sonoraenequipo","twitter_site":"@sonoraenequipo","twitter_misc":{"Escrito por":"enequipo","Tiempo de lectura":"2 minutos"},"schema":{"@context":"https:\/\/schema.org","@graph":[{"@type":"Article","@id":"https:\/\/www.sonoraenequipo.com.mx\/cientificos-indagan-el-origen-del-cadaver-de-la-ballena-mas-rara-del-mundo\/#article","isPartOf":{"@id":"https:\/\/www.sonoraenequipo.com.mx\/cientificos-indagan-el-origen-del-cadaver-de-la-ballena-mas-rara-del-mundo\/"},"author":{"name":"enequipo","@id":"https:\/\/www.sonoraenequipo.com.mx\/#\/schema\/person\/50102df0fb23a8fa9e8effad8fa81386"},"headline":"Cient\u00edficos indagan el origen del cad\u00e1ver de la ballena m\u00e1s rara del mundo.","datePublished":"2024-07-18T03:17:52+00:00","mainEntityOfPage":{"@id":"https:\/\/www.sonoraenequipo.com.mx\/cientificos-indagan-el-origen-del-cadaver-de-la-ballena-mas-rara-del-mundo\/"},"wordCount":339,"commentCount":0,"publisher":{"@id":"https:\/\/www.sonoraenequipo.com.mx\/#organization"},"image":{"@id":"https:\/\/www.sonoraenequipo.com.mx\/cientificos-indagan-el-origen-del-cadaver-de-la-ballena-mas-rara-del-mundo\/#primaryimage"},"thumbnailUrl":"https:\/\/www.sonoraenequipo.com.mx\/storage\/2024\/07\/ballena-mas-rara-del-mundo-min.jpg","articleSection":["Ciencia y Tecnolog\u00eda"],"inLanguage":"es","potentialAction":[{"@type":"CommentAction","name":"Comment","target":["https:\/\/www.sonoraenequipo.com.mx\/cientificos-indagan-el-origen-del-cadaver-de-la-ballena-mas-rara-del-mundo\/#respond"]}]},{"@type":"WebPage","@id":"https:\/\/www.sonoraenequipo.com.mx\/cientificos-indagan-el-origen-del-cadaver-de-la-ballena-mas-rara-del-mundo\/","url":"https:\/\/www.sonoraenequipo.com.mx\/cientificos-indagan-el-origen-del-cadaver-de-la-ballena-mas-rara-del-mundo\/","name":"Sonora en Equipo. Cient\u00edficos indagan el origen del cad\u00e1ver de la ballena m\u00e1s rara del mundo. Ciencia y Tecnolog\u00eda","isPartOf":{"@id":"https:\/\/www.sonoraenequipo.com.mx\/#website"},"primaryImageOfPage":{"@id":"https:\/\/www.sonoraenequipo.com.mx\/cientificos-indagan-el-origen-del-cadaver-de-la-ballena-mas-rara-del-mundo\/#primaryimage"},"image":{"@id":"https:\/\/www.sonoraenequipo.com.mx\/cientificos-indagan-el-origen-del-cadaver-de-la-ballena-mas-rara-del-mundo\/#primaryimage"},"thumbnailUrl":"https:\/\/www.sonoraenequipo.com.mx\/storage\/2024\/07\/ballena-mas-rara-del-mundo-min.jpg","datePublished":"2024-07-18T03:17:52+00:00","description":"NUEVA ZELANDA. \u2014 El cad\u00e1ver de una ballena inusual la cual apareci\u00f3 en playas de Nueva Zelanda ha tomado el inter\u00e9s de un grupo de cient\u00edficos para En Sonora en Equipo publicamos toda la informaci\u00f3n de Sonora, M\u00e9xico y el Mundo de manera oportuna y busca que la libertad de expresi\u00f3n sea real. Visita nuestro medio informativo publicado desde Hermosillo, Sonora. %","breadcrumb":{"@id":"https:\/\/www.sonoraenequipo.com.mx\/cientificos-indagan-el-origen-del-cadaver-de-la-ballena-mas-rara-del-mundo\/#breadcrumb"},"inLanguage":"es","potentialAction":[{"@type":"ReadAction","target":["https:\/\/www.sonoraenequipo.com.mx\/cientificos-indagan-el-origen-del-cadaver-de-la-ballena-mas-rara-del-mundo\/"]}]},{"@type":"ImageObject","inLanguage":"es","@id":"https:\/\/www.sonoraenequipo.com.mx\/cientificos-indagan-el-origen-del-cadaver-de-la-ballena-mas-rara-del-mundo\/#primaryimage","url":"https:\/\/www.sonoraenequipo.com.mx\/storage\/2024\/07\/ballena-mas-rara-del-mundo-min.jpg","contentUrl":"https:\/\/www.sonoraenequipo.com.mx\/storage\/2024\/07\/ballena-mas-rara-del-mundo-min.jpg","width":900,"height":488},{"@type":"BreadcrumbList","@id":"https:\/\/www.sonoraenequipo.com.mx\/cientificos-indagan-el-origen-del-cadaver-de-la-ballena-mas-rara-del-mundo\/#breadcrumb","itemListElement":[{"@type":"ListItem","position":1,"name":"Portada","item":"https:\/\/www.sonoraenequipo.com.mx\/"},{"@type":"ListItem","position":2,"name":"Cient\u00edficos indagan el origen del cad\u00e1ver de la ballena m\u00e1s rara del mundo."}]},{"@type":"WebSite","@id":"https:\/\/www.sonoraenequipo.com.mx\/#website","url":"https:\/\/www.sonoraenequipo.com.mx\/","name":"Sonora en Equipo.","description":"Diario en l\u00ednea con Noticias desde Hermosillo, Sonora","publisher":{"@id":"https:\/\/www.sonoraenequipo.com.mx\/#organization"},"potentialAction":[{"@type":"SearchAction","target":{"@type":"EntryPoint","urlTemplate":"https:\/\/www.sonoraenequipo.com.mx\/?s={search_term_string}"},"query-input":{"@type":"PropertyValueSpecification","valueRequired":true,"valueName":"search_term_string"}}],"inLanguage":"es"},{"@type":"Organization","@id":"https:\/\/www.sonoraenequipo.com.mx\/#organization","name":"Sonoraenequipo.com.mx","url":"https:\/\/www.sonoraenequipo.com.mx\/","logo":{"@type":"ImageObject","inLanguage":"es","@id":"https:\/\/www.sonoraenequipo.com.mx\/#\/schema\/logo\/image\/","url":"https:\/\/www.sonoraenequipo.com.mx\/storage\/2019\/01\/sonoraenequipo_opt.png","contentUrl":"https:\/\/www.sonoraenequipo.com.mx\/storage\/2019\/01\/sonoraenequipo_opt.png","width":375,"height":125,"caption":"Sonoraenequipo.com.mx"},"image":{"@id":"https:\/\/www.sonoraenequipo.com.mx\/#\/schema\/logo\/image\/"},"sameAs":["https:\/\/www.facebook.com\/SonoraEE\/","https:\/\/x.com\/sonoraenequipo","https:\/\/www.youtube.com\/channel\/UC338nW-lPEYmJQs4ZABQ1SQ"]},{"@type":"Person","@id":"https:\/\/www.sonoraenequipo.com.mx\/#\/schema\/person\/50102df0fb23a8fa9e8effad8fa81386","name":"enequipo","image":{"@type":"ImageObject","inLanguage":"es","@id":"https:\/\/www.sonoraenequipo.com.mx\/#\/schema\/person\/image\/","url":"https:\/\/secure.gravatar.com\/avatar\/049821681b589dabc0bc20695993ccebb09f5b5d4d790cd9251b97faac7c652b?s=96&d=blank&r=g","contentUrl":"https:\/\/secure.gravatar.com\/avatar\/049821681b589dabc0bc20695993ccebb09f5b5d4d790cd9251b97faac7c652b?s=96&d=blank&r=g","caption":"enequipo"},"sameAs":["https:\/\/www.facebook.com\/SonoraEE"]}]}},"jetpack_featured_media_url":"https:\/\/www.sonoraenequipo.com.mx\/storage\/2024\/07\/ballena-mas-rara-del-mundo-min.jpg","_links":{"self":[{"href":"https:\/\/www.sonoraenequipo.com.mx\/api\/wp\/v2\/posts\/194804","targetHints":{"allow":["GET"]}}],"collection":[{"href":"https:\/\/www.sonoraenequipo.com.mx\/api\/wp\/v2\/posts"}],"about":[{"href":"https:\/\/www.sonoraenequipo.com.mx\/api\/wp\/v2\/types\/post"}],"author":[{"embeddable":true,"href":"https:\/\/www.sonoraenequipo.com.mx\/api\/wp\/v2\/users\/1"}],"replies":[{"embeddable":true,"href":"https:\/\/www.sonoraenequipo.com.mx\/api\/wp\/v2\/comments?post=194804"}],"version-history":[{"count":2,"href":"https:\/\/www.sonoraenequipo.com.mx\/api\/wp\/v2\/posts\/194804\/revisions"}],"predecessor-version":[{"id":194806,"href":"https:\/\/www.sonoraenequipo.com.mx\/api\/wp\/v2\/posts\/194804\/revisions\/194806"}],"wp:featuredmedia":[{"embeddable":true,"href":"https:\/\/www.sonoraenequipo.com.mx\/api\/wp\/v2\/media\/194742"}],"wp:attachment":[{"href":"https:\/\/www.sonoraenequipo.com.mx\/api\/wp\/v2\/media?parent=194804"}],"wp:term":[{"taxonomy":"category","embeddable":true,"href":"https:\/\/www.sonoraenequipo.com.mx\/api\/wp\/v2\/categories?post=194804"},{"taxonomy":"post_tag","embeddable":true,"href":"https:\/\/www.sonoraenequipo.com.mx\/api\/wp\/v2\/tags?post=194804"}],"curies":[{"name":"wp","href":"https:\/\/api.w.org\/{rel}","templated":true}]}}