{"id":194807,"date":"2024-07-17T21:23:47","date_gmt":"2024-07-18T04:23:47","guid":{"rendered":"https:\/\/www.sonoraenequipo.com.mx\/?p=194807"},"modified":"2024-07-17T19:57:52","modified_gmt":"2024-07-18T02:57:52","slug":"detienen-a-simpatizante-de-ultraderecha-que-planeaba-atentado-durante-los-juegos-olimpicos-de-paris-2024","status":"publish","type":"post","link":"https:\/\/www.sonoraenequipo.com.mx\/detienen-a-simpatizante-de-ultraderecha-que-planeaba-atentado-durante-los-juegos-olimpicos-de-paris-2024\/","title":{"rendered":"Detienen a simpatizante de ultraderecha que planeaba atentado durante los Juegos Ol\u00edmpicos de Par\u00eds 2024"},"content":{"rendered":"<p><strong>PAR\u00cdS, FRANCIA. \u2014<\/strong> Los servicios de seguridad franceses detuvieron en el este del pa\u00eds a un simpatizante de la ultraderecha, sospechoso de planear ataques durante los pr\u00f3ximos Juegos Ol\u00edmpicos de Par\u00eds. El ministro del Interior, G\u00e9rald Darmanin, confirm\u00f3 la noticia a trav\u00e9s de un mensaje en la red social X (anteriormente Twitter), expresando su agradecimiento a los agentes involucrados.<\/p>\n<p>&nbsp;<\/p>\n<p> <\/p>\n<p>\u201cBravo a los agentes del Ministerio del Interior que han detenido a un individuo miembro de la ultraderecha, sospechoso de querer cometer una acci\u00f3n violenta durante los Juegos Ol\u00edmpicos. Continuaremos nuestra lucha constante por la seguridad de los franceses\u201d, declar\u00f3 Darmanin.<\/p>\n<p>&nbsp;<\/p>\n<p>&nbsp;<\/p>\n<p>El detenido es un joven de la regi\u00f3n de Alsacia, administrador de un grupo de Telegram llamado \u201cDivisi\u00f3n Aria Francesa\u201d, en el que profer\u00eda amenazas contra los Juegos Ol\u00edmpicos. Actualmente, est\u00e1 siendo interrogado por la polic\u00eda antiterrorista, seg\u00fan inform\u00f3 el diario franc\u00e9s Le Parisien.<\/p>\n<p>&nbsp;<\/p>\n<p>&nbsp;<\/p>\n<p>Los Juegos Ol\u00edmpicos de Par\u00eds, que estar\u00e1n bajo un estricto dispositivo de seguridad, comenzar\u00e1n el 26 de julio con una ceremonia en el r\u00edo Sena y concluir\u00e1n el 11 de agosto.<\/p>\n<p>&nbsp;<\/p>\n<p>&nbsp;<\/p>\n<p>En cuanto a la venta de entradas, a\u00fan quedan 1.2 millones disponibles para asistir a los Juegos Ol\u00edmpicos. El comit\u00e9 organizador (COJO) ha anunciado una nueva tanda de boletos que se pondr\u00e1n a la venta a partir del jueves y de manera cotidiana desde el lunes. Micka\u00ebl Alo\u00efsio, director general delegado del COJO, indic\u00f3 que se pondr\u00e1n a la venta m\u00e1s de 50 mil nuevas entradas en 30 deportes, incluyendo finales de nataci\u00f3n y atletismo.<\/p>\n<p>&nbsp;<\/p>\n<p>&nbsp;<\/p>\n<p>Par\u00eds 2024 ya ha batido el r\u00e9cord de entradas vendidas en unos Juegos Ol\u00edmpicos, alcanzando los 8.7 millones, superando el anterior r\u00e9cord de Atlanta 1996 con 8.3 millones de entradas vendidas. Alo\u00efsio asegur\u00f3 que las 1.2 millones de entradas restantes se concentran en deportes con grandes recintos, como el f\u00fatbol, el baloncesto y el balonmano en Lille, y que seguir\u00e1n disponibles hasta el final de los Juegos.<\/p>\n<p>&nbsp;<\/p>\n<p>&nbsp;<\/p>\n<p>&nbsp;<\/p>\n<p>PUBLICADO EL 17 DE JULIO DE 2024 Con informaci\u00f3n de Adrenalina)<\/p>\n","protected":false},"excerpt":{"rendered":"<p>PAR\u00cdS, FRANCIA. \u2014 Los servicios de seguridad franceses detuvieron en el este del pa\u00eds a&#8230;<\/p>\n","protected":false},"author":1,"featured_media":194746,"comment_status":"open","ping_status":"open","sticky":false,"template":"","format":"standard","meta":{"_monsterinsights_skip_tracking":false,"_monsterinsights_sitenote_active":false,"_monsterinsights_sitenote_note":"","_monsterinsights_sitenote_category":0,"footnotes":""},"categories":[3],"tags":[],"class_list":["post"],"yoast_head":" \n<title>Sonora en Equipo. Detienen a simpatizante de ultraderecha que planeaba atentado durante los Juegos Ol\u00edmpicos de Par\u00eds 2024 MUNDO<\/title>\n<meta name=\"description\" content=\"PAR\u00cdS, FRANCIA. \u2014 Los servicios de seguridad franceses detuvieron en el este del pa\u00eds a un simpatizante de la ultraderecha, sospechoso de planear ataques En Sonora en Equipo publicamos toda la informaci\u00f3n de Sonora, M\u00e9xico y el Mundo de manera oportuna y busca que la libertad de expresi\u00f3n sea real. Visita nuestro medio informativo publicado desde Hermosillo, Sonora. %\" \/>\n<meta name=\"robots\" content=\"index, follow, max-snippet:-1, max-image-preview:large, max-video-preview:-1\" \/>\n<link rel=\"canonical\" href=\"https:\/\/www.sonoraenequipo.com.mx\/detienen-a-simpatizante-de-ultraderecha-que-planeaba-atentado-durante-los-juegos-olimpicos-de-paris-2024\/\" \/>\n<meta property=\"og:locale\" content=\"es_ES\" \/>\n<meta property=\"og:type\" content=\"article\" \/>\n<meta property=\"og:title\" content=\"Sonora en Equipo. Detienen a simpatizante de ultraderecha que planeaba atentado durante los Juegos Ol\u00edmpicos de Par\u00eds 2024 MUNDO\" \/>\n<meta property=\"og:description\" content=\"PAR\u00cdS, FRANCIA. \u2014 Los servicios de seguridad franceses detuvieron en el este del pa\u00eds a un simpatizante de la ultraderecha, sospechoso de planear ataques En Sonora en Equipo publicamos toda la informaci\u00f3n de Sonora, M\u00e9xico y el Mundo de manera oportuna y busca que la libertad de expresi\u00f3n sea real. Visita nuestro medio informativo publicado desde Hermosillo, Sonora. %\" \/>\n<meta property=\"og:url\" content=\"https:\/\/www.sonoraenequipo.com.mx\/detienen-a-simpatizante-de-ultraderecha-que-planeaba-atentado-durante-los-juegos-olimpicos-de-paris-2024\/\" \/>\n<meta property=\"og:site_name\" content=\"Sonora en Equipo.\" \/>\n<meta property=\"article:publisher\" content=\"https:\/\/www.facebook.com\/SonoraEE\/\" \/>\n<meta property=\"article:author\" content=\"https:\/\/www.facebook.com\/SonoraEE\" \/>\n<meta property=\"article:published_time\" content=\"2024-07-18T04:23:47+00:00\" \/>\n<meta property=\"og:image\" content=\"https:\/\/www.sonoraenequipo.com.mx\/storage\/2024\/07\/juegos-olimpicos-min.jpg\" \/>\n\t<meta property=\"og:image:width\" content=\"900\" \/>\n\t<meta property=\"og:image:height\" content=\"506\" \/>\n\t<meta property=\"og:image:type\" content=\"image\/jpeg\" \/>\n<meta name=\"author\" content=\"enequipo\" \/>\n<meta name=\"twitter:card\" content=\"summary_large_image\" \/>\n<meta name=\"twitter:creator\" content=\"@sonoraenequipo\" \/>\n<meta name=\"twitter:site\" content=\"@sonoraenequipo\" \/>\n<meta name=\"twitter:label1\" content=\"Escrito por\" \/>\n\t<meta name=\"twitter:data1\" content=\"enequipo\" \/>\n\t<meta name=\"twitter:label2\" content=\"Tiempo de lectura\" \/>\n\t<meta name=\"twitter:data2\" content=\"2 minutos\" \/>\n<script type=\"application\/ld+json\" class=\"yoast-schema-graph\">{\"@context\":\"https:\/\/schema.org\",\"@graph\":[{\"@type\":\"Article\",\"@id\":\"https:\/\/www.sonoraenequipo.com.mx\/detienen-a-simpatizante-de-ultraderecha-que-planeaba-atentado-durante-los-juegos-olimpicos-de-paris-2024\/#article\",\"isPartOf\":{\"@id\":\"https:\/\/www.sonoraenequipo.com.mx\/detienen-a-simpatizante-de-ultraderecha-que-planeaba-atentado-durante-los-juegos-olimpicos-de-paris-2024\/\"},\"author\":{\"name\":\"enequipo\",\"@id\":\"https:\/\/www.sonoraenequipo.com.mx\/#\/schema\/person\/50102df0fb23a8fa9e8effad8fa81386\"},\"headline\":\"Detienen a simpatizante de ultraderecha que planeaba atentado durante los Juegos Ol\u00edmpicos de Par\u00eds 2024\",\"datePublished\":\"2024-07-18T04:23:47+00:00\",\"mainEntityOfPage\":{\"@id\":\"https:\/\/www.sonoraenequipo.com.mx\/detienen-a-simpatizante-de-ultraderecha-que-planeaba-atentado-durante-los-juegos-olimpicos-de-paris-2024\/\"},\"wordCount\":381,\"commentCount\":0,\"publisher\":{\"@id\":\"https:\/\/www.sonoraenequipo.com.mx\/#organization\"},\"image\":{\"@id\":\"https:\/\/www.sonoraenequipo.com.mx\/detienen-a-simpatizante-de-ultraderecha-que-planeaba-atentado-durante-los-juegos-olimpicos-de-paris-2024\/#primaryimage\"},\"thumbnailUrl\":\"https:\/\/www.sonoraenequipo.com.mx\/storage\/2024\/07\/juegos-olimpicos-min.jpg\",\"articleSection\":[\"MUNDO\"],\"inLanguage\":\"es\",\"potentialAction\":[{\"@type\":\"CommentAction\",\"name\":\"Comment\",\"target\":[\"https:\/\/www.sonoraenequipo.com.mx\/detienen-a-simpatizante-de-ultraderecha-que-planeaba-atentado-durante-los-juegos-olimpicos-de-paris-2024\/#respond\"]}]},{\"@type\":\"WebPage\",\"@id\":\"https:\/\/www.sonoraenequipo.com.mx\/detienen-a-simpatizante-de-ultraderecha-que-planeaba-atentado-durante-los-juegos-olimpicos-de-paris-2024\/\",\"url\":\"https:\/\/www.sonoraenequipo.com.mx\/detienen-a-simpatizante-de-ultraderecha-que-planeaba-atentado-durante-los-juegos-olimpicos-de-paris-2024\/\",\"name\":\"Sonora en Equipo. Detienen a simpatizante de ultraderecha que planeaba atentado durante los Juegos Ol\u00edmpicos de Par\u00eds 2024 MUNDO\",\"isPartOf\":{\"@id\":\"https:\/\/www.sonoraenequipo.com.mx\/#website\"},\"primaryImageOfPage\":{\"@id\":\"https:\/\/www.sonoraenequipo.com.mx\/detienen-a-simpatizante-de-ultraderecha-que-planeaba-atentado-durante-los-juegos-olimpicos-de-paris-2024\/#primaryimage\"},\"image\":{\"@id\":\"https:\/\/www.sonoraenequipo.com.mx\/detienen-a-simpatizante-de-ultraderecha-que-planeaba-atentado-durante-los-juegos-olimpicos-de-paris-2024\/#primaryimage\"},\"thumbnailUrl\":\"https:\/\/www.sonoraenequipo.com.mx\/storage\/2024\/07\/juegos-olimpicos-min.jpg\",\"datePublished\":\"2024-07-18T04:23:47+00:00\",\"description\":\"PAR\u00cdS, FRANCIA. \u2014 Los servicios de seguridad franceses detuvieron en el este del pa\u00eds a un simpatizante de la ultraderecha, sospechoso de planear ataques En Sonora en Equipo publicamos toda la informaci\u00f3n de Sonora, M\u00e9xico y el Mundo de manera oportuna y busca que la libertad de expresi\u00f3n sea real. Visita nuestro medio informativo publicado desde Hermosillo, Sonora. %\",\"breadcrumb\":{\"@id\":\"https:\/\/www.sonoraenequipo.com.mx\/detienen-a-simpatizante-de-ultraderecha-que-planeaba-atentado-durante-los-juegos-olimpicos-de-paris-2024\/#breadcrumb\"},\"inLanguage\":\"es\",\"potentialAction\":[{\"@type\":\"ReadAction\",\"target\":[\"https:\/\/www.sonoraenequipo.com.mx\/detienen-a-simpatizante-de-ultraderecha-que-planeaba-atentado-durante-los-juegos-olimpicos-de-paris-2024\/\"]}]},{\"@type\":\"ImageObject\",\"inLanguage\":\"es\",\"@id\":\"https:\/\/www.sonoraenequipo.com.mx\/detienen-a-simpatizante-de-ultraderecha-que-planeaba-atentado-durante-los-juegos-olimpicos-de-paris-2024\/#primaryimage\",\"url\":\"https:\/\/www.sonoraenequipo.com.mx\/storage\/2024\/07\/juegos-olimpicos-min.jpg\",\"contentUrl\":\"https:\/\/www.sonoraenequipo.com.mx\/storage\/2024\/07\/juegos-olimpicos-min.jpg\",\"width\":900,\"height\":506},{\"@type\":\"BreadcrumbList\",\"@id\":\"https:\/\/www.sonoraenequipo.com.mx\/detienen-a-simpatizante-de-ultraderecha-que-planeaba-atentado-durante-los-juegos-olimpicos-de-paris-2024\/#breadcrumb\",\"itemListElement\":[{\"@type\":\"ListItem\",\"position\":1,\"name\":\"Portada\",\"item\":\"https:\/\/www.sonoraenequipo.com.mx\/\"},{\"@type\":\"ListItem\",\"position\":2,\"name\":\"Detienen a simpatizante de ultraderecha que planeaba atentado durante los Juegos Ol\u00edmpicos de Par\u00eds 2024\"}]},{\"@type\":\"WebSite\",\"@id\":\"https:\/\/www.sonoraenequipo.com.mx\/#website\",\"url\":\"https:\/\/www.sonoraenequipo.com.mx\/\",\"name\":\"Sonora en Equipo.\",\"description\":\"Diario en l\u00ednea con Noticias desde Hermosillo, Sonora\",\"publisher\":{\"@id\":\"https:\/\/www.sonoraenequipo.com.mx\/#organization\"},\"potentialAction\":[{\"@type\":\"SearchAction\",\"target\":{\"@type\":\"EntryPoint\",\"urlTemplate\":\"https:\/\/www.sonoraenequipo.com.mx\/?s={search_term_string}\"},\"query-input\":{\"@type\":\"PropertyValueSpecification\",\"valueRequired\":true,\"valueName\":\"search_term_string\"}}],\"inLanguage\":\"es\"},{\"@type\":\"Organization\",\"@id\":\"https:\/\/www.sonoraenequipo.com.mx\/#organization\",\"name\":\"Sonoraenequipo.com.mx\",\"url\":\"https:\/\/www.sonoraenequipo.com.mx\/\",\"logo\":{\"@type\":\"ImageObject\",\"inLanguage\":\"es\",\"@id\":\"https:\/\/www.sonoraenequipo.com.mx\/#\/schema\/logo\/image\/\",\"url\":\"https:\/\/www.sonoraenequipo.com.mx\/storage\/2019\/01\/sonoraenequipo_opt.png\",\"contentUrl\":\"https:\/\/www.sonoraenequipo.com.mx\/storage\/2019\/01\/sonoraenequipo_opt.png\",\"width\":375,\"height\":125,\"caption\":\"Sonoraenequipo.com.mx\"},\"image\":{\"@id\":\"https:\/\/www.sonoraenequipo.com.mx\/#\/schema\/logo\/image\/\"},\"sameAs\":[\"https:\/\/www.facebook.com\/SonoraEE\/\",\"https:\/\/x.com\/sonoraenequipo\",\"https:\/\/www.youtube.com\/channel\/UC338nW-lPEYmJQs4ZABQ1SQ\"]},{\"@type\":\"Person\",\"@id\":\"https:\/\/www.sonoraenequipo.com.mx\/#\/schema\/person\/50102df0fb23a8fa9e8effad8fa81386\",\"name\":\"enequipo\",\"image\":{\"@type\":\"ImageObject\",\"inLanguage\":\"es\",\"@id\":\"https:\/\/www.sonoraenequipo.com.mx\/#\/schema\/person\/image\/\",\"url\":\"https:\/\/secure.gravatar.com\/avatar\/049821681b589dabc0bc20695993ccebb09f5b5d4d790cd9251b97faac7c652b?s=96&d=blank&r=g\",\"contentUrl\":\"https:\/\/secure.gravatar.com\/avatar\/049821681b589dabc0bc20695993ccebb09f5b5d4d790cd9251b97faac7c652b?s=96&d=blank&r=g\",\"caption\":\"enequipo\"},\"sameAs\":[\"https:\/\/www.facebook.com\/SonoraEE\"]}]}<\/script>\n ","yoast_head_json":{"title":"Sonora en Equipo. Detienen a simpatizante de ultraderecha que planeaba atentado durante los Juegos Ol\u00edmpicos de Par\u00eds 2024 MUNDO","description":"PAR\u00cdS, FRANCIA. \u2014 Los servicios de seguridad franceses detuvieron en el este del pa\u00eds a un simpatizante de la ultraderecha, sospechoso de planear ataques En Sonora en Equipo publicamos toda la informaci\u00f3n de Sonora, M\u00e9xico y el Mundo de manera oportuna y busca que la libertad de expresi\u00f3n sea real. Visita nuestro medio informativo publicado desde Hermosillo, Sonora. %","robots":{"index":"index","follow":"follow","max-snippet":"max-snippet:-1","max-image-preview":"max-image-preview:large","max-video-preview":"max-video-preview:-1"},"canonical":"https:\/\/www.sonoraenequipo.com.mx\/detienen-a-simpatizante-de-ultraderecha-que-planeaba-atentado-durante-los-juegos-olimpicos-de-paris-2024\/","og_locale":"es_ES","og_type":"article","og_title":"Sonora en Equipo. Detienen a simpatizante de ultraderecha que planeaba atentado durante los Juegos Ol\u00edmpicos de Par\u00eds 2024 MUNDO","og_description":"PAR\u00cdS, FRANCIA. \u2014 Los servicios de seguridad franceses detuvieron en el este del pa\u00eds a un simpatizante de la ultraderecha, sospechoso de planear ataques En Sonora en Equipo publicamos toda la informaci\u00f3n de Sonora, M\u00e9xico y el Mundo de manera oportuna y busca que la libertad de expresi\u00f3n sea real. Visita nuestro medio informativo publicado desde Hermosillo, Sonora. %","og_url":"https:\/\/www.sonoraenequipo.com.mx\/detienen-a-simpatizante-de-ultraderecha-que-planeaba-atentado-durante-los-juegos-olimpicos-de-paris-2024\/","og_site_name":"Sonora en Equipo.","article_publisher":"https:\/\/www.facebook.com\/SonoraEE\/","article_author":"https:\/\/www.facebook.com\/SonoraEE","article_published_time":"2024-07-18T04:23:47+00:00","og_image":[{"width":900,"height":506,"url":"https:\/\/www.sonoraenequipo.com.mx\/storage\/2024\/07\/juegos-olimpicos-min.jpg","type":"image\/jpeg"}],"author":"enequipo","twitter_card":"summary_large_image","twitter_creator":"@sonoraenequipo","twitter_site":"@sonoraenequipo","twitter_misc":{"Escrito por":"enequipo","Tiempo de lectura":"2 minutos"},"schema":{"@context":"https:\/\/schema.org","@graph":[{"@type":"Article","@id":"https:\/\/www.sonoraenequipo.com.mx\/detienen-a-simpatizante-de-ultraderecha-que-planeaba-atentado-durante-los-juegos-olimpicos-de-paris-2024\/#article","isPartOf":{"@id":"https:\/\/www.sonoraenequipo.com.mx\/detienen-a-simpatizante-de-ultraderecha-que-planeaba-atentado-durante-los-juegos-olimpicos-de-paris-2024\/"},"author":{"name":"enequipo","@id":"https:\/\/www.sonoraenequipo.com.mx\/#\/schema\/person\/50102df0fb23a8fa9e8effad8fa81386"},"headline":"Detienen a simpatizante de ultraderecha que planeaba atentado durante los Juegos Ol\u00edmpicos de Par\u00eds 2024","datePublished":"2024-07-18T04:23:47+00:00","mainEntityOfPage":{"@id":"https:\/\/www.sonoraenequipo.com.mx\/detienen-a-simpatizante-de-ultraderecha-que-planeaba-atentado-durante-los-juegos-olimpicos-de-paris-2024\/"},"wordCount":381,"commentCount":0,"publisher":{"@id":"https:\/\/www.sonoraenequipo.com.mx\/#organization"},"image":{"@id":"https:\/\/www.sonoraenequipo.com.mx\/detienen-a-simpatizante-de-ultraderecha-que-planeaba-atentado-durante-los-juegos-olimpicos-de-paris-2024\/#primaryimage"},"thumbnailUrl":"https:\/\/www.sonoraenequipo.com.mx\/storage\/2024\/07\/juegos-olimpicos-min.jpg","articleSection":["MUNDO"],"inLanguage":"es","potentialAction":[{"@type":"CommentAction","name":"Comment","target":["https:\/\/www.sonoraenequipo.com.mx\/detienen-a-simpatizante-de-ultraderecha-que-planeaba-atentado-durante-los-juegos-olimpicos-de-paris-2024\/#respond"]}]},{"@type":"WebPage","@id":"https:\/\/www.sonoraenequipo.com.mx\/detienen-a-simpatizante-de-ultraderecha-que-planeaba-atentado-durante-los-juegos-olimpicos-de-paris-2024\/","url":"https:\/\/www.sonoraenequipo.com.mx\/detienen-a-simpatizante-de-ultraderecha-que-planeaba-atentado-durante-los-juegos-olimpicos-de-paris-2024\/","name":"Sonora en Equipo. Detienen a simpatizante de ultraderecha que planeaba atentado durante los Juegos Ol\u00edmpicos de Par\u00eds 2024 MUNDO","isPartOf":{"@id":"https:\/\/www.sonoraenequipo.com.mx\/#website"},"primaryImageOfPage":{"@id":"https:\/\/www.sonoraenequipo.com.mx\/detienen-a-simpatizante-de-ultraderecha-que-planeaba-atentado-durante-los-juegos-olimpicos-de-paris-2024\/#primaryimage"},"image":{"@id":"https:\/\/www.sonoraenequipo.com.mx\/detienen-a-simpatizante-de-ultraderecha-que-planeaba-atentado-durante-los-juegos-olimpicos-de-paris-2024\/#primaryimage"},"thumbnailUrl":"https:\/\/www.sonoraenequipo.com.mx\/storage\/2024\/07\/juegos-olimpicos-min.jpg","datePublished":"2024-07-18T04:23:47+00:00","description":"PAR\u00cdS, FRANCIA. \u2014 Los servicios de seguridad franceses detuvieron en el este del pa\u00eds a un simpatizante de la ultraderecha, sospechoso de planear ataques En Sonora en Equipo publicamos toda la informaci\u00f3n de Sonora, M\u00e9xico y el Mundo de manera oportuna y busca que la libertad de expresi\u00f3n sea real. Visita nuestro medio informativo publicado desde Hermosillo, Sonora. %","breadcrumb":{"@id":"https:\/\/www.sonoraenequipo.com.mx\/detienen-a-simpatizante-de-ultraderecha-que-planeaba-atentado-durante-los-juegos-olimpicos-de-paris-2024\/#breadcrumb"},"inLanguage":"es","potentialAction":[{"@type":"ReadAction","target":["https:\/\/www.sonoraenequipo.com.mx\/detienen-a-simpatizante-de-ultraderecha-que-planeaba-atentado-durante-los-juegos-olimpicos-de-paris-2024\/"]}]},{"@type":"ImageObject","inLanguage":"es","@id":"https:\/\/www.sonoraenequipo.com.mx\/detienen-a-simpatizante-de-ultraderecha-que-planeaba-atentado-durante-los-juegos-olimpicos-de-paris-2024\/#primaryimage","url":"https:\/\/www.sonoraenequipo.com.mx\/storage\/2024\/07\/juegos-olimpicos-min.jpg","contentUrl":"https:\/\/www.sonoraenequipo.com.mx\/storage\/2024\/07\/juegos-olimpicos-min.jpg","width":900,"height":506},{"@type":"BreadcrumbList","@id":"https:\/\/www.sonoraenequipo.com.mx\/detienen-a-simpatizante-de-ultraderecha-que-planeaba-atentado-durante-los-juegos-olimpicos-de-paris-2024\/#breadcrumb","itemListElement":[{"@type":"ListItem","position":1,"name":"Portada","item":"https:\/\/www.sonoraenequipo.com.mx\/"},{"@type":"ListItem","position":2,"name":"Detienen a simpatizante de ultraderecha que planeaba atentado durante los Juegos Ol\u00edmpicos de Par\u00eds 2024"}]},{"@type":"WebSite","@id":"https:\/\/www.sonoraenequipo.com.mx\/#website","url":"https:\/\/www.sonoraenequipo.com.mx\/","name":"Sonora en Equipo.","description":"Diario en l\u00ednea con Noticias desde Hermosillo, Sonora","publisher":{"@id":"https:\/\/www.sonoraenequipo.com.mx\/#organization"},"potentialAction":[{"@type":"SearchAction","target":{"@type":"EntryPoint","urlTemplate":"https:\/\/www.sonoraenequipo.com.mx\/?s={search_term_string}"},"query-input":{"@type":"PropertyValueSpecification","valueRequired":true,"valueName":"search_term_string"}}],"inLanguage":"es"},{"@type":"Organization","@id":"https:\/\/www.sonoraenequipo.com.mx\/#organization","name":"Sonoraenequipo.com.mx","url":"https:\/\/www.sonoraenequipo.com.mx\/","logo":{"@type":"ImageObject","inLanguage":"es","@id":"https:\/\/www.sonoraenequipo.com.mx\/#\/schema\/logo\/image\/","url":"https:\/\/www.sonoraenequipo.com.mx\/storage\/2019\/01\/sonoraenequipo_opt.png","contentUrl":"https:\/\/www.sonoraenequipo.com.mx\/storage\/2019\/01\/sonoraenequipo_opt.png","width":375,"height":125,"caption":"Sonoraenequipo.com.mx"},"image":{"@id":"https:\/\/www.sonoraenequipo.com.mx\/#\/schema\/logo\/image\/"},"sameAs":["https:\/\/www.facebook.com\/SonoraEE\/","https:\/\/x.com\/sonoraenequipo","https:\/\/www.youtube.com\/channel\/UC338nW-lPEYmJQs4ZABQ1SQ"]},{"@type":"Person","@id":"https:\/\/www.sonoraenequipo.com.mx\/#\/schema\/person\/50102df0fb23a8fa9e8effad8fa81386","name":"enequipo","image":{"@type":"ImageObject","inLanguage":"es","@id":"https:\/\/www.sonoraenequipo.com.mx\/#\/schema\/person\/image\/","url":"https:\/\/secure.gravatar.com\/avatar\/049821681b589dabc0bc20695993ccebb09f5b5d4d790cd9251b97faac7c652b?s=96&d=blank&r=g","contentUrl":"https:\/\/secure.gravatar.com\/avatar\/049821681b589dabc0bc20695993ccebb09f5b5d4d790cd9251b97faac7c652b?s=96&d=blank&r=g","caption":"enequipo"},"sameAs":["https:\/\/www.facebook.com\/SonoraEE"]}]}},"jetpack_featured_media_url":"https:\/\/www.sonoraenequipo.com.mx\/storage\/2024\/07\/juegos-olimpicos-min.jpg","_links":{"self":[{"href":"https:\/\/www.sonoraenequipo.com.mx\/api\/wp\/v2\/posts\/194807","targetHints":{"allow":["GET"]}}],"collection":[{"href":"https:\/\/www.sonoraenequipo.com.mx\/api\/wp\/v2\/posts"}],"about":[{"href":"https:\/\/www.sonoraenequipo.com.mx\/api\/wp\/v2\/types\/post"}],"author":[{"embeddable":true,"href":"https:\/\/www.sonoraenequipo.com.mx\/api\/wp\/v2\/users\/1"}],"replies":[{"embeddable":true,"href":"https:\/\/www.sonoraenequipo.com.mx\/api\/wp\/v2\/comments?post=194807"}],"version-history":[{"count":1,"href":"https:\/\/www.sonoraenequipo.com.mx\/api\/wp\/v2\/posts\/194807\/revisions"}],"predecessor-version":[{"id":194808,"href":"https:\/\/www.sonoraenequipo.com.mx\/api\/wp\/v2\/posts\/194807\/revisions\/194808"}],"wp:featuredmedia":[{"embeddable":true,"href":"https:\/\/www.sonoraenequipo.com.mx\/api\/wp\/v2\/media\/194746"}],"wp:attachment":[{"href":"https:\/\/www.sonoraenequipo.com.mx\/api\/wp\/v2\/media?parent=194807"}],"wp:term":[{"taxonomy":"category","embeddable":true,"href":"https:\/\/www.sonoraenequipo.com.mx\/api\/wp\/v2\/categories?post=194807"},{"taxonomy":"post_tag","embeddable":true,"href":"https:\/\/www.sonoraenequipo.com.mx\/api\/wp\/v2\/tags?post=194807"}],"curies":[{"name":"wp","href":"https:\/\/api.w.org\/{rel}","templated":true}]}}