{"id":194824,"date":"2024-07-18T10:09:02","date_gmt":"2024-07-18T17:09:02","guid":{"rendered":"https:\/\/www.sonoraenequipo.com.mx\/?p=194824"},"modified":"2024-07-18T10:09:02","modified_gmt":"2024-07-18T17:09:02","slug":"clinica-de-rehabilitacion-donde-murio-menor-cuenta-con-toda-la-verificacion-vigente-dice-salud","status":"publish","type":"post","link":"https:\/\/www.sonoraenequipo.com.mx\/clinica-de-rehabilitacion-donde-murio-menor-cuenta-con-toda-la-verificacion-vigente-dice-salud\/","title":{"rendered":"Cl\u00ednica de rehabilitaci\u00f3n donde muri\u00f3 menor cuenta con toda la verificaci\u00f3n vigente dice Salud"},"content":{"rendered":"<p>La Secretar\u00eda de Salud de Sonora lleva a cabo verificaciones peri\u00f3dicas a cl\u00ednicas de rehabilitaci\u00f3n en el estado, por parte de la direcci\u00f3n de Salud Mental y Adicciones, DGSMA, as\u00ed como de la Comisi\u00f3n Estatal de Protecci\u00f3n contra Riesgos Sanitarios, Coesprisson.<\/p>\n<p>&nbsp;<\/p>\n<p>&nbsp;<\/p>\n<p>&nbsp;<\/p>\n<p>&nbsp;<\/p>\n<p>La Cl\u00ednica para menores Palo Verde AC, de la ciudad de Hermosillo, se encuentra en funciones desde mayo del 2015, con clave S.C.I.A.N. 624191, y su verificaci\u00f3n anual est\u00e0 vigente hasta el d\u00eda de hoy.<\/p>\n<p>&nbsp;<\/p>\n<p>&nbsp;<\/p>\n<p>&nbsp;<\/p>\n<p>En la anterior supervisi\u00f3n, al centro mencionado, no se encontr\u00f3 queja de los usuarios y su promedio fue de 96 por ciento, seg\u00fan consta en su c\u00e9dula de verificaci\u00f3n anual.<\/p>\n<p>&nbsp;<\/p>\n<p>&nbsp;<\/p>\n<p>&nbsp;<\/p>\n<p>Las \u00e1reas de oportunidad encontradas, en ese momento, fueron relacionadas a la infraestructura, espec\u00edficamente en la se\u00f1alizaci\u00f3n de los dormitorios; en el rubro de servicio y alimentaci\u00f3n, se solicit\u00f3 tener el men\u00fa semanal visible; y, se encontr\u00f3 que faltaba la actualizaci\u00f3n del directorio y organigrama, entre otros.<\/p>\n<p>&nbsp;<\/p>\n<p>&nbsp;<\/p>\n<p>&nbsp;<\/p>\n<p>Se realiz\u00f3 una segunda supervisi\u00f3n en conjunto con COESPRISON como parte de las metas de COFEPRIS, misma supervisi\u00f3n en la que no se encontraron irregularidades.<\/p>\n<p>&nbsp;<\/p>\n<p>&nbsp;<\/p>\n<p>&nbsp;<\/p>\n<p>En este caso, la Secretar\u00eda de Salud de Sonora trabaja en coordinaci\u00f3n con la Fiscal\u00eda General de Justicia del estado de Sonora para la investigaci\u00f3n que se lleva en curso.<\/p>\n<p>&nbsp;<\/p>\n<p>&nbsp;<\/p>\n<p>&nbsp;<\/p>\n<p>Es importante mencionar que anualmente se hacen supervisiones a los Centros como parte de las metas de la DGSMA; cuando existe alguna situaci\u00f3n de queja o cualquier eventualidad con respecto a un establecimiento residencial en particular se realizan las supervisiones necesarias y, en el dado caso de encontrar pr\u00e1cticas violatorias o condiciones de riesgo para los usuarios se notifica a la Direcci\u00f3n General de Asuntos Jur\u00eddicos de la Secretar\u00eda de Salud y a la Comisi\u00f3n Estatal de Protecci\u00f3n Contra Riesgos Sanitarios de Sonora (Coesprisson).<\/p>\n<p>El pasado 14 de julio la Fiscal\u00eca estatal inform\u00f3 v\u00eda X queen cumplimiento del derecho de acceso a la informaci\u00f3n de la poblaci\u00f3n, informa\u00a0 que como resultado de las investigaciones practicadas con relaci\u00f3n a la muerte de un menor de edad, dentro de un centro de rehabilitaci\u00f3n en Hermosillo, se ejecutaron dos \u00f3rdenes de aprehensi\u00f3n en contra de dos personas de dicho centro, por su probable responsabilidad en los hechos, materia de la carpeta de investigaci\u00f3n respectiva.<\/p>\n<p>&nbsp;<\/p>\n<p>Los dos particulares quedaron recluidos en el Centro de Reinserci\u00f3n Social (CERESO) de Hermosillo para ser puestos a disposici\u00f3n ante la autoridad judicial, a efecto de que esta se\u00f1ale fecha y hora para la celebraci\u00f3n de la audiencia inicial de<\/p>\n<p>Imputaci\u00f3n.<\/p>\n<p>&nbsp;<\/p>\n<p>Una vez que concluya la siguiente etapa procesal, se dar\u00e1n mayores datos sobre el resultado de la misma y de otras acciones que est\u00e1 efectuando el agente del Ministerio P\u00fablico correspondiente, respetando siempre la presunci\u00f3n de inocencia y del debido proceso.<\/p>\n<p><strong>Fecha de publicaci\u00f3n mi\u00e9rcoles 17 de julio de 2024<\/strong><\/p>\n","protected":false},"excerpt":{"rendered":"<p>La Secretar\u00eda de Salud de Sonora lleva a cabo verificaciones peri\u00f3dicas a cl\u00ednicas de rehabilitaci\u00f3n&#8230;<\/p>\n","protected":false},"author":1,"featured_media":194827,"comment_status":"open","ping_status":"open","sticky":false,"template":"","format":"standard","meta":{"_monsterinsights_skip_tracking":false,"_monsterinsights_sitenote_active":false,"_monsterinsights_sitenote_note":"","_monsterinsights_sitenote_category":0,"footnotes":""},"categories":[3144],"tags":[10003,3611,3362],"class_list":["post"],"yoast_head":" \n<title>Sonora en Equipo. Cl\u00ednica de rehabilitaci\u00f3n donde muri\u00f3 menor cuenta con toda la verificaci\u00f3n vigente dice Salud Polic\u00edaca<\/title>\n<meta name=\"description\" content=\"La Secretar\u00eda de Salud de Sonora lleva a cabo verificaciones peri\u00f3dicas a cl\u00ednicas de rehabilitaci\u00f3n en el estado, por parte de la direcci\u00f3n de Salud En Sonora en Equipo publicamos toda la informaci\u00f3n de Sonora, M\u00e9xico y el Mundo de manera oportuna y busca que la libertad de expresi\u00f3n sea real. Visita nuestro medio informativo publicado desde Hermosillo, Sonora. %\" \/>\n<meta name=\"robots\" content=\"index, follow, max-snippet:-1, max-image-preview:large, max-video-preview:-1\" \/>\n<link rel=\"canonical\" href=\"https:\/\/www.sonoraenequipo.com.mx\/clinica-de-rehabilitacion-donde-murio-menor-cuenta-con-toda-la-verificacion-vigente-dice-salud\/\" \/>\n<meta property=\"og:locale\" content=\"es_ES\" \/>\n<meta property=\"og:type\" content=\"article\" \/>\n<meta property=\"og:title\" content=\"Sonora en Equipo. Cl\u00ednica de rehabilitaci\u00f3n donde muri\u00f3 menor cuenta con toda la verificaci\u00f3n vigente dice Salud Polic\u00edaca\" \/>\n<meta property=\"og:description\" content=\"La Secretar\u00eda de Salud de Sonora lleva a cabo verificaciones peri\u00f3dicas a cl\u00ednicas de rehabilitaci\u00f3n en el estado, por parte de la direcci\u00f3n de Salud En Sonora en Equipo publicamos toda la informaci\u00f3n de Sonora, M\u00e9xico y el Mundo de manera oportuna y busca que la libertad de expresi\u00f3n sea real. Visita nuestro medio informativo publicado desde Hermosillo, Sonora. %\" \/>\n<meta property=\"og:url\" content=\"https:\/\/www.sonoraenequipo.com.mx\/clinica-de-rehabilitacion-donde-murio-menor-cuenta-con-toda-la-verificacion-vigente-dice-salud\/\" \/>\n<meta property=\"og:site_name\" content=\"Sonora en Equipo.\" \/>\n<meta property=\"article:publisher\" content=\"https:\/\/www.facebook.com\/SonoraEE\/\" \/>\n<meta property=\"article:author\" content=\"https:\/\/www.facebook.com\/SonoraEE\" \/>\n<meta property=\"article:published_time\" content=\"2024-07-18T17:09:02+00:00\" \/>\n<meta property=\"og:image\" content=\"https:\/\/www.sonoraenequipo.com.mx\/storage\/2024\/07\/centro-pv.jpg\" \/>\n\t<meta property=\"og:image:width\" content=\"600\" \/>\n\t<meta property=\"og:image:height\" content=\"338\" \/>\n\t<meta property=\"og:image:type\" content=\"image\/jpeg\" \/>\n<meta name=\"author\" content=\"enequipo\" \/>\n<meta name=\"twitter:card\" content=\"summary_large_image\" \/>\n<meta name=\"twitter:creator\" content=\"@sonoraenequipo\" \/>\n<meta name=\"twitter:site\" content=\"@sonoraenequipo\" \/>\n<meta name=\"twitter:label1\" content=\"Escrito por\" \/>\n\t<meta name=\"twitter:data1\" content=\"enequipo\" \/>\n\t<meta name=\"twitter:label2\" content=\"Tiempo de lectura\" \/>\n\t<meta name=\"twitter:data2\" content=\"3 minutos\" \/>\n<script type=\"application\/ld+json\" class=\"yoast-schema-graph\">{\"@context\":\"https:\/\/schema.org\",\"@graph\":[{\"@type\":\"Article\",\"@id\":\"https:\/\/www.sonoraenequipo.com.mx\/clinica-de-rehabilitacion-donde-murio-menor-cuenta-con-toda-la-verificacion-vigente-dice-salud\/#article\",\"isPartOf\":{\"@id\":\"https:\/\/www.sonoraenequipo.com.mx\/clinica-de-rehabilitacion-donde-murio-menor-cuenta-con-toda-la-verificacion-vigente-dice-salud\/\"},\"author\":{\"name\":\"enequipo\",\"@id\":\"https:\/\/www.sonoraenequipo.com.mx\/#\/schema\/person\/50102df0fb23a8fa9e8effad8fa81386\"},\"headline\":\"Cl\u00ednica de rehabilitaci\u00f3n donde muri\u00f3 menor cuenta con toda la verificaci\u00f3n vigente dice Salud\",\"datePublished\":\"2024-07-18T17:09:02+00:00\",\"mainEntityOfPage\":{\"@id\":\"https:\/\/www.sonoraenequipo.com.mx\/clinica-de-rehabilitacion-donde-murio-menor-cuenta-con-toda-la-verificacion-vigente-dice-salud\/\"},\"wordCount\":546,\"commentCount\":0,\"publisher\":{\"@id\":\"https:\/\/www.sonoraenequipo.com.mx\/#organization\"},\"image\":{\"@id\":\"https:\/\/www.sonoraenequipo.com.mx\/clinica-de-rehabilitacion-donde-murio-menor-cuenta-con-toda-la-verificacion-vigente-dice-salud\/#primaryimage\"},\"thumbnailUrl\":\"https:\/\/www.sonoraenequipo.com.mx\/storage\/2024\/07\/centro-pv.jpg\",\"keywords\":[\"centro rehabilitacion\",\"menor\",\"muerte\"],\"articleSection\":[\"Polic\u00edaca\"],\"inLanguage\":\"es\",\"potentialAction\":[{\"@type\":\"CommentAction\",\"name\":\"Comment\",\"target\":[\"https:\/\/www.sonoraenequipo.com.mx\/clinica-de-rehabilitacion-donde-murio-menor-cuenta-con-toda-la-verificacion-vigente-dice-salud\/#respond\"]}]},{\"@type\":\"WebPage\",\"@id\":\"https:\/\/www.sonoraenequipo.com.mx\/clinica-de-rehabilitacion-donde-murio-menor-cuenta-con-toda-la-verificacion-vigente-dice-salud\/\",\"url\":\"https:\/\/www.sonoraenequipo.com.mx\/clinica-de-rehabilitacion-donde-murio-menor-cuenta-con-toda-la-verificacion-vigente-dice-salud\/\",\"name\":\"Sonora en Equipo. Cl\u00ednica de rehabilitaci\u00f3n donde muri\u00f3 menor cuenta con toda la verificaci\u00f3n vigente dice Salud Polic\u00edaca\",\"isPartOf\":{\"@id\":\"https:\/\/www.sonoraenequipo.com.mx\/#website\"},\"primaryImageOfPage\":{\"@id\":\"https:\/\/www.sonoraenequipo.com.mx\/clinica-de-rehabilitacion-donde-murio-menor-cuenta-con-toda-la-verificacion-vigente-dice-salud\/#primaryimage\"},\"image\":{\"@id\":\"https:\/\/www.sonoraenequipo.com.mx\/clinica-de-rehabilitacion-donde-murio-menor-cuenta-con-toda-la-verificacion-vigente-dice-salud\/#primaryimage\"},\"thumbnailUrl\":\"https:\/\/www.sonoraenequipo.com.mx\/storage\/2024\/07\/centro-pv.jpg\",\"datePublished\":\"2024-07-18T17:09:02+00:00\",\"description\":\"La Secretar\u00eda de Salud de Sonora lleva a cabo verificaciones peri\u00f3dicas a cl\u00ednicas de rehabilitaci\u00f3n en el estado, por parte de la direcci\u00f3n de Salud En Sonora en Equipo publicamos toda la informaci\u00f3n de Sonora, M\u00e9xico y el Mundo de manera oportuna y busca que la libertad de expresi\u00f3n sea real. Visita nuestro medio informativo publicado desde Hermosillo, Sonora. %\",\"breadcrumb\":{\"@id\":\"https:\/\/www.sonoraenequipo.com.mx\/clinica-de-rehabilitacion-donde-murio-menor-cuenta-con-toda-la-verificacion-vigente-dice-salud\/#breadcrumb\"},\"inLanguage\":\"es\",\"potentialAction\":[{\"@type\":\"ReadAction\",\"target\":[\"https:\/\/www.sonoraenequipo.com.mx\/clinica-de-rehabilitacion-donde-murio-menor-cuenta-con-toda-la-verificacion-vigente-dice-salud\/\"]}]},{\"@type\":\"ImageObject\",\"inLanguage\":\"es\",\"@id\":\"https:\/\/www.sonoraenequipo.com.mx\/clinica-de-rehabilitacion-donde-murio-menor-cuenta-con-toda-la-verificacion-vigente-dice-salud\/#primaryimage\",\"url\":\"https:\/\/www.sonoraenequipo.com.mx\/storage\/2024\/07\/centro-pv.jpg\",\"contentUrl\":\"https:\/\/www.sonoraenequipo.com.mx\/storage\/2024\/07\/centro-pv.jpg\",\"width\":600,\"height\":338,\"caption\":\"Imagen Google maps\"},{\"@type\":\"BreadcrumbList\",\"@id\":\"https:\/\/www.sonoraenequipo.com.mx\/clinica-de-rehabilitacion-donde-murio-menor-cuenta-con-toda-la-verificacion-vigente-dice-salud\/#breadcrumb\",\"itemListElement\":[{\"@type\":\"ListItem\",\"position\":1,\"name\":\"Portada\",\"item\":\"https:\/\/www.sonoraenequipo.com.mx\/\"},{\"@type\":\"ListItem\",\"position\":2,\"name\":\"Cl\u00ednica de rehabilitaci\u00f3n donde muri\u00f3 menor cuenta con toda la verificaci\u00f3n vigente dice Salud\"}]},{\"@type\":\"WebSite\",\"@id\":\"https:\/\/www.sonoraenequipo.com.mx\/#website\",\"url\":\"https:\/\/www.sonoraenequipo.com.mx\/\",\"name\":\"Sonora en Equipo.\",\"description\":\"Diario en l\u00ednea con Noticias desde Hermosillo, Sonora\",\"publisher\":{\"@id\":\"https:\/\/www.sonoraenequipo.com.mx\/#organization\"},\"potentialAction\":[{\"@type\":\"SearchAction\",\"target\":{\"@type\":\"EntryPoint\",\"urlTemplate\":\"https:\/\/www.sonoraenequipo.com.mx\/?s={search_term_string}\"},\"query-input\":{\"@type\":\"PropertyValueSpecification\",\"valueRequired\":true,\"valueName\":\"search_term_string\"}}],\"inLanguage\":\"es\"},{\"@type\":\"Organization\",\"@id\":\"https:\/\/www.sonoraenequipo.com.mx\/#organization\",\"name\":\"Sonoraenequipo.com.mx\",\"url\":\"https:\/\/www.sonoraenequipo.com.mx\/\",\"logo\":{\"@type\":\"ImageObject\",\"inLanguage\":\"es\",\"@id\":\"https:\/\/www.sonoraenequipo.com.mx\/#\/schema\/logo\/image\/\",\"url\":\"https:\/\/www.sonoraenequipo.com.mx\/storage\/2019\/01\/sonoraenequipo_opt.png\",\"contentUrl\":\"https:\/\/www.sonoraenequipo.com.mx\/storage\/2019\/01\/sonoraenequipo_opt.png\",\"width\":375,\"height\":125,\"caption\":\"Sonoraenequipo.com.mx\"},\"image\":{\"@id\":\"https:\/\/www.sonoraenequipo.com.mx\/#\/schema\/logo\/image\/\"},\"sameAs\":[\"https:\/\/www.facebook.com\/SonoraEE\/\",\"https:\/\/x.com\/sonoraenequipo\",\"https:\/\/www.youtube.com\/channel\/UC338nW-lPEYmJQs4ZABQ1SQ\"]},{\"@type\":\"Person\",\"@id\":\"https:\/\/www.sonoraenequipo.com.mx\/#\/schema\/person\/50102df0fb23a8fa9e8effad8fa81386\",\"name\":\"enequipo\",\"image\":{\"@type\":\"ImageObject\",\"inLanguage\":\"es\",\"@id\":\"https:\/\/www.sonoraenequipo.com.mx\/#\/schema\/person\/image\/\",\"url\":\"https:\/\/secure.gravatar.com\/avatar\/049821681b589dabc0bc20695993ccebb09f5b5d4d790cd9251b97faac7c652b?s=96&d=blank&r=g\",\"contentUrl\":\"https:\/\/secure.gravatar.com\/avatar\/049821681b589dabc0bc20695993ccebb09f5b5d4d790cd9251b97faac7c652b?s=96&d=blank&r=g\",\"caption\":\"enequipo\"},\"sameAs\":[\"https:\/\/www.facebook.com\/SonoraEE\"]}]}<\/script>\n ","yoast_head_json":{"title":"Sonora en Equipo. Cl\u00ednica de rehabilitaci\u00f3n donde muri\u00f3 menor cuenta con toda la verificaci\u00f3n vigente dice Salud Polic\u00edaca","description":"La Secretar\u00eda de Salud de Sonora lleva a cabo verificaciones peri\u00f3dicas a cl\u00ednicas de rehabilitaci\u00f3n en el estado, por parte de la direcci\u00f3n de Salud En Sonora en Equipo publicamos toda la informaci\u00f3n de Sonora, M\u00e9xico y el Mundo de manera oportuna y busca que la libertad de expresi\u00f3n sea real. Visita nuestro medio informativo publicado desde Hermosillo, Sonora. %","robots":{"index":"index","follow":"follow","max-snippet":"max-snippet:-1","max-image-preview":"max-image-preview:large","max-video-preview":"max-video-preview:-1"},"canonical":"https:\/\/www.sonoraenequipo.com.mx\/clinica-de-rehabilitacion-donde-murio-menor-cuenta-con-toda-la-verificacion-vigente-dice-salud\/","og_locale":"es_ES","og_type":"article","og_title":"Sonora en Equipo. Cl\u00ednica de rehabilitaci\u00f3n donde muri\u00f3 menor cuenta con toda la verificaci\u00f3n vigente dice Salud Polic\u00edaca","og_description":"La Secretar\u00eda de Salud de Sonora lleva a cabo verificaciones peri\u00f3dicas a cl\u00ednicas de rehabilitaci\u00f3n en el estado, por parte de la direcci\u00f3n de Salud En Sonora en Equipo publicamos toda la informaci\u00f3n de Sonora, M\u00e9xico y el Mundo de manera oportuna y busca que la libertad de expresi\u00f3n sea real. Visita nuestro medio informativo publicado desde Hermosillo, Sonora. %","og_url":"https:\/\/www.sonoraenequipo.com.mx\/clinica-de-rehabilitacion-donde-murio-menor-cuenta-con-toda-la-verificacion-vigente-dice-salud\/","og_site_name":"Sonora en Equipo.","article_publisher":"https:\/\/www.facebook.com\/SonoraEE\/","article_author":"https:\/\/www.facebook.com\/SonoraEE","article_published_time":"2024-07-18T17:09:02+00:00","og_image":[{"width":600,"height":338,"url":"https:\/\/www.sonoraenequipo.com.mx\/storage\/2024\/07\/centro-pv.jpg","type":"image\/jpeg"}],"author":"enequipo","twitter_card":"summary_large_image","twitter_creator":"@sonoraenequipo","twitter_site":"@sonoraenequipo","twitter_misc":{"Escrito por":"enequipo","Tiempo de lectura":"3 minutos"},"schema":{"@context":"https:\/\/schema.org","@graph":[{"@type":"Article","@id":"https:\/\/www.sonoraenequipo.com.mx\/clinica-de-rehabilitacion-donde-murio-menor-cuenta-con-toda-la-verificacion-vigente-dice-salud\/#article","isPartOf":{"@id":"https:\/\/www.sonoraenequipo.com.mx\/clinica-de-rehabilitacion-donde-murio-menor-cuenta-con-toda-la-verificacion-vigente-dice-salud\/"},"author":{"name":"enequipo","@id":"https:\/\/www.sonoraenequipo.com.mx\/#\/schema\/person\/50102df0fb23a8fa9e8effad8fa81386"},"headline":"Cl\u00ednica de rehabilitaci\u00f3n donde muri\u00f3 menor cuenta con toda la verificaci\u00f3n vigente dice Salud","datePublished":"2024-07-18T17:09:02+00:00","mainEntityOfPage":{"@id":"https:\/\/www.sonoraenequipo.com.mx\/clinica-de-rehabilitacion-donde-murio-menor-cuenta-con-toda-la-verificacion-vigente-dice-salud\/"},"wordCount":546,"commentCount":0,"publisher":{"@id":"https:\/\/www.sonoraenequipo.com.mx\/#organization"},"image":{"@id":"https:\/\/www.sonoraenequipo.com.mx\/clinica-de-rehabilitacion-donde-murio-menor-cuenta-con-toda-la-verificacion-vigente-dice-salud\/#primaryimage"},"thumbnailUrl":"https:\/\/www.sonoraenequipo.com.mx\/storage\/2024\/07\/centro-pv.jpg","keywords":["centro rehabilitacion","menor","muerte"],"articleSection":["Polic\u00edaca"],"inLanguage":"es","potentialAction":[{"@type":"CommentAction","name":"Comment","target":["https:\/\/www.sonoraenequipo.com.mx\/clinica-de-rehabilitacion-donde-murio-menor-cuenta-con-toda-la-verificacion-vigente-dice-salud\/#respond"]}]},{"@type":"WebPage","@id":"https:\/\/www.sonoraenequipo.com.mx\/clinica-de-rehabilitacion-donde-murio-menor-cuenta-con-toda-la-verificacion-vigente-dice-salud\/","url":"https:\/\/www.sonoraenequipo.com.mx\/clinica-de-rehabilitacion-donde-murio-menor-cuenta-con-toda-la-verificacion-vigente-dice-salud\/","name":"Sonora en Equipo. Cl\u00ednica de rehabilitaci\u00f3n donde muri\u00f3 menor cuenta con toda la verificaci\u00f3n vigente dice Salud Polic\u00edaca","isPartOf":{"@id":"https:\/\/www.sonoraenequipo.com.mx\/#website"},"primaryImageOfPage":{"@id":"https:\/\/www.sonoraenequipo.com.mx\/clinica-de-rehabilitacion-donde-murio-menor-cuenta-con-toda-la-verificacion-vigente-dice-salud\/#primaryimage"},"image":{"@id":"https:\/\/www.sonoraenequipo.com.mx\/clinica-de-rehabilitacion-donde-murio-menor-cuenta-con-toda-la-verificacion-vigente-dice-salud\/#primaryimage"},"thumbnailUrl":"https:\/\/www.sonoraenequipo.com.mx\/storage\/2024\/07\/centro-pv.jpg","datePublished":"2024-07-18T17:09:02+00:00","description":"La Secretar\u00eda de Salud de Sonora lleva a cabo verificaciones peri\u00f3dicas a cl\u00ednicas de rehabilitaci\u00f3n en el estado, por parte de la direcci\u00f3n de Salud En Sonora en Equipo publicamos toda la informaci\u00f3n de Sonora, M\u00e9xico y el Mundo de manera oportuna y busca que la libertad de expresi\u00f3n sea real. Visita nuestro medio informativo publicado desde Hermosillo, Sonora. %","breadcrumb":{"@id":"https:\/\/www.sonoraenequipo.com.mx\/clinica-de-rehabilitacion-donde-murio-menor-cuenta-con-toda-la-verificacion-vigente-dice-salud\/#breadcrumb"},"inLanguage":"es","potentialAction":[{"@type":"ReadAction","target":["https:\/\/www.sonoraenequipo.com.mx\/clinica-de-rehabilitacion-donde-murio-menor-cuenta-con-toda-la-verificacion-vigente-dice-salud\/"]}]},{"@type":"ImageObject","inLanguage":"es","@id":"https:\/\/www.sonoraenequipo.com.mx\/clinica-de-rehabilitacion-donde-murio-menor-cuenta-con-toda-la-verificacion-vigente-dice-salud\/#primaryimage","url":"https:\/\/www.sonoraenequipo.com.mx\/storage\/2024\/07\/centro-pv.jpg","contentUrl":"https:\/\/www.sonoraenequipo.com.mx\/storage\/2024\/07\/centro-pv.jpg","width":600,"height":338,"caption":"Imagen Google maps"},{"@type":"BreadcrumbList","@id":"https:\/\/www.sonoraenequipo.com.mx\/clinica-de-rehabilitacion-donde-murio-menor-cuenta-con-toda-la-verificacion-vigente-dice-salud\/#breadcrumb","itemListElement":[{"@type":"ListItem","position":1,"name":"Portada","item":"https:\/\/www.sonoraenequipo.com.mx\/"},{"@type":"ListItem","position":2,"name":"Cl\u00ednica de rehabilitaci\u00f3n donde muri\u00f3 menor cuenta con toda la verificaci\u00f3n vigente dice Salud"}]},{"@type":"WebSite","@id":"https:\/\/www.sonoraenequipo.com.mx\/#website","url":"https:\/\/www.sonoraenequipo.com.mx\/","name":"Sonora en Equipo.","description":"Diario en l\u00ednea con Noticias desde Hermosillo, Sonora","publisher":{"@id":"https:\/\/www.sonoraenequipo.com.mx\/#organization"},"potentialAction":[{"@type":"SearchAction","target":{"@type":"EntryPoint","urlTemplate":"https:\/\/www.sonoraenequipo.com.mx\/?s={search_term_string}"},"query-input":{"@type":"PropertyValueSpecification","valueRequired":true,"valueName":"search_term_string"}}],"inLanguage":"es"},{"@type":"Organization","@id":"https:\/\/www.sonoraenequipo.com.mx\/#organization","name":"Sonoraenequipo.com.mx","url":"https:\/\/www.sonoraenequipo.com.mx\/","logo":{"@type":"ImageObject","inLanguage":"es","@id":"https:\/\/www.sonoraenequipo.com.mx\/#\/schema\/logo\/image\/","url":"https:\/\/www.sonoraenequipo.com.mx\/storage\/2019\/01\/sonoraenequipo_opt.png","contentUrl":"https:\/\/www.sonoraenequipo.com.mx\/storage\/2019\/01\/sonoraenequipo_opt.png","width":375,"height":125,"caption":"Sonoraenequipo.com.mx"},"image":{"@id":"https:\/\/www.sonoraenequipo.com.mx\/#\/schema\/logo\/image\/"},"sameAs":["https:\/\/www.facebook.com\/SonoraEE\/","https:\/\/x.com\/sonoraenequipo","https:\/\/www.youtube.com\/channel\/UC338nW-lPEYmJQs4ZABQ1SQ"]},{"@type":"Person","@id":"https:\/\/www.sonoraenequipo.com.mx\/#\/schema\/person\/50102df0fb23a8fa9e8effad8fa81386","name":"enequipo","image":{"@type":"ImageObject","inLanguage":"es","@id":"https:\/\/www.sonoraenequipo.com.mx\/#\/schema\/person\/image\/","url":"https:\/\/secure.gravatar.com\/avatar\/049821681b589dabc0bc20695993ccebb09f5b5d4d790cd9251b97faac7c652b?s=96&d=blank&r=g","contentUrl":"https:\/\/secure.gravatar.com\/avatar\/049821681b589dabc0bc20695993ccebb09f5b5d4d790cd9251b97faac7c652b?s=96&d=blank&r=g","caption":"enequipo"},"sameAs":["https:\/\/www.facebook.com\/SonoraEE"]}]}},"jetpack_featured_media_url":"https:\/\/www.sonoraenequipo.com.mx\/storage\/2024\/07\/centro-pv.jpg","_links":{"self":[{"href":"https:\/\/www.sonoraenequipo.com.mx\/api\/wp\/v2\/posts\/194824","targetHints":{"allow":["GET"]}}],"collection":[{"href":"https:\/\/www.sonoraenequipo.com.mx\/api\/wp\/v2\/posts"}],"about":[{"href":"https:\/\/www.sonoraenequipo.com.mx\/api\/wp\/v2\/types\/post"}],"author":[{"embeddable":true,"href":"https:\/\/www.sonoraenequipo.com.mx\/api\/wp\/v2\/users\/1"}],"replies":[{"embeddable":true,"href":"https:\/\/www.sonoraenequipo.com.mx\/api\/wp\/v2\/comments?post=194824"}],"version-history":[{"count":1,"href":"https:\/\/www.sonoraenequipo.com.mx\/api\/wp\/v2\/posts\/194824\/revisions"}],"predecessor-version":[{"id":194828,"href":"https:\/\/www.sonoraenequipo.com.mx\/api\/wp\/v2\/posts\/194824\/revisions\/194828"}],"wp:featuredmedia":[{"embeddable":true,"href":"https:\/\/www.sonoraenequipo.com.mx\/api\/wp\/v2\/media\/194827"}],"wp:attachment":[{"href":"https:\/\/www.sonoraenequipo.com.mx\/api\/wp\/v2\/media?parent=194824"}],"wp:term":[{"taxonomy":"category","embeddable":true,"href":"https:\/\/www.sonoraenequipo.com.mx\/api\/wp\/v2\/categories?post=194824"},{"taxonomy":"post_tag","embeddable":true,"href":"https:\/\/www.sonoraenequipo.com.mx\/api\/wp\/v2\/tags?post=194824"}],"curies":[{"name":"wp","href":"https:\/\/api.w.org\/{rel}","templated":true}]}}