{"id":194853,"date":"2024-07-18T08:42:41","date_gmt":"2024-07-18T15:42:41","guid":{"rendered":"https:\/\/www.sonoraenequipo.com.mx\/?p=194853"},"modified":"2024-07-18T19:48:20","modified_gmt":"2024-07-19T02:48:20","slug":"corredor-interoceanico-del-istmo-de-tehuantepec-sera-consolidado-por-sheinbaum-amlo","status":"publish","type":"post","link":"https:\/\/www.sonoraenequipo.com.mx\/corredor-interoceanico-del-istmo-de-tehuantepec-sera-consolidado-por-sheinbaum-amlo\/","title":{"rendered":"Corredor Interoce\u00e1nico del Istmo de Tehuantepec ser\u00e1 consolidado por Sheinbaum: AMLO"},"content":{"rendered":"<p><b>CIUDAD DE M\u00c9XICO. MX.\u2014 <\/b>El presidente Andr\u00e9s Manuel L\u00f3pez Obrador, declar\u00f3 que Claudia Sheinbaum, virtual presidenta electa, consolidar\u00e1 el proyecto estrat\u00e9gico del Corredor Interoce\u00e1nico del Istmo de Tehuantepec.<\/p>\n<p>&nbsp;<\/p>\n<p> <\/p>\n<p>El gobierno dio un informe sobre este proyecto prioritario, donde L\u00f3pez Obrador apunt\u00f3 que falta todav\u00eda para consolidarlo.<\/p>\n<p>&nbsp;<\/p>\n<p>&nbsp;<\/p>\n<p>\u201c<strong><em>Falta todav\u00eda, pero queremos informar c\u00f3mo vamos a dejar este proyecto, afortunadamente la presidenta electa ha expresado que va a haber continuidad para que se consolide este proyecto\u201d.<\/em><\/strong><\/p>\n<p>&nbsp;<\/p>\n<p>&nbsp;<\/p>\n<p>L\u00f3pez Obrador detall\u00f3 la importancia del corredor ante la saturaci\u00f3n del Canal de Panam\u00e1.<\/p>\n<p>&nbsp;<\/p>\n<p>&nbsp;<\/p>\n<p><em><strong>\u201cAhora de nuevo estamos habilitando este paso, porque es estrat\u00e9gico, est\u00e1 creciendo mucho el mercado mercante, la transportaci\u00f3n mar\u00edtima, ya est\u00e1 saturado el Canal de Panam\u00e1 y hace falta este paso\u201d,<\/strong> dijo.<\/em><\/p>\n<p>&nbsp;<\/p>\n<p>&nbsp;<\/p>\n<p>Hizo un reconocimiento al almirante Jos\u00e9 Rafael Ojeda Dur\u00e1n, secretario de Marina por la realizaci\u00f3n del proyecto.<\/p>\n<p>&nbsp;<\/p>\n<p>&nbsp;<\/p>\n<p><em><strong>\u201cEste proyecto ha estado a cargo de la Secretar\u00eda de Marina y quiero aprovechar para agradecerles por el avance que se tiene en las obras, por la dedicaci\u00f3n, por el trabajo responsable de todo el equipo\u201d<\/strong><\/em>, mencion\u00f3.<\/p>\n<p>&nbsp;<\/p>\n<p>&nbsp;<\/p>\n<p>PUBLICADO EL 18 DE JULIO DE 2024 Con informaci\u00f3n de Conferencia matutina)<\/p>\n","protected":false},"excerpt":{"rendered":"<p>CIUDAD DE M\u00c9XICO. MX.\u2014 El presidente Andr\u00e9s Manuel L\u00f3pez Obrador, declar\u00f3 que Claudia Sheinbaum, virtual&#8230;<\/p>\n","protected":false},"author":1,"featured_media":194856,"comment_status":"open","ping_status":"open","sticky":false,"template":"","format":"standard","meta":{"_monsterinsights_skip_tracking":false,"_monsterinsights_sitenote_active":false,"_monsterinsights_sitenote_note":"","_monsterinsights_sitenote_category":0,"footnotes":""},"categories":[5],"tags":[],"class_list":["post"],"yoast_head":" \n<title>Sonora en Equipo. Corredor Interoce\u00e1nico del Istmo de Tehuantepec ser\u00e1 consolidado por Sheinbaum: AMLO Rep\u00fablica<\/title>\n<meta name=\"description\" content=\"CIUDAD DE M\u00c9XICO. MX.\u2014 El presidente Andr\u00e9s Manuel L\u00f3pez Obrador, declar\u00f3 que Claudia Sheinbaum, virtual presidenta electa, consolidar\u00e1 el proyecto En Sonora en Equipo publicamos toda la informaci\u00f3n de Sonora, M\u00e9xico y el Mundo de manera oportuna y busca que la libertad de expresi\u00f3n sea real. Visita nuestro medio informativo publicado desde Hermosillo, Sonora. %\" \/>\n<meta name=\"robots\" content=\"index, follow, max-snippet:-1, max-image-preview:large, max-video-preview:-1\" \/>\n<link rel=\"canonical\" href=\"https:\/\/www.sonoraenequipo.com.mx\/corredor-interoceanico-del-istmo-de-tehuantepec-sera-consolidado-por-sheinbaum-amlo\/\" \/>\n<meta property=\"og:locale\" content=\"es_ES\" \/>\n<meta property=\"og:type\" content=\"article\" \/>\n<meta property=\"og:title\" content=\"Sonora en Equipo. Corredor Interoce\u00e1nico del Istmo de Tehuantepec ser\u00e1 consolidado por Sheinbaum: AMLO Rep\u00fablica\" \/>\n<meta property=\"og:description\" content=\"CIUDAD DE M\u00c9XICO. MX.\u2014 El presidente Andr\u00e9s Manuel L\u00f3pez Obrador, declar\u00f3 que Claudia Sheinbaum, virtual presidenta electa, consolidar\u00e1 el proyecto En Sonora en Equipo publicamos toda la informaci\u00f3n de Sonora, M\u00e9xico y el Mundo de manera oportuna y busca que la libertad de expresi\u00f3n sea real. Visita nuestro medio informativo publicado desde Hermosillo, Sonora. %\" \/>\n<meta property=\"og:url\" content=\"https:\/\/www.sonoraenequipo.com.mx\/corredor-interoceanico-del-istmo-de-tehuantepec-sera-consolidado-por-sheinbaum-amlo\/\" \/>\n<meta property=\"og:site_name\" content=\"Sonora en Equipo.\" \/>\n<meta property=\"article:publisher\" content=\"https:\/\/www.facebook.com\/SonoraEE\/\" \/>\n<meta property=\"article:author\" content=\"https:\/\/www.facebook.com\/SonoraEE\" \/>\n<meta property=\"article:published_time\" content=\"2024-07-18T15:42:41+00:00\" \/>\n<meta property=\"article:modified_time\" content=\"2024-07-19T02:48:20+00:00\" \/>\n<meta property=\"og:image\" content=\"https:\/\/www.sonoraenequipo.com.mx\/storage\/2024\/07\/trren-interoceanico-min.jpg\" \/>\n\t<meta property=\"og:image:width\" content=\"900\" \/>\n\t<meta property=\"og:image:height\" content=\"417\" \/>\n\t<meta property=\"og:image:type\" content=\"image\/jpeg\" \/>\n<meta name=\"author\" content=\"enequipo\" \/>\n<meta name=\"twitter:card\" content=\"summary_large_image\" \/>\n<meta name=\"twitter:creator\" content=\"@sonoraenequipo\" \/>\n<meta name=\"twitter:site\" content=\"@sonoraenequipo\" \/>\n<meta name=\"twitter:label1\" content=\"Escrito por\" \/>\n\t<meta name=\"twitter:data1\" content=\"enequipo\" \/>\n\t<meta name=\"twitter:label2\" content=\"Tiempo de lectura\" \/>\n\t<meta name=\"twitter:data2\" content=\"1 minuto\" \/>\n<script type=\"application\/ld+json\" class=\"yoast-schema-graph\">{\"@context\":\"https:\/\/schema.org\",\"@graph\":[{\"@type\":\"Article\",\"@id\":\"https:\/\/www.sonoraenequipo.com.mx\/corredor-interoceanico-del-istmo-de-tehuantepec-sera-consolidado-por-sheinbaum-amlo\/#article\",\"isPartOf\":{\"@id\":\"https:\/\/www.sonoraenequipo.com.mx\/corredor-interoceanico-del-istmo-de-tehuantepec-sera-consolidado-por-sheinbaum-amlo\/\"},\"author\":{\"name\":\"enequipo\",\"@id\":\"https:\/\/www.sonoraenequipo.com.mx\/#\/schema\/person\/50102df0fb23a8fa9e8effad8fa81386\"},\"headline\":\"Corredor Interoce\u00e1nico del Istmo de Tehuantepec ser\u00e1 consolidado por Sheinbaum: AMLO\",\"datePublished\":\"2024-07-18T15:42:41+00:00\",\"dateModified\":\"2024-07-19T02:48:20+00:00\",\"mainEntityOfPage\":{\"@id\":\"https:\/\/www.sonoraenequipo.com.mx\/corredor-interoceanico-del-istmo-de-tehuantepec-sera-consolidado-por-sheinbaum-amlo\/\"},\"wordCount\":228,\"commentCount\":0,\"publisher\":{\"@id\":\"https:\/\/www.sonoraenequipo.com.mx\/#organization\"},\"image\":{\"@id\":\"https:\/\/www.sonoraenequipo.com.mx\/corredor-interoceanico-del-istmo-de-tehuantepec-sera-consolidado-por-sheinbaum-amlo\/#primaryimage\"},\"thumbnailUrl\":\"https:\/\/www.sonoraenequipo.com.mx\/storage\/2024\/07\/trren-interoceanico-min.jpg\",\"articleSection\":[\"Rep\u00fablica\"],\"inLanguage\":\"es\",\"potentialAction\":[{\"@type\":\"CommentAction\",\"name\":\"Comment\",\"target\":[\"https:\/\/www.sonoraenequipo.com.mx\/corredor-interoceanico-del-istmo-de-tehuantepec-sera-consolidado-por-sheinbaum-amlo\/#respond\"]}]},{\"@type\":\"WebPage\",\"@id\":\"https:\/\/www.sonoraenequipo.com.mx\/corredor-interoceanico-del-istmo-de-tehuantepec-sera-consolidado-por-sheinbaum-amlo\/\",\"url\":\"https:\/\/www.sonoraenequipo.com.mx\/corredor-interoceanico-del-istmo-de-tehuantepec-sera-consolidado-por-sheinbaum-amlo\/\",\"name\":\"Sonora en Equipo. Corredor Interoce\u00e1nico del Istmo de Tehuantepec ser\u00e1 consolidado por Sheinbaum: AMLO Rep\u00fablica\",\"isPartOf\":{\"@id\":\"https:\/\/www.sonoraenequipo.com.mx\/#website\"},\"primaryImageOfPage\":{\"@id\":\"https:\/\/www.sonoraenequipo.com.mx\/corredor-interoceanico-del-istmo-de-tehuantepec-sera-consolidado-por-sheinbaum-amlo\/#primaryimage\"},\"image\":{\"@id\":\"https:\/\/www.sonoraenequipo.com.mx\/corredor-interoceanico-del-istmo-de-tehuantepec-sera-consolidado-por-sheinbaum-amlo\/#primaryimage\"},\"thumbnailUrl\":\"https:\/\/www.sonoraenequipo.com.mx\/storage\/2024\/07\/trren-interoceanico-min.jpg\",\"datePublished\":\"2024-07-18T15:42:41+00:00\",\"dateModified\":\"2024-07-19T02:48:20+00:00\",\"description\":\"CIUDAD DE M\u00c9XICO. MX.\u2014 El presidente Andr\u00e9s Manuel L\u00f3pez Obrador, declar\u00f3 que Claudia Sheinbaum, virtual presidenta electa, consolidar\u00e1 el proyecto En Sonora en Equipo publicamos toda la informaci\u00f3n de Sonora, M\u00e9xico y el Mundo de manera oportuna y busca que la libertad de expresi\u00f3n sea real. Visita nuestro medio informativo publicado desde Hermosillo, Sonora. %\",\"breadcrumb\":{\"@id\":\"https:\/\/www.sonoraenequipo.com.mx\/corredor-interoceanico-del-istmo-de-tehuantepec-sera-consolidado-por-sheinbaum-amlo\/#breadcrumb\"},\"inLanguage\":\"es\",\"potentialAction\":[{\"@type\":\"ReadAction\",\"target\":[\"https:\/\/www.sonoraenequipo.com.mx\/corredor-interoceanico-del-istmo-de-tehuantepec-sera-consolidado-por-sheinbaum-amlo\/\"]}]},{\"@type\":\"ImageObject\",\"inLanguage\":\"es\",\"@id\":\"https:\/\/www.sonoraenequipo.com.mx\/corredor-interoceanico-del-istmo-de-tehuantepec-sera-consolidado-por-sheinbaum-amlo\/#primaryimage\",\"url\":\"https:\/\/www.sonoraenequipo.com.mx\/storage\/2024\/07\/trren-interoceanico-min.jpg\",\"contentUrl\":\"https:\/\/www.sonoraenequipo.com.mx\/storage\/2024\/07\/trren-interoceanico-min.jpg\",\"width\":900,\"height\":417},{\"@type\":\"BreadcrumbList\",\"@id\":\"https:\/\/www.sonoraenequipo.com.mx\/corredor-interoceanico-del-istmo-de-tehuantepec-sera-consolidado-por-sheinbaum-amlo\/#breadcrumb\",\"itemListElement\":[{\"@type\":\"ListItem\",\"position\":1,\"name\":\"Portada\",\"item\":\"https:\/\/www.sonoraenequipo.com.mx\/\"},{\"@type\":\"ListItem\",\"position\":2,\"name\":\"Corredor Interoce\u00e1nico del Istmo de Tehuantepec ser\u00e1 consolidado por Sheinbaum: AMLO\"}]},{\"@type\":\"WebSite\",\"@id\":\"https:\/\/www.sonoraenequipo.com.mx\/#website\",\"url\":\"https:\/\/www.sonoraenequipo.com.mx\/\",\"name\":\"Sonora en Equipo.\",\"description\":\"Diario en l\u00ednea con Noticias desde Hermosillo, Sonora\",\"publisher\":{\"@id\":\"https:\/\/www.sonoraenequipo.com.mx\/#organization\"},\"potentialAction\":[{\"@type\":\"SearchAction\",\"target\":{\"@type\":\"EntryPoint\",\"urlTemplate\":\"https:\/\/www.sonoraenequipo.com.mx\/?s={search_term_string}\"},\"query-input\":{\"@type\":\"PropertyValueSpecification\",\"valueRequired\":true,\"valueName\":\"search_term_string\"}}],\"inLanguage\":\"es\"},{\"@type\":\"Organization\",\"@id\":\"https:\/\/www.sonoraenequipo.com.mx\/#organization\",\"name\":\"Sonoraenequipo.com.mx\",\"url\":\"https:\/\/www.sonoraenequipo.com.mx\/\",\"logo\":{\"@type\":\"ImageObject\",\"inLanguage\":\"es\",\"@id\":\"https:\/\/www.sonoraenequipo.com.mx\/#\/schema\/logo\/image\/\",\"url\":\"https:\/\/www.sonoraenequipo.com.mx\/storage\/2019\/01\/sonoraenequipo_opt.png\",\"contentUrl\":\"https:\/\/www.sonoraenequipo.com.mx\/storage\/2019\/01\/sonoraenequipo_opt.png\",\"width\":375,\"height\":125,\"caption\":\"Sonoraenequipo.com.mx\"},\"image\":{\"@id\":\"https:\/\/www.sonoraenequipo.com.mx\/#\/schema\/logo\/image\/\"},\"sameAs\":[\"https:\/\/www.facebook.com\/SonoraEE\/\",\"https:\/\/x.com\/sonoraenequipo\",\"https:\/\/www.youtube.com\/channel\/UC338nW-lPEYmJQs4ZABQ1SQ\"]},{\"@type\":\"Person\",\"@id\":\"https:\/\/www.sonoraenequipo.com.mx\/#\/schema\/person\/50102df0fb23a8fa9e8effad8fa81386\",\"name\":\"enequipo\",\"image\":{\"@type\":\"ImageObject\",\"inLanguage\":\"es\",\"@id\":\"https:\/\/www.sonoraenequipo.com.mx\/#\/schema\/person\/image\/\",\"url\":\"https:\/\/secure.gravatar.com\/avatar\/049821681b589dabc0bc20695993ccebb09f5b5d4d790cd9251b97faac7c652b?s=96&d=blank&r=g\",\"contentUrl\":\"https:\/\/secure.gravatar.com\/avatar\/049821681b589dabc0bc20695993ccebb09f5b5d4d790cd9251b97faac7c652b?s=96&d=blank&r=g\",\"caption\":\"enequipo\"},\"sameAs\":[\"https:\/\/www.facebook.com\/SonoraEE\"]}]}<\/script>\n ","yoast_head_json":{"title":"Sonora en Equipo. Corredor Interoce\u00e1nico del Istmo de Tehuantepec ser\u00e1 consolidado por Sheinbaum: AMLO Rep\u00fablica","description":"CIUDAD DE M\u00c9XICO. MX.\u2014 El presidente Andr\u00e9s Manuel L\u00f3pez Obrador, declar\u00f3 que Claudia Sheinbaum, virtual presidenta electa, consolidar\u00e1 el proyecto En Sonora en Equipo publicamos toda la informaci\u00f3n de Sonora, M\u00e9xico y el Mundo de manera oportuna y busca que la libertad de expresi\u00f3n sea real. Visita nuestro medio informativo publicado desde Hermosillo, Sonora. %","robots":{"index":"index","follow":"follow","max-snippet":"max-snippet:-1","max-image-preview":"max-image-preview:large","max-video-preview":"max-video-preview:-1"},"canonical":"https:\/\/www.sonoraenequipo.com.mx\/corredor-interoceanico-del-istmo-de-tehuantepec-sera-consolidado-por-sheinbaum-amlo\/","og_locale":"es_ES","og_type":"article","og_title":"Sonora en Equipo. Corredor Interoce\u00e1nico del Istmo de Tehuantepec ser\u00e1 consolidado por Sheinbaum: AMLO Rep\u00fablica","og_description":"CIUDAD DE M\u00c9XICO. MX.\u2014 El presidente Andr\u00e9s Manuel L\u00f3pez Obrador, declar\u00f3 que Claudia Sheinbaum, virtual presidenta electa, consolidar\u00e1 el proyecto En Sonora en Equipo publicamos toda la informaci\u00f3n de Sonora, M\u00e9xico y el Mundo de manera oportuna y busca que la libertad de expresi\u00f3n sea real. Visita nuestro medio informativo publicado desde Hermosillo, Sonora. %","og_url":"https:\/\/www.sonoraenequipo.com.mx\/corredor-interoceanico-del-istmo-de-tehuantepec-sera-consolidado-por-sheinbaum-amlo\/","og_site_name":"Sonora en Equipo.","article_publisher":"https:\/\/www.facebook.com\/SonoraEE\/","article_author":"https:\/\/www.facebook.com\/SonoraEE","article_published_time":"2024-07-18T15:42:41+00:00","article_modified_time":"2024-07-19T02:48:20+00:00","og_image":[{"width":900,"height":417,"url":"https:\/\/www.sonoraenequipo.com.mx\/storage\/2024\/07\/trren-interoceanico-min.jpg","type":"image\/jpeg"}],"author":"enequipo","twitter_card":"summary_large_image","twitter_creator":"@sonoraenequipo","twitter_site":"@sonoraenequipo","twitter_misc":{"Escrito por":"enequipo","Tiempo de lectura":"1 minuto"},"schema":{"@context":"https:\/\/schema.org","@graph":[{"@type":"Article","@id":"https:\/\/www.sonoraenequipo.com.mx\/corredor-interoceanico-del-istmo-de-tehuantepec-sera-consolidado-por-sheinbaum-amlo\/#article","isPartOf":{"@id":"https:\/\/www.sonoraenequipo.com.mx\/corredor-interoceanico-del-istmo-de-tehuantepec-sera-consolidado-por-sheinbaum-amlo\/"},"author":{"name":"enequipo","@id":"https:\/\/www.sonoraenequipo.com.mx\/#\/schema\/person\/50102df0fb23a8fa9e8effad8fa81386"},"headline":"Corredor Interoce\u00e1nico del Istmo de Tehuantepec ser\u00e1 consolidado por Sheinbaum: AMLO","datePublished":"2024-07-18T15:42:41+00:00","dateModified":"2024-07-19T02:48:20+00:00","mainEntityOfPage":{"@id":"https:\/\/www.sonoraenequipo.com.mx\/corredor-interoceanico-del-istmo-de-tehuantepec-sera-consolidado-por-sheinbaum-amlo\/"},"wordCount":228,"commentCount":0,"publisher":{"@id":"https:\/\/www.sonoraenequipo.com.mx\/#organization"},"image":{"@id":"https:\/\/www.sonoraenequipo.com.mx\/corredor-interoceanico-del-istmo-de-tehuantepec-sera-consolidado-por-sheinbaum-amlo\/#primaryimage"},"thumbnailUrl":"https:\/\/www.sonoraenequipo.com.mx\/storage\/2024\/07\/trren-interoceanico-min.jpg","articleSection":["Rep\u00fablica"],"inLanguage":"es","potentialAction":[{"@type":"CommentAction","name":"Comment","target":["https:\/\/www.sonoraenequipo.com.mx\/corredor-interoceanico-del-istmo-de-tehuantepec-sera-consolidado-por-sheinbaum-amlo\/#respond"]}]},{"@type":"WebPage","@id":"https:\/\/www.sonoraenequipo.com.mx\/corredor-interoceanico-del-istmo-de-tehuantepec-sera-consolidado-por-sheinbaum-amlo\/","url":"https:\/\/www.sonoraenequipo.com.mx\/corredor-interoceanico-del-istmo-de-tehuantepec-sera-consolidado-por-sheinbaum-amlo\/","name":"Sonora en Equipo. Corredor Interoce\u00e1nico del Istmo de Tehuantepec ser\u00e1 consolidado por Sheinbaum: AMLO Rep\u00fablica","isPartOf":{"@id":"https:\/\/www.sonoraenequipo.com.mx\/#website"},"primaryImageOfPage":{"@id":"https:\/\/www.sonoraenequipo.com.mx\/corredor-interoceanico-del-istmo-de-tehuantepec-sera-consolidado-por-sheinbaum-amlo\/#primaryimage"},"image":{"@id":"https:\/\/www.sonoraenequipo.com.mx\/corredor-interoceanico-del-istmo-de-tehuantepec-sera-consolidado-por-sheinbaum-amlo\/#primaryimage"},"thumbnailUrl":"https:\/\/www.sonoraenequipo.com.mx\/storage\/2024\/07\/trren-interoceanico-min.jpg","datePublished":"2024-07-18T15:42:41+00:00","dateModified":"2024-07-19T02:48:20+00:00","description":"CIUDAD DE M\u00c9XICO. MX.\u2014 El presidente Andr\u00e9s Manuel L\u00f3pez Obrador, declar\u00f3 que Claudia Sheinbaum, virtual presidenta electa, consolidar\u00e1 el proyecto En Sonora en Equipo publicamos toda la informaci\u00f3n de Sonora, M\u00e9xico y el Mundo de manera oportuna y busca que la libertad de expresi\u00f3n sea real. Visita nuestro medio informativo publicado desde Hermosillo, Sonora. %","breadcrumb":{"@id":"https:\/\/www.sonoraenequipo.com.mx\/corredor-interoceanico-del-istmo-de-tehuantepec-sera-consolidado-por-sheinbaum-amlo\/#breadcrumb"},"inLanguage":"es","potentialAction":[{"@type":"ReadAction","target":["https:\/\/www.sonoraenequipo.com.mx\/corredor-interoceanico-del-istmo-de-tehuantepec-sera-consolidado-por-sheinbaum-amlo\/"]}]},{"@type":"ImageObject","inLanguage":"es","@id":"https:\/\/www.sonoraenequipo.com.mx\/corredor-interoceanico-del-istmo-de-tehuantepec-sera-consolidado-por-sheinbaum-amlo\/#primaryimage","url":"https:\/\/www.sonoraenequipo.com.mx\/storage\/2024\/07\/trren-interoceanico-min.jpg","contentUrl":"https:\/\/www.sonoraenequipo.com.mx\/storage\/2024\/07\/trren-interoceanico-min.jpg","width":900,"height":417},{"@type":"BreadcrumbList","@id":"https:\/\/www.sonoraenequipo.com.mx\/corredor-interoceanico-del-istmo-de-tehuantepec-sera-consolidado-por-sheinbaum-amlo\/#breadcrumb","itemListElement":[{"@type":"ListItem","position":1,"name":"Portada","item":"https:\/\/www.sonoraenequipo.com.mx\/"},{"@type":"ListItem","position":2,"name":"Corredor Interoce\u00e1nico del Istmo de Tehuantepec ser\u00e1 consolidado por Sheinbaum: AMLO"}]},{"@type":"WebSite","@id":"https:\/\/www.sonoraenequipo.com.mx\/#website","url":"https:\/\/www.sonoraenequipo.com.mx\/","name":"Sonora en Equipo.","description":"Diario en l\u00ednea con Noticias desde Hermosillo, Sonora","publisher":{"@id":"https:\/\/www.sonoraenequipo.com.mx\/#organization"},"potentialAction":[{"@type":"SearchAction","target":{"@type":"EntryPoint","urlTemplate":"https:\/\/www.sonoraenequipo.com.mx\/?s={search_term_string}"},"query-input":{"@type":"PropertyValueSpecification","valueRequired":true,"valueName":"search_term_string"}}],"inLanguage":"es"},{"@type":"Organization","@id":"https:\/\/www.sonoraenequipo.com.mx\/#organization","name":"Sonoraenequipo.com.mx","url":"https:\/\/www.sonoraenequipo.com.mx\/","logo":{"@type":"ImageObject","inLanguage":"es","@id":"https:\/\/www.sonoraenequipo.com.mx\/#\/schema\/logo\/image\/","url":"https:\/\/www.sonoraenequipo.com.mx\/storage\/2019\/01\/sonoraenequipo_opt.png","contentUrl":"https:\/\/www.sonoraenequipo.com.mx\/storage\/2019\/01\/sonoraenequipo_opt.png","width":375,"height":125,"caption":"Sonoraenequipo.com.mx"},"image":{"@id":"https:\/\/www.sonoraenequipo.com.mx\/#\/schema\/logo\/image\/"},"sameAs":["https:\/\/www.facebook.com\/SonoraEE\/","https:\/\/x.com\/sonoraenequipo","https:\/\/www.youtube.com\/channel\/UC338nW-lPEYmJQs4ZABQ1SQ"]},{"@type":"Person","@id":"https:\/\/www.sonoraenequipo.com.mx\/#\/schema\/person\/50102df0fb23a8fa9e8effad8fa81386","name":"enequipo","image":{"@type":"ImageObject","inLanguage":"es","@id":"https:\/\/www.sonoraenequipo.com.mx\/#\/schema\/person\/image\/","url":"https:\/\/secure.gravatar.com\/avatar\/049821681b589dabc0bc20695993ccebb09f5b5d4d790cd9251b97faac7c652b?s=96&d=blank&r=g","contentUrl":"https:\/\/secure.gravatar.com\/avatar\/049821681b589dabc0bc20695993ccebb09f5b5d4d790cd9251b97faac7c652b?s=96&d=blank&r=g","caption":"enequipo"},"sameAs":["https:\/\/www.facebook.com\/SonoraEE"]}]}},"jetpack_featured_media_url":"https:\/\/www.sonoraenequipo.com.mx\/storage\/2024\/07\/trren-interoceanico-min.jpg","_links":{"self":[{"href":"https:\/\/www.sonoraenequipo.com.mx\/api\/wp\/v2\/posts\/194853","targetHints":{"allow":["GET"]}}],"collection":[{"href":"https:\/\/www.sonoraenequipo.com.mx\/api\/wp\/v2\/posts"}],"about":[{"href":"https:\/\/www.sonoraenequipo.com.mx\/api\/wp\/v2\/types\/post"}],"author":[{"embeddable":true,"href":"https:\/\/www.sonoraenequipo.com.mx\/api\/wp\/v2\/users\/1"}],"replies":[{"embeddable":true,"href":"https:\/\/www.sonoraenequipo.com.mx\/api\/wp\/v2\/comments?post=194853"}],"version-history":[{"count":1,"href":"https:\/\/www.sonoraenequipo.com.mx\/api\/wp\/v2\/posts\/194853\/revisions"}],"predecessor-version":[{"id":194866,"href":"https:\/\/www.sonoraenequipo.com.mx\/api\/wp\/v2\/posts\/194853\/revisions\/194866"}],"wp:featuredmedia":[{"embeddable":true,"href":"https:\/\/www.sonoraenequipo.com.mx\/api\/wp\/v2\/media\/194856"}],"wp:attachment":[{"href":"https:\/\/www.sonoraenequipo.com.mx\/api\/wp\/v2\/media?parent=194853"}],"wp:term":[{"taxonomy":"category","embeddable":true,"href":"https:\/\/www.sonoraenequipo.com.mx\/api\/wp\/v2\/categories?post=194853"},{"taxonomy":"post_tag","embeddable":true,"href":"https:\/\/www.sonoraenequipo.com.mx\/api\/wp\/v2\/tags?post=194853"}],"curies":[{"name":"wp","href":"https:\/\/api.w.org\/{rel}","templated":true}]}}