{"id":194888,"date":"2024-07-18T07:23:29","date_gmt":"2024-07-18T14:23:29","guid":{"rendered":"https:\/\/www.sonoraenequipo.com.mx\/?p=194888"},"modified":"2024-07-19T11:56:35","modified_gmt":"2024-07-19T18:56:35","slug":"periodista-federico-hans-hagalsieb-es-agredido-con-arma-de-fuego","status":"publish","type":"post","link":"https:\/\/www.sonoraenequipo.com.mx\/periodista-federico-hans-hagalsieb-es-agredido-con-arma-de-fuego\/","title":{"rendered":"Periodista Federico Hans Hagalsieb es agredido con arma de fuego"},"content":{"rendered":"<p>CABORCA, SONORA. MX. \u2014 El periodista Federico Hans Hagalsieb Vanegas, director del portal de noticias<em><strong> \u2018Art. 7mo el Observador\u2018,<\/strong> <\/em>se encuentra \u201cbastante delicado\u00a0 y no le han podido retirar las ojivas de las balas que lo impactaron a m\u00e1s de 18 horas de ser atacado con un rifle de asalto por presuntos sicarios en Caborca, Sonora.<\/p>\n<p>&nbsp;<\/p>\n<p> <\/p>\n<p>As\u00ed lo inform\u00f3 Luis Alonso Hagelsieb, hijo de la v\u00edctima, quien detall\u00f3 c\u00f3mo ocurri\u00f3 el atentado y c\u00f3mo est\u00e1 su padre, tras una noche en la sala de cuidados intensivos del hospital y da\u00f1os en pulmones.<\/p>\n<p>&nbsp;<\/p>\n<p>&nbsp;<\/p>\n<p><em><strong>\u201cMi padre se encuentra delicado de salud, la madrugada de ayer pas\u00f3 a la sala de cuidados intensivos y ahorita est\u00e1 en revisi\u00f3n porque las agresiones que sufri\u00f3 afectaron a su pulm\u00f3n y est\u00e1 bombe\u00e1ndole sangre, inflam\u00e1ndolo, no lo pueden operar hasta estabilizarlo\u201d<\/strong><\/em>, explic\u00f3.<\/p>\n<p>&nbsp;<\/p>\n<p>El hijo revel\u00f3 que para su padre su profesi\u00f3n de periodista es su vocaci\u00f3n y que le apasionaba la cobertura de la nota roja, como un estilo de vida.<\/p>\n<p>&nbsp;<\/p>\n<p>&nbsp;<\/p>\n<p><strong><em>M\u00e1s que un trabajo, yo s\u00e9 que este era el estilo de vida de mi pap\u00e1, no tiene una d\u00e9cada haci\u00e9ndolo, sino toda su vida, entonces si no lo hace, ah\u00ed si estar\u00edan quit\u00e1ndole su vida<\/em>\u201d,<\/strong> agreg\u00f3.<\/p>\n<p>&nbsp;<\/p>\n<p>&nbsp;<\/p>\n<p>Periodista Federico Hans Hagalsieb se encuentra <strong><em>\u00abbastante delicado de salud\u00bb<\/em> <\/strong>tras agresi\u00f3n \u2014agreden\u2014 al-periodista-federico-hans-en-caborca-sonora-1024&#215;576<\/p>\n<p>&nbsp;<\/p>\n<p>Foto compartida por Federico Hans Hagelsieb en sus redes sociales<\/p>\n<p>&nbsp;<\/p>\n<p>El titular de la fiscal\u00eda general de Justicia en Sonora, Gustavo Salas, afirm\u00f3 que el agente del Ministerio P\u00fablico ya tiene los primeros avances en la investigaci\u00f3n; aunque a\u00fan no ser\u00e1n revelados por respeto al debido proceso.<\/p>\n<p>&nbsp;<\/p>\n<p>&nbsp;<\/p>\n<p>Asimismo, al ser cuestionado por medios, se neg\u00f3 a revelar si una de las l\u00edneas de investigaci\u00f3n era el trabajo period\u00edstico de la v\u00edctima.<\/p>\n<p>&nbsp;<\/p>\n<p>&nbsp;<\/p>\n<p><strong><em>\u201cEstamos totalmente concentrados en la investigaci\u00f3n de la agresi\u00f3n que sufri\u00f3 el se\u00f1or Federico Hans, y ya tenemos unos primeros avances que, en su momento, se dar\u00e1n a conocer\u201d<\/em><\/strong>, sostuvo.<\/p>\n<p>&nbsp;<\/p>\n<p>&nbsp;<\/p>\n<p><img loading=\"lazy\" decoding=\"async\" class=\"x-none size-full \" src=\"https:\/\/www.sonoraenequipo.com.mx\/storage\/2024\/07\/agreden-al-periodista-federico-hans-en-caborca-sonora-min.jpg\" alt=\"\" width=\"900\" height=\"627\" \/><\/p>\n<p>&nbsp;<\/p>\n<p>El fiscal afirm\u00f3 que se consolida la informaci\u00f3n para integrar la investigaci\u00f3n, <strong><em>\u201ca efecto de evitar especulaciones y desinformaci\u00f3n al respecto\u201d.<\/em><\/strong><\/p>\n<p>&nbsp;<\/p>\n<p>Abund\u00f3 que es un asunto <em><strong>\u201cde la mayor relevancia\u201d<\/strong><\/em> y que este mismo jueves fue abordado en el gabinete de seguridad que se re\u00fane diariamente en el estado, similar al ejercicio que hace el presidente Andr\u00e9s Manuel L\u00f3pez Obrador, y donde participan todas las instituciones que forman parte de la Mesa de Seguridad estatal.<\/p>\n<p>&nbsp;<\/p>\n<p>&nbsp;<\/p>\n<p>Salas asegur\u00f3 que el periodista, apodado \u2018El G\u00fcero\u2018 Hans, a\u00fan se encuentra estable y que actualmente est\u00e1n trabajando en las pruebas periciales para esclarecer el crimen.<\/p>\n<p>&nbsp;<\/p>\n<p>&nbsp;<\/p>\n<p>Fue a las 17:30 h local cuando al salir de su domicilio y abordar su veh\u00edculo, sicarios a bordo de un autom\u00f3vil color gris, emboscaron al periodista, rodeando de balas el carro con una r\u00e1faga de rifle de asalto.<\/p>\n<p>&nbsp;<\/p>\n<p>&nbsp;<\/p>\n<p>Sobre la carrocer\u00eda, los peritos contaron m\u00e1s de 30 impactos de bala, pero en la escena del ataque levantaron m\u00e1s de 80 casquillos percutidos.<\/p>\n<p>&nbsp;<\/p>\n<p>Hagelsieb hijo, inform\u00f3 que su padre recibi\u00f3 tres impactos de bala y una esquirla. De los tres impactos; uno fue en la pierna, otro en la oreja y uno m\u00e1s lo impact\u00f3 por la espalda, atraves\u00e1ndolo por el pectoral izquierdo, por el pulm\u00f3n y muy cerca del coraz\u00f3n, que es la herida de mayor gravedad.<\/p>\n<p>&nbsp;<\/p>\n<p>&nbsp;<\/p>\n<p>PUBLICADO EL 18 DE JULIO DE 2024 Con informaci\u00f3n de efe)<\/p>\n","protected":false},"excerpt":{"rendered":"<p>CABORCA, SONORA. MX. \u2014 El periodista Federico Hans Hagalsieb Vanegas, director del portal de noticias&#8230;<\/p>\n","protected":false},"author":1,"featured_media":194885,"comment_status":"open","ping_status":"open","sticky":false,"template":"","format":"standard","meta":{"_monsterinsights_skip_tracking":false,"_monsterinsights_sitenote_active":false,"_monsterinsights_sitenote_note":"","_monsterinsights_sitenote_category":0,"footnotes":""},"categories":[3144],"tags":[],"class_list":["post"],"yoast_head":" \n<title>Sonora en Equipo. Periodista Federico Hans Hagalsieb es agredido con arma de fuego Polic\u00edaca<\/title>\n<meta name=\"description\" content=\"CABORCA, SONORA. MX. \u2014 El periodista Federico Hans Hagalsieb Vanegas, director del portal de noticias \u2018Art. 7mo el Observador\u2018, se encuentra \u201cbastante En Sonora en Equipo publicamos toda la informaci\u00f3n de Sonora, M\u00e9xico y el Mundo de manera oportuna y busca que la libertad de expresi\u00f3n sea real. Visita nuestro medio informativo publicado desde Hermosillo, Sonora. %\" \/>\n<meta name=\"robots\" content=\"index, follow, max-snippet:-1, max-image-preview:large, max-video-preview:-1\" \/>\n<link rel=\"canonical\" href=\"https:\/\/www.sonoraenequipo.com.mx\/periodista-federico-hans-hagalsieb-es-agredido-con-arma-de-fuego\/\" \/>\n<meta property=\"og:locale\" content=\"es_ES\" \/>\n<meta property=\"og:type\" content=\"article\" \/>\n<meta property=\"og:title\" content=\"Sonora en Equipo. Periodista Federico Hans Hagalsieb es agredido con arma de fuego Polic\u00edaca\" \/>\n<meta property=\"og:description\" content=\"CABORCA, SONORA. MX. \u2014 El periodista Federico Hans Hagalsieb Vanegas, director del portal de noticias \u2018Art. 7mo el Observador\u2018, se encuentra \u201cbastante En Sonora en Equipo publicamos toda la informaci\u00f3n de Sonora, M\u00e9xico y el Mundo de manera oportuna y busca que la libertad de expresi\u00f3n sea real. Visita nuestro medio informativo publicado desde Hermosillo, Sonora. %\" \/>\n<meta property=\"og:url\" content=\"https:\/\/www.sonoraenequipo.com.mx\/periodista-federico-hans-hagalsieb-es-agredido-con-arma-de-fuego\/\" \/>\n<meta property=\"og:site_name\" content=\"Sonora en Equipo.\" \/>\n<meta property=\"article:publisher\" content=\"https:\/\/www.facebook.com\/SonoraEE\/\" \/>\n<meta property=\"article:author\" content=\"https:\/\/www.facebook.com\/SonoraEE\" \/>\n<meta property=\"article:published_time\" content=\"2024-07-18T14:23:29+00:00\" \/>\n<meta property=\"article:modified_time\" content=\"2024-07-19T18:56:35+00:00\" \/>\n<meta property=\"og:image\" content=\"https:\/\/www.sonoraenequipo.com.mx\/storage\/2024\/07\/periodista-federico-hans-agresion-min.jpg\" \/>\n\t<meta property=\"og:image:width\" content=\"900\" \/>\n\t<meta property=\"og:image:height\" content=\"506\" \/>\n\t<meta property=\"og:image:type\" content=\"image\/jpeg\" \/>\n<meta name=\"author\" content=\"enequipo\" \/>\n<meta name=\"twitter:card\" content=\"summary_large_image\" \/>\n<meta name=\"twitter:creator\" content=\"@sonoraenequipo\" \/>\n<meta name=\"twitter:site\" content=\"@sonoraenequipo\" \/>\n<meta name=\"twitter:label1\" content=\"Escrito por\" \/>\n\t<meta name=\"twitter:data1\" content=\"enequipo\" \/>\n\t<meta name=\"twitter:label2\" content=\"Tiempo de lectura\" \/>\n\t<meta name=\"twitter:data2\" content=\"3 minutos\" \/>\n<script type=\"application\/ld+json\" class=\"yoast-schema-graph\">{\"@context\":\"https:\/\/schema.org\",\"@graph\":[{\"@type\":\"Article\",\"@id\":\"https:\/\/www.sonoraenequipo.com.mx\/periodista-federico-hans-hagalsieb-es-agredido-con-arma-de-fuego\/#article\",\"isPartOf\":{\"@id\":\"https:\/\/www.sonoraenequipo.com.mx\/periodista-federico-hans-hagalsieb-es-agredido-con-arma-de-fuego\/\"},\"author\":{\"name\":\"enequipo\",\"@id\":\"https:\/\/www.sonoraenequipo.com.mx\/#\/schema\/person\/50102df0fb23a8fa9e8effad8fa81386\"},\"headline\":\"Periodista Federico Hans Hagalsieb es agredido con arma de fuego\",\"datePublished\":\"2024-07-18T14:23:29+00:00\",\"dateModified\":\"2024-07-19T18:56:35+00:00\",\"mainEntityOfPage\":{\"@id\":\"https:\/\/www.sonoraenequipo.com.mx\/periodista-federico-hans-hagalsieb-es-agredido-con-arma-de-fuego\/\"},\"wordCount\":628,\"commentCount\":0,\"publisher\":{\"@id\":\"https:\/\/www.sonoraenequipo.com.mx\/#organization\"},\"image\":{\"@id\":\"https:\/\/www.sonoraenequipo.com.mx\/periodista-federico-hans-hagalsieb-es-agredido-con-arma-de-fuego\/#primaryimage\"},\"thumbnailUrl\":\"https:\/\/www.sonoraenequipo.com.mx\/storage\/2024\/07\/periodista-federico-hans-agresion-min.jpg\",\"articleSection\":[\"Polic\u00edaca\"],\"inLanguage\":\"es\",\"potentialAction\":[{\"@type\":\"CommentAction\",\"name\":\"Comment\",\"target\":[\"https:\/\/www.sonoraenequipo.com.mx\/periodista-federico-hans-hagalsieb-es-agredido-con-arma-de-fuego\/#respond\"]}]},{\"@type\":\"WebPage\",\"@id\":\"https:\/\/www.sonoraenequipo.com.mx\/periodista-federico-hans-hagalsieb-es-agredido-con-arma-de-fuego\/\",\"url\":\"https:\/\/www.sonoraenequipo.com.mx\/periodista-federico-hans-hagalsieb-es-agredido-con-arma-de-fuego\/\",\"name\":\"Sonora en Equipo. Periodista Federico Hans Hagalsieb es agredido con arma de fuego Polic\u00edaca\",\"isPartOf\":{\"@id\":\"https:\/\/www.sonoraenequipo.com.mx\/#website\"},\"primaryImageOfPage\":{\"@id\":\"https:\/\/www.sonoraenequipo.com.mx\/periodista-federico-hans-hagalsieb-es-agredido-con-arma-de-fuego\/#primaryimage\"},\"image\":{\"@id\":\"https:\/\/www.sonoraenequipo.com.mx\/periodista-federico-hans-hagalsieb-es-agredido-con-arma-de-fuego\/#primaryimage\"},\"thumbnailUrl\":\"https:\/\/www.sonoraenequipo.com.mx\/storage\/2024\/07\/periodista-federico-hans-agresion-min.jpg\",\"datePublished\":\"2024-07-18T14:23:29+00:00\",\"dateModified\":\"2024-07-19T18:56:35+00:00\",\"description\":\"CABORCA, SONORA. MX. \u2014 El periodista Federico Hans Hagalsieb Vanegas, director del portal de noticias \u2018Art. 7mo el Observador\u2018, se encuentra \u201cbastante En Sonora en Equipo publicamos toda la informaci\u00f3n de Sonora, M\u00e9xico y el Mundo de manera oportuna y busca que la libertad de expresi\u00f3n sea real. Visita nuestro medio informativo publicado desde Hermosillo, Sonora. %\",\"breadcrumb\":{\"@id\":\"https:\/\/www.sonoraenequipo.com.mx\/periodista-federico-hans-hagalsieb-es-agredido-con-arma-de-fuego\/#breadcrumb\"},\"inLanguage\":\"es\",\"potentialAction\":[{\"@type\":\"ReadAction\",\"target\":[\"https:\/\/www.sonoraenequipo.com.mx\/periodista-federico-hans-hagalsieb-es-agredido-con-arma-de-fuego\/\"]}]},{\"@type\":\"ImageObject\",\"inLanguage\":\"es\",\"@id\":\"https:\/\/www.sonoraenequipo.com.mx\/periodista-federico-hans-hagalsieb-es-agredido-con-arma-de-fuego\/#primaryimage\",\"url\":\"https:\/\/www.sonoraenequipo.com.mx\/storage\/2024\/07\/periodista-federico-hans-agresion-min.jpg\",\"contentUrl\":\"https:\/\/www.sonoraenequipo.com.mx\/storage\/2024\/07\/periodista-federico-hans-agresion-min.jpg\",\"width\":900,\"height\":506},{\"@type\":\"BreadcrumbList\",\"@id\":\"https:\/\/www.sonoraenequipo.com.mx\/periodista-federico-hans-hagalsieb-es-agredido-con-arma-de-fuego\/#breadcrumb\",\"itemListElement\":[{\"@type\":\"ListItem\",\"position\":1,\"name\":\"Portada\",\"item\":\"https:\/\/www.sonoraenequipo.com.mx\/\"},{\"@type\":\"ListItem\",\"position\":2,\"name\":\"Periodista Federico Hans Hagalsieb es agredido con arma de fuego\"}]},{\"@type\":\"WebSite\",\"@id\":\"https:\/\/www.sonoraenequipo.com.mx\/#website\",\"url\":\"https:\/\/www.sonoraenequipo.com.mx\/\",\"name\":\"Sonora en Equipo.\",\"description\":\"Diario en l\u00ednea con Noticias desde Hermosillo, Sonora\",\"publisher\":{\"@id\":\"https:\/\/www.sonoraenequipo.com.mx\/#organization\"},\"potentialAction\":[{\"@type\":\"SearchAction\",\"target\":{\"@type\":\"EntryPoint\",\"urlTemplate\":\"https:\/\/www.sonoraenequipo.com.mx\/?s={search_term_string}\"},\"query-input\":{\"@type\":\"PropertyValueSpecification\",\"valueRequired\":true,\"valueName\":\"search_term_string\"}}],\"inLanguage\":\"es\"},{\"@type\":\"Organization\",\"@id\":\"https:\/\/www.sonoraenequipo.com.mx\/#organization\",\"name\":\"Sonoraenequipo.com.mx\",\"url\":\"https:\/\/www.sonoraenequipo.com.mx\/\",\"logo\":{\"@type\":\"ImageObject\",\"inLanguage\":\"es\",\"@id\":\"https:\/\/www.sonoraenequipo.com.mx\/#\/schema\/logo\/image\/\",\"url\":\"https:\/\/www.sonoraenequipo.com.mx\/storage\/2019\/01\/sonoraenequipo_opt.png\",\"contentUrl\":\"https:\/\/www.sonoraenequipo.com.mx\/storage\/2019\/01\/sonoraenequipo_opt.png\",\"width\":375,\"height\":125,\"caption\":\"Sonoraenequipo.com.mx\"},\"image\":{\"@id\":\"https:\/\/www.sonoraenequipo.com.mx\/#\/schema\/logo\/image\/\"},\"sameAs\":[\"https:\/\/www.facebook.com\/SonoraEE\/\",\"https:\/\/x.com\/sonoraenequipo\",\"https:\/\/www.youtube.com\/channel\/UC338nW-lPEYmJQs4ZABQ1SQ\"]},{\"@type\":\"Person\",\"@id\":\"https:\/\/www.sonoraenequipo.com.mx\/#\/schema\/person\/50102df0fb23a8fa9e8effad8fa81386\",\"name\":\"enequipo\",\"image\":{\"@type\":\"ImageObject\",\"inLanguage\":\"es\",\"@id\":\"https:\/\/www.sonoraenequipo.com.mx\/#\/schema\/person\/image\/\",\"url\":\"https:\/\/secure.gravatar.com\/avatar\/049821681b589dabc0bc20695993ccebb09f5b5d4d790cd9251b97faac7c652b?s=96&d=blank&r=g\",\"contentUrl\":\"https:\/\/secure.gravatar.com\/avatar\/049821681b589dabc0bc20695993ccebb09f5b5d4d790cd9251b97faac7c652b?s=96&d=blank&r=g\",\"caption\":\"enequipo\"},\"sameAs\":[\"https:\/\/www.facebook.com\/SonoraEE\"]}]}<\/script>\n ","yoast_head_json":{"title":"Sonora en Equipo. Periodista Federico Hans Hagalsieb es agredido con arma de fuego Polic\u00edaca","description":"CABORCA, SONORA. MX. \u2014 El periodista Federico Hans Hagalsieb Vanegas, director del portal de noticias \u2018Art. 7mo el Observador\u2018, se encuentra \u201cbastante En Sonora en Equipo publicamos toda la informaci\u00f3n de Sonora, M\u00e9xico y el Mundo de manera oportuna y busca que la libertad de expresi\u00f3n sea real. Visita nuestro medio informativo publicado desde Hermosillo, Sonora. %","robots":{"index":"index","follow":"follow","max-snippet":"max-snippet:-1","max-image-preview":"max-image-preview:large","max-video-preview":"max-video-preview:-1"},"canonical":"https:\/\/www.sonoraenequipo.com.mx\/periodista-federico-hans-hagalsieb-es-agredido-con-arma-de-fuego\/","og_locale":"es_ES","og_type":"article","og_title":"Sonora en Equipo. Periodista Federico Hans Hagalsieb es agredido con arma de fuego Polic\u00edaca","og_description":"CABORCA, SONORA. MX. \u2014 El periodista Federico Hans Hagalsieb Vanegas, director del portal de noticias \u2018Art. 7mo el Observador\u2018, se encuentra \u201cbastante En Sonora en Equipo publicamos toda la informaci\u00f3n de Sonora, M\u00e9xico y el Mundo de manera oportuna y busca que la libertad de expresi\u00f3n sea real. Visita nuestro medio informativo publicado desde Hermosillo, Sonora. %","og_url":"https:\/\/www.sonoraenequipo.com.mx\/periodista-federico-hans-hagalsieb-es-agredido-con-arma-de-fuego\/","og_site_name":"Sonora en Equipo.","article_publisher":"https:\/\/www.facebook.com\/SonoraEE\/","article_author":"https:\/\/www.facebook.com\/SonoraEE","article_published_time":"2024-07-18T14:23:29+00:00","article_modified_time":"2024-07-19T18:56:35+00:00","og_image":[{"width":900,"height":506,"url":"https:\/\/www.sonoraenequipo.com.mx\/storage\/2024\/07\/periodista-federico-hans-agresion-min.jpg","type":"image\/jpeg"}],"author":"enequipo","twitter_card":"summary_large_image","twitter_creator":"@sonoraenequipo","twitter_site":"@sonoraenequipo","twitter_misc":{"Escrito por":"enequipo","Tiempo de lectura":"3 minutos"},"schema":{"@context":"https:\/\/schema.org","@graph":[{"@type":"Article","@id":"https:\/\/www.sonoraenequipo.com.mx\/periodista-federico-hans-hagalsieb-es-agredido-con-arma-de-fuego\/#article","isPartOf":{"@id":"https:\/\/www.sonoraenequipo.com.mx\/periodista-federico-hans-hagalsieb-es-agredido-con-arma-de-fuego\/"},"author":{"name":"enequipo","@id":"https:\/\/www.sonoraenequipo.com.mx\/#\/schema\/person\/50102df0fb23a8fa9e8effad8fa81386"},"headline":"Periodista Federico Hans Hagalsieb es agredido con arma de fuego","datePublished":"2024-07-18T14:23:29+00:00","dateModified":"2024-07-19T18:56:35+00:00","mainEntityOfPage":{"@id":"https:\/\/www.sonoraenequipo.com.mx\/periodista-federico-hans-hagalsieb-es-agredido-con-arma-de-fuego\/"},"wordCount":628,"commentCount":0,"publisher":{"@id":"https:\/\/www.sonoraenequipo.com.mx\/#organization"},"image":{"@id":"https:\/\/www.sonoraenequipo.com.mx\/periodista-federico-hans-hagalsieb-es-agredido-con-arma-de-fuego\/#primaryimage"},"thumbnailUrl":"https:\/\/www.sonoraenequipo.com.mx\/storage\/2024\/07\/periodista-federico-hans-agresion-min.jpg","articleSection":["Polic\u00edaca"],"inLanguage":"es","potentialAction":[{"@type":"CommentAction","name":"Comment","target":["https:\/\/www.sonoraenequipo.com.mx\/periodista-federico-hans-hagalsieb-es-agredido-con-arma-de-fuego\/#respond"]}]},{"@type":"WebPage","@id":"https:\/\/www.sonoraenequipo.com.mx\/periodista-federico-hans-hagalsieb-es-agredido-con-arma-de-fuego\/","url":"https:\/\/www.sonoraenequipo.com.mx\/periodista-federico-hans-hagalsieb-es-agredido-con-arma-de-fuego\/","name":"Sonora en Equipo. Periodista Federico Hans Hagalsieb es agredido con arma de fuego Polic\u00edaca","isPartOf":{"@id":"https:\/\/www.sonoraenequipo.com.mx\/#website"},"primaryImageOfPage":{"@id":"https:\/\/www.sonoraenequipo.com.mx\/periodista-federico-hans-hagalsieb-es-agredido-con-arma-de-fuego\/#primaryimage"},"image":{"@id":"https:\/\/www.sonoraenequipo.com.mx\/periodista-federico-hans-hagalsieb-es-agredido-con-arma-de-fuego\/#primaryimage"},"thumbnailUrl":"https:\/\/www.sonoraenequipo.com.mx\/storage\/2024\/07\/periodista-federico-hans-agresion-min.jpg","datePublished":"2024-07-18T14:23:29+00:00","dateModified":"2024-07-19T18:56:35+00:00","description":"CABORCA, SONORA. MX. \u2014 El periodista Federico Hans Hagalsieb Vanegas, director del portal de noticias \u2018Art. 7mo el Observador\u2018, se encuentra \u201cbastante En Sonora en Equipo publicamos toda la informaci\u00f3n de Sonora, M\u00e9xico y el Mundo de manera oportuna y busca que la libertad de expresi\u00f3n sea real. Visita nuestro medio informativo publicado desde Hermosillo, Sonora. %","breadcrumb":{"@id":"https:\/\/www.sonoraenequipo.com.mx\/periodista-federico-hans-hagalsieb-es-agredido-con-arma-de-fuego\/#breadcrumb"},"inLanguage":"es","potentialAction":[{"@type":"ReadAction","target":["https:\/\/www.sonoraenequipo.com.mx\/periodista-federico-hans-hagalsieb-es-agredido-con-arma-de-fuego\/"]}]},{"@type":"ImageObject","inLanguage":"es","@id":"https:\/\/www.sonoraenequipo.com.mx\/periodista-federico-hans-hagalsieb-es-agredido-con-arma-de-fuego\/#primaryimage","url":"https:\/\/www.sonoraenequipo.com.mx\/storage\/2024\/07\/periodista-federico-hans-agresion-min.jpg","contentUrl":"https:\/\/www.sonoraenequipo.com.mx\/storage\/2024\/07\/periodista-federico-hans-agresion-min.jpg","width":900,"height":506},{"@type":"BreadcrumbList","@id":"https:\/\/www.sonoraenequipo.com.mx\/periodista-federico-hans-hagalsieb-es-agredido-con-arma-de-fuego\/#breadcrumb","itemListElement":[{"@type":"ListItem","position":1,"name":"Portada","item":"https:\/\/www.sonoraenequipo.com.mx\/"},{"@type":"ListItem","position":2,"name":"Periodista Federico Hans Hagalsieb es agredido con arma de fuego"}]},{"@type":"WebSite","@id":"https:\/\/www.sonoraenequipo.com.mx\/#website","url":"https:\/\/www.sonoraenequipo.com.mx\/","name":"Sonora en Equipo.","description":"Diario en l\u00ednea con Noticias desde Hermosillo, Sonora","publisher":{"@id":"https:\/\/www.sonoraenequipo.com.mx\/#organization"},"potentialAction":[{"@type":"SearchAction","target":{"@type":"EntryPoint","urlTemplate":"https:\/\/www.sonoraenequipo.com.mx\/?s={search_term_string}"},"query-input":{"@type":"PropertyValueSpecification","valueRequired":true,"valueName":"search_term_string"}}],"inLanguage":"es"},{"@type":"Organization","@id":"https:\/\/www.sonoraenequipo.com.mx\/#organization","name":"Sonoraenequipo.com.mx","url":"https:\/\/www.sonoraenequipo.com.mx\/","logo":{"@type":"ImageObject","inLanguage":"es","@id":"https:\/\/www.sonoraenequipo.com.mx\/#\/schema\/logo\/image\/","url":"https:\/\/www.sonoraenequipo.com.mx\/storage\/2019\/01\/sonoraenequipo_opt.png","contentUrl":"https:\/\/www.sonoraenequipo.com.mx\/storage\/2019\/01\/sonoraenequipo_opt.png","width":375,"height":125,"caption":"Sonoraenequipo.com.mx"},"image":{"@id":"https:\/\/www.sonoraenequipo.com.mx\/#\/schema\/logo\/image\/"},"sameAs":["https:\/\/www.facebook.com\/SonoraEE\/","https:\/\/x.com\/sonoraenequipo","https:\/\/www.youtube.com\/channel\/UC338nW-lPEYmJQs4ZABQ1SQ"]},{"@type":"Person","@id":"https:\/\/www.sonoraenequipo.com.mx\/#\/schema\/person\/50102df0fb23a8fa9e8effad8fa81386","name":"enequipo","image":{"@type":"ImageObject","inLanguage":"es","@id":"https:\/\/www.sonoraenequipo.com.mx\/#\/schema\/person\/image\/","url":"https:\/\/secure.gravatar.com\/avatar\/049821681b589dabc0bc20695993ccebb09f5b5d4d790cd9251b97faac7c652b?s=96&d=blank&r=g","contentUrl":"https:\/\/secure.gravatar.com\/avatar\/049821681b589dabc0bc20695993ccebb09f5b5d4d790cd9251b97faac7c652b?s=96&d=blank&r=g","caption":"enequipo"},"sameAs":["https:\/\/www.facebook.com\/SonoraEE"]}]}},"jetpack_featured_media_url":"https:\/\/www.sonoraenequipo.com.mx\/storage\/2024\/07\/periodista-federico-hans-agresion-min.jpg","_links":{"self":[{"href":"https:\/\/www.sonoraenequipo.com.mx\/api\/wp\/v2\/posts\/194888","targetHints":{"allow":["GET"]}}],"collection":[{"href":"https:\/\/www.sonoraenequipo.com.mx\/api\/wp\/v2\/posts"}],"about":[{"href":"https:\/\/www.sonoraenequipo.com.mx\/api\/wp\/v2\/types\/post"}],"author":[{"embeddable":true,"href":"https:\/\/www.sonoraenequipo.com.mx\/api\/wp\/v2\/users\/1"}],"replies":[{"embeddable":true,"href":"https:\/\/www.sonoraenequipo.com.mx\/api\/wp\/v2\/comments?post=194888"}],"version-history":[{"count":1,"href":"https:\/\/www.sonoraenequipo.com.mx\/api\/wp\/v2\/posts\/194888\/revisions"}],"predecessor-version":[{"id":194889,"href":"https:\/\/www.sonoraenequipo.com.mx\/api\/wp\/v2\/posts\/194888\/revisions\/194889"}],"wp:featuredmedia":[{"embeddable":true,"href":"https:\/\/www.sonoraenequipo.com.mx\/api\/wp\/v2\/media\/194885"}],"wp:attachment":[{"href":"https:\/\/www.sonoraenequipo.com.mx\/api\/wp\/v2\/media?parent=194888"}],"wp:term":[{"taxonomy":"category","embeddable":true,"href":"https:\/\/www.sonoraenequipo.com.mx\/api\/wp\/v2\/categories?post=194888"},{"taxonomy":"post_tag","embeddable":true,"href":"https:\/\/www.sonoraenequipo.com.mx\/api\/wp\/v2\/tags?post=194888"}],"curies":[{"name":"wp","href":"https:\/\/api.w.org\/{rel}","templated":true}]}}