{"id":194928,"date":"2024-07-19T14:36:29","date_gmt":"2024-07-19T21:36:29","guid":{"rendered":"https:\/\/www.sonoraenequipo.com.mx\/?p=194928"},"modified":"2024-07-19T14:36:29","modified_gmt":"2024-07-19T21:36:29","slug":"instituto-de-becas-y-credito-mantiene-atencion-al-publico-durante-las-vacaciones-de-verano","status":"publish","type":"post","link":"https:\/\/www.sonoraenequipo.com.mx\/instituto-de-becas-y-credito-mantiene-atencion-al-publico-durante-las-vacaciones-de-verano\/","title":{"rendered":"Instituto de Becas y Cr\u00e9dito mantiene atenci\u00f3n al p\u00fablico durante las vacaciones de verano"},"content":{"rendered":"<p>&nbsp;<\/p>\n<p><strong>HERMOSILLO, SONORA, MX.<\/strong> \u2014 Con el compromiso de fortalecer de manera permanente el programa de becas m\u00e1s grande en la historia de la entidad, el Instituto de Becas y Cr\u00e9dito Educativo del Estado de Sonora (Ibcees) operar\u00e1 de manera normal durante el per\u00edodo vacacional de verano.<\/p>\n<p>&nbsp;<\/p>\n<p>&nbsp;<\/p>\n<p>&nbsp;<\/p>\n<p>Manuel Ca\u00f1ez Mart\u00ednez, director general del Ibcees, detall\u00f3 que las distintas oficinas del instituto atender\u00e1n al p\u00fablico en general, en el horario regular, de lunes a viernes, de ocho de la ma\u00f1ana a tres de la tarde.<\/p>\n<p>&nbsp;<\/p>\n<p>&nbsp;<\/p>\n<p>&nbsp;<\/p>\n<p>Inform\u00f3 que el per\u00edodo de renovaci\u00f3n del cr\u00e9dito educativo continuar\u00e1 normalmente, al igual que la convocatoria del Programa de Becas Sonora de Oportunidades para Estudiantes de Escuelas Particulares Ciclo Escolar 2024-2025.<\/p>\n<p>&nbsp;<\/p>\n<p>&nbsp;<\/p>\n<p>&nbsp;<\/p>\n<p>En esta \u00faltima convocatoria, indic\u00f3, participan estudiantes de preescolar, primaria, secundaria, preparatoria, formaci\u00f3n para el trabajo, media superior, media superior terminal y superior.<\/p>\n<p>&nbsp;<\/p>\n<p>&nbsp;<\/p>\n<p>&nbsp;<\/p>\n<p>Las instituciones educativas particulares y los programas educativos participantes en la convocatoria, seg\u00fan sea el caso, estar\u00e1n disponibles en la solicitud en l\u00ednea y \u00e9sta puede realizarse \u00fanica y exclusivamente en la p\u00e1gina web oficial <a href=\"https:\/\/becasycredito.sonora.edu.mx\/\">https:\/\/becasycredito.sonora.edu.mx\/<\/a>.<\/p>\n<p>&nbsp;<\/p>\n<p>&nbsp;<\/p>\n<p>&nbsp;<\/p>\n<p>Ca\u00f1ez Mart\u00ednez inform\u00f3 que las personas interesadas pueden acudir a las oficinas centrales en Hermosillo, ubicadas en la calle Dr. Domingo Olivares No. 128, colonia Valle Grande o comunicarse al tel\u00e9fono 662 289 8700.<\/p>\n<p>&nbsp;<\/p>\n<p>&nbsp;<\/p>\n<p>&nbsp;<\/p>\n<p>Asimismo, dijo, el Ibcees cuenta con sedes en Ciudad Obreg\u00f3n (Calle Sinaloa No. 666, colonia Centro. Tel\u00e9fono: 644 410 6300) y Nogales (Calle Campillo No. 140, colonia Fundo Legal. Tel\u00e9fono: 631 209 9476).<\/p>\n<p><strong>Fecha de publicaci\u00f3n viernes 19 de julio de 2024<\/strong><\/p>\n","protected":false},"excerpt":{"rendered":"<p>&nbsp; HERMOSILLO, SONORA, MX. \u2014 Con el compromiso de fortalecer de manera permanente el programa&#8230;<\/p>\n","protected":false},"author":1,"featured_media":194929,"comment_status":"open","ping_status":"open","sticky":false,"template":"","format":"standard","meta":{"_monsterinsights_skip_tracking":false,"_monsterinsights_sitenote_active":false,"_monsterinsights_sitenote_note":"","_monsterinsights_sitenote_category":0,"footnotes":""},"categories":[22],"tags":[3294,3804,5714],"class_list":["post"],"yoast_head":" \n<title>Sonora en Equipo. Instituto de Becas y Cr\u00e9dito mantiene atenci\u00f3n al p\u00fablico durante las vacaciones de verano Sonora<\/title>\n<meta name=\"description\" content=\"&nbsp; HERMOSILLO, SONORA, MX. \u2014 Con el compromiso de fortalecer de manera permanente el programa de becas m\u00e1s grande en la historia de la entidad, el En Sonora en Equipo publicamos toda la informaci\u00f3n de Sonora, M\u00e9xico y el Mundo de manera oportuna y busca que la libertad de expresi\u00f3n sea real. Visita nuestro medio informativo publicado desde Hermosillo, Sonora. %\" \/>\n<meta name=\"robots\" content=\"index, follow, max-snippet:-1, max-image-preview:large, max-video-preview:-1\" \/>\n<link rel=\"canonical\" href=\"https:\/\/www.sonoraenequipo.com.mx\/instituto-de-becas-y-credito-mantiene-atencion-al-publico-durante-las-vacaciones-de-verano\/\" \/>\n<meta property=\"og:locale\" content=\"es_ES\" \/>\n<meta property=\"og:type\" content=\"article\" \/>\n<meta property=\"og:title\" content=\"Sonora en Equipo. Instituto de Becas y Cr\u00e9dito mantiene atenci\u00f3n al p\u00fablico durante las vacaciones de verano Sonora\" \/>\n<meta property=\"og:description\" content=\"&nbsp; HERMOSILLO, SONORA, MX. \u2014 Con el compromiso de fortalecer de manera permanente el programa de becas m\u00e1s grande en la historia de la entidad, el En Sonora en Equipo publicamos toda la informaci\u00f3n de Sonora, M\u00e9xico y el Mundo de manera oportuna y busca que la libertad de expresi\u00f3n sea real. Visita nuestro medio informativo publicado desde Hermosillo, Sonora. %\" \/>\n<meta property=\"og:url\" content=\"https:\/\/www.sonoraenequipo.com.mx\/instituto-de-becas-y-credito-mantiene-atencion-al-publico-durante-las-vacaciones-de-verano\/\" \/>\n<meta property=\"og:site_name\" content=\"Sonora en Equipo.\" \/>\n<meta property=\"article:publisher\" content=\"https:\/\/www.facebook.com\/SonoraEE\/\" \/>\n<meta property=\"article:author\" content=\"https:\/\/www.facebook.com\/SonoraEE\" \/>\n<meta property=\"article:published_time\" content=\"2024-07-19T21:36:29+00:00\" \/>\n<meta property=\"og:image\" content=\"https:\/\/www.sonoraenequipo.com.mx\/storage\/2024\/07\/ibces.jpg\" \/>\n\t<meta property=\"og:image:width\" content=\"600\" \/>\n\t<meta property=\"og:image:height\" content=\"449\" \/>\n\t<meta property=\"og:image:type\" content=\"image\/jpeg\" \/>\n<meta name=\"author\" content=\"enequipo\" \/>\n<meta name=\"twitter:card\" content=\"summary_large_image\" \/>\n<meta name=\"twitter:creator\" content=\"@sonoraenequipo\" \/>\n<meta name=\"twitter:site\" content=\"@sonoraenequipo\" \/>\n<meta name=\"twitter:label1\" content=\"Escrito por\" \/>\n\t<meta name=\"twitter:data1\" content=\"enequipo\" \/>\n\t<meta name=\"twitter:label2\" content=\"Tiempo de lectura\" \/>\n\t<meta name=\"twitter:data2\" content=\"1 minuto\" \/>\n<script type=\"application\/ld+json\" class=\"yoast-schema-graph\">{\"@context\":\"https:\/\/schema.org\",\"@graph\":[{\"@type\":\"Article\",\"@id\":\"https:\/\/www.sonoraenequipo.com.mx\/instituto-de-becas-y-credito-mantiene-atencion-al-publico-durante-las-vacaciones-de-verano\/#article\",\"isPartOf\":{\"@id\":\"https:\/\/www.sonoraenequipo.com.mx\/instituto-de-becas-y-credito-mantiene-atencion-al-publico-durante-las-vacaciones-de-verano\/\"},\"author\":{\"name\":\"enequipo\",\"@id\":\"https:\/\/www.sonoraenequipo.com.mx\/#\/schema\/person\/50102df0fb23a8fa9e8effad8fa81386\"},\"headline\":\"Instituto de Becas y Cr\u00e9dito mantiene atenci\u00f3n al p\u00fablico durante las vacaciones de verano\",\"datePublished\":\"2024-07-19T21:36:29+00:00\",\"mainEntityOfPage\":{\"@id\":\"https:\/\/www.sonoraenequipo.com.mx\/instituto-de-becas-y-credito-mantiene-atencion-al-publico-durante-las-vacaciones-de-verano\/\"},\"wordCount\":297,\"commentCount\":0,\"publisher\":{\"@id\":\"https:\/\/www.sonoraenequipo.com.mx\/#organization\"},\"image\":{\"@id\":\"https:\/\/www.sonoraenequipo.com.mx\/instituto-de-becas-y-credito-mantiene-atencion-al-publico-durante-las-vacaciones-de-verano\/#primaryimage\"},\"thumbnailUrl\":\"https:\/\/www.sonoraenequipo.com.mx\/storage\/2024\/07\/ibces.jpg\",\"keywords\":[\"becas\",\"credito\",\"educativo\"],\"articleSection\":[\"Sonora\"],\"inLanguage\":\"es\",\"potentialAction\":[{\"@type\":\"CommentAction\",\"name\":\"Comment\",\"target\":[\"https:\/\/www.sonoraenequipo.com.mx\/instituto-de-becas-y-credito-mantiene-atencion-al-publico-durante-las-vacaciones-de-verano\/#respond\"]}]},{\"@type\":\"WebPage\",\"@id\":\"https:\/\/www.sonoraenequipo.com.mx\/instituto-de-becas-y-credito-mantiene-atencion-al-publico-durante-las-vacaciones-de-verano\/\",\"url\":\"https:\/\/www.sonoraenequipo.com.mx\/instituto-de-becas-y-credito-mantiene-atencion-al-publico-durante-las-vacaciones-de-verano\/\",\"name\":\"Sonora en Equipo. Instituto de Becas y Cr\u00e9dito mantiene atenci\u00f3n al p\u00fablico durante las vacaciones de verano Sonora\",\"isPartOf\":{\"@id\":\"https:\/\/www.sonoraenequipo.com.mx\/#website\"},\"primaryImageOfPage\":{\"@id\":\"https:\/\/www.sonoraenequipo.com.mx\/instituto-de-becas-y-credito-mantiene-atencion-al-publico-durante-las-vacaciones-de-verano\/#primaryimage\"},\"image\":{\"@id\":\"https:\/\/www.sonoraenequipo.com.mx\/instituto-de-becas-y-credito-mantiene-atencion-al-publico-durante-las-vacaciones-de-verano\/#primaryimage\"},\"thumbnailUrl\":\"https:\/\/www.sonoraenequipo.com.mx\/storage\/2024\/07\/ibces.jpg\",\"datePublished\":\"2024-07-19T21:36:29+00:00\",\"description\":\"&nbsp; HERMOSILLO, SONORA, MX. \u2014 Con el compromiso de fortalecer de manera permanente el programa de becas m\u00e1s grande en la historia de la entidad, el En Sonora en Equipo publicamos toda la informaci\u00f3n de Sonora, M\u00e9xico y el Mundo de manera oportuna y busca que la libertad de expresi\u00f3n sea real. Visita nuestro medio informativo publicado desde Hermosillo, Sonora. %\",\"breadcrumb\":{\"@id\":\"https:\/\/www.sonoraenequipo.com.mx\/instituto-de-becas-y-credito-mantiene-atencion-al-publico-durante-las-vacaciones-de-verano\/#breadcrumb\"},\"inLanguage\":\"es\",\"potentialAction\":[{\"@type\":\"ReadAction\",\"target\":[\"https:\/\/www.sonoraenequipo.com.mx\/instituto-de-becas-y-credito-mantiene-atencion-al-publico-durante-las-vacaciones-de-verano\/\"]}]},{\"@type\":\"ImageObject\",\"inLanguage\":\"es\",\"@id\":\"https:\/\/www.sonoraenequipo.com.mx\/instituto-de-becas-y-credito-mantiene-atencion-al-publico-durante-las-vacaciones-de-verano\/#primaryimage\",\"url\":\"https:\/\/www.sonoraenequipo.com.mx\/storage\/2024\/07\/ibces.jpg\",\"contentUrl\":\"https:\/\/www.sonoraenequipo.com.mx\/storage\/2024\/07\/ibces.jpg\",\"width\":600,\"height\":449},{\"@type\":\"BreadcrumbList\",\"@id\":\"https:\/\/www.sonoraenequipo.com.mx\/instituto-de-becas-y-credito-mantiene-atencion-al-publico-durante-las-vacaciones-de-verano\/#breadcrumb\",\"itemListElement\":[{\"@type\":\"ListItem\",\"position\":1,\"name\":\"Portada\",\"item\":\"https:\/\/www.sonoraenequipo.com.mx\/\"},{\"@type\":\"ListItem\",\"position\":2,\"name\":\"Instituto de Becas y Cr\u00e9dito mantiene atenci\u00f3n al p\u00fablico durante las vacaciones de verano\"}]},{\"@type\":\"WebSite\",\"@id\":\"https:\/\/www.sonoraenequipo.com.mx\/#website\",\"url\":\"https:\/\/www.sonoraenequipo.com.mx\/\",\"name\":\"Sonora en Equipo.\",\"description\":\"Diario en l\u00ednea con Noticias desde Hermosillo, Sonora\",\"publisher\":{\"@id\":\"https:\/\/www.sonoraenequipo.com.mx\/#organization\"},\"potentialAction\":[{\"@type\":\"SearchAction\",\"target\":{\"@type\":\"EntryPoint\",\"urlTemplate\":\"https:\/\/www.sonoraenequipo.com.mx\/?s={search_term_string}\"},\"query-input\":{\"@type\":\"PropertyValueSpecification\",\"valueRequired\":true,\"valueName\":\"search_term_string\"}}],\"inLanguage\":\"es\"},{\"@type\":\"Organization\",\"@id\":\"https:\/\/www.sonoraenequipo.com.mx\/#organization\",\"name\":\"Sonoraenequipo.com.mx\",\"url\":\"https:\/\/www.sonoraenequipo.com.mx\/\",\"logo\":{\"@type\":\"ImageObject\",\"inLanguage\":\"es\",\"@id\":\"https:\/\/www.sonoraenequipo.com.mx\/#\/schema\/logo\/image\/\",\"url\":\"https:\/\/www.sonoraenequipo.com.mx\/storage\/2019\/01\/sonoraenequipo_opt.png\",\"contentUrl\":\"https:\/\/www.sonoraenequipo.com.mx\/storage\/2019\/01\/sonoraenequipo_opt.png\",\"width\":375,\"height\":125,\"caption\":\"Sonoraenequipo.com.mx\"},\"image\":{\"@id\":\"https:\/\/www.sonoraenequipo.com.mx\/#\/schema\/logo\/image\/\"},\"sameAs\":[\"https:\/\/www.facebook.com\/SonoraEE\/\",\"https:\/\/x.com\/sonoraenequipo\",\"https:\/\/www.youtube.com\/channel\/UC338nW-lPEYmJQs4ZABQ1SQ\"]},{\"@type\":\"Person\",\"@id\":\"https:\/\/www.sonoraenequipo.com.mx\/#\/schema\/person\/50102df0fb23a8fa9e8effad8fa81386\",\"name\":\"enequipo\",\"image\":{\"@type\":\"ImageObject\",\"inLanguage\":\"es\",\"@id\":\"https:\/\/www.sonoraenequipo.com.mx\/#\/schema\/person\/image\/\",\"url\":\"https:\/\/secure.gravatar.com\/avatar\/049821681b589dabc0bc20695993ccebb09f5b5d4d790cd9251b97faac7c652b?s=96&d=blank&r=g\",\"contentUrl\":\"https:\/\/secure.gravatar.com\/avatar\/049821681b589dabc0bc20695993ccebb09f5b5d4d790cd9251b97faac7c652b?s=96&d=blank&r=g\",\"caption\":\"enequipo\"},\"sameAs\":[\"https:\/\/www.facebook.com\/SonoraEE\"]}]}<\/script>\n ","yoast_head_json":{"title":"Sonora en Equipo. Instituto de Becas y Cr\u00e9dito mantiene atenci\u00f3n al p\u00fablico durante las vacaciones de verano Sonora","description":"&nbsp; HERMOSILLO, SONORA, MX. \u2014 Con el compromiso de fortalecer de manera permanente el programa de becas m\u00e1s grande en la historia de la entidad, el En Sonora en Equipo publicamos toda la informaci\u00f3n de Sonora, M\u00e9xico y el Mundo de manera oportuna y busca que la libertad de expresi\u00f3n sea real. Visita nuestro medio informativo publicado desde Hermosillo, Sonora. %","robots":{"index":"index","follow":"follow","max-snippet":"max-snippet:-1","max-image-preview":"max-image-preview:large","max-video-preview":"max-video-preview:-1"},"canonical":"https:\/\/www.sonoraenequipo.com.mx\/instituto-de-becas-y-credito-mantiene-atencion-al-publico-durante-las-vacaciones-de-verano\/","og_locale":"es_ES","og_type":"article","og_title":"Sonora en Equipo. Instituto de Becas y Cr\u00e9dito mantiene atenci\u00f3n al p\u00fablico durante las vacaciones de verano Sonora","og_description":"&nbsp; HERMOSILLO, SONORA, MX. \u2014 Con el compromiso de fortalecer de manera permanente el programa de becas m\u00e1s grande en la historia de la entidad, el En Sonora en Equipo publicamos toda la informaci\u00f3n de Sonora, M\u00e9xico y el Mundo de manera oportuna y busca que la libertad de expresi\u00f3n sea real. Visita nuestro medio informativo publicado desde Hermosillo, Sonora. %","og_url":"https:\/\/www.sonoraenequipo.com.mx\/instituto-de-becas-y-credito-mantiene-atencion-al-publico-durante-las-vacaciones-de-verano\/","og_site_name":"Sonora en Equipo.","article_publisher":"https:\/\/www.facebook.com\/SonoraEE\/","article_author":"https:\/\/www.facebook.com\/SonoraEE","article_published_time":"2024-07-19T21:36:29+00:00","og_image":[{"width":600,"height":449,"url":"https:\/\/www.sonoraenequipo.com.mx\/storage\/2024\/07\/ibces.jpg","type":"image\/jpeg"}],"author":"enequipo","twitter_card":"summary_large_image","twitter_creator":"@sonoraenequipo","twitter_site":"@sonoraenequipo","twitter_misc":{"Escrito por":"enequipo","Tiempo de lectura":"1 minuto"},"schema":{"@context":"https:\/\/schema.org","@graph":[{"@type":"Article","@id":"https:\/\/www.sonoraenequipo.com.mx\/instituto-de-becas-y-credito-mantiene-atencion-al-publico-durante-las-vacaciones-de-verano\/#article","isPartOf":{"@id":"https:\/\/www.sonoraenequipo.com.mx\/instituto-de-becas-y-credito-mantiene-atencion-al-publico-durante-las-vacaciones-de-verano\/"},"author":{"name":"enequipo","@id":"https:\/\/www.sonoraenequipo.com.mx\/#\/schema\/person\/50102df0fb23a8fa9e8effad8fa81386"},"headline":"Instituto de Becas y Cr\u00e9dito mantiene atenci\u00f3n al p\u00fablico durante las vacaciones de verano","datePublished":"2024-07-19T21:36:29+00:00","mainEntityOfPage":{"@id":"https:\/\/www.sonoraenequipo.com.mx\/instituto-de-becas-y-credito-mantiene-atencion-al-publico-durante-las-vacaciones-de-verano\/"},"wordCount":297,"commentCount":0,"publisher":{"@id":"https:\/\/www.sonoraenequipo.com.mx\/#organization"},"image":{"@id":"https:\/\/www.sonoraenequipo.com.mx\/instituto-de-becas-y-credito-mantiene-atencion-al-publico-durante-las-vacaciones-de-verano\/#primaryimage"},"thumbnailUrl":"https:\/\/www.sonoraenequipo.com.mx\/storage\/2024\/07\/ibces.jpg","keywords":["becas","credito","educativo"],"articleSection":["Sonora"],"inLanguage":"es","potentialAction":[{"@type":"CommentAction","name":"Comment","target":["https:\/\/www.sonoraenequipo.com.mx\/instituto-de-becas-y-credito-mantiene-atencion-al-publico-durante-las-vacaciones-de-verano\/#respond"]}]},{"@type":"WebPage","@id":"https:\/\/www.sonoraenequipo.com.mx\/instituto-de-becas-y-credito-mantiene-atencion-al-publico-durante-las-vacaciones-de-verano\/","url":"https:\/\/www.sonoraenequipo.com.mx\/instituto-de-becas-y-credito-mantiene-atencion-al-publico-durante-las-vacaciones-de-verano\/","name":"Sonora en Equipo. Instituto de Becas y Cr\u00e9dito mantiene atenci\u00f3n al p\u00fablico durante las vacaciones de verano Sonora","isPartOf":{"@id":"https:\/\/www.sonoraenequipo.com.mx\/#website"},"primaryImageOfPage":{"@id":"https:\/\/www.sonoraenequipo.com.mx\/instituto-de-becas-y-credito-mantiene-atencion-al-publico-durante-las-vacaciones-de-verano\/#primaryimage"},"image":{"@id":"https:\/\/www.sonoraenequipo.com.mx\/instituto-de-becas-y-credito-mantiene-atencion-al-publico-durante-las-vacaciones-de-verano\/#primaryimage"},"thumbnailUrl":"https:\/\/www.sonoraenequipo.com.mx\/storage\/2024\/07\/ibces.jpg","datePublished":"2024-07-19T21:36:29+00:00","description":"&nbsp; HERMOSILLO, SONORA, MX. \u2014 Con el compromiso de fortalecer de manera permanente el programa de becas m\u00e1s grande en la historia de la entidad, el En Sonora en Equipo publicamos toda la informaci\u00f3n de Sonora, M\u00e9xico y el Mundo de manera oportuna y busca que la libertad de expresi\u00f3n sea real. Visita nuestro medio informativo publicado desde Hermosillo, Sonora. %","breadcrumb":{"@id":"https:\/\/www.sonoraenequipo.com.mx\/instituto-de-becas-y-credito-mantiene-atencion-al-publico-durante-las-vacaciones-de-verano\/#breadcrumb"},"inLanguage":"es","potentialAction":[{"@type":"ReadAction","target":["https:\/\/www.sonoraenequipo.com.mx\/instituto-de-becas-y-credito-mantiene-atencion-al-publico-durante-las-vacaciones-de-verano\/"]}]},{"@type":"ImageObject","inLanguage":"es","@id":"https:\/\/www.sonoraenequipo.com.mx\/instituto-de-becas-y-credito-mantiene-atencion-al-publico-durante-las-vacaciones-de-verano\/#primaryimage","url":"https:\/\/www.sonoraenequipo.com.mx\/storage\/2024\/07\/ibces.jpg","contentUrl":"https:\/\/www.sonoraenequipo.com.mx\/storage\/2024\/07\/ibces.jpg","width":600,"height":449},{"@type":"BreadcrumbList","@id":"https:\/\/www.sonoraenequipo.com.mx\/instituto-de-becas-y-credito-mantiene-atencion-al-publico-durante-las-vacaciones-de-verano\/#breadcrumb","itemListElement":[{"@type":"ListItem","position":1,"name":"Portada","item":"https:\/\/www.sonoraenequipo.com.mx\/"},{"@type":"ListItem","position":2,"name":"Instituto de Becas y Cr\u00e9dito mantiene atenci\u00f3n al p\u00fablico durante las vacaciones de verano"}]},{"@type":"WebSite","@id":"https:\/\/www.sonoraenequipo.com.mx\/#website","url":"https:\/\/www.sonoraenequipo.com.mx\/","name":"Sonora en Equipo.","description":"Diario en l\u00ednea con Noticias desde Hermosillo, Sonora","publisher":{"@id":"https:\/\/www.sonoraenequipo.com.mx\/#organization"},"potentialAction":[{"@type":"SearchAction","target":{"@type":"EntryPoint","urlTemplate":"https:\/\/www.sonoraenequipo.com.mx\/?s={search_term_string}"},"query-input":{"@type":"PropertyValueSpecification","valueRequired":true,"valueName":"search_term_string"}}],"inLanguage":"es"},{"@type":"Organization","@id":"https:\/\/www.sonoraenequipo.com.mx\/#organization","name":"Sonoraenequipo.com.mx","url":"https:\/\/www.sonoraenequipo.com.mx\/","logo":{"@type":"ImageObject","inLanguage":"es","@id":"https:\/\/www.sonoraenequipo.com.mx\/#\/schema\/logo\/image\/","url":"https:\/\/www.sonoraenequipo.com.mx\/storage\/2019\/01\/sonoraenequipo_opt.png","contentUrl":"https:\/\/www.sonoraenequipo.com.mx\/storage\/2019\/01\/sonoraenequipo_opt.png","width":375,"height":125,"caption":"Sonoraenequipo.com.mx"},"image":{"@id":"https:\/\/www.sonoraenequipo.com.mx\/#\/schema\/logo\/image\/"},"sameAs":["https:\/\/www.facebook.com\/SonoraEE\/","https:\/\/x.com\/sonoraenequipo","https:\/\/www.youtube.com\/channel\/UC338nW-lPEYmJQs4ZABQ1SQ"]},{"@type":"Person","@id":"https:\/\/www.sonoraenequipo.com.mx\/#\/schema\/person\/50102df0fb23a8fa9e8effad8fa81386","name":"enequipo","image":{"@type":"ImageObject","inLanguage":"es","@id":"https:\/\/www.sonoraenequipo.com.mx\/#\/schema\/person\/image\/","url":"https:\/\/secure.gravatar.com\/avatar\/049821681b589dabc0bc20695993ccebb09f5b5d4d790cd9251b97faac7c652b?s=96&d=blank&r=g","contentUrl":"https:\/\/secure.gravatar.com\/avatar\/049821681b589dabc0bc20695993ccebb09f5b5d4d790cd9251b97faac7c652b?s=96&d=blank&r=g","caption":"enequipo"},"sameAs":["https:\/\/www.facebook.com\/SonoraEE"]}]}},"jetpack_featured_media_url":"https:\/\/www.sonoraenequipo.com.mx\/storage\/2024\/07\/ibces.jpg","_links":{"self":[{"href":"https:\/\/www.sonoraenequipo.com.mx\/api\/wp\/v2\/posts\/194928","targetHints":{"allow":["GET"]}}],"collection":[{"href":"https:\/\/www.sonoraenequipo.com.mx\/api\/wp\/v2\/posts"}],"about":[{"href":"https:\/\/www.sonoraenequipo.com.mx\/api\/wp\/v2\/types\/post"}],"author":[{"embeddable":true,"href":"https:\/\/www.sonoraenequipo.com.mx\/api\/wp\/v2\/users\/1"}],"replies":[{"embeddable":true,"href":"https:\/\/www.sonoraenequipo.com.mx\/api\/wp\/v2\/comments?post=194928"}],"version-history":[{"count":1,"href":"https:\/\/www.sonoraenequipo.com.mx\/api\/wp\/v2\/posts\/194928\/revisions"}],"predecessor-version":[{"id":194930,"href":"https:\/\/www.sonoraenequipo.com.mx\/api\/wp\/v2\/posts\/194928\/revisions\/194930"}],"wp:featuredmedia":[{"embeddable":true,"href":"https:\/\/www.sonoraenequipo.com.mx\/api\/wp\/v2\/media\/194929"}],"wp:attachment":[{"href":"https:\/\/www.sonoraenequipo.com.mx\/api\/wp\/v2\/media?parent=194928"}],"wp:term":[{"taxonomy":"category","embeddable":true,"href":"https:\/\/www.sonoraenequipo.com.mx\/api\/wp\/v2\/categories?post=194928"},{"taxonomy":"post_tag","embeddable":true,"href":"https:\/\/www.sonoraenequipo.com.mx\/api\/wp\/v2\/tags?post=194928"}],"curies":[{"name":"wp","href":"https:\/\/api.w.org\/{rel}","templated":true}]}}