{"id":194937,"date":"2024-07-19T17:28:00","date_gmt":"2024-07-20T00:28:00","guid":{"rendered":"https:\/\/www.sonoraenequipo.com.mx\/?p=194937"},"modified":"2024-07-19T19:01:41","modified_gmt":"2024-07-20T02:01:41","slug":"mantendra-isea-sus-servicios-durante-el-periodo-vacacional-de-verano-2","status":"publish","type":"post","link":"https:\/\/www.sonoraenequipo.com.mx\/mantendra-isea-sus-servicios-durante-el-periodo-vacacional-de-verano-2\/","title":{"rendered":"Mantendr\u00e1 ISEA sus servicios durante el periodo vacacional de verano"},"content":{"rendered":"<p><strong>HERMOSILLO, SONORA, MX.<\/strong> \u2014 El Instituto Sonorense de Educaci\u00f3n para los Adultos (ISEA) mantendr\u00e1 disponibles todos sus servicios a la ciudadan\u00eda mayor de 15 a\u00f1os que los requieran, como parte de su misi\u00f3n de combatir el rezago educativo en cualquier lugar del territorio sonorense donde este persista, anunci\u00f3 Mar\u00eda Engracia Carrazco Valenzuela.<\/p>\n<p> <\/p>\n<p>La directora general del ISEA detall\u00f3 que, tanto la direcci\u00f3n general como las 11 coordinaciones de zona, brindar\u00e1n atenci\u00f3n al p\u00fablico durante el per\u00edodo vacacional que inicia el lunes 22 de julio y concluye el d\u00eda 2 de agosto.<\/p>\n<p>Carrazco Valenzuela se\u00f1al\u00f3 que supervisar\u00e1 las actividades del personal que acudir\u00e1 a laborar durante dicho per\u00edodo, acercando a las y los sonorenses programas de alfabetizaci\u00f3n, primaria, secundaria y preparatoria en modalidad abierta.<\/p>\n<p>Precis\u00f3 que el horario de oficina ser\u00e1 de las 9:00 a las 13:00 horas y record\u00f3 que el ISEA atiende a todo el estado de Sonora a trav\u00e9s de 11 coordinaciones de zona que son: San Luis R\u00edo Colorado, Caborca, Nogales, Agua Prieta, Guaymas, Obreg\u00f3n I, Obreg\u00f3n II, Navojoa, Huatabampo, Hermosillo Sur y Hermosillo Norte.<\/p>\n<p>El personal de Preparatoria Abierta del ISEA recibir\u00e1 al p\u00fablico en las oficinas ubicadas en la calle Pedro Villegas n\u00famero 16, colonia Centro en Hermosillo o por v\u00eda telef\u00f3nica en los n\u00fameros 800 670 99 60, 6622 12 64 92 y 6622 12 30 79 y para educaci\u00f3n b\u00e1sica al 800 999 4732.<\/p>\n<p><em><strong>\u201cQuienes buscan mejorar sus condiciones de vida a trav\u00e9s de la educaci\u00f3n, y que adem\u00e1s necesitan la flexibilidad que ofrece la modalidad abierta, tienen en el ISEA a un gran aliado, tambi\u00e9n durante el asueto de verano\u201d,<\/strong><\/em> puntualiz\u00f3.<\/p>\n<p><strong>Fecha de publicaci\u00f3n viernes 19 de julio de 2024<\/strong><\/p>\n","protected":false},"excerpt":{"rendered":"<p>HERMOSILLO, SONORA, MX. \u2014 El Instituto Sonorense de Educaci\u00f3n para los Adultos (ISEA) mantendr\u00e1 disponibles&#8230;<\/p>\n","protected":false},"author":1,"featured_media":194938,"comment_status":"open","ping_status":"open","sticky":false,"template":"","format":"standard","meta":{"_monsterinsights_skip_tracking":false,"_monsterinsights_sitenote_active":false,"_monsterinsights_sitenote_note":"","_monsterinsights_sitenote_category":0,"footnotes":""},"categories":[22],"tags":[6804],"class_list":["post"],"yoast_head":" \n<title>Sonora en Equipo. Mantendr\u00e1 ISEA sus servicios durante el periodo vacacional de verano Sonora<\/title>\n<meta name=\"description\" content=\"HERMOSILLO, SONORA, MX. \u2014 El Instituto Sonorense de Educaci\u00f3n para los Adultos (ISEA) mantendr\u00e1 disponibles todos sus servicios a la ciudadan\u00eda mayor de En Sonora en Equipo publicamos toda la informaci\u00f3n de Sonora, M\u00e9xico y el Mundo de manera oportuna y busca que la libertad de expresi\u00f3n sea real. Visita nuestro medio informativo publicado desde Hermosillo, Sonora. %\" \/>\n<meta name=\"robots\" content=\"index, follow, max-snippet:-1, max-image-preview:large, max-video-preview:-1\" \/>\n<link rel=\"canonical\" href=\"https:\/\/www.sonoraenequipo.com.mx\/mantendra-isea-sus-servicios-durante-el-periodo-vacacional-de-verano-2\/\" \/>\n<meta property=\"og:locale\" content=\"es_ES\" \/>\n<meta property=\"og:type\" content=\"article\" \/>\n<meta property=\"og:title\" content=\"Sonora en Equipo. Mantendr\u00e1 ISEA sus servicios durante el periodo vacacional de verano Sonora\" \/>\n<meta property=\"og:description\" content=\"HERMOSILLO, SONORA, MX. \u2014 El Instituto Sonorense de Educaci\u00f3n para los Adultos (ISEA) mantendr\u00e1 disponibles todos sus servicios a la ciudadan\u00eda mayor de En Sonora en Equipo publicamos toda la informaci\u00f3n de Sonora, M\u00e9xico y el Mundo de manera oportuna y busca que la libertad de expresi\u00f3n sea real. Visita nuestro medio informativo publicado desde Hermosillo, Sonora. %\" \/>\n<meta property=\"og:url\" content=\"https:\/\/www.sonoraenequipo.com.mx\/mantendra-isea-sus-servicios-durante-el-periodo-vacacional-de-verano-2\/\" \/>\n<meta property=\"og:site_name\" content=\"Sonora en Equipo.\" \/>\n<meta property=\"article:publisher\" content=\"https:\/\/www.facebook.com\/SonoraEE\/\" \/>\n<meta property=\"article:author\" content=\"https:\/\/www.facebook.com\/SonoraEE\" \/>\n<meta property=\"article:published_time\" content=\"2024-07-20T00:28:00+00:00\" \/>\n<meta property=\"article:modified_time\" content=\"2024-07-20T02:01:41+00:00\" \/>\n<meta property=\"og:image\" content=\"https:\/\/www.sonoraenequipo.com.mx\/storage\/2024\/07\/isea.jpg\" \/>\n\t<meta property=\"og:image:width\" content=\"600\" \/>\n\t<meta property=\"og:image:height\" content=\"323\" \/>\n\t<meta property=\"og:image:type\" content=\"image\/jpeg\" \/>\n<meta name=\"author\" content=\"enequipo\" \/>\n<meta name=\"twitter:card\" content=\"summary_large_image\" \/>\n<meta name=\"twitter:creator\" content=\"@sonoraenequipo\" \/>\n<meta name=\"twitter:site\" content=\"@sonoraenequipo\" \/>\n<meta name=\"twitter:label1\" content=\"Escrito por\" \/>\n\t<meta name=\"twitter:data1\" content=\"enequipo\" \/>\n\t<meta name=\"twitter:label2\" content=\"Tiempo de lectura\" \/>\n\t<meta name=\"twitter:data2\" content=\"1 minuto\" \/>\n<script type=\"application\/ld+json\" class=\"yoast-schema-graph\">{\"@context\":\"https:\/\/schema.org\",\"@graph\":[{\"@type\":\"Article\",\"@id\":\"https:\/\/www.sonoraenequipo.com.mx\/mantendra-isea-sus-servicios-durante-el-periodo-vacacional-de-verano-2\/#article\",\"isPartOf\":{\"@id\":\"https:\/\/www.sonoraenequipo.com.mx\/mantendra-isea-sus-servicios-durante-el-periodo-vacacional-de-verano-2\/\"},\"author\":{\"name\":\"enequipo\",\"@id\":\"https:\/\/www.sonoraenequipo.com.mx\/#\/schema\/person\/50102df0fb23a8fa9e8effad8fa81386\"},\"headline\":\"Mantendr\u00e1 ISEA sus servicios durante el periodo vacacional de verano\",\"datePublished\":\"2024-07-20T00:28:00+00:00\",\"dateModified\":\"2024-07-20T02:01:41+00:00\",\"mainEntityOfPage\":{\"@id\":\"https:\/\/www.sonoraenequipo.com.mx\/mantendra-isea-sus-servicios-durante-el-periodo-vacacional-de-verano-2\/\"},\"wordCount\":292,\"commentCount\":0,\"publisher\":{\"@id\":\"https:\/\/www.sonoraenequipo.com.mx\/#organization\"},\"image\":{\"@id\":\"https:\/\/www.sonoraenequipo.com.mx\/mantendra-isea-sus-servicios-durante-el-periodo-vacacional-de-verano-2\/#primaryimage\"},\"thumbnailUrl\":\"https:\/\/www.sonoraenequipo.com.mx\/storage\/2024\/07\/isea.jpg\",\"keywords\":[\"isea\"],\"articleSection\":[\"Sonora\"],\"inLanguage\":\"es\",\"potentialAction\":[{\"@type\":\"CommentAction\",\"name\":\"Comment\",\"target\":[\"https:\/\/www.sonoraenequipo.com.mx\/mantendra-isea-sus-servicios-durante-el-periodo-vacacional-de-verano-2\/#respond\"]}]},{\"@type\":\"WebPage\",\"@id\":\"https:\/\/www.sonoraenequipo.com.mx\/mantendra-isea-sus-servicios-durante-el-periodo-vacacional-de-verano-2\/\",\"url\":\"https:\/\/www.sonoraenequipo.com.mx\/mantendra-isea-sus-servicios-durante-el-periodo-vacacional-de-verano-2\/\",\"name\":\"Sonora en Equipo. Mantendr\u00e1 ISEA sus servicios durante el periodo vacacional de verano Sonora\",\"isPartOf\":{\"@id\":\"https:\/\/www.sonoraenequipo.com.mx\/#website\"},\"primaryImageOfPage\":{\"@id\":\"https:\/\/www.sonoraenequipo.com.mx\/mantendra-isea-sus-servicios-durante-el-periodo-vacacional-de-verano-2\/#primaryimage\"},\"image\":{\"@id\":\"https:\/\/www.sonoraenequipo.com.mx\/mantendra-isea-sus-servicios-durante-el-periodo-vacacional-de-verano-2\/#primaryimage\"},\"thumbnailUrl\":\"https:\/\/www.sonoraenequipo.com.mx\/storage\/2024\/07\/isea.jpg\",\"datePublished\":\"2024-07-20T00:28:00+00:00\",\"dateModified\":\"2024-07-20T02:01:41+00:00\",\"description\":\"HERMOSILLO, SONORA, MX. \u2014 El Instituto Sonorense de Educaci\u00f3n para los Adultos (ISEA) mantendr\u00e1 disponibles todos sus servicios a la ciudadan\u00eda mayor de En Sonora en Equipo publicamos toda la informaci\u00f3n de Sonora, M\u00e9xico y el Mundo de manera oportuna y busca que la libertad de expresi\u00f3n sea real. Visita nuestro medio informativo publicado desde Hermosillo, Sonora. %\",\"breadcrumb\":{\"@id\":\"https:\/\/www.sonoraenequipo.com.mx\/mantendra-isea-sus-servicios-durante-el-periodo-vacacional-de-verano-2\/#breadcrumb\"},\"inLanguage\":\"es\",\"potentialAction\":[{\"@type\":\"ReadAction\",\"target\":[\"https:\/\/www.sonoraenequipo.com.mx\/mantendra-isea-sus-servicios-durante-el-periodo-vacacional-de-verano-2\/\"]}]},{\"@type\":\"ImageObject\",\"inLanguage\":\"es\",\"@id\":\"https:\/\/www.sonoraenequipo.com.mx\/mantendra-isea-sus-servicios-durante-el-periodo-vacacional-de-verano-2\/#primaryimage\",\"url\":\"https:\/\/www.sonoraenequipo.com.mx\/storage\/2024\/07\/isea.jpg\",\"contentUrl\":\"https:\/\/www.sonoraenequipo.com.mx\/storage\/2024\/07\/isea.jpg\",\"width\":600,\"height\":323},{\"@type\":\"BreadcrumbList\",\"@id\":\"https:\/\/www.sonoraenequipo.com.mx\/mantendra-isea-sus-servicios-durante-el-periodo-vacacional-de-verano-2\/#breadcrumb\",\"itemListElement\":[{\"@type\":\"ListItem\",\"position\":1,\"name\":\"Portada\",\"item\":\"https:\/\/www.sonoraenequipo.com.mx\/\"},{\"@type\":\"ListItem\",\"position\":2,\"name\":\"Mantendr\u00e1 ISEA sus servicios durante el periodo vacacional de verano\"}]},{\"@type\":\"WebSite\",\"@id\":\"https:\/\/www.sonoraenequipo.com.mx\/#website\",\"url\":\"https:\/\/www.sonoraenequipo.com.mx\/\",\"name\":\"Sonora en Equipo.\",\"description\":\"Diario en l\u00ednea con Noticias desde Hermosillo, Sonora\",\"publisher\":{\"@id\":\"https:\/\/www.sonoraenequipo.com.mx\/#organization\"},\"potentialAction\":[{\"@type\":\"SearchAction\",\"target\":{\"@type\":\"EntryPoint\",\"urlTemplate\":\"https:\/\/www.sonoraenequipo.com.mx\/?s={search_term_string}\"},\"query-input\":{\"@type\":\"PropertyValueSpecification\",\"valueRequired\":true,\"valueName\":\"search_term_string\"}}],\"inLanguage\":\"es\"},{\"@type\":\"Organization\",\"@id\":\"https:\/\/www.sonoraenequipo.com.mx\/#organization\",\"name\":\"Sonoraenequipo.com.mx\",\"url\":\"https:\/\/www.sonoraenequipo.com.mx\/\",\"logo\":{\"@type\":\"ImageObject\",\"inLanguage\":\"es\",\"@id\":\"https:\/\/www.sonoraenequipo.com.mx\/#\/schema\/logo\/image\/\",\"url\":\"https:\/\/www.sonoraenequipo.com.mx\/storage\/2019\/01\/sonoraenequipo_opt.png\",\"contentUrl\":\"https:\/\/www.sonoraenequipo.com.mx\/storage\/2019\/01\/sonoraenequipo_opt.png\",\"width\":375,\"height\":125,\"caption\":\"Sonoraenequipo.com.mx\"},\"image\":{\"@id\":\"https:\/\/www.sonoraenequipo.com.mx\/#\/schema\/logo\/image\/\"},\"sameAs\":[\"https:\/\/www.facebook.com\/SonoraEE\/\",\"https:\/\/x.com\/sonoraenequipo\",\"https:\/\/www.youtube.com\/channel\/UC338nW-lPEYmJQs4ZABQ1SQ\"]},{\"@type\":\"Person\",\"@id\":\"https:\/\/www.sonoraenequipo.com.mx\/#\/schema\/person\/50102df0fb23a8fa9e8effad8fa81386\",\"name\":\"enequipo\",\"image\":{\"@type\":\"ImageObject\",\"inLanguage\":\"es\",\"@id\":\"https:\/\/www.sonoraenequipo.com.mx\/#\/schema\/person\/image\/\",\"url\":\"https:\/\/secure.gravatar.com\/avatar\/049821681b589dabc0bc20695993ccebb09f5b5d4d790cd9251b97faac7c652b?s=96&d=blank&r=g\",\"contentUrl\":\"https:\/\/secure.gravatar.com\/avatar\/049821681b589dabc0bc20695993ccebb09f5b5d4d790cd9251b97faac7c652b?s=96&d=blank&r=g\",\"caption\":\"enequipo\"},\"sameAs\":[\"https:\/\/www.facebook.com\/SonoraEE\"]}]}<\/script>\n ","yoast_head_json":{"title":"Sonora en Equipo. Mantendr\u00e1 ISEA sus servicios durante el periodo vacacional de verano Sonora","description":"HERMOSILLO, SONORA, MX. \u2014 El Instituto Sonorense de Educaci\u00f3n para los Adultos (ISEA) mantendr\u00e1 disponibles todos sus servicios a la ciudadan\u00eda mayor de En Sonora en Equipo publicamos toda la informaci\u00f3n de Sonora, M\u00e9xico y el Mundo de manera oportuna y busca que la libertad de expresi\u00f3n sea real. Visita nuestro medio informativo publicado desde Hermosillo, Sonora. %","robots":{"index":"index","follow":"follow","max-snippet":"max-snippet:-1","max-image-preview":"max-image-preview:large","max-video-preview":"max-video-preview:-1"},"canonical":"https:\/\/www.sonoraenequipo.com.mx\/mantendra-isea-sus-servicios-durante-el-periodo-vacacional-de-verano-2\/","og_locale":"es_ES","og_type":"article","og_title":"Sonora en Equipo. Mantendr\u00e1 ISEA sus servicios durante el periodo vacacional de verano Sonora","og_description":"HERMOSILLO, SONORA, MX. \u2014 El Instituto Sonorense de Educaci\u00f3n para los Adultos (ISEA) mantendr\u00e1 disponibles todos sus servicios a la ciudadan\u00eda mayor de En Sonora en Equipo publicamos toda la informaci\u00f3n de Sonora, M\u00e9xico y el Mundo de manera oportuna y busca que la libertad de expresi\u00f3n sea real. Visita nuestro medio informativo publicado desde Hermosillo, Sonora. %","og_url":"https:\/\/www.sonoraenequipo.com.mx\/mantendra-isea-sus-servicios-durante-el-periodo-vacacional-de-verano-2\/","og_site_name":"Sonora en Equipo.","article_publisher":"https:\/\/www.facebook.com\/SonoraEE\/","article_author":"https:\/\/www.facebook.com\/SonoraEE","article_published_time":"2024-07-20T00:28:00+00:00","article_modified_time":"2024-07-20T02:01:41+00:00","og_image":[{"width":600,"height":323,"url":"https:\/\/www.sonoraenequipo.com.mx\/storage\/2024\/07\/isea.jpg","type":"image\/jpeg"}],"author":"enequipo","twitter_card":"summary_large_image","twitter_creator":"@sonoraenequipo","twitter_site":"@sonoraenequipo","twitter_misc":{"Escrito por":"enequipo","Tiempo de lectura":"1 minuto"},"schema":{"@context":"https:\/\/schema.org","@graph":[{"@type":"Article","@id":"https:\/\/www.sonoraenequipo.com.mx\/mantendra-isea-sus-servicios-durante-el-periodo-vacacional-de-verano-2\/#article","isPartOf":{"@id":"https:\/\/www.sonoraenequipo.com.mx\/mantendra-isea-sus-servicios-durante-el-periodo-vacacional-de-verano-2\/"},"author":{"name":"enequipo","@id":"https:\/\/www.sonoraenequipo.com.mx\/#\/schema\/person\/50102df0fb23a8fa9e8effad8fa81386"},"headline":"Mantendr\u00e1 ISEA sus servicios durante el periodo vacacional de verano","datePublished":"2024-07-20T00:28:00+00:00","dateModified":"2024-07-20T02:01:41+00:00","mainEntityOfPage":{"@id":"https:\/\/www.sonoraenequipo.com.mx\/mantendra-isea-sus-servicios-durante-el-periodo-vacacional-de-verano-2\/"},"wordCount":292,"commentCount":0,"publisher":{"@id":"https:\/\/www.sonoraenequipo.com.mx\/#organization"},"image":{"@id":"https:\/\/www.sonoraenequipo.com.mx\/mantendra-isea-sus-servicios-durante-el-periodo-vacacional-de-verano-2\/#primaryimage"},"thumbnailUrl":"https:\/\/www.sonoraenequipo.com.mx\/storage\/2024\/07\/isea.jpg","keywords":["isea"],"articleSection":["Sonora"],"inLanguage":"es","potentialAction":[{"@type":"CommentAction","name":"Comment","target":["https:\/\/www.sonoraenequipo.com.mx\/mantendra-isea-sus-servicios-durante-el-periodo-vacacional-de-verano-2\/#respond"]}]},{"@type":"WebPage","@id":"https:\/\/www.sonoraenequipo.com.mx\/mantendra-isea-sus-servicios-durante-el-periodo-vacacional-de-verano-2\/","url":"https:\/\/www.sonoraenequipo.com.mx\/mantendra-isea-sus-servicios-durante-el-periodo-vacacional-de-verano-2\/","name":"Sonora en Equipo. Mantendr\u00e1 ISEA sus servicios durante el periodo vacacional de verano Sonora","isPartOf":{"@id":"https:\/\/www.sonoraenequipo.com.mx\/#website"},"primaryImageOfPage":{"@id":"https:\/\/www.sonoraenequipo.com.mx\/mantendra-isea-sus-servicios-durante-el-periodo-vacacional-de-verano-2\/#primaryimage"},"image":{"@id":"https:\/\/www.sonoraenequipo.com.mx\/mantendra-isea-sus-servicios-durante-el-periodo-vacacional-de-verano-2\/#primaryimage"},"thumbnailUrl":"https:\/\/www.sonoraenequipo.com.mx\/storage\/2024\/07\/isea.jpg","datePublished":"2024-07-20T00:28:00+00:00","dateModified":"2024-07-20T02:01:41+00:00","description":"HERMOSILLO, SONORA, MX. \u2014 El Instituto Sonorense de Educaci\u00f3n para los Adultos (ISEA) mantendr\u00e1 disponibles todos sus servicios a la ciudadan\u00eda mayor de En Sonora en Equipo publicamos toda la informaci\u00f3n de Sonora, M\u00e9xico y el Mundo de manera oportuna y busca que la libertad de expresi\u00f3n sea real. Visita nuestro medio informativo publicado desde Hermosillo, Sonora. %","breadcrumb":{"@id":"https:\/\/www.sonoraenequipo.com.mx\/mantendra-isea-sus-servicios-durante-el-periodo-vacacional-de-verano-2\/#breadcrumb"},"inLanguage":"es","potentialAction":[{"@type":"ReadAction","target":["https:\/\/www.sonoraenequipo.com.mx\/mantendra-isea-sus-servicios-durante-el-periodo-vacacional-de-verano-2\/"]}]},{"@type":"ImageObject","inLanguage":"es","@id":"https:\/\/www.sonoraenequipo.com.mx\/mantendra-isea-sus-servicios-durante-el-periodo-vacacional-de-verano-2\/#primaryimage","url":"https:\/\/www.sonoraenequipo.com.mx\/storage\/2024\/07\/isea.jpg","contentUrl":"https:\/\/www.sonoraenequipo.com.mx\/storage\/2024\/07\/isea.jpg","width":600,"height":323},{"@type":"BreadcrumbList","@id":"https:\/\/www.sonoraenequipo.com.mx\/mantendra-isea-sus-servicios-durante-el-periodo-vacacional-de-verano-2\/#breadcrumb","itemListElement":[{"@type":"ListItem","position":1,"name":"Portada","item":"https:\/\/www.sonoraenequipo.com.mx\/"},{"@type":"ListItem","position":2,"name":"Mantendr\u00e1 ISEA sus servicios durante el periodo vacacional de verano"}]},{"@type":"WebSite","@id":"https:\/\/www.sonoraenequipo.com.mx\/#website","url":"https:\/\/www.sonoraenequipo.com.mx\/","name":"Sonora en Equipo.","description":"Diario en l\u00ednea con Noticias desde Hermosillo, Sonora","publisher":{"@id":"https:\/\/www.sonoraenequipo.com.mx\/#organization"},"potentialAction":[{"@type":"SearchAction","target":{"@type":"EntryPoint","urlTemplate":"https:\/\/www.sonoraenequipo.com.mx\/?s={search_term_string}"},"query-input":{"@type":"PropertyValueSpecification","valueRequired":true,"valueName":"search_term_string"}}],"inLanguage":"es"},{"@type":"Organization","@id":"https:\/\/www.sonoraenequipo.com.mx\/#organization","name":"Sonoraenequipo.com.mx","url":"https:\/\/www.sonoraenequipo.com.mx\/","logo":{"@type":"ImageObject","inLanguage":"es","@id":"https:\/\/www.sonoraenequipo.com.mx\/#\/schema\/logo\/image\/","url":"https:\/\/www.sonoraenequipo.com.mx\/storage\/2019\/01\/sonoraenequipo_opt.png","contentUrl":"https:\/\/www.sonoraenequipo.com.mx\/storage\/2019\/01\/sonoraenequipo_opt.png","width":375,"height":125,"caption":"Sonoraenequipo.com.mx"},"image":{"@id":"https:\/\/www.sonoraenequipo.com.mx\/#\/schema\/logo\/image\/"},"sameAs":["https:\/\/www.facebook.com\/SonoraEE\/","https:\/\/x.com\/sonoraenequipo","https:\/\/www.youtube.com\/channel\/UC338nW-lPEYmJQs4ZABQ1SQ"]},{"@type":"Person","@id":"https:\/\/www.sonoraenequipo.com.mx\/#\/schema\/person\/50102df0fb23a8fa9e8effad8fa81386","name":"enequipo","image":{"@type":"ImageObject","inLanguage":"es","@id":"https:\/\/www.sonoraenequipo.com.mx\/#\/schema\/person\/image\/","url":"https:\/\/secure.gravatar.com\/avatar\/049821681b589dabc0bc20695993ccebb09f5b5d4d790cd9251b97faac7c652b?s=96&d=blank&r=g","contentUrl":"https:\/\/secure.gravatar.com\/avatar\/049821681b589dabc0bc20695993ccebb09f5b5d4d790cd9251b97faac7c652b?s=96&d=blank&r=g","caption":"enequipo"},"sameAs":["https:\/\/www.facebook.com\/SonoraEE"]}]}},"jetpack_featured_media_url":"https:\/\/www.sonoraenequipo.com.mx\/storage\/2024\/07\/isea.jpg","_links":{"self":[{"href":"https:\/\/www.sonoraenequipo.com.mx\/api\/wp\/v2\/posts\/194937","targetHints":{"allow":["GET"]}}],"collection":[{"href":"https:\/\/www.sonoraenequipo.com.mx\/api\/wp\/v2\/posts"}],"about":[{"href":"https:\/\/www.sonoraenequipo.com.mx\/api\/wp\/v2\/types\/post"}],"author":[{"embeddable":true,"href":"https:\/\/www.sonoraenequipo.com.mx\/api\/wp\/v2\/users\/1"}],"replies":[{"embeddable":true,"href":"https:\/\/www.sonoraenequipo.com.mx\/api\/wp\/v2\/comments?post=194937"}],"version-history":[{"count":3,"href":"https:\/\/www.sonoraenequipo.com.mx\/api\/wp\/v2\/posts\/194937\/revisions"}],"predecessor-version":[{"id":194961,"href":"https:\/\/www.sonoraenequipo.com.mx\/api\/wp\/v2\/posts\/194937\/revisions\/194961"}],"wp:featuredmedia":[{"embeddable":true,"href":"https:\/\/www.sonoraenequipo.com.mx\/api\/wp\/v2\/media\/194938"}],"wp:attachment":[{"href":"https:\/\/www.sonoraenequipo.com.mx\/api\/wp\/v2\/media?parent=194937"}],"wp:term":[{"taxonomy":"category","embeddable":true,"href":"https:\/\/www.sonoraenequipo.com.mx\/api\/wp\/v2\/categories?post=194937"},{"taxonomy":"post_tag","embeddable":true,"href":"https:\/\/www.sonoraenequipo.com.mx\/api\/wp\/v2\/tags?post=194937"}],"curies":[{"name":"wp","href":"https:\/\/api.w.org\/{rel}","templated":true}]}}