{"id":194940,"date":"2024-07-19T15:38:42","date_gmt":"2024-07-19T22:38:42","guid":{"rendered":"https:\/\/www.sonoraenequipo.com.mx\/?p=194940"},"modified":"2024-07-19T15:38:42","modified_gmt":"2024-07-19T22:38:42","slug":"convoca-sec-a-participar-en-congreso-nacional-de-investigacion-sobre-innovacion-y-tendencias-educativas","status":"publish","type":"post","link":"https:\/\/www.sonoraenequipo.com.mx\/convoca-sec-a-participar-en-congreso-nacional-de-investigacion-sobre-innovacion-y-tendencias-educativas\/","title":{"rendered":"Convoca SEC a participar en Congreso Nacional de Investigaci\u00f3n sobre Innovaci\u00f3n y Tendencias Educativas"},"content":{"rendered":"<p><strong>HERMOSILLO, SONORA, MX.<\/strong> \u2014 Para incentivar el intercambio de experiencias, reflexiones y saberes, el Gobierno de Sonora, a trav\u00e9s de la Secretar\u00eda de Educaci\u00f3n y Cultura (SEC), present\u00f3 la convocatoria del segundo Congreso Nacional de Investigaci\u00f3n sobre Innovaci\u00f3n y Tendencias Educativas (CONiiTE) 2024.<\/p>\n<p>&nbsp;<\/p>\n<p>&nbsp;<\/p>\n<p>&nbsp;<\/p>\n<p>El evento se llevar\u00e1 a cabo el 7 y 8 de noviembre en la capital sonorense, por lo que la SEC invit\u00f3 a la comunidad educativa en general a consultar las bases de participaci\u00f3n en la p\u00e1gina electr\u00f3nica http:\/\/coniite.sec.gob.mx.<\/p>\n<p>&nbsp;<\/p>\n<p>&nbsp;<\/p>\n<p>&nbsp;<\/p>\n<p>En dicho portal quienes quieran registrarse para participar en la modalidad de cartel o ponencia deber\u00e1n hacerlo a m\u00e1s tardar el 23 de agosto, mientras que del viernes 30 de agosto al lunes 9 de septiembre ser\u00e1 el periodo de registro de asistentes a la edici\u00f3n 2024 del CONiiTE.<\/p>\n<p>&nbsp;<\/p>\n<p>&nbsp;<\/p>\n<p>&nbsp;<\/p>\n<p>Con este tipo de encuentro, se busca promover la formaci\u00f3n integral de las y los docentes, generar investigaci\u00f3n sobre metodolog\u00edas innovadoras y favorecer los procesos de ense\u00f1anza y aprendizaje.<\/p>\n<p>&nbsp;<\/p>\n<p>&nbsp;<\/p>\n<p>&nbsp;<\/p>\n<p>Las l\u00edneas tem\u00e1ticas del CONiiTE contemplan la implementaci\u00f3n de metodolog\u00edas innovadoras para potenciar los procesos de ense\u00f1anza y aprendizaje, la integraci\u00f3n de la inteligencia artificial en el \u00e1mbito educativo y el uso de estrategias did\u00e1cticas para desarrollar habilidades STEAM.<\/p>\n<p>&nbsp;<\/p>\n<p>&nbsp;<\/p>\n<p>&nbsp;<\/p>\n<p>El comit\u00e9 organizador tambi\u00e9n incluy\u00f3 los temas de gesti\u00f3n de la innovaci\u00f3n educativa para la mejora de la pr\u00e1ctica docente, gamificaci\u00f3n como t\u00e9cnica para detonar aprendizajes significativos y el empleo de las Tecnolog\u00edas de la Informaci\u00f3n, Comunicaci\u00f3n, Conocimiento y Aprendizajes Digitales (Ticcad) para favorecer la inclusi\u00f3n en el aula.<\/p>\n<p><strong>Fecha de publicaci\u00f3n viernes 19 de julio de 2024<\/strong><\/p>\n","protected":false},"excerpt":{"rendered":"<p>HERMOSILLO, SONORA, MX. \u2014 Para incentivar el intercambio de experiencias, reflexiones y saberes, el Gobierno&#8230;<\/p>\n","protected":false},"author":1,"featured_media":194941,"comment_status":"open","ping_status":"open","sticky":false,"template":"","format":"standard","meta":{"_monsterinsights_skip_tracking":false,"_monsterinsights_sitenote_active":false,"_monsterinsights_sitenote_note":"","_monsterinsights_sitenote_category":0,"footnotes":""},"categories":[2216,22],"tags":[1627,1248,15,745],"class_list":["post"],"yoast_head":" \n<title>Sonora en Equipo. Convoca SEC a participar en Congreso Nacional de Investigaci\u00f3n sobre Innovaci\u00f3n y Tendencias Educativas Sonora<\/title>\n<meta name=\"description\" content=\"HERMOSILLO, SONORA, MX. \u2014 Para incentivar el intercambio de experiencias, reflexiones y saberes, el Gobierno de Sonora, a trav\u00e9s de la Secretar\u00eda de En Sonora en Equipo publicamos toda la informaci\u00f3n de Sonora, M\u00e9xico y el Mundo de manera oportuna y busca que la libertad de expresi\u00f3n sea real. Visita nuestro medio informativo publicado desde Hermosillo, Sonora. %\" \/>\n<meta name=\"robots\" content=\"index, follow, max-snippet:-1, max-image-preview:large, max-video-preview:-1\" \/>\n<link rel=\"canonical\" href=\"https:\/\/www.sonoraenequipo.com.mx\/convoca-sec-a-participar-en-congreso-nacional-de-investigacion-sobre-innovacion-y-tendencias-educativas\/\" \/>\n<meta property=\"og:locale\" content=\"es_ES\" \/>\n<meta property=\"og:type\" content=\"article\" \/>\n<meta property=\"og:title\" content=\"Sonora en Equipo. Convoca SEC a participar en Congreso Nacional de Investigaci\u00f3n sobre Innovaci\u00f3n y Tendencias Educativas Sonora\" \/>\n<meta property=\"og:description\" content=\"HERMOSILLO, SONORA, MX. \u2014 Para incentivar el intercambio de experiencias, reflexiones y saberes, el Gobierno de Sonora, a trav\u00e9s de la Secretar\u00eda de En Sonora en Equipo publicamos toda la informaci\u00f3n de Sonora, M\u00e9xico y el Mundo de manera oportuna y busca que la libertad de expresi\u00f3n sea real. Visita nuestro medio informativo publicado desde Hermosillo, Sonora. %\" \/>\n<meta property=\"og:url\" content=\"https:\/\/www.sonoraenequipo.com.mx\/convoca-sec-a-participar-en-congreso-nacional-de-investigacion-sobre-innovacion-y-tendencias-educativas\/\" \/>\n<meta property=\"og:site_name\" content=\"Sonora en Equipo.\" \/>\n<meta property=\"article:publisher\" content=\"https:\/\/www.facebook.com\/SonoraEE\/\" \/>\n<meta property=\"article:author\" content=\"https:\/\/www.facebook.com\/SonoraEE\" \/>\n<meta property=\"article:published_time\" content=\"2024-07-19T22:38:42+00:00\" \/>\n<meta property=\"og:image\" content=\"https:\/\/www.sonoraenequipo.com.mx\/storage\/2024\/07\/congreso.jpg\" \/>\n\t<meta property=\"og:image:width\" content=\"600\" \/>\n\t<meta property=\"og:image:height\" content=\"383\" \/>\n\t<meta property=\"og:image:type\" content=\"image\/jpeg\" \/>\n<meta name=\"author\" content=\"enequipo\" \/>\n<meta name=\"twitter:card\" content=\"summary_large_image\" \/>\n<meta name=\"twitter:creator\" content=\"@sonoraenequipo\" \/>\n<meta name=\"twitter:site\" content=\"@sonoraenequipo\" \/>\n<meta name=\"twitter:label1\" content=\"Escrito por\" \/>\n\t<meta name=\"twitter:data1\" content=\"enequipo\" \/>\n\t<meta name=\"twitter:label2\" content=\"Tiempo de lectura\" \/>\n\t<meta name=\"twitter:data2\" content=\"1 minuto\" \/>\n<script type=\"application\/ld+json\" class=\"yoast-schema-graph\">{\"@context\":\"https:\/\/schema.org\",\"@graph\":[{\"@type\":\"Article\",\"@id\":\"https:\/\/www.sonoraenequipo.com.mx\/convoca-sec-a-participar-en-congreso-nacional-de-investigacion-sobre-innovacion-y-tendencias-educativas\/#article\",\"isPartOf\":{\"@id\":\"https:\/\/www.sonoraenequipo.com.mx\/convoca-sec-a-participar-en-congreso-nacional-de-investigacion-sobre-innovacion-y-tendencias-educativas\/\"},\"author\":{\"name\":\"enequipo\",\"@id\":\"https:\/\/www.sonoraenequipo.com.mx\/#\/schema\/person\/50102df0fb23a8fa9e8effad8fa81386\"},\"headline\":\"Convoca SEC a participar en Congreso Nacional de Investigaci\u00f3n sobre Innovaci\u00f3n y Tendencias Educativas\",\"datePublished\":\"2024-07-19T22:38:42+00:00\",\"mainEntityOfPage\":{\"@id\":\"https:\/\/www.sonoraenequipo.com.mx\/convoca-sec-a-participar-en-congreso-nacional-de-investigacion-sobre-innovacion-y-tendencias-educativas\/\"},\"wordCount\":315,\"commentCount\":0,\"publisher\":{\"@id\":\"https:\/\/www.sonoraenequipo.com.mx\/#organization\"},\"image\":{\"@id\":\"https:\/\/www.sonoraenequipo.com.mx\/convoca-sec-a-participar-en-congreso-nacional-de-investigacion-sobre-innovacion-y-tendencias-educativas\/#primaryimage\"},\"thumbnailUrl\":\"https:\/\/www.sonoraenequipo.com.mx\/storage\/2024\/07\/congreso.jpg\",\"keywords\":[\"Ciencia\",\"CONGRESO\",\"Sonora\",\"tecnolog\u00eda\"],\"articleSection\":[\"Ciencia y Tecnolog\u00eda\",\"Sonora\"],\"inLanguage\":\"es\",\"potentialAction\":[{\"@type\":\"CommentAction\",\"name\":\"Comment\",\"target\":[\"https:\/\/www.sonoraenequipo.com.mx\/convoca-sec-a-participar-en-congreso-nacional-de-investigacion-sobre-innovacion-y-tendencias-educativas\/#respond\"]}]},{\"@type\":\"WebPage\",\"@id\":\"https:\/\/www.sonoraenequipo.com.mx\/convoca-sec-a-participar-en-congreso-nacional-de-investigacion-sobre-innovacion-y-tendencias-educativas\/\",\"url\":\"https:\/\/www.sonoraenequipo.com.mx\/convoca-sec-a-participar-en-congreso-nacional-de-investigacion-sobre-innovacion-y-tendencias-educativas\/\",\"name\":\"Sonora en Equipo. Convoca SEC a participar en Congreso Nacional de Investigaci\u00f3n sobre Innovaci\u00f3n y Tendencias Educativas Sonora\",\"isPartOf\":{\"@id\":\"https:\/\/www.sonoraenequipo.com.mx\/#website\"},\"primaryImageOfPage\":{\"@id\":\"https:\/\/www.sonoraenequipo.com.mx\/convoca-sec-a-participar-en-congreso-nacional-de-investigacion-sobre-innovacion-y-tendencias-educativas\/#primaryimage\"},\"image\":{\"@id\":\"https:\/\/www.sonoraenequipo.com.mx\/convoca-sec-a-participar-en-congreso-nacional-de-investigacion-sobre-innovacion-y-tendencias-educativas\/#primaryimage\"},\"thumbnailUrl\":\"https:\/\/www.sonoraenequipo.com.mx\/storage\/2024\/07\/congreso.jpg\",\"datePublished\":\"2024-07-19T22:38:42+00:00\",\"description\":\"HERMOSILLO, SONORA, MX. \u2014 Para incentivar el intercambio de experiencias, reflexiones y saberes, el Gobierno de Sonora, a trav\u00e9s de la Secretar\u00eda de En Sonora en Equipo publicamos toda la informaci\u00f3n de Sonora, M\u00e9xico y el Mundo de manera oportuna y busca que la libertad de expresi\u00f3n sea real. Visita nuestro medio informativo publicado desde Hermosillo, Sonora. %\",\"breadcrumb\":{\"@id\":\"https:\/\/www.sonoraenequipo.com.mx\/convoca-sec-a-participar-en-congreso-nacional-de-investigacion-sobre-innovacion-y-tendencias-educativas\/#breadcrumb\"},\"inLanguage\":\"es\",\"potentialAction\":[{\"@type\":\"ReadAction\",\"target\":[\"https:\/\/www.sonoraenequipo.com.mx\/convoca-sec-a-participar-en-congreso-nacional-de-investigacion-sobre-innovacion-y-tendencias-educativas\/\"]}]},{\"@type\":\"ImageObject\",\"inLanguage\":\"es\",\"@id\":\"https:\/\/www.sonoraenequipo.com.mx\/convoca-sec-a-participar-en-congreso-nacional-de-investigacion-sobre-innovacion-y-tendencias-educativas\/#primaryimage\",\"url\":\"https:\/\/www.sonoraenequipo.com.mx\/storage\/2024\/07\/congreso.jpg\",\"contentUrl\":\"https:\/\/www.sonoraenequipo.com.mx\/storage\/2024\/07\/congreso.jpg\",\"width\":600,\"height\":383},{\"@type\":\"BreadcrumbList\",\"@id\":\"https:\/\/www.sonoraenequipo.com.mx\/convoca-sec-a-participar-en-congreso-nacional-de-investigacion-sobre-innovacion-y-tendencias-educativas\/#breadcrumb\",\"itemListElement\":[{\"@type\":\"ListItem\",\"position\":1,\"name\":\"Portada\",\"item\":\"https:\/\/www.sonoraenequipo.com.mx\/\"},{\"@type\":\"ListItem\",\"position\":2,\"name\":\"Convoca SEC a participar en Congreso Nacional de Investigaci\u00f3n sobre Innovaci\u00f3n y Tendencias Educativas\"}]},{\"@type\":\"WebSite\",\"@id\":\"https:\/\/www.sonoraenequipo.com.mx\/#website\",\"url\":\"https:\/\/www.sonoraenequipo.com.mx\/\",\"name\":\"Sonora en Equipo.\",\"description\":\"Diario en l\u00ednea con Noticias desde Hermosillo, Sonora\",\"publisher\":{\"@id\":\"https:\/\/www.sonoraenequipo.com.mx\/#organization\"},\"potentialAction\":[{\"@type\":\"SearchAction\",\"target\":{\"@type\":\"EntryPoint\",\"urlTemplate\":\"https:\/\/www.sonoraenequipo.com.mx\/?s={search_term_string}\"},\"query-input\":{\"@type\":\"PropertyValueSpecification\",\"valueRequired\":true,\"valueName\":\"search_term_string\"}}],\"inLanguage\":\"es\"},{\"@type\":\"Organization\",\"@id\":\"https:\/\/www.sonoraenequipo.com.mx\/#organization\",\"name\":\"Sonoraenequipo.com.mx\",\"url\":\"https:\/\/www.sonoraenequipo.com.mx\/\",\"logo\":{\"@type\":\"ImageObject\",\"inLanguage\":\"es\",\"@id\":\"https:\/\/www.sonoraenequipo.com.mx\/#\/schema\/logo\/image\/\",\"url\":\"https:\/\/www.sonoraenequipo.com.mx\/storage\/2019\/01\/sonoraenequipo_opt.png\",\"contentUrl\":\"https:\/\/www.sonoraenequipo.com.mx\/storage\/2019\/01\/sonoraenequipo_opt.png\",\"width\":375,\"height\":125,\"caption\":\"Sonoraenequipo.com.mx\"},\"image\":{\"@id\":\"https:\/\/www.sonoraenequipo.com.mx\/#\/schema\/logo\/image\/\"},\"sameAs\":[\"https:\/\/www.facebook.com\/SonoraEE\/\",\"https:\/\/x.com\/sonoraenequipo\",\"https:\/\/www.youtube.com\/channel\/UC338nW-lPEYmJQs4ZABQ1SQ\"]},{\"@type\":\"Person\",\"@id\":\"https:\/\/www.sonoraenequipo.com.mx\/#\/schema\/person\/50102df0fb23a8fa9e8effad8fa81386\",\"name\":\"enequipo\",\"image\":{\"@type\":\"ImageObject\",\"inLanguage\":\"es\",\"@id\":\"https:\/\/www.sonoraenequipo.com.mx\/#\/schema\/person\/image\/\",\"url\":\"https:\/\/secure.gravatar.com\/avatar\/049821681b589dabc0bc20695993ccebb09f5b5d4d790cd9251b97faac7c652b?s=96&d=blank&r=g\",\"contentUrl\":\"https:\/\/secure.gravatar.com\/avatar\/049821681b589dabc0bc20695993ccebb09f5b5d4d790cd9251b97faac7c652b?s=96&d=blank&r=g\",\"caption\":\"enequipo\"},\"sameAs\":[\"https:\/\/www.facebook.com\/SonoraEE\"]}]}<\/script>\n ","yoast_head_json":{"title":"Sonora en Equipo. Convoca SEC a participar en Congreso Nacional de Investigaci\u00f3n sobre Innovaci\u00f3n y Tendencias Educativas Sonora","description":"HERMOSILLO, SONORA, MX. \u2014 Para incentivar el intercambio de experiencias, reflexiones y saberes, el Gobierno de Sonora, a trav\u00e9s de la Secretar\u00eda de En Sonora en Equipo publicamos toda la informaci\u00f3n de Sonora, M\u00e9xico y el Mundo de manera oportuna y busca que la libertad de expresi\u00f3n sea real. Visita nuestro medio informativo publicado desde Hermosillo, Sonora. %","robots":{"index":"index","follow":"follow","max-snippet":"max-snippet:-1","max-image-preview":"max-image-preview:large","max-video-preview":"max-video-preview:-1"},"canonical":"https:\/\/www.sonoraenequipo.com.mx\/convoca-sec-a-participar-en-congreso-nacional-de-investigacion-sobre-innovacion-y-tendencias-educativas\/","og_locale":"es_ES","og_type":"article","og_title":"Sonora en Equipo. Convoca SEC a participar en Congreso Nacional de Investigaci\u00f3n sobre Innovaci\u00f3n y Tendencias Educativas Sonora","og_description":"HERMOSILLO, SONORA, MX. \u2014 Para incentivar el intercambio de experiencias, reflexiones y saberes, el Gobierno de Sonora, a trav\u00e9s de la Secretar\u00eda de En Sonora en Equipo publicamos toda la informaci\u00f3n de Sonora, M\u00e9xico y el Mundo de manera oportuna y busca que la libertad de expresi\u00f3n sea real. Visita nuestro medio informativo publicado desde Hermosillo, Sonora. %","og_url":"https:\/\/www.sonoraenequipo.com.mx\/convoca-sec-a-participar-en-congreso-nacional-de-investigacion-sobre-innovacion-y-tendencias-educativas\/","og_site_name":"Sonora en Equipo.","article_publisher":"https:\/\/www.facebook.com\/SonoraEE\/","article_author":"https:\/\/www.facebook.com\/SonoraEE","article_published_time":"2024-07-19T22:38:42+00:00","og_image":[{"width":600,"height":383,"url":"https:\/\/www.sonoraenequipo.com.mx\/storage\/2024\/07\/congreso.jpg","type":"image\/jpeg"}],"author":"enequipo","twitter_card":"summary_large_image","twitter_creator":"@sonoraenequipo","twitter_site":"@sonoraenequipo","twitter_misc":{"Escrito por":"enequipo","Tiempo de lectura":"1 minuto"},"schema":{"@context":"https:\/\/schema.org","@graph":[{"@type":"Article","@id":"https:\/\/www.sonoraenequipo.com.mx\/convoca-sec-a-participar-en-congreso-nacional-de-investigacion-sobre-innovacion-y-tendencias-educativas\/#article","isPartOf":{"@id":"https:\/\/www.sonoraenequipo.com.mx\/convoca-sec-a-participar-en-congreso-nacional-de-investigacion-sobre-innovacion-y-tendencias-educativas\/"},"author":{"name":"enequipo","@id":"https:\/\/www.sonoraenequipo.com.mx\/#\/schema\/person\/50102df0fb23a8fa9e8effad8fa81386"},"headline":"Convoca SEC a participar en Congreso Nacional de Investigaci\u00f3n sobre Innovaci\u00f3n y Tendencias Educativas","datePublished":"2024-07-19T22:38:42+00:00","mainEntityOfPage":{"@id":"https:\/\/www.sonoraenequipo.com.mx\/convoca-sec-a-participar-en-congreso-nacional-de-investigacion-sobre-innovacion-y-tendencias-educativas\/"},"wordCount":315,"commentCount":0,"publisher":{"@id":"https:\/\/www.sonoraenequipo.com.mx\/#organization"},"image":{"@id":"https:\/\/www.sonoraenequipo.com.mx\/convoca-sec-a-participar-en-congreso-nacional-de-investigacion-sobre-innovacion-y-tendencias-educativas\/#primaryimage"},"thumbnailUrl":"https:\/\/www.sonoraenequipo.com.mx\/storage\/2024\/07\/congreso.jpg","keywords":["Ciencia","CONGRESO","Sonora","tecnolog\u00eda"],"articleSection":["Ciencia y Tecnolog\u00eda","Sonora"],"inLanguage":"es","potentialAction":[{"@type":"CommentAction","name":"Comment","target":["https:\/\/www.sonoraenequipo.com.mx\/convoca-sec-a-participar-en-congreso-nacional-de-investigacion-sobre-innovacion-y-tendencias-educativas\/#respond"]}]},{"@type":"WebPage","@id":"https:\/\/www.sonoraenequipo.com.mx\/convoca-sec-a-participar-en-congreso-nacional-de-investigacion-sobre-innovacion-y-tendencias-educativas\/","url":"https:\/\/www.sonoraenequipo.com.mx\/convoca-sec-a-participar-en-congreso-nacional-de-investigacion-sobre-innovacion-y-tendencias-educativas\/","name":"Sonora en Equipo. Convoca SEC a participar en Congreso Nacional de Investigaci\u00f3n sobre Innovaci\u00f3n y Tendencias Educativas Sonora","isPartOf":{"@id":"https:\/\/www.sonoraenequipo.com.mx\/#website"},"primaryImageOfPage":{"@id":"https:\/\/www.sonoraenequipo.com.mx\/convoca-sec-a-participar-en-congreso-nacional-de-investigacion-sobre-innovacion-y-tendencias-educativas\/#primaryimage"},"image":{"@id":"https:\/\/www.sonoraenequipo.com.mx\/convoca-sec-a-participar-en-congreso-nacional-de-investigacion-sobre-innovacion-y-tendencias-educativas\/#primaryimage"},"thumbnailUrl":"https:\/\/www.sonoraenequipo.com.mx\/storage\/2024\/07\/congreso.jpg","datePublished":"2024-07-19T22:38:42+00:00","description":"HERMOSILLO, SONORA, MX. \u2014 Para incentivar el intercambio de experiencias, reflexiones y saberes, el Gobierno de Sonora, a trav\u00e9s de la Secretar\u00eda de En Sonora en Equipo publicamos toda la informaci\u00f3n de Sonora, M\u00e9xico y el Mundo de manera oportuna y busca que la libertad de expresi\u00f3n sea real. Visita nuestro medio informativo publicado desde Hermosillo, Sonora. %","breadcrumb":{"@id":"https:\/\/www.sonoraenequipo.com.mx\/convoca-sec-a-participar-en-congreso-nacional-de-investigacion-sobre-innovacion-y-tendencias-educativas\/#breadcrumb"},"inLanguage":"es","potentialAction":[{"@type":"ReadAction","target":["https:\/\/www.sonoraenequipo.com.mx\/convoca-sec-a-participar-en-congreso-nacional-de-investigacion-sobre-innovacion-y-tendencias-educativas\/"]}]},{"@type":"ImageObject","inLanguage":"es","@id":"https:\/\/www.sonoraenequipo.com.mx\/convoca-sec-a-participar-en-congreso-nacional-de-investigacion-sobre-innovacion-y-tendencias-educativas\/#primaryimage","url":"https:\/\/www.sonoraenequipo.com.mx\/storage\/2024\/07\/congreso.jpg","contentUrl":"https:\/\/www.sonoraenequipo.com.mx\/storage\/2024\/07\/congreso.jpg","width":600,"height":383},{"@type":"BreadcrumbList","@id":"https:\/\/www.sonoraenequipo.com.mx\/convoca-sec-a-participar-en-congreso-nacional-de-investigacion-sobre-innovacion-y-tendencias-educativas\/#breadcrumb","itemListElement":[{"@type":"ListItem","position":1,"name":"Portada","item":"https:\/\/www.sonoraenequipo.com.mx\/"},{"@type":"ListItem","position":2,"name":"Convoca SEC a participar en Congreso Nacional de Investigaci\u00f3n sobre Innovaci\u00f3n y Tendencias Educativas"}]},{"@type":"WebSite","@id":"https:\/\/www.sonoraenequipo.com.mx\/#website","url":"https:\/\/www.sonoraenequipo.com.mx\/","name":"Sonora en Equipo.","description":"Diario en l\u00ednea con Noticias desde Hermosillo, Sonora","publisher":{"@id":"https:\/\/www.sonoraenequipo.com.mx\/#organization"},"potentialAction":[{"@type":"SearchAction","target":{"@type":"EntryPoint","urlTemplate":"https:\/\/www.sonoraenequipo.com.mx\/?s={search_term_string}"},"query-input":{"@type":"PropertyValueSpecification","valueRequired":true,"valueName":"search_term_string"}}],"inLanguage":"es"},{"@type":"Organization","@id":"https:\/\/www.sonoraenequipo.com.mx\/#organization","name":"Sonoraenequipo.com.mx","url":"https:\/\/www.sonoraenequipo.com.mx\/","logo":{"@type":"ImageObject","inLanguage":"es","@id":"https:\/\/www.sonoraenequipo.com.mx\/#\/schema\/logo\/image\/","url":"https:\/\/www.sonoraenequipo.com.mx\/storage\/2019\/01\/sonoraenequipo_opt.png","contentUrl":"https:\/\/www.sonoraenequipo.com.mx\/storage\/2019\/01\/sonoraenequipo_opt.png","width":375,"height":125,"caption":"Sonoraenequipo.com.mx"},"image":{"@id":"https:\/\/www.sonoraenequipo.com.mx\/#\/schema\/logo\/image\/"},"sameAs":["https:\/\/www.facebook.com\/SonoraEE\/","https:\/\/x.com\/sonoraenequipo","https:\/\/www.youtube.com\/channel\/UC338nW-lPEYmJQs4ZABQ1SQ"]},{"@type":"Person","@id":"https:\/\/www.sonoraenequipo.com.mx\/#\/schema\/person\/50102df0fb23a8fa9e8effad8fa81386","name":"enequipo","image":{"@type":"ImageObject","inLanguage":"es","@id":"https:\/\/www.sonoraenequipo.com.mx\/#\/schema\/person\/image\/","url":"https:\/\/secure.gravatar.com\/avatar\/049821681b589dabc0bc20695993ccebb09f5b5d4d790cd9251b97faac7c652b?s=96&d=blank&r=g","contentUrl":"https:\/\/secure.gravatar.com\/avatar\/049821681b589dabc0bc20695993ccebb09f5b5d4d790cd9251b97faac7c652b?s=96&d=blank&r=g","caption":"enequipo"},"sameAs":["https:\/\/www.facebook.com\/SonoraEE"]}]}},"jetpack_featured_media_url":"https:\/\/www.sonoraenequipo.com.mx\/storage\/2024\/07\/congreso.jpg","_links":{"self":[{"href":"https:\/\/www.sonoraenequipo.com.mx\/api\/wp\/v2\/posts\/194940","targetHints":{"allow":["GET"]}}],"collection":[{"href":"https:\/\/www.sonoraenequipo.com.mx\/api\/wp\/v2\/posts"}],"about":[{"href":"https:\/\/www.sonoraenequipo.com.mx\/api\/wp\/v2\/types\/post"}],"author":[{"embeddable":true,"href":"https:\/\/www.sonoraenequipo.com.mx\/api\/wp\/v2\/users\/1"}],"replies":[{"embeddable":true,"href":"https:\/\/www.sonoraenequipo.com.mx\/api\/wp\/v2\/comments?post=194940"}],"version-history":[{"count":1,"href":"https:\/\/www.sonoraenequipo.com.mx\/api\/wp\/v2\/posts\/194940\/revisions"}],"predecessor-version":[{"id":194942,"href":"https:\/\/www.sonoraenequipo.com.mx\/api\/wp\/v2\/posts\/194940\/revisions\/194942"}],"wp:featuredmedia":[{"embeddable":true,"href":"https:\/\/www.sonoraenequipo.com.mx\/api\/wp\/v2\/media\/194941"}],"wp:attachment":[{"href":"https:\/\/www.sonoraenequipo.com.mx\/api\/wp\/v2\/media?parent=194940"}],"wp:term":[{"taxonomy":"category","embeddable":true,"href":"https:\/\/www.sonoraenequipo.com.mx\/api\/wp\/v2\/categories?post=194940"},{"taxonomy":"post_tag","embeddable":true,"href":"https:\/\/www.sonoraenequipo.com.mx\/api\/wp\/v2\/tags?post=194940"}],"curies":[{"name":"wp","href":"https:\/\/api.w.org\/{rel}","templated":true}]}}