{"id":194945,"date":"2024-07-19T17:10:00","date_gmt":"2024-07-20T00:10:00","guid":{"rendered":"https:\/\/www.sonoraenequipo.com.mx\/?p=194945"},"modified":"2024-07-19T19:10:47","modified_gmt":"2024-07-20T02:10:47","slug":"premian-a-ganadores-del-primer-concurso-de-investigacion-de-historia-de-sonora-samuel-ocana-garcia-2024","status":"publish","type":"post","link":"https:\/\/www.sonoraenequipo.com.mx\/premian-a-ganadores-del-primer-concurso-de-investigacion-de-historia-de-sonora-samuel-ocana-garcia-2024\/","title":{"rendered":"Premian a ganadores del Primer Concurso de Investigaci\u00f3n de Historia de Sonora \u201cSamuel Oca\u00f1a Garc\u00eda\u201d 2024"},"content":{"rendered":"<p><strong>HERMOSILLO, SONORA, MX.<\/strong> \u2014 La primera edici\u00f3n del Concurso de Investigaci\u00f3n de Historia de Sonora \u201cSamuel Oca\u00f1a Garc\u00eda\u201d 2024, organizado por el Gobierno del Estado a trav\u00e9s de la Secretar\u00eda de Educaci\u00f3n y Cultura (SEC) y el Instituto Sonorense de Cultura (ISC), ha sido todo un \u00e9xito.<\/p>\n<p>&nbsp;<\/p>\n<p>&nbsp;<\/p>\n<p>&nbsp;<\/p>\n<p>No s\u00f3lo por la calidad de los trabajos participantes, no s\u00f3lo por la bolsa con un valor de 850 mil pesos repartidos entre los tres primeros lugares, no s\u00f3lo por la gran respuesta de la sociedad y del sector acad\u00e9mico, sino porque es un punto de inicio y de encuentro para el di\u00e1logo y debate de ideas, visiones, temas e investigaci\u00f3n que pone de relieve la importancia de los estudios hist\u00f3ricos en el devenir de toda sociedad.<\/p>\n<p>&nbsp;<\/p>\n<p>&nbsp;<\/p>\n<p>&nbsp;<\/p>\n<p>Beatriz Aldaco Encinas, directora general del ISC, manifest\u00f3 su alegr\u00eda de poder llevar adelante este concurso que busca el fomento al quehacer de la investigaci\u00f3n hist\u00f3rica en Sonora.<\/p>\n<p>&nbsp;<\/p>\n<p>&nbsp;<\/p>\n<p>&nbsp;<\/p>\n<p>\u201cNo es una exageraci\u00f3n decir que estamos haciendo historia con este concurso, la investigaci\u00f3n de la historia en Sonora es ancestral: los frailes, colonizadores, pioneros, cronistas y aficionados a la historia han hecho grandes aportaciones y han reconstruido procesos que sirven para comprender nuestra identidad\u201d, se\u00f1al\u00f3 Aldaco Encinas.<\/p>\n<p>&nbsp;<\/p>\n<p>&nbsp;<\/p>\n<p>&nbsp;<\/p>\n<p>Asimismo, destac\u00f3 la noble iniciativa del gobernador Alfonso Durazo para la creaci\u00f3n de este premio, as\u00ed como la figura sobresaliente del Dr. Samuel Oca\u00f1a Garc\u00eda, cuyo nombre engalana el nombre del concurso, por su gran labor en la promoci\u00f3n de la historia y la cultura.<\/p>\n<p>&nbsp;<\/p>\n<p>&nbsp;<\/p>\n<p>&nbsp;<\/p>\n<p>Adem\u00e1s del premio econ\u00f3mico, las obras ser\u00e1n editadas y publicadas de manera colectiva por el ISC.<\/p>\n<p>&nbsp;<\/p>\n<p>&nbsp;<\/p>\n<p>&nbsp;<\/p>\n<p>Por su parte, Froyl\u00e1n G\u00e1mez Gamboa, secretario de Educaci\u00f3n y Cultura, en representaci\u00f3n del gobernador Alfonso Durazo Monta\u00f1o, indic\u00f3 la importancia de esta primera edici\u00f3n del Concurso y la necesidad de seguir apuntal\u00e1ndolo a futuro.<\/p>\n<p>&nbsp;<\/p>\n<p>&nbsp;<\/p>\n<p>&nbsp;<\/p>\n<p>\u201cEs un gran legado el que tenemos que dejar con este concurso, el conocer nuestro pasado para comprender nuestro presente y prever el futuro\u201d, coment\u00f3 el funcionario estatal.<\/p>\n<p>&nbsp;<\/p>\n<p>&nbsp;<\/p>\n<p>&nbsp;<\/p>\n<p>Delia Mar\u00eda Pi\u00f1a Aguirre, acreedora al segundo lugar y vocera de los ganadores, manifest\u00f3 que este premio, que lleva el nombre de un personaje vital para los sonorenses como Samuel Oca\u00f1a, representa un gran logro para dignificar el trabajo de todos los que se dedican al estudio de la historia.<\/p>\n<p>&nbsp;<\/p>\n<p>&nbsp;<\/p>\n<p>&nbsp;<\/p>\n<p>El primer lugar fue para Irene R\u00edos Figueroa por su trabajo Bandidos fronterizos. Sonora-Arizona 1890-1920. Viejo oeste, sierra alta y r\u00edo Bavispe.<\/p>\n<p>&nbsp;<\/p>\n<p>&nbsp;<\/p>\n<p>&nbsp;<\/p>\n<p>El Segundo lugar fue para Intangible. Frontera y fiscalidad en Sonora, de Delia Mar\u00eda Pi\u00f1a Aguirre.<\/p>\n<p>&nbsp;<\/p>\n<p>&nbsp;<\/p>\n<p>&nbsp;<\/p>\n<p>Y el Tercer lugar, para Miguel \u00c1ngel Grijalva D\u00e1vila, por su trabajo L\u00edderes tel\u00faricos. Vida y lucha de Jacinto L\u00f3pez Moreno.<\/p>\n<p>&nbsp;<\/p>\n<p>&nbsp;<\/p>\n<p>&nbsp;<\/p>\n<p>Los jurados tambi\u00e9n dieron una menci\u00f3n honor\u00edfica para el trabajo: Construyendo la historia de la Catedral de Hermosillo, de Sebasti\u00e1n Castro Juvera.<\/p>\n<p><strong>Fecha de publicaci\u00f3n viernes 19 de julio de 2024<\/strong><\/p>\n<p>&nbsp;<\/p>\n","protected":false},"excerpt":{"rendered":"<p>HERMOSILLO, SONORA, MX. \u2014 La primera edici\u00f3n del Concurso de Investigaci\u00f3n de Historia de Sonora&#8230;<\/p>\n","protected":false},"author":1,"featured_media":194946,"comment_status":"open","ping_status":"open","sticky":false,"template":"","format":"standard","meta":{"_monsterinsights_skip_tracking":false,"_monsterinsights_sitenote_active":false,"_monsterinsights_sitenote_note":"","_monsterinsights_sitenote_category":0,"footnotes":""},"categories":[2216],"tags":[3418,5164,15],"class_list":["post"],"yoast_head":" \n<title>Sonora en Equipo. Premian a ganadores del Primer Concurso de Investigaci\u00f3n de Historia de Sonora \u201cSamuel Oca\u00f1a Garc\u00eda\u201d 2024 Ciencia y Tecnolog\u00eda<\/title>\n<meta name=\"description\" content=\"HERMOSILLO, SONORA, MX. \u2014 La primera edici\u00f3n del Concurso de Investigaci\u00f3n de Historia de Sonora \u201cSamuel Oca\u00f1a Garc\u00eda\u201d 2024, organizado por el Gobierno En Sonora en Equipo publicamos toda la informaci\u00f3n de Sonora, M\u00e9xico y el Mundo de manera oportuna y busca que la libertad de expresi\u00f3n sea real. Visita nuestro medio informativo publicado desde Hermosillo, Sonora. %\" \/>\n<meta name=\"robots\" content=\"index, follow, max-snippet:-1, max-image-preview:large, max-video-preview:-1\" \/>\n<link rel=\"canonical\" href=\"https:\/\/www.sonoraenequipo.com.mx\/premian-a-ganadores-del-primer-concurso-de-investigacion-de-historia-de-sonora-samuel-ocana-garcia-2024\/\" \/>\n<meta property=\"og:locale\" content=\"es_ES\" \/>\n<meta property=\"og:type\" content=\"article\" \/>\n<meta property=\"og:title\" content=\"Sonora en Equipo. Premian a ganadores del Primer Concurso de Investigaci\u00f3n de Historia de Sonora \u201cSamuel Oca\u00f1a Garc\u00eda\u201d 2024 Ciencia y Tecnolog\u00eda\" \/>\n<meta property=\"og:description\" content=\"HERMOSILLO, SONORA, MX. \u2014 La primera edici\u00f3n del Concurso de Investigaci\u00f3n de Historia de Sonora \u201cSamuel Oca\u00f1a Garc\u00eda\u201d 2024, organizado por el Gobierno En Sonora en Equipo publicamos toda la informaci\u00f3n de Sonora, M\u00e9xico y el Mundo de manera oportuna y busca que la libertad de expresi\u00f3n sea real. Visita nuestro medio informativo publicado desde Hermosillo, Sonora. %\" \/>\n<meta property=\"og:url\" content=\"https:\/\/www.sonoraenequipo.com.mx\/premian-a-ganadores-del-primer-concurso-de-investigacion-de-historia-de-sonora-samuel-ocana-garcia-2024\/\" \/>\n<meta property=\"og:site_name\" content=\"Sonora en Equipo.\" \/>\n<meta property=\"article:publisher\" content=\"https:\/\/www.facebook.com\/SonoraEE\/\" \/>\n<meta property=\"article:author\" content=\"https:\/\/www.facebook.com\/SonoraEE\" \/>\n<meta property=\"article:published_time\" content=\"2024-07-20T00:10:00+00:00\" \/>\n<meta property=\"article:modified_time\" content=\"2024-07-20T02:10:47+00:00\" \/>\n<meta property=\"og:image\" content=\"https:\/\/www.sonoraenequipo.com.mx\/storage\/2024\/07\/reconocimientos.jpg\" \/>\n\t<meta property=\"og:image:width\" content=\"400\" \/>\n\t<meta property=\"og:image:height\" content=\"267\" \/>\n\t<meta property=\"og:image:type\" content=\"image\/jpeg\" \/>\n<meta name=\"author\" content=\"enequipo\" \/>\n<meta name=\"twitter:card\" content=\"summary_large_image\" \/>\n<meta name=\"twitter:creator\" content=\"@sonoraenequipo\" \/>\n<meta name=\"twitter:site\" content=\"@sonoraenequipo\" \/>\n<meta name=\"twitter:label1\" content=\"Escrito por\" \/>\n\t<meta name=\"twitter:data1\" content=\"enequipo\" \/>\n\t<meta name=\"twitter:label2\" content=\"Tiempo de lectura\" \/>\n\t<meta name=\"twitter:data2\" content=\"3 minutos\" \/>\n<script type=\"application\/ld+json\" class=\"yoast-schema-graph\">{\"@context\":\"https:\/\/schema.org\",\"@graph\":[{\"@type\":\"Article\",\"@id\":\"https:\/\/www.sonoraenequipo.com.mx\/premian-a-ganadores-del-primer-concurso-de-investigacion-de-historia-de-sonora-samuel-ocana-garcia-2024\/#article\",\"isPartOf\":{\"@id\":\"https:\/\/www.sonoraenequipo.com.mx\/premian-a-ganadores-del-primer-concurso-de-investigacion-de-historia-de-sonora-samuel-ocana-garcia-2024\/\"},\"author\":{\"name\":\"enequipo\",\"@id\":\"https:\/\/www.sonoraenequipo.com.mx\/#\/schema\/person\/50102df0fb23a8fa9e8effad8fa81386\"},\"headline\":\"Premian a ganadores del Primer Concurso de Investigaci\u00f3n de Historia de Sonora \u201cSamuel Oca\u00f1a Garc\u00eda\u201d 2024\",\"datePublished\":\"2024-07-20T00:10:00+00:00\",\"dateModified\":\"2024-07-20T02:10:47+00:00\",\"mainEntityOfPage\":{\"@id\":\"https:\/\/www.sonoraenequipo.com.mx\/premian-a-ganadores-del-primer-concurso-de-investigacion-de-historia-de-sonora-samuel-ocana-garcia-2024\/\"},\"wordCount\":564,\"commentCount\":0,\"publisher\":{\"@id\":\"https:\/\/www.sonoraenequipo.com.mx\/#organization\"},\"image\":{\"@id\":\"https:\/\/www.sonoraenequipo.com.mx\/premian-a-ganadores-del-primer-concurso-de-investigacion-de-historia-de-sonora-samuel-ocana-garcia-2024\/#primaryimage\"},\"thumbnailUrl\":\"https:\/\/www.sonoraenequipo.com.mx\/storage\/2024\/07\/reconocimientos.jpg\",\"keywords\":[\"concurso\",\"historia\",\"Sonora\"],\"articleSection\":[\"Ciencia y Tecnolog\u00eda\"],\"inLanguage\":\"es\",\"potentialAction\":[{\"@type\":\"CommentAction\",\"name\":\"Comment\",\"target\":[\"https:\/\/www.sonoraenequipo.com.mx\/premian-a-ganadores-del-primer-concurso-de-investigacion-de-historia-de-sonora-samuel-ocana-garcia-2024\/#respond\"]}]},{\"@type\":\"WebPage\",\"@id\":\"https:\/\/www.sonoraenequipo.com.mx\/premian-a-ganadores-del-primer-concurso-de-investigacion-de-historia-de-sonora-samuel-ocana-garcia-2024\/\",\"url\":\"https:\/\/www.sonoraenequipo.com.mx\/premian-a-ganadores-del-primer-concurso-de-investigacion-de-historia-de-sonora-samuel-ocana-garcia-2024\/\",\"name\":\"Sonora en Equipo. Premian a ganadores del Primer Concurso de Investigaci\u00f3n de Historia de Sonora \u201cSamuel Oca\u00f1a Garc\u00eda\u201d 2024 Ciencia y Tecnolog\u00eda\",\"isPartOf\":{\"@id\":\"https:\/\/www.sonoraenequipo.com.mx\/#website\"},\"primaryImageOfPage\":{\"@id\":\"https:\/\/www.sonoraenequipo.com.mx\/premian-a-ganadores-del-primer-concurso-de-investigacion-de-historia-de-sonora-samuel-ocana-garcia-2024\/#primaryimage\"},\"image\":{\"@id\":\"https:\/\/www.sonoraenequipo.com.mx\/premian-a-ganadores-del-primer-concurso-de-investigacion-de-historia-de-sonora-samuel-ocana-garcia-2024\/#primaryimage\"},\"thumbnailUrl\":\"https:\/\/www.sonoraenequipo.com.mx\/storage\/2024\/07\/reconocimientos.jpg\",\"datePublished\":\"2024-07-20T00:10:00+00:00\",\"dateModified\":\"2024-07-20T02:10:47+00:00\",\"description\":\"HERMOSILLO, SONORA, MX. \u2014 La primera edici\u00f3n del Concurso de Investigaci\u00f3n de Historia de Sonora \u201cSamuel Oca\u00f1a Garc\u00eda\u201d 2024, organizado por el Gobierno En Sonora en Equipo publicamos toda la informaci\u00f3n de Sonora, M\u00e9xico y el Mundo de manera oportuna y busca que la libertad de expresi\u00f3n sea real. Visita nuestro medio informativo publicado desde Hermosillo, Sonora. %\",\"breadcrumb\":{\"@id\":\"https:\/\/www.sonoraenequipo.com.mx\/premian-a-ganadores-del-primer-concurso-de-investigacion-de-historia-de-sonora-samuel-ocana-garcia-2024\/#breadcrumb\"},\"inLanguage\":\"es\",\"potentialAction\":[{\"@type\":\"ReadAction\",\"target\":[\"https:\/\/www.sonoraenequipo.com.mx\/premian-a-ganadores-del-primer-concurso-de-investigacion-de-historia-de-sonora-samuel-ocana-garcia-2024\/\"]}]},{\"@type\":\"ImageObject\",\"inLanguage\":\"es\",\"@id\":\"https:\/\/www.sonoraenequipo.com.mx\/premian-a-ganadores-del-primer-concurso-de-investigacion-de-historia-de-sonora-samuel-ocana-garcia-2024\/#primaryimage\",\"url\":\"https:\/\/www.sonoraenequipo.com.mx\/storage\/2024\/07\/reconocimientos.jpg\",\"contentUrl\":\"https:\/\/www.sonoraenequipo.com.mx\/storage\/2024\/07\/reconocimientos.jpg\",\"width\":400,\"height\":267},{\"@type\":\"BreadcrumbList\",\"@id\":\"https:\/\/www.sonoraenequipo.com.mx\/premian-a-ganadores-del-primer-concurso-de-investigacion-de-historia-de-sonora-samuel-ocana-garcia-2024\/#breadcrumb\",\"itemListElement\":[{\"@type\":\"ListItem\",\"position\":1,\"name\":\"Portada\",\"item\":\"https:\/\/www.sonoraenequipo.com.mx\/\"},{\"@type\":\"ListItem\",\"position\":2,\"name\":\"Premian a ganadores del Primer Concurso de Investigaci\u00f3n de Historia de Sonora \u201cSamuel Oca\u00f1a Garc\u00eda\u201d 2024\"}]},{\"@type\":\"WebSite\",\"@id\":\"https:\/\/www.sonoraenequipo.com.mx\/#website\",\"url\":\"https:\/\/www.sonoraenequipo.com.mx\/\",\"name\":\"Sonora en Equipo.\",\"description\":\"Diario en l\u00ednea con Noticias desde Hermosillo, Sonora\",\"publisher\":{\"@id\":\"https:\/\/www.sonoraenequipo.com.mx\/#organization\"},\"potentialAction\":[{\"@type\":\"SearchAction\",\"target\":{\"@type\":\"EntryPoint\",\"urlTemplate\":\"https:\/\/www.sonoraenequipo.com.mx\/?s={search_term_string}\"},\"query-input\":{\"@type\":\"PropertyValueSpecification\",\"valueRequired\":true,\"valueName\":\"search_term_string\"}}],\"inLanguage\":\"es\"},{\"@type\":\"Organization\",\"@id\":\"https:\/\/www.sonoraenequipo.com.mx\/#organization\",\"name\":\"Sonoraenequipo.com.mx\",\"url\":\"https:\/\/www.sonoraenequipo.com.mx\/\",\"logo\":{\"@type\":\"ImageObject\",\"inLanguage\":\"es\",\"@id\":\"https:\/\/www.sonoraenequipo.com.mx\/#\/schema\/logo\/image\/\",\"url\":\"https:\/\/www.sonoraenequipo.com.mx\/storage\/2019\/01\/sonoraenequipo_opt.png\",\"contentUrl\":\"https:\/\/www.sonoraenequipo.com.mx\/storage\/2019\/01\/sonoraenequipo_opt.png\",\"width\":375,\"height\":125,\"caption\":\"Sonoraenequipo.com.mx\"},\"image\":{\"@id\":\"https:\/\/www.sonoraenequipo.com.mx\/#\/schema\/logo\/image\/\"},\"sameAs\":[\"https:\/\/www.facebook.com\/SonoraEE\/\",\"https:\/\/x.com\/sonoraenequipo\",\"https:\/\/www.youtube.com\/channel\/UC338nW-lPEYmJQs4ZABQ1SQ\"]},{\"@type\":\"Person\",\"@id\":\"https:\/\/www.sonoraenequipo.com.mx\/#\/schema\/person\/50102df0fb23a8fa9e8effad8fa81386\",\"name\":\"enequipo\",\"image\":{\"@type\":\"ImageObject\",\"inLanguage\":\"es\",\"@id\":\"https:\/\/www.sonoraenequipo.com.mx\/#\/schema\/person\/image\/\",\"url\":\"https:\/\/secure.gravatar.com\/avatar\/049821681b589dabc0bc20695993ccebb09f5b5d4d790cd9251b97faac7c652b?s=96&d=blank&r=g\",\"contentUrl\":\"https:\/\/secure.gravatar.com\/avatar\/049821681b589dabc0bc20695993ccebb09f5b5d4d790cd9251b97faac7c652b?s=96&d=blank&r=g\",\"caption\":\"enequipo\"},\"sameAs\":[\"https:\/\/www.facebook.com\/SonoraEE\"]}]}<\/script>\n ","yoast_head_json":{"title":"Sonora en Equipo. Premian a ganadores del Primer Concurso de Investigaci\u00f3n de Historia de Sonora \u201cSamuel Oca\u00f1a Garc\u00eda\u201d 2024 Ciencia y Tecnolog\u00eda","description":"HERMOSILLO, SONORA, MX. \u2014 La primera edici\u00f3n del Concurso de Investigaci\u00f3n de Historia de Sonora \u201cSamuel Oca\u00f1a Garc\u00eda\u201d 2024, organizado por el Gobierno En Sonora en Equipo publicamos toda la informaci\u00f3n de Sonora, M\u00e9xico y el Mundo de manera oportuna y busca que la libertad de expresi\u00f3n sea real. Visita nuestro medio informativo publicado desde Hermosillo, Sonora. %","robots":{"index":"index","follow":"follow","max-snippet":"max-snippet:-1","max-image-preview":"max-image-preview:large","max-video-preview":"max-video-preview:-1"},"canonical":"https:\/\/www.sonoraenequipo.com.mx\/premian-a-ganadores-del-primer-concurso-de-investigacion-de-historia-de-sonora-samuel-ocana-garcia-2024\/","og_locale":"es_ES","og_type":"article","og_title":"Sonora en Equipo. Premian a ganadores del Primer Concurso de Investigaci\u00f3n de Historia de Sonora \u201cSamuel Oca\u00f1a Garc\u00eda\u201d 2024 Ciencia y Tecnolog\u00eda","og_description":"HERMOSILLO, SONORA, MX. \u2014 La primera edici\u00f3n del Concurso de Investigaci\u00f3n de Historia de Sonora \u201cSamuel Oca\u00f1a Garc\u00eda\u201d 2024, organizado por el Gobierno En Sonora en Equipo publicamos toda la informaci\u00f3n de Sonora, M\u00e9xico y el Mundo de manera oportuna y busca que la libertad de expresi\u00f3n sea real. Visita nuestro medio informativo publicado desde Hermosillo, Sonora. %","og_url":"https:\/\/www.sonoraenequipo.com.mx\/premian-a-ganadores-del-primer-concurso-de-investigacion-de-historia-de-sonora-samuel-ocana-garcia-2024\/","og_site_name":"Sonora en Equipo.","article_publisher":"https:\/\/www.facebook.com\/SonoraEE\/","article_author":"https:\/\/www.facebook.com\/SonoraEE","article_published_time":"2024-07-20T00:10:00+00:00","article_modified_time":"2024-07-20T02:10:47+00:00","og_image":[{"width":400,"height":267,"url":"https:\/\/www.sonoraenequipo.com.mx\/storage\/2024\/07\/reconocimientos.jpg","type":"image\/jpeg"}],"author":"enequipo","twitter_card":"summary_large_image","twitter_creator":"@sonoraenequipo","twitter_site":"@sonoraenequipo","twitter_misc":{"Escrito por":"enequipo","Tiempo de lectura":"3 minutos"},"schema":{"@context":"https:\/\/schema.org","@graph":[{"@type":"Article","@id":"https:\/\/www.sonoraenequipo.com.mx\/premian-a-ganadores-del-primer-concurso-de-investigacion-de-historia-de-sonora-samuel-ocana-garcia-2024\/#article","isPartOf":{"@id":"https:\/\/www.sonoraenequipo.com.mx\/premian-a-ganadores-del-primer-concurso-de-investigacion-de-historia-de-sonora-samuel-ocana-garcia-2024\/"},"author":{"name":"enequipo","@id":"https:\/\/www.sonoraenequipo.com.mx\/#\/schema\/person\/50102df0fb23a8fa9e8effad8fa81386"},"headline":"Premian a ganadores del Primer Concurso de Investigaci\u00f3n de Historia de Sonora \u201cSamuel Oca\u00f1a Garc\u00eda\u201d 2024","datePublished":"2024-07-20T00:10:00+00:00","dateModified":"2024-07-20T02:10:47+00:00","mainEntityOfPage":{"@id":"https:\/\/www.sonoraenequipo.com.mx\/premian-a-ganadores-del-primer-concurso-de-investigacion-de-historia-de-sonora-samuel-ocana-garcia-2024\/"},"wordCount":564,"commentCount":0,"publisher":{"@id":"https:\/\/www.sonoraenequipo.com.mx\/#organization"},"image":{"@id":"https:\/\/www.sonoraenequipo.com.mx\/premian-a-ganadores-del-primer-concurso-de-investigacion-de-historia-de-sonora-samuel-ocana-garcia-2024\/#primaryimage"},"thumbnailUrl":"https:\/\/www.sonoraenequipo.com.mx\/storage\/2024\/07\/reconocimientos.jpg","keywords":["concurso","historia","Sonora"],"articleSection":["Ciencia y Tecnolog\u00eda"],"inLanguage":"es","potentialAction":[{"@type":"CommentAction","name":"Comment","target":["https:\/\/www.sonoraenequipo.com.mx\/premian-a-ganadores-del-primer-concurso-de-investigacion-de-historia-de-sonora-samuel-ocana-garcia-2024\/#respond"]}]},{"@type":"WebPage","@id":"https:\/\/www.sonoraenequipo.com.mx\/premian-a-ganadores-del-primer-concurso-de-investigacion-de-historia-de-sonora-samuel-ocana-garcia-2024\/","url":"https:\/\/www.sonoraenequipo.com.mx\/premian-a-ganadores-del-primer-concurso-de-investigacion-de-historia-de-sonora-samuel-ocana-garcia-2024\/","name":"Sonora en Equipo. Premian a ganadores del Primer Concurso de Investigaci\u00f3n de Historia de Sonora \u201cSamuel Oca\u00f1a Garc\u00eda\u201d 2024 Ciencia y Tecnolog\u00eda","isPartOf":{"@id":"https:\/\/www.sonoraenequipo.com.mx\/#website"},"primaryImageOfPage":{"@id":"https:\/\/www.sonoraenequipo.com.mx\/premian-a-ganadores-del-primer-concurso-de-investigacion-de-historia-de-sonora-samuel-ocana-garcia-2024\/#primaryimage"},"image":{"@id":"https:\/\/www.sonoraenequipo.com.mx\/premian-a-ganadores-del-primer-concurso-de-investigacion-de-historia-de-sonora-samuel-ocana-garcia-2024\/#primaryimage"},"thumbnailUrl":"https:\/\/www.sonoraenequipo.com.mx\/storage\/2024\/07\/reconocimientos.jpg","datePublished":"2024-07-20T00:10:00+00:00","dateModified":"2024-07-20T02:10:47+00:00","description":"HERMOSILLO, SONORA, MX. \u2014 La primera edici\u00f3n del Concurso de Investigaci\u00f3n de Historia de Sonora \u201cSamuel Oca\u00f1a Garc\u00eda\u201d 2024, organizado por el Gobierno En Sonora en Equipo publicamos toda la informaci\u00f3n de Sonora, M\u00e9xico y el Mundo de manera oportuna y busca que la libertad de expresi\u00f3n sea real. Visita nuestro medio informativo publicado desde Hermosillo, Sonora. %","breadcrumb":{"@id":"https:\/\/www.sonoraenequipo.com.mx\/premian-a-ganadores-del-primer-concurso-de-investigacion-de-historia-de-sonora-samuel-ocana-garcia-2024\/#breadcrumb"},"inLanguage":"es","potentialAction":[{"@type":"ReadAction","target":["https:\/\/www.sonoraenequipo.com.mx\/premian-a-ganadores-del-primer-concurso-de-investigacion-de-historia-de-sonora-samuel-ocana-garcia-2024\/"]}]},{"@type":"ImageObject","inLanguage":"es","@id":"https:\/\/www.sonoraenequipo.com.mx\/premian-a-ganadores-del-primer-concurso-de-investigacion-de-historia-de-sonora-samuel-ocana-garcia-2024\/#primaryimage","url":"https:\/\/www.sonoraenequipo.com.mx\/storage\/2024\/07\/reconocimientos.jpg","contentUrl":"https:\/\/www.sonoraenequipo.com.mx\/storage\/2024\/07\/reconocimientos.jpg","width":400,"height":267},{"@type":"BreadcrumbList","@id":"https:\/\/www.sonoraenequipo.com.mx\/premian-a-ganadores-del-primer-concurso-de-investigacion-de-historia-de-sonora-samuel-ocana-garcia-2024\/#breadcrumb","itemListElement":[{"@type":"ListItem","position":1,"name":"Portada","item":"https:\/\/www.sonoraenequipo.com.mx\/"},{"@type":"ListItem","position":2,"name":"Premian a ganadores del Primer Concurso de Investigaci\u00f3n de Historia de Sonora \u201cSamuel Oca\u00f1a Garc\u00eda\u201d 2024"}]},{"@type":"WebSite","@id":"https:\/\/www.sonoraenequipo.com.mx\/#website","url":"https:\/\/www.sonoraenequipo.com.mx\/","name":"Sonora en Equipo.","description":"Diario en l\u00ednea con Noticias desde Hermosillo, Sonora","publisher":{"@id":"https:\/\/www.sonoraenequipo.com.mx\/#organization"},"potentialAction":[{"@type":"SearchAction","target":{"@type":"EntryPoint","urlTemplate":"https:\/\/www.sonoraenequipo.com.mx\/?s={search_term_string}"},"query-input":{"@type":"PropertyValueSpecification","valueRequired":true,"valueName":"search_term_string"}}],"inLanguage":"es"},{"@type":"Organization","@id":"https:\/\/www.sonoraenequipo.com.mx\/#organization","name":"Sonoraenequipo.com.mx","url":"https:\/\/www.sonoraenequipo.com.mx\/","logo":{"@type":"ImageObject","inLanguage":"es","@id":"https:\/\/www.sonoraenequipo.com.mx\/#\/schema\/logo\/image\/","url":"https:\/\/www.sonoraenequipo.com.mx\/storage\/2019\/01\/sonoraenequipo_opt.png","contentUrl":"https:\/\/www.sonoraenequipo.com.mx\/storage\/2019\/01\/sonoraenequipo_opt.png","width":375,"height":125,"caption":"Sonoraenequipo.com.mx"},"image":{"@id":"https:\/\/www.sonoraenequipo.com.mx\/#\/schema\/logo\/image\/"},"sameAs":["https:\/\/www.facebook.com\/SonoraEE\/","https:\/\/x.com\/sonoraenequipo","https:\/\/www.youtube.com\/channel\/UC338nW-lPEYmJQs4ZABQ1SQ"]},{"@type":"Person","@id":"https:\/\/www.sonoraenequipo.com.mx\/#\/schema\/person\/50102df0fb23a8fa9e8effad8fa81386","name":"enequipo","image":{"@type":"ImageObject","inLanguage":"es","@id":"https:\/\/www.sonoraenequipo.com.mx\/#\/schema\/person\/image\/","url":"https:\/\/secure.gravatar.com\/avatar\/049821681b589dabc0bc20695993ccebb09f5b5d4d790cd9251b97faac7c652b?s=96&d=blank&r=g","contentUrl":"https:\/\/secure.gravatar.com\/avatar\/049821681b589dabc0bc20695993ccebb09f5b5d4d790cd9251b97faac7c652b?s=96&d=blank&r=g","caption":"enequipo"},"sameAs":["https:\/\/www.facebook.com\/SonoraEE"]}]}},"jetpack_featured_media_url":"https:\/\/www.sonoraenequipo.com.mx\/storage\/2024\/07\/reconocimientos.jpg","_links":{"self":[{"href":"https:\/\/www.sonoraenequipo.com.mx\/api\/wp\/v2\/posts\/194945","targetHints":{"allow":["GET"]}}],"collection":[{"href":"https:\/\/www.sonoraenequipo.com.mx\/api\/wp\/v2\/posts"}],"about":[{"href":"https:\/\/www.sonoraenequipo.com.mx\/api\/wp\/v2\/types\/post"}],"author":[{"embeddable":true,"href":"https:\/\/www.sonoraenequipo.com.mx\/api\/wp\/v2\/users\/1"}],"replies":[{"embeddable":true,"href":"https:\/\/www.sonoraenequipo.com.mx\/api\/wp\/v2\/comments?post=194945"}],"version-history":[{"count":2,"href":"https:\/\/www.sonoraenequipo.com.mx\/api\/wp\/v2\/posts\/194945\/revisions"}],"predecessor-version":[{"id":194962,"href":"https:\/\/www.sonoraenequipo.com.mx\/api\/wp\/v2\/posts\/194945\/revisions\/194962"}],"wp:featuredmedia":[{"embeddable":true,"href":"https:\/\/www.sonoraenequipo.com.mx\/api\/wp\/v2\/media\/194946"}],"wp:attachment":[{"href":"https:\/\/www.sonoraenequipo.com.mx\/api\/wp\/v2\/media?parent=194945"}],"wp:term":[{"taxonomy":"category","embeddable":true,"href":"https:\/\/www.sonoraenequipo.com.mx\/api\/wp\/v2\/categories?post=194945"},{"taxonomy":"post_tag","embeddable":true,"href":"https:\/\/www.sonoraenequipo.com.mx\/api\/wp\/v2\/tags?post=194945"}],"curies":[{"name":"wp","href":"https:\/\/api.w.org\/{rel}","templated":true}]}}