{"id":194988,"date":"2024-07-20T12:37:12","date_gmt":"2024-07-20T19:37:12","guid":{"rendered":"https:\/\/www.sonoraenequipo.com.mx\/?p=194988"},"modified":"2024-07-20T12:37:12","modified_gmt":"2024-07-20T19:37:12","slug":"condenan-a-8-anos-a-responsable-de-robo-a-casa-habitacion-en-cajeme","status":"publish","type":"post","link":"https:\/\/www.sonoraenequipo.com.mx\/condenan-a-8-anos-a-responsable-de-robo-a-casa-habitacion-en-cajeme\/","title":{"rendered":"Condenan a 8 a\u00f1os a responsable de robo a casa habitaci\u00f3n \u00a0en Cajeme"},"content":{"rendered":"<p>&nbsp;<\/p>\n<p><strong>CAJEME, SONORA, MX.<\/strong><strong> \u0336 \u0336\u00a0 \u00a0<\/strong>La Fiscal\u00eda General de Justicia del Estado de Sonora (FGJES) demostr\u00f3 en los tribunales la participaci\u00f3n de Juan Pablo \u201cN\u201d, de 40 a\u00f1os, en el robo a una vivienda, donde se apoder\u00f3 de 1 mill\u00f3n 355 mil pesos en efectivo, d\u00f3lares, joyer\u00eda, monedas conmemorativas y billetes de diversos pa\u00edses, por estos, se le impuso una pena de 8 a\u00f1os de prisi\u00f3n.<\/p>\n<p>&nbsp;<\/p>\n<p>Los actos de investigaci\u00f3n establecieron que el 3 de diciembre de 2020, el condenado ingres\u00f3, en compa\u00f1\u00eda de varios sujetos, a un domicilio ubicado en la colonia Campestre, en Ciudad Obreg\u00f3n; con armas de fuego, sorprendieron y amagaron a los propietarios y residentes del lugar.<\/p>\n<p>&nbsp;<\/p>\n<p>Una vez en el interior del inmueble, los obligaron a entregar m\u00e1s de 1 mill\u00f3n de pesos, 4 mil 850 d\u00f3lares estadounidenses, (equivalentes a m\u00e1s de 96 mil pesos al tipo de cambio de la fecha de los hechos), cuatro monedas de plata, una moneda centenario de oro, joyer\u00eda de oro y plata diversa, un reloj de oro, 50 billetes de colecci\u00f3n de diversas nacionalidades, m\u00e1s de 300 monedas de colecci\u00f3n de diversos pa\u00edses y otros objetos de valor.<\/p>\n<p>&nbsp;<\/p>\n<p>Una vez cometido el robo, Juan Pablo \u201cN\u201d y sus c\u00f3mplices huyeron del lugar a bordo de un Volkswagen Vento plateado de cuatro puertas, modelo aproximado 2010, que los estaba esperando afuera del domicilio de la v\u00edctima. Posteriormente, la v\u00edctima interpuso la denuncia correspondiente ante esta representaci\u00f3n social.<\/p>\n<p>&nbsp;<\/p>\n<p>El 24 de febrero de 2021 los elementos de la Agencia Ministerial de Investigaci\u00f3n Criminal (AMIC) capturaron al sujeto con base a una orden judicial y fue ingresado al Centro de Reinserci\u00f3n Social (CERESO) de Ciudad Obreg\u00f3n, donde ya purga la condena por el robo con violencia<\/p>\n<p>&nbsp;<\/p>\n<p>El 24 de febrero de 2021, elementos de la Agencia Ministerial de Investigaci\u00f3n Criminal (AMIC) capturaron al sujeto con base en una orden judicial. Fue ingresado al Centro de Reinserci\u00f3n Social (CERESO) de Ciudad Obreg\u00f3n, donde actualmente purga su condena por el robo con violencia.<\/p>\n<p><strong>Fecha de publicaci\u00f3n s\u00e1bado 20 de julio de 2024<\/strong><\/p>\n","protected":false},"excerpt":{"rendered":"<p>&nbsp; CAJEME, SONORA, MX. \u0336 \u0336\u00a0 \u00a0La Fiscal\u00eda General de Justicia del Estado de Sonora&#8230;<\/p>\n","protected":false},"author":1,"featured_media":194989,"comment_status":"open","ping_status":"open","sticky":false,"template":"","format":"standard","meta":{"_monsterinsights_skip_tracking":false,"_monsterinsights_sitenote_active":false,"_monsterinsights_sitenote_note":"","_monsterinsights_sitenote_category":0,"footnotes":""},"categories":[3144],"tags":[476,299],"class_list":["post"],"yoast_head":" \n<title>Sonora en Equipo. Condenan a 8 a\u00f1os a responsable de robo a casa habitaci\u00f3n \u00a0en Cajeme Polic\u00edaca<\/title>\n<meta name=\"description\" content=\"&nbsp; CAJEME, SONORA, MX. \u0336 \u0336\u00a0 \u00a0La Fiscal\u00eda General de Justicia del Estado de Sonora (FGJES) demostr\u00f3 en los tribunales la participaci\u00f3n de Juan Pablo En Sonora en Equipo publicamos toda la informaci\u00f3n de Sonora, M\u00e9xico y el Mundo de manera oportuna y busca que la libertad de expresi\u00f3n sea real. Visita nuestro medio informativo publicado desde Hermosillo, Sonora. %\" \/>\n<meta name=\"robots\" content=\"index, follow, max-snippet:-1, max-image-preview:large, max-video-preview:-1\" \/>\n<link rel=\"canonical\" href=\"https:\/\/www.sonoraenequipo.com.mx\/condenan-a-8-anos-a-responsable-de-robo-a-casa-habitacion-en-cajeme\/\" \/>\n<meta property=\"og:locale\" content=\"es_ES\" \/>\n<meta property=\"og:type\" content=\"article\" \/>\n<meta property=\"og:title\" content=\"Sonora en Equipo. Condenan a 8 a\u00f1os a responsable de robo a casa habitaci\u00f3n \u00a0en Cajeme Polic\u00edaca\" \/>\n<meta property=\"og:description\" content=\"&nbsp; CAJEME, SONORA, MX. \u0336 \u0336\u00a0 \u00a0La Fiscal\u00eda General de Justicia del Estado de Sonora (FGJES) demostr\u00f3 en los tribunales la participaci\u00f3n de Juan Pablo En Sonora en Equipo publicamos toda la informaci\u00f3n de Sonora, M\u00e9xico y el Mundo de manera oportuna y busca que la libertad de expresi\u00f3n sea real. Visita nuestro medio informativo publicado desde Hermosillo, Sonora. %\" \/>\n<meta property=\"og:url\" content=\"https:\/\/www.sonoraenequipo.com.mx\/condenan-a-8-anos-a-responsable-de-robo-a-casa-habitacion-en-cajeme\/\" \/>\n<meta property=\"og:site_name\" content=\"Sonora en Equipo.\" \/>\n<meta property=\"article:publisher\" content=\"https:\/\/www.facebook.com\/SonoraEE\/\" \/>\n<meta property=\"article:author\" content=\"https:\/\/www.facebook.com\/SonoraEE\" \/>\n<meta property=\"article:published_time\" content=\"2024-07-20T19:37:12+00:00\" \/>\n<meta property=\"og:image\" content=\"https:\/\/www.sonoraenequipo.com.mx\/storage\/2024\/07\/ladron-cajeme.jpg\" \/>\n\t<meta property=\"og:image:width\" content=\"600\" \/>\n\t<meta property=\"og:image:height\" content=\"400\" \/>\n\t<meta property=\"og:image:type\" content=\"image\/jpeg\" \/>\n<meta name=\"author\" content=\"enequipo\" \/>\n<meta name=\"twitter:card\" content=\"summary_large_image\" \/>\n<meta name=\"twitter:creator\" content=\"@sonoraenequipo\" \/>\n<meta name=\"twitter:site\" content=\"@sonoraenequipo\" \/>\n<meta name=\"twitter:label1\" content=\"Escrito por\" \/>\n\t<meta name=\"twitter:data1\" content=\"enequipo\" \/>\n\t<meta name=\"twitter:label2\" content=\"Tiempo de lectura\" \/>\n\t<meta name=\"twitter:data2\" content=\"2 minutos\" \/>\n<script type=\"application\/ld+json\" class=\"yoast-schema-graph\">{\"@context\":\"https:\/\/schema.org\",\"@graph\":[{\"@type\":\"Article\",\"@id\":\"https:\/\/www.sonoraenequipo.com.mx\/condenan-a-8-anos-a-responsable-de-robo-a-casa-habitacion-en-cajeme\/#article\",\"isPartOf\":{\"@id\":\"https:\/\/www.sonoraenequipo.com.mx\/condenan-a-8-anos-a-responsable-de-robo-a-casa-habitacion-en-cajeme\/\"},\"author\":{\"name\":\"enequipo\",\"@id\":\"https:\/\/www.sonoraenequipo.com.mx\/#\/schema\/person\/50102df0fb23a8fa9e8effad8fa81386\"},\"headline\":\"Condenan a 8 a\u00f1os a responsable de robo a casa habitaci\u00f3n \u00a0en Cajeme\",\"datePublished\":\"2024-07-20T19:37:12+00:00\",\"mainEntityOfPage\":{\"@id\":\"https:\/\/www.sonoraenequipo.com.mx\/condenan-a-8-anos-a-responsable-de-robo-a-casa-habitacion-en-cajeme\/\"},\"wordCount\":371,\"commentCount\":0,\"publisher\":{\"@id\":\"https:\/\/www.sonoraenequipo.com.mx\/#organization\"},\"image\":{\"@id\":\"https:\/\/www.sonoraenequipo.com.mx\/condenan-a-8-anos-a-responsable-de-robo-a-casa-habitacion-en-cajeme\/#primaryimage\"},\"thumbnailUrl\":\"https:\/\/www.sonoraenequipo.com.mx\/storage\/2024\/07\/ladron-cajeme.jpg\",\"keywords\":[\"Cajeme\",\"inseguridad\"],\"articleSection\":[\"Polic\u00edaca\"],\"inLanguage\":\"es\",\"potentialAction\":[{\"@type\":\"CommentAction\",\"name\":\"Comment\",\"target\":[\"https:\/\/www.sonoraenequipo.com.mx\/condenan-a-8-anos-a-responsable-de-robo-a-casa-habitacion-en-cajeme\/#respond\"]}]},{\"@type\":\"WebPage\",\"@id\":\"https:\/\/www.sonoraenequipo.com.mx\/condenan-a-8-anos-a-responsable-de-robo-a-casa-habitacion-en-cajeme\/\",\"url\":\"https:\/\/www.sonoraenequipo.com.mx\/condenan-a-8-anos-a-responsable-de-robo-a-casa-habitacion-en-cajeme\/\",\"name\":\"Sonora en Equipo. Condenan a 8 a\u00f1os a responsable de robo a casa habitaci\u00f3n \u00a0en Cajeme Polic\u00edaca\",\"isPartOf\":{\"@id\":\"https:\/\/www.sonoraenequipo.com.mx\/#website\"},\"primaryImageOfPage\":{\"@id\":\"https:\/\/www.sonoraenequipo.com.mx\/condenan-a-8-anos-a-responsable-de-robo-a-casa-habitacion-en-cajeme\/#primaryimage\"},\"image\":{\"@id\":\"https:\/\/www.sonoraenequipo.com.mx\/condenan-a-8-anos-a-responsable-de-robo-a-casa-habitacion-en-cajeme\/#primaryimage\"},\"thumbnailUrl\":\"https:\/\/www.sonoraenequipo.com.mx\/storage\/2024\/07\/ladron-cajeme.jpg\",\"datePublished\":\"2024-07-20T19:37:12+00:00\",\"description\":\"&nbsp; CAJEME, SONORA, MX. \u0336 \u0336\u00a0 \u00a0La Fiscal\u00eda General de Justicia del Estado de Sonora (FGJES) demostr\u00f3 en los tribunales la participaci\u00f3n de Juan Pablo En Sonora en Equipo publicamos toda la informaci\u00f3n de Sonora, M\u00e9xico y el Mundo de manera oportuna y busca que la libertad de expresi\u00f3n sea real. Visita nuestro medio informativo publicado desde Hermosillo, Sonora. %\",\"breadcrumb\":{\"@id\":\"https:\/\/www.sonoraenequipo.com.mx\/condenan-a-8-anos-a-responsable-de-robo-a-casa-habitacion-en-cajeme\/#breadcrumb\"},\"inLanguage\":\"es\",\"potentialAction\":[{\"@type\":\"ReadAction\",\"target\":[\"https:\/\/www.sonoraenequipo.com.mx\/condenan-a-8-anos-a-responsable-de-robo-a-casa-habitacion-en-cajeme\/\"]}]},{\"@type\":\"ImageObject\",\"inLanguage\":\"es\",\"@id\":\"https:\/\/www.sonoraenequipo.com.mx\/condenan-a-8-anos-a-responsable-de-robo-a-casa-habitacion-en-cajeme\/#primaryimage\",\"url\":\"https:\/\/www.sonoraenequipo.com.mx\/storage\/2024\/07\/ladron-cajeme.jpg\",\"contentUrl\":\"https:\/\/www.sonoraenequipo.com.mx\/storage\/2024\/07\/ladron-cajeme.jpg\",\"width\":600,\"height\":400},{\"@type\":\"BreadcrumbList\",\"@id\":\"https:\/\/www.sonoraenequipo.com.mx\/condenan-a-8-anos-a-responsable-de-robo-a-casa-habitacion-en-cajeme\/#breadcrumb\",\"itemListElement\":[{\"@type\":\"ListItem\",\"position\":1,\"name\":\"Portada\",\"item\":\"https:\/\/www.sonoraenequipo.com.mx\/\"},{\"@type\":\"ListItem\",\"position\":2,\"name\":\"Condenan a 8 a\u00f1os a responsable de robo a casa habitaci\u00f3n \u00a0en Cajeme\"}]},{\"@type\":\"WebSite\",\"@id\":\"https:\/\/www.sonoraenequipo.com.mx\/#website\",\"url\":\"https:\/\/www.sonoraenequipo.com.mx\/\",\"name\":\"Sonora en Equipo.\",\"description\":\"Diario en l\u00ednea con Noticias desde Hermosillo, Sonora\",\"publisher\":{\"@id\":\"https:\/\/www.sonoraenequipo.com.mx\/#organization\"},\"potentialAction\":[{\"@type\":\"SearchAction\",\"target\":{\"@type\":\"EntryPoint\",\"urlTemplate\":\"https:\/\/www.sonoraenequipo.com.mx\/?s={search_term_string}\"},\"query-input\":{\"@type\":\"PropertyValueSpecification\",\"valueRequired\":true,\"valueName\":\"search_term_string\"}}],\"inLanguage\":\"es\"},{\"@type\":\"Organization\",\"@id\":\"https:\/\/www.sonoraenequipo.com.mx\/#organization\",\"name\":\"Sonoraenequipo.com.mx\",\"url\":\"https:\/\/www.sonoraenequipo.com.mx\/\",\"logo\":{\"@type\":\"ImageObject\",\"inLanguage\":\"es\",\"@id\":\"https:\/\/www.sonoraenequipo.com.mx\/#\/schema\/logo\/image\/\",\"url\":\"https:\/\/www.sonoraenequipo.com.mx\/storage\/2019\/01\/sonoraenequipo_opt.png\",\"contentUrl\":\"https:\/\/www.sonoraenequipo.com.mx\/storage\/2019\/01\/sonoraenequipo_opt.png\",\"width\":375,\"height\":125,\"caption\":\"Sonoraenequipo.com.mx\"},\"image\":{\"@id\":\"https:\/\/www.sonoraenequipo.com.mx\/#\/schema\/logo\/image\/\"},\"sameAs\":[\"https:\/\/www.facebook.com\/SonoraEE\/\",\"https:\/\/x.com\/sonoraenequipo\",\"https:\/\/www.youtube.com\/channel\/UC338nW-lPEYmJQs4ZABQ1SQ\"]},{\"@type\":\"Person\",\"@id\":\"https:\/\/www.sonoraenequipo.com.mx\/#\/schema\/person\/50102df0fb23a8fa9e8effad8fa81386\",\"name\":\"enequipo\",\"image\":{\"@type\":\"ImageObject\",\"inLanguage\":\"es\",\"@id\":\"https:\/\/www.sonoraenequipo.com.mx\/#\/schema\/person\/image\/\",\"url\":\"https:\/\/secure.gravatar.com\/avatar\/049821681b589dabc0bc20695993ccebb09f5b5d4d790cd9251b97faac7c652b?s=96&d=blank&r=g\",\"contentUrl\":\"https:\/\/secure.gravatar.com\/avatar\/049821681b589dabc0bc20695993ccebb09f5b5d4d790cd9251b97faac7c652b?s=96&d=blank&r=g\",\"caption\":\"enequipo\"},\"sameAs\":[\"https:\/\/www.facebook.com\/SonoraEE\"]}]}<\/script>\n ","yoast_head_json":{"title":"Sonora en Equipo. Condenan a 8 a\u00f1os a responsable de robo a casa habitaci\u00f3n \u00a0en Cajeme Polic\u00edaca","description":"&nbsp; CAJEME, SONORA, MX. \u0336 \u0336\u00a0 \u00a0La Fiscal\u00eda General de Justicia del Estado de Sonora (FGJES) demostr\u00f3 en los tribunales la participaci\u00f3n de Juan Pablo En Sonora en Equipo publicamos toda la informaci\u00f3n de Sonora, M\u00e9xico y el Mundo de manera oportuna y busca que la libertad de expresi\u00f3n sea real. Visita nuestro medio informativo publicado desde Hermosillo, Sonora. %","robots":{"index":"index","follow":"follow","max-snippet":"max-snippet:-1","max-image-preview":"max-image-preview:large","max-video-preview":"max-video-preview:-1"},"canonical":"https:\/\/www.sonoraenequipo.com.mx\/condenan-a-8-anos-a-responsable-de-robo-a-casa-habitacion-en-cajeme\/","og_locale":"es_ES","og_type":"article","og_title":"Sonora en Equipo. Condenan a 8 a\u00f1os a responsable de robo a casa habitaci\u00f3n \u00a0en Cajeme Polic\u00edaca","og_description":"&nbsp; CAJEME, SONORA, MX. \u0336 \u0336\u00a0 \u00a0La Fiscal\u00eda General de Justicia del Estado de Sonora (FGJES) demostr\u00f3 en los tribunales la participaci\u00f3n de Juan Pablo En Sonora en Equipo publicamos toda la informaci\u00f3n de Sonora, M\u00e9xico y el Mundo de manera oportuna y busca que la libertad de expresi\u00f3n sea real. Visita nuestro medio informativo publicado desde Hermosillo, Sonora. %","og_url":"https:\/\/www.sonoraenequipo.com.mx\/condenan-a-8-anos-a-responsable-de-robo-a-casa-habitacion-en-cajeme\/","og_site_name":"Sonora en Equipo.","article_publisher":"https:\/\/www.facebook.com\/SonoraEE\/","article_author":"https:\/\/www.facebook.com\/SonoraEE","article_published_time":"2024-07-20T19:37:12+00:00","og_image":[{"width":600,"height":400,"url":"https:\/\/www.sonoraenequipo.com.mx\/storage\/2024\/07\/ladron-cajeme.jpg","type":"image\/jpeg"}],"author":"enequipo","twitter_card":"summary_large_image","twitter_creator":"@sonoraenequipo","twitter_site":"@sonoraenequipo","twitter_misc":{"Escrito por":"enequipo","Tiempo de lectura":"2 minutos"},"schema":{"@context":"https:\/\/schema.org","@graph":[{"@type":"Article","@id":"https:\/\/www.sonoraenequipo.com.mx\/condenan-a-8-anos-a-responsable-de-robo-a-casa-habitacion-en-cajeme\/#article","isPartOf":{"@id":"https:\/\/www.sonoraenequipo.com.mx\/condenan-a-8-anos-a-responsable-de-robo-a-casa-habitacion-en-cajeme\/"},"author":{"name":"enequipo","@id":"https:\/\/www.sonoraenequipo.com.mx\/#\/schema\/person\/50102df0fb23a8fa9e8effad8fa81386"},"headline":"Condenan a 8 a\u00f1os a responsable de robo a casa habitaci\u00f3n \u00a0en Cajeme","datePublished":"2024-07-20T19:37:12+00:00","mainEntityOfPage":{"@id":"https:\/\/www.sonoraenequipo.com.mx\/condenan-a-8-anos-a-responsable-de-robo-a-casa-habitacion-en-cajeme\/"},"wordCount":371,"commentCount":0,"publisher":{"@id":"https:\/\/www.sonoraenequipo.com.mx\/#organization"},"image":{"@id":"https:\/\/www.sonoraenequipo.com.mx\/condenan-a-8-anos-a-responsable-de-robo-a-casa-habitacion-en-cajeme\/#primaryimage"},"thumbnailUrl":"https:\/\/www.sonoraenequipo.com.mx\/storage\/2024\/07\/ladron-cajeme.jpg","keywords":["Cajeme","inseguridad"],"articleSection":["Polic\u00edaca"],"inLanguage":"es","potentialAction":[{"@type":"CommentAction","name":"Comment","target":["https:\/\/www.sonoraenequipo.com.mx\/condenan-a-8-anos-a-responsable-de-robo-a-casa-habitacion-en-cajeme\/#respond"]}]},{"@type":"WebPage","@id":"https:\/\/www.sonoraenequipo.com.mx\/condenan-a-8-anos-a-responsable-de-robo-a-casa-habitacion-en-cajeme\/","url":"https:\/\/www.sonoraenequipo.com.mx\/condenan-a-8-anos-a-responsable-de-robo-a-casa-habitacion-en-cajeme\/","name":"Sonora en Equipo. Condenan a 8 a\u00f1os a responsable de robo a casa habitaci\u00f3n \u00a0en Cajeme Polic\u00edaca","isPartOf":{"@id":"https:\/\/www.sonoraenequipo.com.mx\/#website"},"primaryImageOfPage":{"@id":"https:\/\/www.sonoraenequipo.com.mx\/condenan-a-8-anos-a-responsable-de-robo-a-casa-habitacion-en-cajeme\/#primaryimage"},"image":{"@id":"https:\/\/www.sonoraenequipo.com.mx\/condenan-a-8-anos-a-responsable-de-robo-a-casa-habitacion-en-cajeme\/#primaryimage"},"thumbnailUrl":"https:\/\/www.sonoraenequipo.com.mx\/storage\/2024\/07\/ladron-cajeme.jpg","datePublished":"2024-07-20T19:37:12+00:00","description":"&nbsp; CAJEME, SONORA, MX. \u0336 \u0336\u00a0 \u00a0La Fiscal\u00eda General de Justicia del Estado de Sonora (FGJES) demostr\u00f3 en los tribunales la participaci\u00f3n de Juan Pablo En Sonora en Equipo publicamos toda la informaci\u00f3n de Sonora, M\u00e9xico y el Mundo de manera oportuna y busca que la libertad de expresi\u00f3n sea real. Visita nuestro medio informativo publicado desde Hermosillo, Sonora. %","breadcrumb":{"@id":"https:\/\/www.sonoraenequipo.com.mx\/condenan-a-8-anos-a-responsable-de-robo-a-casa-habitacion-en-cajeme\/#breadcrumb"},"inLanguage":"es","potentialAction":[{"@type":"ReadAction","target":["https:\/\/www.sonoraenequipo.com.mx\/condenan-a-8-anos-a-responsable-de-robo-a-casa-habitacion-en-cajeme\/"]}]},{"@type":"ImageObject","inLanguage":"es","@id":"https:\/\/www.sonoraenequipo.com.mx\/condenan-a-8-anos-a-responsable-de-robo-a-casa-habitacion-en-cajeme\/#primaryimage","url":"https:\/\/www.sonoraenequipo.com.mx\/storage\/2024\/07\/ladron-cajeme.jpg","contentUrl":"https:\/\/www.sonoraenequipo.com.mx\/storage\/2024\/07\/ladron-cajeme.jpg","width":600,"height":400},{"@type":"BreadcrumbList","@id":"https:\/\/www.sonoraenequipo.com.mx\/condenan-a-8-anos-a-responsable-de-robo-a-casa-habitacion-en-cajeme\/#breadcrumb","itemListElement":[{"@type":"ListItem","position":1,"name":"Portada","item":"https:\/\/www.sonoraenequipo.com.mx\/"},{"@type":"ListItem","position":2,"name":"Condenan a 8 a\u00f1os a responsable de robo a casa habitaci\u00f3n \u00a0en Cajeme"}]},{"@type":"WebSite","@id":"https:\/\/www.sonoraenequipo.com.mx\/#website","url":"https:\/\/www.sonoraenequipo.com.mx\/","name":"Sonora en Equipo.","description":"Diario en l\u00ednea con Noticias desde Hermosillo, Sonora","publisher":{"@id":"https:\/\/www.sonoraenequipo.com.mx\/#organization"},"potentialAction":[{"@type":"SearchAction","target":{"@type":"EntryPoint","urlTemplate":"https:\/\/www.sonoraenequipo.com.mx\/?s={search_term_string}"},"query-input":{"@type":"PropertyValueSpecification","valueRequired":true,"valueName":"search_term_string"}}],"inLanguage":"es"},{"@type":"Organization","@id":"https:\/\/www.sonoraenequipo.com.mx\/#organization","name":"Sonoraenequipo.com.mx","url":"https:\/\/www.sonoraenequipo.com.mx\/","logo":{"@type":"ImageObject","inLanguage":"es","@id":"https:\/\/www.sonoraenequipo.com.mx\/#\/schema\/logo\/image\/","url":"https:\/\/www.sonoraenequipo.com.mx\/storage\/2019\/01\/sonoraenequipo_opt.png","contentUrl":"https:\/\/www.sonoraenequipo.com.mx\/storage\/2019\/01\/sonoraenequipo_opt.png","width":375,"height":125,"caption":"Sonoraenequipo.com.mx"},"image":{"@id":"https:\/\/www.sonoraenequipo.com.mx\/#\/schema\/logo\/image\/"},"sameAs":["https:\/\/www.facebook.com\/SonoraEE\/","https:\/\/x.com\/sonoraenequipo","https:\/\/www.youtube.com\/channel\/UC338nW-lPEYmJQs4ZABQ1SQ"]},{"@type":"Person","@id":"https:\/\/www.sonoraenequipo.com.mx\/#\/schema\/person\/50102df0fb23a8fa9e8effad8fa81386","name":"enequipo","image":{"@type":"ImageObject","inLanguage":"es","@id":"https:\/\/www.sonoraenequipo.com.mx\/#\/schema\/person\/image\/","url":"https:\/\/secure.gravatar.com\/avatar\/049821681b589dabc0bc20695993ccebb09f5b5d4d790cd9251b97faac7c652b?s=96&d=blank&r=g","contentUrl":"https:\/\/secure.gravatar.com\/avatar\/049821681b589dabc0bc20695993ccebb09f5b5d4d790cd9251b97faac7c652b?s=96&d=blank&r=g","caption":"enequipo"},"sameAs":["https:\/\/www.facebook.com\/SonoraEE"]}]}},"jetpack_featured_media_url":"https:\/\/www.sonoraenequipo.com.mx\/storage\/2024\/07\/ladron-cajeme.jpg","_links":{"self":[{"href":"https:\/\/www.sonoraenequipo.com.mx\/api\/wp\/v2\/posts\/194988","targetHints":{"allow":["GET"]}}],"collection":[{"href":"https:\/\/www.sonoraenequipo.com.mx\/api\/wp\/v2\/posts"}],"about":[{"href":"https:\/\/www.sonoraenequipo.com.mx\/api\/wp\/v2\/types\/post"}],"author":[{"embeddable":true,"href":"https:\/\/www.sonoraenequipo.com.mx\/api\/wp\/v2\/users\/1"}],"replies":[{"embeddable":true,"href":"https:\/\/www.sonoraenequipo.com.mx\/api\/wp\/v2\/comments?post=194988"}],"version-history":[{"count":1,"href":"https:\/\/www.sonoraenequipo.com.mx\/api\/wp\/v2\/posts\/194988\/revisions"}],"predecessor-version":[{"id":194990,"href":"https:\/\/www.sonoraenequipo.com.mx\/api\/wp\/v2\/posts\/194988\/revisions\/194990"}],"wp:featuredmedia":[{"embeddable":true,"href":"https:\/\/www.sonoraenequipo.com.mx\/api\/wp\/v2\/media\/194989"}],"wp:attachment":[{"href":"https:\/\/www.sonoraenequipo.com.mx\/api\/wp\/v2\/media?parent=194988"}],"wp:term":[{"taxonomy":"category","embeddable":true,"href":"https:\/\/www.sonoraenequipo.com.mx\/api\/wp\/v2\/categories?post=194988"},{"taxonomy":"post_tag","embeddable":true,"href":"https:\/\/www.sonoraenequipo.com.mx\/api\/wp\/v2\/tags?post=194988"}],"curies":[{"name":"wp","href":"https:\/\/api.w.org\/{rel}","templated":true}]}}