{"id":194993,"date":"2024-07-20T08:32:40","date_gmt":"2024-07-20T15:32:40","guid":{"rendered":"https:\/\/www.sonoraenequipo.com.mx\/?p=194993"},"modified":"2024-07-20T14:11:15","modified_gmt":"2024-07-20T21:11:15","slug":"en-normandia-por-primera-vez-parecio-no-reconocerme-y-en-el-debate-me-di-cuenta-de-que-era-un-problema-profundo","status":"publish","type":"post","link":"https:\/\/www.sonoraenequipo.com.mx\/en-normandia-por-primera-vez-parecio-no-reconocerme-y-en-el-debate-me-di-cuenta-de-que-era-un-problema-profundo\/","title":{"rendered":"\u00abEn Normand\u00eda, por primera vez, pareci\u00f3 no reconocerme y en el debate me di cuenta de que era un problema profundo\u00bb"},"content":{"rendered":"<p><strong>ESTADOS UNIDOS. \u2014<\/strong> El congresista Seth Moulton escribe un duro art\u00edculo en The Boston Globe argumentando por qu\u00e9 el presidente Joe Biden debe abandonar la carrera<\/p>\n<p>&nbsp;<\/p>\n<p> <br \/>\nEl presidente Biden ha amanecido hoy con un duro art\u00edculo del congresista Seth Moulton en el Boston Globe titulado: \u00ab<strong><em>Por qu\u00e9 Biden deber\u00eda abandonar la carrera\u00bb.<\/em> <\/strong>Moulton arranca su art\u00edculo recordando sus inicios en pol\u00edtica y c\u00f3mo Biden hizo de mentor. Desde 2014 han mantenido una estrecha relaci\u00f3n.<\/p>\n<p>&nbsp;<\/p>\n<p>\u00abMe invitaba a desayunar en casa del vicepresidente y me ense\u00f1aba cosas sobre el Congreso. A veces cog\u00eda el tel\u00e9fono para comentar una entrevista en televisi\u00f3n. Cada vez que nos cruz\u00e1bamos y le llamaba la atenci\u00f3n, esbozaba esa gran sonrisa de Joe Biden y me dec\u00eda lo contento que estaba de verme\u00bb.<\/p>\n<p>&nbsp;<\/p>\n<p>&nbsp;<\/p>\n<p>Dice que as\u00ed ha sido la t\u00f3nica de su relaci\u00f3n hasta el pasado baile de Navidad en la Casa Blanca. La \u00faltima vez que se vieron en los actos del 80 aniversario del Desembarco de Normand\u00eda algo hab\u00eda cambiado. <strong><em>\u00abPor primera vez, no pareci\u00f3 reconocerme. Por supuesto, eso puede ocurrir cuando cualquiera envejece, pero al ver el desastroso debate de hace unas semanas, tengo que admitir que lo que vi en Normand\u00eda era parte de un problema m\u00e1s profundo\u00bb.<\/em><\/strong><\/p>\n<p>&nbsp;<\/p>\n<p>&nbsp;<\/p>\n<p><em><strong>\u00abFue una constataci\u00f3n aplastante, y no porque una persona que me importa pasara una mala noche, sino porque todo depende de la capacidad de Biden para derrotar a Donald Trump en noviembre\u00bb.<\/strong> <\/em>El congresista asegura que como la mayor\u00eda de los estadounidenses -el 65% se confiesa preocupado por su estado f\u00edsico y mental- <em><strong>\u00abya no conf\u00edo en que pueda hacerlo. El presidente deber\u00eda retirarse de la carrera\u00bb.<\/strong> <\/em>Moulton repasa todos los logros de Biden durante su longeva carrera pol\u00edtica para solicitarle de nuevo que d\u00e9 un paso atr\u00e1s y siga el ejemplo de otro presidente c\u00e9lebre George Washington.<\/p>\n<p>&nbsp;<\/p>\n<p>&nbsp;<\/p>\n<p><em><strong>\u00abSe ha ganado un legado incre\u00edble, y por eso espero que siga los pasos de otro presidente que salv\u00f3 nuestra Rep\u00fablica, George Washington, y sea recordado no solo por servir como nuestro comandante en jefe, sino tambi\u00e9n por entregarla\u00bb.<\/strong><\/em> Y a\u00f1ade: <em><strong>\u00abLa cruda realidad es que todas las caracter\u00edsticas que han hecho de Biden una fuerza incontenible -la energ\u00eda, la vitalidad, el ingenio agudo y rasposo- est\u00e1n parpadeando\u00bb.<\/strong><\/em><\/p>\n<p>&nbsp;<\/p>\n<p>&nbsp;<\/p>\n<p>El congresista termina su carta pidiendo a otros dem\u00f3cratas que alcen la voz \u00abpara decir la verdad sobre el presidente Biden antes de que sea demasiado tarde\u00bb.<\/p>\n<p>&nbsp;<\/p>\n<p>&nbsp;<\/p>\n<p><em><strong>\u00abEs una gran oportunidad para nuestro partido. Es una oportunidad para responder a la abrumadora mayor\u00eda de estadounidenses que no quieren quedarse atascados con los mismos dos candidatos que tuvimos en 2020\u00bb.<\/strong><\/em><\/p>\n<p>&nbsp;<\/p>\n<p>&nbsp;<\/p>\n<p>Moulton recuerda una frase de los Marines:<strong><em> \u00abNo se trata de ti\u00bb. E<\/em><\/strong>ntiende que no es f\u00e1cil tomar esta decisi\u00f3n de abandonar un trabajo que te apasiona.\u00bb<em><strong> Pero no se trata de usted, se\u00f1or Presidente. Se trata de nuestra mejor oportunidad de ganar unas elecciones contra un mentiroso narcisista y delincuente convicto\u00bb.<\/strong><\/em><\/p>\n<p>&nbsp;<\/p>\n<p>&nbsp;<\/p>\n<p><em><strong>\u00abEsto es m\u00e1s grande que un presidente o un partido. Se trata de Am\u00e9rica\u00bb.<\/strong><\/em><\/p>\n<p>&nbsp;<\/p>\n<p>&nbsp;<\/p>\n<p>PUBLICADO EL 20 DE JULIO DE 2024 Con informaci\u00f3n de LA RAZON)<\/p>\n","protected":false},"excerpt":{"rendered":"<p>ESTADOS UNIDOS. \u2014 El congresista Seth Moulton escribe un duro art\u00edculo en The Boston Globe&#8230;<\/p>\n","protected":false},"author":1,"featured_media":194979,"comment_status":"open","ping_status":"open","sticky":false,"template":"","format":"standard","meta":{"_monsterinsights_skip_tracking":false,"_monsterinsights_sitenote_active":false,"_monsterinsights_sitenote_note":"","_monsterinsights_sitenote_category":0,"footnotes":""},"categories":[3],"tags":[],"class_list":["post"],"yoast_head":" \n<title>Sonora en Equipo. &quot;En Normand\u00eda, por primera vez, pareci\u00f3 no reconocerme y en el debate me di cuenta de que era un problema profundo&quot; MUNDO<\/title>\n<meta name=\"description\" content=\"ESTADOS UNIDOS. \u2014 El congresista Seth Moulton escribe un duro art\u00edculo en The Boston Globe argumentando por qu\u00e9 el presidente Joe Biden debe abandonar la En Sonora en Equipo publicamos toda la informaci\u00f3n de Sonora, M\u00e9xico y el Mundo de manera oportuna y busca que la libertad de expresi\u00f3n sea real. Visita nuestro medio informativo publicado desde Hermosillo, Sonora. %\" \/>\n<meta name=\"robots\" content=\"index, follow, max-snippet:-1, max-image-preview:large, max-video-preview:-1\" \/>\n<link rel=\"canonical\" href=\"https:\/\/www.sonoraenequipo.com.mx\/en-normandia-por-primera-vez-parecio-no-reconocerme-y-en-el-debate-me-di-cuenta-de-que-era-un-problema-profundo\/\" \/>\n<meta property=\"og:locale\" content=\"es_ES\" \/>\n<meta property=\"og:type\" content=\"article\" \/>\n<meta property=\"og:title\" content=\"Sonora en Equipo. &quot;En Normand\u00eda, por primera vez, pareci\u00f3 no reconocerme y en el debate me di cuenta de que era un problema profundo&quot; MUNDO\" \/>\n<meta property=\"og:description\" content=\"ESTADOS UNIDOS. \u2014 El congresista Seth Moulton escribe un duro art\u00edculo en The Boston Globe argumentando por qu\u00e9 el presidente Joe Biden debe abandonar la En Sonora en Equipo publicamos toda la informaci\u00f3n de Sonora, M\u00e9xico y el Mundo de manera oportuna y busca que la libertad de expresi\u00f3n sea real. Visita nuestro medio informativo publicado desde Hermosillo, Sonora. %\" \/>\n<meta property=\"og:url\" content=\"https:\/\/www.sonoraenequipo.com.mx\/en-normandia-por-primera-vez-parecio-no-reconocerme-y-en-el-debate-me-di-cuenta-de-que-era-un-problema-profundo\/\" \/>\n<meta property=\"og:site_name\" content=\"Sonora en Equipo.\" \/>\n<meta property=\"article:publisher\" content=\"https:\/\/www.facebook.com\/SonoraEE\/\" \/>\n<meta property=\"article:author\" content=\"https:\/\/www.facebook.com\/SonoraEE\" \/>\n<meta property=\"article:published_time\" content=\"2024-07-20T15:32:40+00:00\" \/>\n<meta property=\"article:modified_time\" content=\"2024-07-20T21:11:15+00:00\" \/>\n<meta property=\"og:image\" content=\"https:\/\/www.sonoraenequipo.com.mx\/storage\/2024\/07\/Biden-en-un-discurso-a-la-nacion-min.jpg\" \/>\n\t<meta property=\"og:image:width\" content=\"900\" \/>\n\t<meta property=\"og:image:height\" content=\"506\" \/>\n\t<meta property=\"og:image:type\" content=\"image\/jpeg\" \/>\n<meta name=\"author\" content=\"enequipo\" \/>\n<meta name=\"twitter:card\" content=\"summary_large_image\" \/>\n<meta name=\"twitter:creator\" content=\"@sonoraenequipo\" \/>\n<meta name=\"twitter:site\" content=\"@sonoraenequipo\" \/>\n<meta name=\"twitter:label1\" content=\"Escrito por\" \/>\n\t<meta name=\"twitter:data1\" content=\"enequipo\" \/>\n\t<meta name=\"twitter:label2\" content=\"Tiempo de lectura\" \/>\n\t<meta name=\"twitter:data2\" content=\"3 minutos\" \/>\n<script type=\"application\/ld+json\" class=\"yoast-schema-graph\">{\"@context\":\"https:\/\/schema.org\",\"@graph\":[{\"@type\":\"Article\",\"@id\":\"https:\/\/www.sonoraenequipo.com.mx\/en-normandia-por-primera-vez-parecio-no-reconocerme-y-en-el-debate-me-di-cuenta-de-que-era-un-problema-profundo\/#article\",\"isPartOf\":{\"@id\":\"https:\/\/www.sonoraenequipo.com.mx\/en-normandia-por-primera-vez-parecio-no-reconocerme-y-en-el-debate-me-di-cuenta-de-que-era-un-problema-profundo\/\"},\"author\":{\"name\":\"enequipo\",\"@id\":\"https:\/\/www.sonoraenequipo.com.mx\/#\/schema\/person\/50102df0fb23a8fa9e8effad8fa81386\"},\"headline\":\"\u00abEn Normand\u00eda, por primera vez, pareci\u00f3 no reconocerme y en el debate me di cuenta de que era un problema profundo\u00bb\",\"datePublished\":\"2024-07-20T15:32:40+00:00\",\"dateModified\":\"2024-07-20T21:11:15+00:00\",\"mainEntityOfPage\":{\"@id\":\"https:\/\/www.sonoraenequipo.com.mx\/en-normandia-por-primera-vez-parecio-no-reconocerme-y-en-el-debate-me-di-cuenta-de-que-era-un-problema-profundo\/\"},\"wordCount\":585,\"commentCount\":0,\"publisher\":{\"@id\":\"https:\/\/www.sonoraenequipo.com.mx\/#organization\"},\"image\":{\"@id\":\"https:\/\/www.sonoraenequipo.com.mx\/en-normandia-por-primera-vez-parecio-no-reconocerme-y-en-el-debate-me-di-cuenta-de-que-era-un-problema-profundo\/#primaryimage\"},\"thumbnailUrl\":\"https:\/\/www.sonoraenequipo.com.mx\/storage\/2024\/07\/Biden-en-un-discurso-a-la-nacion-min.jpg\",\"articleSection\":[\"MUNDO\"],\"inLanguage\":\"es\",\"potentialAction\":[{\"@type\":\"CommentAction\",\"name\":\"Comment\",\"target\":[\"https:\/\/www.sonoraenequipo.com.mx\/en-normandia-por-primera-vez-parecio-no-reconocerme-y-en-el-debate-me-di-cuenta-de-que-era-un-problema-profundo\/#respond\"]}]},{\"@type\":\"WebPage\",\"@id\":\"https:\/\/www.sonoraenequipo.com.mx\/en-normandia-por-primera-vez-parecio-no-reconocerme-y-en-el-debate-me-di-cuenta-de-que-era-un-problema-profundo\/\",\"url\":\"https:\/\/www.sonoraenequipo.com.mx\/en-normandia-por-primera-vez-parecio-no-reconocerme-y-en-el-debate-me-di-cuenta-de-que-era-un-problema-profundo\/\",\"name\":\"Sonora en Equipo. \\\"En Normand\u00eda, por primera vez, pareci\u00f3 no reconocerme y en el debate me di cuenta de que era un problema profundo\\\" MUNDO\",\"isPartOf\":{\"@id\":\"https:\/\/www.sonoraenequipo.com.mx\/#website\"},\"primaryImageOfPage\":{\"@id\":\"https:\/\/www.sonoraenequipo.com.mx\/en-normandia-por-primera-vez-parecio-no-reconocerme-y-en-el-debate-me-di-cuenta-de-que-era-un-problema-profundo\/#primaryimage\"},\"image\":{\"@id\":\"https:\/\/www.sonoraenequipo.com.mx\/en-normandia-por-primera-vez-parecio-no-reconocerme-y-en-el-debate-me-di-cuenta-de-que-era-un-problema-profundo\/#primaryimage\"},\"thumbnailUrl\":\"https:\/\/www.sonoraenequipo.com.mx\/storage\/2024\/07\/Biden-en-un-discurso-a-la-nacion-min.jpg\",\"datePublished\":\"2024-07-20T15:32:40+00:00\",\"dateModified\":\"2024-07-20T21:11:15+00:00\",\"description\":\"ESTADOS UNIDOS. \u2014 El congresista Seth Moulton escribe un duro art\u00edculo en The Boston Globe argumentando por qu\u00e9 el presidente Joe Biden debe abandonar la En Sonora en Equipo publicamos toda la informaci\u00f3n de Sonora, M\u00e9xico y el Mundo de manera oportuna y busca que la libertad de expresi\u00f3n sea real. Visita nuestro medio informativo publicado desde Hermosillo, Sonora. %\",\"breadcrumb\":{\"@id\":\"https:\/\/www.sonoraenequipo.com.mx\/en-normandia-por-primera-vez-parecio-no-reconocerme-y-en-el-debate-me-di-cuenta-de-que-era-un-problema-profundo\/#breadcrumb\"},\"inLanguage\":\"es\",\"potentialAction\":[{\"@type\":\"ReadAction\",\"target\":[\"https:\/\/www.sonoraenequipo.com.mx\/en-normandia-por-primera-vez-parecio-no-reconocerme-y-en-el-debate-me-di-cuenta-de-que-era-un-problema-profundo\/\"]}]},{\"@type\":\"ImageObject\",\"inLanguage\":\"es\",\"@id\":\"https:\/\/www.sonoraenequipo.com.mx\/en-normandia-por-primera-vez-parecio-no-reconocerme-y-en-el-debate-me-di-cuenta-de-que-era-un-problema-profundo\/#primaryimage\",\"url\":\"https:\/\/www.sonoraenequipo.com.mx\/storage\/2024\/07\/Biden-en-un-discurso-a-la-nacion-min.jpg\",\"contentUrl\":\"https:\/\/www.sonoraenequipo.com.mx\/storage\/2024\/07\/Biden-en-un-discurso-a-la-nacion-min.jpg\",\"width\":900,\"height\":506},{\"@type\":\"BreadcrumbList\",\"@id\":\"https:\/\/www.sonoraenequipo.com.mx\/en-normandia-por-primera-vez-parecio-no-reconocerme-y-en-el-debate-me-di-cuenta-de-que-era-un-problema-profundo\/#breadcrumb\",\"itemListElement\":[{\"@type\":\"ListItem\",\"position\":1,\"name\":\"Portada\",\"item\":\"https:\/\/www.sonoraenequipo.com.mx\/\"},{\"@type\":\"ListItem\",\"position\":2,\"name\":\"\u00abEn Normand\u00eda, por primera vez, pareci\u00f3 no reconocerme y en el debate me di cuenta de que era un problema profundo\u00bb\"}]},{\"@type\":\"WebSite\",\"@id\":\"https:\/\/www.sonoraenequipo.com.mx\/#website\",\"url\":\"https:\/\/www.sonoraenequipo.com.mx\/\",\"name\":\"Sonora en Equipo.\",\"description\":\"Diario en l\u00ednea con Noticias desde Hermosillo, Sonora\",\"publisher\":{\"@id\":\"https:\/\/www.sonoraenequipo.com.mx\/#organization\"},\"potentialAction\":[{\"@type\":\"SearchAction\",\"target\":{\"@type\":\"EntryPoint\",\"urlTemplate\":\"https:\/\/www.sonoraenequipo.com.mx\/?s={search_term_string}\"},\"query-input\":{\"@type\":\"PropertyValueSpecification\",\"valueRequired\":true,\"valueName\":\"search_term_string\"}}],\"inLanguage\":\"es\"},{\"@type\":\"Organization\",\"@id\":\"https:\/\/www.sonoraenequipo.com.mx\/#organization\",\"name\":\"Sonoraenequipo.com.mx\",\"url\":\"https:\/\/www.sonoraenequipo.com.mx\/\",\"logo\":{\"@type\":\"ImageObject\",\"inLanguage\":\"es\",\"@id\":\"https:\/\/www.sonoraenequipo.com.mx\/#\/schema\/logo\/image\/\",\"url\":\"https:\/\/www.sonoraenequipo.com.mx\/storage\/2019\/01\/sonoraenequipo_opt.png\",\"contentUrl\":\"https:\/\/www.sonoraenequipo.com.mx\/storage\/2019\/01\/sonoraenequipo_opt.png\",\"width\":375,\"height\":125,\"caption\":\"Sonoraenequipo.com.mx\"},\"image\":{\"@id\":\"https:\/\/www.sonoraenequipo.com.mx\/#\/schema\/logo\/image\/\"},\"sameAs\":[\"https:\/\/www.facebook.com\/SonoraEE\/\",\"https:\/\/x.com\/sonoraenequipo\",\"https:\/\/www.youtube.com\/channel\/UC338nW-lPEYmJQs4ZABQ1SQ\"]},{\"@type\":\"Person\",\"@id\":\"https:\/\/www.sonoraenequipo.com.mx\/#\/schema\/person\/50102df0fb23a8fa9e8effad8fa81386\",\"name\":\"enequipo\",\"image\":{\"@type\":\"ImageObject\",\"inLanguage\":\"es\",\"@id\":\"https:\/\/www.sonoraenequipo.com.mx\/#\/schema\/person\/image\/\",\"url\":\"https:\/\/secure.gravatar.com\/avatar\/049821681b589dabc0bc20695993ccebb09f5b5d4d790cd9251b97faac7c652b?s=96&d=blank&r=g\",\"contentUrl\":\"https:\/\/secure.gravatar.com\/avatar\/049821681b589dabc0bc20695993ccebb09f5b5d4d790cd9251b97faac7c652b?s=96&d=blank&r=g\",\"caption\":\"enequipo\"},\"sameAs\":[\"https:\/\/www.facebook.com\/SonoraEE\"]}]}<\/script>\n ","yoast_head_json":{"title":"Sonora en Equipo. \"En Normand\u00eda, por primera vez, pareci\u00f3 no reconocerme y en el debate me di cuenta de que era un problema profundo\" MUNDO","description":"ESTADOS UNIDOS. \u2014 El congresista Seth Moulton escribe un duro art\u00edculo en The Boston Globe argumentando por qu\u00e9 el presidente Joe Biden debe abandonar la En Sonora en Equipo publicamos toda la informaci\u00f3n de Sonora, M\u00e9xico y el Mundo de manera oportuna y busca que la libertad de expresi\u00f3n sea real. Visita nuestro medio informativo publicado desde Hermosillo, Sonora. %","robots":{"index":"index","follow":"follow","max-snippet":"max-snippet:-1","max-image-preview":"max-image-preview:large","max-video-preview":"max-video-preview:-1"},"canonical":"https:\/\/www.sonoraenequipo.com.mx\/en-normandia-por-primera-vez-parecio-no-reconocerme-y-en-el-debate-me-di-cuenta-de-que-era-un-problema-profundo\/","og_locale":"es_ES","og_type":"article","og_title":"Sonora en Equipo. \"En Normand\u00eda, por primera vez, pareci\u00f3 no reconocerme y en el debate me di cuenta de que era un problema profundo\" MUNDO","og_description":"ESTADOS UNIDOS. \u2014 El congresista Seth Moulton escribe un duro art\u00edculo en The Boston Globe argumentando por qu\u00e9 el presidente Joe Biden debe abandonar la En Sonora en Equipo publicamos toda la informaci\u00f3n de Sonora, M\u00e9xico y el Mundo de manera oportuna y busca que la libertad de expresi\u00f3n sea real. Visita nuestro medio informativo publicado desde Hermosillo, Sonora. %","og_url":"https:\/\/www.sonoraenequipo.com.mx\/en-normandia-por-primera-vez-parecio-no-reconocerme-y-en-el-debate-me-di-cuenta-de-que-era-un-problema-profundo\/","og_site_name":"Sonora en Equipo.","article_publisher":"https:\/\/www.facebook.com\/SonoraEE\/","article_author":"https:\/\/www.facebook.com\/SonoraEE","article_published_time":"2024-07-20T15:32:40+00:00","article_modified_time":"2024-07-20T21:11:15+00:00","og_image":[{"width":900,"height":506,"url":"https:\/\/www.sonoraenequipo.com.mx\/storage\/2024\/07\/Biden-en-un-discurso-a-la-nacion-min.jpg","type":"image\/jpeg"}],"author":"enequipo","twitter_card":"summary_large_image","twitter_creator":"@sonoraenequipo","twitter_site":"@sonoraenequipo","twitter_misc":{"Escrito por":"enequipo","Tiempo de lectura":"3 minutos"},"schema":{"@context":"https:\/\/schema.org","@graph":[{"@type":"Article","@id":"https:\/\/www.sonoraenequipo.com.mx\/en-normandia-por-primera-vez-parecio-no-reconocerme-y-en-el-debate-me-di-cuenta-de-que-era-un-problema-profundo\/#article","isPartOf":{"@id":"https:\/\/www.sonoraenequipo.com.mx\/en-normandia-por-primera-vez-parecio-no-reconocerme-y-en-el-debate-me-di-cuenta-de-que-era-un-problema-profundo\/"},"author":{"name":"enequipo","@id":"https:\/\/www.sonoraenequipo.com.mx\/#\/schema\/person\/50102df0fb23a8fa9e8effad8fa81386"},"headline":"\u00abEn Normand\u00eda, por primera vez, pareci\u00f3 no reconocerme y en el debate me di cuenta de que era un problema profundo\u00bb","datePublished":"2024-07-20T15:32:40+00:00","dateModified":"2024-07-20T21:11:15+00:00","mainEntityOfPage":{"@id":"https:\/\/www.sonoraenequipo.com.mx\/en-normandia-por-primera-vez-parecio-no-reconocerme-y-en-el-debate-me-di-cuenta-de-que-era-un-problema-profundo\/"},"wordCount":585,"commentCount":0,"publisher":{"@id":"https:\/\/www.sonoraenequipo.com.mx\/#organization"},"image":{"@id":"https:\/\/www.sonoraenequipo.com.mx\/en-normandia-por-primera-vez-parecio-no-reconocerme-y-en-el-debate-me-di-cuenta-de-que-era-un-problema-profundo\/#primaryimage"},"thumbnailUrl":"https:\/\/www.sonoraenequipo.com.mx\/storage\/2024\/07\/Biden-en-un-discurso-a-la-nacion-min.jpg","articleSection":["MUNDO"],"inLanguage":"es","potentialAction":[{"@type":"CommentAction","name":"Comment","target":["https:\/\/www.sonoraenequipo.com.mx\/en-normandia-por-primera-vez-parecio-no-reconocerme-y-en-el-debate-me-di-cuenta-de-que-era-un-problema-profundo\/#respond"]}]},{"@type":"WebPage","@id":"https:\/\/www.sonoraenequipo.com.mx\/en-normandia-por-primera-vez-parecio-no-reconocerme-y-en-el-debate-me-di-cuenta-de-que-era-un-problema-profundo\/","url":"https:\/\/www.sonoraenequipo.com.mx\/en-normandia-por-primera-vez-parecio-no-reconocerme-y-en-el-debate-me-di-cuenta-de-que-era-un-problema-profundo\/","name":"Sonora en Equipo. \"En Normand\u00eda, por primera vez, pareci\u00f3 no reconocerme y en el debate me di cuenta de que era un problema profundo\" MUNDO","isPartOf":{"@id":"https:\/\/www.sonoraenequipo.com.mx\/#website"},"primaryImageOfPage":{"@id":"https:\/\/www.sonoraenequipo.com.mx\/en-normandia-por-primera-vez-parecio-no-reconocerme-y-en-el-debate-me-di-cuenta-de-que-era-un-problema-profundo\/#primaryimage"},"image":{"@id":"https:\/\/www.sonoraenequipo.com.mx\/en-normandia-por-primera-vez-parecio-no-reconocerme-y-en-el-debate-me-di-cuenta-de-que-era-un-problema-profundo\/#primaryimage"},"thumbnailUrl":"https:\/\/www.sonoraenequipo.com.mx\/storage\/2024\/07\/Biden-en-un-discurso-a-la-nacion-min.jpg","datePublished":"2024-07-20T15:32:40+00:00","dateModified":"2024-07-20T21:11:15+00:00","description":"ESTADOS UNIDOS. \u2014 El congresista Seth Moulton escribe un duro art\u00edculo en The Boston Globe argumentando por qu\u00e9 el presidente Joe Biden debe abandonar la En Sonora en Equipo publicamos toda la informaci\u00f3n de Sonora, M\u00e9xico y el Mundo de manera oportuna y busca que la libertad de expresi\u00f3n sea real. Visita nuestro medio informativo publicado desde Hermosillo, Sonora. %","breadcrumb":{"@id":"https:\/\/www.sonoraenequipo.com.mx\/en-normandia-por-primera-vez-parecio-no-reconocerme-y-en-el-debate-me-di-cuenta-de-que-era-un-problema-profundo\/#breadcrumb"},"inLanguage":"es","potentialAction":[{"@type":"ReadAction","target":["https:\/\/www.sonoraenequipo.com.mx\/en-normandia-por-primera-vez-parecio-no-reconocerme-y-en-el-debate-me-di-cuenta-de-que-era-un-problema-profundo\/"]}]},{"@type":"ImageObject","inLanguage":"es","@id":"https:\/\/www.sonoraenequipo.com.mx\/en-normandia-por-primera-vez-parecio-no-reconocerme-y-en-el-debate-me-di-cuenta-de-que-era-un-problema-profundo\/#primaryimage","url":"https:\/\/www.sonoraenequipo.com.mx\/storage\/2024\/07\/Biden-en-un-discurso-a-la-nacion-min.jpg","contentUrl":"https:\/\/www.sonoraenequipo.com.mx\/storage\/2024\/07\/Biden-en-un-discurso-a-la-nacion-min.jpg","width":900,"height":506},{"@type":"BreadcrumbList","@id":"https:\/\/www.sonoraenequipo.com.mx\/en-normandia-por-primera-vez-parecio-no-reconocerme-y-en-el-debate-me-di-cuenta-de-que-era-un-problema-profundo\/#breadcrumb","itemListElement":[{"@type":"ListItem","position":1,"name":"Portada","item":"https:\/\/www.sonoraenequipo.com.mx\/"},{"@type":"ListItem","position":2,"name":"\u00abEn Normand\u00eda, por primera vez, pareci\u00f3 no reconocerme y en el debate me di cuenta de que era un problema profundo\u00bb"}]},{"@type":"WebSite","@id":"https:\/\/www.sonoraenequipo.com.mx\/#website","url":"https:\/\/www.sonoraenequipo.com.mx\/","name":"Sonora en Equipo.","description":"Diario en l\u00ednea con Noticias desde Hermosillo, Sonora","publisher":{"@id":"https:\/\/www.sonoraenequipo.com.mx\/#organization"},"potentialAction":[{"@type":"SearchAction","target":{"@type":"EntryPoint","urlTemplate":"https:\/\/www.sonoraenequipo.com.mx\/?s={search_term_string}"},"query-input":{"@type":"PropertyValueSpecification","valueRequired":true,"valueName":"search_term_string"}}],"inLanguage":"es"},{"@type":"Organization","@id":"https:\/\/www.sonoraenequipo.com.mx\/#organization","name":"Sonoraenequipo.com.mx","url":"https:\/\/www.sonoraenequipo.com.mx\/","logo":{"@type":"ImageObject","inLanguage":"es","@id":"https:\/\/www.sonoraenequipo.com.mx\/#\/schema\/logo\/image\/","url":"https:\/\/www.sonoraenequipo.com.mx\/storage\/2019\/01\/sonoraenequipo_opt.png","contentUrl":"https:\/\/www.sonoraenequipo.com.mx\/storage\/2019\/01\/sonoraenequipo_opt.png","width":375,"height":125,"caption":"Sonoraenequipo.com.mx"},"image":{"@id":"https:\/\/www.sonoraenequipo.com.mx\/#\/schema\/logo\/image\/"},"sameAs":["https:\/\/www.facebook.com\/SonoraEE\/","https:\/\/x.com\/sonoraenequipo","https:\/\/www.youtube.com\/channel\/UC338nW-lPEYmJQs4ZABQ1SQ"]},{"@type":"Person","@id":"https:\/\/www.sonoraenequipo.com.mx\/#\/schema\/person\/50102df0fb23a8fa9e8effad8fa81386","name":"enequipo","image":{"@type":"ImageObject","inLanguage":"es","@id":"https:\/\/www.sonoraenequipo.com.mx\/#\/schema\/person\/image\/","url":"https:\/\/secure.gravatar.com\/avatar\/049821681b589dabc0bc20695993ccebb09f5b5d4d790cd9251b97faac7c652b?s=96&d=blank&r=g","contentUrl":"https:\/\/secure.gravatar.com\/avatar\/049821681b589dabc0bc20695993ccebb09f5b5d4d790cd9251b97faac7c652b?s=96&d=blank&r=g","caption":"enequipo"},"sameAs":["https:\/\/www.facebook.com\/SonoraEE"]}]}},"jetpack_featured_media_url":"https:\/\/www.sonoraenequipo.com.mx\/storage\/2024\/07\/Biden-en-un-discurso-a-la-nacion-min.jpg","_links":{"self":[{"href":"https:\/\/www.sonoraenequipo.com.mx\/api\/wp\/v2\/posts\/194993","targetHints":{"allow":["GET"]}}],"collection":[{"href":"https:\/\/www.sonoraenequipo.com.mx\/api\/wp\/v2\/posts"}],"about":[{"href":"https:\/\/www.sonoraenequipo.com.mx\/api\/wp\/v2\/types\/post"}],"author":[{"embeddable":true,"href":"https:\/\/www.sonoraenequipo.com.mx\/api\/wp\/v2\/users\/1"}],"replies":[{"embeddable":true,"href":"https:\/\/www.sonoraenequipo.com.mx\/api\/wp\/v2\/comments?post=194993"}],"version-history":[{"count":1,"href":"https:\/\/www.sonoraenequipo.com.mx\/api\/wp\/v2\/posts\/194993\/revisions"}],"predecessor-version":[{"id":194995,"href":"https:\/\/www.sonoraenequipo.com.mx\/api\/wp\/v2\/posts\/194993\/revisions\/194995"}],"wp:featuredmedia":[{"embeddable":true,"href":"https:\/\/www.sonoraenequipo.com.mx\/api\/wp\/v2\/media\/194979"}],"wp:attachment":[{"href":"https:\/\/www.sonoraenequipo.com.mx\/api\/wp\/v2\/media?parent=194993"}],"wp:term":[{"taxonomy":"category","embeddable":true,"href":"https:\/\/www.sonoraenequipo.com.mx\/api\/wp\/v2\/categories?post=194993"},{"taxonomy":"post_tag","embeddable":true,"href":"https:\/\/www.sonoraenequipo.com.mx\/api\/wp\/v2\/tags?post=194993"}],"curies":[{"name":"wp","href":"https:\/\/api.w.org\/{rel}","templated":true}]}}