{"id":194994,"date":"2024-07-20T13:51:47","date_gmt":"2024-07-20T20:51:47","guid":{"rendered":"https:\/\/www.sonoraenequipo.com.mx\/?p=194994"},"modified":"2024-07-20T13:51:47","modified_gmt":"2024-07-20T20:51:47","slug":"desmotando-la-conspiracion-los-datos-que-demuestran-que-el-hombre-llego-a-la-luna-un-20-de-julio-de-1969","status":"publish","type":"post","link":"https:\/\/www.sonoraenequipo.com.mx\/desmotando-la-conspiracion-los-datos-que-demuestran-que-el-hombre-llego-a-la-luna-un-20-de-julio-de-1969\/","title":{"rendered":"Desmotando la conspiraci\u00f3n: los datos que demuestran que el hombre lleg\u00f3 a la Luna \u00a0un 20 de julio de 1969"},"content":{"rendered":"<p>La incredulidad y el escepticismo mal entendido ganan terreno d\u00eda a d\u00eda, pero la ciencia tiene la respuesta a todos esos argumentos que buscan respaldar la conspiraci\u00f3n de que el hombre jam\u00e1s estuvo en la Luna<\/p>\n<p>Tal vez, resulte un exceso comparar tal hecho con el momento en el que el primer ser acu\u00e1tico, fuera cual fuere, sali\u00f3 del agua para embarcarse, aunque la met\u00e1fora sea una ant\u00edtesis, en una nueva aventura hacia tierra firme. No obstante, la gesta de alcanzar la Luna y volver a la Tierra para contarlo, quiz\u00e1 haya abierto la puerta al ser humano para un d\u00eda colonizar otros mundos y convertirse en algo que apenas podemos llegar a imaginar, del mismo modo que aquel organismo, quiz\u00e1 dotado de escamas y que deb\u00eda desplazarse entre un reptar y un torpe caminar a cuatro patas, se convirti\u00f3 en lo que somos hoy: el autodenominado Homo sapiens.<\/p>\n<p><iframe loading=\"lazy\" title=\"MISI\u00d3N APOLO 11 | 50 aniversario de la llegada a la Luna\" width=\"640\" height=\"360\" src=\"https:\/\/www.youtube.com\/embed\/QqYBkKe-1vQ?feature=oembed\" frameborder=\"0\" allow=\"accelerometer; autoplay; clipboard-write; encrypted-media; gyroscope; picture-in-picture; web-share\" referrerpolicy=\"strict-origin-when-cross-origin\" allowfullscreen><\/iframe><\/p>\n<p>&nbsp;<\/p>\n<p>&nbsp;<\/p>\n<p>&nbsp;<\/p>\n<p>&nbsp;<\/p>\n<p>&nbsp;<\/p>\n<p><strong>Fecha de publicaci\u00f3n s\u00e1bado 20 de julio de 2024 \/ Tomado de National Geographic<\/strong><\/p>\n","protected":false},"excerpt":{"rendered":"<p>La incredulidad y el escepticismo mal entendido ganan terreno d\u00eda a d\u00eda, pero la ciencia&#8230;<\/p>\n","protected":false},"author":1,"featured_media":194996,"comment_status":"open","ping_status":"open","sticky":false,"template":"","format":"standard","meta":{"_monsterinsights_skip_tracking":false,"_monsterinsights_sitenote_active":false,"_monsterinsights_sitenote_note":"","_monsterinsights_sitenote_category":0,"footnotes":""},"categories":[2216],"tags":[10010,5259],"class_list":["post"],"yoast_head":" \n<title>Sonora en Equipo. Desmotando la conspiraci\u00f3n: los datos que demuestran que el hombre lleg\u00f3 a la Luna \u00a0un 20 de julio de 1969 Ciencia y Tecnolog\u00eda<\/title>\n<meta name=\"description\" content=\"La incredulidad y el escepticismo mal entendido ganan terreno d\u00eda a d\u00eda, pero la ciencia tiene la respuesta a todos esos argumentos que buscan respaldar En Sonora en Equipo publicamos toda la informaci\u00f3n de Sonora, M\u00e9xico y el Mundo de manera oportuna y busca que la libertad de expresi\u00f3n sea real. Visita nuestro medio informativo publicado desde Hermosillo, Sonora. %\" \/>\n<meta name=\"robots\" content=\"index, follow, max-snippet:-1, max-image-preview:large, max-video-preview:-1\" \/>\n<link rel=\"canonical\" href=\"https:\/\/www.sonoraenequipo.com.mx\/desmotando-la-conspiracion-los-datos-que-demuestran-que-el-hombre-llego-a-la-luna-un-20-de-julio-de-1969\/\" \/>\n<meta property=\"og:locale\" content=\"es_ES\" \/>\n<meta property=\"og:type\" content=\"article\" \/>\n<meta property=\"og:title\" content=\"Sonora en Equipo. Desmotando la conspiraci\u00f3n: los datos que demuestran que el hombre lleg\u00f3 a la Luna \u00a0un 20 de julio de 1969 Ciencia y Tecnolog\u00eda\" \/>\n<meta property=\"og:description\" content=\"La incredulidad y el escepticismo mal entendido ganan terreno d\u00eda a d\u00eda, pero la ciencia tiene la respuesta a todos esos argumentos que buscan respaldar En Sonora en Equipo publicamos toda la informaci\u00f3n de Sonora, M\u00e9xico y el Mundo de manera oportuna y busca que la libertad de expresi\u00f3n sea real. Visita nuestro medio informativo publicado desde Hermosillo, Sonora. %\" \/>\n<meta property=\"og:url\" content=\"https:\/\/www.sonoraenequipo.com.mx\/desmotando-la-conspiracion-los-datos-que-demuestran-que-el-hombre-llego-a-la-luna-un-20-de-julio-de-1969\/\" \/>\n<meta property=\"og:site_name\" content=\"Sonora en Equipo.\" \/>\n<meta property=\"article:publisher\" content=\"https:\/\/www.facebook.com\/SonoraEE\/\" \/>\n<meta property=\"article:author\" content=\"https:\/\/www.facebook.com\/SonoraEE\" \/>\n<meta property=\"article:published_time\" content=\"2024-07-20T20:51:47+00:00\" \/>\n<meta property=\"og:image\" content=\"https:\/\/www.sonoraenequipo.com.mx\/storage\/2024\/07\/luna.jpg\" \/>\n\t<meta property=\"og:image:width\" content=\"600\" \/>\n\t<meta property=\"og:image:height\" content=\"337\" \/>\n\t<meta property=\"og:image:type\" content=\"image\/jpeg\" \/>\n<meta name=\"author\" content=\"enequipo\" \/>\n<meta name=\"twitter:card\" content=\"summary_large_image\" \/>\n<meta name=\"twitter:creator\" content=\"@sonoraenequipo\" \/>\n<meta name=\"twitter:site\" content=\"@sonoraenequipo\" \/>\n<meta name=\"twitter:label1\" content=\"Escrito por\" \/>\n\t<meta name=\"twitter:data1\" content=\"enequipo\" \/>\n\t<meta name=\"twitter:label2\" content=\"Tiempo de lectura\" \/>\n\t<meta name=\"twitter:data2\" content=\"1 minuto\" \/>\n<script type=\"application\/ld+json\" class=\"yoast-schema-graph\">{\"@context\":\"https:\/\/schema.org\",\"@graph\":[{\"@type\":\"Article\",\"@id\":\"https:\/\/www.sonoraenequipo.com.mx\/desmotando-la-conspiracion-los-datos-que-demuestran-que-el-hombre-llego-a-la-luna-un-20-de-julio-de-1969\/#article\",\"isPartOf\":{\"@id\":\"https:\/\/www.sonoraenequipo.com.mx\/desmotando-la-conspiracion-los-datos-que-demuestran-que-el-hombre-llego-a-la-luna-un-20-de-julio-de-1969\/\"},\"author\":{\"name\":\"enequipo\",\"@id\":\"https:\/\/www.sonoraenequipo.com.mx\/#\/schema\/person\/50102df0fb23a8fa9e8effad8fa81386\"},\"headline\":\"Desmotando la conspiraci\u00f3n: los datos que demuestran que el hombre lleg\u00f3 a la Luna \u00a0un 20 de julio de 1969\",\"datePublished\":\"2024-07-20T20:51:47+00:00\",\"mainEntityOfPage\":{\"@id\":\"https:\/\/www.sonoraenequipo.com.mx\/desmotando-la-conspiracion-los-datos-que-demuestran-que-el-hombre-llego-a-la-luna-un-20-de-julio-de-1969\/\"},\"wordCount\":200,\"commentCount\":0,\"publisher\":{\"@id\":\"https:\/\/www.sonoraenequipo.com.mx\/#organization\"},\"image\":{\"@id\":\"https:\/\/www.sonoraenequipo.com.mx\/desmotando-la-conspiracion-los-datos-que-demuestran-que-el-hombre-llego-a-la-luna-un-20-de-julio-de-1969\/#primaryimage\"},\"thumbnailUrl\":\"https:\/\/www.sonoraenequipo.com.mx\/storage\/2024\/07\/luna.jpg\",\"keywords\":[\"llegada\",\"luna\"],\"articleSection\":[\"Ciencia y Tecnolog\u00eda\"],\"inLanguage\":\"es\",\"potentialAction\":[{\"@type\":\"CommentAction\",\"name\":\"Comment\",\"target\":[\"https:\/\/www.sonoraenequipo.com.mx\/desmotando-la-conspiracion-los-datos-que-demuestran-que-el-hombre-llego-a-la-luna-un-20-de-julio-de-1969\/#respond\"]}]},{\"@type\":\"WebPage\",\"@id\":\"https:\/\/www.sonoraenequipo.com.mx\/desmotando-la-conspiracion-los-datos-que-demuestran-que-el-hombre-llego-a-la-luna-un-20-de-julio-de-1969\/\",\"url\":\"https:\/\/www.sonoraenequipo.com.mx\/desmotando-la-conspiracion-los-datos-que-demuestran-que-el-hombre-llego-a-la-luna-un-20-de-julio-de-1969\/\",\"name\":\"Sonora en Equipo. Desmotando la conspiraci\u00f3n: los datos que demuestran que el hombre lleg\u00f3 a la Luna \u00a0un 20 de julio de 1969 Ciencia y Tecnolog\u00eda\",\"isPartOf\":{\"@id\":\"https:\/\/www.sonoraenequipo.com.mx\/#website\"},\"primaryImageOfPage\":{\"@id\":\"https:\/\/www.sonoraenequipo.com.mx\/desmotando-la-conspiracion-los-datos-que-demuestran-que-el-hombre-llego-a-la-luna-un-20-de-julio-de-1969\/#primaryimage\"},\"image\":{\"@id\":\"https:\/\/www.sonoraenequipo.com.mx\/desmotando-la-conspiracion-los-datos-que-demuestran-que-el-hombre-llego-a-la-luna-un-20-de-julio-de-1969\/#primaryimage\"},\"thumbnailUrl\":\"https:\/\/www.sonoraenequipo.com.mx\/storage\/2024\/07\/luna.jpg\",\"datePublished\":\"2024-07-20T20:51:47+00:00\",\"description\":\"La incredulidad y el escepticismo mal entendido ganan terreno d\u00eda a d\u00eda, pero la ciencia tiene la respuesta a todos esos argumentos que buscan respaldar En Sonora en Equipo publicamos toda la informaci\u00f3n de Sonora, M\u00e9xico y el Mundo de manera oportuna y busca que la libertad de expresi\u00f3n sea real. Visita nuestro medio informativo publicado desde Hermosillo, Sonora. %\",\"breadcrumb\":{\"@id\":\"https:\/\/www.sonoraenequipo.com.mx\/desmotando-la-conspiracion-los-datos-que-demuestran-que-el-hombre-llego-a-la-luna-un-20-de-julio-de-1969\/#breadcrumb\"},\"inLanguage\":\"es\",\"potentialAction\":[{\"@type\":\"ReadAction\",\"target\":[\"https:\/\/www.sonoraenequipo.com.mx\/desmotando-la-conspiracion-los-datos-que-demuestran-que-el-hombre-llego-a-la-luna-un-20-de-julio-de-1969\/\"]}]},{\"@type\":\"ImageObject\",\"inLanguage\":\"es\",\"@id\":\"https:\/\/www.sonoraenequipo.com.mx\/desmotando-la-conspiracion-los-datos-que-demuestran-que-el-hombre-llego-a-la-luna-un-20-de-julio-de-1969\/#primaryimage\",\"url\":\"https:\/\/www.sonoraenequipo.com.mx\/storage\/2024\/07\/luna.jpg\",\"contentUrl\":\"https:\/\/www.sonoraenequipo.com.mx\/storage\/2024\/07\/luna.jpg\",\"width\":600,\"height\":337},{\"@type\":\"BreadcrumbList\",\"@id\":\"https:\/\/www.sonoraenequipo.com.mx\/desmotando-la-conspiracion-los-datos-que-demuestran-que-el-hombre-llego-a-la-luna-un-20-de-julio-de-1969\/#breadcrumb\",\"itemListElement\":[{\"@type\":\"ListItem\",\"position\":1,\"name\":\"Portada\",\"item\":\"https:\/\/www.sonoraenequipo.com.mx\/\"},{\"@type\":\"ListItem\",\"position\":2,\"name\":\"Desmotando la conspiraci\u00f3n: los datos que demuestran que el hombre lleg\u00f3 a la Luna \u00a0un 20 de julio de 1969\"}]},{\"@type\":\"WebSite\",\"@id\":\"https:\/\/www.sonoraenequipo.com.mx\/#website\",\"url\":\"https:\/\/www.sonoraenequipo.com.mx\/\",\"name\":\"Sonora en Equipo.\",\"description\":\"Diario en l\u00ednea con Noticias desde Hermosillo, Sonora\",\"publisher\":{\"@id\":\"https:\/\/www.sonoraenequipo.com.mx\/#organization\"},\"potentialAction\":[{\"@type\":\"SearchAction\",\"target\":{\"@type\":\"EntryPoint\",\"urlTemplate\":\"https:\/\/www.sonoraenequipo.com.mx\/?s={search_term_string}\"},\"query-input\":{\"@type\":\"PropertyValueSpecification\",\"valueRequired\":true,\"valueName\":\"search_term_string\"}}],\"inLanguage\":\"es\"},{\"@type\":\"Organization\",\"@id\":\"https:\/\/www.sonoraenequipo.com.mx\/#organization\",\"name\":\"Sonoraenequipo.com.mx\",\"url\":\"https:\/\/www.sonoraenequipo.com.mx\/\",\"logo\":{\"@type\":\"ImageObject\",\"inLanguage\":\"es\",\"@id\":\"https:\/\/www.sonoraenequipo.com.mx\/#\/schema\/logo\/image\/\",\"url\":\"https:\/\/www.sonoraenequipo.com.mx\/storage\/2019\/01\/sonoraenequipo_opt.png\",\"contentUrl\":\"https:\/\/www.sonoraenequipo.com.mx\/storage\/2019\/01\/sonoraenequipo_opt.png\",\"width\":375,\"height\":125,\"caption\":\"Sonoraenequipo.com.mx\"},\"image\":{\"@id\":\"https:\/\/www.sonoraenequipo.com.mx\/#\/schema\/logo\/image\/\"},\"sameAs\":[\"https:\/\/www.facebook.com\/SonoraEE\/\",\"https:\/\/x.com\/sonoraenequipo\",\"https:\/\/www.youtube.com\/channel\/UC338nW-lPEYmJQs4ZABQ1SQ\"]},{\"@type\":\"Person\",\"@id\":\"https:\/\/www.sonoraenequipo.com.mx\/#\/schema\/person\/50102df0fb23a8fa9e8effad8fa81386\",\"name\":\"enequipo\",\"image\":{\"@type\":\"ImageObject\",\"inLanguage\":\"es\",\"@id\":\"https:\/\/www.sonoraenequipo.com.mx\/#\/schema\/person\/image\/\",\"url\":\"https:\/\/secure.gravatar.com\/avatar\/049821681b589dabc0bc20695993ccebb09f5b5d4d790cd9251b97faac7c652b?s=96&d=blank&r=g\",\"contentUrl\":\"https:\/\/secure.gravatar.com\/avatar\/049821681b589dabc0bc20695993ccebb09f5b5d4d790cd9251b97faac7c652b?s=96&d=blank&r=g\",\"caption\":\"enequipo\"},\"sameAs\":[\"https:\/\/www.facebook.com\/SonoraEE\"]}]}<\/script>\n ","yoast_head_json":{"title":"Sonora en Equipo. Desmotando la conspiraci\u00f3n: los datos que demuestran que el hombre lleg\u00f3 a la Luna \u00a0un 20 de julio de 1969 Ciencia y Tecnolog\u00eda","description":"La incredulidad y el escepticismo mal entendido ganan terreno d\u00eda a d\u00eda, pero la ciencia tiene la respuesta a todos esos argumentos que buscan respaldar En Sonora en Equipo publicamos toda la informaci\u00f3n de Sonora, M\u00e9xico y el Mundo de manera oportuna y busca que la libertad de expresi\u00f3n sea real. Visita nuestro medio informativo publicado desde Hermosillo, Sonora. %","robots":{"index":"index","follow":"follow","max-snippet":"max-snippet:-1","max-image-preview":"max-image-preview:large","max-video-preview":"max-video-preview:-1"},"canonical":"https:\/\/www.sonoraenequipo.com.mx\/desmotando-la-conspiracion-los-datos-que-demuestran-que-el-hombre-llego-a-la-luna-un-20-de-julio-de-1969\/","og_locale":"es_ES","og_type":"article","og_title":"Sonora en Equipo. Desmotando la conspiraci\u00f3n: los datos que demuestran que el hombre lleg\u00f3 a la Luna \u00a0un 20 de julio de 1969 Ciencia y Tecnolog\u00eda","og_description":"La incredulidad y el escepticismo mal entendido ganan terreno d\u00eda a d\u00eda, pero la ciencia tiene la respuesta a todos esos argumentos que buscan respaldar En Sonora en Equipo publicamos toda la informaci\u00f3n de Sonora, M\u00e9xico y el Mundo de manera oportuna y busca que la libertad de expresi\u00f3n sea real. Visita nuestro medio informativo publicado desde Hermosillo, Sonora. %","og_url":"https:\/\/www.sonoraenequipo.com.mx\/desmotando-la-conspiracion-los-datos-que-demuestran-que-el-hombre-llego-a-la-luna-un-20-de-julio-de-1969\/","og_site_name":"Sonora en Equipo.","article_publisher":"https:\/\/www.facebook.com\/SonoraEE\/","article_author":"https:\/\/www.facebook.com\/SonoraEE","article_published_time":"2024-07-20T20:51:47+00:00","og_image":[{"width":600,"height":337,"url":"https:\/\/www.sonoraenequipo.com.mx\/storage\/2024\/07\/luna.jpg","type":"image\/jpeg"}],"author":"enequipo","twitter_card":"summary_large_image","twitter_creator":"@sonoraenequipo","twitter_site":"@sonoraenequipo","twitter_misc":{"Escrito por":"enequipo","Tiempo de lectura":"1 minuto"},"schema":{"@context":"https:\/\/schema.org","@graph":[{"@type":"Article","@id":"https:\/\/www.sonoraenequipo.com.mx\/desmotando-la-conspiracion-los-datos-que-demuestran-que-el-hombre-llego-a-la-luna-un-20-de-julio-de-1969\/#article","isPartOf":{"@id":"https:\/\/www.sonoraenequipo.com.mx\/desmotando-la-conspiracion-los-datos-que-demuestran-que-el-hombre-llego-a-la-luna-un-20-de-julio-de-1969\/"},"author":{"name":"enequipo","@id":"https:\/\/www.sonoraenequipo.com.mx\/#\/schema\/person\/50102df0fb23a8fa9e8effad8fa81386"},"headline":"Desmotando la conspiraci\u00f3n: los datos que demuestran que el hombre lleg\u00f3 a la Luna \u00a0un 20 de julio de 1969","datePublished":"2024-07-20T20:51:47+00:00","mainEntityOfPage":{"@id":"https:\/\/www.sonoraenequipo.com.mx\/desmotando-la-conspiracion-los-datos-que-demuestran-que-el-hombre-llego-a-la-luna-un-20-de-julio-de-1969\/"},"wordCount":200,"commentCount":0,"publisher":{"@id":"https:\/\/www.sonoraenequipo.com.mx\/#organization"},"image":{"@id":"https:\/\/www.sonoraenequipo.com.mx\/desmotando-la-conspiracion-los-datos-que-demuestran-que-el-hombre-llego-a-la-luna-un-20-de-julio-de-1969\/#primaryimage"},"thumbnailUrl":"https:\/\/www.sonoraenequipo.com.mx\/storage\/2024\/07\/luna.jpg","keywords":["llegada","luna"],"articleSection":["Ciencia y Tecnolog\u00eda"],"inLanguage":"es","potentialAction":[{"@type":"CommentAction","name":"Comment","target":["https:\/\/www.sonoraenequipo.com.mx\/desmotando-la-conspiracion-los-datos-que-demuestran-que-el-hombre-llego-a-la-luna-un-20-de-julio-de-1969\/#respond"]}]},{"@type":"WebPage","@id":"https:\/\/www.sonoraenequipo.com.mx\/desmotando-la-conspiracion-los-datos-que-demuestran-que-el-hombre-llego-a-la-luna-un-20-de-julio-de-1969\/","url":"https:\/\/www.sonoraenequipo.com.mx\/desmotando-la-conspiracion-los-datos-que-demuestran-que-el-hombre-llego-a-la-luna-un-20-de-julio-de-1969\/","name":"Sonora en Equipo. Desmotando la conspiraci\u00f3n: los datos que demuestran que el hombre lleg\u00f3 a la Luna \u00a0un 20 de julio de 1969 Ciencia y Tecnolog\u00eda","isPartOf":{"@id":"https:\/\/www.sonoraenequipo.com.mx\/#website"},"primaryImageOfPage":{"@id":"https:\/\/www.sonoraenequipo.com.mx\/desmotando-la-conspiracion-los-datos-que-demuestran-que-el-hombre-llego-a-la-luna-un-20-de-julio-de-1969\/#primaryimage"},"image":{"@id":"https:\/\/www.sonoraenequipo.com.mx\/desmotando-la-conspiracion-los-datos-que-demuestran-que-el-hombre-llego-a-la-luna-un-20-de-julio-de-1969\/#primaryimage"},"thumbnailUrl":"https:\/\/www.sonoraenequipo.com.mx\/storage\/2024\/07\/luna.jpg","datePublished":"2024-07-20T20:51:47+00:00","description":"La incredulidad y el escepticismo mal entendido ganan terreno d\u00eda a d\u00eda, pero la ciencia tiene la respuesta a todos esos argumentos que buscan respaldar En Sonora en Equipo publicamos toda la informaci\u00f3n de Sonora, M\u00e9xico y el Mundo de manera oportuna y busca que la libertad de expresi\u00f3n sea real. Visita nuestro medio informativo publicado desde Hermosillo, Sonora. %","breadcrumb":{"@id":"https:\/\/www.sonoraenequipo.com.mx\/desmotando-la-conspiracion-los-datos-que-demuestran-que-el-hombre-llego-a-la-luna-un-20-de-julio-de-1969\/#breadcrumb"},"inLanguage":"es","potentialAction":[{"@type":"ReadAction","target":["https:\/\/www.sonoraenequipo.com.mx\/desmotando-la-conspiracion-los-datos-que-demuestran-que-el-hombre-llego-a-la-luna-un-20-de-julio-de-1969\/"]}]},{"@type":"ImageObject","inLanguage":"es","@id":"https:\/\/www.sonoraenequipo.com.mx\/desmotando-la-conspiracion-los-datos-que-demuestran-que-el-hombre-llego-a-la-luna-un-20-de-julio-de-1969\/#primaryimage","url":"https:\/\/www.sonoraenequipo.com.mx\/storage\/2024\/07\/luna.jpg","contentUrl":"https:\/\/www.sonoraenequipo.com.mx\/storage\/2024\/07\/luna.jpg","width":600,"height":337},{"@type":"BreadcrumbList","@id":"https:\/\/www.sonoraenequipo.com.mx\/desmotando-la-conspiracion-los-datos-que-demuestran-que-el-hombre-llego-a-la-luna-un-20-de-julio-de-1969\/#breadcrumb","itemListElement":[{"@type":"ListItem","position":1,"name":"Portada","item":"https:\/\/www.sonoraenequipo.com.mx\/"},{"@type":"ListItem","position":2,"name":"Desmotando la conspiraci\u00f3n: los datos que demuestran que el hombre lleg\u00f3 a la Luna \u00a0un 20 de julio de 1969"}]},{"@type":"WebSite","@id":"https:\/\/www.sonoraenequipo.com.mx\/#website","url":"https:\/\/www.sonoraenequipo.com.mx\/","name":"Sonora en Equipo.","description":"Diario en l\u00ednea con Noticias desde Hermosillo, Sonora","publisher":{"@id":"https:\/\/www.sonoraenequipo.com.mx\/#organization"},"potentialAction":[{"@type":"SearchAction","target":{"@type":"EntryPoint","urlTemplate":"https:\/\/www.sonoraenequipo.com.mx\/?s={search_term_string}"},"query-input":{"@type":"PropertyValueSpecification","valueRequired":true,"valueName":"search_term_string"}}],"inLanguage":"es"},{"@type":"Organization","@id":"https:\/\/www.sonoraenequipo.com.mx\/#organization","name":"Sonoraenequipo.com.mx","url":"https:\/\/www.sonoraenequipo.com.mx\/","logo":{"@type":"ImageObject","inLanguage":"es","@id":"https:\/\/www.sonoraenequipo.com.mx\/#\/schema\/logo\/image\/","url":"https:\/\/www.sonoraenequipo.com.mx\/storage\/2019\/01\/sonoraenequipo_opt.png","contentUrl":"https:\/\/www.sonoraenequipo.com.mx\/storage\/2019\/01\/sonoraenequipo_opt.png","width":375,"height":125,"caption":"Sonoraenequipo.com.mx"},"image":{"@id":"https:\/\/www.sonoraenequipo.com.mx\/#\/schema\/logo\/image\/"},"sameAs":["https:\/\/www.facebook.com\/SonoraEE\/","https:\/\/x.com\/sonoraenequipo","https:\/\/www.youtube.com\/channel\/UC338nW-lPEYmJQs4ZABQ1SQ"]},{"@type":"Person","@id":"https:\/\/www.sonoraenequipo.com.mx\/#\/schema\/person\/50102df0fb23a8fa9e8effad8fa81386","name":"enequipo","image":{"@type":"ImageObject","inLanguage":"es","@id":"https:\/\/www.sonoraenequipo.com.mx\/#\/schema\/person\/image\/","url":"https:\/\/secure.gravatar.com\/avatar\/049821681b589dabc0bc20695993ccebb09f5b5d4d790cd9251b97faac7c652b?s=96&d=blank&r=g","contentUrl":"https:\/\/secure.gravatar.com\/avatar\/049821681b589dabc0bc20695993ccebb09f5b5d4d790cd9251b97faac7c652b?s=96&d=blank&r=g","caption":"enequipo"},"sameAs":["https:\/\/www.facebook.com\/SonoraEE"]}]}},"jetpack_featured_media_url":"https:\/\/www.sonoraenequipo.com.mx\/storage\/2024\/07\/luna.jpg","_links":{"self":[{"href":"https:\/\/www.sonoraenequipo.com.mx\/api\/wp\/v2\/posts\/194994","targetHints":{"allow":["GET"]}}],"collection":[{"href":"https:\/\/www.sonoraenequipo.com.mx\/api\/wp\/v2\/posts"}],"about":[{"href":"https:\/\/www.sonoraenequipo.com.mx\/api\/wp\/v2\/types\/post"}],"author":[{"embeddable":true,"href":"https:\/\/www.sonoraenequipo.com.mx\/api\/wp\/v2\/users\/1"}],"replies":[{"embeddable":true,"href":"https:\/\/www.sonoraenequipo.com.mx\/api\/wp\/v2\/comments?post=194994"}],"version-history":[{"count":1,"href":"https:\/\/www.sonoraenequipo.com.mx\/api\/wp\/v2\/posts\/194994\/revisions"}],"predecessor-version":[{"id":194997,"href":"https:\/\/www.sonoraenequipo.com.mx\/api\/wp\/v2\/posts\/194994\/revisions\/194997"}],"wp:featuredmedia":[{"embeddable":true,"href":"https:\/\/www.sonoraenequipo.com.mx\/api\/wp\/v2\/media\/194996"}],"wp:attachment":[{"href":"https:\/\/www.sonoraenequipo.com.mx\/api\/wp\/v2\/media?parent=194994"}],"wp:term":[{"taxonomy":"category","embeddable":true,"href":"https:\/\/www.sonoraenequipo.com.mx\/api\/wp\/v2\/categories?post=194994"},{"taxonomy":"post_tag","embeddable":true,"href":"https:\/\/www.sonoraenequipo.com.mx\/api\/wp\/v2\/tags?post=194994"}],"curies":[{"name":"wp","href":"https:\/\/api.w.org\/{rel}","templated":true}]}}