{"id":194998,"date":"2024-07-20T13:54:53","date_gmt":"2024-07-20T20:54:53","guid":{"rendered":"https:\/\/www.sonoraenequipo.com.mx\/?p=194998"},"modified":"2024-07-20T13:54:53","modified_gmt":"2024-07-20T20:54:53","slug":"continuara-ayuntamiento-de-hermosillo-como-enlace-de-hermosillenses-que-trabajaron-legalmente-en-eu","status":"publish","type":"post","link":"https:\/\/www.sonoraenequipo.com.mx\/continuara-ayuntamiento-de-hermosillo-como-enlace-de-hermosillenses-que-trabajaron-legalmente-en-eu\/","title":{"rendered":"Continuar\u00e1 Ayuntamiento de Hermosillo como enlace de hermosillenses que trabajaron legalmente en EU"},"content":{"rendered":"<p><strong>HERMOSILLO, SONORA, MX.<\/strong> \u2014 Con \u00e9xito se llev\u00f3 a cabo la primera jornada informativa por parte del personal del Consulado de Ciudad Ju\u00e1rez con los ciudadanos de Hermosillo que trabajaron de manera legal en Estados Unidos, inform\u00f3 Florencio D\u00edaz Armenta.<\/p>\n<p>&nbsp;<\/p>\n<p>Acudieron 97 hermosillenses al llamado de la Secretar\u00eda del Ayuntamiento, sin embargo, solo 71 podr\u00e1n acceder a la pensi\u00f3n que ofrece el Gobierno de Estados Unidos y deber\u00e1n mantenerse en contacto con las autoridades del Consulado Americano con sede en Ciudad Ju\u00e1rez, Chihuahua, para continuar con los tr\u00e1mites correspondientes.<\/p>\n<p>&nbsp;<\/p>\n<p>Ante la buena respuesta por parte de los ciudadanos, de manera permanente la oficina de Asuntos de Gobierno del Ayuntamiento de Hermosillo se mantendr\u00e1 como enlace entre los interesados y las autoridades consulares para quienes deseen informes sobre este tema.<\/p>\n<p>&nbsp;<\/p>\n<p>\u201cNuestra oficina de Servicios de Gobierno sigue a disposici\u00f3n de la gente que tenga necesidad de informaci\u00f3n y ver si califica para los mismos beneficios, si por alguna raz\u00f3n no pudo acudir el mi\u00e9rcoles pasado o porque apenas se est\u00e1n enterando nos podr\u00e1n visitar en calle Nicol\u00e1s Bravo 48 entre Doctor Hoeffer y Doctor Paliza en horario de 8 de la ma\u00f1ana a 3 de la tarde de lunes a viernes\u201d detall\u00f3.<\/p>\n<p>&nbsp;<\/p>\n<p>Los requisitos son: contar con el n\u00famero de seguro social proporcionado por el patr\u00f3n, haber trabajado 10 a\u00f1os o m\u00e1s en cualquier parte de Estados Unidos y no haber sido bracero y el tr\u00e1mite puede realizarlo el exempleado o un familiar directo.<\/p>\n<p><strong>Fecha de publicaci\u00f3n s\u00e1bado 20 de julio de 2024<\/strong><\/p>\n<p>&nbsp;<\/p>\n","protected":false},"excerpt":{"rendered":"<p>HERMOSILLO, SONORA, MX. \u2014 Con \u00e9xito se llev\u00f3 a cabo la primera jornada informativa por&#8230;<\/p>\n","protected":false},"author":1,"featured_media":194999,"comment_status":"open","ping_status":"open","sticky":false,"template":"","format":"standard","meta":{"_monsterinsights_skip_tracking":false,"_monsterinsights_sitenote_active":false,"_monsterinsights_sitenote_note":"","_monsterinsights_sitenote_category":0,"footnotes":""},"categories":[4],"tags":[10011],"class_list":["post"],"yoast_head":" \n<title>Sonora en Equipo. Continuar\u00e1 Ayuntamiento de Hermosillo como enlace de hermosillenses que trabajaron legalmente en EU Municipios<\/title>\n<meta name=\"description\" content=\"HERMOSILLO, SONORA, MX. \u2014 Con \u00e9xito se llev\u00f3 a cabo la primera jornada informativa por parte del personal del Consulado de Ciudad Ju\u00e1rez con los En Sonora en Equipo publicamos toda la informaci\u00f3n de Sonora, M\u00e9xico y el Mundo de manera oportuna y busca que la libertad de expresi\u00f3n sea real. Visita nuestro medio informativo publicado desde Hermosillo, Sonora. %\" \/>\n<meta name=\"robots\" content=\"index, follow, max-snippet:-1, max-image-preview:large, max-video-preview:-1\" \/>\n<link rel=\"canonical\" href=\"https:\/\/www.sonoraenequipo.com.mx\/continuara-ayuntamiento-de-hermosillo-como-enlace-de-hermosillenses-que-trabajaron-legalmente-en-eu\/\" \/>\n<meta property=\"og:locale\" content=\"es_ES\" \/>\n<meta property=\"og:type\" content=\"article\" \/>\n<meta property=\"og:title\" content=\"Sonora en Equipo. Continuar\u00e1 Ayuntamiento de Hermosillo como enlace de hermosillenses que trabajaron legalmente en EU Municipios\" \/>\n<meta property=\"og:description\" content=\"HERMOSILLO, SONORA, MX. \u2014 Con \u00e9xito se llev\u00f3 a cabo la primera jornada informativa por parte del personal del Consulado de Ciudad Ju\u00e1rez con los En Sonora en Equipo publicamos toda la informaci\u00f3n de Sonora, M\u00e9xico y el Mundo de manera oportuna y busca que la libertad de expresi\u00f3n sea real. Visita nuestro medio informativo publicado desde Hermosillo, Sonora. %\" \/>\n<meta property=\"og:url\" content=\"https:\/\/www.sonoraenequipo.com.mx\/continuara-ayuntamiento-de-hermosillo-como-enlace-de-hermosillenses-que-trabajaron-legalmente-en-eu\/\" \/>\n<meta property=\"og:site_name\" content=\"Sonora en Equipo.\" \/>\n<meta property=\"article:publisher\" content=\"https:\/\/www.facebook.com\/SonoraEE\/\" \/>\n<meta property=\"article:author\" content=\"https:\/\/www.facebook.com\/SonoraEE\" \/>\n<meta property=\"article:published_time\" content=\"2024-07-20T20:54:53+00:00\" \/>\n<meta property=\"og:image\" content=\"https:\/\/www.sonoraenequipo.com.mx\/storage\/2024\/07\/chito-diaz.jpg\" \/>\n\t<meta property=\"og:image:width\" content=\"600\" \/>\n\t<meta property=\"og:image:height\" content=\"428\" \/>\n\t<meta property=\"og:image:type\" content=\"image\/jpeg\" \/>\n<meta name=\"author\" content=\"enequipo\" \/>\n<meta name=\"twitter:card\" content=\"summary_large_image\" \/>\n<meta name=\"twitter:creator\" content=\"@sonoraenequipo\" \/>\n<meta name=\"twitter:site\" content=\"@sonoraenequipo\" \/>\n<meta name=\"twitter:label1\" content=\"Escrito por\" \/>\n\t<meta name=\"twitter:data1\" content=\"enequipo\" \/>\n\t<meta name=\"twitter:label2\" content=\"Tiempo de lectura\" \/>\n\t<meta name=\"twitter:data2\" content=\"1 minuto\" \/>\n<script type=\"application\/ld+json\" class=\"yoast-schema-graph\">{\"@context\":\"https:\/\/schema.org\",\"@graph\":[{\"@type\":\"Article\",\"@id\":\"https:\/\/www.sonoraenequipo.com.mx\/continuara-ayuntamiento-de-hermosillo-como-enlace-de-hermosillenses-que-trabajaron-legalmente-en-eu\/#article\",\"isPartOf\":{\"@id\":\"https:\/\/www.sonoraenequipo.com.mx\/continuara-ayuntamiento-de-hermosillo-como-enlace-de-hermosillenses-que-trabajaron-legalmente-en-eu\/\"},\"author\":{\"name\":\"enequipo\",\"@id\":\"https:\/\/www.sonoraenequipo.com.mx\/#\/schema\/person\/50102df0fb23a8fa9e8effad8fa81386\"},\"headline\":\"Continuar\u00e1 Ayuntamiento de Hermosillo como enlace de hermosillenses que trabajaron legalmente en EU\",\"datePublished\":\"2024-07-20T20:54:53+00:00\",\"mainEntityOfPage\":{\"@id\":\"https:\/\/www.sonoraenequipo.com.mx\/continuara-ayuntamiento-de-hermosillo-como-enlace-de-hermosillenses-que-trabajaron-legalmente-en-eu\/\"},\"wordCount\":284,\"commentCount\":0,\"publisher\":{\"@id\":\"https:\/\/www.sonoraenequipo.com.mx\/#organization\"},\"image\":{\"@id\":\"https:\/\/www.sonoraenequipo.com.mx\/continuara-ayuntamiento-de-hermosillo-como-enlace-de-hermosillenses-que-trabajaron-legalmente-en-eu\/#primaryimage\"},\"thumbnailUrl\":\"https:\/\/www.sonoraenequipo.com.mx\/storage\/2024\/07\/chito-diaz.jpg\",\"keywords\":[\"chito diaz\"],\"articleSection\":[\"Municipios\"],\"inLanguage\":\"es\",\"potentialAction\":[{\"@type\":\"CommentAction\",\"name\":\"Comment\",\"target\":[\"https:\/\/www.sonoraenequipo.com.mx\/continuara-ayuntamiento-de-hermosillo-como-enlace-de-hermosillenses-que-trabajaron-legalmente-en-eu\/#respond\"]}]},{\"@type\":\"WebPage\",\"@id\":\"https:\/\/www.sonoraenequipo.com.mx\/continuara-ayuntamiento-de-hermosillo-como-enlace-de-hermosillenses-que-trabajaron-legalmente-en-eu\/\",\"url\":\"https:\/\/www.sonoraenequipo.com.mx\/continuara-ayuntamiento-de-hermosillo-como-enlace-de-hermosillenses-que-trabajaron-legalmente-en-eu\/\",\"name\":\"Sonora en Equipo. Continuar\u00e1 Ayuntamiento de Hermosillo como enlace de hermosillenses que trabajaron legalmente en EU Municipios\",\"isPartOf\":{\"@id\":\"https:\/\/www.sonoraenequipo.com.mx\/#website\"},\"primaryImageOfPage\":{\"@id\":\"https:\/\/www.sonoraenequipo.com.mx\/continuara-ayuntamiento-de-hermosillo-como-enlace-de-hermosillenses-que-trabajaron-legalmente-en-eu\/#primaryimage\"},\"image\":{\"@id\":\"https:\/\/www.sonoraenequipo.com.mx\/continuara-ayuntamiento-de-hermosillo-como-enlace-de-hermosillenses-que-trabajaron-legalmente-en-eu\/#primaryimage\"},\"thumbnailUrl\":\"https:\/\/www.sonoraenequipo.com.mx\/storage\/2024\/07\/chito-diaz.jpg\",\"datePublished\":\"2024-07-20T20:54:53+00:00\",\"description\":\"HERMOSILLO, SONORA, MX. \u2014 Con \u00e9xito se llev\u00f3 a cabo la primera jornada informativa por parte del personal del Consulado de Ciudad Ju\u00e1rez con los En Sonora en Equipo publicamos toda la informaci\u00f3n de Sonora, M\u00e9xico y el Mundo de manera oportuna y busca que la libertad de expresi\u00f3n sea real. Visita nuestro medio informativo publicado desde Hermosillo, Sonora. %\",\"breadcrumb\":{\"@id\":\"https:\/\/www.sonoraenequipo.com.mx\/continuara-ayuntamiento-de-hermosillo-como-enlace-de-hermosillenses-que-trabajaron-legalmente-en-eu\/#breadcrumb\"},\"inLanguage\":\"es\",\"potentialAction\":[{\"@type\":\"ReadAction\",\"target\":[\"https:\/\/www.sonoraenequipo.com.mx\/continuara-ayuntamiento-de-hermosillo-como-enlace-de-hermosillenses-que-trabajaron-legalmente-en-eu\/\"]}]},{\"@type\":\"ImageObject\",\"inLanguage\":\"es\",\"@id\":\"https:\/\/www.sonoraenequipo.com.mx\/continuara-ayuntamiento-de-hermosillo-como-enlace-de-hermosillenses-que-trabajaron-legalmente-en-eu\/#primaryimage\",\"url\":\"https:\/\/www.sonoraenequipo.com.mx\/storage\/2024\/07\/chito-diaz.jpg\",\"contentUrl\":\"https:\/\/www.sonoraenequipo.com.mx\/storage\/2024\/07\/chito-diaz.jpg\",\"width\":600,\"height\":428},{\"@type\":\"BreadcrumbList\",\"@id\":\"https:\/\/www.sonoraenequipo.com.mx\/continuara-ayuntamiento-de-hermosillo-como-enlace-de-hermosillenses-que-trabajaron-legalmente-en-eu\/#breadcrumb\",\"itemListElement\":[{\"@type\":\"ListItem\",\"position\":1,\"name\":\"Portada\",\"item\":\"https:\/\/www.sonoraenequipo.com.mx\/\"},{\"@type\":\"ListItem\",\"position\":2,\"name\":\"Continuar\u00e1 Ayuntamiento de Hermosillo como enlace de hermosillenses que trabajaron legalmente en EU\"}]},{\"@type\":\"WebSite\",\"@id\":\"https:\/\/www.sonoraenequipo.com.mx\/#website\",\"url\":\"https:\/\/www.sonoraenequipo.com.mx\/\",\"name\":\"Sonora en Equipo.\",\"description\":\"Diario en l\u00ednea con Noticias desde Hermosillo, Sonora\",\"publisher\":{\"@id\":\"https:\/\/www.sonoraenequipo.com.mx\/#organization\"},\"potentialAction\":[{\"@type\":\"SearchAction\",\"target\":{\"@type\":\"EntryPoint\",\"urlTemplate\":\"https:\/\/www.sonoraenequipo.com.mx\/?s={search_term_string}\"},\"query-input\":{\"@type\":\"PropertyValueSpecification\",\"valueRequired\":true,\"valueName\":\"search_term_string\"}}],\"inLanguage\":\"es\"},{\"@type\":\"Organization\",\"@id\":\"https:\/\/www.sonoraenequipo.com.mx\/#organization\",\"name\":\"Sonoraenequipo.com.mx\",\"url\":\"https:\/\/www.sonoraenequipo.com.mx\/\",\"logo\":{\"@type\":\"ImageObject\",\"inLanguage\":\"es\",\"@id\":\"https:\/\/www.sonoraenequipo.com.mx\/#\/schema\/logo\/image\/\",\"url\":\"https:\/\/www.sonoraenequipo.com.mx\/storage\/2019\/01\/sonoraenequipo_opt.png\",\"contentUrl\":\"https:\/\/www.sonoraenequipo.com.mx\/storage\/2019\/01\/sonoraenequipo_opt.png\",\"width\":375,\"height\":125,\"caption\":\"Sonoraenequipo.com.mx\"},\"image\":{\"@id\":\"https:\/\/www.sonoraenequipo.com.mx\/#\/schema\/logo\/image\/\"},\"sameAs\":[\"https:\/\/www.facebook.com\/SonoraEE\/\",\"https:\/\/x.com\/sonoraenequipo\",\"https:\/\/www.youtube.com\/channel\/UC338nW-lPEYmJQs4ZABQ1SQ\"]},{\"@type\":\"Person\",\"@id\":\"https:\/\/www.sonoraenequipo.com.mx\/#\/schema\/person\/50102df0fb23a8fa9e8effad8fa81386\",\"name\":\"enequipo\",\"image\":{\"@type\":\"ImageObject\",\"inLanguage\":\"es\",\"@id\":\"https:\/\/www.sonoraenequipo.com.mx\/#\/schema\/person\/image\/\",\"url\":\"https:\/\/secure.gravatar.com\/avatar\/049821681b589dabc0bc20695993ccebb09f5b5d4d790cd9251b97faac7c652b?s=96&d=blank&r=g\",\"contentUrl\":\"https:\/\/secure.gravatar.com\/avatar\/049821681b589dabc0bc20695993ccebb09f5b5d4d790cd9251b97faac7c652b?s=96&d=blank&r=g\",\"caption\":\"enequipo\"},\"sameAs\":[\"https:\/\/www.facebook.com\/SonoraEE\"]}]}<\/script>\n ","yoast_head_json":{"title":"Sonora en Equipo. Continuar\u00e1 Ayuntamiento de Hermosillo como enlace de hermosillenses que trabajaron legalmente en EU Municipios","description":"HERMOSILLO, SONORA, MX. \u2014 Con \u00e9xito se llev\u00f3 a cabo la primera jornada informativa por parte del personal del Consulado de Ciudad Ju\u00e1rez con los En Sonora en Equipo publicamos toda la informaci\u00f3n de Sonora, M\u00e9xico y el Mundo de manera oportuna y busca que la libertad de expresi\u00f3n sea real. Visita nuestro medio informativo publicado desde Hermosillo, Sonora. %","robots":{"index":"index","follow":"follow","max-snippet":"max-snippet:-1","max-image-preview":"max-image-preview:large","max-video-preview":"max-video-preview:-1"},"canonical":"https:\/\/www.sonoraenequipo.com.mx\/continuara-ayuntamiento-de-hermosillo-como-enlace-de-hermosillenses-que-trabajaron-legalmente-en-eu\/","og_locale":"es_ES","og_type":"article","og_title":"Sonora en Equipo. Continuar\u00e1 Ayuntamiento de Hermosillo como enlace de hermosillenses que trabajaron legalmente en EU Municipios","og_description":"HERMOSILLO, SONORA, MX. \u2014 Con \u00e9xito se llev\u00f3 a cabo la primera jornada informativa por parte del personal del Consulado de Ciudad Ju\u00e1rez con los En Sonora en Equipo publicamos toda la informaci\u00f3n de Sonora, M\u00e9xico y el Mundo de manera oportuna y busca que la libertad de expresi\u00f3n sea real. Visita nuestro medio informativo publicado desde Hermosillo, Sonora. %","og_url":"https:\/\/www.sonoraenequipo.com.mx\/continuara-ayuntamiento-de-hermosillo-como-enlace-de-hermosillenses-que-trabajaron-legalmente-en-eu\/","og_site_name":"Sonora en Equipo.","article_publisher":"https:\/\/www.facebook.com\/SonoraEE\/","article_author":"https:\/\/www.facebook.com\/SonoraEE","article_published_time":"2024-07-20T20:54:53+00:00","og_image":[{"width":600,"height":428,"url":"https:\/\/www.sonoraenequipo.com.mx\/storage\/2024\/07\/chito-diaz.jpg","type":"image\/jpeg"}],"author":"enequipo","twitter_card":"summary_large_image","twitter_creator":"@sonoraenequipo","twitter_site":"@sonoraenequipo","twitter_misc":{"Escrito por":"enequipo","Tiempo de lectura":"1 minuto"},"schema":{"@context":"https:\/\/schema.org","@graph":[{"@type":"Article","@id":"https:\/\/www.sonoraenequipo.com.mx\/continuara-ayuntamiento-de-hermosillo-como-enlace-de-hermosillenses-que-trabajaron-legalmente-en-eu\/#article","isPartOf":{"@id":"https:\/\/www.sonoraenequipo.com.mx\/continuara-ayuntamiento-de-hermosillo-como-enlace-de-hermosillenses-que-trabajaron-legalmente-en-eu\/"},"author":{"name":"enequipo","@id":"https:\/\/www.sonoraenequipo.com.mx\/#\/schema\/person\/50102df0fb23a8fa9e8effad8fa81386"},"headline":"Continuar\u00e1 Ayuntamiento de Hermosillo como enlace de hermosillenses que trabajaron legalmente en EU","datePublished":"2024-07-20T20:54:53+00:00","mainEntityOfPage":{"@id":"https:\/\/www.sonoraenequipo.com.mx\/continuara-ayuntamiento-de-hermosillo-como-enlace-de-hermosillenses-que-trabajaron-legalmente-en-eu\/"},"wordCount":284,"commentCount":0,"publisher":{"@id":"https:\/\/www.sonoraenequipo.com.mx\/#organization"},"image":{"@id":"https:\/\/www.sonoraenequipo.com.mx\/continuara-ayuntamiento-de-hermosillo-como-enlace-de-hermosillenses-que-trabajaron-legalmente-en-eu\/#primaryimage"},"thumbnailUrl":"https:\/\/www.sonoraenequipo.com.mx\/storage\/2024\/07\/chito-diaz.jpg","keywords":["chito diaz"],"articleSection":["Municipios"],"inLanguage":"es","potentialAction":[{"@type":"CommentAction","name":"Comment","target":["https:\/\/www.sonoraenequipo.com.mx\/continuara-ayuntamiento-de-hermosillo-como-enlace-de-hermosillenses-que-trabajaron-legalmente-en-eu\/#respond"]}]},{"@type":"WebPage","@id":"https:\/\/www.sonoraenequipo.com.mx\/continuara-ayuntamiento-de-hermosillo-como-enlace-de-hermosillenses-que-trabajaron-legalmente-en-eu\/","url":"https:\/\/www.sonoraenequipo.com.mx\/continuara-ayuntamiento-de-hermosillo-como-enlace-de-hermosillenses-que-trabajaron-legalmente-en-eu\/","name":"Sonora en Equipo. Continuar\u00e1 Ayuntamiento de Hermosillo como enlace de hermosillenses que trabajaron legalmente en EU Municipios","isPartOf":{"@id":"https:\/\/www.sonoraenequipo.com.mx\/#website"},"primaryImageOfPage":{"@id":"https:\/\/www.sonoraenequipo.com.mx\/continuara-ayuntamiento-de-hermosillo-como-enlace-de-hermosillenses-que-trabajaron-legalmente-en-eu\/#primaryimage"},"image":{"@id":"https:\/\/www.sonoraenequipo.com.mx\/continuara-ayuntamiento-de-hermosillo-como-enlace-de-hermosillenses-que-trabajaron-legalmente-en-eu\/#primaryimage"},"thumbnailUrl":"https:\/\/www.sonoraenequipo.com.mx\/storage\/2024\/07\/chito-diaz.jpg","datePublished":"2024-07-20T20:54:53+00:00","description":"HERMOSILLO, SONORA, MX. \u2014 Con \u00e9xito se llev\u00f3 a cabo la primera jornada informativa por parte del personal del Consulado de Ciudad Ju\u00e1rez con los En Sonora en Equipo publicamos toda la informaci\u00f3n de Sonora, M\u00e9xico y el Mundo de manera oportuna y busca que la libertad de expresi\u00f3n sea real. Visita nuestro medio informativo publicado desde Hermosillo, Sonora. %","breadcrumb":{"@id":"https:\/\/www.sonoraenequipo.com.mx\/continuara-ayuntamiento-de-hermosillo-como-enlace-de-hermosillenses-que-trabajaron-legalmente-en-eu\/#breadcrumb"},"inLanguage":"es","potentialAction":[{"@type":"ReadAction","target":["https:\/\/www.sonoraenequipo.com.mx\/continuara-ayuntamiento-de-hermosillo-como-enlace-de-hermosillenses-que-trabajaron-legalmente-en-eu\/"]}]},{"@type":"ImageObject","inLanguage":"es","@id":"https:\/\/www.sonoraenequipo.com.mx\/continuara-ayuntamiento-de-hermosillo-como-enlace-de-hermosillenses-que-trabajaron-legalmente-en-eu\/#primaryimage","url":"https:\/\/www.sonoraenequipo.com.mx\/storage\/2024\/07\/chito-diaz.jpg","contentUrl":"https:\/\/www.sonoraenequipo.com.mx\/storage\/2024\/07\/chito-diaz.jpg","width":600,"height":428},{"@type":"BreadcrumbList","@id":"https:\/\/www.sonoraenequipo.com.mx\/continuara-ayuntamiento-de-hermosillo-como-enlace-de-hermosillenses-que-trabajaron-legalmente-en-eu\/#breadcrumb","itemListElement":[{"@type":"ListItem","position":1,"name":"Portada","item":"https:\/\/www.sonoraenequipo.com.mx\/"},{"@type":"ListItem","position":2,"name":"Continuar\u00e1 Ayuntamiento de Hermosillo como enlace de hermosillenses que trabajaron legalmente en EU"}]},{"@type":"WebSite","@id":"https:\/\/www.sonoraenequipo.com.mx\/#website","url":"https:\/\/www.sonoraenequipo.com.mx\/","name":"Sonora en Equipo.","description":"Diario en l\u00ednea con Noticias desde Hermosillo, Sonora","publisher":{"@id":"https:\/\/www.sonoraenequipo.com.mx\/#organization"},"potentialAction":[{"@type":"SearchAction","target":{"@type":"EntryPoint","urlTemplate":"https:\/\/www.sonoraenequipo.com.mx\/?s={search_term_string}"},"query-input":{"@type":"PropertyValueSpecification","valueRequired":true,"valueName":"search_term_string"}}],"inLanguage":"es"},{"@type":"Organization","@id":"https:\/\/www.sonoraenequipo.com.mx\/#organization","name":"Sonoraenequipo.com.mx","url":"https:\/\/www.sonoraenequipo.com.mx\/","logo":{"@type":"ImageObject","inLanguage":"es","@id":"https:\/\/www.sonoraenequipo.com.mx\/#\/schema\/logo\/image\/","url":"https:\/\/www.sonoraenequipo.com.mx\/storage\/2019\/01\/sonoraenequipo_opt.png","contentUrl":"https:\/\/www.sonoraenequipo.com.mx\/storage\/2019\/01\/sonoraenequipo_opt.png","width":375,"height":125,"caption":"Sonoraenequipo.com.mx"},"image":{"@id":"https:\/\/www.sonoraenequipo.com.mx\/#\/schema\/logo\/image\/"},"sameAs":["https:\/\/www.facebook.com\/SonoraEE\/","https:\/\/x.com\/sonoraenequipo","https:\/\/www.youtube.com\/channel\/UC338nW-lPEYmJQs4ZABQ1SQ"]},{"@type":"Person","@id":"https:\/\/www.sonoraenequipo.com.mx\/#\/schema\/person\/50102df0fb23a8fa9e8effad8fa81386","name":"enequipo","image":{"@type":"ImageObject","inLanguage":"es","@id":"https:\/\/www.sonoraenequipo.com.mx\/#\/schema\/person\/image\/","url":"https:\/\/secure.gravatar.com\/avatar\/049821681b589dabc0bc20695993ccebb09f5b5d4d790cd9251b97faac7c652b?s=96&d=blank&r=g","contentUrl":"https:\/\/secure.gravatar.com\/avatar\/049821681b589dabc0bc20695993ccebb09f5b5d4d790cd9251b97faac7c652b?s=96&d=blank&r=g","caption":"enequipo"},"sameAs":["https:\/\/www.facebook.com\/SonoraEE"]}]}},"jetpack_featured_media_url":"https:\/\/www.sonoraenequipo.com.mx\/storage\/2024\/07\/chito-diaz.jpg","_links":{"self":[{"href":"https:\/\/www.sonoraenequipo.com.mx\/api\/wp\/v2\/posts\/194998","targetHints":{"allow":["GET"]}}],"collection":[{"href":"https:\/\/www.sonoraenequipo.com.mx\/api\/wp\/v2\/posts"}],"about":[{"href":"https:\/\/www.sonoraenequipo.com.mx\/api\/wp\/v2\/types\/post"}],"author":[{"embeddable":true,"href":"https:\/\/www.sonoraenequipo.com.mx\/api\/wp\/v2\/users\/1"}],"replies":[{"embeddable":true,"href":"https:\/\/www.sonoraenequipo.com.mx\/api\/wp\/v2\/comments?post=194998"}],"version-history":[{"count":1,"href":"https:\/\/www.sonoraenequipo.com.mx\/api\/wp\/v2\/posts\/194998\/revisions"}],"predecessor-version":[{"id":195000,"href":"https:\/\/www.sonoraenequipo.com.mx\/api\/wp\/v2\/posts\/194998\/revisions\/195000"}],"wp:featuredmedia":[{"embeddable":true,"href":"https:\/\/www.sonoraenequipo.com.mx\/api\/wp\/v2\/media\/194999"}],"wp:attachment":[{"href":"https:\/\/www.sonoraenequipo.com.mx\/api\/wp\/v2\/media?parent=194998"}],"wp:term":[{"taxonomy":"category","embeddable":true,"href":"https:\/\/www.sonoraenequipo.com.mx\/api\/wp\/v2\/categories?post=194998"},{"taxonomy":"post_tag","embeddable":true,"href":"https:\/\/www.sonoraenequipo.com.mx\/api\/wp\/v2\/tags?post=194998"}],"curies":[{"name":"wp","href":"https:\/\/api.w.org\/{rel}","templated":true}]}}