{"id":195017,"date":"2024-07-20T11:12:14","date_gmt":"2024-07-20T18:12:14","guid":{"rendered":"https:\/\/www.sonoraenequipo.com.mx\/?p=195017"},"modified":"2024-07-20T14:54:41","modified_gmt":"2024-07-20T21:54:41","slug":"tepjf-revisa-borrador-del-proyecto-para-calificar-eleccion-presidencial","status":"publish","type":"post","link":"https:\/\/www.sonoraenequipo.com.mx\/tepjf-revisa-borrador-del-proyecto-para-calificar-eleccion-presidencial\/","title":{"rendered":"TEPJF revisa borrador del proyecto para calificar elecci\u00f3n presidencial"},"content":{"rendered":"<p><strong>CIUDAD DE M\u00c9XICO. MX. \u2014<\/strong> El Tribunal Electoral del Poder Judicial de la Federaci\u00f3n (TEPJF) se encuentra en pleno proceso de revisi\u00f3n del proyecto para calificar la elecci\u00f3n presidencial, seg\u00fan inform\u00f3 en un comunicado.<\/p>\n<p>&nbsp;<\/p>\n<p> <\/p>\n<p>Los magistrados Felipe de la Mata y Felipe Fuentes, integrantes de la Sala Superior y de la Comisi\u00f3n Especial encargada de sustanciar las impugnaciones relacionadas con la elecci\u00f3n presidencial, recibieron un primer borrador del proyecto esta semana.<\/p>\n<p>&nbsp;<\/p>\n<p>&nbsp;<\/p>\n<p>En una reuni\u00f3n de trabajo, los magistrados recibieron el documento de manos del secretario general de Acuerdos, Ernesto Santana Bracamontes, y del secretariado de estudio y cuenta que colabora con el \u00f3rgano electoral.<\/p>\n<p>Seg\u00fan el TEPJF, este primer borrador es un avance de lo que ser\u00e1 el proyecto de resoluci\u00f3n de los juicios presentados en contra de la nulidad de la elecci\u00f3n presidencial. La entrega se realiz\u00f3 en el marco de la cuarta reuni\u00f3n de trabajo de la Comisi\u00f3n Especial.<\/p>\n<p>&nbsp;<\/p>\n<p>&nbsp;<\/p>\n<p>El plan de trabajo trazado por la Comisi\u00f3n establece que el proyecto de resoluci\u00f3n definitivo ser\u00e1 dado a conocer el pr\u00f3ximo 24 de julio, por lo que los magistrados tendr\u00e1n tiempo suficiente para revisar y analizar detalladamente el documento antes de emitir su fallo final.<\/p>\n<p>&nbsp;<\/p>\n<p>&nbsp;<\/p>\n<p>Esta revisi\u00f3n del proyecto para calificar la elecci\u00f3n presidencial es un paso crucial en el proceso electoral, ya que de la decisi\u00f3n de los magistrados depender\u00e1 la legalidad y legitimidad del resultado obtenido en las urnas.<\/p>\n<p>&nbsp;<\/p>\n<p>&nbsp;<\/p>\n<p>&nbsp;<\/p>\n<p>PUBLICADO EL 20 DE JULIO DE 2024 Con informaci\u00f3n de Medios nacionales)<\/p>\n","protected":false},"excerpt":{"rendered":"<p>CIUDAD DE M\u00c9XICO. MX. \u2014 El Tribunal Electoral del Poder Judicial de la Federaci\u00f3n (TEPJF)&#8230;<\/p>\n","protected":false},"author":1,"featured_media":195018,"comment_status":"open","ping_status":"open","sticky":false,"template":"","format":"standard","meta":{"_monsterinsights_skip_tracking":false,"_monsterinsights_sitenote_active":false,"_monsterinsights_sitenote_note":"","_monsterinsights_sitenote_category":0,"footnotes":""},"categories":[5],"tags":[],"class_list":["post"],"yoast_head":" \n<title>Sonora en Equipo. TEPJF revisa borrador del proyecto para calificar elecci\u00f3n presidencial Rep\u00fablica<\/title>\n<meta name=\"description\" content=\"CIUDAD DE M\u00c9XICO. MX. \u2014 El Tribunal Electoral del Poder Judicial de la Federaci\u00f3n (TEPJF) se encuentra en pleno proceso de revisi\u00f3n del proyecto para En Sonora en Equipo publicamos toda la informaci\u00f3n de Sonora, M\u00e9xico y el Mundo de manera oportuna y busca que la libertad de expresi\u00f3n sea real. Visita nuestro medio informativo publicado desde Hermosillo, Sonora. %\" \/>\n<meta name=\"robots\" content=\"index, follow, max-snippet:-1, max-image-preview:large, max-video-preview:-1\" \/>\n<link rel=\"canonical\" href=\"https:\/\/www.sonoraenequipo.com.mx\/tepjf-revisa-borrador-del-proyecto-para-calificar-eleccion-presidencial\/\" \/>\n<meta property=\"og:locale\" content=\"es_ES\" \/>\n<meta property=\"og:type\" content=\"article\" \/>\n<meta property=\"og:title\" content=\"Sonora en Equipo. TEPJF revisa borrador del proyecto para calificar elecci\u00f3n presidencial Rep\u00fablica\" \/>\n<meta property=\"og:description\" content=\"CIUDAD DE M\u00c9XICO. MX. \u2014 El Tribunal Electoral del Poder Judicial de la Federaci\u00f3n (TEPJF) se encuentra en pleno proceso de revisi\u00f3n del proyecto para En Sonora en Equipo publicamos toda la informaci\u00f3n de Sonora, M\u00e9xico y el Mundo de manera oportuna y busca que la libertad de expresi\u00f3n sea real. Visita nuestro medio informativo publicado desde Hermosillo, Sonora. %\" \/>\n<meta property=\"og:url\" content=\"https:\/\/www.sonoraenequipo.com.mx\/tepjf-revisa-borrador-del-proyecto-para-calificar-eleccion-presidencial\/\" \/>\n<meta property=\"og:site_name\" content=\"Sonora en Equipo.\" \/>\n<meta property=\"article:publisher\" content=\"https:\/\/www.facebook.com\/SonoraEE\/\" \/>\n<meta property=\"article:author\" content=\"https:\/\/www.facebook.com\/SonoraEE\" \/>\n<meta property=\"article:published_time\" content=\"2024-07-20T18:12:14+00:00\" \/>\n<meta property=\"article:modified_time\" content=\"2024-07-20T21:54:41+00:00\" \/>\n<meta property=\"og:image\" content=\"https:\/\/www.sonoraenequipo.com.mx\/storage\/2024\/07\/tepjf-calificara-eleccion-presidencial-min-4.jpg\" \/>\n\t<meta property=\"og:image:width\" content=\"900\" \/>\n\t<meta property=\"og:image:height\" content=\"549\" \/>\n\t<meta property=\"og:image:type\" content=\"image\/jpeg\" \/>\n<meta name=\"author\" content=\"enequipo\" \/>\n<meta name=\"twitter:card\" content=\"summary_large_image\" \/>\n<meta name=\"twitter:creator\" content=\"@sonoraenequipo\" \/>\n<meta name=\"twitter:site\" content=\"@sonoraenequipo\" \/>\n<meta name=\"twitter:label1\" content=\"Escrito por\" \/>\n\t<meta name=\"twitter:data1\" content=\"enequipo\" \/>\n\t<meta name=\"twitter:label2\" content=\"Tiempo de lectura\" \/>\n\t<meta name=\"twitter:data2\" content=\"1 minuto\" \/>\n<script type=\"application\/ld+json\" class=\"yoast-schema-graph\">{\"@context\":\"https:\/\/schema.org\",\"@graph\":[{\"@type\":\"Article\",\"@id\":\"https:\/\/www.sonoraenequipo.com.mx\/tepjf-revisa-borrador-del-proyecto-para-calificar-eleccion-presidencial\/#article\",\"isPartOf\":{\"@id\":\"https:\/\/www.sonoraenequipo.com.mx\/tepjf-revisa-borrador-del-proyecto-para-calificar-eleccion-presidencial\/\"},\"author\":{\"name\":\"enequipo\",\"@id\":\"https:\/\/www.sonoraenequipo.com.mx\/#\/schema\/person\/50102df0fb23a8fa9e8effad8fa81386\"},\"headline\":\"TEPJF revisa borrador del proyecto para calificar elecci\u00f3n presidencial\",\"datePublished\":\"2024-07-20T18:12:14+00:00\",\"dateModified\":\"2024-07-20T21:54:41+00:00\",\"mainEntityOfPage\":{\"@id\":\"https:\/\/www.sonoraenequipo.com.mx\/tepjf-revisa-borrador-del-proyecto-para-calificar-eleccion-presidencial\/\"},\"wordCount\":281,\"commentCount\":0,\"publisher\":{\"@id\":\"https:\/\/www.sonoraenequipo.com.mx\/#organization\"},\"image\":{\"@id\":\"https:\/\/www.sonoraenequipo.com.mx\/tepjf-revisa-borrador-del-proyecto-para-calificar-eleccion-presidencial\/#primaryimage\"},\"thumbnailUrl\":\"https:\/\/www.sonoraenequipo.com.mx\/storage\/2024\/07\/tepjf-calificara-eleccion-presidencial-min-4.jpg\",\"articleSection\":[\"Rep\u00fablica\"],\"inLanguage\":\"es\",\"potentialAction\":[{\"@type\":\"CommentAction\",\"name\":\"Comment\",\"target\":[\"https:\/\/www.sonoraenequipo.com.mx\/tepjf-revisa-borrador-del-proyecto-para-calificar-eleccion-presidencial\/#respond\"]}]},{\"@type\":\"WebPage\",\"@id\":\"https:\/\/www.sonoraenequipo.com.mx\/tepjf-revisa-borrador-del-proyecto-para-calificar-eleccion-presidencial\/\",\"url\":\"https:\/\/www.sonoraenequipo.com.mx\/tepjf-revisa-borrador-del-proyecto-para-calificar-eleccion-presidencial\/\",\"name\":\"Sonora en Equipo. TEPJF revisa borrador del proyecto para calificar elecci\u00f3n presidencial Rep\u00fablica\",\"isPartOf\":{\"@id\":\"https:\/\/www.sonoraenequipo.com.mx\/#website\"},\"primaryImageOfPage\":{\"@id\":\"https:\/\/www.sonoraenequipo.com.mx\/tepjf-revisa-borrador-del-proyecto-para-calificar-eleccion-presidencial\/#primaryimage\"},\"image\":{\"@id\":\"https:\/\/www.sonoraenequipo.com.mx\/tepjf-revisa-borrador-del-proyecto-para-calificar-eleccion-presidencial\/#primaryimage\"},\"thumbnailUrl\":\"https:\/\/www.sonoraenequipo.com.mx\/storage\/2024\/07\/tepjf-calificara-eleccion-presidencial-min-4.jpg\",\"datePublished\":\"2024-07-20T18:12:14+00:00\",\"dateModified\":\"2024-07-20T21:54:41+00:00\",\"description\":\"CIUDAD DE M\u00c9XICO. MX. \u2014 El Tribunal Electoral del Poder Judicial de la Federaci\u00f3n (TEPJF) se encuentra en pleno proceso de revisi\u00f3n del proyecto para En Sonora en Equipo publicamos toda la informaci\u00f3n de Sonora, M\u00e9xico y el Mundo de manera oportuna y busca que la libertad de expresi\u00f3n sea real. Visita nuestro medio informativo publicado desde Hermosillo, Sonora. %\",\"breadcrumb\":{\"@id\":\"https:\/\/www.sonoraenequipo.com.mx\/tepjf-revisa-borrador-del-proyecto-para-calificar-eleccion-presidencial\/#breadcrumb\"},\"inLanguage\":\"es\",\"potentialAction\":[{\"@type\":\"ReadAction\",\"target\":[\"https:\/\/www.sonoraenequipo.com.mx\/tepjf-revisa-borrador-del-proyecto-para-calificar-eleccion-presidencial\/\"]}]},{\"@type\":\"ImageObject\",\"inLanguage\":\"es\",\"@id\":\"https:\/\/www.sonoraenequipo.com.mx\/tepjf-revisa-borrador-del-proyecto-para-calificar-eleccion-presidencial\/#primaryimage\",\"url\":\"https:\/\/www.sonoraenequipo.com.mx\/storage\/2024\/07\/tepjf-calificara-eleccion-presidencial-min-4.jpg\",\"contentUrl\":\"https:\/\/www.sonoraenequipo.com.mx\/storage\/2024\/07\/tepjf-calificara-eleccion-presidencial-min-4.jpg\",\"width\":900,\"height\":549},{\"@type\":\"BreadcrumbList\",\"@id\":\"https:\/\/www.sonoraenequipo.com.mx\/tepjf-revisa-borrador-del-proyecto-para-calificar-eleccion-presidencial\/#breadcrumb\",\"itemListElement\":[{\"@type\":\"ListItem\",\"position\":1,\"name\":\"Portada\",\"item\":\"https:\/\/www.sonoraenequipo.com.mx\/\"},{\"@type\":\"ListItem\",\"position\":2,\"name\":\"TEPJF revisa borrador del proyecto para calificar elecci\u00f3n presidencial\"}]},{\"@type\":\"WebSite\",\"@id\":\"https:\/\/www.sonoraenequipo.com.mx\/#website\",\"url\":\"https:\/\/www.sonoraenequipo.com.mx\/\",\"name\":\"Sonora en Equipo.\",\"description\":\"Diario en l\u00ednea con Noticias desde Hermosillo, Sonora\",\"publisher\":{\"@id\":\"https:\/\/www.sonoraenequipo.com.mx\/#organization\"},\"potentialAction\":[{\"@type\":\"SearchAction\",\"target\":{\"@type\":\"EntryPoint\",\"urlTemplate\":\"https:\/\/www.sonoraenequipo.com.mx\/?s={search_term_string}\"},\"query-input\":{\"@type\":\"PropertyValueSpecification\",\"valueRequired\":true,\"valueName\":\"search_term_string\"}}],\"inLanguage\":\"es\"},{\"@type\":\"Organization\",\"@id\":\"https:\/\/www.sonoraenequipo.com.mx\/#organization\",\"name\":\"Sonoraenequipo.com.mx\",\"url\":\"https:\/\/www.sonoraenequipo.com.mx\/\",\"logo\":{\"@type\":\"ImageObject\",\"inLanguage\":\"es\",\"@id\":\"https:\/\/www.sonoraenequipo.com.mx\/#\/schema\/logo\/image\/\",\"url\":\"https:\/\/www.sonoraenequipo.com.mx\/storage\/2019\/01\/sonoraenequipo_opt.png\",\"contentUrl\":\"https:\/\/www.sonoraenequipo.com.mx\/storage\/2019\/01\/sonoraenequipo_opt.png\",\"width\":375,\"height\":125,\"caption\":\"Sonoraenequipo.com.mx\"},\"image\":{\"@id\":\"https:\/\/www.sonoraenequipo.com.mx\/#\/schema\/logo\/image\/\"},\"sameAs\":[\"https:\/\/www.facebook.com\/SonoraEE\/\",\"https:\/\/x.com\/sonoraenequipo\",\"https:\/\/www.youtube.com\/channel\/UC338nW-lPEYmJQs4ZABQ1SQ\"]},{\"@type\":\"Person\",\"@id\":\"https:\/\/www.sonoraenequipo.com.mx\/#\/schema\/person\/50102df0fb23a8fa9e8effad8fa81386\",\"name\":\"enequipo\",\"image\":{\"@type\":\"ImageObject\",\"inLanguage\":\"es\",\"@id\":\"https:\/\/www.sonoraenequipo.com.mx\/#\/schema\/person\/image\/\",\"url\":\"https:\/\/secure.gravatar.com\/avatar\/049821681b589dabc0bc20695993ccebb09f5b5d4d790cd9251b97faac7c652b?s=96&d=blank&r=g\",\"contentUrl\":\"https:\/\/secure.gravatar.com\/avatar\/049821681b589dabc0bc20695993ccebb09f5b5d4d790cd9251b97faac7c652b?s=96&d=blank&r=g\",\"caption\":\"enequipo\"},\"sameAs\":[\"https:\/\/www.facebook.com\/SonoraEE\"]}]}<\/script>\n ","yoast_head_json":{"title":"Sonora en Equipo. TEPJF revisa borrador del proyecto para calificar elecci\u00f3n presidencial Rep\u00fablica","description":"CIUDAD DE M\u00c9XICO. MX. \u2014 El Tribunal Electoral del Poder Judicial de la Federaci\u00f3n (TEPJF) se encuentra en pleno proceso de revisi\u00f3n del proyecto para En Sonora en Equipo publicamos toda la informaci\u00f3n de Sonora, M\u00e9xico y el Mundo de manera oportuna y busca que la libertad de expresi\u00f3n sea real. Visita nuestro medio informativo publicado desde Hermosillo, Sonora. %","robots":{"index":"index","follow":"follow","max-snippet":"max-snippet:-1","max-image-preview":"max-image-preview:large","max-video-preview":"max-video-preview:-1"},"canonical":"https:\/\/www.sonoraenequipo.com.mx\/tepjf-revisa-borrador-del-proyecto-para-calificar-eleccion-presidencial\/","og_locale":"es_ES","og_type":"article","og_title":"Sonora en Equipo. TEPJF revisa borrador del proyecto para calificar elecci\u00f3n presidencial Rep\u00fablica","og_description":"CIUDAD DE M\u00c9XICO. MX. \u2014 El Tribunal Electoral del Poder Judicial de la Federaci\u00f3n (TEPJF) se encuentra en pleno proceso de revisi\u00f3n del proyecto para En Sonora en Equipo publicamos toda la informaci\u00f3n de Sonora, M\u00e9xico y el Mundo de manera oportuna y busca que la libertad de expresi\u00f3n sea real. Visita nuestro medio informativo publicado desde Hermosillo, Sonora. %","og_url":"https:\/\/www.sonoraenequipo.com.mx\/tepjf-revisa-borrador-del-proyecto-para-calificar-eleccion-presidencial\/","og_site_name":"Sonora en Equipo.","article_publisher":"https:\/\/www.facebook.com\/SonoraEE\/","article_author":"https:\/\/www.facebook.com\/SonoraEE","article_published_time":"2024-07-20T18:12:14+00:00","article_modified_time":"2024-07-20T21:54:41+00:00","og_image":[{"width":900,"height":549,"url":"https:\/\/www.sonoraenequipo.com.mx\/storage\/2024\/07\/tepjf-calificara-eleccion-presidencial-min-4.jpg","type":"image\/jpeg"}],"author":"enequipo","twitter_card":"summary_large_image","twitter_creator":"@sonoraenequipo","twitter_site":"@sonoraenequipo","twitter_misc":{"Escrito por":"enequipo","Tiempo de lectura":"1 minuto"},"schema":{"@context":"https:\/\/schema.org","@graph":[{"@type":"Article","@id":"https:\/\/www.sonoraenequipo.com.mx\/tepjf-revisa-borrador-del-proyecto-para-calificar-eleccion-presidencial\/#article","isPartOf":{"@id":"https:\/\/www.sonoraenequipo.com.mx\/tepjf-revisa-borrador-del-proyecto-para-calificar-eleccion-presidencial\/"},"author":{"name":"enequipo","@id":"https:\/\/www.sonoraenequipo.com.mx\/#\/schema\/person\/50102df0fb23a8fa9e8effad8fa81386"},"headline":"TEPJF revisa borrador del proyecto para calificar elecci\u00f3n presidencial","datePublished":"2024-07-20T18:12:14+00:00","dateModified":"2024-07-20T21:54:41+00:00","mainEntityOfPage":{"@id":"https:\/\/www.sonoraenequipo.com.mx\/tepjf-revisa-borrador-del-proyecto-para-calificar-eleccion-presidencial\/"},"wordCount":281,"commentCount":0,"publisher":{"@id":"https:\/\/www.sonoraenequipo.com.mx\/#organization"},"image":{"@id":"https:\/\/www.sonoraenequipo.com.mx\/tepjf-revisa-borrador-del-proyecto-para-calificar-eleccion-presidencial\/#primaryimage"},"thumbnailUrl":"https:\/\/www.sonoraenequipo.com.mx\/storage\/2024\/07\/tepjf-calificara-eleccion-presidencial-min-4.jpg","articleSection":["Rep\u00fablica"],"inLanguage":"es","potentialAction":[{"@type":"CommentAction","name":"Comment","target":["https:\/\/www.sonoraenequipo.com.mx\/tepjf-revisa-borrador-del-proyecto-para-calificar-eleccion-presidencial\/#respond"]}]},{"@type":"WebPage","@id":"https:\/\/www.sonoraenequipo.com.mx\/tepjf-revisa-borrador-del-proyecto-para-calificar-eleccion-presidencial\/","url":"https:\/\/www.sonoraenequipo.com.mx\/tepjf-revisa-borrador-del-proyecto-para-calificar-eleccion-presidencial\/","name":"Sonora en Equipo. TEPJF revisa borrador del proyecto para calificar elecci\u00f3n presidencial Rep\u00fablica","isPartOf":{"@id":"https:\/\/www.sonoraenequipo.com.mx\/#website"},"primaryImageOfPage":{"@id":"https:\/\/www.sonoraenequipo.com.mx\/tepjf-revisa-borrador-del-proyecto-para-calificar-eleccion-presidencial\/#primaryimage"},"image":{"@id":"https:\/\/www.sonoraenequipo.com.mx\/tepjf-revisa-borrador-del-proyecto-para-calificar-eleccion-presidencial\/#primaryimage"},"thumbnailUrl":"https:\/\/www.sonoraenequipo.com.mx\/storage\/2024\/07\/tepjf-calificara-eleccion-presidencial-min-4.jpg","datePublished":"2024-07-20T18:12:14+00:00","dateModified":"2024-07-20T21:54:41+00:00","description":"CIUDAD DE M\u00c9XICO. MX. \u2014 El Tribunal Electoral del Poder Judicial de la Federaci\u00f3n (TEPJF) se encuentra en pleno proceso de revisi\u00f3n del proyecto para En Sonora en Equipo publicamos toda la informaci\u00f3n de Sonora, M\u00e9xico y el Mundo de manera oportuna y busca que la libertad de expresi\u00f3n sea real. Visita nuestro medio informativo publicado desde Hermosillo, Sonora. %","breadcrumb":{"@id":"https:\/\/www.sonoraenequipo.com.mx\/tepjf-revisa-borrador-del-proyecto-para-calificar-eleccion-presidencial\/#breadcrumb"},"inLanguage":"es","potentialAction":[{"@type":"ReadAction","target":["https:\/\/www.sonoraenequipo.com.mx\/tepjf-revisa-borrador-del-proyecto-para-calificar-eleccion-presidencial\/"]}]},{"@type":"ImageObject","inLanguage":"es","@id":"https:\/\/www.sonoraenequipo.com.mx\/tepjf-revisa-borrador-del-proyecto-para-calificar-eleccion-presidencial\/#primaryimage","url":"https:\/\/www.sonoraenequipo.com.mx\/storage\/2024\/07\/tepjf-calificara-eleccion-presidencial-min-4.jpg","contentUrl":"https:\/\/www.sonoraenequipo.com.mx\/storage\/2024\/07\/tepjf-calificara-eleccion-presidencial-min-4.jpg","width":900,"height":549},{"@type":"BreadcrumbList","@id":"https:\/\/www.sonoraenequipo.com.mx\/tepjf-revisa-borrador-del-proyecto-para-calificar-eleccion-presidencial\/#breadcrumb","itemListElement":[{"@type":"ListItem","position":1,"name":"Portada","item":"https:\/\/www.sonoraenequipo.com.mx\/"},{"@type":"ListItem","position":2,"name":"TEPJF revisa borrador del proyecto para calificar elecci\u00f3n presidencial"}]},{"@type":"WebSite","@id":"https:\/\/www.sonoraenequipo.com.mx\/#website","url":"https:\/\/www.sonoraenequipo.com.mx\/","name":"Sonora en Equipo.","description":"Diario en l\u00ednea con Noticias desde Hermosillo, Sonora","publisher":{"@id":"https:\/\/www.sonoraenequipo.com.mx\/#organization"},"potentialAction":[{"@type":"SearchAction","target":{"@type":"EntryPoint","urlTemplate":"https:\/\/www.sonoraenequipo.com.mx\/?s={search_term_string}"},"query-input":{"@type":"PropertyValueSpecification","valueRequired":true,"valueName":"search_term_string"}}],"inLanguage":"es"},{"@type":"Organization","@id":"https:\/\/www.sonoraenequipo.com.mx\/#organization","name":"Sonoraenequipo.com.mx","url":"https:\/\/www.sonoraenequipo.com.mx\/","logo":{"@type":"ImageObject","inLanguage":"es","@id":"https:\/\/www.sonoraenequipo.com.mx\/#\/schema\/logo\/image\/","url":"https:\/\/www.sonoraenequipo.com.mx\/storage\/2019\/01\/sonoraenequipo_opt.png","contentUrl":"https:\/\/www.sonoraenequipo.com.mx\/storage\/2019\/01\/sonoraenequipo_opt.png","width":375,"height":125,"caption":"Sonoraenequipo.com.mx"},"image":{"@id":"https:\/\/www.sonoraenequipo.com.mx\/#\/schema\/logo\/image\/"},"sameAs":["https:\/\/www.facebook.com\/SonoraEE\/","https:\/\/x.com\/sonoraenequipo","https:\/\/www.youtube.com\/channel\/UC338nW-lPEYmJQs4ZABQ1SQ"]},{"@type":"Person","@id":"https:\/\/www.sonoraenequipo.com.mx\/#\/schema\/person\/50102df0fb23a8fa9e8effad8fa81386","name":"enequipo","image":{"@type":"ImageObject","inLanguage":"es","@id":"https:\/\/www.sonoraenequipo.com.mx\/#\/schema\/person\/image\/","url":"https:\/\/secure.gravatar.com\/avatar\/049821681b589dabc0bc20695993ccebb09f5b5d4d790cd9251b97faac7c652b?s=96&d=blank&r=g","contentUrl":"https:\/\/secure.gravatar.com\/avatar\/049821681b589dabc0bc20695993ccebb09f5b5d4d790cd9251b97faac7c652b?s=96&d=blank&r=g","caption":"enequipo"},"sameAs":["https:\/\/www.facebook.com\/SonoraEE"]}]}},"jetpack_featured_media_url":"https:\/\/www.sonoraenequipo.com.mx\/storage\/2024\/07\/tepjf-calificara-eleccion-presidencial-min-4.jpg","_links":{"self":[{"href":"https:\/\/www.sonoraenequipo.com.mx\/api\/wp\/v2\/posts\/195017","targetHints":{"allow":["GET"]}}],"collection":[{"href":"https:\/\/www.sonoraenequipo.com.mx\/api\/wp\/v2\/posts"}],"about":[{"href":"https:\/\/www.sonoraenequipo.com.mx\/api\/wp\/v2\/types\/post"}],"author":[{"embeddable":true,"href":"https:\/\/www.sonoraenequipo.com.mx\/api\/wp\/v2\/users\/1"}],"replies":[{"embeddable":true,"href":"https:\/\/www.sonoraenequipo.com.mx\/api\/wp\/v2\/comments?post=195017"}],"version-history":[{"count":1,"href":"https:\/\/www.sonoraenequipo.com.mx\/api\/wp\/v2\/posts\/195017\/revisions"}],"predecessor-version":[{"id":195019,"href":"https:\/\/www.sonoraenequipo.com.mx\/api\/wp\/v2\/posts\/195017\/revisions\/195019"}],"wp:featuredmedia":[{"embeddable":true,"href":"https:\/\/www.sonoraenequipo.com.mx\/api\/wp\/v2\/media\/195018"}],"wp:attachment":[{"href":"https:\/\/www.sonoraenequipo.com.mx\/api\/wp\/v2\/media?parent=195017"}],"wp:term":[{"taxonomy":"category","embeddable":true,"href":"https:\/\/www.sonoraenequipo.com.mx\/api\/wp\/v2\/categories?post=195017"},{"taxonomy":"post_tag","embeddable":true,"href":"https:\/\/www.sonoraenequipo.com.mx\/api\/wp\/v2\/tags?post=195017"}],"curies":[{"name":"wp","href":"https:\/\/api.w.org\/{rel}","templated":true}]}}