{"id":195020,"date":"2024-07-19T20:55:00","date_gmt":"2024-07-20T03:55:00","guid":{"rendered":"https:\/\/www.sonoraenequipo.com.mx\/?p=195020"},"modified":"2024-07-20T17:25:49","modified_gmt":"2024-07-21T00:25:49","slug":"la-falla-de-microsoft-paralizo-a-empresas-instituciones-y-ciudadanos","status":"publish","type":"post","link":"https:\/\/www.sonoraenequipo.com.mx\/la-falla-de-microsoft-paralizo-a-empresas-instituciones-y-ciudadanos\/","title":{"rendered":"La falla de Microsoft paraliz\u00f3 a empresas, instituciones y ciudadanos"},"content":{"rendered":"<p><strong>GUADALAJARA, JALISCO. MX. \u2014<\/strong> La reciente falla de Microsoft ha generado diversas afectaciones en Jalisco, impactando tanto a instituciones p\u00fablicas como a empresas privadas y usuarios individuales. A continuaci\u00f3n, se presenta un resumen de los principales problemas registrados durante el primer d\u00eda de la interrupci\u00f3n:<\/p>\n<p> <\/p>\n<p><strong>Instituciones p\u00fablicas:<\/strong> Varias dependencias gubernamentales reportaron dificultades en el acceso a sus correos electr\u00f3nicos y plataformas de trabajo colaborativo, lo que retras\u00f3 la comunicaci\u00f3n interna y la gesti\u00f3n de tr\u00e1mites en l\u00ednea.<\/p>\n<p><strong>Empresas privadas:<\/strong> Numerosas empresas, especialmente aquellas que dependen de servicios como Office 365 y Microsoft Teams, enfrentaron interrupciones en sus operaciones diarias. Esto afect\u00f3 la coordinaci\u00f3n de equipos de trabajo y la realizaci\u00f3n de reuniones virtuales.<\/p>\n<p><strong>Usuarios individuales:<\/strong> Los usuarios particulares tambi\u00e9n se vieron perjudicados, principalmente aquellos que utilizan servicios de Microsoft para actividades educativas y laborales. La imposibilidad de acceder a documentos y herramientas de productividad gener\u00f3 inconvenientes en la realizaci\u00f3n de tareas y trabajos.<\/p>\n<p><strong>Educaci\u00f3n:<\/strong> Las instituciones educativas que dependen de Microsoft para sus plataformas de ense\u00f1anza en l\u00ednea experimentaron problemas para llevar a cabo clases virtuales, afectando a estudiantes y profesores.<\/p>\n<p><strong>Servicios en l\u00ednea:<\/strong> Algunos servicios en l\u00ednea, que requieren de autenticaci\u00f3n o integraci\u00f3n con cuentas de Microsoft, presentaron fallas en su funcionamiento, dificultando el acceso y uso de aplicaciones.<\/p>\n<p>La reciente falla ha tenido tambi\u00e9n un impacto significativo en los aeropuertos de Jalisco, ocasionando retrasos y cancelaciones de vuelos. La interrupci\u00f3n afect\u00f3 los sistemas de gesti\u00f3n y comunicaci\u00f3n, cruciales para las operaciones aeroportuarias. A continuaci\u00f3n, se presenta un resumen de los principales efectos observados en el primer d\u00eda de la falla:<\/p>\n<p><strong>Retrasos de vuelos:<\/strong> Varios vuelos nacionales e internacionales experimentaron demoras debido a problemas en la coordinaci\u00f3n y gesti\u00f3n de horarios. Las aerol\u00edneas enfrentaron dificultades para acceder a sistemas de programaci\u00f3n y asignaci\u00f3n de personal.<\/p>\n<p><strong>Cancelaciones:<\/strong> Algunos vuelos tuvieron que ser cancelados, ya que las aerol\u00edneas no pudieron cumplir con los requisitos operativos y de seguridad debido a la falta de acceso a informaci\u00f3n cr\u00edtica.<\/p>\n<p><strong>Problemas de comunicaci\u00f3n:<\/strong> Los sistemas de comunicaci\u00f3n internos entre el personal del aeropuerto y las aerol\u00edneas se vieron comprometidos, dificultando la coordinaci\u00f3n de operaciones en tierra y el manejo de pasajeros.<\/p>\n<p><strong>Atenci\u00f3n a pasajeros:<\/strong> Los mostradores de atenci\u00f3n al cliente de varias aerol\u00edneas reportaron congesti\u00f3n debido a la necesidad de reprogramar vuelos y atender consultas y reclamaciones de los pasajeros afectados.<\/p>\n<p><strong>Check-in y embarque:<\/strong> Los procesos de check-in y embarque se ralentizaron considerablemente, ya que muchos sistemas automatizados dependientes de los servicios de Microsoft no estaban disponibles.<\/p>\n<p>Las autoridades aeroportuarias y las aerol\u00edneas est\u00e1n trabajando para mitigar los efectos de esta falla, ofreciendo alternativas a los pasajeros afectados, como reprogramaciones. Se recomienda a los viajeros mantenerse informados a trav\u00e9s de los canales oficiales de las aerol\u00edneas y los aeropuertos, y llegar con anticipaci\u00f3n a sus vuelos para evitar contratiempos adicionales<\/p>\n<p>PUBLICADO EL 19 JULIO DE 2024 Con informaci\u00f3n de Agencias)<\/p>\n","protected":false},"excerpt":{"rendered":"<p>GUADALAJARA, JALISCO. MX. \u2014 La reciente falla de Microsoft ha generado diversas afectaciones en Jalisco,&#8230;<\/p>\n","protected":false},"author":1,"featured_media":195012,"comment_status":"open","ping_status":"open","sticky":false,"template":"","format":"standard","meta":{"_monsterinsights_skip_tracking":false,"_monsterinsights_sitenote_active":false,"_monsterinsights_sitenote_note":"","_monsterinsights_sitenote_category":0,"footnotes":""},"categories":[5],"tags":[],"class_list":["post"],"yoast_head":" \n<title>Sonora en Equipo. La falla de Microsoft paraliz\u00f3 a empresas, instituciones y ciudadanos Rep\u00fablica<\/title>\n<meta name=\"description\" content=\"GUADALAJARA, JALISCO. MX. \u2014 La reciente falla de Microsoft ha generado diversas afectaciones en Jalisco, impactando tanto a instituciones p\u00fablicas como a En Sonora en Equipo publicamos toda la informaci\u00f3n de Sonora, M\u00e9xico y el Mundo de manera oportuna y busca que la libertad de expresi\u00f3n sea real. Visita nuestro medio informativo publicado desde Hermosillo, Sonora. %\" \/>\n<meta name=\"robots\" content=\"index, follow, max-snippet:-1, max-image-preview:large, max-video-preview:-1\" \/>\n<link rel=\"canonical\" href=\"https:\/\/www.sonoraenequipo.com.mx\/la-falla-de-microsoft-paralizo-a-empresas-instituciones-y-ciudadanos\/\" \/>\n<meta property=\"og:locale\" content=\"es_ES\" \/>\n<meta property=\"og:type\" content=\"article\" \/>\n<meta property=\"og:title\" content=\"Sonora en Equipo. La falla de Microsoft paraliz\u00f3 a empresas, instituciones y ciudadanos Rep\u00fablica\" \/>\n<meta property=\"og:description\" content=\"GUADALAJARA, JALISCO. MX. \u2014 La reciente falla de Microsoft ha generado diversas afectaciones en Jalisco, impactando tanto a instituciones p\u00fablicas como a En Sonora en Equipo publicamos toda la informaci\u00f3n de Sonora, M\u00e9xico y el Mundo de manera oportuna y busca que la libertad de expresi\u00f3n sea real. Visita nuestro medio informativo publicado desde Hermosillo, Sonora. %\" \/>\n<meta property=\"og:url\" content=\"https:\/\/www.sonoraenequipo.com.mx\/la-falla-de-microsoft-paralizo-a-empresas-instituciones-y-ciudadanos\/\" \/>\n<meta property=\"og:site_name\" content=\"Sonora en Equipo.\" \/>\n<meta property=\"article:publisher\" content=\"https:\/\/www.facebook.com\/SonoraEE\/\" \/>\n<meta property=\"article:author\" content=\"https:\/\/www.facebook.com\/SonoraEE\" \/>\n<meta property=\"article:published_time\" content=\"2024-07-20T03:55:00+00:00\" \/>\n<meta property=\"article:modified_time\" content=\"2024-07-21T00:25:49+00:00\" \/>\n<meta property=\"og:image\" content=\"https:\/\/www.sonoraenequipo.com.mx\/storage\/2024\/07\/microsoft-afecta-al-mundo2-min-min.jpg\" \/>\n\t<meta property=\"og:image:width\" content=\"1500\" \/>\n\t<meta property=\"og:image:height\" content=\"818\" \/>\n\t<meta property=\"og:image:type\" content=\"image\/jpeg\" \/>\n<meta name=\"author\" content=\"enequipo\" \/>\n<meta name=\"twitter:card\" content=\"summary_large_image\" \/>\n<meta name=\"twitter:creator\" content=\"@sonoraenequipo\" \/>\n<meta name=\"twitter:site\" content=\"@sonoraenequipo\" \/>\n<meta name=\"twitter:label1\" content=\"Escrito por\" \/>\n\t<meta name=\"twitter:data1\" content=\"enequipo\" \/>\n\t<meta name=\"twitter:label2\" content=\"Tiempo de lectura\" \/>\n\t<meta name=\"twitter:data2\" content=\"3 minutos\" \/>\n<script type=\"application\/ld+json\" class=\"yoast-schema-graph\">{\"@context\":\"https:\/\/schema.org\",\"@graph\":[{\"@type\":\"Article\",\"@id\":\"https:\/\/www.sonoraenequipo.com.mx\/la-falla-de-microsoft-paralizo-a-empresas-instituciones-y-ciudadanos\/#article\",\"isPartOf\":{\"@id\":\"https:\/\/www.sonoraenequipo.com.mx\/la-falla-de-microsoft-paralizo-a-empresas-instituciones-y-ciudadanos\/\"},\"author\":{\"name\":\"enequipo\",\"@id\":\"https:\/\/www.sonoraenequipo.com.mx\/#\/schema\/person\/50102df0fb23a8fa9e8effad8fa81386\"},\"headline\":\"La falla de Microsoft paraliz\u00f3 a empresas, instituciones y ciudadanos\",\"datePublished\":\"2024-07-20T03:55:00+00:00\",\"dateModified\":\"2024-07-21T00:25:49+00:00\",\"mainEntityOfPage\":{\"@id\":\"https:\/\/www.sonoraenequipo.com.mx\/la-falla-de-microsoft-paralizo-a-empresas-instituciones-y-ciudadanos\/\"},\"wordCount\":531,\"commentCount\":0,\"publisher\":{\"@id\":\"https:\/\/www.sonoraenequipo.com.mx\/#organization\"},\"image\":{\"@id\":\"https:\/\/www.sonoraenequipo.com.mx\/la-falla-de-microsoft-paralizo-a-empresas-instituciones-y-ciudadanos\/#primaryimage\"},\"thumbnailUrl\":\"https:\/\/www.sonoraenequipo.com.mx\/storage\/2024\/07\/microsoft-afecta-al-mundo2-min-min.jpg\",\"articleSection\":[\"Rep\u00fablica\"],\"inLanguage\":\"es\",\"potentialAction\":[{\"@type\":\"CommentAction\",\"name\":\"Comment\",\"target\":[\"https:\/\/www.sonoraenequipo.com.mx\/la-falla-de-microsoft-paralizo-a-empresas-instituciones-y-ciudadanos\/#respond\"]}]},{\"@type\":\"WebPage\",\"@id\":\"https:\/\/www.sonoraenequipo.com.mx\/la-falla-de-microsoft-paralizo-a-empresas-instituciones-y-ciudadanos\/\",\"url\":\"https:\/\/www.sonoraenequipo.com.mx\/la-falla-de-microsoft-paralizo-a-empresas-instituciones-y-ciudadanos\/\",\"name\":\"Sonora en Equipo. La falla de Microsoft paraliz\u00f3 a empresas, instituciones y ciudadanos Rep\u00fablica\",\"isPartOf\":{\"@id\":\"https:\/\/www.sonoraenequipo.com.mx\/#website\"},\"primaryImageOfPage\":{\"@id\":\"https:\/\/www.sonoraenequipo.com.mx\/la-falla-de-microsoft-paralizo-a-empresas-instituciones-y-ciudadanos\/#primaryimage\"},\"image\":{\"@id\":\"https:\/\/www.sonoraenequipo.com.mx\/la-falla-de-microsoft-paralizo-a-empresas-instituciones-y-ciudadanos\/#primaryimage\"},\"thumbnailUrl\":\"https:\/\/www.sonoraenequipo.com.mx\/storage\/2024\/07\/microsoft-afecta-al-mundo2-min-min.jpg\",\"datePublished\":\"2024-07-20T03:55:00+00:00\",\"dateModified\":\"2024-07-21T00:25:49+00:00\",\"description\":\"GUADALAJARA, JALISCO. MX. \u2014 La reciente falla de Microsoft ha generado diversas afectaciones en Jalisco, impactando tanto a instituciones p\u00fablicas como a En Sonora en Equipo publicamos toda la informaci\u00f3n de Sonora, M\u00e9xico y el Mundo de manera oportuna y busca que la libertad de expresi\u00f3n sea real. Visita nuestro medio informativo publicado desde Hermosillo, Sonora. %\",\"breadcrumb\":{\"@id\":\"https:\/\/www.sonoraenequipo.com.mx\/la-falla-de-microsoft-paralizo-a-empresas-instituciones-y-ciudadanos\/#breadcrumb\"},\"inLanguage\":\"es\",\"potentialAction\":[{\"@type\":\"ReadAction\",\"target\":[\"https:\/\/www.sonoraenequipo.com.mx\/la-falla-de-microsoft-paralizo-a-empresas-instituciones-y-ciudadanos\/\"]}]},{\"@type\":\"ImageObject\",\"inLanguage\":\"es\",\"@id\":\"https:\/\/www.sonoraenequipo.com.mx\/la-falla-de-microsoft-paralizo-a-empresas-instituciones-y-ciudadanos\/#primaryimage\",\"url\":\"https:\/\/www.sonoraenequipo.com.mx\/storage\/2024\/07\/microsoft-afecta-al-mundo2-min-min.jpg\",\"contentUrl\":\"https:\/\/www.sonoraenequipo.com.mx\/storage\/2024\/07\/microsoft-afecta-al-mundo2-min-min.jpg\",\"width\":1500,\"height\":818},{\"@type\":\"BreadcrumbList\",\"@id\":\"https:\/\/www.sonoraenequipo.com.mx\/la-falla-de-microsoft-paralizo-a-empresas-instituciones-y-ciudadanos\/#breadcrumb\",\"itemListElement\":[{\"@type\":\"ListItem\",\"position\":1,\"name\":\"Portada\",\"item\":\"https:\/\/www.sonoraenequipo.com.mx\/\"},{\"@type\":\"ListItem\",\"position\":2,\"name\":\"La falla de Microsoft paraliz\u00f3 a empresas, instituciones y ciudadanos\"}]},{\"@type\":\"WebSite\",\"@id\":\"https:\/\/www.sonoraenequipo.com.mx\/#website\",\"url\":\"https:\/\/www.sonoraenequipo.com.mx\/\",\"name\":\"Sonora en Equipo.\",\"description\":\"Diario en l\u00ednea con Noticias desde Hermosillo, Sonora\",\"publisher\":{\"@id\":\"https:\/\/www.sonoraenequipo.com.mx\/#organization\"},\"potentialAction\":[{\"@type\":\"SearchAction\",\"target\":{\"@type\":\"EntryPoint\",\"urlTemplate\":\"https:\/\/www.sonoraenequipo.com.mx\/?s={search_term_string}\"},\"query-input\":{\"@type\":\"PropertyValueSpecification\",\"valueRequired\":true,\"valueName\":\"search_term_string\"}}],\"inLanguage\":\"es\"},{\"@type\":\"Organization\",\"@id\":\"https:\/\/www.sonoraenequipo.com.mx\/#organization\",\"name\":\"Sonoraenequipo.com.mx\",\"url\":\"https:\/\/www.sonoraenequipo.com.mx\/\",\"logo\":{\"@type\":\"ImageObject\",\"inLanguage\":\"es\",\"@id\":\"https:\/\/www.sonoraenequipo.com.mx\/#\/schema\/logo\/image\/\",\"url\":\"https:\/\/www.sonoraenequipo.com.mx\/storage\/2019\/01\/sonoraenequipo_opt.png\",\"contentUrl\":\"https:\/\/www.sonoraenequipo.com.mx\/storage\/2019\/01\/sonoraenequipo_opt.png\",\"width\":375,\"height\":125,\"caption\":\"Sonoraenequipo.com.mx\"},\"image\":{\"@id\":\"https:\/\/www.sonoraenequipo.com.mx\/#\/schema\/logo\/image\/\"},\"sameAs\":[\"https:\/\/www.facebook.com\/SonoraEE\/\",\"https:\/\/x.com\/sonoraenequipo\",\"https:\/\/www.youtube.com\/channel\/UC338nW-lPEYmJQs4ZABQ1SQ\"]},{\"@type\":\"Person\",\"@id\":\"https:\/\/www.sonoraenequipo.com.mx\/#\/schema\/person\/50102df0fb23a8fa9e8effad8fa81386\",\"name\":\"enequipo\",\"image\":{\"@type\":\"ImageObject\",\"inLanguage\":\"es\",\"@id\":\"https:\/\/www.sonoraenequipo.com.mx\/#\/schema\/person\/image\/\",\"url\":\"https:\/\/secure.gravatar.com\/avatar\/049821681b589dabc0bc20695993ccebb09f5b5d4d790cd9251b97faac7c652b?s=96&d=blank&r=g\",\"contentUrl\":\"https:\/\/secure.gravatar.com\/avatar\/049821681b589dabc0bc20695993ccebb09f5b5d4d790cd9251b97faac7c652b?s=96&d=blank&r=g\",\"caption\":\"enequipo\"},\"sameAs\":[\"https:\/\/www.facebook.com\/SonoraEE\"]}]}<\/script>\n ","yoast_head_json":{"title":"Sonora en Equipo. La falla de Microsoft paraliz\u00f3 a empresas, instituciones y ciudadanos Rep\u00fablica","description":"GUADALAJARA, JALISCO. MX. \u2014 La reciente falla de Microsoft ha generado diversas afectaciones en Jalisco, impactando tanto a instituciones p\u00fablicas como a En Sonora en Equipo publicamos toda la informaci\u00f3n de Sonora, M\u00e9xico y el Mundo de manera oportuna y busca que la libertad de expresi\u00f3n sea real. Visita nuestro medio informativo publicado desde Hermosillo, Sonora. %","robots":{"index":"index","follow":"follow","max-snippet":"max-snippet:-1","max-image-preview":"max-image-preview:large","max-video-preview":"max-video-preview:-1"},"canonical":"https:\/\/www.sonoraenequipo.com.mx\/la-falla-de-microsoft-paralizo-a-empresas-instituciones-y-ciudadanos\/","og_locale":"es_ES","og_type":"article","og_title":"Sonora en Equipo. La falla de Microsoft paraliz\u00f3 a empresas, instituciones y ciudadanos Rep\u00fablica","og_description":"GUADALAJARA, JALISCO. MX. \u2014 La reciente falla de Microsoft ha generado diversas afectaciones en Jalisco, impactando tanto a instituciones p\u00fablicas como a En Sonora en Equipo publicamos toda la informaci\u00f3n de Sonora, M\u00e9xico y el Mundo de manera oportuna y busca que la libertad de expresi\u00f3n sea real. Visita nuestro medio informativo publicado desde Hermosillo, Sonora. %","og_url":"https:\/\/www.sonoraenequipo.com.mx\/la-falla-de-microsoft-paralizo-a-empresas-instituciones-y-ciudadanos\/","og_site_name":"Sonora en Equipo.","article_publisher":"https:\/\/www.facebook.com\/SonoraEE\/","article_author":"https:\/\/www.facebook.com\/SonoraEE","article_published_time":"2024-07-20T03:55:00+00:00","article_modified_time":"2024-07-21T00:25:49+00:00","og_image":[{"width":1500,"height":818,"url":"https:\/\/www.sonoraenequipo.com.mx\/storage\/2024\/07\/microsoft-afecta-al-mundo2-min-min.jpg","type":"image\/jpeg"}],"author":"enequipo","twitter_card":"summary_large_image","twitter_creator":"@sonoraenequipo","twitter_site":"@sonoraenequipo","twitter_misc":{"Escrito por":"enequipo","Tiempo de lectura":"3 minutos"},"schema":{"@context":"https:\/\/schema.org","@graph":[{"@type":"Article","@id":"https:\/\/www.sonoraenequipo.com.mx\/la-falla-de-microsoft-paralizo-a-empresas-instituciones-y-ciudadanos\/#article","isPartOf":{"@id":"https:\/\/www.sonoraenequipo.com.mx\/la-falla-de-microsoft-paralizo-a-empresas-instituciones-y-ciudadanos\/"},"author":{"name":"enequipo","@id":"https:\/\/www.sonoraenequipo.com.mx\/#\/schema\/person\/50102df0fb23a8fa9e8effad8fa81386"},"headline":"La falla de Microsoft paraliz\u00f3 a empresas, instituciones y ciudadanos","datePublished":"2024-07-20T03:55:00+00:00","dateModified":"2024-07-21T00:25:49+00:00","mainEntityOfPage":{"@id":"https:\/\/www.sonoraenequipo.com.mx\/la-falla-de-microsoft-paralizo-a-empresas-instituciones-y-ciudadanos\/"},"wordCount":531,"commentCount":0,"publisher":{"@id":"https:\/\/www.sonoraenequipo.com.mx\/#organization"},"image":{"@id":"https:\/\/www.sonoraenequipo.com.mx\/la-falla-de-microsoft-paralizo-a-empresas-instituciones-y-ciudadanos\/#primaryimage"},"thumbnailUrl":"https:\/\/www.sonoraenequipo.com.mx\/storage\/2024\/07\/microsoft-afecta-al-mundo2-min-min.jpg","articleSection":["Rep\u00fablica"],"inLanguage":"es","potentialAction":[{"@type":"CommentAction","name":"Comment","target":["https:\/\/www.sonoraenequipo.com.mx\/la-falla-de-microsoft-paralizo-a-empresas-instituciones-y-ciudadanos\/#respond"]}]},{"@type":"WebPage","@id":"https:\/\/www.sonoraenequipo.com.mx\/la-falla-de-microsoft-paralizo-a-empresas-instituciones-y-ciudadanos\/","url":"https:\/\/www.sonoraenequipo.com.mx\/la-falla-de-microsoft-paralizo-a-empresas-instituciones-y-ciudadanos\/","name":"Sonora en Equipo. La falla de Microsoft paraliz\u00f3 a empresas, instituciones y ciudadanos Rep\u00fablica","isPartOf":{"@id":"https:\/\/www.sonoraenequipo.com.mx\/#website"},"primaryImageOfPage":{"@id":"https:\/\/www.sonoraenequipo.com.mx\/la-falla-de-microsoft-paralizo-a-empresas-instituciones-y-ciudadanos\/#primaryimage"},"image":{"@id":"https:\/\/www.sonoraenequipo.com.mx\/la-falla-de-microsoft-paralizo-a-empresas-instituciones-y-ciudadanos\/#primaryimage"},"thumbnailUrl":"https:\/\/www.sonoraenequipo.com.mx\/storage\/2024\/07\/microsoft-afecta-al-mundo2-min-min.jpg","datePublished":"2024-07-20T03:55:00+00:00","dateModified":"2024-07-21T00:25:49+00:00","description":"GUADALAJARA, JALISCO. MX. \u2014 La reciente falla de Microsoft ha generado diversas afectaciones en Jalisco, impactando tanto a instituciones p\u00fablicas como a En Sonora en Equipo publicamos toda la informaci\u00f3n de Sonora, M\u00e9xico y el Mundo de manera oportuna y busca que la libertad de expresi\u00f3n sea real. Visita nuestro medio informativo publicado desde Hermosillo, Sonora. %","breadcrumb":{"@id":"https:\/\/www.sonoraenequipo.com.mx\/la-falla-de-microsoft-paralizo-a-empresas-instituciones-y-ciudadanos\/#breadcrumb"},"inLanguage":"es","potentialAction":[{"@type":"ReadAction","target":["https:\/\/www.sonoraenequipo.com.mx\/la-falla-de-microsoft-paralizo-a-empresas-instituciones-y-ciudadanos\/"]}]},{"@type":"ImageObject","inLanguage":"es","@id":"https:\/\/www.sonoraenequipo.com.mx\/la-falla-de-microsoft-paralizo-a-empresas-instituciones-y-ciudadanos\/#primaryimage","url":"https:\/\/www.sonoraenequipo.com.mx\/storage\/2024\/07\/microsoft-afecta-al-mundo2-min-min.jpg","contentUrl":"https:\/\/www.sonoraenequipo.com.mx\/storage\/2024\/07\/microsoft-afecta-al-mundo2-min-min.jpg","width":1500,"height":818},{"@type":"BreadcrumbList","@id":"https:\/\/www.sonoraenequipo.com.mx\/la-falla-de-microsoft-paralizo-a-empresas-instituciones-y-ciudadanos\/#breadcrumb","itemListElement":[{"@type":"ListItem","position":1,"name":"Portada","item":"https:\/\/www.sonoraenequipo.com.mx\/"},{"@type":"ListItem","position":2,"name":"La falla de Microsoft paraliz\u00f3 a empresas, instituciones y ciudadanos"}]},{"@type":"WebSite","@id":"https:\/\/www.sonoraenequipo.com.mx\/#website","url":"https:\/\/www.sonoraenequipo.com.mx\/","name":"Sonora en Equipo.","description":"Diario en l\u00ednea con Noticias desde Hermosillo, Sonora","publisher":{"@id":"https:\/\/www.sonoraenequipo.com.mx\/#organization"},"potentialAction":[{"@type":"SearchAction","target":{"@type":"EntryPoint","urlTemplate":"https:\/\/www.sonoraenequipo.com.mx\/?s={search_term_string}"},"query-input":{"@type":"PropertyValueSpecification","valueRequired":true,"valueName":"search_term_string"}}],"inLanguage":"es"},{"@type":"Organization","@id":"https:\/\/www.sonoraenequipo.com.mx\/#organization","name":"Sonoraenequipo.com.mx","url":"https:\/\/www.sonoraenequipo.com.mx\/","logo":{"@type":"ImageObject","inLanguage":"es","@id":"https:\/\/www.sonoraenequipo.com.mx\/#\/schema\/logo\/image\/","url":"https:\/\/www.sonoraenequipo.com.mx\/storage\/2019\/01\/sonoraenequipo_opt.png","contentUrl":"https:\/\/www.sonoraenequipo.com.mx\/storage\/2019\/01\/sonoraenequipo_opt.png","width":375,"height":125,"caption":"Sonoraenequipo.com.mx"},"image":{"@id":"https:\/\/www.sonoraenequipo.com.mx\/#\/schema\/logo\/image\/"},"sameAs":["https:\/\/www.facebook.com\/SonoraEE\/","https:\/\/x.com\/sonoraenequipo","https:\/\/www.youtube.com\/channel\/UC338nW-lPEYmJQs4ZABQ1SQ"]},{"@type":"Person","@id":"https:\/\/www.sonoraenequipo.com.mx\/#\/schema\/person\/50102df0fb23a8fa9e8effad8fa81386","name":"enequipo","image":{"@type":"ImageObject","inLanguage":"es","@id":"https:\/\/www.sonoraenequipo.com.mx\/#\/schema\/person\/image\/","url":"https:\/\/secure.gravatar.com\/avatar\/049821681b589dabc0bc20695993ccebb09f5b5d4d790cd9251b97faac7c652b?s=96&d=blank&r=g","contentUrl":"https:\/\/secure.gravatar.com\/avatar\/049821681b589dabc0bc20695993ccebb09f5b5d4d790cd9251b97faac7c652b?s=96&d=blank&r=g","caption":"enequipo"},"sameAs":["https:\/\/www.facebook.com\/SonoraEE"]}]}},"jetpack_featured_media_url":"https:\/\/www.sonoraenequipo.com.mx\/storage\/2024\/07\/microsoft-afecta-al-mundo2-min-min.jpg","_links":{"self":[{"href":"https:\/\/www.sonoraenequipo.com.mx\/api\/wp\/v2\/posts\/195020","targetHints":{"allow":["GET"]}}],"collection":[{"href":"https:\/\/www.sonoraenequipo.com.mx\/api\/wp\/v2\/posts"}],"about":[{"href":"https:\/\/www.sonoraenequipo.com.mx\/api\/wp\/v2\/types\/post"}],"author":[{"embeddable":true,"href":"https:\/\/www.sonoraenequipo.com.mx\/api\/wp\/v2\/users\/1"}],"replies":[{"embeddable":true,"href":"https:\/\/www.sonoraenequipo.com.mx\/api\/wp\/v2\/comments?post=195020"}],"version-history":[{"count":2,"href":"https:\/\/www.sonoraenequipo.com.mx\/api\/wp\/v2\/posts\/195020\/revisions"}],"predecessor-version":[{"id":195029,"href":"https:\/\/www.sonoraenequipo.com.mx\/api\/wp\/v2\/posts\/195020\/revisions\/195029"}],"wp:featuredmedia":[{"embeddable":true,"href":"https:\/\/www.sonoraenequipo.com.mx\/api\/wp\/v2\/media\/195012"}],"wp:attachment":[{"href":"https:\/\/www.sonoraenequipo.com.mx\/api\/wp\/v2\/media?parent=195020"}],"wp:term":[{"taxonomy":"category","embeddable":true,"href":"https:\/\/www.sonoraenequipo.com.mx\/api\/wp\/v2\/categories?post=195020"},{"taxonomy":"post_tag","embeddable":true,"href":"https:\/\/www.sonoraenequipo.com.mx\/api\/wp\/v2\/tags?post=195020"}],"curies":[{"name":"wp","href":"https:\/\/api.w.org\/{rel}","templated":true}]}}