{"id":195250,"date":"2024-07-23T22:26:00","date_gmt":"2024-07-24T05:26:00","guid":{"rendered":"https:\/\/www.sonoraenequipo.com.mx\/?p=195250"},"modified":"2024-07-24T10:33:48","modified_gmt":"2024-07-24T17:33:48","slug":"salinas-pliego-no-pudo-con-el-fuerte-y-ahora-se-va-con-los-debiles-interpone-demanda-contra-periodistas-independientes","status":"publish","type":"post","link":"https:\/\/www.sonoraenequipo.com.mx\/salinas-pliego-no-pudo-con-el-fuerte-y-ahora-se-va-con-los-debiles-interpone-demanda-contra-periodistas-independientes\/","title":{"rendered":"Salinas Pliego no pudo con el fuerte y ahora se va con los d\u00e9biles. Interpone demanda contra periodistas independientes."},"content":{"rendered":"<p><strong>CIUDAD DE M\u00c9XICO.MX. \u2014<\/strong>\u00a0 El empresario mexicano Ricardo Salinas Pliego, llamado el #UsureroDelAjusco interpuso un procedimiento \u00ablegal\u00bb contra periodistas mexicanos independientes ante la Corte de California, en Estados Unidos con el claro objetivo de perseguirlos y silenciarlos.<\/p>\n<p> <\/p>\n<p>El juez Nathanael Cousins, de la corte de california en San Jos\u00e9, emiti\u00f3 ya la orden para que las plataformas revelen sus nombres, direcciones particulares, tel\u00e9fonos, cuentas bancarias y direcciones IP.<\/p>\n<p>En un hilo publicado en la red social X, el periodista Luis Guillermo Hern\u00e1ndez, qui\u00e9n est\u00e1 incluido en la denuncia afirma que, en la demanda, el due\u00f1o de Televisi\u00f3n Azteca solicita a Meta, X y Google que revelen datos personales de hasta 20 comunicadores independientes bajo el argumento de \u201cterrorismo financiero\u201d. Esta solicitud se produce tras una serie de investigaciones que han indicado que los negocios de Salinas Pliego, especialmente <strong>Banco Azteca, no son viables y podr\u00edan estar al borde de la quiebra.<\/strong><\/p>\n<p>El proceso legal alega que estos periodistas han promovido una campa\u00f1a de desprestigio contra Banco Azteca, lo que, seg\u00fan Hern\u00e1ndez, constituye un atentado contra los derechos humanos de los comunicadores involucrados, incluyendo a Manuel Pedrero, Hans Salazar, Vicente Serrano, Jorge G\u00f3mez Naredo, Poncho Guti\u00e9rrez y \u00c1lvaro Delgado, entre otros.<\/p>\n<p>El hilo de Hern\u00e1ndez tambi\u00e9n destaca que el juez Nathanael Cousins, de la Corte de California en San Jos\u00e9, ha emitido una orden para que Google, X y Meta revelen nombres, direcciones, tel\u00e9fonos, cuentas bancarias y direcciones IP de los periodistas, a petici\u00f3n de Banco Azteca.<\/p>\n<p>Hern\u00e1ndez subraya que todos los comunicadores perseguidos son independientes y ajenos a los intereses corporativos y pol\u00edticos que dominan los medios tradicionales, lo que supone un claro intento de limitar las libertades de expresi\u00f3n e informaci\u00f3n en M\u00e9xico y Estados Unidos.<\/p>\n<p><strong>El llamado #UsureroDelAjusco los acusa de \u00abpromover una campa\u00f1a de desprestigio contra Banco Azteca\u00bb que le caus\u00f3 un \u00abquebranto financiero\u00bb<\/strong><\/p>\n<p>Periodista como:<\/p>\n<p><a href=\"https:\/\/x.com\/luisghernan\"><strong>@luisghernan<\/strong><\/a><\/p>\n<p><a href=\"https:\/\/x.com\/alvaro_delgado\"><strong>@alvaro_delgado<\/strong><\/a><\/p>\n<p><a href=\"https:\/\/x.com\/_VicenteSerrano\"><strong>@_VicenteSerrano<\/strong><\/a><\/p>\n<p><a href=\"https:\/\/x.com\/jgnaredo\"><strong>@jgnaredo<\/strong><\/a><\/p>\n<p><a href=\"https:\/\/x.com\/PonchoGutz\"><strong>@PonchoGutz<\/strong><\/a><\/p>\n<p><a href=\"https:\/\/x.com\/PonchoGutzMx\"><strong>@PonchoGutzMx<\/strong><\/a><\/p>\n<p><a href=\"https:\/\/x.com\/Hans2412\"><strong>@Hans2412<\/strong><\/a><\/p>\n<p><a href=\"https:\/\/x.com\/YosoyPedrero\"><strong>@YosoyPedrero<\/strong><\/a><\/p>\n<p>Todos los perseguidos por Salinas Pliego son Periodistas Alternativos por lo que se trata sin duda, del m\u00e1s grave ataque contra la Libertad de Expresi\u00f3n e Informaci\u00f3n que ha ocurrido en M\u00e9xico y Estados Unidos desde el poder econ\u00f3mico.<\/p>\n<p>PUBLICADO EL 23 DE JULIO DE 2024 Con informaci\u00f3n de redes sociales)<\/p>\n","protected":false},"excerpt":{"rendered":"<p>CIUDAD DE M\u00c9XICO.MX. \u2014\u00a0 El empresario mexicano Ricardo Salinas Pliego, llamado el #UsureroDelAjusco interpuso un&#8230;<\/p>\n","protected":false},"author":1,"featured_media":195252,"comment_status":"open","ping_status":"open","sticky":false,"template":"","format":"standard","meta":{"_monsterinsights_skip_tracking":false,"_monsterinsights_sitenote_active":false,"_monsterinsights_sitenote_note":"","_monsterinsights_sitenote_category":0,"footnotes":""},"categories":[5],"tags":[],"class_list":["post"],"yoast_head":" \n<title>Sonora en Equipo. Salinas Pliego no pudo con el fuerte y ahora se va con los d\u00e9biles. Interpone demanda contra periodistas independientes. Rep\u00fablica<\/title>\n<meta name=\"description\" content=\"CIUDAD DE M\u00c9XICO.MX. \u2014\u00a0 El empresario mexicano Ricardo Salinas Pliego, llamado el #UsureroDelAjusco interpuso un procedimiento &quot;legal&quot; contra periodistas En Sonora en Equipo publicamos toda la informaci\u00f3n de Sonora, M\u00e9xico y el Mundo de manera oportuna y busca que la libertad de expresi\u00f3n sea real. Visita nuestro medio informativo publicado desde Hermosillo, Sonora. %\" \/>\n<meta name=\"robots\" content=\"index, follow, max-snippet:-1, max-image-preview:large, max-video-preview:-1\" \/>\n<link rel=\"canonical\" href=\"https:\/\/www.sonoraenequipo.com.mx\/salinas-pliego-no-pudo-con-el-fuerte-y-ahora-se-va-con-los-debiles-interpone-demanda-contra-periodistas-independientes\/\" \/>\n<meta property=\"og:locale\" content=\"es_ES\" \/>\n<meta property=\"og:type\" content=\"article\" \/>\n<meta property=\"og:title\" content=\"Sonora en Equipo. Salinas Pliego no pudo con el fuerte y ahora se va con los d\u00e9biles. Interpone demanda contra periodistas independientes. Rep\u00fablica\" \/>\n<meta property=\"og:description\" content=\"CIUDAD DE M\u00c9XICO.MX. \u2014\u00a0 El empresario mexicano Ricardo Salinas Pliego, llamado el #UsureroDelAjusco interpuso un procedimiento &quot;legal&quot; contra periodistas En Sonora en Equipo publicamos toda la informaci\u00f3n de Sonora, M\u00e9xico y el Mundo de manera oportuna y busca que la libertad de expresi\u00f3n sea real. Visita nuestro medio informativo publicado desde Hermosillo, Sonora. %\" \/>\n<meta property=\"og:url\" content=\"https:\/\/www.sonoraenequipo.com.mx\/salinas-pliego-no-pudo-con-el-fuerte-y-ahora-se-va-con-los-debiles-interpone-demanda-contra-periodistas-independientes\/\" \/>\n<meta property=\"og:site_name\" content=\"Sonora en Equipo.\" \/>\n<meta property=\"article:publisher\" content=\"https:\/\/www.facebook.com\/SonoraEE\/\" \/>\n<meta property=\"article:author\" content=\"https:\/\/www.facebook.com\/SonoraEE\" \/>\n<meta property=\"article:published_time\" content=\"2024-07-24T05:26:00+00:00\" \/>\n<meta property=\"article:modified_time\" content=\"2024-07-24T17:33:48+00:00\" \/>\n<meta property=\"og:image\" content=\"https:\/\/www.sonoraenequipo.com.mx\/storage\/2024\/07\/el-usurero-min.jpg\" \/>\n\t<meta property=\"og:image:width\" content=\"900\" \/>\n\t<meta property=\"og:image:height\" content=\"675\" \/>\n\t<meta property=\"og:image:type\" content=\"image\/jpeg\" \/>\n<meta name=\"author\" content=\"enequipo\" \/>\n<meta name=\"twitter:card\" content=\"summary_large_image\" \/>\n<meta name=\"twitter:creator\" content=\"@sonoraenequipo\" \/>\n<meta name=\"twitter:site\" content=\"@sonoraenequipo\" \/>\n<meta name=\"twitter:label1\" content=\"Escrito por\" \/>\n\t<meta name=\"twitter:data1\" content=\"enequipo\" \/>\n\t<meta name=\"twitter:label2\" content=\"Tiempo de lectura\" \/>\n\t<meta name=\"twitter:data2\" content=\"2 minutos\" \/>\n<script type=\"application\/ld+json\" class=\"yoast-schema-graph\">{\"@context\":\"https:\/\/schema.org\",\"@graph\":[{\"@type\":\"Article\",\"@id\":\"https:\/\/www.sonoraenequipo.com.mx\/salinas-pliego-no-pudo-con-el-fuerte-y-ahora-se-va-con-los-debiles-interpone-demanda-contra-periodistas-independientes\/#article\",\"isPartOf\":{\"@id\":\"https:\/\/www.sonoraenequipo.com.mx\/salinas-pliego-no-pudo-con-el-fuerte-y-ahora-se-va-con-los-debiles-interpone-demanda-contra-periodistas-independientes\/\"},\"author\":{\"name\":\"enequipo\",\"@id\":\"https:\/\/www.sonoraenequipo.com.mx\/#\/schema\/person\/50102df0fb23a8fa9e8effad8fa81386\"},\"headline\":\"Salinas Pliego no pudo con el fuerte y ahora se va con los d\u00e9biles. Interpone demanda contra periodistas independientes.\",\"datePublished\":\"2024-07-24T05:26:00+00:00\",\"dateModified\":\"2024-07-24T17:33:48+00:00\",\"mainEntityOfPage\":{\"@id\":\"https:\/\/www.sonoraenequipo.com.mx\/salinas-pliego-no-pudo-con-el-fuerte-y-ahora-se-va-con-los-debiles-interpone-demanda-contra-periodistas-independientes\/\"},\"wordCount\":414,\"commentCount\":0,\"publisher\":{\"@id\":\"https:\/\/www.sonoraenequipo.com.mx\/#organization\"},\"image\":{\"@id\":\"https:\/\/www.sonoraenequipo.com.mx\/salinas-pliego-no-pudo-con-el-fuerte-y-ahora-se-va-con-los-debiles-interpone-demanda-contra-periodistas-independientes\/#primaryimage\"},\"thumbnailUrl\":\"https:\/\/www.sonoraenequipo.com.mx\/storage\/2024\/07\/el-usurero-min.jpg\",\"articleSection\":[\"Rep\u00fablica\"],\"inLanguage\":\"es\",\"potentialAction\":[{\"@type\":\"CommentAction\",\"name\":\"Comment\",\"target\":[\"https:\/\/www.sonoraenequipo.com.mx\/salinas-pliego-no-pudo-con-el-fuerte-y-ahora-se-va-con-los-debiles-interpone-demanda-contra-periodistas-independientes\/#respond\"]}]},{\"@type\":\"WebPage\",\"@id\":\"https:\/\/www.sonoraenequipo.com.mx\/salinas-pliego-no-pudo-con-el-fuerte-y-ahora-se-va-con-los-debiles-interpone-demanda-contra-periodistas-independientes\/\",\"url\":\"https:\/\/www.sonoraenequipo.com.mx\/salinas-pliego-no-pudo-con-el-fuerte-y-ahora-se-va-con-los-debiles-interpone-demanda-contra-periodistas-independientes\/\",\"name\":\"Sonora en Equipo. Salinas Pliego no pudo con el fuerte y ahora se va con los d\u00e9biles. Interpone demanda contra periodistas independientes. Rep\u00fablica\",\"isPartOf\":{\"@id\":\"https:\/\/www.sonoraenequipo.com.mx\/#website\"},\"primaryImageOfPage\":{\"@id\":\"https:\/\/www.sonoraenequipo.com.mx\/salinas-pliego-no-pudo-con-el-fuerte-y-ahora-se-va-con-los-debiles-interpone-demanda-contra-periodistas-independientes\/#primaryimage\"},\"image\":{\"@id\":\"https:\/\/www.sonoraenequipo.com.mx\/salinas-pliego-no-pudo-con-el-fuerte-y-ahora-se-va-con-los-debiles-interpone-demanda-contra-periodistas-independientes\/#primaryimage\"},\"thumbnailUrl\":\"https:\/\/www.sonoraenequipo.com.mx\/storage\/2024\/07\/el-usurero-min.jpg\",\"datePublished\":\"2024-07-24T05:26:00+00:00\",\"dateModified\":\"2024-07-24T17:33:48+00:00\",\"description\":\"CIUDAD DE M\u00c9XICO.MX. \u2014\u00a0 El empresario mexicano Ricardo Salinas Pliego, llamado el #UsureroDelAjusco interpuso un procedimiento \\\"legal\\\" contra periodistas En Sonora en Equipo publicamos toda la informaci\u00f3n de Sonora, M\u00e9xico y el Mundo de manera oportuna y busca que la libertad de expresi\u00f3n sea real. Visita nuestro medio informativo publicado desde Hermosillo, Sonora. %\",\"breadcrumb\":{\"@id\":\"https:\/\/www.sonoraenequipo.com.mx\/salinas-pliego-no-pudo-con-el-fuerte-y-ahora-se-va-con-los-debiles-interpone-demanda-contra-periodistas-independientes\/#breadcrumb\"},\"inLanguage\":\"es\",\"potentialAction\":[{\"@type\":\"ReadAction\",\"target\":[\"https:\/\/www.sonoraenequipo.com.mx\/salinas-pliego-no-pudo-con-el-fuerte-y-ahora-se-va-con-los-debiles-interpone-demanda-contra-periodistas-independientes\/\"]}]},{\"@type\":\"ImageObject\",\"inLanguage\":\"es\",\"@id\":\"https:\/\/www.sonoraenequipo.com.mx\/salinas-pliego-no-pudo-con-el-fuerte-y-ahora-se-va-con-los-debiles-interpone-demanda-contra-periodistas-independientes\/#primaryimage\",\"url\":\"https:\/\/www.sonoraenequipo.com.mx\/storage\/2024\/07\/el-usurero-min.jpg\",\"contentUrl\":\"https:\/\/www.sonoraenequipo.com.mx\/storage\/2024\/07\/el-usurero-min.jpg\",\"width\":900,\"height\":675},{\"@type\":\"BreadcrumbList\",\"@id\":\"https:\/\/www.sonoraenequipo.com.mx\/salinas-pliego-no-pudo-con-el-fuerte-y-ahora-se-va-con-los-debiles-interpone-demanda-contra-periodistas-independientes\/#breadcrumb\",\"itemListElement\":[{\"@type\":\"ListItem\",\"position\":1,\"name\":\"Portada\",\"item\":\"https:\/\/www.sonoraenequipo.com.mx\/\"},{\"@type\":\"ListItem\",\"position\":2,\"name\":\"Salinas Pliego no pudo con el fuerte y ahora se va con los d\u00e9biles. Interpone demanda contra periodistas independientes.\"}]},{\"@type\":\"WebSite\",\"@id\":\"https:\/\/www.sonoraenequipo.com.mx\/#website\",\"url\":\"https:\/\/www.sonoraenequipo.com.mx\/\",\"name\":\"Sonora en Equipo.\",\"description\":\"Diario en l\u00ednea con Noticias desde Hermosillo, Sonora\",\"publisher\":{\"@id\":\"https:\/\/www.sonoraenequipo.com.mx\/#organization\"},\"potentialAction\":[{\"@type\":\"SearchAction\",\"target\":{\"@type\":\"EntryPoint\",\"urlTemplate\":\"https:\/\/www.sonoraenequipo.com.mx\/?s={search_term_string}\"},\"query-input\":{\"@type\":\"PropertyValueSpecification\",\"valueRequired\":true,\"valueName\":\"search_term_string\"}}],\"inLanguage\":\"es\"},{\"@type\":\"Organization\",\"@id\":\"https:\/\/www.sonoraenequipo.com.mx\/#organization\",\"name\":\"Sonoraenequipo.com.mx\",\"url\":\"https:\/\/www.sonoraenequipo.com.mx\/\",\"logo\":{\"@type\":\"ImageObject\",\"inLanguage\":\"es\",\"@id\":\"https:\/\/www.sonoraenequipo.com.mx\/#\/schema\/logo\/image\/\",\"url\":\"https:\/\/www.sonoraenequipo.com.mx\/storage\/2019\/01\/sonoraenequipo_opt.png\",\"contentUrl\":\"https:\/\/www.sonoraenequipo.com.mx\/storage\/2019\/01\/sonoraenequipo_opt.png\",\"width\":375,\"height\":125,\"caption\":\"Sonoraenequipo.com.mx\"},\"image\":{\"@id\":\"https:\/\/www.sonoraenequipo.com.mx\/#\/schema\/logo\/image\/\"},\"sameAs\":[\"https:\/\/www.facebook.com\/SonoraEE\/\",\"https:\/\/x.com\/sonoraenequipo\",\"https:\/\/www.youtube.com\/channel\/UC338nW-lPEYmJQs4ZABQ1SQ\"]},{\"@type\":\"Person\",\"@id\":\"https:\/\/www.sonoraenequipo.com.mx\/#\/schema\/person\/50102df0fb23a8fa9e8effad8fa81386\",\"name\":\"enequipo\",\"image\":{\"@type\":\"ImageObject\",\"inLanguage\":\"es\",\"@id\":\"https:\/\/www.sonoraenequipo.com.mx\/#\/schema\/person\/image\/\",\"url\":\"https:\/\/secure.gravatar.com\/avatar\/049821681b589dabc0bc20695993ccebb09f5b5d4d790cd9251b97faac7c652b?s=96&d=blank&r=g\",\"contentUrl\":\"https:\/\/secure.gravatar.com\/avatar\/049821681b589dabc0bc20695993ccebb09f5b5d4d790cd9251b97faac7c652b?s=96&d=blank&r=g\",\"caption\":\"enequipo\"},\"sameAs\":[\"https:\/\/www.facebook.com\/SonoraEE\"]}]}<\/script>\n ","yoast_head_json":{"title":"Sonora en Equipo. Salinas Pliego no pudo con el fuerte y ahora se va con los d\u00e9biles. Interpone demanda contra periodistas independientes. Rep\u00fablica","description":"CIUDAD DE M\u00c9XICO.MX. \u2014\u00a0 El empresario mexicano Ricardo Salinas Pliego, llamado el #UsureroDelAjusco interpuso un procedimiento \"legal\" contra periodistas En Sonora en Equipo publicamos toda la informaci\u00f3n de Sonora, M\u00e9xico y el Mundo de manera oportuna y busca que la libertad de expresi\u00f3n sea real. Visita nuestro medio informativo publicado desde Hermosillo, Sonora. %","robots":{"index":"index","follow":"follow","max-snippet":"max-snippet:-1","max-image-preview":"max-image-preview:large","max-video-preview":"max-video-preview:-1"},"canonical":"https:\/\/www.sonoraenequipo.com.mx\/salinas-pliego-no-pudo-con-el-fuerte-y-ahora-se-va-con-los-debiles-interpone-demanda-contra-periodistas-independientes\/","og_locale":"es_ES","og_type":"article","og_title":"Sonora en Equipo. Salinas Pliego no pudo con el fuerte y ahora se va con los d\u00e9biles. Interpone demanda contra periodistas independientes. Rep\u00fablica","og_description":"CIUDAD DE M\u00c9XICO.MX. \u2014\u00a0 El empresario mexicano Ricardo Salinas Pliego, llamado el #UsureroDelAjusco interpuso un procedimiento \"legal\" contra periodistas En Sonora en Equipo publicamos toda la informaci\u00f3n de Sonora, M\u00e9xico y el Mundo de manera oportuna y busca que la libertad de expresi\u00f3n sea real. Visita nuestro medio informativo publicado desde Hermosillo, Sonora. %","og_url":"https:\/\/www.sonoraenequipo.com.mx\/salinas-pliego-no-pudo-con-el-fuerte-y-ahora-se-va-con-los-debiles-interpone-demanda-contra-periodistas-independientes\/","og_site_name":"Sonora en Equipo.","article_publisher":"https:\/\/www.facebook.com\/SonoraEE\/","article_author":"https:\/\/www.facebook.com\/SonoraEE","article_published_time":"2024-07-24T05:26:00+00:00","article_modified_time":"2024-07-24T17:33:48+00:00","og_image":[{"width":900,"height":675,"url":"https:\/\/www.sonoraenequipo.com.mx\/storage\/2024\/07\/el-usurero-min.jpg","type":"image\/jpeg"}],"author":"enequipo","twitter_card":"summary_large_image","twitter_creator":"@sonoraenequipo","twitter_site":"@sonoraenequipo","twitter_misc":{"Escrito por":"enequipo","Tiempo de lectura":"2 minutos"},"schema":{"@context":"https:\/\/schema.org","@graph":[{"@type":"Article","@id":"https:\/\/www.sonoraenequipo.com.mx\/salinas-pliego-no-pudo-con-el-fuerte-y-ahora-se-va-con-los-debiles-interpone-demanda-contra-periodistas-independientes\/#article","isPartOf":{"@id":"https:\/\/www.sonoraenequipo.com.mx\/salinas-pliego-no-pudo-con-el-fuerte-y-ahora-se-va-con-los-debiles-interpone-demanda-contra-periodistas-independientes\/"},"author":{"name":"enequipo","@id":"https:\/\/www.sonoraenequipo.com.mx\/#\/schema\/person\/50102df0fb23a8fa9e8effad8fa81386"},"headline":"Salinas Pliego no pudo con el fuerte y ahora se va con los d\u00e9biles. Interpone demanda contra periodistas independientes.","datePublished":"2024-07-24T05:26:00+00:00","dateModified":"2024-07-24T17:33:48+00:00","mainEntityOfPage":{"@id":"https:\/\/www.sonoraenequipo.com.mx\/salinas-pliego-no-pudo-con-el-fuerte-y-ahora-se-va-con-los-debiles-interpone-demanda-contra-periodistas-independientes\/"},"wordCount":414,"commentCount":0,"publisher":{"@id":"https:\/\/www.sonoraenequipo.com.mx\/#organization"},"image":{"@id":"https:\/\/www.sonoraenequipo.com.mx\/salinas-pliego-no-pudo-con-el-fuerte-y-ahora-se-va-con-los-debiles-interpone-demanda-contra-periodistas-independientes\/#primaryimage"},"thumbnailUrl":"https:\/\/www.sonoraenequipo.com.mx\/storage\/2024\/07\/el-usurero-min.jpg","articleSection":["Rep\u00fablica"],"inLanguage":"es","potentialAction":[{"@type":"CommentAction","name":"Comment","target":["https:\/\/www.sonoraenequipo.com.mx\/salinas-pliego-no-pudo-con-el-fuerte-y-ahora-se-va-con-los-debiles-interpone-demanda-contra-periodistas-independientes\/#respond"]}]},{"@type":"WebPage","@id":"https:\/\/www.sonoraenequipo.com.mx\/salinas-pliego-no-pudo-con-el-fuerte-y-ahora-se-va-con-los-debiles-interpone-demanda-contra-periodistas-independientes\/","url":"https:\/\/www.sonoraenequipo.com.mx\/salinas-pliego-no-pudo-con-el-fuerte-y-ahora-se-va-con-los-debiles-interpone-demanda-contra-periodistas-independientes\/","name":"Sonora en Equipo. Salinas Pliego no pudo con el fuerte y ahora se va con los d\u00e9biles. Interpone demanda contra periodistas independientes. Rep\u00fablica","isPartOf":{"@id":"https:\/\/www.sonoraenequipo.com.mx\/#website"},"primaryImageOfPage":{"@id":"https:\/\/www.sonoraenequipo.com.mx\/salinas-pliego-no-pudo-con-el-fuerte-y-ahora-se-va-con-los-debiles-interpone-demanda-contra-periodistas-independientes\/#primaryimage"},"image":{"@id":"https:\/\/www.sonoraenequipo.com.mx\/salinas-pliego-no-pudo-con-el-fuerte-y-ahora-se-va-con-los-debiles-interpone-demanda-contra-periodistas-independientes\/#primaryimage"},"thumbnailUrl":"https:\/\/www.sonoraenequipo.com.mx\/storage\/2024\/07\/el-usurero-min.jpg","datePublished":"2024-07-24T05:26:00+00:00","dateModified":"2024-07-24T17:33:48+00:00","description":"CIUDAD DE M\u00c9XICO.MX. \u2014\u00a0 El empresario mexicano Ricardo Salinas Pliego, llamado el #UsureroDelAjusco interpuso un procedimiento \"legal\" contra periodistas En Sonora en Equipo publicamos toda la informaci\u00f3n de Sonora, M\u00e9xico y el Mundo de manera oportuna y busca que la libertad de expresi\u00f3n sea real. Visita nuestro medio informativo publicado desde Hermosillo, Sonora. %","breadcrumb":{"@id":"https:\/\/www.sonoraenequipo.com.mx\/salinas-pliego-no-pudo-con-el-fuerte-y-ahora-se-va-con-los-debiles-interpone-demanda-contra-periodistas-independientes\/#breadcrumb"},"inLanguage":"es","potentialAction":[{"@type":"ReadAction","target":["https:\/\/www.sonoraenequipo.com.mx\/salinas-pliego-no-pudo-con-el-fuerte-y-ahora-se-va-con-los-debiles-interpone-demanda-contra-periodistas-independientes\/"]}]},{"@type":"ImageObject","inLanguage":"es","@id":"https:\/\/www.sonoraenequipo.com.mx\/salinas-pliego-no-pudo-con-el-fuerte-y-ahora-se-va-con-los-debiles-interpone-demanda-contra-periodistas-independientes\/#primaryimage","url":"https:\/\/www.sonoraenequipo.com.mx\/storage\/2024\/07\/el-usurero-min.jpg","contentUrl":"https:\/\/www.sonoraenequipo.com.mx\/storage\/2024\/07\/el-usurero-min.jpg","width":900,"height":675},{"@type":"BreadcrumbList","@id":"https:\/\/www.sonoraenequipo.com.mx\/salinas-pliego-no-pudo-con-el-fuerte-y-ahora-se-va-con-los-debiles-interpone-demanda-contra-periodistas-independientes\/#breadcrumb","itemListElement":[{"@type":"ListItem","position":1,"name":"Portada","item":"https:\/\/www.sonoraenequipo.com.mx\/"},{"@type":"ListItem","position":2,"name":"Salinas Pliego no pudo con el fuerte y ahora se va con los d\u00e9biles. Interpone demanda contra periodistas independientes."}]},{"@type":"WebSite","@id":"https:\/\/www.sonoraenequipo.com.mx\/#website","url":"https:\/\/www.sonoraenequipo.com.mx\/","name":"Sonora en Equipo.","description":"Diario en l\u00ednea con Noticias desde Hermosillo, Sonora","publisher":{"@id":"https:\/\/www.sonoraenequipo.com.mx\/#organization"},"potentialAction":[{"@type":"SearchAction","target":{"@type":"EntryPoint","urlTemplate":"https:\/\/www.sonoraenequipo.com.mx\/?s={search_term_string}"},"query-input":{"@type":"PropertyValueSpecification","valueRequired":true,"valueName":"search_term_string"}}],"inLanguage":"es"},{"@type":"Organization","@id":"https:\/\/www.sonoraenequipo.com.mx\/#organization","name":"Sonoraenequipo.com.mx","url":"https:\/\/www.sonoraenequipo.com.mx\/","logo":{"@type":"ImageObject","inLanguage":"es","@id":"https:\/\/www.sonoraenequipo.com.mx\/#\/schema\/logo\/image\/","url":"https:\/\/www.sonoraenequipo.com.mx\/storage\/2019\/01\/sonoraenequipo_opt.png","contentUrl":"https:\/\/www.sonoraenequipo.com.mx\/storage\/2019\/01\/sonoraenequipo_opt.png","width":375,"height":125,"caption":"Sonoraenequipo.com.mx"},"image":{"@id":"https:\/\/www.sonoraenequipo.com.mx\/#\/schema\/logo\/image\/"},"sameAs":["https:\/\/www.facebook.com\/SonoraEE\/","https:\/\/x.com\/sonoraenequipo","https:\/\/www.youtube.com\/channel\/UC338nW-lPEYmJQs4ZABQ1SQ"]},{"@type":"Person","@id":"https:\/\/www.sonoraenequipo.com.mx\/#\/schema\/person\/50102df0fb23a8fa9e8effad8fa81386","name":"enequipo","image":{"@type":"ImageObject","inLanguage":"es","@id":"https:\/\/www.sonoraenequipo.com.mx\/#\/schema\/person\/image\/","url":"https:\/\/secure.gravatar.com\/avatar\/049821681b589dabc0bc20695993ccebb09f5b5d4d790cd9251b97faac7c652b?s=96&d=blank&r=g","contentUrl":"https:\/\/secure.gravatar.com\/avatar\/049821681b589dabc0bc20695993ccebb09f5b5d4d790cd9251b97faac7c652b?s=96&d=blank&r=g","caption":"enequipo"},"sameAs":["https:\/\/www.facebook.com\/SonoraEE"]}]}},"jetpack_featured_media_url":"https:\/\/www.sonoraenequipo.com.mx\/storage\/2024\/07\/el-usurero-min.jpg","_links":{"self":[{"href":"https:\/\/www.sonoraenequipo.com.mx\/api\/wp\/v2\/posts\/195250","targetHints":{"allow":["GET"]}}],"collection":[{"href":"https:\/\/www.sonoraenequipo.com.mx\/api\/wp\/v2\/posts"}],"about":[{"href":"https:\/\/www.sonoraenequipo.com.mx\/api\/wp\/v2\/types\/post"}],"author":[{"embeddable":true,"href":"https:\/\/www.sonoraenequipo.com.mx\/api\/wp\/v2\/users\/1"}],"replies":[{"embeddable":true,"href":"https:\/\/www.sonoraenequipo.com.mx\/api\/wp\/v2\/comments?post=195250"}],"version-history":[{"count":2,"href":"https:\/\/www.sonoraenequipo.com.mx\/api\/wp\/v2\/posts\/195250\/revisions"}],"predecessor-version":[{"id":195253,"href":"https:\/\/www.sonoraenequipo.com.mx\/api\/wp\/v2\/posts\/195250\/revisions\/195253"}],"wp:featuredmedia":[{"embeddable":true,"href":"https:\/\/www.sonoraenequipo.com.mx\/api\/wp\/v2\/media\/195252"}],"wp:attachment":[{"href":"https:\/\/www.sonoraenequipo.com.mx\/api\/wp\/v2\/media?parent=195250"}],"wp:term":[{"taxonomy":"category","embeddable":true,"href":"https:\/\/www.sonoraenequipo.com.mx\/api\/wp\/v2\/categories?post=195250"},{"taxonomy":"post_tag","embeddable":true,"href":"https:\/\/www.sonoraenequipo.com.mx\/api\/wp\/v2\/tags?post=195250"}],"curies":[{"name":"wp","href":"https:\/\/api.w.org\/{rel}","templated":true}]}}