{"id":195254,"date":"2024-07-23T18:54:09","date_gmt":"2024-07-24T01:54:09","guid":{"rendered":"https:\/\/www.sonoraenequipo.com.mx\/?p=195254"},"modified":"2024-07-24T11:59:21","modified_gmt":"2024-07-24T18:59:21","slug":"fortalece-creson-acciones-para-el-cuidado-ambiental-con-estrategia-creson-sostenible-2","status":"publish","type":"post","link":"https:\/\/www.sonoraenequipo.com.mx\/fortalece-creson-acciones-para-el-cuidado-ambiental-con-estrategia-creson-sostenible-2\/","title":{"rendered":"Fortalece Creson acciones para el cuidado ambiental con estrategia \u201cCreson Sostenible\u201d"},"content":{"rendered":"<p><b>HERMOSILLO, SONORA. MX. \u2014 <\/b>Jornadas de reforestaci\u00f3n, brigadas de limpieza y creaci\u00f3n de huertos escolares son algunas de las acciones del proyecto <em><strong>\u201cCreson Sostenible\u201d<\/strong><\/em>, del Centro Regional de Formaci\u00f3n Profesional Docente de Sonora (Creson) para promover la conciencia ambiental en el estudiantado, personal docente y administrativo.<\/p>\n<p> <\/p>\n<p>Luis Ernesto Flores Fontes, rector de la instituci\u00f3n, inform\u00f3 que en las 16 unidades acad\u00e9micas y en la unidad central administrativa se implementar\u00e1n estrategias programadas y emergentes para cuidar el entorno y fomentar el compromiso con el desarrollo sostenible.<\/p>\n<p>Entre estas acciones se encuentra un taller de agricultura org\u00e1nica sustentable, en el que participaron estudiantes y docentes, con el objetivo de crear huertos comunitarios en las escuelas a partir del pr\u00f3ximo semestre.<\/p>\n<p>Adem\u00e1s, el Creson inici\u00f3 un proyecto de reforestaci\u00f3n en \u00e1reas aleda\u00f1as a su oficina central afectadas por incendios, con apoyo de otras instancias p\u00fablicas y sociedad civil organizada.<\/p>\n<p>Otras acciones contempladas en esta estrategia son las brigadas de limpieza realizadas al interior de las unidades acad\u00e9micas, as\u00ed como el Foro para el Cuidado del Ambiente, cuya tercera edici\u00f3n se llevar\u00e1 a cabo en octubre.<\/p>\n<p><em><strong>\u201cCreson Sostenible\u201d<\/strong> <\/em>forma parte del Programa Institucional 2022-2027 del Creson, con la premisa de incluir el trabajo colaborativo y la transformaci\u00f3n de la escuela y la comunidad como componente en la formaci\u00f3n de las y los futuros docentes.<\/p>\n<p>PUBLICADO EL 23 DE JULIO DE 2024 Con informaci\u00f3n de GOBSON 0724141)<\/p>\n","protected":false},"excerpt":{"rendered":"<p>HERMOSILLO, SONORA. MX. \u2014 Jornadas de reforestaci\u00f3n, brigadas de limpieza y creaci\u00f3n de huertos escolares&#8230;<\/p>\n","protected":false},"author":1,"featured_media":195260,"comment_status":"open","ping_status":"open","sticky":false,"template":"","format":"standard","meta":{"_monsterinsights_skip_tracking":false,"_monsterinsights_sitenote_active":false,"_monsterinsights_sitenote_note":"","_monsterinsights_sitenote_category":0,"footnotes":""},"categories":[22],"tags":[],"class_list":["post"],"yoast_head":" \n<title>Sonora en Equipo. Fortalece Creson acciones para el cuidado ambiental con estrategia \u201cCreson Sostenible\u201d Sonora<\/title>\n<meta name=\"description\" content=\"HERMOSILLO, SONORA. MX. \u2014 Jornadas de reforestaci\u00f3n, brigadas de limpieza y creaci\u00f3n de huertos escolares son algunas de las acciones del proyecto \u201cCreson En Sonora en Equipo publicamos toda la informaci\u00f3n de Sonora, M\u00e9xico y el Mundo de manera oportuna y busca que la libertad de expresi\u00f3n sea real. Visita nuestro medio informativo publicado desde Hermosillo, Sonora. %\" \/>\n<meta name=\"robots\" content=\"index, follow, max-snippet:-1, max-image-preview:large, max-video-preview:-1\" \/>\n<link rel=\"canonical\" href=\"https:\/\/www.sonoraenequipo.com.mx\/fortalece-creson-acciones-para-el-cuidado-ambiental-con-estrategia-creson-sostenible-2\/\" \/>\n<meta property=\"og:locale\" content=\"es_ES\" \/>\n<meta property=\"og:type\" content=\"article\" \/>\n<meta property=\"og:title\" content=\"Sonora en Equipo. Fortalece Creson acciones para el cuidado ambiental con estrategia \u201cCreson Sostenible\u201d Sonora\" \/>\n<meta property=\"og:description\" content=\"HERMOSILLO, SONORA. MX. \u2014 Jornadas de reforestaci\u00f3n, brigadas de limpieza y creaci\u00f3n de huertos escolares son algunas de las acciones del proyecto \u201cCreson En Sonora en Equipo publicamos toda la informaci\u00f3n de Sonora, M\u00e9xico y el Mundo de manera oportuna y busca que la libertad de expresi\u00f3n sea real. Visita nuestro medio informativo publicado desde Hermosillo, Sonora. %\" \/>\n<meta property=\"og:url\" content=\"https:\/\/www.sonoraenequipo.com.mx\/fortalece-creson-acciones-para-el-cuidado-ambiental-con-estrategia-creson-sostenible-2\/\" \/>\n<meta property=\"og:site_name\" content=\"Sonora en Equipo.\" \/>\n<meta property=\"article:publisher\" content=\"https:\/\/www.facebook.com\/SonoraEE\/\" \/>\n<meta property=\"article:author\" content=\"https:\/\/www.facebook.com\/SonoraEE\" \/>\n<meta property=\"article:published_time\" content=\"2024-07-24T01:54:09+00:00\" \/>\n<meta property=\"article:modified_time\" content=\"2024-07-24T18:59:21+00:00\" \/>\n<meta property=\"og:image\" content=\"https:\/\/www.sonoraenequipo.com.mx\/storage\/2024\/07\/Fortalece-Creson-acciones-para-el-cuidado-ambiental-min.jpg\" \/>\n\t<meta property=\"og:image:width\" content=\"890\" \/>\n\t<meta property=\"og:image:height\" content=\"539\" \/>\n\t<meta property=\"og:image:type\" content=\"image\/jpeg\" \/>\n<meta name=\"author\" content=\"enequipo\" \/>\n<meta name=\"twitter:card\" content=\"summary_large_image\" \/>\n<meta name=\"twitter:creator\" content=\"@sonoraenequipo\" \/>\n<meta name=\"twitter:site\" content=\"@sonoraenequipo\" \/>\n<meta name=\"twitter:label1\" content=\"Escrito por\" \/>\n\t<meta name=\"twitter:data1\" content=\"enequipo\" \/>\n\t<meta name=\"twitter:label2\" content=\"Tiempo de lectura\" \/>\n\t<meta name=\"twitter:data2\" content=\"1 minuto\" \/>\n<script type=\"application\/ld+json\" class=\"yoast-schema-graph\">{\"@context\":\"https:\/\/schema.org\",\"@graph\":[{\"@type\":\"Article\",\"@id\":\"https:\/\/www.sonoraenequipo.com.mx\/fortalece-creson-acciones-para-el-cuidado-ambiental-con-estrategia-creson-sostenible-2\/#article\",\"isPartOf\":{\"@id\":\"https:\/\/www.sonoraenequipo.com.mx\/fortalece-creson-acciones-para-el-cuidado-ambiental-con-estrategia-creson-sostenible-2\/\"},\"author\":{\"name\":\"enequipo\",\"@id\":\"https:\/\/www.sonoraenequipo.com.mx\/#\/schema\/person\/50102df0fb23a8fa9e8effad8fa81386\"},\"headline\":\"Fortalece Creson acciones para el cuidado ambiental con estrategia \u201cCreson Sostenible\u201d\",\"datePublished\":\"2024-07-24T01:54:09+00:00\",\"dateModified\":\"2024-07-24T18:59:21+00:00\",\"mainEntityOfPage\":{\"@id\":\"https:\/\/www.sonoraenequipo.com.mx\/fortalece-creson-acciones-para-el-cuidado-ambiental-con-estrategia-creson-sostenible-2\/\"},\"wordCount\":255,\"commentCount\":0,\"publisher\":{\"@id\":\"https:\/\/www.sonoraenequipo.com.mx\/#organization\"},\"image\":{\"@id\":\"https:\/\/www.sonoraenequipo.com.mx\/fortalece-creson-acciones-para-el-cuidado-ambiental-con-estrategia-creson-sostenible-2\/#primaryimage\"},\"thumbnailUrl\":\"https:\/\/www.sonoraenequipo.com.mx\/storage\/2024\/07\/Fortalece-Creson-acciones-para-el-cuidado-ambiental-min.jpg\",\"articleSection\":[\"Sonora\"],\"inLanguage\":\"es\",\"potentialAction\":[{\"@type\":\"CommentAction\",\"name\":\"Comment\",\"target\":[\"https:\/\/www.sonoraenequipo.com.mx\/fortalece-creson-acciones-para-el-cuidado-ambiental-con-estrategia-creson-sostenible-2\/#respond\"]}]},{\"@type\":\"WebPage\",\"@id\":\"https:\/\/www.sonoraenequipo.com.mx\/fortalece-creson-acciones-para-el-cuidado-ambiental-con-estrategia-creson-sostenible-2\/\",\"url\":\"https:\/\/www.sonoraenequipo.com.mx\/fortalece-creson-acciones-para-el-cuidado-ambiental-con-estrategia-creson-sostenible-2\/\",\"name\":\"Sonora en Equipo. Fortalece Creson acciones para el cuidado ambiental con estrategia \u201cCreson Sostenible\u201d Sonora\",\"isPartOf\":{\"@id\":\"https:\/\/www.sonoraenequipo.com.mx\/#website\"},\"primaryImageOfPage\":{\"@id\":\"https:\/\/www.sonoraenequipo.com.mx\/fortalece-creson-acciones-para-el-cuidado-ambiental-con-estrategia-creson-sostenible-2\/#primaryimage\"},\"image\":{\"@id\":\"https:\/\/www.sonoraenequipo.com.mx\/fortalece-creson-acciones-para-el-cuidado-ambiental-con-estrategia-creson-sostenible-2\/#primaryimage\"},\"thumbnailUrl\":\"https:\/\/www.sonoraenequipo.com.mx\/storage\/2024\/07\/Fortalece-Creson-acciones-para-el-cuidado-ambiental-min.jpg\",\"datePublished\":\"2024-07-24T01:54:09+00:00\",\"dateModified\":\"2024-07-24T18:59:21+00:00\",\"description\":\"HERMOSILLO, SONORA. MX. \u2014 Jornadas de reforestaci\u00f3n, brigadas de limpieza y creaci\u00f3n de huertos escolares son algunas de las acciones del proyecto \u201cCreson En Sonora en Equipo publicamos toda la informaci\u00f3n de Sonora, M\u00e9xico y el Mundo de manera oportuna y busca que la libertad de expresi\u00f3n sea real. Visita nuestro medio informativo publicado desde Hermosillo, Sonora. %\",\"breadcrumb\":{\"@id\":\"https:\/\/www.sonoraenequipo.com.mx\/fortalece-creson-acciones-para-el-cuidado-ambiental-con-estrategia-creson-sostenible-2\/#breadcrumb\"},\"inLanguage\":\"es\",\"potentialAction\":[{\"@type\":\"ReadAction\",\"target\":[\"https:\/\/www.sonoraenequipo.com.mx\/fortalece-creson-acciones-para-el-cuidado-ambiental-con-estrategia-creson-sostenible-2\/\"]}]},{\"@type\":\"ImageObject\",\"inLanguage\":\"es\",\"@id\":\"https:\/\/www.sonoraenequipo.com.mx\/fortalece-creson-acciones-para-el-cuidado-ambiental-con-estrategia-creson-sostenible-2\/#primaryimage\",\"url\":\"https:\/\/www.sonoraenequipo.com.mx\/storage\/2024\/07\/Fortalece-Creson-acciones-para-el-cuidado-ambiental-min.jpg\",\"contentUrl\":\"https:\/\/www.sonoraenequipo.com.mx\/storage\/2024\/07\/Fortalece-Creson-acciones-para-el-cuidado-ambiental-min.jpg\",\"width\":890,\"height\":539},{\"@type\":\"BreadcrumbList\",\"@id\":\"https:\/\/www.sonoraenequipo.com.mx\/fortalece-creson-acciones-para-el-cuidado-ambiental-con-estrategia-creson-sostenible-2\/#breadcrumb\",\"itemListElement\":[{\"@type\":\"ListItem\",\"position\":1,\"name\":\"Portada\",\"item\":\"https:\/\/www.sonoraenequipo.com.mx\/\"},{\"@type\":\"ListItem\",\"position\":2,\"name\":\"Fortalece Creson acciones para el cuidado ambiental con estrategia \u201cCreson Sostenible\u201d\"}]},{\"@type\":\"WebSite\",\"@id\":\"https:\/\/www.sonoraenequipo.com.mx\/#website\",\"url\":\"https:\/\/www.sonoraenequipo.com.mx\/\",\"name\":\"Sonora en Equipo.\",\"description\":\"Diario en l\u00ednea con Noticias desde Hermosillo, Sonora\",\"publisher\":{\"@id\":\"https:\/\/www.sonoraenequipo.com.mx\/#organization\"},\"potentialAction\":[{\"@type\":\"SearchAction\",\"target\":{\"@type\":\"EntryPoint\",\"urlTemplate\":\"https:\/\/www.sonoraenequipo.com.mx\/?s={search_term_string}\"},\"query-input\":{\"@type\":\"PropertyValueSpecification\",\"valueRequired\":true,\"valueName\":\"search_term_string\"}}],\"inLanguage\":\"es\"},{\"@type\":\"Organization\",\"@id\":\"https:\/\/www.sonoraenequipo.com.mx\/#organization\",\"name\":\"Sonoraenequipo.com.mx\",\"url\":\"https:\/\/www.sonoraenequipo.com.mx\/\",\"logo\":{\"@type\":\"ImageObject\",\"inLanguage\":\"es\",\"@id\":\"https:\/\/www.sonoraenequipo.com.mx\/#\/schema\/logo\/image\/\",\"url\":\"https:\/\/www.sonoraenequipo.com.mx\/storage\/2019\/01\/sonoraenequipo_opt.png\",\"contentUrl\":\"https:\/\/www.sonoraenequipo.com.mx\/storage\/2019\/01\/sonoraenequipo_opt.png\",\"width\":375,\"height\":125,\"caption\":\"Sonoraenequipo.com.mx\"},\"image\":{\"@id\":\"https:\/\/www.sonoraenequipo.com.mx\/#\/schema\/logo\/image\/\"},\"sameAs\":[\"https:\/\/www.facebook.com\/SonoraEE\/\",\"https:\/\/x.com\/sonoraenequipo\",\"https:\/\/www.youtube.com\/channel\/UC338nW-lPEYmJQs4ZABQ1SQ\"]},{\"@type\":\"Person\",\"@id\":\"https:\/\/www.sonoraenequipo.com.mx\/#\/schema\/person\/50102df0fb23a8fa9e8effad8fa81386\",\"name\":\"enequipo\",\"image\":{\"@type\":\"ImageObject\",\"inLanguage\":\"es\",\"@id\":\"https:\/\/www.sonoraenequipo.com.mx\/#\/schema\/person\/image\/\",\"url\":\"https:\/\/secure.gravatar.com\/avatar\/049821681b589dabc0bc20695993ccebb09f5b5d4d790cd9251b97faac7c652b?s=96&d=blank&r=g\",\"contentUrl\":\"https:\/\/secure.gravatar.com\/avatar\/049821681b589dabc0bc20695993ccebb09f5b5d4d790cd9251b97faac7c652b?s=96&d=blank&r=g\",\"caption\":\"enequipo\"},\"sameAs\":[\"https:\/\/www.facebook.com\/SonoraEE\"]}]}<\/script>\n ","yoast_head_json":{"title":"Sonora en Equipo. Fortalece Creson acciones para el cuidado ambiental con estrategia \u201cCreson Sostenible\u201d Sonora","description":"HERMOSILLO, SONORA. MX. \u2014 Jornadas de reforestaci\u00f3n, brigadas de limpieza y creaci\u00f3n de huertos escolares son algunas de las acciones del proyecto \u201cCreson En Sonora en Equipo publicamos toda la informaci\u00f3n de Sonora, M\u00e9xico y el Mundo de manera oportuna y busca que la libertad de expresi\u00f3n sea real. Visita nuestro medio informativo publicado desde Hermosillo, Sonora. %","robots":{"index":"index","follow":"follow","max-snippet":"max-snippet:-1","max-image-preview":"max-image-preview:large","max-video-preview":"max-video-preview:-1"},"canonical":"https:\/\/www.sonoraenequipo.com.mx\/fortalece-creson-acciones-para-el-cuidado-ambiental-con-estrategia-creson-sostenible-2\/","og_locale":"es_ES","og_type":"article","og_title":"Sonora en Equipo. Fortalece Creson acciones para el cuidado ambiental con estrategia \u201cCreson Sostenible\u201d Sonora","og_description":"HERMOSILLO, SONORA. MX. \u2014 Jornadas de reforestaci\u00f3n, brigadas de limpieza y creaci\u00f3n de huertos escolares son algunas de las acciones del proyecto \u201cCreson En Sonora en Equipo publicamos toda la informaci\u00f3n de Sonora, M\u00e9xico y el Mundo de manera oportuna y busca que la libertad de expresi\u00f3n sea real. Visita nuestro medio informativo publicado desde Hermosillo, Sonora. %","og_url":"https:\/\/www.sonoraenequipo.com.mx\/fortalece-creson-acciones-para-el-cuidado-ambiental-con-estrategia-creson-sostenible-2\/","og_site_name":"Sonora en Equipo.","article_publisher":"https:\/\/www.facebook.com\/SonoraEE\/","article_author":"https:\/\/www.facebook.com\/SonoraEE","article_published_time":"2024-07-24T01:54:09+00:00","article_modified_time":"2024-07-24T18:59:21+00:00","og_image":[{"width":890,"height":539,"url":"https:\/\/www.sonoraenequipo.com.mx\/storage\/2024\/07\/Fortalece-Creson-acciones-para-el-cuidado-ambiental-min.jpg","type":"image\/jpeg"}],"author":"enequipo","twitter_card":"summary_large_image","twitter_creator":"@sonoraenequipo","twitter_site":"@sonoraenequipo","twitter_misc":{"Escrito por":"enequipo","Tiempo de lectura":"1 minuto"},"schema":{"@context":"https:\/\/schema.org","@graph":[{"@type":"Article","@id":"https:\/\/www.sonoraenequipo.com.mx\/fortalece-creson-acciones-para-el-cuidado-ambiental-con-estrategia-creson-sostenible-2\/#article","isPartOf":{"@id":"https:\/\/www.sonoraenequipo.com.mx\/fortalece-creson-acciones-para-el-cuidado-ambiental-con-estrategia-creson-sostenible-2\/"},"author":{"name":"enequipo","@id":"https:\/\/www.sonoraenequipo.com.mx\/#\/schema\/person\/50102df0fb23a8fa9e8effad8fa81386"},"headline":"Fortalece Creson acciones para el cuidado ambiental con estrategia \u201cCreson Sostenible\u201d","datePublished":"2024-07-24T01:54:09+00:00","dateModified":"2024-07-24T18:59:21+00:00","mainEntityOfPage":{"@id":"https:\/\/www.sonoraenequipo.com.mx\/fortalece-creson-acciones-para-el-cuidado-ambiental-con-estrategia-creson-sostenible-2\/"},"wordCount":255,"commentCount":0,"publisher":{"@id":"https:\/\/www.sonoraenequipo.com.mx\/#organization"},"image":{"@id":"https:\/\/www.sonoraenequipo.com.mx\/fortalece-creson-acciones-para-el-cuidado-ambiental-con-estrategia-creson-sostenible-2\/#primaryimage"},"thumbnailUrl":"https:\/\/www.sonoraenequipo.com.mx\/storage\/2024\/07\/Fortalece-Creson-acciones-para-el-cuidado-ambiental-min.jpg","articleSection":["Sonora"],"inLanguage":"es","potentialAction":[{"@type":"CommentAction","name":"Comment","target":["https:\/\/www.sonoraenequipo.com.mx\/fortalece-creson-acciones-para-el-cuidado-ambiental-con-estrategia-creson-sostenible-2\/#respond"]}]},{"@type":"WebPage","@id":"https:\/\/www.sonoraenequipo.com.mx\/fortalece-creson-acciones-para-el-cuidado-ambiental-con-estrategia-creson-sostenible-2\/","url":"https:\/\/www.sonoraenequipo.com.mx\/fortalece-creson-acciones-para-el-cuidado-ambiental-con-estrategia-creson-sostenible-2\/","name":"Sonora en Equipo. Fortalece Creson acciones para el cuidado ambiental con estrategia \u201cCreson Sostenible\u201d Sonora","isPartOf":{"@id":"https:\/\/www.sonoraenequipo.com.mx\/#website"},"primaryImageOfPage":{"@id":"https:\/\/www.sonoraenequipo.com.mx\/fortalece-creson-acciones-para-el-cuidado-ambiental-con-estrategia-creson-sostenible-2\/#primaryimage"},"image":{"@id":"https:\/\/www.sonoraenequipo.com.mx\/fortalece-creson-acciones-para-el-cuidado-ambiental-con-estrategia-creson-sostenible-2\/#primaryimage"},"thumbnailUrl":"https:\/\/www.sonoraenequipo.com.mx\/storage\/2024\/07\/Fortalece-Creson-acciones-para-el-cuidado-ambiental-min.jpg","datePublished":"2024-07-24T01:54:09+00:00","dateModified":"2024-07-24T18:59:21+00:00","description":"HERMOSILLO, SONORA. MX. \u2014 Jornadas de reforestaci\u00f3n, brigadas de limpieza y creaci\u00f3n de huertos escolares son algunas de las acciones del proyecto \u201cCreson En Sonora en Equipo publicamos toda la informaci\u00f3n de Sonora, M\u00e9xico y el Mundo de manera oportuna y busca que la libertad de expresi\u00f3n sea real. Visita nuestro medio informativo publicado desde Hermosillo, Sonora. %","breadcrumb":{"@id":"https:\/\/www.sonoraenequipo.com.mx\/fortalece-creson-acciones-para-el-cuidado-ambiental-con-estrategia-creson-sostenible-2\/#breadcrumb"},"inLanguage":"es","potentialAction":[{"@type":"ReadAction","target":["https:\/\/www.sonoraenequipo.com.mx\/fortalece-creson-acciones-para-el-cuidado-ambiental-con-estrategia-creson-sostenible-2\/"]}]},{"@type":"ImageObject","inLanguage":"es","@id":"https:\/\/www.sonoraenequipo.com.mx\/fortalece-creson-acciones-para-el-cuidado-ambiental-con-estrategia-creson-sostenible-2\/#primaryimage","url":"https:\/\/www.sonoraenequipo.com.mx\/storage\/2024\/07\/Fortalece-Creson-acciones-para-el-cuidado-ambiental-min.jpg","contentUrl":"https:\/\/www.sonoraenequipo.com.mx\/storage\/2024\/07\/Fortalece-Creson-acciones-para-el-cuidado-ambiental-min.jpg","width":890,"height":539},{"@type":"BreadcrumbList","@id":"https:\/\/www.sonoraenequipo.com.mx\/fortalece-creson-acciones-para-el-cuidado-ambiental-con-estrategia-creson-sostenible-2\/#breadcrumb","itemListElement":[{"@type":"ListItem","position":1,"name":"Portada","item":"https:\/\/www.sonoraenequipo.com.mx\/"},{"@type":"ListItem","position":2,"name":"Fortalece Creson acciones para el cuidado ambiental con estrategia \u201cCreson Sostenible\u201d"}]},{"@type":"WebSite","@id":"https:\/\/www.sonoraenequipo.com.mx\/#website","url":"https:\/\/www.sonoraenequipo.com.mx\/","name":"Sonora en Equipo.","description":"Diario en l\u00ednea con Noticias desde Hermosillo, Sonora","publisher":{"@id":"https:\/\/www.sonoraenequipo.com.mx\/#organization"},"potentialAction":[{"@type":"SearchAction","target":{"@type":"EntryPoint","urlTemplate":"https:\/\/www.sonoraenequipo.com.mx\/?s={search_term_string}"},"query-input":{"@type":"PropertyValueSpecification","valueRequired":true,"valueName":"search_term_string"}}],"inLanguage":"es"},{"@type":"Organization","@id":"https:\/\/www.sonoraenequipo.com.mx\/#organization","name":"Sonoraenequipo.com.mx","url":"https:\/\/www.sonoraenequipo.com.mx\/","logo":{"@type":"ImageObject","inLanguage":"es","@id":"https:\/\/www.sonoraenequipo.com.mx\/#\/schema\/logo\/image\/","url":"https:\/\/www.sonoraenequipo.com.mx\/storage\/2019\/01\/sonoraenequipo_opt.png","contentUrl":"https:\/\/www.sonoraenequipo.com.mx\/storage\/2019\/01\/sonoraenequipo_opt.png","width":375,"height":125,"caption":"Sonoraenequipo.com.mx"},"image":{"@id":"https:\/\/www.sonoraenequipo.com.mx\/#\/schema\/logo\/image\/"},"sameAs":["https:\/\/www.facebook.com\/SonoraEE\/","https:\/\/x.com\/sonoraenequipo","https:\/\/www.youtube.com\/channel\/UC338nW-lPEYmJQs4ZABQ1SQ"]},{"@type":"Person","@id":"https:\/\/www.sonoraenequipo.com.mx\/#\/schema\/person\/50102df0fb23a8fa9e8effad8fa81386","name":"enequipo","image":{"@type":"ImageObject","inLanguage":"es","@id":"https:\/\/www.sonoraenequipo.com.mx\/#\/schema\/person\/image\/","url":"https:\/\/secure.gravatar.com\/avatar\/049821681b589dabc0bc20695993ccebb09f5b5d4d790cd9251b97faac7c652b?s=96&d=blank&r=g","contentUrl":"https:\/\/secure.gravatar.com\/avatar\/049821681b589dabc0bc20695993ccebb09f5b5d4d790cd9251b97faac7c652b?s=96&d=blank&r=g","caption":"enequipo"},"sameAs":["https:\/\/www.facebook.com\/SonoraEE"]}]}},"jetpack_featured_media_url":"https:\/\/www.sonoraenequipo.com.mx\/storage\/2024\/07\/Fortalece-Creson-acciones-para-el-cuidado-ambiental-min.jpg","_links":{"self":[{"href":"https:\/\/www.sonoraenequipo.com.mx\/api\/wp\/v2\/posts\/195254","targetHints":{"allow":["GET"]}}],"collection":[{"href":"https:\/\/www.sonoraenequipo.com.mx\/api\/wp\/v2\/posts"}],"about":[{"href":"https:\/\/www.sonoraenequipo.com.mx\/api\/wp\/v2\/types\/post"}],"author":[{"embeddable":true,"href":"https:\/\/www.sonoraenequipo.com.mx\/api\/wp\/v2\/users\/1"}],"replies":[{"embeddable":true,"href":"https:\/\/www.sonoraenequipo.com.mx\/api\/wp\/v2\/comments?post=195254"}],"version-history":[{"count":3,"href":"https:\/\/www.sonoraenequipo.com.mx\/api\/wp\/v2\/posts\/195254\/revisions"}],"predecessor-version":[{"id":195277,"href":"https:\/\/www.sonoraenequipo.com.mx\/api\/wp\/v2\/posts\/195254\/revisions\/195277"}],"wp:featuredmedia":[{"embeddable":true,"href":"https:\/\/www.sonoraenequipo.com.mx\/api\/wp\/v2\/media\/195260"}],"wp:attachment":[{"href":"https:\/\/www.sonoraenequipo.com.mx\/api\/wp\/v2\/media?parent=195254"}],"wp:term":[{"taxonomy":"category","embeddable":true,"href":"https:\/\/www.sonoraenequipo.com.mx\/api\/wp\/v2\/categories?post=195254"},{"taxonomy":"post_tag","embeddable":true,"href":"https:\/\/www.sonoraenequipo.com.mx\/api\/wp\/v2\/tags?post=195254"}],"curies":[{"name":"wp","href":"https:\/\/api.w.org\/{rel}","templated":true}]}}