{"id":195281,"date":"2024-07-24T13:16:59","date_gmt":"2024-07-24T20:16:59","guid":{"rendered":"https:\/\/www.sonoraenequipo.com.mx\/?p=195281"},"modified":"2024-07-24T13:16:59","modified_gmt":"2024-07-24T20:16:59","slug":"trump-y-harris-intercambian-insultos-en-la-campana-presidencial-de-eeuu","status":"publish","type":"post","link":"https:\/\/www.sonoraenequipo.com.mx\/trump-y-harris-intercambian-insultos-en-la-campana-presidencial-de-eeuu\/","title":{"rendered":"Trump y Harris intercambian insultos en la campa\u00f1a presidencial de EEUU"},"content":{"rendered":"<p>La carrera por la presidencia de Estados Unidos recibi\u00f3 una dosis de nueva energ\u00eda el martes, con el expresidente Donald Trump y su nueva oponente dem\u00f3crata, la vicepresidenta Kamala Harris, que no dudaron en criticarse mutuamente mientras avanzan hacia las elecciones del 5 de noviembre.<\/p>\n<p>&nbsp;<\/p>\n<p>Mientras tanto, en Washington, el presidente Joe Biden regres\u00f3 discretamente a la Casa Blanca, despu\u00e9s de recuperarse del COVID-19, con la expectativa de que utilizar\u00eda el tiempo que le quedaba en el cargo para lograr los objetivos de pol\u00edtica exterior.<\/p>\n<p>&nbsp;<\/p>\n<p>Trump pas\u00f3 r\u00e1pidamente a atacar a Harris despu\u00e9s de que Biden, de 81 a\u00f1os, abandonara su candidatura a la reelecci\u00f3n el domingo bajo la presi\u00f3n de sus colegas dem\u00f3cratas preocupados por su fragilidad, agudeza mental y la ca\u00edda de los n\u00fameros en las encuestas.<\/p>\n<p>&nbsp;<\/p>\n<p>\u00ab\u00a1La mentirosa Kamala Harris destruye todo lo que toca!\u00bb Trump, de 79 a\u00f1os, dijo en su plataforma Truth Social el martes. Anteriormente, la acus\u00f3 de ayudar a encubrir la condici\u00f3n de Biden.<\/p>\n<p>&nbsp;<\/p>\n<p>\u00abLos dem\u00f3cratas mintieron y enga\u00f1aron al p\u00fablico sobre el corrupto Joe Biden, y ahora descubrimos que es un completo y total &#8216;desastre&#8217; cognitivo y f\u00edsico\u00bb, manifest\u00f3 Trump. \u00abTambi\u00e9n enga\u00f1an al Partido Republicano, haci\u00e9ndole perder una gran cantidad de tiempo y dinero\u00bb en publicidad pol\u00edtica dirigida a un candidato, Biden, que ya no es el oponente de Trump.<\/p>\n<p>Harris, exfiscal y exsenadora de California, el estado m\u00e1s poblado del pa\u00eds; se\u00f1al\u00f3 en un mitin el martes que conoc\u00eda a personas como Trump.<\/p>\n<p>&nbsp;<\/p>\n<p>A finales de mayo, Trump fue declarado culpable de 34 delitos graves relacionados con un pago de dinero por silencio de 2016 que hizo justo antes de las elecciones que gan\u00f3 hace ocho a\u00f1os. El dinero se entreg\u00f3 a una estrella de cine porno para silenciarla, aunque Trump ha negado que tuviera una cita de una noche con la actriz una d\u00e9cada antes.<\/p>\n<p>&nbsp;<\/p>\n<p>Biden, quien terminar\u00e1 los \u00faltimos seis meses de su mandato, respald\u00f3 a Harris, su segunda al mando durante los \u00faltimos tres a\u00f1os y medio.<\/p>\n<p>El lunes, les dijo a los trabajadores de la campa\u00f1a de Harris: \u00abEl nombre ha cambiado en la parte superior de la boleta, pero la misi\u00f3n no ha cambiado en absoluto. Y por cierto, no me voy a ir a ninguna parte. Voy a estar en la campa\u00f1a con ella, con Kamala\u00bb.<\/p>\n<p>&nbsp;<\/p>\n<p>\u00abMe he sentido honrado y humilde, lo digo desde el fondo de mi coraz\u00f3n, mi palabra como Biden, por todo lo que han hecho por m\u00ed y mi familia\u00bb, dijo, al tiempo que agreg\u00f3 que ahora: \u00abEspero que le den cada pedacito de su coraz\u00f3n y alma que me dieron a Kamala\u00bb.<\/p>\n<p>&nbsp;<\/p>\n<p>Biden asegur\u00f3 que se dirigir\u00eda a la naci\u00f3n desde la Casa Blanca el mi\u00e9rcoles por la noche sobre su decisi\u00f3n de retirarse de la carrera presidencial y c\u00f3mo planea gobernar durante el tiempo que le queda en el cargo. Es el primer presidente desde Lyndon Johnson en 1968 que se retira de una campa\u00f1a de reelecci\u00f3n.<\/p>\n<p>Si bien algunos funcionarios dem\u00f3cratas pensaron inicialmente que la retirada de Biden podr\u00eda conducir a una carrera disputada entre varios contendientes por la nominaci\u00f3n presidencial del partido, los aspirantes presidenciales m\u00e1s probables apoyaron r\u00e1pidamente la candidatura de Harris.<\/p>\n<p>&nbsp;<\/p>\n<p>A \u00faltima hora del lunes, Harris hab\u00eda acumulado delegados m\u00e1s que suficientes para la convenci\u00f3n nacional del partido, que se celebrar\u00e1 del 19 al 22 de agosto en Chicago, para reclamar extraoficialmente la nominaci\u00f3n, aunque el partido est\u00e1 celebrando una votaci\u00f3n virtual que decidir\u00e1 la contienda incluso antes, el 7 de agosto.<\/p>\n<p>&nbsp;<\/p>\n<p>La expresidenta de la C\u00e1mara de Representantes Nancy Pelosi, todav\u00eda una influyente estratega dem\u00f3crata, respald\u00f3 a Harris, al igual que el actor George Clooney, un importante recaudador de fondos dem\u00f3crata en Hollywood que hace dos semanas escribi\u00f3 un art\u00edculo de opini\u00f3n en The New York Times en el que ped\u00eda a Biden que pusiera fin a su candidatura, a pesar de que Clooney en junio ayud\u00f3 a organizar una deslumbrante recaudaci\u00f3n de fondos para \u00e9l.<\/p>\n<p>&nbsp;<\/p>\n<p>Los dos principales l\u00edderes dem\u00f3cratas del Congreso, el l\u00edder de la mayor\u00eda del Senado, Chuck Schumer, y el l\u00edder de la minor\u00eda de la C\u00e1mara de Representantes, Hakeem Jeffries, respaldaron a Harris el martes.<\/p>\n<p>&nbsp;<\/p>\n<p>\u00abEstamos entusiasmados. Es un d\u00eda feliz. Los dem\u00f3cratas est\u00e1n avanzando m\u00e1s unidos que nunca\u00bb para apoyar a Harris, coment\u00f3 Schumer.<\/p>\n<p>La campa\u00f1a de Harris dijo que hab\u00eda recaudado m\u00e1s de 100 millones de d\u00f3lares desde el domingo por la tarde, cuando Biden puso fin a su candidatura, hasta el lunes por la noche.<\/p>\n<p>&nbsp;<\/p>\n<p>Mientras tanto, Harris est\u00e1 reflexionando sobre a qui\u00e9n seleccionar como su compa\u00f1ero de f\u00f3rmula, con el exfiscal general Eric Holder y la abogada de Washington Dana Remus comenzando a examinar los antecedentes de varias opciones posibles.<\/p>\n<p>&nbsp;<\/p>\n<p>Entre los nombres que aparecieron en las noticias se encuentran el senador de Arizona Mark Kelly, un ex astronauta estadounidense; y seis gobernadores estatales, Andy Beshear de Kentucky, Gretchen Whitmer de Michigan, J.B. Pritzker de Illinois, Tim Walz de Minnesota, Josh Shapiro de Pensilvania y Roy Cooper de Carolina del Norte.<\/p>\n<p>&nbsp;<\/p>\n<p>Harris viaj\u00f3 el martes a Milwaukee, en el estado de Wisconsin, para su primer mitin de campa\u00f1a como posible candidata dem\u00f3crata.<\/p>\n<p>&nbsp;<\/p>\n<p>Trump, despu\u00e9s de asegurar la nominaci\u00f3n presidencial republicana la semana pasada, reanudar\u00e1 su campa\u00f1a el mi\u00e9rcoles con un mitin en la ciudad de Charlotte, Carolina del Norte, otro estado disputado. Trump gan\u00f3 el estado hace cuatro a\u00f1os contra Biden, incluso cuando perdi\u00f3 las elecciones nacionales.<\/p>\n<p>En Washington, el secretario de Estado, Antony Blinken, elogi\u00f3 a Harris por ser \u00abuna voz l\u00edder para la pol\u00edtica exterior estadounidense y para nuestra diplomacia\u00bb.<\/p>\n<p>&nbsp;<\/p>\n<p>Pero enfatiz\u00f3 que Biden tiene mucho trabajo por delante, incluso mientras Harris hace campa\u00f1a para tomar las riendas.<\/p>\n<p>&nbsp;<\/p>\n<p>\u00abEn lo que se ha centrado intensamente es en el trabajo que queda por hacer en estos pr\u00f3ximos seis meses para continuar los esfuerzos, el trabajo que hemos estado haciendo, en particular tratando de llevar la paz a Oriente Medio, poner fin a la guerra en Gaza, poner a esa regi\u00f3n en una mejor trayectoria; seguir lidiando con la misma eficacia con la que lo ha hecho con la agresi\u00f3n en curso de Rusia contra Ucrania y asegur\u00e1ndose de que seguimos haciendo todo lo posible para fortalecer a Ucrania; nuestro compromiso en todo el Indo-Pac\u00edfico, donde hemos estado construyendo relaciones y asociaciones que son m\u00e1s fuertes que nunca, ya sea con nuestros aliados -Jap\u00f3n, Corea, Australia o Nueva Zelanda-, ya sea con pa\u00edses como Filipinas e India, o con pa\u00edses emergentes como Vietnam o Indonesia\u00bb, dijo Blinken.<\/p>\n<p>&nbsp;<\/p>\n<p>Los analistas coincidieron<\/p>\n<p>\u00abEn realidad, todav\u00eda queda un buen porcentaje de su presidencia, a\u00fan queda una octava parte de esta presidencia, y sigue habiendo desaf\u00edos reales, tanto en casa en t\u00e9rminos de reducir costos, como en t\u00e9rminos de proteger a los consumidores de las tarifas basura y proteger a los trabajadores de las terribles reglas que benefician a las corporaciones y en el extranjero\u00bb, dijo Navin Nayak, presidente y director ejecutivo del Center for American Progress Action Fund.<\/p>\n<p>&nbsp;<\/p>\n<p>\u00abAs\u00ed que tratando de lograr un alto al fuego y la paz en Oriente Medio, tratando de seguir haciendo retroceder la guerra de Rusia en Ucrania, creo que el presidente est\u00e1 ahora centrado de lleno en esos desaf\u00edos y liberado de los verdaderos rigores de tener que dirigir tambi\u00e9n una campa\u00f1a presidencial\u00bb, dijo Nayak.<\/p>\n<p>&nbsp;<\/p>\n<p>Y esta situaci\u00f3n tambi\u00e9n deja a los l\u00edderes extranjeros en una posici\u00f3n interesante, como es el caso del primer ministro de Israel, quien esta semana se prepara para reunirse con Biden, Harris y Trump durante su visita a EEUU.<\/p>\n<p>&nbsp;<\/p>\n<p>Jeremi Suri, profesor de historia de la Universidad de Texas en Austin, dijo: \u00abCreo que Biden tiene un problema a nivel internacional, que es que los l\u00edderes extranjeros saben que no va a estar presente despu\u00e9s de unos meses m\u00e1s, por lo que van a dudar en hacer tratos con \u00e9l porque saben que quienquiera que venga despu\u00e9s&#8230; e incluso si se trata de Harris, es probable que tenga su propio equipo de pol\u00edtica exterior y su propio conjunto de objetivos.<\/p>\n<p>&nbsp;<\/p>\n<p>\u00abPor otro lado, creo que los l\u00edderes extranjeros querr\u00e1n lograr cosas que puedan alcanzar r\u00e1pidamente con Biden porque no est\u00e1n seguros de lo que suceder\u00e1 a continuaci\u00f3n\u00bb, acot\u00f3 Suri.<\/p>\n<p><strong>Fecha de publicaci\u00f3n mi\u00e9rcoles 24 de julio de 2024 \/ VOA<\/strong><\/p>\n<p>&nbsp;<\/p>\n","protected":false},"excerpt":{"rendered":"<p>La carrera por la presidencia de Estados Unidos recibi\u00f3 una dosis de nueva energ\u00eda el&#8230;<\/p>\n","protected":false},"author":1,"featured_media":195282,"comment_status":"open","ping_status":"open","sticky":false,"template":"","format":"standard","meta":{"_monsterinsights_skip_tracking":false,"_monsterinsights_sitenote_active":false,"_monsterinsights_sitenote_note":"","_monsterinsights_sitenote_category":0,"footnotes":""},"categories":[3],"tags":[1916,111],"class_list":["post"],"yoast_head":" \n<title>Sonora en Equipo. Trump y Harris intercambian insultos en la campa\u00f1a presidencial de EEUU MUNDO<\/title>\n<meta name=\"description\" content=\"La carrera por la presidencia de Estados Unidos recibi\u00f3 una dosis de nueva energ\u00eda el martes, con el expresidente Donald Trump y su nueva oponente En Sonora en Equipo publicamos toda la informaci\u00f3n de Sonora, M\u00e9xico y el Mundo de manera oportuna y busca que la libertad de expresi\u00f3n sea real. Visita nuestro medio informativo publicado desde Hermosillo, Sonora. %\" \/>\n<meta name=\"robots\" content=\"index, follow, max-snippet:-1, max-image-preview:large, max-video-preview:-1\" \/>\n<link rel=\"canonical\" href=\"https:\/\/www.sonoraenequipo.com.mx\/trump-y-harris-intercambian-insultos-en-la-campana-presidencial-de-eeuu\/\" \/>\n<meta property=\"og:locale\" content=\"es_ES\" \/>\n<meta property=\"og:type\" content=\"article\" \/>\n<meta property=\"og:title\" content=\"Sonora en Equipo. Trump y Harris intercambian insultos en la campa\u00f1a presidencial de EEUU MUNDO\" \/>\n<meta property=\"og:description\" content=\"La carrera por la presidencia de Estados Unidos recibi\u00f3 una dosis de nueva energ\u00eda el martes, con el expresidente Donald Trump y su nueva oponente En Sonora en Equipo publicamos toda la informaci\u00f3n de Sonora, M\u00e9xico y el Mundo de manera oportuna y busca que la libertad de expresi\u00f3n sea real. Visita nuestro medio informativo publicado desde Hermosillo, Sonora. %\" \/>\n<meta property=\"og:url\" content=\"https:\/\/www.sonoraenequipo.com.mx\/trump-y-harris-intercambian-insultos-en-la-campana-presidencial-de-eeuu\/\" \/>\n<meta property=\"og:site_name\" content=\"Sonora en Equipo.\" \/>\n<meta property=\"article:publisher\" content=\"https:\/\/www.facebook.com\/SonoraEE\/\" \/>\n<meta property=\"article:author\" content=\"https:\/\/www.facebook.com\/SonoraEE\" \/>\n<meta property=\"article:published_time\" content=\"2024-07-24T20:16:59+00:00\" \/>\n<meta property=\"og:image\" content=\"https:\/\/www.sonoraenequipo.com.mx\/storage\/2024\/07\/harris-biden.jpg\" \/>\n\t<meta property=\"og:image:width\" content=\"600\" \/>\n\t<meta property=\"og:image:height\" content=\"337\" \/>\n\t<meta property=\"og:image:type\" content=\"image\/jpeg\" \/>\n<meta name=\"author\" content=\"enequipo\" \/>\n<meta name=\"twitter:card\" content=\"summary_large_image\" \/>\n<meta name=\"twitter:creator\" content=\"@sonoraenequipo\" \/>\n<meta name=\"twitter:site\" content=\"@sonoraenequipo\" \/>\n<meta name=\"twitter:label1\" content=\"Escrito por\" \/>\n\t<meta name=\"twitter:data1\" content=\"enequipo\" \/>\n\t<meta name=\"twitter:label2\" content=\"Tiempo de lectura\" \/>\n\t<meta name=\"twitter:data2\" content=\"7 minutos\" \/>\n<script type=\"application\/ld+json\" class=\"yoast-schema-graph\">{\"@context\":\"https:\/\/schema.org\",\"@graph\":[{\"@type\":\"Article\",\"@id\":\"https:\/\/www.sonoraenequipo.com.mx\/trump-y-harris-intercambian-insultos-en-la-campana-presidencial-de-eeuu\/#article\",\"isPartOf\":{\"@id\":\"https:\/\/www.sonoraenequipo.com.mx\/trump-y-harris-intercambian-insultos-en-la-campana-presidencial-de-eeuu\/\"},\"author\":{\"name\":\"enequipo\",\"@id\":\"https:\/\/www.sonoraenequipo.com.mx\/#\/schema\/person\/50102df0fb23a8fa9e8effad8fa81386\"},\"headline\":\"Trump y Harris intercambian insultos en la campa\u00f1a presidencial de EEUU\",\"datePublished\":\"2024-07-24T20:16:59+00:00\",\"mainEntityOfPage\":{\"@id\":\"https:\/\/www.sonoraenequipo.com.mx\/trump-y-harris-intercambian-insultos-en-la-campana-presidencial-de-eeuu\/\"},\"wordCount\":1511,\"commentCount\":0,\"publisher\":{\"@id\":\"https:\/\/www.sonoraenequipo.com.mx\/#organization\"},\"image\":{\"@id\":\"https:\/\/www.sonoraenequipo.com.mx\/trump-y-harris-intercambian-insultos-en-la-campana-presidencial-de-eeuu\/#primaryimage\"},\"thumbnailUrl\":\"https:\/\/www.sonoraenequipo.com.mx\/storage\/2024\/07\/harris-biden.jpg\",\"keywords\":[\"EE UU\",\"elecciones\"],\"articleSection\":[\"MUNDO\"],\"inLanguage\":\"es\",\"potentialAction\":[{\"@type\":\"CommentAction\",\"name\":\"Comment\",\"target\":[\"https:\/\/www.sonoraenequipo.com.mx\/trump-y-harris-intercambian-insultos-en-la-campana-presidencial-de-eeuu\/#respond\"]}]},{\"@type\":\"WebPage\",\"@id\":\"https:\/\/www.sonoraenequipo.com.mx\/trump-y-harris-intercambian-insultos-en-la-campana-presidencial-de-eeuu\/\",\"url\":\"https:\/\/www.sonoraenequipo.com.mx\/trump-y-harris-intercambian-insultos-en-la-campana-presidencial-de-eeuu\/\",\"name\":\"Sonora en Equipo. Trump y Harris intercambian insultos en la campa\u00f1a presidencial de EEUU MUNDO\",\"isPartOf\":{\"@id\":\"https:\/\/www.sonoraenequipo.com.mx\/#website\"},\"primaryImageOfPage\":{\"@id\":\"https:\/\/www.sonoraenequipo.com.mx\/trump-y-harris-intercambian-insultos-en-la-campana-presidencial-de-eeuu\/#primaryimage\"},\"image\":{\"@id\":\"https:\/\/www.sonoraenequipo.com.mx\/trump-y-harris-intercambian-insultos-en-la-campana-presidencial-de-eeuu\/#primaryimage\"},\"thumbnailUrl\":\"https:\/\/www.sonoraenequipo.com.mx\/storage\/2024\/07\/harris-biden.jpg\",\"datePublished\":\"2024-07-24T20:16:59+00:00\",\"description\":\"La carrera por la presidencia de Estados Unidos recibi\u00f3 una dosis de nueva energ\u00eda el martes, con el expresidente Donald Trump y su nueva oponente En Sonora en Equipo publicamos toda la informaci\u00f3n de Sonora, M\u00e9xico y el Mundo de manera oportuna y busca que la libertad de expresi\u00f3n sea real. Visita nuestro medio informativo publicado desde Hermosillo, Sonora. %\",\"breadcrumb\":{\"@id\":\"https:\/\/www.sonoraenequipo.com.mx\/trump-y-harris-intercambian-insultos-en-la-campana-presidencial-de-eeuu\/#breadcrumb\"},\"inLanguage\":\"es\",\"potentialAction\":[{\"@type\":\"ReadAction\",\"target\":[\"https:\/\/www.sonoraenequipo.com.mx\/trump-y-harris-intercambian-insultos-en-la-campana-presidencial-de-eeuu\/\"]}]},{\"@type\":\"ImageObject\",\"inLanguage\":\"es\",\"@id\":\"https:\/\/www.sonoraenequipo.com.mx\/trump-y-harris-intercambian-insultos-en-la-campana-presidencial-de-eeuu\/#primaryimage\",\"url\":\"https:\/\/www.sonoraenequipo.com.mx\/storage\/2024\/07\/harris-biden.jpg\",\"contentUrl\":\"https:\/\/www.sonoraenequipo.com.mx\/storage\/2024\/07\/harris-biden.jpg\",\"width\":600,\"height\":337},{\"@type\":\"BreadcrumbList\",\"@id\":\"https:\/\/www.sonoraenequipo.com.mx\/trump-y-harris-intercambian-insultos-en-la-campana-presidencial-de-eeuu\/#breadcrumb\",\"itemListElement\":[{\"@type\":\"ListItem\",\"position\":1,\"name\":\"Portada\",\"item\":\"https:\/\/www.sonoraenequipo.com.mx\/\"},{\"@type\":\"ListItem\",\"position\":2,\"name\":\"Trump y Harris intercambian insultos en la campa\u00f1a presidencial de EEUU\"}]},{\"@type\":\"WebSite\",\"@id\":\"https:\/\/www.sonoraenequipo.com.mx\/#website\",\"url\":\"https:\/\/www.sonoraenequipo.com.mx\/\",\"name\":\"Sonora en Equipo.\",\"description\":\"Diario en l\u00ednea con Noticias desde Hermosillo, Sonora\",\"publisher\":{\"@id\":\"https:\/\/www.sonoraenequipo.com.mx\/#organization\"},\"potentialAction\":[{\"@type\":\"SearchAction\",\"target\":{\"@type\":\"EntryPoint\",\"urlTemplate\":\"https:\/\/www.sonoraenequipo.com.mx\/?s={search_term_string}\"},\"query-input\":{\"@type\":\"PropertyValueSpecification\",\"valueRequired\":true,\"valueName\":\"search_term_string\"}}],\"inLanguage\":\"es\"},{\"@type\":\"Organization\",\"@id\":\"https:\/\/www.sonoraenequipo.com.mx\/#organization\",\"name\":\"Sonoraenequipo.com.mx\",\"url\":\"https:\/\/www.sonoraenequipo.com.mx\/\",\"logo\":{\"@type\":\"ImageObject\",\"inLanguage\":\"es\",\"@id\":\"https:\/\/www.sonoraenequipo.com.mx\/#\/schema\/logo\/image\/\",\"url\":\"https:\/\/www.sonoraenequipo.com.mx\/storage\/2019\/01\/sonoraenequipo_opt.png\",\"contentUrl\":\"https:\/\/www.sonoraenequipo.com.mx\/storage\/2019\/01\/sonoraenequipo_opt.png\",\"width\":375,\"height\":125,\"caption\":\"Sonoraenequipo.com.mx\"},\"image\":{\"@id\":\"https:\/\/www.sonoraenequipo.com.mx\/#\/schema\/logo\/image\/\"},\"sameAs\":[\"https:\/\/www.facebook.com\/SonoraEE\/\",\"https:\/\/x.com\/sonoraenequipo\",\"https:\/\/www.youtube.com\/channel\/UC338nW-lPEYmJQs4ZABQ1SQ\"]},{\"@type\":\"Person\",\"@id\":\"https:\/\/www.sonoraenequipo.com.mx\/#\/schema\/person\/50102df0fb23a8fa9e8effad8fa81386\",\"name\":\"enequipo\",\"image\":{\"@type\":\"ImageObject\",\"inLanguage\":\"es\",\"@id\":\"https:\/\/www.sonoraenequipo.com.mx\/#\/schema\/person\/image\/\",\"url\":\"https:\/\/secure.gravatar.com\/avatar\/049821681b589dabc0bc20695993ccebb09f5b5d4d790cd9251b97faac7c652b?s=96&d=blank&r=g\",\"contentUrl\":\"https:\/\/secure.gravatar.com\/avatar\/049821681b589dabc0bc20695993ccebb09f5b5d4d790cd9251b97faac7c652b?s=96&d=blank&r=g\",\"caption\":\"enequipo\"},\"sameAs\":[\"https:\/\/www.facebook.com\/SonoraEE\"]}]}<\/script>\n ","yoast_head_json":{"title":"Sonora en Equipo. Trump y Harris intercambian insultos en la campa\u00f1a presidencial de EEUU MUNDO","description":"La carrera por la presidencia de Estados Unidos recibi\u00f3 una dosis de nueva energ\u00eda el martes, con el expresidente Donald Trump y su nueva oponente En Sonora en Equipo publicamos toda la informaci\u00f3n de Sonora, M\u00e9xico y el Mundo de manera oportuna y busca que la libertad de expresi\u00f3n sea real. Visita nuestro medio informativo publicado desde Hermosillo, Sonora. %","robots":{"index":"index","follow":"follow","max-snippet":"max-snippet:-1","max-image-preview":"max-image-preview:large","max-video-preview":"max-video-preview:-1"},"canonical":"https:\/\/www.sonoraenequipo.com.mx\/trump-y-harris-intercambian-insultos-en-la-campana-presidencial-de-eeuu\/","og_locale":"es_ES","og_type":"article","og_title":"Sonora en Equipo. Trump y Harris intercambian insultos en la campa\u00f1a presidencial de EEUU MUNDO","og_description":"La carrera por la presidencia de Estados Unidos recibi\u00f3 una dosis de nueva energ\u00eda el martes, con el expresidente Donald Trump y su nueva oponente En Sonora en Equipo publicamos toda la informaci\u00f3n de Sonora, M\u00e9xico y el Mundo de manera oportuna y busca que la libertad de expresi\u00f3n sea real. Visita nuestro medio informativo publicado desde Hermosillo, Sonora. %","og_url":"https:\/\/www.sonoraenequipo.com.mx\/trump-y-harris-intercambian-insultos-en-la-campana-presidencial-de-eeuu\/","og_site_name":"Sonora en Equipo.","article_publisher":"https:\/\/www.facebook.com\/SonoraEE\/","article_author":"https:\/\/www.facebook.com\/SonoraEE","article_published_time":"2024-07-24T20:16:59+00:00","og_image":[{"width":600,"height":337,"url":"https:\/\/www.sonoraenequipo.com.mx\/storage\/2024\/07\/harris-biden.jpg","type":"image\/jpeg"}],"author":"enequipo","twitter_card":"summary_large_image","twitter_creator":"@sonoraenequipo","twitter_site":"@sonoraenequipo","twitter_misc":{"Escrito por":"enequipo","Tiempo de lectura":"7 minutos"},"schema":{"@context":"https:\/\/schema.org","@graph":[{"@type":"Article","@id":"https:\/\/www.sonoraenequipo.com.mx\/trump-y-harris-intercambian-insultos-en-la-campana-presidencial-de-eeuu\/#article","isPartOf":{"@id":"https:\/\/www.sonoraenequipo.com.mx\/trump-y-harris-intercambian-insultos-en-la-campana-presidencial-de-eeuu\/"},"author":{"name":"enequipo","@id":"https:\/\/www.sonoraenequipo.com.mx\/#\/schema\/person\/50102df0fb23a8fa9e8effad8fa81386"},"headline":"Trump y Harris intercambian insultos en la campa\u00f1a presidencial de EEUU","datePublished":"2024-07-24T20:16:59+00:00","mainEntityOfPage":{"@id":"https:\/\/www.sonoraenequipo.com.mx\/trump-y-harris-intercambian-insultos-en-la-campana-presidencial-de-eeuu\/"},"wordCount":1511,"commentCount":0,"publisher":{"@id":"https:\/\/www.sonoraenequipo.com.mx\/#organization"},"image":{"@id":"https:\/\/www.sonoraenequipo.com.mx\/trump-y-harris-intercambian-insultos-en-la-campana-presidencial-de-eeuu\/#primaryimage"},"thumbnailUrl":"https:\/\/www.sonoraenequipo.com.mx\/storage\/2024\/07\/harris-biden.jpg","keywords":["EE UU","elecciones"],"articleSection":["MUNDO"],"inLanguage":"es","potentialAction":[{"@type":"CommentAction","name":"Comment","target":["https:\/\/www.sonoraenequipo.com.mx\/trump-y-harris-intercambian-insultos-en-la-campana-presidencial-de-eeuu\/#respond"]}]},{"@type":"WebPage","@id":"https:\/\/www.sonoraenequipo.com.mx\/trump-y-harris-intercambian-insultos-en-la-campana-presidencial-de-eeuu\/","url":"https:\/\/www.sonoraenequipo.com.mx\/trump-y-harris-intercambian-insultos-en-la-campana-presidencial-de-eeuu\/","name":"Sonora en Equipo. Trump y Harris intercambian insultos en la campa\u00f1a presidencial de EEUU MUNDO","isPartOf":{"@id":"https:\/\/www.sonoraenequipo.com.mx\/#website"},"primaryImageOfPage":{"@id":"https:\/\/www.sonoraenequipo.com.mx\/trump-y-harris-intercambian-insultos-en-la-campana-presidencial-de-eeuu\/#primaryimage"},"image":{"@id":"https:\/\/www.sonoraenequipo.com.mx\/trump-y-harris-intercambian-insultos-en-la-campana-presidencial-de-eeuu\/#primaryimage"},"thumbnailUrl":"https:\/\/www.sonoraenequipo.com.mx\/storage\/2024\/07\/harris-biden.jpg","datePublished":"2024-07-24T20:16:59+00:00","description":"La carrera por la presidencia de Estados Unidos recibi\u00f3 una dosis de nueva energ\u00eda el martes, con el expresidente Donald Trump y su nueva oponente En Sonora en Equipo publicamos toda la informaci\u00f3n de Sonora, M\u00e9xico y el Mundo de manera oportuna y busca que la libertad de expresi\u00f3n sea real. Visita nuestro medio informativo publicado desde Hermosillo, Sonora. %","breadcrumb":{"@id":"https:\/\/www.sonoraenequipo.com.mx\/trump-y-harris-intercambian-insultos-en-la-campana-presidencial-de-eeuu\/#breadcrumb"},"inLanguage":"es","potentialAction":[{"@type":"ReadAction","target":["https:\/\/www.sonoraenequipo.com.mx\/trump-y-harris-intercambian-insultos-en-la-campana-presidencial-de-eeuu\/"]}]},{"@type":"ImageObject","inLanguage":"es","@id":"https:\/\/www.sonoraenequipo.com.mx\/trump-y-harris-intercambian-insultos-en-la-campana-presidencial-de-eeuu\/#primaryimage","url":"https:\/\/www.sonoraenequipo.com.mx\/storage\/2024\/07\/harris-biden.jpg","contentUrl":"https:\/\/www.sonoraenequipo.com.mx\/storage\/2024\/07\/harris-biden.jpg","width":600,"height":337},{"@type":"BreadcrumbList","@id":"https:\/\/www.sonoraenequipo.com.mx\/trump-y-harris-intercambian-insultos-en-la-campana-presidencial-de-eeuu\/#breadcrumb","itemListElement":[{"@type":"ListItem","position":1,"name":"Portada","item":"https:\/\/www.sonoraenequipo.com.mx\/"},{"@type":"ListItem","position":2,"name":"Trump y Harris intercambian insultos en la campa\u00f1a presidencial de EEUU"}]},{"@type":"WebSite","@id":"https:\/\/www.sonoraenequipo.com.mx\/#website","url":"https:\/\/www.sonoraenequipo.com.mx\/","name":"Sonora en Equipo.","description":"Diario en l\u00ednea con Noticias desde Hermosillo, Sonora","publisher":{"@id":"https:\/\/www.sonoraenequipo.com.mx\/#organization"},"potentialAction":[{"@type":"SearchAction","target":{"@type":"EntryPoint","urlTemplate":"https:\/\/www.sonoraenequipo.com.mx\/?s={search_term_string}"},"query-input":{"@type":"PropertyValueSpecification","valueRequired":true,"valueName":"search_term_string"}}],"inLanguage":"es"},{"@type":"Organization","@id":"https:\/\/www.sonoraenequipo.com.mx\/#organization","name":"Sonoraenequipo.com.mx","url":"https:\/\/www.sonoraenequipo.com.mx\/","logo":{"@type":"ImageObject","inLanguage":"es","@id":"https:\/\/www.sonoraenequipo.com.mx\/#\/schema\/logo\/image\/","url":"https:\/\/www.sonoraenequipo.com.mx\/storage\/2019\/01\/sonoraenequipo_opt.png","contentUrl":"https:\/\/www.sonoraenequipo.com.mx\/storage\/2019\/01\/sonoraenequipo_opt.png","width":375,"height":125,"caption":"Sonoraenequipo.com.mx"},"image":{"@id":"https:\/\/www.sonoraenequipo.com.mx\/#\/schema\/logo\/image\/"},"sameAs":["https:\/\/www.facebook.com\/SonoraEE\/","https:\/\/x.com\/sonoraenequipo","https:\/\/www.youtube.com\/channel\/UC338nW-lPEYmJQs4ZABQ1SQ"]},{"@type":"Person","@id":"https:\/\/www.sonoraenequipo.com.mx\/#\/schema\/person\/50102df0fb23a8fa9e8effad8fa81386","name":"enequipo","image":{"@type":"ImageObject","inLanguage":"es","@id":"https:\/\/www.sonoraenequipo.com.mx\/#\/schema\/person\/image\/","url":"https:\/\/secure.gravatar.com\/avatar\/049821681b589dabc0bc20695993ccebb09f5b5d4d790cd9251b97faac7c652b?s=96&d=blank&r=g","contentUrl":"https:\/\/secure.gravatar.com\/avatar\/049821681b589dabc0bc20695993ccebb09f5b5d4d790cd9251b97faac7c652b?s=96&d=blank&r=g","caption":"enequipo"},"sameAs":["https:\/\/www.facebook.com\/SonoraEE"]}]}},"jetpack_featured_media_url":"https:\/\/www.sonoraenequipo.com.mx\/storage\/2024\/07\/harris-biden.jpg","_links":{"self":[{"href":"https:\/\/www.sonoraenequipo.com.mx\/api\/wp\/v2\/posts\/195281","targetHints":{"allow":["GET"]}}],"collection":[{"href":"https:\/\/www.sonoraenequipo.com.mx\/api\/wp\/v2\/posts"}],"about":[{"href":"https:\/\/www.sonoraenequipo.com.mx\/api\/wp\/v2\/types\/post"}],"author":[{"embeddable":true,"href":"https:\/\/www.sonoraenequipo.com.mx\/api\/wp\/v2\/users\/1"}],"replies":[{"embeddable":true,"href":"https:\/\/www.sonoraenequipo.com.mx\/api\/wp\/v2\/comments?post=195281"}],"version-history":[{"count":1,"href":"https:\/\/www.sonoraenequipo.com.mx\/api\/wp\/v2\/posts\/195281\/revisions"}],"predecessor-version":[{"id":195283,"href":"https:\/\/www.sonoraenequipo.com.mx\/api\/wp\/v2\/posts\/195281\/revisions\/195283"}],"wp:featuredmedia":[{"embeddable":true,"href":"https:\/\/www.sonoraenequipo.com.mx\/api\/wp\/v2\/media\/195282"}],"wp:attachment":[{"href":"https:\/\/www.sonoraenequipo.com.mx\/api\/wp\/v2\/media?parent=195281"}],"wp:term":[{"taxonomy":"category","embeddable":true,"href":"https:\/\/www.sonoraenequipo.com.mx\/api\/wp\/v2\/categories?post=195281"},{"taxonomy":"post_tag","embeddable":true,"href":"https:\/\/www.sonoraenequipo.com.mx\/api\/wp\/v2\/tags?post=195281"}],"curies":[{"name":"wp","href":"https:\/\/api.w.org\/{rel}","templated":true}]}}