{"id":195312,"date":"2024-07-24T18:55:00","date_gmt":"2024-07-25T01:55:00","guid":{"rendered":"https:\/\/www.sonoraenequipo.com.mx\/?p=195312"},"modified":"2024-07-24T20:55:08","modified_gmt":"2024-07-25T03:55:08","slug":"uth-abre-800-nuevos-espacios-para-el-proximo-ciclo-escolar","status":"publish","type":"post","link":"https:\/\/www.sonoraenequipo.com.mx\/uth-abre-800-nuevos-espacios-para-el-proximo-ciclo-escolar\/","title":{"rendered":"UTH abre 800 nuevos espacios para el pr\u00f3ximo ciclo escolar"},"content":{"rendered":"<p><strong>HERMOSILLO, SONORA, MX.<\/strong> \u2014Con el objetivo de aumentar las oportunidades de las y los j\u00f3venes sonorenses de obtener una educaci\u00f3n superior de calidad, la Universidad Tecnol\u00f3gica de Hermosillo (UTH) abrir\u00e1 lugares para 800 aspirantes de nuevo ingreso en sus 13 programas educativos.<\/p>\n<p>Mart\u00edn Garc\u00eda Enr\u00edquez, subdirector de Servicios Escolares de la instituci\u00f3n, coment\u00f3 que los interesados podr\u00e1n registrarse de maneara virtual en el sitio <a href=\"http:\/\/www.uthermosillo.edu.mx\">www.uthermosillo.edu.mx <\/a>hasta el 31 de agosto.<\/p>\n<p>El proceso tiene un costo de inscripci\u00f3n de 2 mil 300 pesos, lo que incluye la plataforma, el libro de ingl\u00e9s y el examen diagn\u00f3stico.<\/p>\n<p>La oferta acad\u00e9mica de la UTH ofrece ingenier\u00edas en Manufactura Aeron\u00e1utica, Mecatr\u00f3nica, Redes Inteligentes y Ciberseguridad, Desarrollo y Gesti\u00f3n de Software, Industrial, Miner\u00eda y Energ\u00edas Renovables.<\/p>\n<p>De igual manera, se cuenta con las licenciaturas en Gesti\u00f3n de Negocios y Proyectos, Innovaci\u00f3n de Negocios y Mercadotecnia, Gastronom\u00eda, y, Protecci\u00f3n Civil y Emergencias.<\/p>\n<p>Garc\u00eda Enr\u00edquez detall\u00f3 que se abrir\u00e1 la Modalidad Mixta para el programa educativo de ingenier\u00eda en Mecatr\u00f3nica, con el fin de ofrecer flexibilidad de horarios a aquellos aspirantes que estudien y trabajen.<\/p>\n<p>Asimismo, enfatiz\u00f3 que personal se quedar\u00e1 de guardia durante el periodo vacacional, con el fin de atender a las y los aspirantes que requieran entregar su documentaci\u00f3n en el Departamento de Servicios Escolares. O para mayores informes pueden marcar a los tel\u00e9fonos 6622 51 11 00 al 04 ext. 1086.<\/p>\n<p><strong>Fecha de publicaci\u00f3n mi\u00e9rcoles 24 de julio de 2024<\/strong><\/p>\n","protected":false},"excerpt":{"rendered":"<p>HERMOSILLO, SONORA, MX. \u2014Con el objetivo de aumentar las oportunidades de las y los j\u00f3venes&#8230;<\/p>\n","protected":false},"author":1,"featured_media":195314,"comment_status":"open","ping_status":"open","sticky":false,"template":"","format":"standard","meta":{"_monsterinsights_skip_tracking":false,"_monsterinsights_sitenote_active":false,"_monsterinsights_sitenote_note":"","_monsterinsights_sitenote_category":0,"footnotes":""},"categories":[22],"tags":[35,7280],"class_list":["post"],"yoast_head":" \n<title>Sonora en Equipo. UTH abre 800 nuevos espacios para el pr\u00f3ximo ciclo escolar Sonora<\/title>\n<meta name=\"description\" content=\"HERMOSILLO, SONORA, MX. \u2014Con el objetivo de aumentar las oportunidades de las y los j\u00f3venes sonorenses de obtener una educaci\u00f3n superior de calidad, la En Sonora en Equipo publicamos toda la informaci\u00f3n de Sonora, M\u00e9xico y el Mundo de manera oportuna y busca que la libertad de expresi\u00f3n sea real. Visita nuestro medio informativo publicado desde Hermosillo, Sonora. %\" \/>\n<meta name=\"robots\" content=\"index, follow, max-snippet:-1, max-image-preview:large, max-video-preview:-1\" \/>\n<link rel=\"canonical\" href=\"https:\/\/www.sonoraenequipo.com.mx\/uth-abre-800-nuevos-espacios-para-el-proximo-ciclo-escolar\/\" \/>\n<meta property=\"og:locale\" content=\"es_ES\" \/>\n<meta property=\"og:type\" content=\"article\" \/>\n<meta property=\"og:title\" content=\"Sonora en Equipo. UTH abre 800 nuevos espacios para el pr\u00f3ximo ciclo escolar Sonora\" \/>\n<meta property=\"og:description\" content=\"HERMOSILLO, SONORA, MX. \u2014Con el objetivo de aumentar las oportunidades de las y los j\u00f3venes sonorenses de obtener una educaci\u00f3n superior de calidad, la En Sonora en Equipo publicamos toda la informaci\u00f3n de Sonora, M\u00e9xico y el Mundo de manera oportuna y busca que la libertad de expresi\u00f3n sea real. Visita nuestro medio informativo publicado desde Hermosillo, Sonora. %\" \/>\n<meta property=\"og:url\" content=\"https:\/\/www.sonoraenequipo.com.mx\/uth-abre-800-nuevos-espacios-para-el-proximo-ciclo-escolar\/\" \/>\n<meta property=\"og:site_name\" content=\"Sonora en Equipo.\" \/>\n<meta property=\"article:publisher\" content=\"https:\/\/www.facebook.com\/SonoraEE\/\" \/>\n<meta property=\"article:author\" content=\"https:\/\/www.facebook.com\/SonoraEE\" \/>\n<meta property=\"article:published_time\" content=\"2024-07-25T01:55:00+00:00\" \/>\n<meta property=\"article:modified_time\" content=\"2024-07-25T03:55:08+00:00\" \/>\n<meta property=\"og:image\" content=\"https:\/\/www.sonoraenequipo.com.mx\/storage\/2024\/07\/uth.jpg\" \/>\n\t<meta property=\"og:image:width\" content=\"600\" \/>\n\t<meta property=\"og:image:height\" content=\"400\" \/>\n\t<meta property=\"og:image:type\" content=\"image\/jpeg\" \/>\n<meta name=\"author\" content=\"enequipo\" \/>\n<meta name=\"twitter:card\" content=\"summary_large_image\" \/>\n<meta name=\"twitter:creator\" content=\"@sonoraenequipo\" \/>\n<meta name=\"twitter:site\" content=\"@sonoraenequipo\" \/>\n<meta name=\"twitter:label1\" content=\"Escrito por\" \/>\n\t<meta name=\"twitter:data1\" content=\"enequipo\" \/>\n\t<meta name=\"twitter:label2\" content=\"Tiempo de lectura\" \/>\n\t<meta name=\"twitter:data2\" content=\"1 minuto\" \/>\n<script type=\"application\/ld+json\" class=\"yoast-schema-graph\">{\"@context\":\"https:\/\/schema.org\",\"@graph\":[{\"@type\":\"Article\",\"@id\":\"https:\/\/www.sonoraenequipo.com.mx\/uth-abre-800-nuevos-espacios-para-el-proximo-ciclo-escolar\/#article\",\"isPartOf\":{\"@id\":\"https:\/\/www.sonoraenequipo.com.mx\/uth-abre-800-nuevos-espacios-para-el-proximo-ciclo-escolar\/\"},\"author\":{\"name\":\"enequipo\",\"@id\":\"https:\/\/www.sonoraenequipo.com.mx\/#\/schema\/person\/50102df0fb23a8fa9e8effad8fa81386\"},\"headline\":\"UTH abre 800 nuevos espacios para el pr\u00f3ximo ciclo escolar\",\"datePublished\":\"2024-07-25T01:55:00+00:00\",\"dateModified\":\"2024-07-25T03:55:08+00:00\",\"mainEntityOfPage\":{\"@id\":\"https:\/\/www.sonoraenequipo.com.mx\/uth-abre-800-nuevos-espacios-para-el-proximo-ciclo-escolar\/\"},\"wordCount\":267,\"commentCount\":0,\"publisher\":{\"@id\":\"https:\/\/www.sonoraenequipo.com.mx\/#organization\"},\"image\":{\"@id\":\"https:\/\/www.sonoraenequipo.com.mx\/uth-abre-800-nuevos-espacios-para-el-proximo-ciclo-escolar\/#primaryimage\"},\"thumbnailUrl\":\"https:\/\/www.sonoraenequipo.com.mx\/storage\/2024\/07\/uth.jpg\",\"keywords\":[\"hermosillo\",\"ut\"],\"articleSection\":[\"Sonora\"],\"inLanguage\":\"es\",\"potentialAction\":[{\"@type\":\"CommentAction\",\"name\":\"Comment\",\"target\":[\"https:\/\/www.sonoraenequipo.com.mx\/uth-abre-800-nuevos-espacios-para-el-proximo-ciclo-escolar\/#respond\"]}]},{\"@type\":\"WebPage\",\"@id\":\"https:\/\/www.sonoraenequipo.com.mx\/uth-abre-800-nuevos-espacios-para-el-proximo-ciclo-escolar\/\",\"url\":\"https:\/\/www.sonoraenequipo.com.mx\/uth-abre-800-nuevos-espacios-para-el-proximo-ciclo-escolar\/\",\"name\":\"Sonora en Equipo. UTH abre 800 nuevos espacios para el pr\u00f3ximo ciclo escolar Sonora\",\"isPartOf\":{\"@id\":\"https:\/\/www.sonoraenequipo.com.mx\/#website\"},\"primaryImageOfPage\":{\"@id\":\"https:\/\/www.sonoraenequipo.com.mx\/uth-abre-800-nuevos-espacios-para-el-proximo-ciclo-escolar\/#primaryimage\"},\"image\":{\"@id\":\"https:\/\/www.sonoraenequipo.com.mx\/uth-abre-800-nuevos-espacios-para-el-proximo-ciclo-escolar\/#primaryimage\"},\"thumbnailUrl\":\"https:\/\/www.sonoraenequipo.com.mx\/storage\/2024\/07\/uth.jpg\",\"datePublished\":\"2024-07-25T01:55:00+00:00\",\"dateModified\":\"2024-07-25T03:55:08+00:00\",\"description\":\"HERMOSILLO, SONORA, MX. \u2014Con el objetivo de aumentar las oportunidades de las y los j\u00f3venes sonorenses de obtener una educaci\u00f3n superior de calidad, la En Sonora en Equipo publicamos toda la informaci\u00f3n de Sonora, M\u00e9xico y el Mundo de manera oportuna y busca que la libertad de expresi\u00f3n sea real. Visita nuestro medio informativo publicado desde Hermosillo, Sonora. %\",\"breadcrumb\":{\"@id\":\"https:\/\/www.sonoraenequipo.com.mx\/uth-abre-800-nuevos-espacios-para-el-proximo-ciclo-escolar\/#breadcrumb\"},\"inLanguage\":\"es\",\"potentialAction\":[{\"@type\":\"ReadAction\",\"target\":[\"https:\/\/www.sonoraenequipo.com.mx\/uth-abre-800-nuevos-espacios-para-el-proximo-ciclo-escolar\/\"]}]},{\"@type\":\"ImageObject\",\"inLanguage\":\"es\",\"@id\":\"https:\/\/www.sonoraenequipo.com.mx\/uth-abre-800-nuevos-espacios-para-el-proximo-ciclo-escolar\/#primaryimage\",\"url\":\"https:\/\/www.sonoraenequipo.com.mx\/storage\/2024\/07\/uth.jpg\",\"contentUrl\":\"https:\/\/www.sonoraenequipo.com.mx\/storage\/2024\/07\/uth.jpg\",\"width\":600,\"height\":400},{\"@type\":\"BreadcrumbList\",\"@id\":\"https:\/\/www.sonoraenequipo.com.mx\/uth-abre-800-nuevos-espacios-para-el-proximo-ciclo-escolar\/#breadcrumb\",\"itemListElement\":[{\"@type\":\"ListItem\",\"position\":1,\"name\":\"Portada\",\"item\":\"https:\/\/www.sonoraenequipo.com.mx\/\"},{\"@type\":\"ListItem\",\"position\":2,\"name\":\"UTH abre 800 nuevos espacios para el pr\u00f3ximo ciclo escolar\"}]},{\"@type\":\"WebSite\",\"@id\":\"https:\/\/www.sonoraenequipo.com.mx\/#website\",\"url\":\"https:\/\/www.sonoraenequipo.com.mx\/\",\"name\":\"Sonora en Equipo.\",\"description\":\"Diario en l\u00ednea con Noticias desde Hermosillo, Sonora\",\"publisher\":{\"@id\":\"https:\/\/www.sonoraenequipo.com.mx\/#organization\"},\"potentialAction\":[{\"@type\":\"SearchAction\",\"target\":{\"@type\":\"EntryPoint\",\"urlTemplate\":\"https:\/\/www.sonoraenequipo.com.mx\/?s={search_term_string}\"},\"query-input\":{\"@type\":\"PropertyValueSpecification\",\"valueRequired\":true,\"valueName\":\"search_term_string\"}}],\"inLanguage\":\"es\"},{\"@type\":\"Organization\",\"@id\":\"https:\/\/www.sonoraenequipo.com.mx\/#organization\",\"name\":\"Sonoraenequipo.com.mx\",\"url\":\"https:\/\/www.sonoraenequipo.com.mx\/\",\"logo\":{\"@type\":\"ImageObject\",\"inLanguage\":\"es\",\"@id\":\"https:\/\/www.sonoraenequipo.com.mx\/#\/schema\/logo\/image\/\",\"url\":\"https:\/\/www.sonoraenequipo.com.mx\/storage\/2019\/01\/sonoraenequipo_opt.png\",\"contentUrl\":\"https:\/\/www.sonoraenequipo.com.mx\/storage\/2019\/01\/sonoraenequipo_opt.png\",\"width\":375,\"height\":125,\"caption\":\"Sonoraenequipo.com.mx\"},\"image\":{\"@id\":\"https:\/\/www.sonoraenequipo.com.mx\/#\/schema\/logo\/image\/\"},\"sameAs\":[\"https:\/\/www.facebook.com\/SonoraEE\/\",\"https:\/\/x.com\/sonoraenequipo\",\"https:\/\/www.youtube.com\/channel\/UC338nW-lPEYmJQs4ZABQ1SQ\"]},{\"@type\":\"Person\",\"@id\":\"https:\/\/www.sonoraenequipo.com.mx\/#\/schema\/person\/50102df0fb23a8fa9e8effad8fa81386\",\"name\":\"enequipo\",\"image\":{\"@type\":\"ImageObject\",\"inLanguage\":\"es\",\"@id\":\"https:\/\/www.sonoraenequipo.com.mx\/#\/schema\/person\/image\/\",\"url\":\"https:\/\/secure.gravatar.com\/avatar\/049821681b589dabc0bc20695993ccebb09f5b5d4d790cd9251b97faac7c652b?s=96&d=blank&r=g\",\"contentUrl\":\"https:\/\/secure.gravatar.com\/avatar\/049821681b589dabc0bc20695993ccebb09f5b5d4d790cd9251b97faac7c652b?s=96&d=blank&r=g\",\"caption\":\"enequipo\"},\"sameAs\":[\"https:\/\/www.facebook.com\/SonoraEE\"]}]}<\/script>\n ","yoast_head_json":{"title":"Sonora en Equipo. UTH abre 800 nuevos espacios para el pr\u00f3ximo ciclo escolar Sonora","description":"HERMOSILLO, SONORA, MX. \u2014Con el objetivo de aumentar las oportunidades de las y los j\u00f3venes sonorenses de obtener una educaci\u00f3n superior de calidad, la En Sonora en Equipo publicamos toda la informaci\u00f3n de Sonora, M\u00e9xico y el Mundo de manera oportuna y busca que la libertad de expresi\u00f3n sea real. Visita nuestro medio informativo publicado desde Hermosillo, Sonora. %","robots":{"index":"index","follow":"follow","max-snippet":"max-snippet:-1","max-image-preview":"max-image-preview:large","max-video-preview":"max-video-preview:-1"},"canonical":"https:\/\/www.sonoraenequipo.com.mx\/uth-abre-800-nuevos-espacios-para-el-proximo-ciclo-escolar\/","og_locale":"es_ES","og_type":"article","og_title":"Sonora en Equipo. UTH abre 800 nuevos espacios para el pr\u00f3ximo ciclo escolar Sonora","og_description":"HERMOSILLO, SONORA, MX. \u2014Con el objetivo de aumentar las oportunidades de las y los j\u00f3venes sonorenses de obtener una educaci\u00f3n superior de calidad, la En Sonora en Equipo publicamos toda la informaci\u00f3n de Sonora, M\u00e9xico y el Mundo de manera oportuna y busca que la libertad de expresi\u00f3n sea real. Visita nuestro medio informativo publicado desde Hermosillo, Sonora. %","og_url":"https:\/\/www.sonoraenequipo.com.mx\/uth-abre-800-nuevos-espacios-para-el-proximo-ciclo-escolar\/","og_site_name":"Sonora en Equipo.","article_publisher":"https:\/\/www.facebook.com\/SonoraEE\/","article_author":"https:\/\/www.facebook.com\/SonoraEE","article_published_time":"2024-07-25T01:55:00+00:00","article_modified_time":"2024-07-25T03:55:08+00:00","og_image":[{"width":600,"height":400,"url":"https:\/\/www.sonoraenequipo.com.mx\/storage\/2024\/07\/uth.jpg","type":"image\/jpeg"}],"author":"enequipo","twitter_card":"summary_large_image","twitter_creator":"@sonoraenequipo","twitter_site":"@sonoraenequipo","twitter_misc":{"Escrito por":"enequipo","Tiempo de lectura":"1 minuto"},"schema":{"@context":"https:\/\/schema.org","@graph":[{"@type":"Article","@id":"https:\/\/www.sonoraenequipo.com.mx\/uth-abre-800-nuevos-espacios-para-el-proximo-ciclo-escolar\/#article","isPartOf":{"@id":"https:\/\/www.sonoraenequipo.com.mx\/uth-abre-800-nuevos-espacios-para-el-proximo-ciclo-escolar\/"},"author":{"name":"enequipo","@id":"https:\/\/www.sonoraenequipo.com.mx\/#\/schema\/person\/50102df0fb23a8fa9e8effad8fa81386"},"headline":"UTH abre 800 nuevos espacios para el pr\u00f3ximo ciclo escolar","datePublished":"2024-07-25T01:55:00+00:00","dateModified":"2024-07-25T03:55:08+00:00","mainEntityOfPage":{"@id":"https:\/\/www.sonoraenequipo.com.mx\/uth-abre-800-nuevos-espacios-para-el-proximo-ciclo-escolar\/"},"wordCount":267,"commentCount":0,"publisher":{"@id":"https:\/\/www.sonoraenequipo.com.mx\/#organization"},"image":{"@id":"https:\/\/www.sonoraenequipo.com.mx\/uth-abre-800-nuevos-espacios-para-el-proximo-ciclo-escolar\/#primaryimage"},"thumbnailUrl":"https:\/\/www.sonoraenequipo.com.mx\/storage\/2024\/07\/uth.jpg","keywords":["hermosillo","ut"],"articleSection":["Sonora"],"inLanguage":"es","potentialAction":[{"@type":"CommentAction","name":"Comment","target":["https:\/\/www.sonoraenequipo.com.mx\/uth-abre-800-nuevos-espacios-para-el-proximo-ciclo-escolar\/#respond"]}]},{"@type":"WebPage","@id":"https:\/\/www.sonoraenequipo.com.mx\/uth-abre-800-nuevos-espacios-para-el-proximo-ciclo-escolar\/","url":"https:\/\/www.sonoraenequipo.com.mx\/uth-abre-800-nuevos-espacios-para-el-proximo-ciclo-escolar\/","name":"Sonora en Equipo. UTH abre 800 nuevos espacios para el pr\u00f3ximo ciclo escolar Sonora","isPartOf":{"@id":"https:\/\/www.sonoraenequipo.com.mx\/#website"},"primaryImageOfPage":{"@id":"https:\/\/www.sonoraenequipo.com.mx\/uth-abre-800-nuevos-espacios-para-el-proximo-ciclo-escolar\/#primaryimage"},"image":{"@id":"https:\/\/www.sonoraenequipo.com.mx\/uth-abre-800-nuevos-espacios-para-el-proximo-ciclo-escolar\/#primaryimage"},"thumbnailUrl":"https:\/\/www.sonoraenequipo.com.mx\/storage\/2024\/07\/uth.jpg","datePublished":"2024-07-25T01:55:00+00:00","dateModified":"2024-07-25T03:55:08+00:00","description":"HERMOSILLO, SONORA, MX. \u2014Con el objetivo de aumentar las oportunidades de las y los j\u00f3venes sonorenses de obtener una educaci\u00f3n superior de calidad, la En Sonora en Equipo publicamos toda la informaci\u00f3n de Sonora, M\u00e9xico y el Mundo de manera oportuna y busca que la libertad de expresi\u00f3n sea real. Visita nuestro medio informativo publicado desde Hermosillo, Sonora. %","breadcrumb":{"@id":"https:\/\/www.sonoraenequipo.com.mx\/uth-abre-800-nuevos-espacios-para-el-proximo-ciclo-escolar\/#breadcrumb"},"inLanguage":"es","potentialAction":[{"@type":"ReadAction","target":["https:\/\/www.sonoraenequipo.com.mx\/uth-abre-800-nuevos-espacios-para-el-proximo-ciclo-escolar\/"]}]},{"@type":"ImageObject","inLanguage":"es","@id":"https:\/\/www.sonoraenequipo.com.mx\/uth-abre-800-nuevos-espacios-para-el-proximo-ciclo-escolar\/#primaryimage","url":"https:\/\/www.sonoraenequipo.com.mx\/storage\/2024\/07\/uth.jpg","contentUrl":"https:\/\/www.sonoraenequipo.com.mx\/storage\/2024\/07\/uth.jpg","width":600,"height":400},{"@type":"BreadcrumbList","@id":"https:\/\/www.sonoraenequipo.com.mx\/uth-abre-800-nuevos-espacios-para-el-proximo-ciclo-escolar\/#breadcrumb","itemListElement":[{"@type":"ListItem","position":1,"name":"Portada","item":"https:\/\/www.sonoraenequipo.com.mx\/"},{"@type":"ListItem","position":2,"name":"UTH abre 800 nuevos espacios para el pr\u00f3ximo ciclo escolar"}]},{"@type":"WebSite","@id":"https:\/\/www.sonoraenequipo.com.mx\/#website","url":"https:\/\/www.sonoraenequipo.com.mx\/","name":"Sonora en Equipo.","description":"Diario en l\u00ednea con Noticias desde Hermosillo, Sonora","publisher":{"@id":"https:\/\/www.sonoraenequipo.com.mx\/#organization"},"potentialAction":[{"@type":"SearchAction","target":{"@type":"EntryPoint","urlTemplate":"https:\/\/www.sonoraenequipo.com.mx\/?s={search_term_string}"},"query-input":{"@type":"PropertyValueSpecification","valueRequired":true,"valueName":"search_term_string"}}],"inLanguage":"es"},{"@type":"Organization","@id":"https:\/\/www.sonoraenequipo.com.mx\/#organization","name":"Sonoraenequipo.com.mx","url":"https:\/\/www.sonoraenequipo.com.mx\/","logo":{"@type":"ImageObject","inLanguage":"es","@id":"https:\/\/www.sonoraenequipo.com.mx\/#\/schema\/logo\/image\/","url":"https:\/\/www.sonoraenequipo.com.mx\/storage\/2019\/01\/sonoraenequipo_opt.png","contentUrl":"https:\/\/www.sonoraenequipo.com.mx\/storage\/2019\/01\/sonoraenequipo_opt.png","width":375,"height":125,"caption":"Sonoraenequipo.com.mx"},"image":{"@id":"https:\/\/www.sonoraenequipo.com.mx\/#\/schema\/logo\/image\/"},"sameAs":["https:\/\/www.facebook.com\/SonoraEE\/","https:\/\/x.com\/sonoraenequipo","https:\/\/www.youtube.com\/channel\/UC338nW-lPEYmJQs4ZABQ1SQ"]},{"@type":"Person","@id":"https:\/\/www.sonoraenequipo.com.mx\/#\/schema\/person\/50102df0fb23a8fa9e8effad8fa81386","name":"enequipo","image":{"@type":"ImageObject","inLanguage":"es","@id":"https:\/\/www.sonoraenequipo.com.mx\/#\/schema\/person\/image\/","url":"https:\/\/secure.gravatar.com\/avatar\/049821681b589dabc0bc20695993ccebb09f5b5d4d790cd9251b97faac7c652b?s=96&d=blank&r=g","contentUrl":"https:\/\/secure.gravatar.com\/avatar\/049821681b589dabc0bc20695993ccebb09f5b5d4d790cd9251b97faac7c652b?s=96&d=blank&r=g","caption":"enequipo"},"sameAs":["https:\/\/www.facebook.com\/SonoraEE"]}]}},"jetpack_featured_media_url":"https:\/\/www.sonoraenequipo.com.mx\/storage\/2024\/07\/uth.jpg","_links":{"self":[{"href":"https:\/\/www.sonoraenequipo.com.mx\/api\/wp\/v2\/posts\/195312","targetHints":{"allow":["GET"]}}],"collection":[{"href":"https:\/\/www.sonoraenequipo.com.mx\/api\/wp\/v2\/posts"}],"about":[{"href":"https:\/\/www.sonoraenequipo.com.mx\/api\/wp\/v2\/types\/post"}],"author":[{"embeddable":true,"href":"https:\/\/www.sonoraenequipo.com.mx\/api\/wp\/v2\/users\/1"}],"replies":[{"embeddable":true,"href":"https:\/\/www.sonoraenequipo.com.mx\/api\/wp\/v2\/comments?post=195312"}],"version-history":[{"count":2,"href":"https:\/\/www.sonoraenequipo.com.mx\/api\/wp\/v2\/posts\/195312\/revisions"}],"predecessor-version":[{"id":195317,"href":"https:\/\/www.sonoraenequipo.com.mx\/api\/wp\/v2\/posts\/195312\/revisions\/195317"}],"wp:featuredmedia":[{"embeddable":true,"href":"https:\/\/www.sonoraenequipo.com.mx\/api\/wp\/v2\/media\/195314"}],"wp:attachment":[{"href":"https:\/\/www.sonoraenequipo.com.mx\/api\/wp\/v2\/media?parent=195312"}],"wp:term":[{"taxonomy":"category","embeddable":true,"href":"https:\/\/www.sonoraenequipo.com.mx\/api\/wp\/v2\/categories?post=195312"},{"taxonomy":"post_tag","embeddable":true,"href":"https:\/\/www.sonoraenequipo.com.mx\/api\/wp\/v2\/tags?post=195312"}],"curies":[{"name":"wp","href":"https:\/\/api.w.org\/{rel}","templated":true}]}}