{"id":195330,"date":"2024-07-24T16:23:47","date_gmt":"2024-07-24T23:23:47","guid":{"rendered":"https:\/\/www.sonoraenequipo.com.mx\/?p=195330"},"modified":"2024-07-24T21:27:07","modified_gmt":"2024-07-25T04:27:07","slug":"decidi-pasar-la-antorcha-a-una-nueva-generacion-porque-la-democracia-es-mas-importante-que-cualquier-titulo","status":"publish","type":"post","link":"https:\/\/www.sonoraenequipo.com.mx\/decidi-pasar-la-antorcha-a-una-nueva-generacion-porque-la-democracia-es-mas-importante-que-cualquier-titulo\/","title":{"rendered":"\u00abDecid\u00ed pasar la antorcha a una nueva generaci\u00f3n\u00bb porque \u00abla democracia es m\u00e1s importante que cualquier t\u00edtulo\u00bb"},"content":{"rendered":"<p><strong>ESTADOS UNIDOS. \u2014<\/strong> El presidente, Joe Biden, afirm\u00f3 este mi\u00e9rcoles desde la Casa Blanca que <em><strong>\u201cla defensa de la democracia es m\u00e1s importante que cualquier t\u00edtulo\u00bb<\/strong><\/em>, en sus primeras declaraciones tras el anuncio de que se retiraba de la carrera presidencial.<\/p>\n<p>&nbsp;<\/p>\n<p>&nbsp;<\/p>\n<p> <\/p>\n<p><em><strong>\u00abSaco fuerzas y encuentro alegr\u00eda trabajando para el pueblo estadounidense. Pero esta sagrada tarea de perfeccionar nuestra Uni\u00f3n no es sobre m\u00ed. Se trata de ustedes. De sus familias. De su futuro. Se trata de &#8216;nosotros, el pueblo\u201d<\/strong><\/em>, afirm\u00f3 Biden.<\/p>\n<p>&nbsp;<\/p>\n<p>&nbsp;<\/p>\n<p>Al explicar su decisi\u00f3n de abandonar la carrera presidencial, Biden dijo que \u201c<strong><em>he decidido que la mejor manera de avanzar es pasar la antorcha a una nueva generaci\u00f3n. Es la mejor manera de unir a nuestra naci\u00f3n\u201d.<\/em><\/strong><\/p>\n<p>&nbsp;<\/p>\n<p>&nbsp;<\/p>\n<p><strong>He decidido que la mejor manera de avanzar es pasar la antorcha a una nueva generaci\u00f3n. Es la mejor manera de unir a nuestra naci\u00f3n\u201d<\/strong><\/p>\n<p>&nbsp;<\/p>\n<p>&nbsp;<\/p>\n<p>Biden indic\u00f3 que <em><strong>\u201cdurante los pr\u00f3ximos seis meses me centrar\u00e9 en hacer mi trabajo como presidente. Eso significa que seguir\u00e9 reduciendo los costos para las familias trabajadoras y har\u00e9 crecer nuestra econom\u00eda. Seguir\u00e9 defendiendo nuestras libertades personales y nuestros derechos civiles, desde el derecho al voto hasta el derecho a elegir\u201d.<\/strong><\/em><\/p>\n<p>&nbsp;<\/p>\n<p>&nbsp;<\/p>\n<p>Biden asegur\u00f3 que <em><strong>\u201clo bueno de Estados Unidos es que aqu\u00ed no gobiernan reyes ni dictadores. Lo hace el pueblo. La historia est\u00e1 en nuestras manos. El poder est\u00e1 en nuestras manos. La idea de Am\u00e9rica est\u00e1 en tus manos\u201d.<\/strong><\/em><\/p>\n<p>&nbsp;<\/p>\n<p>&nbsp;<\/p>\n<p>Es raro que un presidente estadounidense renuncie al poder voluntariamente, sin la fuerza del rechazo del electorado o los l\u00edmites de la Constituci\u00f3n. Biden, quien cedi\u00f3 a las fuertes presiones de su propio partido para que se apartara como candidato, present\u00f3 su elecci\u00f3n como una decisi\u00f3n tomada en inter\u00e9s de la naci\u00f3n y pidi\u00f3 a los estadounidenses que se unieran a \u00e9l para<em><strong> \u201cpreservar nuestra democracia.\u201d<\/strong><\/em><\/p>\n<p>&nbsp;<\/p>\n<p>&nbsp;<\/p>\n<p>\u00c9l y otros dem\u00f3cratas sostienen constantemente que el expresidente Donald Trump, cuya negativa a aceptar la derrota despu\u00e9s de que perdi\u00f3 las elecciones de 2020 frente a Biden culmin\u00f3 en una turba atacando el Capitolio de Estados Unidos el 6 de enero en un esfuerzo por detener la certificaci\u00f3n de los votos, es una amenaza para la democracia.<\/p>\n<p>&nbsp;<\/p>\n<p>&nbsp;<\/p>\n<p><em><strong>\u201cEstados Unidos va a tener que elegir entre avanzar o retroceder\u201d,<\/strong> <\/em>dijo Biden, sin mencionar directamente a Trump. <strong><em>\u201c[La decisi\u00f3n est\u00e1] entre la esperanza y el odio. Entre la unidad y la divisi\u00f3n\u201d.<\/em><\/strong><\/p>\n<p>&nbsp;<\/p>\n<p>&nbsp;<\/p>\n<h3>El legado de Biden<\/h3>\n<p>&nbsp;<\/p>\n<p>El discurso de Biden, que se produjo tres d\u00edas despu\u00e9s de que abandonara su candidatura, es el comienzo de los esfuerzos del presdiente para dar forma a su legado tras una desastrosa actuaci\u00f3n en el debate a finales de junio que dej\u00f3 a miembros de su propio partido pidiendo que abandonara la campa\u00f1a y permitiera que otro candidato se presentara contra Trump. Muchos dem\u00f3cratas cre\u00edan que la calamitosa actuaci\u00f3n de Biden en el debate y su vacilante intento de enmendarla hac\u00edan imposible su camino hacia la reelecci\u00f3n.<\/p>\n<p>&nbsp;<\/p>\n<p>&nbsp;<\/p>\n<p>Aunque el presidente no estar\u00e1 en las elecciones de noviembre, los votantes seguir\u00e1n sopesando su legado.<\/p>\n<p>&nbsp;<\/p>\n<p>&nbsp;<\/p>\n<p>Mientras la vicepresidenta, Kamala Harris, avanza para ocupar su lugar como abanderada dem\u00f3crata, los logros de Biden siguen estando muy en peligro si el republicano Donald Trump se impone.<\/p>\n<p>&nbsp;<\/p>\n<p>&nbsp;<\/p>\n<p>La forma en que se recuerde el \u00fanico mandato de Biden \u2014y su decisi\u00f3n de hacerse a un lado\u2014 estar\u00e1 entrelazada con el \u00e9xito electoral de Harris en noviembre, sobre todo si la vicepresidenta se apoya firmemente en los logros de la Administraci\u00f3n Biden.<\/p>\n<p>&nbsp;<\/p>\n<p>&nbsp;<\/p>\n<p>En el discurso, Biden defendi\u00f3 su legado, como lograr grandes leyes a nivel dom\u00e9stico, renovaci\u00f3n de alianzas en el extranjero y defensa de la democracia en conflictos alrededor del mundo.<\/p>\n<p>&nbsp;<\/p>\n<p>&nbsp;<\/p>\n<p>Y no importa lo frustrado que est\u00e9 Biden por haber sido apartado por su partido \u2014pues se reporta que est\u00e1 muy disgustado con sus aliados m\u00e1s cercanos\u2014, tiene demasiado en juego para lavarse las manos en estas elecciones.<\/p>\n<p>Biden respald\u00f3 a Harris poco despu\u00e9s de anunciar el domingo en una carta que pondr\u00eda fin a su candidatura, d\u00e1ndole una ventaja sobre posibles aspirantes y ayudando a impulsar una candidatura centrada en gran medida en la continuaci\u00f3n de su propia agenda.<\/p>\n<p>&nbsp;<\/p>\n<p>&nbsp;<\/p>\n<p><em><strong>\u201cSi ella gana, entonces ser\u00e1 la confirmaci\u00f3n de que \u00e9l hizo lo correcto para luchar contra la amenaza que es Trump, y ser\u00e1 visto como una leyenda en nombre de la democracia\u201d,<\/strong> <\/em>cont\u00f3 la historiadora presidencial Lindsay Chervinsky, directora ejecutiva de la Biblioteca Presidencial George Washington en Mount Vernon. \u201c<strong><em>Si pierde, creo que habr\u00e1 preguntas sobre si renunci\u00f3 demasiado tarde. \u00bfHabr\u00eda sido m\u00e1s eficaz el Partido Dem\u00f3crata si hubiera dicho que no iba a presentarse?\u201d.<\/em><\/strong><\/p>\n<p>&nbsp;<\/p>\n<p>&nbsp;<\/p>\n<p>&nbsp;<\/p>\n<p>Al final de cada presidencia surgen dudas similares. Pero el desaf\u00edo de Biden ante las dudas sobre su idoneidad para el cargo y su tard\u00eda sumisi\u00f3n a la crisis de confianza de su partido aumentan lo que est\u00e1 en juego.<\/p>\n<p>&nbsp;<\/p>\n<p>&nbsp;<\/p>\n<p>El \u00faltimo vicepresidente que se postul\u00f3 para el cargo fue el dem\u00f3crata Al Gore, que trat\u00f3 de distanciarse del presidente Bill Clinton durante la campa\u00f1a de 2000, tras la aventura del mandatario con una becaria de la Casa Blanca y la posterior destituci\u00f3n.<\/p>\n<p>&nbsp;<\/p>\n<p>&nbsp;<\/p>\n<p>&nbsp;<\/p>\n<p>Harris, en cambio, ha pasado la mayor parte de los \u00faltimos tres a\u00f1os alabando las acciones de Biden, lo que significa que cualquier intento de distanciarse ahora ser\u00eda dif\u00edcil de explicar. Y tiene que confiar en la operaci\u00f3n pol\u00edtica de Biden que hered\u00f3 para ganar las elecciones a poco m\u00e1s de 100 d\u00edas del cierre de las urnas.<\/p>\n<p>&nbsp;<\/p>\n<p>&nbsp;<\/p>\n<p>&nbsp;<\/p>\n<p>En declaraciones al personal de campa\u00f1a el lunes, Harris mencion\u00f3 que el legado de logros de Biden \u201cs\u00f3lo en los \u00faltimos tres a\u00f1os y medio no tiene comparaci\u00f3n en la historia moderna\u201d.<\/p>\n<p>&nbsp;<\/p>\n<p>&nbsp;<\/p>\n<p>&nbsp;<\/p>\n<p>Trump y sus aliados, por su parte, estaban ansiosos por vincular a Harris con el historial de Biden incluso antes de que el presidente abandonara la contienda, y no en el buen sentido.<\/p>\n<p>&nbsp;<\/p>\n<p>Un correo electr\u00f3nico de la campa\u00f1a a sus partidarios declaraba \u201cKAMALA HARRIS ES BIDEN 2.0 \u2014 Kamala Harris posee el terrible historial de Joe Biden porque tambi\u00e9n es su historial\u201d, se\u00f1alando la alta inflaci\u00f3n y las pol\u00edticas fronterizas, entre otras cosas.<\/p>\n<p>&nbsp;<\/p>\n<p>&nbsp;<\/p>\n<p>&nbsp;<\/p>\n<p>Biden prometi\u00f3 esta semana al personal de su antigua campa\u00f1a que seguir\u00eda \u201cen la contienda\u201d al ceder las riendas de la organizaci\u00f3n a Harris, y a\u00f1adi\u00f3: \u201cNo me voy a ninguna parte\u201d.<\/p>\n<p>&nbsp;<\/p>\n<p>&nbsp;<\/p>\n<p>Sus asesores afirman que tiene la intenci\u00f3n de celebrar actos de campa\u00f1a y recaudar fondos en beneficio de Harris, aunque a un ritmo mucho m\u00e1s lento que si hubiera permanecido \u00e9l mismo en la boleta electoral.<\/p>\n<p>&nbsp;<\/p>\n<p>Durante su discurso de este mi\u00e9rcoles, Biden elogi\u00f3 a Harris: \u201cTiene experiencia, es fuerte, es capaz\u201d, dijo. \u201cHa sido una compa\u00f1era incre\u00edble para m\u00ed y una l\u00edder para nuestro pa\u00eds\u201d.<\/p>\n<p>&nbsp;<\/p>\n<p>&nbsp;<\/p>\n<p>&nbsp;<\/p>\n<p>Los asesores de Harris tendr\u00e1n que decidir en \u00faltima instancia c\u00f3mo desplegar al presidente, cuya popularidad se desplom\u00f3 a medida que los votantes de ambos partidos cuestionaban su idoneidad para el cargo.<\/p>\n<p>&nbsp;<\/p>\n<p>&nbsp;<\/p>\n<p>Los aliados del presidente insisten en que, pase lo que pase, el lugar de Biden en los libros de historia est\u00e1 intacto.<\/p>\n<p>&nbsp;<\/p>\n<p>&nbsp;<\/p>\n<p>La victoria de Biden en 2020 \u201cfue esa elecci\u00f3n que nos protegi\u00f3 de una presidencia de Donald Trump\u201d, dijo el representante Steven Horsford, presidente del Caucus Negro del Congreso. \u201cS\u00ed, tenemos que hacerlo de nuevo este noviembre. Pero si Donald Trump hubiera estado en el cargo otros cuatro a\u00f1os, el da\u00f1o, la destrucci\u00f3n, la decadencia de nuestra democracia habr\u00eda ido a\u00fan m\u00e1s lejos\u201d.<\/p>\n<p>&nbsp;<\/p>\n<p>Matt Bennett, cofundador del think tank de centro-izquierda Third Way, predijo que habr\u00e1 una diferencia entre los recuerdos a corto plazo de Biden y su legado si los dem\u00f3cratas pierden en noviembre.<\/p>\n<p>&nbsp;<\/p>\n<p>&nbsp;<\/p>\n<p><em><strong>\u201cEs cierto que si perdemos eso enturbiar\u00e1 las cosas para \u00e9l a corto plazo\u201d porque los dem\u00f3cratas tendr\u00e1n que enfrentarse a Trump, dijo Bennett. \u201cA largo plazo, cuando la historia juzgue a Biden, lo mirar\u00e1n en sus propios t\u00e9rminos. Lo juzgar\u00e1n por lo que hizo o dej\u00f3 de hacer como presidente, y lo juzgar\u00e1n muy favorablemente\u201d.<\/strong><\/em><\/p>\n<p>&nbsp;<\/p>\n<p>&nbsp;<\/p>\n<p>La decisi\u00f3n de Biden de poner fin a su candidatura anim\u00f3 a los dem\u00f3cratas del Congreso, que tem\u00edan que el presidente en funciones mermara sus posibilidades de conservar el Senado y recuperar la C\u00e1mara de Representantes. Un Capitolio totalmente republicano amenazar\u00eda con da\u00f1ar a\u00fan m\u00e1s el legado de Biden.<\/p>\n<p>&nbsp;<\/p>\n<p>&nbsp;<\/p>\n<p>Los congresistas republicanos ya han intentado deshacer partes de la llamada Ley de Reducci\u00f3n de la Inflaci\u00f3n, un logro fundamental de Biden que se aprob\u00f3 en 2022. Y podr\u00edan conseguirlo el a\u00f1o que viene, con un presidente Trump a la espera de firmar la derogaci\u00f3n de la ley.<\/p>\n<p>&nbsp;<\/p>\n<p>&nbsp;<\/p>\n<p>Los legisladores republicanos tambi\u00e9n podr\u00edan votar para revertir regulaciones federales clave que hab\u00edan llegado despu\u00e9s en la Administraci\u00f3n Biden.<\/p>\n<p>&nbsp;<\/p>\n<p>&nbsp;<\/p>\n<p><em><strong>\u201cSi los republicanos obtienen la mayor\u00eda doble, van a recuperar todo lo que puedan, van a deshacer todo lo que puedan y eso no solo ser\u00e1 un desastre para Estados Unidos y el mundo, sino que ser\u00e1 realmente malo para el legado de Biden\u201d,<\/strong> <\/em>a\u00f1adi\u00f3 Bennett.<\/p>\n<p>&nbsp;<\/p>\n<p>&nbsp;<\/p>\n<p>&nbsp;<\/p>\n<p>Los asesores de Biden se\u00f1alan que el hecho de que Harris se haya hecho con el control de su aparato pol\u00edtico es una prueba de que el presidente ha preparado a su vicepresidenta para competir con \u00e9xito gracias a su historial com\u00fan. Pero la prueba definitiva de esa organizaci\u00f3n llegar\u00e1 en noviembre.<\/p>\n<p>&nbsp;<\/p>\n<p>&nbsp;<\/p>\n<p>&nbsp;<\/p>\n<p>Nadie la animar\u00e1 m\u00e1s que el presidente.<\/p>\n<p>&nbsp;<\/p>\n<p>&nbsp;<\/p>\n<p>Como dijo Biden a Harris<strong>: \u201cEstoy contigo\u201d.<\/strong><\/p>\n<p>&nbsp;<\/p>\n<p>&nbsp;<\/p>\n<p>PUBLICADO EL 24 DE JULIO DE 2024 Con informaci\u00f3n de The Associated Press y NBC News )<\/p>\n","protected":false},"excerpt":{"rendered":"<p>ESTADOS UNIDOS. \u2014 El presidente, Joe Biden, afirm\u00f3 este mi\u00e9rcoles desde la Casa Blanca que&#8230;<\/p>\n","protected":false},"author":1,"featured_media":195334,"comment_status":"open","ping_status":"open","sticky":false,"template":"","format":"standard","meta":{"_monsterinsights_skip_tracking":false,"_monsterinsights_sitenote_active":false,"_monsterinsights_sitenote_note":"","_monsterinsights_sitenote_category":0,"footnotes":""},"categories":[3],"tags":[],"class_list":["post"],"yoast_head":" \n<title>Sonora en Equipo. &quot;Decid\u00ed pasar la antorcha a una nueva generaci\u00f3n&quot; porque &quot;la democracia es m\u00e1s importante que cualquier t\u00edtulo&quot; MUNDO<\/title>\n<meta name=\"description\" content=\"ESTADOS UNIDOS. \u2014 El presidente, Joe Biden, afirm\u00f3 este mi\u00e9rcoles desde la Casa Blanca que \u201cla defensa de la democracia es m\u00e1s importante que cualquier En Sonora en Equipo publicamos toda la informaci\u00f3n de Sonora, M\u00e9xico y el Mundo de manera oportuna y busca que la libertad de expresi\u00f3n sea real. Visita nuestro medio informativo publicado desde Hermosillo, Sonora. %\" \/>\n<meta name=\"robots\" content=\"index, follow, max-snippet:-1, max-image-preview:large, max-video-preview:-1\" \/>\n<link rel=\"canonical\" href=\"https:\/\/www.sonoraenequipo.com.mx\/decidi-pasar-la-antorcha-a-una-nueva-generacion-porque-la-democracia-es-mas-importante-que-cualquier-titulo\/\" \/>\n<meta property=\"og:locale\" content=\"es_ES\" \/>\n<meta property=\"og:type\" content=\"article\" \/>\n<meta property=\"og:title\" content=\"Sonora en Equipo. &quot;Decid\u00ed pasar la antorcha a una nueva generaci\u00f3n&quot; porque &quot;la democracia es m\u00e1s importante que cualquier t\u00edtulo&quot; MUNDO\" \/>\n<meta property=\"og:description\" content=\"ESTADOS UNIDOS. \u2014 El presidente, Joe Biden, afirm\u00f3 este mi\u00e9rcoles desde la Casa Blanca que \u201cla defensa de la democracia es m\u00e1s importante que cualquier En Sonora en Equipo publicamos toda la informaci\u00f3n de Sonora, M\u00e9xico y el Mundo de manera oportuna y busca que la libertad de expresi\u00f3n sea real. Visita nuestro medio informativo publicado desde Hermosillo, Sonora. %\" \/>\n<meta property=\"og:url\" content=\"https:\/\/www.sonoraenequipo.com.mx\/decidi-pasar-la-antorcha-a-una-nueva-generacion-porque-la-democracia-es-mas-importante-que-cualquier-titulo\/\" \/>\n<meta property=\"og:site_name\" content=\"Sonora en Equipo.\" \/>\n<meta property=\"article:publisher\" content=\"https:\/\/www.facebook.com\/SonoraEE\/\" \/>\n<meta property=\"article:author\" content=\"https:\/\/www.facebook.com\/SonoraEE\" \/>\n<meta property=\"article:published_time\" content=\"2024-07-24T23:23:47+00:00\" \/>\n<meta property=\"article:modified_time\" content=\"2024-07-25T04:27:07+00:00\" \/>\n<meta property=\"og:image\" content=\"https:\/\/www.sonoraenequipo.com.mx\/storage\/2024\/07\/JOE-BIDEN.JPG-min.jpeg\" \/>\n\t<meta property=\"og:image:width\" content=\"869\" \/>\n\t<meta property=\"og:image:height\" content=\"425\" \/>\n\t<meta property=\"og:image:type\" content=\"image\/jpeg\" \/>\n<meta name=\"author\" content=\"enequipo\" \/>\n<meta name=\"twitter:card\" content=\"summary_large_image\" \/>\n<meta name=\"twitter:creator\" content=\"@sonoraenequipo\" \/>\n<meta name=\"twitter:site\" content=\"@sonoraenequipo\" \/>\n<meta name=\"twitter:label1\" content=\"Escrito por\" \/>\n\t<meta name=\"twitter:data1\" content=\"enequipo\" \/>\n\t<meta name=\"twitter:label2\" content=\"Tiempo de lectura\" \/>\n\t<meta name=\"twitter:data2\" content=\"9 minutos\" \/>\n<script type=\"application\/ld+json\" class=\"yoast-schema-graph\">{\"@context\":\"https:\/\/schema.org\",\"@graph\":[{\"@type\":\"Article\",\"@id\":\"https:\/\/www.sonoraenequipo.com.mx\/decidi-pasar-la-antorcha-a-una-nueva-generacion-porque-la-democracia-es-mas-importante-que-cualquier-titulo\/#article\",\"isPartOf\":{\"@id\":\"https:\/\/www.sonoraenequipo.com.mx\/decidi-pasar-la-antorcha-a-una-nueva-generacion-porque-la-democracia-es-mas-importante-que-cualquier-titulo\/\"},\"author\":{\"name\":\"enequipo\",\"@id\":\"https:\/\/www.sonoraenequipo.com.mx\/#\/schema\/person\/50102df0fb23a8fa9e8effad8fa81386\"},\"headline\":\"\u00abDecid\u00ed pasar la antorcha a una nueva generaci\u00f3n\u00bb porque \u00abla democracia es m\u00e1s importante que cualquier t\u00edtulo\u00bb\",\"datePublished\":\"2024-07-24T23:23:47+00:00\",\"dateModified\":\"2024-07-25T04:27:07+00:00\",\"mainEntityOfPage\":{\"@id\":\"https:\/\/www.sonoraenequipo.com.mx\/decidi-pasar-la-antorcha-a-una-nueva-generacion-porque-la-democracia-es-mas-importante-que-cualquier-titulo\/\"},\"wordCount\":1764,\"commentCount\":0,\"publisher\":{\"@id\":\"https:\/\/www.sonoraenequipo.com.mx\/#organization\"},\"image\":{\"@id\":\"https:\/\/www.sonoraenequipo.com.mx\/decidi-pasar-la-antorcha-a-una-nueva-generacion-porque-la-democracia-es-mas-importante-que-cualquier-titulo\/#primaryimage\"},\"thumbnailUrl\":\"https:\/\/www.sonoraenequipo.com.mx\/storage\/2024\/07\/JOE-BIDEN.JPG-min.jpeg\",\"articleSection\":[\"MUNDO\"],\"inLanguage\":\"es\",\"potentialAction\":[{\"@type\":\"CommentAction\",\"name\":\"Comment\",\"target\":[\"https:\/\/www.sonoraenequipo.com.mx\/decidi-pasar-la-antorcha-a-una-nueva-generacion-porque-la-democracia-es-mas-importante-que-cualquier-titulo\/#respond\"]}]},{\"@type\":\"WebPage\",\"@id\":\"https:\/\/www.sonoraenequipo.com.mx\/decidi-pasar-la-antorcha-a-una-nueva-generacion-porque-la-democracia-es-mas-importante-que-cualquier-titulo\/\",\"url\":\"https:\/\/www.sonoraenequipo.com.mx\/decidi-pasar-la-antorcha-a-una-nueva-generacion-porque-la-democracia-es-mas-importante-que-cualquier-titulo\/\",\"name\":\"Sonora en Equipo. \\\"Decid\u00ed pasar la antorcha a una nueva generaci\u00f3n\\\" porque \\\"la democracia es m\u00e1s importante que cualquier t\u00edtulo\\\" MUNDO\",\"isPartOf\":{\"@id\":\"https:\/\/www.sonoraenequipo.com.mx\/#website\"},\"primaryImageOfPage\":{\"@id\":\"https:\/\/www.sonoraenequipo.com.mx\/decidi-pasar-la-antorcha-a-una-nueva-generacion-porque-la-democracia-es-mas-importante-que-cualquier-titulo\/#primaryimage\"},\"image\":{\"@id\":\"https:\/\/www.sonoraenequipo.com.mx\/decidi-pasar-la-antorcha-a-una-nueva-generacion-porque-la-democracia-es-mas-importante-que-cualquier-titulo\/#primaryimage\"},\"thumbnailUrl\":\"https:\/\/www.sonoraenequipo.com.mx\/storage\/2024\/07\/JOE-BIDEN.JPG-min.jpeg\",\"datePublished\":\"2024-07-24T23:23:47+00:00\",\"dateModified\":\"2024-07-25T04:27:07+00:00\",\"description\":\"ESTADOS UNIDOS. \u2014 El presidente, Joe Biden, afirm\u00f3 este mi\u00e9rcoles desde la Casa Blanca que \u201cla defensa de la democracia es m\u00e1s importante que cualquier En Sonora en Equipo publicamos toda la informaci\u00f3n de Sonora, M\u00e9xico y el Mundo de manera oportuna y busca que la libertad de expresi\u00f3n sea real. Visita nuestro medio informativo publicado desde Hermosillo, Sonora. %\",\"breadcrumb\":{\"@id\":\"https:\/\/www.sonoraenequipo.com.mx\/decidi-pasar-la-antorcha-a-una-nueva-generacion-porque-la-democracia-es-mas-importante-que-cualquier-titulo\/#breadcrumb\"},\"inLanguage\":\"es\",\"potentialAction\":[{\"@type\":\"ReadAction\",\"target\":[\"https:\/\/www.sonoraenequipo.com.mx\/decidi-pasar-la-antorcha-a-una-nueva-generacion-porque-la-democracia-es-mas-importante-que-cualquier-titulo\/\"]}]},{\"@type\":\"ImageObject\",\"inLanguage\":\"es\",\"@id\":\"https:\/\/www.sonoraenequipo.com.mx\/decidi-pasar-la-antorcha-a-una-nueva-generacion-porque-la-democracia-es-mas-importante-que-cualquier-titulo\/#primaryimage\",\"url\":\"https:\/\/www.sonoraenequipo.com.mx\/storage\/2024\/07\/JOE-BIDEN.JPG-min.jpeg\",\"contentUrl\":\"https:\/\/www.sonoraenequipo.com.mx\/storage\/2024\/07\/JOE-BIDEN.JPG-min.jpeg\",\"width\":869,\"height\":425},{\"@type\":\"BreadcrumbList\",\"@id\":\"https:\/\/www.sonoraenequipo.com.mx\/decidi-pasar-la-antorcha-a-una-nueva-generacion-porque-la-democracia-es-mas-importante-que-cualquier-titulo\/#breadcrumb\",\"itemListElement\":[{\"@type\":\"ListItem\",\"position\":1,\"name\":\"Portada\",\"item\":\"https:\/\/www.sonoraenequipo.com.mx\/\"},{\"@type\":\"ListItem\",\"position\":2,\"name\":\"\u00abDecid\u00ed pasar la antorcha a una nueva generaci\u00f3n\u00bb porque \u00abla democracia es m\u00e1s importante que cualquier t\u00edtulo\u00bb\"}]},{\"@type\":\"WebSite\",\"@id\":\"https:\/\/www.sonoraenequipo.com.mx\/#website\",\"url\":\"https:\/\/www.sonoraenequipo.com.mx\/\",\"name\":\"Sonora en Equipo.\",\"description\":\"Diario en l\u00ednea con Noticias desde Hermosillo, Sonora\",\"publisher\":{\"@id\":\"https:\/\/www.sonoraenequipo.com.mx\/#organization\"},\"potentialAction\":[{\"@type\":\"SearchAction\",\"target\":{\"@type\":\"EntryPoint\",\"urlTemplate\":\"https:\/\/www.sonoraenequipo.com.mx\/?s={search_term_string}\"},\"query-input\":{\"@type\":\"PropertyValueSpecification\",\"valueRequired\":true,\"valueName\":\"search_term_string\"}}],\"inLanguage\":\"es\"},{\"@type\":\"Organization\",\"@id\":\"https:\/\/www.sonoraenequipo.com.mx\/#organization\",\"name\":\"Sonoraenequipo.com.mx\",\"url\":\"https:\/\/www.sonoraenequipo.com.mx\/\",\"logo\":{\"@type\":\"ImageObject\",\"inLanguage\":\"es\",\"@id\":\"https:\/\/www.sonoraenequipo.com.mx\/#\/schema\/logo\/image\/\",\"url\":\"https:\/\/www.sonoraenequipo.com.mx\/storage\/2019\/01\/sonoraenequipo_opt.png\",\"contentUrl\":\"https:\/\/www.sonoraenequipo.com.mx\/storage\/2019\/01\/sonoraenequipo_opt.png\",\"width\":375,\"height\":125,\"caption\":\"Sonoraenequipo.com.mx\"},\"image\":{\"@id\":\"https:\/\/www.sonoraenequipo.com.mx\/#\/schema\/logo\/image\/\"},\"sameAs\":[\"https:\/\/www.facebook.com\/SonoraEE\/\",\"https:\/\/x.com\/sonoraenequipo\",\"https:\/\/www.youtube.com\/channel\/UC338nW-lPEYmJQs4ZABQ1SQ\"]},{\"@type\":\"Person\",\"@id\":\"https:\/\/www.sonoraenequipo.com.mx\/#\/schema\/person\/50102df0fb23a8fa9e8effad8fa81386\",\"name\":\"enequipo\",\"image\":{\"@type\":\"ImageObject\",\"inLanguage\":\"es\",\"@id\":\"https:\/\/www.sonoraenequipo.com.mx\/#\/schema\/person\/image\/\",\"url\":\"https:\/\/secure.gravatar.com\/avatar\/049821681b589dabc0bc20695993ccebb09f5b5d4d790cd9251b97faac7c652b?s=96&d=blank&r=g\",\"contentUrl\":\"https:\/\/secure.gravatar.com\/avatar\/049821681b589dabc0bc20695993ccebb09f5b5d4d790cd9251b97faac7c652b?s=96&d=blank&r=g\",\"caption\":\"enequipo\"},\"sameAs\":[\"https:\/\/www.facebook.com\/SonoraEE\"]}]}<\/script>\n ","yoast_head_json":{"title":"Sonora en Equipo. \"Decid\u00ed pasar la antorcha a una nueva generaci\u00f3n\" porque \"la democracia es m\u00e1s importante que cualquier t\u00edtulo\" MUNDO","description":"ESTADOS UNIDOS. \u2014 El presidente, Joe Biden, afirm\u00f3 este mi\u00e9rcoles desde la Casa Blanca que \u201cla defensa de la democracia es m\u00e1s importante que cualquier En Sonora en Equipo publicamos toda la informaci\u00f3n de Sonora, M\u00e9xico y el Mundo de manera oportuna y busca que la libertad de expresi\u00f3n sea real. Visita nuestro medio informativo publicado desde Hermosillo, Sonora. %","robots":{"index":"index","follow":"follow","max-snippet":"max-snippet:-1","max-image-preview":"max-image-preview:large","max-video-preview":"max-video-preview:-1"},"canonical":"https:\/\/www.sonoraenequipo.com.mx\/decidi-pasar-la-antorcha-a-una-nueva-generacion-porque-la-democracia-es-mas-importante-que-cualquier-titulo\/","og_locale":"es_ES","og_type":"article","og_title":"Sonora en Equipo. \"Decid\u00ed pasar la antorcha a una nueva generaci\u00f3n\" porque \"la democracia es m\u00e1s importante que cualquier t\u00edtulo\" MUNDO","og_description":"ESTADOS UNIDOS. \u2014 El presidente, Joe Biden, afirm\u00f3 este mi\u00e9rcoles desde la Casa Blanca que \u201cla defensa de la democracia es m\u00e1s importante que cualquier En Sonora en Equipo publicamos toda la informaci\u00f3n de Sonora, M\u00e9xico y el Mundo de manera oportuna y busca que la libertad de expresi\u00f3n sea real. Visita nuestro medio informativo publicado desde Hermosillo, Sonora. %","og_url":"https:\/\/www.sonoraenequipo.com.mx\/decidi-pasar-la-antorcha-a-una-nueva-generacion-porque-la-democracia-es-mas-importante-que-cualquier-titulo\/","og_site_name":"Sonora en Equipo.","article_publisher":"https:\/\/www.facebook.com\/SonoraEE\/","article_author":"https:\/\/www.facebook.com\/SonoraEE","article_published_time":"2024-07-24T23:23:47+00:00","article_modified_time":"2024-07-25T04:27:07+00:00","og_image":[{"width":869,"height":425,"url":"https:\/\/www.sonoraenequipo.com.mx\/storage\/2024\/07\/JOE-BIDEN.JPG-min.jpeg","type":"image\/jpeg"}],"author":"enequipo","twitter_card":"summary_large_image","twitter_creator":"@sonoraenequipo","twitter_site":"@sonoraenequipo","twitter_misc":{"Escrito por":"enequipo","Tiempo de lectura":"9 minutos"},"schema":{"@context":"https:\/\/schema.org","@graph":[{"@type":"Article","@id":"https:\/\/www.sonoraenequipo.com.mx\/decidi-pasar-la-antorcha-a-una-nueva-generacion-porque-la-democracia-es-mas-importante-que-cualquier-titulo\/#article","isPartOf":{"@id":"https:\/\/www.sonoraenequipo.com.mx\/decidi-pasar-la-antorcha-a-una-nueva-generacion-porque-la-democracia-es-mas-importante-que-cualquier-titulo\/"},"author":{"name":"enequipo","@id":"https:\/\/www.sonoraenequipo.com.mx\/#\/schema\/person\/50102df0fb23a8fa9e8effad8fa81386"},"headline":"\u00abDecid\u00ed pasar la antorcha a una nueva generaci\u00f3n\u00bb porque \u00abla democracia es m\u00e1s importante que cualquier t\u00edtulo\u00bb","datePublished":"2024-07-24T23:23:47+00:00","dateModified":"2024-07-25T04:27:07+00:00","mainEntityOfPage":{"@id":"https:\/\/www.sonoraenequipo.com.mx\/decidi-pasar-la-antorcha-a-una-nueva-generacion-porque-la-democracia-es-mas-importante-que-cualquier-titulo\/"},"wordCount":1764,"commentCount":0,"publisher":{"@id":"https:\/\/www.sonoraenequipo.com.mx\/#organization"},"image":{"@id":"https:\/\/www.sonoraenequipo.com.mx\/decidi-pasar-la-antorcha-a-una-nueva-generacion-porque-la-democracia-es-mas-importante-que-cualquier-titulo\/#primaryimage"},"thumbnailUrl":"https:\/\/www.sonoraenequipo.com.mx\/storage\/2024\/07\/JOE-BIDEN.JPG-min.jpeg","articleSection":["MUNDO"],"inLanguage":"es","potentialAction":[{"@type":"CommentAction","name":"Comment","target":["https:\/\/www.sonoraenequipo.com.mx\/decidi-pasar-la-antorcha-a-una-nueva-generacion-porque-la-democracia-es-mas-importante-que-cualquier-titulo\/#respond"]}]},{"@type":"WebPage","@id":"https:\/\/www.sonoraenequipo.com.mx\/decidi-pasar-la-antorcha-a-una-nueva-generacion-porque-la-democracia-es-mas-importante-que-cualquier-titulo\/","url":"https:\/\/www.sonoraenequipo.com.mx\/decidi-pasar-la-antorcha-a-una-nueva-generacion-porque-la-democracia-es-mas-importante-que-cualquier-titulo\/","name":"Sonora en Equipo. \"Decid\u00ed pasar la antorcha a una nueva generaci\u00f3n\" porque \"la democracia es m\u00e1s importante que cualquier t\u00edtulo\" MUNDO","isPartOf":{"@id":"https:\/\/www.sonoraenequipo.com.mx\/#website"},"primaryImageOfPage":{"@id":"https:\/\/www.sonoraenequipo.com.mx\/decidi-pasar-la-antorcha-a-una-nueva-generacion-porque-la-democracia-es-mas-importante-que-cualquier-titulo\/#primaryimage"},"image":{"@id":"https:\/\/www.sonoraenequipo.com.mx\/decidi-pasar-la-antorcha-a-una-nueva-generacion-porque-la-democracia-es-mas-importante-que-cualquier-titulo\/#primaryimage"},"thumbnailUrl":"https:\/\/www.sonoraenequipo.com.mx\/storage\/2024\/07\/JOE-BIDEN.JPG-min.jpeg","datePublished":"2024-07-24T23:23:47+00:00","dateModified":"2024-07-25T04:27:07+00:00","description":"ESTADOS UNIDOS. \u2014 El presidente, Joe Biden, afirm\u00f3 este mi\u00e9rcoles desde la Casa Blanca que \u201cla defensa de la democracia es m\u00e1s importante que cualquier En Sonora en Equipo publicamos toda la informaci\u00f3n de Sonora, M\u00e9xico y el Mundo de manera oportuna y busca que la libertad de expresi\u00f3n sea real. Visita nuestro medio informativo publicado desde Hermosillo, Sonora. %","breadcrumb":{"@id":"https:\/\/www.sonoraenequipo.com.mx\/decidi-pasar-la-antorcha-a-una-nueva-generacion-porque-la-democracia-es-mas-importante-que-cualquier-titulo\/#breadcrumb"},"inLanguage":"es","potentialAction":[{"@type":"ReadAction","target":["https:\/\/www.sonoraenequipo.com.mx\/decidi-pasar-la-antorcha-a-una-nueva-generacion-porque-la-democracia-es-mas-importante-que-cualquier-titulo\/"]}]},{"@type":"ImageObject","inLanguage":"es","@id":"https:\/\/www.sonoraenequipo.com.mx\/decidi-pasar-la-antorcha-a-una-nueva-generacion-porque-la-democracia-es-mas-importante-que-cualquier-titulo\/#primaryimage","url":"https:\/\/www.sonoraenequipo.com.mx\/storage\/2024\/07\/JOE-BIDEN.JPG-min.jpeg","contentUrl":"https:\/\/www.sonoraenequipo.com.mx\/storage\/2024\/07\/JOE-BIDEN.JPG-min.jpeg","width":869,"height":425},{"@type":"BreadcrumbList","@id":"https:\/\/www.sonoraenequipo.com.mx\/decidi-pasar-la-antorcha-a-una-nueva-generacion-porque-la-democracia-es-mas-importante-que-cualquier-titulo\/#breadcrumb","itemListElement":[{"@type":"ListItem","position":1,"name":"Portada","item":"https:\/\/www.sonoraenequipo.com.mx\/"},{"@type":"ListItem","position":2,"name":"\u00abDecid\u00ed pasar la antorcha a una nueva generaci\u00f3n\u00bb porque \u00abla democracia es m\u00e1s importante que cualquier t\u00edtulo\u00bb"}]},{"@type":"WebSite","@id":"https:\/\/www.sonoraenequipo.com.mx\/#website","url":"https:\/\/www.sonoraenequipo.com.mx\/","name":"Sonora en Equipo.","description":"Diario en l\u00ednea con Noticias desde Hermosillo, Sonora","publisher":{"@id":"https:\/\/www.sonoraenequipo.com.mx\/#organization"},"potentialAction":[{"@type":"SearchAction","target":{"@type":"EntryPoint","urlTemplate":"https:\/\/www.sonoraenequipo.com.mx\/?s={search_term_string}"},"query-input":{"@type":"PropertyValueSpecification","valueRequired":true,"valueName":"search_term_string"}}],"inLanguage":"es"},{"@type":"Organization","@id":"https:\/\/www.sonoraenequipo.com.mx\/#organization","name":"Sonoraenequipo.com.mx","url":"https:\/\/www.sonoraenequipo.com.mx\/","logo":{"@type":"ImageObject","inLanguage":"es","@id":"https:\/\/www.sonoraenequipo.com.mx\/#\/schema\/logo\/image\/","url":"https:\/\/www.sonoraenequipo.com.mx\/storage\/2019\/01\/sonoraenequipo_opt.png","contentUrl":"https:\/\/www.sonoraenequipo.com.mx\/storage\/2019\/01\/sonoraenequipo_opt.png","width":375,"height":125,"caption":"Sonoraenequipo.com.mx"},"image":{"@id":"https:\/\/www.sonoraenequipo.com.mx\/#\/schema\/logo\/image\/"},"sameAs":["https:\/\/www.facebook.com\/SonoraEE\/","https:\/\/x.com\/sonoraenequipo","https:\/\/www.youtube.com\/channel\/UC338nW-lPEYmJQs4ZABQ1SQ"]},{"@type":"Person","@id":"https:\/\/www.sonoraenequipo.com.mx\/#\/schema\/person\/50102df0fb23a8fa9e8effad8fa81386","name":"enequipo","image":{"@type":"ImageObject","inLanguage":"es","@id":"https:\/\/www.sonoraenequipo.com.mx\/#\/schema\/person\/image\/","url":"https:\/\/secure.gravatar.com\/avatar\/049821681b589dabc0bc20695993ccebb09f5b5d4d790cd9251b97faac7c652b?s=96&d=blank&r=g","contentUrl":"https:\/\/secure.gravatar.com\/avatar\/049821681b589dabc0bc20695993ccebb09f5b5d4d790cd9251b97faac7c652b?s=96&d=blank&r=g","caption":"enequipo"},"sameAs":["https:\/\/www.facebook.com\/SonoraEE"]}]}},"jetpack_featured_media_url":"https:\/\/www.sonoraenequipo.com.mx\/storage\/2024\/07\/JOE-BIDEN.JPG-min.jpeg","_links":{"self":[{"href":"https:\/\/www.sonoraenequipo.com.mx\/api\/wp\/v2\/posts\/195330","targetHints":{"allow":["GET"]}}],"collection":[{"href":"https:\/\/www.sonoraenequipo.com.mx\/api\/wp\/v2\/posts"}],"about":[{"href":"https:\/\/www.sonoraenequipo.com.mx\/api\/wp\/v2\/types\/post"}],"author":[{"embeddable":true,"href":"https:\/\/www.sonoraenequipo.com.mx\/api\/wp\/v2\/users\/1"}],"replies":[{"embeddable":true,"href":"https:\/\/www.sonoraenequipo.com.mx\/api\/wp\/v2\/comments?post=195330"}],"version-history":[{"count":1,"href":"https:\/\/www.sonoraenequipo.com.mx\/api\/wp\/v2\/posts\/195330\/revisions"}],"predecessor-version":[{"id":195335,"href":"https:\/\/www.sonoraenequipo.com.mx\/api\/wp\/v2\/posts\/195330\/revisions\/195335"}],"wp:featuredmedia":[{"embeddable":true,"href":"https:\/\/www.sonoraenequipo.com.mx\/api\/wp\/v2\/media\/195334"}],"wp:attachment":[{"href":"https:\/\/www.sonoraenequipo.com.mx\/api\/wp\/v2\/media?parent=195330"}],"wp:term":[{"taxonomy":"category","embeddable":true,"href":"https:\/\/www.sonoraenequipo.com.mx\/api\/wp\/v2\/categories?post=195330"},{"taxonomy":"post_tag","embeddable":true,"href":"https:\/\/www.sonoraenequipo.com.mx\/api\/wp\/v2\/tags?post=195330"}],"curies":[{"name":"wp","href":"https:\/\/api.w.org\/{rel}","templated":true}]}}