{"id":195375,"date":"2024-07-25T08:54:46","date_gmt":"2024-07-25T15:54:46","guid":{"rendered":"https:\/\/www.sonoraenequipo.com.mx\/?p=195375"},"modified":"2024-07-25T15:43:12","modified_gmt":"2024-07-25T22:43:12","slug":"informe-mas-reciente-sobre-los-43-normalistas-de-ayotzinapa-sera-publico-anuncia-presidente","status":"publish","type":"post","link":"https:\/\/www.sonoraenequipo.com.mx\/informe-mas-reciente-sobre-los-43-normalistas-de-ayotzinapa-sera-publico-anuncia-presidente\/","title":{"rendered":"Informe m\u00e1s reciente sobre los 43 normalistas de Ayotzinapa ser\u00e1 p\u00fablico, anuncia presidente"},"content":{"rendered":"<p><strong>CIUDAD DE M\u00c9XICO. MX. \u2014<\/strong> El presidente Andr\u00e9s Manuel L\u00f3pez Obrador anunci\u00f3 que se publicar\u00e1 en canales y p\u00e1ginas oficiales el informe completo, con los \u00faltimos avances de la investigaci\u00f3n, presentado el pasado 8 de julio a madres y padres de los 43 normalistas de Ayotzinapa.<\/p>\n<p>&nbsp;<\/p>\n<p>&nbsp;<\/p>\n<p> <\/p>\n<p><em><strong>\u201cPor respeto estaba yo esperando que les llegara y que ellos dieran su punto de vista. Entonces, ahora s\u00ed, que hoy que ya suba a la red y que lean ustedes lo que les envi\u00e9 de informe para que puedan comprender o entender mejor lo que ellos est\u00e1n dando a conocer. Adem\u00e1s, tienen todo su derecho de hacerlo\u201d,<\/strong><\/em> mencion\u00f3.<\/p>\n<p>&nbsp;<\/p>\n<p>&nbsp;<\/p>\n<p>En entrevista con la periodista Nancy Flores, de la revista Contral\u00ednea, durante la conferencia matutina, el mandatario afirm\u00f3 que la federaci\u00f3n no permite la impunidad en esta y otras investigaciones con el prop\u00f3sito de garantizar justicia a todas las v\u00edctimas.<\/p>\n<p>&nbsp;<\/p>\n<p>&nbsp;<\/p>\n<p><em><strong>\u201cNosotros no vamos a permitir la impunidad de nadie, de nadie, pero lo queremos es llegar a la verdad y eso es lo que les vamos a comunicar a los padres y es lo que les envi\u00e9 a los padres en un documento que a los adversarios nuestros no les pareci\u00f3, pero siempre vamos a hablar con la verdad\u201d,<\/strong> <\/em>asegur\u00f3.<\/p>\n<p>&nbsp;<\/p>\n<p>&nbsp;<\/p>\n<p>El jefe del Ejecutivo sostuvo que hasta el momento no tiene pruebas de la participaci\u00f3n del Ej\u00e9rcito en la desaparici\u00f3n de los j\u00f3venes normalistas y si hubiera indicios de su intervenci\u00f3n, los elementos ser\u00edan castigados.<\/p>\n<p>&nbsp;<\/p>\n<p>&nbsp;<\/p>\n<p>&nbsp;<\/p>\n<p><em><strong>\u201cAcerca de temas como el de Ayotzinapa, hasta el d\u00eda de hoy, no tengo pruebas de que haya intervenido en la desaparici\u00f3n de los j\u00f3venes el Ej\u00e9rcito y eso les molesta mucho, sobre todo a los que sostienen esta versi\u00f3n, pero yo siempre digo lo que pienso y tengo las pruebas de que no ha habido nada m\u00e1s que versiones sin pruebas\u201d<\/strong><\/em>, asever\u00f3.<\/p>\n<p>&nbsp;<\/p>\n<p>&nbsp;<\/p>\n<p>&nbsp;<\/p>\n<p>El presidente L\u00f3pez Obrador puntualiz\u00f3 que el Ej\u00e9rcito Mexicano contribuye al desarrollo de la naci\u00f3n en tareas de seguridad con respeto a los derechos humanos y principios.<\/p>\n<p>&nbsp;<\/p>\n<p>&nbsp;<\/p>\n<p>&nbsp;<\/p>\n<p><em><strong>\u201cEl Ej\u00e9rcito es pueblo uniformado. (\u2026) A nosotros nos ha ayudado mucho el Ej\u00e9rcito y no para reprimir porque no se reprime a nadie. No ha habido, como era antes, no ha habido masacres ni se ha desaparecido a nadie porque depende de quien gobierne y, adem\u00e1s, porque en el Ej\u00e9rcito ha habido un avance importante en cuanto al respeto de los derechos humanos\u201d,<\/strong> <\/em>abund\u00f3.<\/p>\n<p>&nbsp;<\/p>\n<p>&nbsp;<\/p>\n<p><strong>Adelant\u00f3 que el pr\u00f3ximo encuentro programado con madres y padres de los 43 j\u00f3venes ser\u00e1 el lunes 29 de julio.<\/strong><\/p>\n<p>&nbsp;<\/p>\n<p>&nbsp;<\/p>\n<p>&nbsp;<\/p>\n<p>PUBLICADO EL 25 DE JULIO DE 2024 Con informaci\u00f3n de Conferencia matutina presidencial)<\/p>\n","protected":false},"excerpt":{"rendered":"<p>CIUDAD DE M\u00c9XICO. MX. \u2014 El presidente Andr\u00e9s Manuel L\u00f3pez Obrador anunci\u00f3 que se publicar\u00e1&#8230;<\/p>\n","protected":false},"author":1,"featured_media":195364,"comment_status":"open","ping_status":"open","sticky":false,"template":"","format":"standard","meta":{"_monsterinsights_skip_tracking":false,"_monsterinsights_sitenote_active":false,"_monsterinsights_sitenote_note":"","_monsterinsights_sitenote_category":0,"footnotes":""},"categories":[5],"tags":[],"class_list":["post"],"yoast_head":" \n<title>Sonora en Equipo. Informe m\u00e1s reciente sobre los 43 normalistas de Ayotzinapa ser\u00e1 p\u00fablico, anuncia presidente Rep\u00fablica<\/title>\n<meta name=\"description\" content=\"CIUDAD DE M\u00c9XICO. MX. \u2014 El presidente Andr\u00e9s Manuel L\u00f3pez Obrador anunci\u00f3 que se publicar\u00e1 en canales y p\u00e1ginas oficiales el informe completo, con los En Sonora en Equipo publicamos toda la informaci\u00f3n de Sonora, M\u00e9xico y el Mundo de manera oportuna y busca que la libertad de expresi\u00f3n sea real. Visita nuestro medio informativo publicado desde Hermosillo, Sonora. %\" \/>\n<meta name=\"robots\" content=\"index, follow, max-snippet:-1, max-image-preview:large, max-video-preview:-1\" \/>\n<link rel=\"canonical\" href=\"https:\/\/www.sonoraenequipo.com.mx\/informe-mas-reciente-sobre-los-43-normalistas-de-ayotzinapa-sera-publico-anuncia-presidente\/\" \/>\n<meta property=\"og:locale\" content=\"es_ES\" \/>\n<meta property=\"og:type\" content=\"article\" \/>\n<meta property=\"og:title\" content=\"Sonora en Equipo. Informe m\u00e1s reciente sobre los 43 normalistas de Ayotzinapa ser\u00e1 p\u00fablico, anuncia presidente Rep\u00fablica\" \/>\n<meta property=\"og:description\" content=\"CIUDAD DE M\u00c9XICO. MX. \u2014 El presidente Andr\u00e9s Manuel L\u00f3pez Obrador anunci\u00f3 que se publicar\u00e1 en canales y p\u00e1ginas oficiales el informe completo, con los En Sonora en Equipo publicamos toda la informaci\u00f3n de Sonora, M\u00e9xico y el Mundo de manera oportuna y busca que la libertad de expresi\u00f3n sea real. Visita nuestro medio informativo publicado desde Hermosillo, Sonora. %\" \/>\n<meta property=\"og:url\" content=\"https:\/\/www.sonoraenequipo.com.mx\/informe-mas-reciente-sobre-los-43-normalistas-de-ayotzinapa-sera-publico-anuncia-presidente\/\" \/>\n<meta property=\"og:site_name\" content=\"Sonora en Equipo.\" \/>\n<meta property=\"article:publisher\" content=\"https:\/\/www.facebook.com\/SonoraEE\/\" \/>\n<meta property=\"article:author\" content=\"https:\/\/www.facebook.com\/SonoraEE\" \/>\n<meta property=\"article:published_time\" content=\"2024-07-25T15:54:46+00:00\" \/>\n<meta property=\"article:modified_time\" content=\"2024-07-25T22:43:12+00:00\" \/>\n<meta property=\"og:image\" content=\"https:\/\/www.sonoraenequipo.com.mx\/storage\/2024\/07\/conferencia-matutina.-jpg-min.jpg\" \/>\n\t<meta property=\"og:image:width\" content=\"847\" \/>\n\t<meta property=\"og:image:height\" content=\"521\" \/>\n\t<meta property=\"og:image:type\" content=\"image\/jpeg\" \/>\n<meta name=\"author\" content=\"enequipo\" \/>\n<meta name=\"twitter:card\" content=\"summary_large_image\" \/>\n<meta name=\"twitter:creator\" content=\"@sonoraenequipo\" \/>\n<meta name=\"twitter:site\" content=\"@sonoraenequipo\" \/>\n<meta name=\"twitter:label1\" content=\"Escrito por\" \/>\n\t<meta name=\"twitter:data1\" content=\"enequipo\" \/>\n\t<meta name=\"twitter:label2\" content=\"Tiempo de lectura\" \/>\n\t<meta name=\"twitter:data2\" content=\"2 minutos\" \/>\n<script type=\"application\/ld+json\" class=\"yoast-schema-graph\">{\"@context\":\"https:\/\/schema.org\",\"@graph\":[{\"@type\":\"Article\",\"@id\":\"https:\/\/www.sonoraenequipo.com.mx\/informe-mas-reciente-sobre-los-43-normalistas-de-ayotzinapa-sera-publico-anuncia-presidente\/#article\",\"isPartOf\":{\"@id\":\"https:\/\/www.sonoraenequipo.com.mx\/informe-mas-reciente-sobre-los-43-normalistas-de-ayotzinapa-sera-publico-anuncia-presidente\/\"},\"author\":{\"name\":\"enequipo\",\"@id\":\"https:\/\/www.sonoraenequipo.com.mx\/#\/schema\/person\/50102df0fb23a8fa9e8effad8fa81386\"},\"headline\":\"Informe m\u00e1s reciente sobre los 43 normalistas de Ayotzinapa ser\u00e1 p\u00fablico, anuncia presidente\",\"datePublished\":\"2024-07-25T15:54:46+00:00\",\"dateModified\":\"2024-07-25T22:43:12+00:00\",\"mainEntityOfPage\":{\"@id\":\"https:\/\/www.sonoraenequipo.com.mx\/informe-mas-reciente-sobre-los-43-normalistas-de-ayotzinapa-sera-publico-anuncia-presidente\/\"},\"wordCount\":489,\"commentCount\":0,\"publisher\":{\"@id\":\"https:\/\/www.sonoraenequipo.com.mx\/#organization\"},\"image\":{\"@id\":\"https:\/\/www.sonoraenequipo.com.mx\/informe-mas-reciente-sobre-los-43-normalistas-de-ayotzinapa-sera-publico-anuncia-presidente\/#primaryimage\"},\"thumbnailUrl\":\"https:\/\/www.sonoraenequipo.com.mx\/storage\/2024\/07\/conferencia-matutina.-jpg-min.jpg\",\"articleSection\":[\"Rep\u00fablica\"],\"inLanguage\":\"es\",\"potentialAction\":[{\"@type\":\"CommentAction\",\"name\":\"Comment\",\"target\":[\"https:\/\/www.sonoraenequipo.com.mx\/informe-mas-reciente-sobre-los-43-normalistas-de-ayotzinapa-sera-publico-anuncia-presidente\/#respond\"]}]},{\"@type\":\"WebPage\",\"@id\":\"https:\/\/www.sonoraenequipo.com.mx\/informe-mas-reciente-sobre-los-43-normalistas-de-ayotzinapa-sera-publico-anuncia-presidente\/\",\"url\":\"https:\/\/www.sonoraenequipo.com.mx\/informe-mas-reciente-sobre-los-43-normalistas-de-ayotzinapa-sera-publico-anuncia-presidente\/\",\"name\":\"Sonora en Equipo. Informe m\u00e1s reciente sobre los 43 normalistas de Ayotzinapa ser\u00e1 p\u00fablico, anuncia presidente Rep\u00fablica\",\"isPartOf\":{\"@id\":\"https:\/\/www.sonoraenequipo.com.mx\/#website\"},\"primaryImageOfPage\":{\"@id\":\"https:\/\/www.sonoraenequipo.com.mx\/informe-mas-reciente-sobre-los-43-normalistas-de-ayotzinapa-sera-publico-anuncia-presidente\/#primaryimage\"},\"image\":{\"@id\":\"https:\/\/www.sonoraenequipo.com.mx\/informe-mas-reciente-sobre-los-43-normalistas-de-ayotzinapa-sera-publico-anuncia-presidente\/#primaryimage\"},\"thumbnailUrl\":\"https:\/\/www.sonoraenequipo.com.mx\/storage\/2024\/07\/conferencia-matutina.-jpg-min.jpg\",\"datePublished\":\"2024-07-25T15:54:46+00:00\",\"dateModified\":\"2024-07-25T22:43:12+00:00\",\"description\":\"CIUDAD DE M\u00c9XICO. MX. \u2014 El presidente Andr\u00e9s Manuel L\u00f3pez Obrador anunci\u00f3 que se publicar\u00e1 en canales y p\u00e1ginas oficiales el informe completo, con los En Sonora en Equipo publicamos toda la informaci\u00f3n de Sonora, M\u00e9xico y el Mundo de manera oportuna y busca que la libertad de expresi\u00f3n sea real. Visita nuestro medio informativo publicado desde Hermosillo, Sonora. %\",\"breadcrumb\":{\"@id\":\"https:\/\/www.sonoraenequipo.com.mx\/informe-mas-reciente-sobre-los-43-normalistas-de-ayotzinapa-sera-publico-anuncia-presidente\/#breadcrumb\"},\"inLanguage\":\"es\",\"potentialAction\":[{\"@type\":\"ReadAction\",\"target\":[\"https:\/\/www.sonoraenequipo.com.mx\/informe-mas-reciente-sobre-los-43-normalistas-de-ayotzinapa-sera-publico-anuncia-presidente\/\"]}]},{\"@type\":\"ImageObject\",\"inLanguage\":\"es\",\"@id\":\"https:\/\/www.sonoraenequipo.com.mx\/informe-mas-reciente-sobre-los-43-normalistas-de-ayotzinapa-sera-publico-anuncia-presidente\/#primaryimage\",\"url\":\"https:\/\/www.sonoraenequipo.com.mx\/storage\/2024\/07\/conferencia-matutina.-jpg-min.jpg\",\"contentUrl\":\"https:\/\/www.sonoraenequipo.com.mx\/storage\/2024\/07\/conferencia-matutina.-jpg-min.jpg\",\"width\":847,\"height\":521},{\"@type\":\"BreadcrumbList\",\"@id\":\"https:\/\/www.sonoraenequipo.com.mx\/informe-mas-reciente-sobre-los-43-normalistas-de-ayotzinapa-sera-publico-anuncia-presidente\/#breadcrumb\",\"itemListElement\":[{\"@type\":\"ListItem\",\"position\":1,\"name\":\"Portada\",\"item\":\"https:\/\/www.sonoraenequipo.com.mx\/\"},{\"@type\":\"ListItem\",\"position\":2,\"name\":\"Informe m\u00e1s reciente sobre los 43 normalistas de Ayotzinapa ser\u00e1 p\u00fablico, anuncia presidente\"}]},{\"@type\":\"WebSite\",\"@id\":\"https:\/\/www.sonoraenequipo.com.mx\/#website\",\"url\":\"https:\/\/www.sonoraenequipo.com.mx\/\",\"name\":\"Sonora en Equipo.\",\"description\":\"Diario en l\u00ednea con Noticias desde Hermosillo, Sonora\",\"publisher\":{\"@id\":\"https:\/\/www.sonoraenequipo.com.mx\/#organization\"},\"potentialAction\":[{\"@type\":\"SearchAction\",\"target\":{\"@type\":\"EntryPoint\",\"urlTemplate\":\"https:\/\/www.sonoraenequipo.com.mx\/?s={search_term_string}\"},\"query-input\":{\"@type\":\"PropertyValueSpecification\",\"valueRequired\":true,\"valueName\":\"search_term_string\"}}],\"inLanguage\":\"es\"},{\"@type\":\"Organization\",\"@id\":\"https:\/\/www.sonoraenequipo.com.mx\/#organization\",\"name\":\"Sonoraenequipo.com.mx\",\"url\":\"https:\/\/www.sonoraenequipo.com.mx\/\",\"logo\":{\"@type\":\"ImageObject\",\"inLanguage\":\"es\",\"@id\":\"https:\/\/www.sonoraenequipo.com.mx\/#\/schema\/logo\/image\/\",\"url\":\"https:\/\/www.sonoraenequipo.com.mx\/storage\/2019\/01\/sonoraenequipo_opt.png\",\"contentUrl\":\"https:\/\/www.sonoraenequipo.com.mx\/storage\/2019\/01\/sonoraenequipo_opt.png\",\"width\":375,\"height\":125,\"caption\":\"Sonoraenequipo.com.mx\"},\"image\":{\"@id\":\"https:\/\/www.sonoraenequipo.com.mx\/#\/schema\/logo\/image\/\"},\"sameAs\":[\"https:\/\/www.facebook.com\/SonoraEE\/\",\"https:\/\/x.com\/sonoraenequipo\",\"https:\/\/www.youtube.com\/channel\/UC338nW-lPEYmJQs4ZABQ1SQ\"]},{\"@type\":\"Person\",\"@id\":\"https:\/\/www.sonoraenequipo.com.mx\/#\/schema\/person\/50102df0fb23a8fa9e8effad8fa81386\",\"name\":\"enequipo\",\"image\":{\"@type\":\"ImageObject\",\"inLanguage\":\"es\",\"@id\":\"https:\/\/www.sonoraenequipo.com.mx\/#\/schema\/person\/image\/\",\"url\":\"https:\/\/secure.gravatar.com\/avatar\/049821681b589dabc0bc20695993ccebb09f5b5d4d790cd9251b97faac7c652b?s=96&d=blank&r=g\",\"contentUrl\":\"https:\/\/secure.gravatar.com\/avatar\/049821681b589dabc0bc20695993ccebb09f5b5d4d790cd9251b97faac7c652b?s=96&d=blank&r=g\",\"caption\":\"enequipo\"},\"sameAs\":[\"https:\/\/www.facebook.com\/SonoraEE\"]}]}<\/script>\n ","yoast_head_json":{"title":"Sonora en Equipo. Informe m\u00e1s reciente sobre los 43 normalistas de Ayotzinapa ser\u00e1 p\u00fablico, anuncia presidente Rep\u00fablica","description":"CIUDAD DE M\u00c9XICO. MX. \u2014 El presidente Andr\u00e9s Manuel L\u00f3pez Obrador anunci\u00f3 que se publicar\u00e1 en canales y p\u00e1ginas oficiales el informe completo, con los En Sonora en Equipo publicamos toda la informaci\u00f3n de Sonora, M\u00e9xico y el Mundo de manera oportuna y busca que la libertad de expresi\u00f3n sea real. Visita nuestro medio informativo publicado desde Hermosillo, Sonora. %","robots":{"index":"index","follow":"follow","max-snippet":"max-snippet:-1","max-image-preview":"max-image-preview:large","max-video-preview":"max-video-preview:-1"},"canonical":"https:\/\/www.sonoraenequipo.com.mx\/informe-mas-reciente-sobre-los-43-normalistas-de-ayotzinapa-sera-publico-anuncia-presidente\/","og_locale":"es_ES","og_type":"article","og_title":"Sonora en Equipo. Informe m\u00e1s reciente sobre los 43 normalistas de Ayotzinapa ser\u00e1 p\u00fablico, anuncia presidente Rep\u00fablica","og_description":"CIUDAD DE M\u00c9XICO. MX. \u2014 El presidente Andr\u00e9s Manuel L\u00f3pez Obrador anunci\u00f3 que se publicar\u00e1 en canales y p\u00e1ginas oficiales el informe completo, con los En Sonora en Equipo publicamos toda la informaci\u00f3n de Sonora, M\u00e9xico y el Mundo de manera oportuna y busca que la libertad de expresi\u00f3n sea real. Visita nuestro medio informativo publicado desde Hermosillo, Sonora. %","og_url":"https:\/\/www.sonoraenequipo.com.mx\/informe-mas-reciente-sobre-los-43-normalistas-de-ayotzinapa-sera-publico-anuncia-presidente\/","og_site_name":"Sonora en Equipo.","article_publisher":"https:\/\/www.facebook.com\/SonoraEE\/","article_author":"https:\/\/www.facebook.com\/SonoraEE","article_published_time":"2024-07-25T15:54:46+00:00","article_modified_time":"2024-07-25T22:43:12+00:00","og_image":[{"width":847,"height":521,"url":"https:\/\/www.sonoraenequipo.com.mx\/storage\/2024\/07\/conferencia-matutina.-jpg-min.jpg","type":"image\/jpeg"}],"author":"enequipo","twitter_card":"summary_large_image","twitter_creator":"@sonoraenequipo","twitter_site":"@sonoraenequipo","twitter_misc":{"Escrito por":"enequipo","Tiempo de lectura":"2 minutos"},"schema":{"@context":"https:\/\/schema.org","@graph":[{"@type":"Article","@id":"https:\/\/www.sonoraenequipo.com.mx\/informe-mas-reciente-sobre-los-43-normalistas-de-ayotzinapa-sera-publico-anuncia-presidente\/#article","isPartOf":{"@id":"https:\/\/www.sonoraenequipo.com.mx\/informe-mas-reciente-sobre-los-43-normalistas-de-ayotzinapa-sera-publico-anuncia-presidente\/"},"author":{"name":"enequipo","@id":"https:\/\/www.sonoraenequipo.com.mx\/#\/schema\/person\/50102df0fb23a8fa9e8effad8fa81386"},"headline":"Informe m\u00e1s reciente sobre los 43 normalistas de Ayotzinapa ser\u00e1 p\u00fablico, anuncia presidente","datePublished":"2024-07-25T15:54:46+00:00","dateModified":"2024-07-25T22:43:12+00:00","mainEntityOfPage":{"@id":"https:\/\/www.sonoraenequipo.com.mx\/informe-mas-reciente-sobre-los-43-normalistas-de-ayotzinapa-sera-publico-anuncia-presidente\/"},"wordCount":489,"commentCount":0,"publisher":{"@id":"https:\/\/www.sonoraenequipo.com.mx\/#organization"},"image":{"@id":"https:\/\/www.sonoraenequipo.com.mx\/informe-mas-reciente-sobre-los-43-normalistas-de-ayotzinapa-sera-publico-anuncia-presidente\/#primaryimage"},"thumbnailUrl":"https:\/\/www.sonoraenequipo.com.mx\/storage\/2024\/07\/conferencia-matutina.-jpg-min.jpg","articleSection":["Rep\u00fablica"],"inLanguage":"es","potentialAction":[{"@type":"CommentAction","name":"Comment","target":["https:\/\/www.sonoraenequipo.com.mx\/informe-mas-reciente-sobre-los-43-normalistas-de-ayotzinapa-sera-publico-anuncia-presidente\/#respond"]}]},{"@type":"WebPage","@id":"https:\/\/www.sonoraenequipo.com.mx\/informe-mas-reciente-sobre-los-43-normalistas-de-ayotzinapa-sera-publico-anuncia-presidente\/","url":"https:\/\/www.sonoraenequipo.com.mx\/informe-mas-reciente-sobre-los-43-normalistas-de-ayotzinapa-sera-publico-anuncia-presidente\/","name":"Sonora en Equipo. Informe m\u00e1s reciente sobre los 43 normalistas de Ayotzinapa ser\u00e1 p\u00fablico, anuncia presidente Rep\u00fablica","isPartOf":{"@id":"https:\/\/www.sonoraenequipo.com.mx\/#website"},"primaryImageOfPage":{"@id":"https:\/\/www.sonoraenequipo.com.mx\/informe-mas-reciente-sobre-los-43-normalistas-de-ayotzinapa-sera-publico-anuncia-presidente\/#primaryimage"},"image":{"@id":"https:\/\/www.sonoraenequipo.com.mx\/informe-mas-reciente-sobre-los-43-normalistas-de-ayotzinapa-sera-publico-anuncia-presidente\/#primaryimage"},"thumbnailUrl":"https:\/\/www.sonoraenequipo.com.mx\/storage\/2024\/07\/conferencia-matutina.-jpg-min.jpg","datePublished":"2024-07-25T15:54:46+00:00","dateModified":"2024-07-25T22:43:12+00:00","description":"CIUDAD DE M\u00c9XICO. MX. \u2014 El presidente Andr\u00e9s Manuel L\u00f3pez Obrador anunci\u00f3 que se publicar\u00e1 en canales y p\u00e1ginas oficiales el informe completo, con los En Sonora en Equipo publicamos toda la informaci\u00f3n de Sonora, M\u00e9xico y el Mundo de manera oportuna y busca que la libertad de expresi\u00f3n sea real. Visita nuestro medio informativo publicado desde Hermosillo, Sonora. %","breadcrumb":{"@id":"https:\/\/www.sonoraenequipo.com.mx\/informe-mas-reciente-sobre-los-43-normalistas-de-ayotzinapa-sera-publico-anuncia-presidente\/#breadcrumb"},"inLanguage":"es","potentialAction":[{"@type":"ReadAction","target":["https:\/\/www.sonoraenequipo.com.mx\/informe-mas-reciente-sobre-los-43-normalistas-de-ayotzinapa-sera-publico-anuncia-presidente\/"]}]},{"@type":"ImageObject","inLanguage":"es","@id":"https:\/\/www.sonoraenequipo.com.mx\/informe-mas-reciente-sobre-los-43-normalistas-de-ayotzinapa-sera-publico-anuncia-presidente\/#primaryimage","url":"https:\/\/www.sonoraenequipo.com.mx\/storage\/2024\/07\/conferencia-matutina.-jpg-min.jpg","contentUrl":"https:\/\/www.sonoraenequipo.com.mx\/storage\/2024\/07\/conferencia-matutina.-jpg-min.jpg","width":847,"height":521},{"@type":"BreadcrumbList","@id":"https:\/\/www.sonoraenequipo.com.mx\/informe-mas-reciente-sobre-los-43-normalistas-de-ayotzinapa-sera-publico-anuncia-presidente\/#breadcrumb","itemListElement":[{"@type":"ListItem","position":1,"name":"Portada","item":"https:\/\/www.sonoraenequipo.com.mx\/"},{"@type":"ListItem","position":2,"name":"Informe m\u00e1s reciente sobre los 43 normalistas de Ayotzinapa ser\u00e1 p\u00fablico, anuncia presidente"}]},{"@type":"WebSite","@id":"https:\/\/www.sonoraenequipo.com.mx\/#website","url":"https:\/\/www.sonoraenequipo.com.mx\/","name":"Sonora en Equipo.","description":"Diario en l\u00ednea con Noticias desde Hermosillo, Sonora","publisher":{"@id":"https:\/\/www.sonoraenequipo.com.mx\/#organization"},"potentialAction":[{"@type":"SearchAction","target":{"@type":"EntryPoint","urlTemplate":"https:\/\/www.sonoraenequipo.com.mx\/?s={search_term_string}"},"query-input":{"@type":"PropertyValueSpecification","valueRequired":true,"valueName":"search_term_string"}}],"inLanguage":"es"},{"@type":"Organization","@id":"https:\/\/www.sonoraenequipo.com.mx\/#organization","name":"Sonoraenequipo.com.mx","url":"https:\/\/www.sonoraenequipo.com.mx\/","logo":{"@type":"ImageObject","inLanguage":"es","@id":"https:\/\/www.sonoraenequipo.com.mx\/#\/schema\/logo\/image\/","url":"https:\/\/www.sonoraenequipo.com.mx\/storage\/2019\/01\/sonoraenequipo_opt.png","contentUrl":"https:\/\/www.sonoraenequipo.com.mx\/storage\/2019\/01\/sonoraenequipo_opt.png","width":375,"height":125,"caption":"Sonoraenequipo.com.mx"},"image":{"@id":"https:\/\/www.sonoraenequipo.com.mx\/#\/schema\/logo\/image\/"},"sameAs":["https:\/\/www.facebook.com\/SonoraEE\/","https:\/\/x.com\/sonoraenequipo","https:\/\/www.youtube.com\/channel\/UC338nW-lPEYmJQs4ZABQ1SQ"]},{"@type":"Person","@id":"https:\/\/www.sonoraenequipo.com.mx\/#\/schema\/person\/50102df0fb23a8fa9e8effad8fa81386","name":"enequipo","image":{"@type":"ImageObject","inLanguage":"es","@id":"https:\/\/www.sonoraenequipo.com.mx\/#\/schema\/person\/image\/","url":"https:\/\/secure.gravatar.com\/avatar\/049821681b589dabc0bc20695993ccebb09f5b5d4d790cd9251b97faac7c652b?s=96&d=blank&r=g","contentUrl":"https:\/\/secure.gravatar.com\/avatar\/049821681b589dabc0bc20695993ccebb09f5b5d4d790cd9251b97faac7c652b?s=96&d=blank&r=g","caption":"enequipo"},"sameAs":["https:\/\/www.facebook.com\/SonoraEE"]}]}},"jetpack_featured_media_url":"https:\/\/www.sonoraenequipo.com.mx\/storage\/2024\/07\/conferencia-matutina.-jpg-min.jpg","_links":{"self":[{"href":"https:\/\/www.sonoraenequipo.com.mx\/api\/wp\/v2\/posts\/195375","targetHints":{"allow":["GET"]}}],"collection":[{"href":"https:\/\/www.sonoraenequipo.com.mx\/api\/wp\/v2\/posts"}],"about":[{"href":"https:\/\/www.sonoraenequipo.com.mx\/api\/wp\/v2\/types\/post"}],"author":[{"embeddable":true,"href":"https:\/\/www.sonoraenequipo.com.mx\/api\/wp\/v2\/users\/1"}],"replies":[{"embeddable":true,"href":"https:\/\/www.sonoraenequipo.com.mx\/api\/wp\/v2\/comments?post=195375"}],"version-history":[{"count":1,"href":"https:\/\/www.sonoraenequipo.com.mx\/api\/wp\/v2\/posts\/195375\/revisions"}],"predecessor-version":[{"id":195376,"href":"https:\/\/www.sonoraenequipo.com.mx\/api\/wp\/v2\/posts\/195375\/revisions\/195376"}],"wp:featuredmedia":[{"embeddable":true,"href":"https:\/\/www.sonoraenequipo.com.mx\/api\/wp\/v2\/media\/195364"}],"wp:attachment":[{"href":"https:\/\/www.sonoraenequipo.com.mx\/api\/wp\/v2\/media?parent=195375"}],"wp:term":[{"taxonomy":"category","embeddable":true,"href":"https:\/\/www.sonoraenequipo.com.mx\/api\/wp\/v2\/categories?post=195375"},{"taxonomy":"post_tag","embeddable":true,"href":"https:\/\/www.sonoraenequipo.com.mx\/api\/wp\/v2\/tags?post=195375"}],"curies":[{"name":"wp","href":"https:\/\/api.w.org\/{rel}","templated":true}]}}