{"id":195558,"date":"2024-07-28T12:13:56","date_gmt":"2024-07-28T19:13:56","guid":{"rendered":"https:\/\/www.sonoraenequipo.com.mx\/?p=195558"},"modified":"2024-07-28T12:16:46","modified_gmt":"2024-07-28T19:16:46","slug":"con-la-sonorense-alejandra-valencia-mexico-gana-bronce-en-tiro-con-arco-femenil-por-equipos-en-paris-2024","status":"publish","type":"post","link":"https:\/\/www.sonoraenequipo.com.mx\/con-la-sonorense-alejandra-valencia-mexico-gana-bronce-en-tiro-con-arco-femenil-por-equipos-en-paris-2024\/","title":{"rendered":"Con la sonorense \u00a0Alejandra Valencia M\u00e9xico gana bronce en tiro con arco femenil por equipos en Par\u00eds 2024"},"content":{"rendered":"<p>&nbsp;<\/p>\n<p>Historia en estado puro es lo que lograron las arqueras Alejandra Valencia, Ana V\u00e1zquez y \u00c1ngela Ruiz al obtener la primera medalla ol\u00edmpica de la historia para M\u00e9xico en la prueba por equipos femeniles, luego de colgarse el metal de bronce en Par\u00eds 2024.<\/p>\n<p>&nbsp;<\/p>\n<p>La \u201cCiudad de la Luz\u201d se ilumin\u00f3 con el brillo del metal que consigui\u00f3 el tridente nacional tras derrotar 6-2 a las neerlandesas Gaby Schloesser (de origen mexicano y representante azteca en R\u00edo 2016), Quinty Roeffen y Laura Van Der Winkel, en un partido que fue equilibrado en su amanecer, pero que al final se pint\u00f3 de verde, blanco y rojo.<\/p>\n<p>&nbsp;<\/p>\n<p>&nbsp;<\/p>\n<p>Valencia, V\u00e1zquez y Ruiz, quien cumpli\u00f3 18 a\u00f1os en este d\u00eda, se hicieron de una medalla que pasar\u00e1 a las p\u00e1ginas doradas del deporte azteca en el magno evento, pues desde Los \u00c1ngeles 1932, M\u00e9xico ha ganado por lo menos una presea en cada una de las justas veraniegas que ha estado presente.<\/p>\n<p>&nbsp;<\/p>\n<p>Asimismo, este metal ol\u00edmpico es el n\u00famero 74 de manera general para el pa\u00eds, el 37 de bronce y el 20 en pruebas correspondientes a la rama femenil, adem\u00e1s de ser el cuarto que esta disciplina entrega a la naci\u00f3n tras la plata de A\u00edda Rom\u00e1n y bronce de Mariana Avitia en Londres 2012, as\u00ed como el tercer puesto de la misma Valencia con Luis \u00c1lvarez por equipos mixtos en Tokyo 2020.<\/p>\n<p>&nbsp;<\/p>\n<p>La sonorense, vigente subcampeona del orbe, es ahora la cuarta mujer mexicana multimedallista y se une a un selecto grupo de leyendas conformado por Mar\u00eda del Rosario Espinoza, Paola Espinosa y Alejandra Orozco.<\/p>\n<p>&nbsp;<\/p>\n<p>&nbsp;<\/p>\n<p>El camino hacia la haza\u00f1a ol\u00edmpica<\/p>\n<p>&nbsp;<\/p>\n<p>Las alemanas y actuales monarcas mundiales, Michelle Kroppen, Katharina Bauer y Charline Schwarz, eran el primer gran reto del d\u00eda en los cuartos de final; cabe recordar que esta naci\u00f3n venci\u00f3 a las mexicanas en semifinales del Campeonato Mundial Berl\u00edn 2023 y cuartos de final en Tokyo 2020, por lo que era la oportunidad para tomar revancha en su propio continente.<\/p>\n<p>&nbsp;<\/p>\n<p>El primer episodio fue complicado para ambos tridentes, ya que el viento les gener\u00f3 complicaciones en sus lanzamientos, lo cual se vio reflejado con las bajas puntuaciones de 50 a 50 que dieron una unidad a cada conjunto.<\/p>\n<p>&nbsp;<\/p>\n<p>Las nacionales se ajustaron mejor a las condiciones clim\u00e1ticas y se llevaron el segundo episodio por marcador de 55 a 49, y dieron el tiro de gracia en un \u00faltimo set lleno de dramatismo que fue para las aztecas debido a una espectacular flecha de 10 a cargo de Ana Paula V\u00e1zquez, que marc\u00f3 la pizarra final de 5-1.<\/p>\n<p>&nbsp;<\/p>\n<p>El conjunto \u201ctricolor\u201d no tuvo el mejor de sus arranques en la semifinal ante Yang Xiaolei, Li Jiaman y An Qixuan, de China, pa\u00eds al que derrot\u00f3 6-0 en el Mundial Berl\u00edn 2023, y el cual gan\u00f3 con autoridad el primer set 53 a 47 en la capital francesa.<\/p>\n<p><strong>Fecha de publicaci\u00f3n domingo 28 de julio de 2024 \/ Conade<\/strong><\/p>\n","protected":false},"excerpt":{"rendered":"<p>&nbsp; Historia en estado puro es lo que lograron las arqueras Alejandra Valencia, Ana V\u00e1zquez&#8230;<\/p>\n","protected":false},"author":1,"featured_media":195559,"comment_status":"open","ping_status":"open","sticky":false,"template":"","format":"standard","meta":{"_monsterinsights_skip_tracking":false,"_monsterinsights_sitenote_active":false,"_monsterinsights_sitenote_note":"","_monsterinsights_sitenote_category":0,"footnotes":""},"categories":[10],"tags":[5936,9794,8800],"class_list":["post"],"yoast_head":" \n<title>Sonora en Equipo. Con la sonorense \u00a0Alejandra Valencia M\u00e9xico gana bronce en tiro con arco femenil por equipos en Par\u00eds 2024 Deportes<\/title>\n<meta name=\"description\" content=\"&nbsp; Historia en estado puro es lo que lograron las arqueras Alejandra Valencia, Ana V\u00e1zquez y \u00c1ngela Ruiz al obtener la primera medalla ol\u00edmpica de la En Sonora en Equipo publicamos toda la informaci\u00f3n de Sonora, M\u00e9xico y el Mundo de manera oportuna y busca que la libertad de expresi\u00f3n sea real. Visita nuestro medio informativo publicado desde Hermosillo, Sonora. %\" \/>\n<meta name=\"robots\" content=\"index, follow, max-snippet:-1, max-image-preview:large, max-video-preview:-1\" \/>\n<link rel=\"canonical\" href=\"https:\/\/www.sonoraenequipo.com.mx\/con-la-sonorense-alejandra-valencia-mexico-gana-bronce-en-tiro-con-arco-femenil-por-equipos-en-paris-2024\/\" \/>\n<meta property=\"og:locale\" content=\"es_ES\" \/>\n<meta property=\"og:type\" content=\"article\" \/>\n<meta property=\"og:title\" content=\"Sonora en Equipo. Con la sonorense \u00a0Alejandra Valencia M\u00e9xico gana bronce en tiro con arco femenil por equipos en Par\u00eds 2024 Deportes\" \/>\n<meta property=\"og:description\" content=\"&nbsp; Historia en estado puro es lo que lograron las arqueras Alejandra Valencia, Ana V\u00e1zquez y \u00c1ngela Ruiz al obtener la primera medalla ol\u00edmpica de la En Sonora en Equipo publicamos toda la informaci\u00f3n de Sonora, M\u00e9xico y el Mundo de manera oportuna y busca que la libertad de expresi\u00f3n sea real. Visita nuestro medio informativo publicado desde Hermosillo, Sonora. %\" \/>\n<meta property=\"og:url\" content=\"https:\/\/www.sonoraenequipo.com.mx\/con-la-sonorense-alejandra-valencia-mexico-gana-bronce-en-tiro-con-arco-femenil-por-equipos-en-paris-2024\/\" \/>\n<meta property=\"og:site_name\" content=\"Sonora en Equipo.\" \/>\n<meta property=\"article:publisher\" content=\"https:\/\/www.facebook.com\/SonoraEE\/\" \/>\n<meta property=\"article:author\" content=\"https:\/\/www.facebook.com\/SonoraEE\" \/>\n<meta property=\"article:published_time\" content=\"2024-07-28T19:13:56+00:00\" \/>\n<meta property=\"article:modified_time\" content=\"2024-07-28T19:16:46+00:00\" \/>\n<meta property=\"og:image\" content=\"https:\/\/www.sonoraenequipo.com.mx\/storage\/2024\/07\/bronce-arco.jpg\" \/>\n\t<meta property=\"og:image:width\" content=\"650\" \/>\n\t<meta property=\"og:image:height\" content=\"380\" \/>\n\t<meta property=\"og:image:type\" content=\"image\/jpeg\" \/>\n<meta name=\"author\" content=\"enequipo\" \/>\n<meta name=\"twitter:card\" content=\"summary_large_image\" \/>\n<meta name=\"twitter:creator\" content=\"@sonoraenequipo\" \/>\n<meta name=\"twitter:site\" content=\"@sonoraenequipo\" \/>\n<meta name=\"twitter:label1\" content=\"Escrito por\" \/>\n\t<meta name=\"twitter:data1\" content=\"enequipo\" \/>\n\t<meta name=\"twitter:label2\" content=\"Tiempo de lectura\" \/>\n\t<meta name=\"twitter:data2\" content=\"3 minutos\" \/>\n<script type=\"application\/ld+json\" class=\"yoast-schema-graph\">{\"@context\":\"https:\/\/schema.org\",\"@graph\":[{\"@type\":\"Article\",\"@id\":\"https:\/\/www.sonoraenequipo.com.mx\/con-la-sonorense-alejandra-valencia-mexico-gana-bronce-en-tiro-con-arco-femenil-por-equipos-en-paris-2024\/#article\",\"isPartOf\":{\"@id\":\"https:\/\/www.sonoraenequipo.com.mx\/con-la-sonorense-alejandra-valencia-mexico-gana-bronce-en-tiro-con-arco-femenil-por-equipos-en-paris-2024\/\"},\"author\":{\"name\":\"enequipo\",\"@id\":\"https:\/\/www.sonoraenequipo.com.mx\/#\/schema\/person\/50102df0fb23a8fa9e8effad8fa81386\"},\"headline\":\"Con la sonorense \u00a0Alejandra Valencia M\u00e9xico gana bronce en tiro con arco femenil por equipos en Par\u00eds 2024\",\"datePublished\":\"2024-07-28T19:13:56+00:00\",\"dateModified\":\"2024-07-28T19:16:46+00:00\",\"mainEntityOfPage\":{\"@id\":\"https:\/\/www.sonoraenequipo.com.mx\/con-la-sonorense-alejandra-valencia-mexico-gana-bronce-en-tiro-con-arco-femenil-por-equipos-en-paris-2024\/\"},\"wordCount\":524,\"commentCount\":0,\"publisher\":{\"@id\":\"https:\/\/www.sonoraenequipo.com.mx\/#organization\"},\"image\":{\"@id\":\"https:\/\/www.sonoraenequipo.com.mx\/con-la-sonorense-alejandra-valencia-mexico-gana-bronce-en-tiro-con-arco-femenil-por-equipos-en-paris-2024\/#primaryimage\"},\"thumbnailUrl\":\"https:\/\/www.sonoraenequipo.com.mx\/storage\/2024\/07\/bronce-arco.jpg\",\"keywords\":[\"alejandra valencia\",\"femenil\",\"tiro con arco\"],\"articleSection\":[\"Deportes\"],\"inLanguage\":\"es\",\"potentialAction\":[{\"@type\":\"CommentAction\",\"name\":\"Comment\",\"target\":[\"https:\/\/www.sonoraenequipo.com.mx\/con-la-sonorense-alejandra-valencia-mexico-gana-bronce-en-tiro-con-arco-femenil-por-equipos-en-paris-2024\/#respond\"]}]},{\"@type\":\"WebPage\",\"@id\":\"https:\/\/www.sonoraenequipo.com.mx\/con-la-sonorense-alejandra-valencia-mexico-gana-bronce-en-tiro-con-arco-femenil-por-equipos-en-paris-2024\/\",\"url\":\"https:\/\/www.sonoraenequipo.com.mx\/con-la-sonorense-alejandra-valencia-mexico-gana-bronce-en-tiro-con-arco-femenil-por-equipos-en-paris-2024\/\",\"name\":\"Sonora en Equipo. Con la sonorense \u00a0Alejandra Valencia M\u00e9xico gana bronce en tiro con arco femenil por equipos en Par\u00eds 2024 Deportes\",\"isPartOf\":{\"@id\":\"https:\/\/www.sonoraenequipo.com.mx\/#website\"},\"primaryImageOfPage\":{\"@id\":\"https:\/\/www.sonoraenequipo.com.mx\/con-la-sonorense-alejandra-valencia-mexico-gana-bronce-en-tiro-con-arco-femenil-por-equipos-en-paris-2024\/#primaryimage\"},\"image\":{\"@id\":\"https:\/\/www.sonoraenequipo.com.mx\/con-la-sonorense-alejandra-valencia-mexico-gana-bronce-en-tiro-con-arco-femenil-por-equipos-en-paris-2024\/#primaryimage\"},\"thumbnailUrl\":\"https:\/\/www.sonoraenequipo.com.mx\/storage\/2024\/07\/bronce-arco.jpg\",\"datePublished\":\"2024-07-28T19:13:56+00:00\",\"dateModified\":\"2024-07-28T19:16:46+00:00\",\"description\":\"&nbsp; Historia en estado puro es lo que lograron las arqueras Alejandra Valencia, Ana V\u00e1zquez y \u00c1ngela Ruiz al obtener la primera medalla ol\u00edmpica de la En Sonora en Equipo publicamos toda la informaci\u00f3n de Sonora, M\u00e9xico y el Mundo de manera oportuna y busca que la libertad de expresi\u00f3n sea real. Visita nuestro medio informativo publicado desde Hermosillo, Sonora. %\",\"breadcrumb\":{\"@id\":\"https:\/\/www.sonoraenequipo.com.mx\/con-la-sonorense-alejandra-valencia-mexico-gana-bronce-en-tiro-con-arco-femenil-por-equipos-en-paris-2024\/#breadcrumb\"},\"inLanguage\":\"es\",\"potentialAction\":[{\"@type\":\"ReadAction\",\"target\":[\"https:\/\/www.sonoraenequipo.com.mx\/con-la-sonorense-alejandra-valencia-mexico-gana-bronce-en-tiro-con-arco-femenil-por-equipos-en-paris-2024\/\"]}]},{\"@type\":\"ImageObject\",\"inLanguage\":\"es\",\"@id\":\"https:\/\/www.sonoraenequipo.com.mx\/con-la-sonorense-alejandra-valencia-mexico-gana-bronce-en-tiro-con-arco-femenil-por-equipos-en-paris-2024\/#primaryimage\",\"url\":\"https:\/\/www.sonoraenequipo.com.mx\/storage\/2024\/07\/bronce-arco.jpg\",\"contentUrl\":\"https:\/\/www.sonoraenequipo.com.mx\/storage\/2024\/07\/bronce-arco.jpg\",\"width\":650,\"height\":380,\"caption\":\",Ana V\u00e1zquez, Angela Ruiz y Alejandra Val\u00f1encia celebran la medalla de bronce primera para M\u00e9xico en Olmpicos de Par\u00eds 2024. Imagen Conade\"},{\"@type\":\"BreadcrumbList\",\"@id\":\"https:\/\/www.sonoraenequipo.com.mx\/con-la-sonorense-alejandra-valencia-mexico-gana-bronce-en-tiro-con-arco-femenil-por-equipos-en-paris-2024\/#breadcrumb\",\"itemListElement\":[{\"@type\":\"ListItem\",\"position\":1,\"name\":\"Portada\",\"item\":\"https:\/\/www.sonoraenequipo.com.mx\/\"},{\"@type\":\"ListItem\",\"position\":2,\"name\":\"Con la sonorense \u00a0Alejandra Valencia M\u00e9xico gana bronce en tiro con arco femenil por equipos en Par\u00eds 2024\"}]},{\"@type\":\"WebSite\",\"@id\":\"https:\/\/www.sonoraenequipo.com.mx\/#website\",\"url\":\"https:\/\/www.sonoraenequipo.com.mx\/\",\"name\":\"Sonora en Equipo.\",\"description\":\"Diario en l\u00ednea con Noticias desde Hermosillo, Sonora\",\"publisher\":{\"@id\":\"https:\/\/www.sonoraenequipo.com.mx\/#organization\"},\"potentialAction\":[{\"@type\":\"SearchAction\",\"target\":{\"@type\":\"EntryPoint\",\"urlTemplate\":\"https:\/\/www.sonoraenequipo.com.mx\/?s={search_term_string}\"},\"query-input\":{\"@type\":\"PropertyValueSpecification\",\"valueRequired\":true,\"valueName\":\"search_term_string\"}}],\"inLanguage\":\"es\"},{\"@type\":\"Organization\",\"@id\":\"https:\/\/www.sonoraenequipo.com.mx\/#organization\",\"name\":\"Sonoraenequipo.com.mx\",\"url\":\"https:\/\/www.sonoraenequipo.com.mx\/\",\"logo\":{\"@type\":\"ImageObject\",\"inLanguage\":\"es\",\"@id\":\"https:\/\/www.sonoraenequipo.com.mx\/#\/schema\/logo\/image\/\",\"url\":\"https:\/\/www.sonoraenequipo.com.mx\/storage\/2019\/01\/sonoraenequipo_opt.png\",\"contentUrl\":\"https:\/\/www.sonoraenequipo.com.mx\/storage\/2019\/01\/sonoraenequipo_opt.png\",\"width\":375,\"height\":125,\"caption\":\"Sonoraenequipo.com.mx\"},\"image\":{\"@id\":\"https:\/\/www.sonoraenequipo.com.mx\/#\/schema\/logo\/image\/\"},\"sameAs\":[\"https:\/\/www.facebook.com\/SonoraEE\/\",\"https:\/\/x.com\/sonoraenequipo\",\"https:\/\/www.youtube.com\/channel\/UC338nW-lPEYmJQs4ZABQ1SQ\"]},{\"@type\":\"Person\",\"@id\":\"https:\/\/www.sonoraenequipo.com.mx\/#\/schema\/person\/50102df0fb23a8fa9e8effad8fa81386\",\"name\":\"enequipo\",\"image\":{\"@type\":\"ImageObject\",\"inLanguage\":\"es\",\"@id\":\"https:\/\/www.sonoraenequipo.com.mx\/#\/schema\/person\/image\/\",\"url\":\"https:\/\/secure.gravatar.com\/avatar\/049821681b589dabc0bc20695993ccebb09f5b5d4d790cd9251b97faac7c652b?s=96&d=blank&r=g\",\"contentUrl\":\"https:\/\/secure.gravatar.com\/avatar\/049821681b589dabc0bc20695993ccebb09f5b5d4d790cd9251b97faac7c652b?s=96&d=blank&r=g\",\"caption\":\"enequipo\"},\"sameAs\":[\"https:\/\/www.facebook.com\/SonoraEE\"]}]}<\/script>\n ","yoast_head_json":{"title":"Sonora en Equipo. Con la sonorense \u00a0Alejandra Valencia M\u00e9xico gana bronce en tiro con arco femenil por equipos en Par\u00eds 2024 Deportes","description":"&nbsp; Historia en estado puro es lo que lograron las arqueras Alejandra Valencia, Ana V\u00e1zquez y \u00c1ngela Ruiz al obtener la primera medalla ol\u00edmpica de la En Sonora en Equipo publicamos toda la informaci\u00f3n de Sonora, M\u00e9xico y el Mundo de manera oportuna y busca que la libertad de expresi\u00f3n sea real. Visita nuestro medio informativo publicado desde Hermosillo, Sonora. %","robots":{"index":"index","follow":"follow","max-snippet":"max-snippet:-1","max-image-preview":"max-image-preview:large","max-video-preview":"max-video-preview:-1"},"canonical":"https:\/\/www.sonoraenequipo.com.mx\/con-la-sonorense-alejandra-valencia-mexico-gana-bronce-en-tiro-con-arco-femenil-por-equipos-en-paris-2024\/","og_locale":"es_ES","og_type":"article","og_title":"Sonora en Equipo. Con la sonorense \u00a0Alejandra Valencia M\u00e9xico gana bronce en tiro con arco femenil por equipos en Par\u00eds 2024 Deportes","og_description":"&nbsp; Historia en estado puro es lo que lograron las arqueras Alejandra Valencia, Ana V\u00e1zquez y \u00c1ngela Ruiz al obtener la primera medalla ol\u00edmpica de la En Sonora en Equipo publicamos toda la informaci\u00f3n de Sonora, M\u00e9xico y el Mundo de manera oportuna y busca que la libertad de expresi\u00f3n sea real. Visita nuestro medio informativo publicado desde Hermosillo, Sonora. %","og_url":"https:\/\/www.sonoraenequipo.com.mx\/con-la-sonorense-alejandra-valencia-mexico-gana-bronce-en-tiro-con-arco-femenil-por-equipos-en-paris-2024\/","og_site_name":"Sonora en Equipo.","article_publisher":"https:\/\/www.facebook.com\/SonoraEE\/","article_author":"https:\/\/www.facebook.com\/SonoraEE","article_published_time":"2024-07-28T19:13:56+00:00","article_modified_time":"2024-07-28T19:16:46+00:00","og_image":[{"width":650,"height":380,"url":"https:\/\/www.sonoraenequipo.com.mx\/storage\/2024\/07\/bronce-arco.jpg","type":"image\/jpeg"}],"author":"enequipo","twitter_card":"summary_large_image","twitter_creator":"@sonoraenequipo","twitter_site":"@sonoraenequipo","twitter_misc":{"Escrito por":"enequipo","Tiempo de lectura":"3 minutos"},"schema":{"@context":"https:\/\/schema.org","@graph":[{"@type":"Article","@id":"https:\/\/www.sonoraenequipo.com.mx\/con-la-sonorense-alejandra-valencia-mexico-gana-bronce-en-tiro-con-arco-femenil-por-equipos-en-paris-2024\/#article","isPartOf":{"@id":"https:\/\/www.sonoraenequipo.com.mx\/con-la-sonorense-alejandra-valencia-mexico-gana-bronce-en-tiro-con-arco-femenil-por-equipos-en-paris-2024\/"},"author":{"name":"enequipo","@id":"https:\/\/www.sonoraenequipo.com.mx\/#\/schema\/person\/50102df0fb23a8fa9e8effad8fa81386"},"headline":"Con la sonorense \u00a0Alejandra Valencia M\u00e9xico gana bronce en tiro con arco femenil por equipos en Par\u00eds 2024","datePublished":"2024-07-28T19:13:56+00:00","dateModified":"2024-07-28T19:16:46+00:00","mainEntityOfPage":{"@id":"https:\/\/www.sonoraenequipo.com.mx\/con-la-sonorense-alejandra-valencia-mexico-gana-bronce-en-tiro-con-arco-femenil-por-equipos-en-paris-2024\/"},"wordCount":524,"commentCount":0,"publisher":{"@id":"https:\/\/www.sonoraenequipo.com.mx\/#organization"},"image":{"@id":"https:\/\/www.sonoraenequipo.com.mx\/con-la-sonorense-alejandra-valencia-mexico-gana-bronce-en-tiro-con-arco-femenil-por-equipos-en-paris-2024\/#primaryimage"},"thumbnailUrl":"https:\/\/www.sonoraenequipo.com.mx\/storage\/2024\/07\/bronce-arco.jpg","keywords":["alejandra valencia","femenil","tiro con arco"],"articleSection":["Deportes"],"inLanguage":"es","potentialAction":[{"@type":"CommentAction","name":"Comment","target":["https:\/\/www.sonoraenequipo.com.mx\/con-la-sonorense-alejandra-valencia-mexico-gana-bronce-en-tiro-con-arco-femenil-por-equipos-en-paris-2024\/#respond"]}]},{"@type":"WebPage","@id":"https:\/\/www.sonoraenequipo.com.mx\/con-la-sonorense-alejandra-valencia-mexico-gana-bronce-en-tiro-con-arco-femenil-por-equipos-en-paris-2024\/","url":"https:\/\/www.sonoraenequipo.com.mx\/con-la-sonorense-alejandra-valencia-mexico-gana-bronce-en-tiro-con-arco-femenil-por-equipos-en-paris-2024\/","name":"Sonora en Equipo. Con la sonorense \u00a0Alejandra Valencia M\u00e9xico gana bronce en tiro con arco femenil por equipos en Par\u00eds 2024 Deportes","isPartOf":{"@id":"https:\/\/www.sonoraenequipo.com.mx\/#website"},"primaryImageOfPage":{"@id":"https:\/\/www.sonoraenequipo.com.mx\/con-la-sonorense-alejandra-valencia-mexico-gana-bronce-en-tiro-con-arco-femenil-por-equipos-en-paris-2024\/#primaryimage"},"image":{"@id":"https:\/\/www.sonoraenequipo.com.mx\/con-la-sonorense-alejandra-valencia-mexico-gana-bronce-en-tiro-con-arco-femenil-por-equipos-en-paris-2024\/#primaryimage"},"thumbnailUrl":"https:\/\/www.sonoraenequipo.com.mx\/storage\/2024\/07\/bronce-arco.jpg","datePublished":"2024-07-28T19:13:56+00:00","dateModified":"2024-07-28T19:16:46+00:00","description":"&nbsp; Historia en estado puro es lo que lograron las arqueras Alejandra Valencia, Ana V\u00e1zquez y \u00c1ngela Ruiz al obtener la primera medalla ol\u00edmpica de la En Sonora en Equipo publicamos toda la informaci\u00f3n de Sonora, M\u00e9xico y el Mundo de manera oportuna y busca que la libertad de expresi\u00f3n sea real. Visita nuestro medio informativo publicado desde Hermosillo, Sonora. %","breadcrumb":{"@id":"https:\/\/www.sonoraenequipo.com.mx\/con-la-sonorense-alejandra-valencia-mexico-gana-bronce-en-tiro-con-arco-femenil-por-equipos-en-paris-2024\/#breadcrumb"},"inLanguage":"es","potentialAction":[{"@type":"ReadAction","target":["https:\/\/www.sonoraenequipo.com.mx\/con-la-sonorense-alejandra-valencia-mexico-gana-bronce-en-tiro-con-arco-femenil-por-equipos-en-paris-2024\/"]}]},{"@type":"ImageObject","inLanguage":"es","@id":"https:\/\/www.sonoraenequipo.com.mx\/con-la-sonorense-alejandra-valencia-mexico-gana-bronce-en-tiro-con-arco-femenil-por-equipos-en-paris-2024\/#primaryimage","url":"https:\/\/www.sonoraenequipo.com.mx\/storage\/2024\/07\/bronce-arco.jpg","contentUrl":"https:\/\/www.sonoraenequipo.com.mx\/storage\/2024\/07\/bronce-arco.jpg","width":650,"height":380,"caption":",Ana V\u00e1zquez, Angela Ruiz y Alejandra Val\u00f1encia celebran la medalla de bronce primera para M\u00e9xico en Olmpicos de Par\u00eds 2024. Imagen Conade"},{"@type":"BreadcrumbList","@id":"https:\/\/www.sonoraenequipo.com.mx\/con-la-sonorense-alejandra-valencia-mexico-gana-bronce-en-tiro-con-arco-femenil-por-equipos-en-paris-2024\/#breadcrumb","itemListElement":[{"@type":"ListItem","position":1,"name":"Portada","item":"https:\/\/www.sonoraenequipo.com.mx\/"},{"@type":"ListItem","position":2,"name":"Con la sonorense \u00a0Alejandra Valencia M\u00e9xico gana bronce en tiro con arco femenil por equipos en Par\u00eds 2024"}]},{"@type":"WebSite","@id":"https:\/\/www.sonoraenequipo.com.mx\/#website","url":"https:\/\/www.sonoraenequipo.com.mx\/","name":"Sonora en Equipo.","description":"Diario en l\u00ednea con Noticias desde Hermosillo, Sonora","publisher":{"@id":"https:\/\/www.sonoraenequipo.com.mx\/#organization"},"potentialAction":[{"@type":"SearchAction","target":{"@type":"EntryPoint","urlTemplate":"https:\/\/www.sonoraenequipo.com.mx\/?s={search_term_string}"},"query-input":{"@type":"PropertyValueSpecification","valueRequired":true,"valueName":"search_term_string"}}],"inLanguage":"es"},{"@type":"Organization","@id":"https:\/\/www.sonoraenequipo.com.mx\/#organization","name":"Sonoraenequipo.com.mx","url":"https:\/\/www.sonoraenequipo.com.mx\/","logo":{"@type":"ImageObject","inLanguage":"es","@id":"https:\/\/www.sonoraenequipo.com.mx\/#\/schema\/logo\/image\/","url":"https:\/\/www.sonoraenequipo.com.mx\/storage\/2019\/01\/sonoraenequipo_opt.png","contentUrl":"https:\/\/www.sonoraenequipo.com.mx\/storage\/2019\/01\/sonoraenequipo_opt.png","width":375,"height":125,"caption":"Sonoraenequipo.com.mx"},"image":{"@id":"https:\/\/www.sonoraenequipo.com.mx\/#\/schema\/logo\/image\/"},"sameAs":["https:\/\/www.facebook.com\/SonoraEE\/","https:\/\/x.com\/sonoraenequipo","https:\/\/www.youtube.com\/channel\/UC338nW-lPEYmJQs4ZABQ1SQ"]},{"@type":"Person","@id":"https:\/\/www.sonoraenequipo.com.mx\/#\/schema\/person\/50102df0fb23a8fa9e8effad8fa81386","name":"enequipo","image":{"@type":"ImageObject","inLanguage":"es","@id":"https:\/\/www.sonoraenequipo.com.mx\/#\/schema\/person\/image\/","url":"https:\/\/secure.gravatar.com\/avatar\/049821681b589dabc0bc20695993ccebb09f5b5d4d790cd9251b97faac7c652b?s=96&d=blank&r=g","contentUrl":"https:\/\/secure.gravatar.com\/avatar\/049821681b589dabc0bc20695993ccebb09f5b5d4d790cd9251b97faac7c652b?s=96&d=blank&r=g","caption":"enequipo"},"sameAs":["https:\/\/www.facebook.com\/SonoraEE"]}]}},"jetpack_featured_media_url":"https:\/\/www.sonoraenequipo.com.mx\/storage\/2024\/07\/bronce-arco.jpg","_links":{"self":[{"href":"https:\/\/www.sonoraenequipo.com.mx\/api\/wp\/v2\/posts\/195558","targetHints":{"allow":["GET"]}}],"collection":[{"href":"https:\/\/www.sonoraenequipo.com.mx\/api\/wp\/v2\/posts"}],"about":[{"href":"https:\/\/www.sonoraenequipo.com.mx\/api\/wp\/v2\/types\/post"}],"author":[{"embeddable":true,"href":"https:\/\/www.sonoraenequipo.com.mx\/api\/wp\/v2\/users\/1"}],"replies":[{"embeddable":true,"href":"https:\/\/www.sonoraenequipo.com.mx\/api\/wp\/v2\/comments?post=195558"}],"version-history":[{"count":1,"href":"https:\/\/www.sonoraenequipo.com.mx\/api\/wp\/v2\/posts\/195558\/revisions"}],"predecessor-version":[{"id":195560,"href":"https:\/\/www.sonoraenequipo.com.mx\/api\/wp\/v2\/posts\/195558\/revisions\/195560"}],"wp:featuredmedia":[{"embeddable":true,"href":"https:\/\/www.sonoraenequipo.com.mx\/api\/wp\/v2\/media\/195559"}],"wp:attachment":[{"href":"https:\/\/www.sonoraenequipo.com.mx\/api\/wp\/v2\/media?parent=195558"}],"wp:term":[{"taxonomy":"category","embeddable":true,"href":"https:\/\/www.sonoraenequipo.com.mx\/api\/wp\/v2\/categories?post=195558"},{"taxonomy":"post_tag","embeddable":true,"href":"https:\/\/www.sonoraenequipo.com.mx\/api\/wp\/v2\/tags?post=195558"}],"curies":[{"name":"wp","href":"https:\/\/api.w.org\/{rel}","templated":true}]}}