{"id":195568,"date":"2024-07-28T14:21:18","date_gmt":"2024-07-28T21:21:18","guid":{"rendered":"https:\/\/www.sonoraenequipo.com.mx\/?p=195568"},"modified":"2024-07-28T14:21:18","modified_gmt":"2024-07-28T21:21:18","slug":"alumnado-de-uth-fortalece-sus-conocimientos-sobre-la-generacion-de-energias-limpias","status":"publish","type":"post","link":"https:\/\/www.sonoraenequipo.com.mx\/alumnado-de-uth-fortalece-sus-conocimientos-sobre-la-generacion-de-energias-limpias\/","title":{"rendered":"Alumnado de UTH fortalece sus conocimientos sobre la generaci\u00f3n de energ\u00edas limpias"},"content":{"rendered":"<p><strong>HERMOSILLO, SONORA, MX.<\/strong> \u2014 Con el fin de conocer el proceso de generaci\u00f3n de energ\u00eda fotovoltaica e informarse acerca de qu\u00e9 tecnolog\u00edas se utilizan para esto, estudiantes del programa educativo de ingenier\u00eda en Energ\u00edas Renovables de la Universidad Tecnol\u00f3gica de Hermosillo (UTH) y su extensi\u00f3n Ures visitaron el Parque Fotovoltaico ENH \u201cEl Ranchito\u201d.<\/p>\n<p>&nbsp;<\/p>\n<p>&nbsp;<\/p>\n<p>&nbsp;<\/p>\n<p>Durante el recorrido, los estudiantes universitarios aprendieron acerca de la normatividad del proceso, la capacidad de generaci\u00f3n de energ\u00eda limpia de la empresa, el equipamiento, las caracter\u00edsticas, las dimensiones y el banco de generadores con que se opera.<\/p>\n<p>&nbsp;<\/p>\n<p>&nbsp;<\/p>\n<p>&nbsp;<\/p>\n<p>De igual manera, el director del programa educativo, Carlos Castillo Ortiz, resalt\u00f3 que la actividad fue muy productiva, debido a que en su mapa curricular est\u00e1n contenidas materias relacionadas con la actividad del parque, esto con el prop\u00f3sito de crear m\u00e1s profesionistas enfocados en el desarrollo de energ\u00edas sostenibles, el cual es uno de los principales esfuerzos del gobernador Alfonso Durazo.<\/p>\n<p>&nbsp;<\/p>\n<p>&nbsp;<\/p>\n<p>&nbsp;<\/p>\n<p>Aunado a esto, Castillo Ortiz indic\u00f3 que a los j\u00f3venes se les explic\u00f3 c\u00f3mo es el proceso de producci\u00f3n de la energ\u00eda y c\u00f3mo se inyecta a la red de la Comisi\u00f3n Federal de Electricidad (CFE) para despu\u00e9s ser utilizada por empresas localizadas en Torre\u00f3n, Coahuila.<\/p>\n<p><strong>Fecha de publicaci\u00f3n domingo 28 de julio de 2024<\/strong><\/p>\n","protected":false},"excerpt":{"rendered":"<p>HERMOSILLO, SONORA, MX. \u2014 Con el fin de conocer el proceso de generaci\u00f3n de energ\u00eda&#8230;<\/p>\n","protected":false},"author":1,"featured_media":195570,"comment_status":"open","ping_status":"open","sticky":false,"template":"","format":"standard","meta":{"_monsterinsights_skip_tracking":false,"_monsterinsights_sitenote_active":false,"_monsterinsights_sitenote_note":"","_monsterinsights_sitenote_category":0,"footnotes":""},"categories":[2216],"tags":[686],"class_list":["post"],"yoast_head":" \n<title>Sonora en Equipo. Alumnado de UTH fortalece sus conocimientos sobre la generaci\u00f3n de energ\u00edas limpias Ciencia y Tecnolog\u00eda<\/title>\n<meta name=\"description\" content=\"HERMOSILLO, SONORA, MX. \u2014 Con el fin de conocer el proceso de generaci\u00f3n de energ\u00eda fotovoltaica e informarse acerca de qu\u00e9 tecnolog\u00edas se utilizan para En Sonora en Equipo publicamos toda la informaci\u00f3n de Sonora, M\u00e9xico y el Mundo de manera oportuna y busca que la libertad de expresi\u00f3n sea real. Visita nuestro medio informativo publicado desde Hermosillo, Sonora. %\" \/>\n<meta name=\"robots\" content=\"index, follow, max-snippet:-1, max-image-preview:large, max-video-preview:-1\" \/>\n<link rel=\"canonical\" href=\"https:\/\/www.sonoraenequipo.com.mx\/alumnado-de-uth-fortalece-sus-conocimientos-sobre-la-generacion-de-energias-limpias\/\" \/>\n<meta property=\"og:locale\" content=\"es_ES\" \/>\n<meta property=\"og:type\" content=\"article\" \/>\n<meta property=\"og:title\" content=\"Sonora en Equipo. Alumnado de UTH fortalece sus conocimientos sobre la generaci\u00f3n de energ\u00edas limpias Ciencia y Tecnolog\u00eda\" \/>\n<meta property=\"og:description\" content=\"HERMOSILLO, SONORA, MX. \u2014 Con el fin de conocer el proceso de generaci\u00f3n de energ\u00eda fotovoltaica e informarse acerca de qu\u00e9 tecnolog\u00edas se utilizan para En Sonora en Equipo publicamos toda la informaci\u00f3n de Sonora, M\u00e9xico y el Mundo de manera oportuna y busca que la libertad de expresi\u00f3n sea real. Visita nuestro medio informativo publicado desde Hermosillo, Sonora. %\" \/>\n<meta property=\"og:url\" content=\"https:\/\/www.sonoraenequipo.com.mx\/alumnado-de-uth-fortalece-sus-conocimientos-sobre-la-generacion-de-energias-limpias\/\" \/>\n<meta property=\"og:site_name\" content=\"Sonora en Equipo.\" \/>\n<meta property=\"article:publisher\" content=\"https:\/\/www.facebook.com\/SonoraEE\/\" \/>\n<meta property=\"article:author\" content=\"https:\/\/www.facebook.com\/SonoraEE\" \/>\n<meta property=\"article:published_time\" content=\"2024-07-28T21:21:18+00:00\" \/>\n<meta property=\"og:image\" content=\"https:\/\/www.sonoraenequipo.com.mx\/storage\/2024\/07\/alumnos-uth.jpg\" \/>\n\t<meta property=\"og:image:width\" content=\"600\" \/>\n\t<meta property=\"og:image:height\" content=\"450\" \/>\n\t<meta property=\"og:image:type\" content=\"image\/jpeg\" \/>\n<meta name=\"author\" content=\"enequipo\" \/>\n<meta name=\"twitter:card\" content=\"summary_large_image\" \/>\n<meta name=\"twitter:creator\" content=\"@sonoraenequipo\" \/>\n<meta name=\"twitter:site\" content=\"@sonoraenequipo\" \/>\n<meta name=\"twitter:label1\" content=\"Escrito por\" \/>\n\t<meta name=\"twitter:data1\" content=\"enequipo\" \/>\n\t<meta name=\"twitter:label2\" content=\"Tiempo de lectura\" \/>\n\t<meta name=\"twitter:data2\" content=\"1 minuto\" \/>\n<script type=\"application\/ld+json\" class=\"yoast-schema-graph\">{\"@context\":\"https:\/\/schema.org\",\"@graph\":[{\"@type\":\"Article\",\"@id\":\"https:\/\/www.sonoraenequipo.com.mx\/alumnado-de-uth-fortalece-sus-conocimientos-sobre-la-generacion-de-energias-limpias\/#article\",\"isPartOf\":{\"@id\":\"https:\/\/www.sonoraenequipo.com.mx\/alumnado-de-uth-fortalece-sus-conocimientos-sobre-la-generacion-de-energias-limpias\/\"},\"author\":{\"name\":\"enequipo\",\"@id\":\"https:\/\/www.sonoraenequipo.com.mx\/#\/schema\/person\/50102df0fb23a8fa9e8effad8fa81386\"},\"headline\":\"Alumnado de UTH fortalece sus conocimientos sobre la generaci\u00f3n de energ\u00edas limpias\",\"datePublished\":\"2024-07-28T21:21:18+00:00\",\"mainEntityOfPage\":{\"@id\":\"https:\/\/www.sonoraenequipo.com.mx\/alumnado-de-uth-fortalece-sus-conocimientos-sobre-la-generacion-de-energias-limpias\/\"},\"wordCount\":250,\"commentCount\":0,\"publisher\":{\"@id\":\"https:\/\/www.sonoraenequipo.com.mx\/#organization\"},\"image\":{\"@id\":\"https:\/\/www.sonoraenequipo.com.mx\/alumnado-de-uth-fortalece-sus-conocimientos-sobre-la-generacion-de-energias-limpias\/#primaryimage\"},\"thumbnailUrl\":\"https:\/\/www.sonoraenequipo.com.mx\/storage\/2024\/07\/alumnos-uth.jpg\",\"keywords\":[\"bomberos\"],\"articleSection\":[\"Ciencia y Tecnolog\u00eda\"],\"inLanguage\":\"es\",\"potentialAction\":[{\"@type\":\"CommentAction\",\"name\":\"Comment\",\"target\":[\"https:\/\/www.sonoraenequipo.com.mx\/alumnado-de-uth-fortalece-sus-conocimientos-sobre-la-generacion-de-energias-limpias\/#respond\"]}]},{\"@type\":\"WebPage\",\"@id\":\"https:\/\/www.sonoraenequipo.com.mx\/alumnado-de-uth-fortalece-sus-conocimientos-sobre-la-generacion-de-energias-limpias\/\",\"url\":\"https:\/\/www.sonoraenequipo.com.mx\/alumnado-de-uth-fortalece-sus-conocimientos-sobre-la-generacion-de-energias-limpias\/\",\"name\":\"Sonora en Equipo. Alumnado de UTH fortalece sus conocimientos sobre la generaci\u00f3n de energ\u00edas limpias Ciencia y Tecnolog\u00eda\",\"isPartOf\":{\"@id\":\"https:\/\/www.sonoraenequipo.com.mx\/#website\"},\"primaryImageOfPage\":{\"@id\":\"https:\/\/www.sonoraenequipo.com.mx\/alumnado-de-uth-fortalece-sus-conocimientos-sobre-la-generacion-de-energias-limpias\/#primaryimage\"},\"image\":{\"@id\":\"https:\/\/www.sonoraenequipo.com.mx\/alumnado-de-uth-fortalece-sus-conocimientos-sobre-la-generacion-de-energias-limpias\/#primaryimage\"},\"thumbnailUrl\":\"https:\/\/www.sonoraenequipo.com.mx\/storage\/2024\/07\/alumnos-uth.jpg\",\"datePublished\":\"2024-07-28T21:21:18+00:00\",\"description\":\"HERMOSILLO, SONORA, MX. \u2014 Con el fin de conocer el proceso de generaci\u00f3n de energ\u00eda fotovoltaica e informarse acerca de qu\u00e9 tecnolog\u00edas se utilizan para En Sonora en Equipo publicamos toda la informaci\u00f3n de Sonora, M\u00e9xico y el Mundo de manera oportuna y busca que la libertad de expresi\u00f3n sea real. Visita nuestro medio informativo publicado desde Hermosillo, Sonora. %\",\"breadcrumb\":{\"@id\":\"https:\/\/www.sonoraenequipo.com.mx\/alumnado-de-uth-fortalece-sus-conocimientos-sobre-la-generacion-de-energias-limpias\/#breadcrumb\"},\"inLanguage\":\"es\",\"potentialAction\":[{\"@type\":\"ReadAction\",\"target\":[\"https:\/\/www.sonoraenequipo.com.mx\/alumnado-de-uth-fortalece-sus-conocimientos-sobre-la-generacion-de-energias-limpias\/\"]}]},{\"@type\":\"ImageObject\",\"inLanguage\":\"es\",\"@id\":\"https:\/\/www.sonoraenequipo.com.mx\/alumnado-de-uth-fortalece-sus-conocimientos-sobre-la-generacion-de-energias-limpias\/#primaryimage\",\"url\":\"https:\/\/www.sonoraenequipo.com.mx\/storage\/2024\/07\/alumnos-uth.jpg\",\"contentUrl\":\"https:\/\/www.sonoraenequipo.com.mx\/storage\/2024\/07\/alumnos-uth.jpg\",\"width\":600,\"height\":450},{\"@type\":\"BreadcrumbList\",\"@id\":\"https:\/\/www.sonoraenequipo.com.mx\/alumnado-de-uth-fortalece-sus-conocimientos-sobre-la-generacion-de-energias-limpias\/#breadcrumb\",\"itemListElement\":[{\"@type\":\"ListItem\",\"position\":1,\"name\":\"Portada\",\"item\":\"https:\/\/www.sonoraenequipo.com.mx\/\"},{\"@type\":\"ListItem\",\"position\":2,\"name\":\"Alumnado de UTH fortalece sus conocimientos sobre la generaci\u00f3n de energ\u00edas limpias\"}]},{\"@type\":\"WebSite\",\"@id\":\"https:\/\/www.sonoraenequipo.com.mx\/#website\",\"url\":\"https:\/\/www.sonoraenequipo.com.mx\/\",\"name\":\"Sonora en Equipo.\",\"description\":\"Diario en l\u00ednea con Noticias desde Hermosillo, Sonora\",\"publisher\":{\"@id\":\"https:\/\/www.sonoraenequipo.com.mx\/#organization\"},\"potentialAction\":[{\"@type\":\"SearchAction\",\"target\":{\"@type\":\"EntryPoint\",\"urlTemplate\":\"https:\/\/www.sonoraenequipo.com.mx\/?s={search_term_string}\"},\"query-input\":{\"@type\":\"PropertyValueSpecification\",\"valueRequired\":true,\"valueName\":\"search_term_string\"}}],\"inLanguage\":\"es\"},{\"@type\":\"Organization\",\"@id\":\"https:\/\/www.sonoraenequipo.com.mx\/#organization\",\"name\":\"Sonoraenequipo.com.mx\",\"url\":\"https:\/\/www.sonoraenequipo.com.mx\/\",\"logo\":{\"@type\":\"ImageObject\",\"inLanguage\":\"es\",\"@id\":\"https:\/\/www.sonoraenequipo.com.mx\/#\/schema\/logo\/image\/\",\"url\":\"https:\/\/www.sonoraenequipo.com.mx\/storage\/2019\/01\/sonoraenequipo_opt.png\",\"contentUrl\":\"https:\/\/www.sonoraenequipo.com.mx\/storage\/2019\/01\/sonoraenequipo_opt.png\",\"width\":375,\"height\":125,\"caption\":\"Sonoraenequipo.com.mx\"},\"image\":{\"@id\":\"https:\/\/www.sonoraenequipo.com.mx\/#\/schema\/logo\/image\/\"},\"sameAs\":[\"https:\/\/www.facebook.com\/SonoraEE\/\",\"https:\/\/x.com\/sonoraenequipo\",\"https:\/\/www.youtube.com\/channel\/UC338nW-lPEYmJQs4ZABQ1SQ\"]},{\"@type\":\"Person\",\"@id\":\"https:\/\/www.sonoraenequipo.com.mx\/#\/schema\/person\/50102df0fb23a8fa9e8effad8fa81386\",\"name\":\"enequipo\",\"image\":{\"@type\":\"ImageObject\",\"inLanguage\":\"es\",\"@id\":\"https:\/\/www.sonoraenequipo.com.mx\/#\/schema\/person\/image\/\",\"url\":\"https:\/\/secure.gravatar.com\/avatar\/049821681b589dabc0bc20695993ccebb09f5b5d4d790cd9251b97faac7c652b?s=96&d=blank&r=g\",\"contentUrl\":\"https:\/\/secure.gravatar.com\/avatar\/049821681b589dabc0bc20695993ccebb09f5b5d4d790cd9251b97faac7c652b?s=96&d=blank&r=g\",\"caption\":\"enequipo\"},\"sameAs\":[\"https:\/\/www.facebook.com\/SonoraEE\"]}]}<\/script>\n ","yoast_head_json":{"title":"Sonora en Equipo. Alumnado de UTH fortalece sus conocimientos sobre la generaci\u00f3n de energ\u00edas limpias Ciencia y Tecnolog\u00eda","description":"HERMOSILLO, SONORA, MX. \u2014 Con el fin de conocer el proceso de generaci\u00f3n de energ\u00eda fotovoltaica e informarse acerca de qu\u00e9 tecnolog\u00edas se utilizan para En Sonora en Equipo publicamos toda la informaci\u00f3n de Sonora, M\u00e9xico y el Mundo de manera oportuna y busca que la libertad de expresi\u00f3n sea real. Visita nuestro medio informativo publicado desde Hermosillo, Sonora. %","robots":{"index":"index","follow":"follow","max-snippet":"max-snippet:-1","max-image-preview":"max-image-preview:large","max-video-preview":"max-video-preview:-1"},"canonical":"https:\/\/www.sonoraenequipo.com.mx\/alumnado-de-uth-fortalece-sus-conocimientos-sobre-la-generacion-de-energias-limpias\/","og_locale":"es_ES","og_type":"article","og_title":"Sonora en Equipo. Alumnado de UTH fortalece sus conocimientos sobre la generaci\u00f3n de energ\u00edas limpias Ciencia y Tecnolog\u00eda","og_description":"HERMOSILLO, SONORA, MX. \u2014 Con el fin de conocer el proceso de generaci\u00f3n de energ\u00eda fotovoltaica e informarse acerca de qu\u00e9 tecnolog\u00edas se utilizan para En Sonora en Equipo publicamos toda la informaci\u00f3n de Sonora, M\u00e9xico y el Mundo de manera oportuna y busca que la libertad de expresi\u00f3n sea real. Visita nuestro medio informativo publicado desde Hermosillo, Sonora. %","og_url":"https:\/\/www.sonoraenequipo.com.mx\/alumnado-de-uth-fortalece-sus-conocimientos-sobre-la-generacion-de-energias-limpias\/","og_site_name":"Sonora en Equipo.","article_publisher":"https:\/\/www.facebook.com\/SonoraEE\/","article_author":"https:\/\/www.facebook.com\/SonoraEE","article_published_time":"2024-07-28T21:21:18+00:00","og_image":[{"width":600,"height":450,"url":"https:\/\/www.sonoraenequipo.com.mx\/storage\/2024\/07\/alumnos-uth.jpg","type":"image\/jpeg"}],"author":"enequipo","twitter_card":"summary_large_image","twitter_creator":"@sonoraenequipo","twitter_site":"@sonoraenequipo","twitter_misc":{"Escrito por":"enequipo","Tiempo de lectura":"1 minuto"},"schema":{"@context":"https:\/\/schema.org","@graph":[{"@type":"Article","@id":"https:\/\/www.sonoraenequipo.com.mx\/alumnado-de-uth-fortalece-sus-conocimientos-sobre-la-generacion-de-energias-limpias\/#article","isPartOf":{"@id":"https:\/\/www.sonoraenequipo.com.mx\/alumnado-de-uth-fortalece-sus-conocimientos-sobre-la-generacion-de-energias-limpias\/"},"author":{"name":"enequipo","@id":"https:\/\/www.sonoraenequipo.com.mx\/#\/schema\/person\/50102df0fb23a8fa9e8effad8fa81386"},"headline":"Alumnado de UTH fortalece sus conocimientos sobre la generaci\u00f3n de energ\u00edas limpias","datePublished":"2024-07-28T21:21:18+00:00","mainEntityOfPage":{"@id":"https:\/\/www.sonoraenequipo.com.mx\/alumnado-de-uth-fortalece-sus-conocimientos-sobre-la-generacion-de-energias-limpias\/"},"wordCount":250,"commentCount":0,"publisher":{"@id":"https:\/\/www.sonoraenequipo.com.mx\/#organization"},"image":{"@id":"https:\/\/www.sonoraenequipo.com.mx\/alumnado-de-uth-fortalece-sus-conocimientos-sobre-la-generacion-de-energias-limpias\/#primaryimage"},"thumbnailUrl":"https:\/\/www.sonoraenequipo.com.mx\/storage\/2024\/07\/alumnos-uth.jpg","keywords":["bomberos"],"articleSection":["Ciencia y Tecnolog\u00eda"],"inLanguage":"es","potentialAction":[{"@type":"CommentAction","name":"Comment","target":["https:\/\/www.sonoraenequipo.com.mx\/alumnado-de-uth-fortalece-sus-conocimientos-sobre-la-generacion-de-energias-limpias\/#respond"]}]},{"@type":"WebPage","@id":"https:\/\/www.sonoraenequipo.com.mx\/alumnado-de-uth-fortalece-sus-conocimientos-sobre-la-generacion-de-energias-limpias\/","url":"https:\/\/www.sonoraenequipo.com.mx\/alumnado-de-uth-fortalece-sus-conocimientos-sobre-la-generacion-de-energias-limpias\/","name":"Sonora en Equipo. Alumnado de UTH fortalece sus conocimientos sobre la generaci\u00f3n de energ\u00edas limpias Ciencia y Tecnolog\u00eda","isPartOf":{"@id":"https:\/\/www.sonoraenequipo.com.mx\/#website"},"primaryImageOfPage":{"@id":"https:\/\/www.sonoraenequipo.com.mx\/alumnado-de-uth-fortalece-sus-conocimientos-sobre-la-generacion-de-energias-limpias\/#primaryimage"},"image":{"@id":"https:\/\/www.sonoraenequipo.com.mx\/alumnado-de-uth-fortalece-sus-conocimientos-sobre-la-generacion-de-energias-limpias\/#primaryimage"},"thumbnailUrl":"https:\/\/www.sonoraenequipo.com.mx\/storage\/2024\/07\/alumnos-uth.jpg","datePublished":"2024-07-28T21:21:18+00:00","description":"HERMOSILLO, SONORA, MX. \u2014 Con el fin de conocer el proceso de generaci\u00f3n de energ\u00eda fotovoltaica e informarse acerca de qu\u00e9 tecnolog\u00edas se utilizan para En Sonora en Equipo publicamos toda la informaci\u00f3n de Sonora, M\u00e9xico y el Mundo de manera oportuna y busca que la libertad de expresi\u00f3n sea real. Visita nuestro medio informativo publicado desde Hermosillo, Sonora. %","breadcrumb":{"@id":"https:\/\/www.sonoraenequipo.com.mx\/alumnado-de-uth-fortalece-sus-conocimientos-sobre-la-generacion-de-energias-limpias\/#breadcrumb"},"inLanguage":"es","potentialAction":[{"@type":"ReadAction","target":["https:\/\/www.sonoraenequipo.com.mx\/alumnado-de-uth-fortalece-sus-conocimientos-sobre-la-generacion-de-energias-limpias\/"]}]},{"@type":"ImageObject","inLanguage":"es","@id":"https:\/\/www.sonoraenequipo.com.mx\/alumnado-de-uth-fortalece-sus-conocimientos-sobre-la-generacion-de-energias-limpias\/#primaryimage","url":"https:\/\/www.sonoraenequipo.com.mx\/storage\/2024\/07\/alumnos-uth.jpg","contentUrl":"https:\/\/www.sonoraenequipo.com.mx\/storage\/2024\/07\/alumnos-uth.jpg","width":600,"height":450},{"@type":"BreadcrumbList","@id":"https:\/\/www.sonoraenequipo.com.mx\/alumnado-de-uth-fortalece-sus-conocimientos-sobre-la-generacion-de-energias-limpias\/#breadcrumb","itemListElement":[{"@type":"ListItem","position":1,"name":"Portada","item":"https:\/\/www.sonoraenequipo.com.mx\/"},{"@type":"ListItem","position":2,"name":"Alumnado de UTH fortalece sus conocimientos sobre la generaci\u00f3n de energ\u00edas limpias"}]},{"@type":"WebSite","@id":"https:\/\/www.sonoraenequipo.com.mx\/#website","url":"https:\/\/www.sonoraenequipo.com.mx\/","name":"Sonora en Equipo.","description":"Diario en l\u00ednea con Noticias desde Hermosillo, Sonora","publisher":{"@id":"https:\/\/www.sonoraenequipo.com.mx\/#organization"},"potentialAction":[{"@type":"SearchAction","target":{"@type":"EntryPoint","urlTemplate":"https:\/\/www.sonoraenequipo.com.mx\/?s={search_term_string}"},"query-input":{"@type":"PropertyValueSpecification","valueRequired":true,"valueName":"search_term_string"}}],"inLanguage":"es"},{"@type":"Organization","@id":"https:\/\/www.sonoraenequipo.com.mx\/#organization","name":"Sonoraenequipo.com.mx","url":"https:\/\/www.sonoraenequipo.com.mx\/","logo":{"@type":"ImageObject","inLanguage":"es","@id":"https:\/\/www.sonoraenequipo.com.mx\/#\/schema\/logo\/image\/","url":"https:\/\/www.sonoraenequipo.com.mx\/storage\/2019\/01\/sonoraenequipo_opt.png","contentUrl":"https:\/\/www.sonoraenequipo.com.mx\/storage\/2019\/01\/sonoraenequipo_opt.png","width":375,"height":125,"caption":"Sonoraenequipo.com.mx"},"image":{"@id":"https:\/\/www.sonoraenequipo.com.mx\/#\/schema\/logo\/image\/"},"sameAs":["https:\/\/www.facebook.com\/SonoraEE\/","https:\/\/x.com\/sonoraenequipo","https:\/\/www.youtube.com\/channel\/UC338nW-lPEYmJQs4ZABQ1SQ"]},{"@type":"Person","@id":"https:\/\/www.sonoraenequipo.com.mx\/#\/schema\/person\/50102df0fb23a8fa9e8effad8fa81386","name":"enequipo","image":{"@type":"ImageObject","inLanguage":"es","@id":"https:\/\/www.sonoraenequipo.com.mx\/#\/schema\/person\/image\/","url":"https:\/\/secure.gravatar.com\/avatar\/049821681b589dabc0bc20695993ccebb09f5b5d4d790cd9251b97faac7c652b?s=96&d=blank&r=g","contentUrl":"https:\/\/secure.gravatar.com\/avatar\/049821681b589dabc0bc20695993ccebb09f5b5d4d790cd9251b97faac7c652b?s=96&d=blank&r=g","caption":"enequipo"},"sameAs":["https:\/\/www.facebook.com\/SonoraEE"]}]}},"jetpack_featured_media_url":"https:\/\/www.sonoraenequipo.com.mx\/storage\/2024\/07\/alumnos-uth.jpg","_links":{"self":[{"href":"https:\/\/www.sonoraenequipo.com.mx\/api\/wp\/v2\/posts\/195568","targetHints":{"allow":["GET"]}}],"collection":[{"href":"https:\/\/www.sonoraenequipo.com.mx\/api\/wp\/v2\/posts"}],"about":[{"href":"https:\/\/www.sonoraenequipo.com.mx\/api\/wp\/v2\/types\/post"}],"author":[{"embeddable":true,"href":"https:\/\/www.sonoraenequipo.com.mx\/api\/wp\/v2\/users\/1"}],"replies":[{"embeddable":true,"href":"https:\/\/www.sonoraenequipo.com.mx\/api\/wp\/v2\/comments?post=195568"}],"version-history":[{"count":1,"href":"https:\/\/www.sonoraenequipo.com.mx\/api\/wp\/v2\/posts\/195568\/revisions"}],"predecessor-version":[{"id":195571,"href":"https:\/\/www.sonoraenequipo.com.mx\/api\/wp\/v2\/posts\/195568\/revisions\/195571"}],"wp:featuredmedia":[{"embeddable":true,"href":"https:\/\/www.sonoraenequipo.com.mx\/api\/wp\/v2\/media\/195570"}],"wp:attachment":[{"href":"https:\/\/www.sonoraenequipo.com.mx\/api\/wp\/v2\/media?parent=195568"}],"wp:term":[{"taxonomy":"category","embeddable":true,"href":"https:\/\/www.sonoraenequipo.com.mx\/api\/wp\/v2\/categories?post=195568"},{"taxonomy":"post_tag","embeddable":true,"href":"https:\/\/www.sonoraenequipo.com.mx\/api\/wp\/v2\/tags?post=195568"}],"curies":[{"name":"wp","href":"https:\/\/api.w.org\/{rel}","templated":true}]}}