{"id":195572,"date":"2024-07-28T15:00:54","date_gmt":"2024-07-28T22:00:54","guid":{"rendered":"https:\/\/www.sonoraenequipo.com.mx\/?p=195572"},"modified":"2024-07-28T15:00:54","modified_gmt":"2024-07-28T22:00:54","slug":"refuerzan-cobach-y-cedh-cultura-de-los-derechos-humanos-en-el-personal-del-colegio","status":"publish","type":"post","link":"https:\/\/www.sonoraenequipo.com.mx\/refuerzan-cobach-y-cedh-cultura-de-los-derechos-humanos-en-el-personal-del-colegio\/","title":{"rendered":"Refuerzan Cobach y CEDH cultura de los derechos humanos en el personal del Colegio"},"content":{"rendered":"<p><strong>HERMOSILLO, SONORA, MX.<\/strong> \u2014 El Colegio de Bachilleres del Estado de Sonora (Cobach) fortalece la cultura de los derechos humanos en el personal de la instituci\u00f3n a fin de garantizar, en su desempe\u00f1o, el pleno respeto a las garant\u00edas individuales entre la comunidad escolar, hacia los alumnos y al p\u00fablico en general.<\/p>\n<p>&nbsp;<\/p>\n<p>&nbsp;<\/p>\n<p>&nbsp;<\/p>\n<p>El director general de Cobach, Rodrigo Arturo Rosas Burgos, inform\u00f3 que, junto con la Comisi\u00f3n Estatal de los Derechos Humanos (CEDH), se llev\u00f3 a cabo un programa de capacitaci\u00f3n en 19 planteles con las pl\u00e1ticas de \u201cActuaci\u00f3n del Servidor P\u00fablico apegada a los Derechos Humanos\u201d para directivos, personal docente y administrativo, en las que han participado 767 servidores p\u00fablicos del Colegio.<\/p>\n<p>&nbsp;<\/p>\n<p>&nbsp;<\/p>\n<p>&nbsp;<\/p>\n<p>Durante las pl\u00e1ticas realizadas conforme a un calendario &#8211; que se desarroll\u00f3 en junio y continuar\u00e1 en agosto-, se destacaron temas esenciales como la incorporaci\u00f3n de un enfoque de derechos humanos e igualdad y la promoci\u00f3n del conocimiento, respeto y ejercicio de todos los derechos con igualdad de trato y en oportunidades para todos, expuso.<\/p>\n<p>&nbsp;<\/p>\n<p>&nbsp;<\/p>\n<p>&nbsp;<\/p>\n<p>Las pl\u00e1ticas, en el formato de taller, anot\u00f3, fueron a trav\u00e9s de la coordinaci\u00f3n con la CEDH a nivel central y de los visitadores regionales, en los diversos planteles del Cobach de las zonas centro, noreste, noroeste y sur del estado y en ellas se enfatiz\u00f3 en la responsabilidad del desempe\u00f1o conforme a la Constituci\u00f3n Federal y Local, as\u00ed como la Ley del Servicio Civil para el Estado de Sonora.<\/p>\n<p>&nbsp;<\/p>\n<p>&nbsp;<\/p>\n<p>&nbsp;<\/p>\n<p>Especific\u00f3 que se han realizado en los planteles de San Luis R\u00edo Colorado, Caborca, Faustino F\u00e9lix Serna (Pitquito), Nogales 1, Nogales 2, Villa de Seris, Prof. Ernesto L\u00f3pez Riesgo, Nuevo Hermosillo, Hermosillo 7, Bah\u00eda de Kino, Jos\u00e9 Mar\u00eda Maytorena Tapia (Guaymas), Empalme, Obreg\u00f3n 2, Obreg\u00f3n 3, Pueblo Yaqui, Quetchehueca, Etchojoa, \u00c1lvaro Obreg\u00f3n Salido de Huatabampo y Lic. Alberto Flores Urbina.<\/p>\n<p><strong>Fecha de publicaci\u00f3n domingo 28 de julio de 2024<\/strong><\/p>\n<p>&nbsp;<\/p>\n<p>&nbsp;<\/p>\n","protected":false},"excerpt":{"rendered":"<p>HERMOSILLO, SONORA, MX. \u2014 El Colegio de Bachilleres del Estado de Sonora (Cobach) fortalece la&#8230;<\/p>\n","protected":false},"author":1,"featured_media":195573,"comment_status":"open","ping_status":"open","sticky":false,"template":"","format":"standard","meta":{"_monsterinsights_skip_tracking":false,"_monsterinsights_sitenote_active":false,"_monsterinsights_sitenote_note":"","_monsterinsights_sitenote_category":0,"footnotes":""},"categories":[22],"tags":[4158,3304],"class_list":["post"],"yoast_head":" \n<title>Sonora en Equipo. Refuerzan Cobach y CEDH cultura de los derechos humanos en el personal del Colegio Sonora<\/title>\n<meta name=\"description\" content=\"HERMOSILLO, SONORA, MX. \u2014 El Colegio de Bachilleres del Estado de Sonora (Cobach) fortalece la cultura de los derechos humanos en el personal de la En Sonora en Equipo publicamos toda la informaci\u00f3n de Sonora, M\u00e9xico y el Mundo de manera oportuna y busca que la libertad de expresi\u00f3n sea real. Visita nuestro medio informativo publicado desde Hermosillo, Sonora. %\" \/>\n<meta name=\"robots\" content=\"index, follow, max-snippet:-1, max-image-preview:large, max-video-preview:-1\" \/>\n<link rel=\"canonical\" href=\"https:\/\/www.sonoraenequipo.com.mx\/refuerzan-cobach-y-cedh-cultura-de-los-derechos-humanos-en-el-personal-del-colegio\/\" \/>\n<meta property=\"og:locale\" content=\"es_ES\" \/>\n<meta property=\"og:type\" content=\"article\" \/>\n<meta property=\"og:title\" content=\"Sonora en Equipo. Refuerzan Cobach y CEDH cultura de los derechos humanos en el personal del Colegio Sonora\" \/>\n<meta property=\"og:description\" content=\"HERMOSILLO, SONORA, MX. \u2014 El Colegio de Bachilleres del Estado de Sonora (Cobach) fortalece la cultura de los derechos humanos en el personal de la En Sonora en Equipo publicamos toda la informaci\u00f3n de Sonora, M\u00e9xico y el Mundo de manera oportuna y busca que la libertad de expresi\u00f3n sea real. Visita nuestro medio informativo publicado desde Hermosillo, Sonora. %\" \/>\n<meta property=\"og:url\" content=\"https:\/\/www.sonoraenequipo.com.mx\/refuerzan-cobach-y-cedh-cultura-de-los-derechos-humanos-en-el-personal-del-colegio\/\" \/>\n<meta property=\"og:site_name\" content=\"Sonora en Equipo.\" \/>\n<meta property=\"article:publisher\" content=\"https:\/\/www.facebook.com\/SonoraEE\/\" \/>\n<meta property=\"article:author\" content=\"https:\/\/www.facebook.com\/SonoraEE\" \/>\n<meta property=\"article:published_time\" content=\"2024-07-28T22:00:54+00:00\" \/>\n<meta property=\"og:image\" content=\"https:\/\/www.sonoraenequipo.com.mx\/storage\/2024\/07\/cobach-cedh.jpg\" \/>\n\t<meta property=\"og:image:width\" content=\"600\" \/>\n\t<meta property=\"og:image:height\" content=\"338\" \/>\n\t<meta property=\"og:image:type\" content=\"image\/jpeg\" \/>\n<meta name=\"author\" content=\"enequipo\" \/>\n<meta name=\"twitter:card\" content=\"summary_large_image\" \/>\n<meta name=\"twitter:creator\" content=\"@sonoraenequipo\" \/>\n<meta name=\"twitter:site\" content=\"@sonoraenequipo\" \/>\n<meta name=\"twitter:label1\" content=\"Escrito por\" \/>\n\t<meta name=\"twitter:data1\" content=\"enequipo\" \/>\n\t<meta name=\"twitter:label2\" content=\"Tiempo de lectura\" \/>\n\t<meta name=\"twitter:data2\" content=\"2 minutos\" \/>\n<script type=\"application\/ld+json\" class=\"yoast-schema-graph\">{\"@context\":\"https:\/\/schema.org\",\"@graph\":[{\"@type\":\"Article\",\"@id\":\"https:\/\/www.sonoraenequipo.com.mx\/refuerzan-cobach-y-cedh-cultura-de-los-derechos-humanos-en-el-personal-del-colegio\/#article\",\"isPartOf\":{\"@id\":\"https:\/\/www.sonoraenequipo.com.mx\/refuerzan-cobach-y-cedh-cultura-de-los-derechos-humanos-en-el-personal-del-colegio\/\"},\"author\":{\"name\":\"enequipo\",\"@id\":\"https:\/\/www.sonoraenequipo.com.mx\/#\/schema\/person\/50102df0fb23a8fa9e8effad8fa81386\"},\"headline\":\"Refuerzan Cobach y CEDH cultura de los derechos humanos en el personal del Colegio\",\"datePublished\":\"2024-07-28T22:00:54+00:00\",\"mainEntityOfPage\":{\"@id\":\"https:\/\/www.sonoraenequipo.com.mx\/refuerzan-cobach-y-cedh-cultura-de-los-derechos-humanos-en-el-personal-del-colegio\/\"},\"wordCount\":352,\"commentCount\":0,\"publisher\":{\"@id\":\"https:\/\/www.sonoraenequipo.com.mx\/#organization\"},\"image\":{\"@id\":\"https:\/\/www.sonoraenequipo.com.mx\/refuerzan-cobach-y-cedh-cultura-de-los-derechos-humanos-en-el-personal-del-colegio\/#primaryimage\"},\"thumbnailUrl\":\"https:\/\/www.sonoraenequipo.com.mx\/storage\/2024\/07\/cobach-cedh.jpg\",\"keywords\":[\"CEDH\",\"COBACH\"],\"articleSection\":[\"Sonora\"],\"inLanguage\":\"es\",\"potentialAction\":[{\"@type\":\"CommentAction\",\"name\":\"Comment\",\"target\":[\"https:\/\/www.sonoraenequipo.com.mx\/refuerzan-cobach-y-cedh-cultura-de-los-derechos-humanos-en-el-personal-del-colegio\/#respond\"]}]},{\"@type\":\"WebPage\",\"@id\":\"https:\/\/www.sonoraenequipo.com.mx\/refuerzan-cobach-y-cedh-cultura-de-los-derechos-humanos-en-el-personal-del-colegio\/\",\"url\":\"https:\/\/www.sonoraenequipo.com.mx\/refuerzan-cobach-y-cedh-cultura-de-los-derechos-humanos-en-el-personal-del-colegio\/\",\"name\":\"Sonora en Equipo. Refuerzan Cobach y CEDH cultura de los derechos humanos en el personal del Colegio Sonora\",\"isPartOf\":{\"@id\":\"https:\/\/www.sonoraenequipo.com.mx\/#website\"},\"primaryImageOfPage\":{\"@id\":\"https:\/\/www.sonoraenequipo.com.mx\/refuerzan-cobach-y-cedh-cultura-de-los-derechos-humanos-en-el-personal-del-colegio\/#primaryimage\"},\"image\":{\"@id\":\"https:\/\/www.sonoraenequipo.com.mx\/refuerzan-cobach-y-cedh-cultura-de-los-derechos-humanos-en-el-personal-del-colegio\/#primaryimage\"},\"thumbnailUrl\":\"https:\/\/www.sonoraenequipo.com.mx\/storage\/2024\/07\/cobach-cedh.jpg\",\"datePublished\":\"2024-07-28T22:00:54+00:00\",\"description\":\"HERMOSILLO, SONORA, MX. \u2014 El Colegio de Bachilleres del Estado de Sonora (Cobach) fortalece la cultura de los derechos humanos en el personal de la En Sonora en Equipo publicamos toda la informaci\u00f3n de Sonora, M\u00e9xico y el Mundo de manera oportuna y busca que la libertad de expresi\u00f3n sea real. Visita nuestro medio informativo publicado desde Hermosillo, Sonora. %\",\"breadcrumb\":{\"@id\":\"https:\/\/www.sonoraenequipo.com.mx\/refuerzan-cobach-y-cedh-cultura-de-los-derechos-humanos-en-el-personal-del-colegio\/#breadcrumb\"},\"inLanguage\":\"es\",\"potentialAction\":[{\"@type\":\"ReadAction\",\"target\":[\"https:\/\/www.sonoraenequipo.com.mx\/refuerzan-cobach-y-cedh-cultura-de-los-derechos-humanos-en-el-personal-del-colegio\/\"]}]},{\"@type\":\"ImageObject\",\"inLanguage\":\"es\",\"@id\":\"https:\/\/www.sonoraenequipo.com.mx\/refuerzan-cobach-y-cedh-cultura-de-los-derechos-humanos-en-el-personal-del-colegio\/#primaryimage\",\"url\":\"https:\/\/www.sonoraenequipo.com.mx\/storage\/2024\/07\/cobach-cedh.jpg\",\"contentUrl\":\"https:\/\/www.sonoraenequipo.com.mx\/storage\/2024\/07\/cobach-cedh.jpg\",\"width\":600,\"height\":338},{\"@type\":\"BreadcrumbList\",\"@id\":\"https:\/\/www.sonoraenequipo.com.mx\/refuerzan-cobach-y-cedh-cultura-de-los-derechos-humanos-en-el-personal-del-colegio\/#breadcrumb\",\"itemListElement\":[{\"@type\":\"ListItem\",\"position\":1,\"name\":\"Portada\",\"item\":\"https:\/\/www.sonoraenequipo.com.mx\/\"},{\"@type\":\"ListItem\",\"position\":2,\"name\":\"Refuerzan Cobach y CEDH cultura de los derechos humanos en el personal del Colegio\"}]},{\"@type\":\"WebSite\",\"@id\":\"https:\/\/www.sonoraenequipo.com.mx\/#website\",\"url\":\"https:\/\/www.sonoraenequipo.com.mx\/\",\"name\":\"Sonora en Equipo.\",\"description\":\"Diario en l\u00ednea con Noticias desde Hermosillo, Sonora\",\"publisher\":{\"@id\":\"https:\/\/www.sonoraenequipo.com.mx\/#organization\"},\"potentialAction\":[{\"@type\":\"SearchAction\",\"target\":{\"@type\":\"EntryPoint\",\"urlTemplate\":\"https:\/\/www.sonoraenequipo.com.mx\/?s={search_term_string}\"},\"query-input\":{\"@type\":\"PropertyValueSpecification\",\"valueRequired\":true,\"valueName\":\"search_term_string\"}}],\"inLanguage\":\"es\"},{\"@type\":\"Organization\",\"@id\":\"https:\/\/www.sonoraenequipo.com.mx\/#organization\",\"name\":\"Sonoraenequipo.com.mx\",\"url\":\"https:\/\/www.sonoraenequipo.com.mx\/\",\"logo\":{\"@type\":\"ImageObject\",\"inLanguage\":\"es\",\"@id\":\"https:\/\/www.sonoraenequipo.com.mx\/#\/schema\/logo\/image\/\",\"url\":\"https:\/\/www.sonoraenequipo.com.mx\/storage\/2019\/01\/sonoraenequipo_opt.png\",\"contentUrl\":\"https:\/\/www.sonoraenequipo.com.mx\/storage\/2019\/01\/sonoraenequipo_opt.png\",\"width\":375,\"height\":125,\"caption\":\"Sonoraenequipo.com.mx\"},\"image\":{\"@id\":\"https:\/\/www.sonoraenequipo.com.mx\/#\/schema\/logo\/image\/\"},\"sameAs\":[\"https:\/\/www.facebook.com\/SonoraEE\/\",\"https:\/\/x.com\/sonoraenequipo\",\"https:\/\/www.youtube.com\/channel\/UC338nW-lPEYmJQs4ZABQ1SQ\"]},{\"@type\":\"Person\",\"@id\":\"https:\/\/www.sonoraenequipo.com.mx\/#\/schema\/person\/50102df0fb23a8fa9e8effad8fa81386\",\"name\":\"enequipo\",\"image\":{\"@type\":\"ImageObject\",\"inLanguage\":\"es\",\"@id\":\"https:\/\/www.sonoraenequipo.com.mx\/#\/schema\/person\/image\/\",\"url\":\"https:\/\/secure.gravatar.com\/avatar\/049821681b589dabc0bc20695993ccebb09f5b5d4d790cd9251b97faac7c652b?s=96&d=blank&r=g\",\"contentUrl\":\"https:\/\/secure.gravatar.com\/avatar\/049821681b589dabc0bc20695993ccebb09f5b5d4d790cd9251b97faac7c652b?s=96&d=blank&r=g\",\"caption\":\"enequipo\"},\"sameAs\":[\"https:\/\/www.facebook.com\/SonoraEE\"]}]}<\/script>\n ","yoast_head_json":{"title":"Sonora en Equipo. Refuerzan Cobach y CEDH cultura de los derechos humanos en el personal del Colegio Sonora","description":"HERMOSILLO, SONORA, MX. \u2014 El Colegio de Bachilleres del Estado de Sonora (Cobach) fortalece la cultura de los derechos humanos en el personal de la En Sonora en Equipo publicamos toda la informaci\u00f3n de Sonora, M\u00e9xico y el Mundo de manera oportuna y busca que la libertad de expresi\u00f3n sea real. Visita nuestro medio informativo publicado desde Hermosillo, Sonora. %","robots":{"index":"index","follow":"follow","max-snippet":"max-snippet:-1","max-image-preview":"max-image-preview:large","max-video-preview":"max-video-preview:-1"},"canonical":"https:\/\/www.sonoraenequipo.com.mx\/refuerzan-cobach-y-cedh-cultura-de-los-derechos-humanos-en-el-personal-del-colegio\/","og_locale":"es_ES","og_type":"article","og_title":"Sonora en Equipo. Refuerzan Cobach y CEDH cultura de los derechos humanos en el personal del Colegio Sonora","og_description":"HERMOSILLO, SONORA, MX. \u2014 El Colegio de Bachilleres del Estado de Sonora (Cobach) fortalece la cultura de los derechos humanos en el personal de la En Sonora en Equipo publicamos toda la informaci\u00f3n de Sonora, M\u00e9xico y el Mundo de manera oportuna y busca que la libertad de expresi\u00f3n sea real. Visita nuestro medio informativo publicado desde Hermosillo, Sonora. %","og_url":"https:\/\/www.sonoraenequipo.com.mx\/refuerzan-cobach-y-cedh-cultura-de-los-derechos-humanos-en-el-personal-del-colegio\/","og_site_name":"Sonora en Equipo.","article_publisher":"https:\/\/www.facebook.com\/SonoraEE\/","article_author":"https:\/\/www.facebook.com\/SonoraEE","article_published_time":"2024-07-28T22:00:54+00:00","og_image":[{"width":600,"height":338,"url":"https:\/\/www.sonoraenequipo.com.mx\/storage\/2024\/07\/cobach-cedh.jpg","type":"image\/jpeg"}],"author":"enequipo","twitter_card":"summary_large_image","twitter_creator":"@sonoraenequipo","twitter_site":"@sonoraenequipo","twitter_misc":{"Escrito por":"enequipo","Tiempo de lectura":"2 minutos"},"schema":{"@context":"https:\/\/schema.org","@graph":[{"@type":"Article","@id":"https:\/\/www.sonoraenequipo.com.mx\/refuerzan-cobach-y-cedh-cultura-de-los-derechos-humanos-en-el-personal-del-colegio\/#article","isPartOf":{"@id":"https:\/\/www.sonoraenequipo.com.mx\/refuerzan-cobach-y-cedh-cultura-de-los-derechos-humanos-en-el-personal-del-colegio\/"},"author":{"name":"enequipo","@id":"https:\/\/www.sonoraenequipo.com.mx\/#\/schema\/person\/50102df0fb23a8fa9e8effad8fa81386"},"headline":"Refuerzan Cobach y CEDH cultura de los derechos humanos en el personal del Colegio","datePublished":"2024-07-28T22:00:54+00:00","mainEntityOfPage":{"@id":"https:\/\/www.sonoraenequipo.com.mx\/refuerzan-cobach-y-cedh-cultura-de-los-derechos-humanos-en-el-personal-del-colegio\/"},"wordCount":352,"commentCount":0,"publisher":{"@id":"https:\/\/www.sonoraenequipo.com.mx\/#organization"},"image":{"@id":"https:\/\/www.sonoraenequipo.com.mx\/refuerzan-cobach-y-cedh-cultura-de-los-derechos-humanos-en-el-personal-del-colegio\/#primaryimage"},"thumbnailUrl":"https:\/\/www.sonoraenequipo.com.mx\/storage\/2024\/07\/cobach-cedh.jpg","keywords":["CEDH","COBACH"],"articleSection":["Sonora"],"inLanguage":"es","potentialAction":[{"@type":"CommentAction","name":"Comment","target":["https:\/\/www.sonoraenequipo.com.mx\/refuerzan-cobach-y-cedh-cultura-de-los-derechos-humanos-en-el-personal-del-colegio\/#respond"]}]},{"@type":"WebPage","@id":"https:\/\/www.sonoraenequipo.com.mx\/refuerzan-cobach-y-cedh-cultura-de-los-derechos-humanos-en-el-personal-del-colegio\/","url":"https:\/\/www.sonoraenequipo.com.mx\/refuerzan-cobach-y-cedh-cultura-de-los-derechos-humanos-en-el-personal-del-colegio\/","name":"Sonora en Equipo. Refuerzan Cobach y CEDH cultura de los derechos humanos en el personal del Colegio Sonora","isPartOf":{"@id":"https:\/\/www.sonoraenequipo.com.mx\/#website"},"primaryImageOfPage":{"@id":"https:\/\/www.sonoraenequipo.com.mx\/refuerzan-cobach-y-cedh-cultura-de-los-derechos-humanos-en-el-personal-del-colegio\/#primaryimage"},"image":{"@id":"https:\/\/www.sonoraenequipo.com.mx\/refuerzan-cobach-y-cedh-cultura-de-los-derechos-humanos-en-el-personal-del-colegio\/#primaryimage"},"thumbnailUrl":"https:\/\/www.sonoraenequipo.com.mx\/storage\/2024\/07\/cobach-cedh.jpg","datePublished":"2024-07-28T22:00:54+00:00","description":"HERMOSILLO, SONORA, MX. \u2014 El Colegio de Bachilleres del Estado de Sonora (Cobach) fortalece la cultura de los derechos humanos en el personal de la En Sonora en Equipo publicamos toda la informaci\u00f3n de Sonora, M\u00e9xico y el Mundo de manera oportuna y busca que la libertad de expresi\u00f3n sea real. Visita nuestro medio informativo publicado desde Hermosillo, Sonora. %","breadcrumb":{"@id":"https:\/\/www.sonoraenequipo.com.mx\/refuerzan-cobach-y-cedh-cultura-de-los-derechos-humanos-en-el-personal-del-colegio\/#breadcrumb"},"inLanguage":"es","potentialAction":[{"@type":"ReadAction","target":["https:\/\/www.sonoraenequipo.com.mx\/refuerzan-cobach-y-cedh-cultura-de-los-derechos-humanos-en-el-personal-del-colegio\/"]}]},{"@type":"ImageObject","inLanguage":"es","@id":"https:\/\/www.sonoraenequipo.com.mx\/refuerzan-cobach-y-cedh-cultura-de-los-derechos-humanos-en-el-personal-del-colegio\/#primaryimage","url":"https:\/\/www.sonoraenequipo.com.mx\/storage\/2024\/07\/cobach-cedh.jpg","contentUrl":"https:\/\/www.sonoraenequipo.com.mx\/storage\/2024\/07\/cobach-cedh.jpg","width":600,"height":338},{"@type":"BreadcrumbList","@id":"https:\/\/www.sonoraenequipo.com.mx\/refuerzan-cobach-y-cedh-cultura-de-los-derechos-humanos-en-el-personal-del-colegio\/#breadcrumb","itemListElement":[{"@type":"ListItem","position":1,"name":"Portada","item":"https:\/\/www.sonoraenequipo.com.mx\/"},{"@type":"ListItem","position":2,"name":"Refuerzan Cobach y CEDH cultura de los derechos humanos en el personal del Colegio"}]},{"@type":"WebSite","@id":"https:\/\/www.sonoraenequipo.com.mx\/#website","url":"https:\/\/www.sonoraenequipo.com.mx\/","name":"Sonora en Equipo.","description":"Diario en l\u00ednea con Noticias desde Hermosillo, Sonora","publisher":{"@id":"https:\/\/www.sonoraenequipo.com.mx\/#organization"},"potentialAction":[{"@type":"SearchAction","target":{"@type":"EntryPoint","urlTemplate":"https:\/\/www.sonoraenequipo.com.mx\/?s={search_term_string}"},"query-input":{"@type":"PropertyValueSpecification","valueRequired":true,"valueName":"search_term_string"}}],"inLanguage":"es"},{"@type":"Organization","@id":"https:\/\/www.sonoraenequipo.com.mx\/#organization","name":"Sonoraenequipo.com.mx","url":"https:\/\/www.sonoraenequipo.com.mx\/","logo":{"@type":"ImageObject","inLanguage":"es","@id":"https:\/\/www.sonoraenequipo.com.mx\/#\/schema\/logo\/image\/","url":"https:\/\/www.sonoraenequipo.com.mx\/storage\/2019\/01\/sonoraenequipo_opt.png","contentUrl":"https:\/\/www.sonoraenequipo.com.mx\/storage\/2019\/01\/sonoraenequipo_opt.png","width":375,"height":125,"caption":"Sonoraenequipo.com.mx"},"image":{"@id":"https:\/\/www.sonoraenequipo.com.mx\/#\/schema\/logo\/image\/"},"sameAs":["https:\/\/www.facebook.com\/SonoraEE\/","https:\/\/x.com\/sonoraenequipo","https:\/\/www.youtube.com\/channel\/UC338nW-lPEYmJQs4ZABQ1SQ"]},{"@type":"Person","@id":"https:\/\/www.sonoraenequipo.com.mx\/#\/schema\/person\/50102df0fb23a8fa9e8effad8fa81386","name":"enequipo","image":{"@type":"ImageObject","inLanguage":"es","@id":"https:\/\/www.sonoraenequipo.com.mx\/#\/schema\/person\/image\/","url":"https:\/\/secure.gravatar.com\/avatar\/049821681b589dabc0bc20695993ccebb09f5b5d4d790cd9251b97faac7c652b?s=96&d=blank&r=g","contentUrl":"https:\/\/secure.gravatar.com\/avatar\/049821681b589dabc0bc20695993ccebb09f5b5d4d790cd9251b97faac7c652b?s=96&d=blank&r=g","caption":"enequipo"},"sameAs":["https:\/\/www.facebook.com\/SonoraEE"]}]}},"jetpack_featured_media_url":"https:\/\/www.sonoraenequipo.com.mx\/storage\/2024\/07\/cobach-cedh.jpg","_links":{"self":[{"href":"https:\/\/www.sonoraenequipo.com.mx\/api\/wp\/v2\/posts\/195572","targetHints":{"allow":["GET"]}}],"collection":[{"href":"https:\/\/www.sonoraenequipo.com.mx\/api\/wp\/v2\/posts"}],"about":[{"href":"https:\/\/www.sonoraenequipo.com.mx\/api\/wp\/v2\/types\/post"}],"author":[{"embeddable":true,"href":"https:\/\/www.sonoraenequipo.com.mx\/api\/wp\/v2\/users\/1"}],"replies":[{"embeddable":true,"href":"https:\/\/www.sonoraenequipo.com.mx\/api\/wp\/v2\/comments?post=195572"}],"version-history":[{"count":1,"href":"https:\/\/www.sonoraenequipo.com.mx\/api\/wp\/v2\/posts\/195572\/revisions"}],"predecessor-version":[{"id":195574,"href":"https:\/\/www.sonoraenequipo.com.mx\/api\/wp\/v2\/posts\/195572\/revisions\/195574"}],"wp:featuredmedia":[{"embeddable":true,"href":"https:\/\/www.sonoraenequipo.com.mx\/api\/wp\/v2\/media\/195573"}],"wp:attachment":[{"href":"https:\/\/www.sonoraenequipo.com.mx\/api\/wp\/v2\/media?parent=195572"}],"wp:term":[{"taxonomy":"category","embeddable":true,"href":"https:\/\/www.sonoraenequipo.com.mx\/api\/wp\/v2\/categories?post=195572"},{"taxonomy":"post_tag","embeddable":true,"href":"https:\/\/www.sonoraenequipo.com.mx\/api\/wp\/v2\/tags?post=195572"}],"curies":[{"name":"wp","href":"https:\/\/api.w.org\/{rel}","templated":true}]}}