{"id":195578,"date":"2024-07-28T13:15:35","date_gmt":"2024-07-28T20:15:35","guid":{"rendered":"https:\/\/www.sonoraenequipo.com.mx\/?p=195578"},"modified":"2024-07-28T17:34:05","modified_gmt":"2024-07-29T00:34:05","slug":"aclara-amlo-que-destaca-a-sheinbaum-sin-hacerle-la-barba-a-nadie","status":"publish","type":"post","link":"https:\/\/www.sonoraenequipo.com.mx\/aclara-amlo-que-destaca-a-sheinbaum-sin-hacerle-la-barba-a-nadie\/","title":{"rendered":"Aclara AMLO que destaca a Sheinbaum sin \u201chacerle la barba a nadie\u201d"},"content":{"rendered":"<p><strong>CUAJINICUILAPA, GUERRERO.MX. \u2014<\/strong> <em><strong>\u201cYa no tengo yo necesidad de hacerle la barba a nadie\u201d<\/strong><\/em>, aclar\u00f3 el presidente Andr\u00e9s Manuel L\u00f3pez Obrador al destacar una vez m\u00e1s las cualidades que ubica en su virtual sucesora, Claudia Sheinbaum Pardo.<\/p>\n<p>&nbsp;<\/p>\n<p>&nbsp;<\/p>\n<p> <\/p>\n<p>Ante miles de personas congregadas en el deportivo de este municipio de la costa chica de Guerrero, el jefe del Ejecutivo destac\u00f3 que su movimiento se llev\u00f3<em><strong> \u201cun gran triunfo\u201d<\/strong><\/em> en el pasado proceso electoral, no s\u00f3lo en la Presidencia de la Rep\u00fablica, sino en 85 por ciento de los 300 distritos electorales del pa\u00eds.<\/p>\n<p>&nbsp;<\/p>\n<p>&nbsp;<\/p>\n<p><em><strong>\u201cFue un gran triunfo. Y estoy contento porque quien va a sustituirme, a quien le voy a entregar la banda presidencial, es una mujer excepcional, se los digo, ya no tengo yo necesidad de hacerle la barba a nadie. (Es) una mujer con muchas convicciones, tiene experiencia, es honesta y le va a dar como se ha comprometido, adem\u00e1s por convicci\u00f3n, continuidad a la cuarta transformaci\u00f3n de la vida p\u00fablica de M\u00e9xico\u201d.<\/strong><\/em><\/p>\n<p>&nbsp;<\/p>\n<p>&nbsp;<\/p>\n<p>Junto a la virtual presidenta electa, el tabasque\u00f1o acudi\u00f3 a esta comunidad \u2014donde miles se unieron para participar en un acto que trasmutar\u00eda en una especie de despedida. Inauguraron un tramo de la carretera Las Cruces-Pinotepa Nacional, la cual une Guerrero con el vecino Oaxaca.<\/p>\n<p>&nbsp;<\/p>\n<p>&nbsp;<\/p>\n<p>Conocedor del \u00e1nimo de las masas, al darse cuenta que los asistentes se mostraban entregados a su figura y la de Sheinbaum, el mandatario destac\u00f3 que por primera vez al menos en 500 a\u00f1os, M\u00e9xico tendr\u00e1 una mujer al frente de la naci\u00f3n.<\/p>\n<p>&nbsp;<\/p>\n<p>&nbsp;<\/p>\n<p><em><strong>\u201c\u00bfLes parece poco?\u201d,<\/strong> <\/em>lanz\u00f3 a los miles ah\u00ed reunidos, conocedor de la inminente respuesta.<em><strong> \u201c\u00a1Noooooooooo!\u201d,<\/strong><\/em> gritaron.<\/p>\n<p>&nbsp;<\/p>\n<p>&nbsp;<\/p>\n<p>Y el presidente volvi\u00f3 a la carga:<em><strong> \u201c\u00a1No! \u00a1Hay un momento estelar en la historia de nuestro pa\u00eds!\u201d.<\/strong><\/em><\/p>\n<p>&nbsp;<\/p>\n<p>&nbsp;<\/p>\n<p>&nbsp;<\/p>\n<p>Los miembros de la tambora \u2014que estoicos soportaron los 33 grados, con sensaci\u00f3n t\u00e9rmica de 38, bajo el sol la hora y media que se prolong\u00f3 el acto\u2014, tocaron una nueva fanfarria.<\/p>\n<p>&nbsp;<\/p>\n<p>&nbsp;<\/p>\n<p>&nbsp;<\/p>\n<p>Y es que, cada palabra de los ponentes, este conjunto se daba vuelo con las notas de fanfarria, en un duelo que sostuvieron con otros que a unos metros sacaban las matracas y la trompeta.<\/p>\n<p>&nbsp;<\/p>\n<p>&nbsp;<\/p>\n<p>En su turno, la futura mandataria federal consider\u00f3<strong> \u201cun privilegio\u201d<\/strong> caminar a lado del presidente, pues estas giras conjuntas, agreg\u00f3, le han dejado gran ense\u00f1anza.<\/p>\n<p>&nbsp;<\/p>\n<p>&nbsp;<\/p>\n<p>&nbsp;<\/p>\n<p>Antes de llegar al cargo,<em><strong> \u201cel presidente, en su camino por todos los municipios del pa\u00eds se hab\u00eda ganado el coraz\u00f3n de todos los pueblos de M\u00e9xico. Y hoy que estamos caminando con \u00e9l, y puedo decir que estamos recibiendo al mejor presidente que ha tenido el pa\u00eds, que se ha ganado todav\u00eda m\u00e1s el coraz\u00f3n de su pueblo, y es una ense\u00f1anza, un privilegio caminar con el presidente Andr\u00e9s Manuel L\u00f3pez Obrador.<\/strong><\/em><\/p>\n<p>&nbsp;<\/p>\n<p>&nbsp;<\/p>\n<p>&nbsp;<\/p>\n<p>Ante la gente de la costa chica, y cientos que llagaron de la monta\u00f1a, la pr\u00f3xima presidenta se comprometi\u00f3 a dar continuidad a los ideales y proyectos de L\u00f3pez Obrador.<\/p>\n<p>&nbsp;<\/p>\n<p>&nbsp;<\/p>\n<p>&nbsp;<\/p>\n<p><em><strong>\u201cHoy vengo aqu\u00ed con ustedes, a la costa chica, a comprometerme a darle continuidad al legado del presidente\u201d.<\/strong><\/em><\/p>\n<p>&nbsp;<\/p>\n<p>&nbsp;<\/p>\n<p>&nbsp;<\/p>\n<p>PUBLICADO EL 28 DE JULIO DE 2024 Con informaci\u00f3n de Emir Olivares Alonso\/La Jornada)<\/p>\n","protected":false},"excerpt":{"rendered":"<p>CUAJINICUILAPA, GUERRERO.MX. \u2014 \u201cYa no tengo yo necesidad de hacerle la barba a nadie\u201d, aclar\u00f3&#8230;<\/p>\n","protected":false},"author":1,"featured_media":195584,"comment_status":"open","ping_status":"open","sticky":false,"template":"","format":"standard","meta":{"_monsterinsights_skip_tracking":false,"_monsterinsights_sitenote_active":false,"_monsterinsights_sitenote_note":"","_monsterinsights_sitenote_category":0,"footnotes":""},"categories":[5],"tags":[],"class_list":["post"],"yoast_head":" \n<title>Sonora en Equipo. Aclara AMLO que destaca a Sheinbaum sin \u201chacerle la barba a nadie\u201d Rep\u00fablica<\/title>\n<meta name=\"description\" content=\"CUAJINICUILAPA, GUERRERO.MX. \u2014 \u201cYa no tengo yo necesidad de hacerle la barba a nadie\u201d, aclar\u00f3 el presidente Andr\u00e9s Manuel L\u00f3pez Obrador al destacar una En Sonora en Equipo publicamos toda la informaci\u00f3n de Sonora, M\u00e9xico y el Mundo de manera oportuna y busca que la libertad de expresi\u00f3n sea real. Visita nuestro medio informativo publicado desde Hermosillo, Sonora. %\" \/>\n<meta name=\"robots\" content=\"index, follow, max-snippet:-1, max-image-preview:large, max-video-preview:-1\" \/>\n<link rel=\"canonical\" href=\"https:\/\/www.sonoraenequipo.com.mx\/aclara-amlo-que-destaca-a-sheinbaum-sin-hacerle-la-barba-a-nadie\/\" \/>\n<meta property=\"og:locale\" content=\"es_ES\" \/>\n<meta property=\"og:type\" content=\"article\" \/>\n<meta property=\"og:title\" content=\"Sonora en Equipo. Aclara AMLO que destaca a Sheinbaum sin \u201chacerle la barba a nadie\u201d Rep\u00fablica\" \/>\n<meta property=\"og:description\" content=\"CUAJINICUILAPA, GUERRERO.MX. \u2014 \u201cYa no tengo yo necesidad de hacerle la barba a nadie\u201d, aclar\u00f3 el presidente Andr\u00e9s Manuel L\u00f3pez Obrador al destacar una En Sonora en Equipo publicamos toda la informaci\u00f3n de Sonora, M\u00e9xico y el Mundo de manera oportuna y busca que la libertad de expresi\u00f3n sea real. Visita nuestro medio informativo publicado desde Hermosillo, Sonora. %\" \/>\n<meta property=\"og:url\" content=\"https:\/\/www.sonoraenequipo.com.mx\/aclara-amlo-que-destaca-a-sheinbaum-sin-hacerle-la-barba-a-nadie\/\" \/>\n<meta property=\"og:site_name\" content=\"Sonora en Equipo.\" \/>\n<meta property=\"article:publisher\" content=\"https:\/\/www.facebook.com\/SonoraEE\/\" \/>\n<meta property=\"article:author\" content=\"https:\/\/www.facebook.com\/SonoraEE\" \/>\n<meta property=\"article:published_time\" content=\"2024-07-28T20:15:35+00:00\" \/>\n<meta property=\"article:modified_time\" content=\"2024-07-29T00:34:05+00:00\" \/>\n<meta property=\"og:image\" content=\"https:\/\/www.sonoraenequipo.com.mx\/storage\/2024\/07\/aclara-amlo-que-destaca-a-sheinbaum-sin-hacerle-la-barba-a-nadie-min.jpg\" \/>\n\t<meta property=\"og:image:width\" content=\"848\" \/>\n\t<meta property=\"og:image:height\" content=\"562\" \/>\n\t<meta property=\"og:image:type\" content=\"image\/jpeg\" \/>\n<meta name=\"author\" content=\"enequipo\" \/>\n<meta name=\"twitter:card\" content=\"summary_large_image\" \/>\n<meta name=\"twitter:creator\" content=\"@sonoraenequipo\" \/>\n<meta name=\"twitter:site\" content=\"@sonoraenequipo\" \/>\n<meta name=\"twitter:label1\" content=\"Escrito por\" \/>\n\t<meta name=\"twitter:data1\" content=\"enequipo\" \/>\n\t<meta name=\"twitter:label2\" content=\"Tiempo de lectura\" \/>\n\t<meta name=\"twitter:data2\" content=\"3 minutos\" \/>\n<script type=\"application\/ld+json\" class=\"yoast-schema-graph\">{\"@context\":\"https:\/\/schema.org\",\"@graph\":[{\"@type\":\"Article\",\"@id\":\"https:\/\/www.sonoraenequipo.com.mx\/aclara-amlo-que-destaca-a-sheinbaum-sin-hacerle-la-barba-a-nadie\/#article\",\"isPartOf\":{\"@id\":\"https:\/\/www.sonoraenequipo.com.mx\/aclara-amlo-que-destaca-a-sheinbaum-sin-hacerle-la-barba-a-nadie\/\"},\"author\":{\"name\":\"enequipo\",\"@id\":\"https:\/\/www.sonoraenequipo.com.mx\/#\/schema\/person\/50102df0fb23a8fa9e8effad8fa81386\"},\"headline\":\"Aclara AMLO que destaca a Sheinbaum sin \u201chacerle la barba a nadie\u201d\",\"datePublished\":\"2024-07-28T20:15:35+00:00\",\"dateModified\":\"2024-07-29T00:34:05+00:00\",\"mainEntityOfPage\":{\"@id\":\"https:\/\/www.sonoraenequipo.com.mx\/aclara-amlo-que-destaca-a-sheinbaum-sin-hacerle-la-barba-a-nadie\/\"},\"wordCount\":586,\"commentCount\":0,\"publisher\":{\"@id\":\"https:\/\/www.sonoraenequipo.com.mx\/#organization\"},\"image\":{\"@id\":\"https:\/\/www.sonoraenequipo.com.mx\/aclara-amlo-que-destaca-a-sheinbaum-sin-hacerle-la-barba-a-nadie\/#primaryimage\"},\"thumbnailUrl\":\"https:\/\/www.sonoraenequipo.com.mx\/storage\/2024\/07\/aclara-amlo-que-destaca-a-sheinbaum-sin-hacerle-la-barba-a-nadie-min.jpg\",\"articleSection\":[\"Rep\u00fablica\"],\"inLanguage\":\"es\",\"potentialAction\":[{\"@type\":\"CommentAction\",\"name\":\"Comment\",\"target\":[\"https:\/\/www.sonoraenequipo.com.mx\/aclara-amlo-que-destaca-a-sheinbaum-sin-hacerle-la-barba-a-nadie\/#respond\"]}]},{\"@type\":\"WebPage\",\"@id\":\"https:\/\/www.sonoraenequipo.com.mx\/aclara-amlo-que-destaca-a-sheinbaum-sin-hacerle-la-barba-a-nadie\/\",\"url\":\"https:\/\/www.sonoraenequipo.com.mx\/aclara-amlo-que-destaca-a-sheinbaum-sin-hacerle-la-barba-a-nadie\/\",\"name\":\"Sonora en Equipo. Aclara AMLO que destaca a Sheinbaum sin \u201chacerle la barba a nadie\u201d Rep\u00fablica\",\"isPartOf\":{\"@id\":\"https:\/\/www.sonoraenequipo.com.mx\/#website\"},\"primaryImageOfPage\":{\"@id\":\"https:\/\/www.sonoraenequipo.com.mx\/aclara-amlo-que-destaca-a-sheinbaum-sin-hacerle-la-barba-a-nadie\/#primaryimage\"},\"image\":{\"@id\":\"https:\/\/www.sonoraenequipo.com.mx\/aclara-amlo-que-destaca-a-sheinbaum-sin-hacerle-la-barba-a-nadie\/#primaryimage\"},\"thumbnailUrl\":\"https:\/\/www.sonoraenequipo.com.mx\/storage\/2024\/07\/aclara-amlo-que-destaca-a-sheinbaum-sin-hacerle-la-barba-a-nadie-min.jpg\",\"datePublished\":\"2024-07-28T20:15:35+00:00\",\"dateModified\":\"2024-07-29T00:34:05+00:00\",\"description\":\"CUAJINICUILAPA, GUERRERO.MX. \u2014 \u201cYa no tengo yo necesidad de hacerle la barba a nadie\u201d, aclar\u00f3 el presidente Andr\u00e9s Manuel L\u00f3pez Obrador al destacar una En Sonora en Equipo publicamos toda la informaci\u00f3n de Sonora, M\u00e9xico y el Mundo de manera oportuna y busca que la libertad de expresi\u00f3n sea real. Visita nuestro medio informativo publicado desde Hermosillo, Sonora. %\",\"breadcrumb\":{\"@id\":\"https:\/\/www.sonoraenequipo.com.mx\/aclara-amlo-que-destaca-a-sheinbaum-sin-hacerle-la-barba-a-nadie\/#breadcrumb\"},\"inLanguage\":\"es\",\"potentialAction\":[{\"@type\":\"ReadAction\",\"target\":[\"https:\/\/www.sonoraenequipo.com.mx\/aclara-amlo-que-destaca-a-sheinbaum-sin-hacerle-la-barba-a-nadie\/\"]}]},{\"@type\":\"ImageObject\",\"inLanguage\":\"es\",\"@id\":\"https:\/\/www.sonoraenequipo.com.mx\/aclara-amlo-que-destaca-a-sheinbaum-sin-hacerle-la-barba-a-nadie\/#primaryimage\",\"url\":\"https:\/\/www.sonoraenequipo.com.mx\/storage\/2024\/07\/aclara-amlo-que-destaca-a-sheinbaum-sin-hacerle-la-barba-a-nadie-min.jpg\",\"contentUrl\":\"https:\/\/www.sonoraenequipo.com.mx\/storage\/2024\/07\/aclara-amlo-que-destaca-a-sheinbaum-sin-hacerle-la-barba-a-nadie-min.jpg\",\"width\":848,\"height\":562},{\"@type\":\"BreadcrumbList\",\"@id\":\"https:\/\/www.sonoraenequipo.com.mx\/aclara-amlo-que-destaca-a-sheinbaum-sin-hacerle-la-barba-a-nadie\/#breadcrumb\",\"itemListElement\":[{\"@type\":\"ListItem\",\"position\":1,\"name\":\"Portada\",\"item\":\"https:\/\/www.sonoraenequipo.com.mx\/\"},{\"@type\":\"ListItem\",\"position\":2,\"name\":\"Aclara AMLO que destaca a Sheinbaum sin \u201chacerle la barba a nadie\u201d\"}]},{\"@type\":\"WebSite\",\"@id\":\"https:\/\/www.sonoraenequipo.com.mx\/#website\",\"url\":\"https:\/\/www.sonoraenequipo.com.mx\/\",\"name\":\"Sonora en Equipo.\",\"description\":\"Diario en l\u00ednea con Noticias desde Hermosillo, Sonora\",\"publisher\":{\"@id\":\"https:\/\/www.sonoraenequipo.com.mx\/#organization\"},\"potentialAction\":[{\"@type\":\"SearchAction\",\"target\":{\"@type\":\"EntryPoint\",\"urlTemplate\":\"https:\/\/www.sonoraenequipo.com.mx\/?s={search_term_string}\"},\"query-input\":{\"@type\":\"PropertyValueSpecification\",\"valueRequired\":true,\"valueName\":\"search_term_string\"}}],\"inLanguage\":\"es\"},{\"@type\":\"Organization\",\"@id\":\"https:\/\/www.sonoraenequipo.com.mx\/#organization\",\"name\":\"Sonoraenequipo.com.mx\",\"url\":\"https:\/\/www.sonoraenequipo.com.mx\/\",\"logo\":{\"@type\":\"ImageObject\",\"inLanguage\":\"es\",\"@id\":\"https:\/\/www.sonoraenequipo.com.mx\/#\/schema\/logo\/image\/\",\"url\":\"https:\/\/www.sonoraenequipo.com.mx\/storage\/2019\/01\/sonoraenequipo_opt.png\",\"contentUrl\":\"https:\/\/www.sonoraenequipo.com.mx\/storage\/2019\/01\/sonoraenequipo_opt.png\",\"width\":375,\"height\":125,\"caption\":\"Sonoraenequipo.com.mx\"},\"image\":{\"@id\":\"https:\/\/www.sonoraenequipo.com.mx\/#\/schema\/logo\/image\/\"},\"sameAs\":[\"https:\/\/www.facebook.com\/SonoraEE\/\",\"https:\/\/x.com\/sonoraenequipo\",\"https:\/\/www.youtube.com\/channel\/UC338nW-lPEYmJQs4ZABQ1SQ\"]},{\"@type\":\"Person\",\"@id\":\"https:\/\/www.sonoraenequipo.com.mx\/#\/schema\/person\/50102df0fb23a8fa9e8effad8fa81386\",\"name\":\"enequipo\",\"image\":{\"@type\":\"ImageObject\",\"inLanguage\":\"es\",\"@id\":\"https:\/\/www.sonoraenequipo.com.mx\/#\/schema\/person\/image\/\",\"url\":\"https:\/\/secure.gravatar.com\/avatar\/049821681b589dabc0bc20695993ccebb09f5b5d4d790cd9251b97faac7c652b?s=96&d=blank&r=g\",\"contentUrl\":\"https:\/\/secure.gravatar.com\/avatar\/049821681b589dabc0bc20695993ccebb09f5b5d4d790cd9251b97faac7c652b?s=96&d=blank&r=g\",\"caption\":\"enequipo\"},\"sameAs\":[\"https:\/\/www.facebook.com\/SonoraEE\"]}]}<\/script>\n ","yoast_head_json":{"title":"Sonora en Equipo. Aclara AMLO que destaca a Sheinbaum sin \u201chacerle la barba a nadie\u201d Rep\u00fablica","description":"CUAJINICUILAPA, GUERRERO.MX. \u2014 \u201cYa no tengo yo necesidad de hacerle la barba a nadie\u201d, aclar\u00f3 el presidente Andr\u00e9s Manuel L\u00f3pez Obrador al destacar una En Sonora en Equipo publicamos toda la informaci\u00f3n de Sonora, M\u00e9xico y el Mundo de manera oportuna y busca que la libertad de expresi\u00f3n sea real. Visita nuestro medio informativo publicado desde Hermosillo, Sonora. %","robots":{"index":"index","follow":"follow","max-snippet":"max-snippet:-1","max-image-preview":"max-image-preview:large","max-video-preview":"max-video-preview:-1"},"canonical":"https:\/\/www.sonoraenequipo.com.mx\/aclara-amlo-que-destaca-a-sheinbaum-sin-hacerle-la-barba-a-nadie\/","og_locale":"es_ES","og_type":"article","og_title":"Sonora en Equipo. Aclara AMLO que destaca a Sheinbaum sin \u201chacerle la barba a nadie\u201d Rep\u00fablica","og_description":"CUAJINICUILAPA, GUERRERO.MX. \u2014 \u201cYa no tengo yo necesidad de hacerle la barba a nadie\u201d, aclar\u00f3 el presidente Andr\u00e9s Manuel L\u00f3pez Obrador al destacar una En Sonora en Equipo publicamos toda la informaci\u00f3n de Sonora, M\u00e9xico y el Mundo de manera oportuna y busca que la libertad de expresi\u00f3n sea real. Visita nuestro medio informativo publicado desde Hermosillo, Sonora. %","og_url":"https:\/\/www.sonoraenequipo.com.mx\/aclara-amlo-que-destaca-a-sheinbaum-sin-hacerle-la-barba-a-nadie\/","og_site_name":"Sonora en Equipo.","article_publisher":"https:\/\/www.facebook.com\/SonoraEE\/","article_author":"https:\/\/www.facebook.com\/SonoraEE","article_published_time":"2024-07-28T20:15:35+00:00","article_modified_time":"2024-07-29T00:34:05+00:00","og_image":[{"width":848,"height":562,"url":"https:\/\/www.sonoraenequipo.com.mx\/storage\/2024\/07\/aclara-amlo-que-destaca-a-sheinbaum-sin-hacerle-la-barba-a-nadie-min.jpg","type":"image\/jpeg"}],"author":"enequipo","twitter_card":"summary_large_image","twitter_creator":"@sonoraenequipo","twitter_site":"@sonoraenequipo","twitter_misc":{"Escrito por":"enequipo","Tiempo de lectura":"3 minutos"},"schema":{"@context":"https:\/\/schema.org","@graph":[{"@type":"Article","@id":"https:\/\/www.sonoraenequipo.com.mx\/aclara-amlo-que-destaca-a-sheinbaum-sin-hacerle-la-barba-a-nadie\/#article","isPartOf":{"@id":"https:\/\/www.sonoraenequipo.com.mx\/aclara-amlo-que-destaca-a-sheinbaum-sin-hacerle-la-barba-a-nadie\/"},"author":{"name":"enequipo","@id":"https:\/\/www.sonoraenequipo.com.mx\/#\/schema\/person\/50102df0fb23a8fa9e8effad8fa81386"},"headline":"Aclara AMLO que destaca a Sheinbaum sin \u201chacerle la barba a nadie\u201d","datePublished":"2024-07-28T20:15:35+00:00","dateModified":"2024-07-29T00:34:05+00:00","mainEntityOfPage":{"@id":"https:\/\/www.sonoraenequipo.com.mx\/aclara-amlo-que-destaca-a-sheinbaum-sin-hacerle-la-barba-a-nadie\/"},"wordCount":586,"commentCount":0,"publisher":{"@id":"https:\/\/www.sonoraenequipo.com.mx\/#organization"},"image":{"@id":"https:\/\/www.sonoraenequipo.com.mx\/aclara-amlo-que-destaca-a-sheinbaum-sin-hacerle-la-barba-a-nadie\/#primaryimage"},"thumbnailUrl":"https:\/\/www.sonoraenequipo.com.mx\/storage\/2024\/07\/aclara-amlo-que-destaca-a-sheinbaum-sin-hacerle-la-barba-a-nadie-min.jpg","articleSection":["Rep\u00fablica"],"inLanguage":"es","potentialAction":[{"@type":"CommentAction","name":"Comment","target":["https:\/\/www.sonoraenequipo.com.mx\/aclara-amlo-que-destaca-a-sheinbaum-sin-hacerle-la-barba-a-nadie\/#respond"]}]},{"@type":"WebPage","@id":"https:\/\/www.sonoraenequipo.com.mx\/aclara-amlo-que-destaca-a-sheinbaum-sin-hacerle-la-barba-a-nadie\/","url":"https:\/\/www.sonoraenequipo.com.mx\/aclara-amlo-que-destaca-a-sheinbaum-sin-hacerle-la-barba-a-nadie\/","name":"Sonora en Equipo. Aclara AMLO que destaca a Sheinbaum sin \u201chacerle la barba a nadie\u201d Rep\u00fablica","isPartOf":{"@id":"https:\/\/www.sonoraenequipo.com.mx\/#website"},"primaryImageOfPage":{"@id":"https:\/\/www.sonoraenequipo.com.mx\/aclara-amlo-que-destaca-a-sheinbaum-sin-hacerle-la-barba-a-nadie\/#primaryimage"},"image":{"@id":"https:\/\/www.sonoraenequipo.com.mx\/aclara-amlo-que-destaca-a-sheinbaum-sin-hacerle-la-barba-a-nadie\/#primaryimage"},"thumbnailUrl":"https:\/\/www.sonoraenequipo.com.mx\/storage\/2024\/07\/aclara-amlo-que-destaca-a-sheinbaum-sin-hacerle-la-barba-a-nadie-min.jpg","datePublished":"2024-07-28T20:15:35+00:00","dateModified":"2024-07-29T00:34:05+00:00","description":"CUAJINICUILAPA, GUERRERO.MX. \u2014 \u201cYa no tengo yo necesidad de hacerle la barba a nadie\u201d, aclar\u00f3 el presidente Andr\u00e9s Manuel L\u00f3pez Obrador al destacar una En Sonora en Equipo publicamos toda la informaci\u00f3n de Sonora, M\u00e9xico y el Mundo de manera oportuna y busca que la libertad de expresi\u00f3n sea real. Visita nuestro medio informativo publicado desde Hermosillo, Sonora. %","breadcrumb":{"@id":"https:\/\/www.sonoraenequipo.com.mx\/aclara-amlo-que-destaca-a-sheinbaum-sin-hacerle-la-barba-a-nadie\/#breadcrumb"},"inLanguage":"es","potentialAction":[{"@type":"ReadAction","target":["https:\/\/www.sonoraenequipo.com.mx\/aclara-amlo-que-destaca-a-sheinbaum-sin-hacerle-la-barba-a-nadie\/"]}]},{"@type":"ImageObject","inLanguage":"es","@id":"https:\/\/www.sonoraenequipo.com.mx\/aclara-amlo-que-destaca-a-sheinbaum-sin-hacerle-la-barba-a-nadie\/#primaryimage","url":"https:\/\/www.sonoraenequipo.com.mx\/storage\/2024\/07\/aclara-amlo-que-destaca-a-sheinbaum-sin-hacerle-la-barba-a-nadie-min.jpg","contentUrl":"https:\/\/www.sonoraenequipo.com.mx\/storage\/2024\/07\/aclara-amlo-que-destaca-a-sheinbaum-sin-hacerle-la-barba-a-nadie-min.jpg","width":848,"height":562},{"@type":"BreadcrumbList","@id":"https:\/\/www.sonoraenequipo.com.mx\/aclara-amlo-que-destaca-a-sheinbaum-sin-hacerle-la-barba-a-nadie\/#breadcrumb","itemListElement":[{"@type":"ListItem","position":1,"name":"Portada","item":"https:\/\/www.sonoraenequipo.com.mx\/"},{"@type":"ListItem","position":2,"name":"Aclara AMLO que destaca a Sheinbaum sin \u201chacerle la barba a nadie\u201d"}]},{"@type":"WebSite","@id":"https:\/\/www.sonoraenequipo.com.mx\/#website","url":"https:\/\/www.sonoraenequipo.com.mx\/","name":"Sonora en Equipo.","description":"Diario en l\u00ednea con Noticias desde Hermosillo, Sonora","publisher":{"@id":"https:\/\/www.sonoraenequipo.com.mx\/#organization"},"potentialAction":[{"@type":"SearchAction","target":{"@type":"EntryPoint","urlTemplate":"https:\/\/www.sonoraenequipo.com.mx\/?s={search_term_string}"},"query-input":{"@type":"PropertyValueSpecification","valueRequired":true,"valueName":"search_term_string"}}],"inLanguage":"es"},{"@type":"Organization","@id":"https:\/\/www.sonoraenequipo.com.mx\/#organization","name":"Sonoraenequipo.com.mx","url":"https:\/\/www.sonoraenequipo.com.mx\/","logo":{"@type":"ImageObject","inLanguage":"es","@id":"https:\/\/www.sonoraenequipo.com.mx\/#\/schema\/logo\/image\/","url":"https:\/\/www.sonoraenequipo.com.mx\/storage\/2019\/01\/sonoraenequipo_opt.png","contentUrl":"https:\/\/www.sonoraenequipo.com.mx\/storage\/2019\/01\/sonoraenequipo_opt.png","width":375,"height":125,"caption":"Sonoraenequipo.com.mx"},"image":{"@id":"https:\/\/www.sonoraenequipo.com.mx\/#\/schema\/logo\/image\/"},"sameAs":["https:\/\/www.facebook.com\/SonoraEE\/","https:\/\/x.com\/sonoraenequipo","https:\/\/www.youtube.com\/channel\/UC338nW-lPEYmJQs4ZABQ1SQ"]},{"@type":"Person","@id":"https:\/\/www.sonoraenequipo.com.mx\/#\/schema\/person\/50102df0fb23a8fa9e8effad8fa81386","name":"enequipo","image":{"@type":"ImageObject","inLanguage":"es","@id":"https:\/\/www.sonoraenequipo.com.mx\/#\/schema\/person\/image\/","url":"https:\/\/secure.gravatar.com\/avatar\/049821681b589dabc0bc20695993ccebb09f5b5d4d790cd9251b97faac7c652b?s=96&d=blank&r=g","contentUrl":"https:\/\/secure.gravatar.com\/avatar\/049821681b589dabc0bc20695993ccebb09f5b5d4d790cd9251b97faac7c652b?s=96&d=blank&r=g","caption":"enequipo"},"sameAs":["https:\/\/www.facebook.com\/SonoraEE"]}]}},"jetpack_featured_media_url":"https:\/\/www.sonoraenequipo.com.mx\/storage\/2024\/07\/aclara-amlo-que-destaca-a-sheinbaum-sin-hacerle-la-barba-a-nadie-min.jpg","_links":{"self":[{"href":"https:\/\/www.sonoraenequipo.com.mx\/api\/wp\/v2\/posts\/195578","targetHints":{"allow":["GET"]}}],"collection":[{"href":"https:\/\/www.sonoraenequipo.com.mx\/api\/wp\/v2\/posts"}],"about":[{"href":"https:\/\/www.sonoraenequipo.com.mx\/api\/wp\/v2\/types\/post"}],"author":[{"embeddable":true,"href":"https:\/\/www.sonoraenequipo.com.mx\/api\/wp\/v2\/users\/1"}],"replies":[{"embeddable":true,"href":"https:\/\/www.sonoraenequipo.com.mx\/api\/wp\/v2\/comments?post=195578"}],"version-history":[{"count":1,"href":"https:\/\/www.sonoraenequipo.com.mx\/api\/wp\/v2\/posts\/195578\/revisions"}],"predecessor-version":[{"id":195589,"href":"https:\/\/www.sonoraenequipo.com.mx\/api\/wp\/v2\/posts\/195578\/revisions\/195589"}],"wp:featuredmedia":[{"embeddable":true,"href":"https:\/\/www.sonoraenequipo.com.mx\/api\/wp\/v2\/media\/195584"}],"wp:attachment":[{"href":"https:\/\/www.sonoraenequipo.com.mx\/api\/wp\/v2\/media?parent=195578"}],"wp:term":[{"taxonomy":"category","embeddable":true,"href":"https:\/\/www.sonoraenequipo.com.mx\/api\/wp\/v2\/categories?post=195578"},{"taxonomy":"post_tag","embeddable":true,"href":"https:\/\/www.sonoraenequipo.com.mx\/api\/wp\/v2\/tags?post=195578"}],"curies":[{"name":"wp","href":"https:\/\/api.w.org\/{rel}","templated":true}]}}