{"id":195582,"date":"2024-07-28T16:33:08","date_gmt":"2024-07-28T23:33:08","guid":{"rendered":"https:\/\/www.sonoraenequipo.com.mx\/?p=195582"},"modified":"2024-07-28T16:33:08","modified_gmt":"2024-07-28T23:33:08","slug":"participan-gobierno-de-hermosillo-y-empresas-locales-en-la-feria-industrial-mas-grande-del-mundo","status":"publish","type":"post","link":"https:\/\/www.sonoraenequipo.com.mx\/participan-gobierno-de-hermosillo-y-empresas-locales-en-la-feria-industrial-mas-grande-del-mundo\/","title":{"rendered":"Participan Gobierno de Hermosillo y empresas locales en la feria industrial m\u00e1s grande del mundo"},"content":{"rendered":"<p>&nbsp;<\/p>\n<p><strong>HERMOSILLO, SONORA, MX.<\/strong> \u2014 El Gobierno Municipal de Hermosillo tiene el firme el prop\u00f3sito de colocarse en el mapa mundial de la atracci\u00f3n de inversiones y proyectarse como un lugar donde interesan el uso de energ\u00edas renovables y cuidado del medio ambiente, afirm\u00f3 Gertie Agraz Boeneker.<\/p>\n<p>&nbsp;<\/p>\n<p>La directora de la Agencia Municipal de Desarrollo Econ\u00f3mico (AMDE) ubic\u00f3 en ese contexto la participaci\u00f3n de la dependencia y 5 empresas de la localidad en la Industrial Hannover-Messe, en Alemania, donde se promocion\u00f3 la marca \u201cHermosillo Sin L\u00edmites\u201d.<\/p>\n<p>&nbsp;<\/p>\n<p>Es una feria que tiene muchos a\u00f1os realiz\u00e1ndose anualmente y re\u00fane el estado del arte de toda la industria y de toda la tecnolog\u00eda con aplicaci\u00f3n muy enfocada en la generaci\u00f3n y suministro de energ\u00edas renovables, el sector automotriz y tecnolog\u00edas de la informaci\u00f3n, revel\u00f3.<\/p>\n<p>&nbsp;<\/p>\n<p>\u201cAqu\u00ed lo importante para nosotros es principalmente poner a Hermosillo en el mapa mundial de atracci\u00f3n de inversiones y todos los temas muy innovadores que hacen de nuestra ciudad una ciudad inteligente hay que tambi\u00e9n llevarlos a los distintos pa\u00edses que visitamos\u201d, reflexion\u00f3.<\/p>\n<p>&nbsp;<\/p>\n<p>Por primera vez acudi\u00f3 una delegaci\u00f3n de Hermosillo que se sum\u00f3 a m\u00e1s de 130 mil visitantes de 150 pa\u00edses y 4 mil expositores, entre \u00e9stos la AMDE con un stand de la marca \u201cHermosillo Sin L\u00edmites\u201d, y formaron parte representantes de las empresas Asymetria, Fortos Esg Industrial Park (Terrades Industrial), HACYS, Solarix Energy, Vi-Va, y el Cl\u00faster de Energ\u00eda de Sonora, a\u00f1adi\u00f3.<\/p>\n<p>&nbsp;<\/p>\n<p>Este evento signific\u00f3 para las y los empresarios la ocasi\u00f3n de dar a conocer ante las personas asistentes sus marcas, productos y servicios, as\u00ed como hacer citas de negocios, networking y relaciones comerciales, explic\u00f3 la funcionaria municipal.<\/p>\n<p>&nbsp;<\/p>\n<p>Tambi\u00e9n, dijo, se aprovech\u00f3 la estancia en Alemania para una reuni\u00f3n en Berl\u00edn con Francisco Quiroga, embajador de M\u00e9xico en dicho pa\u00eds. \u201cNos reconoci\u00f3 que estuvi\u00e9ramos poni\u00e9ndonos all\u00ed en las grandes ligas de las ciudades mexicanas que est\u00e1n haciendo su propia promoci\u00f3n econ\u00f3mica\u201d.<\/p>\n<p>&nbsp;<\/p>\n<p>A su vez tuvo lugar un encuentro con un representante para Latinoam\u00e9rica de la asociaci\u00f3n que agrupa a todas las c\u00e1maras empresariales de Alemania, lo que es muy importante por el intercambio de informaci\u00f3n, ideas y contactos, con miras a establecer vinculaciones directas con empresas de aquella naci\u00f3n, concluy\u00f3.<\/p>\n<p><strong>Fecha de publicaci\u00f3n domingo 28 de julio de 2024<\/strong><\/p>\n","protected":false},"excerpt":{"rendered":"<p>&nbsp; HERMOSILLO, SONORA, MX. \u2014 El Gobierno Municipal de Hermosillo tiene el firme el prop\u00f3sito&#8230;<\/p>\n","protected":false},"author":1,"featured_media":172009,"comment_status":"open","ping_status":"open","sticky":false,"template":"","format":"standard","meta":{"_monsterinsights_skip_tracking":false,"_monsterinsights_sitenote_active":false,"_monsterinsights_sitenote_note":"","_monsterinsights_sitenote_category":0,"footnotes":""},"categories":[4],"tags":[93,35],"class_list":["post"],"yoast_head":" \n<title>Sonora en Equipo. Participan Gobierno de Hermosillo y empresas locales en la feria industrial m\u00e1s grande del mundo Municipios<\/title>\n<meta name=\"description\" content=\"&nbsp; HERMOSILLO, SONORA, MX. \u2014 El Gobierno Municipal de Hermosillo tiene el firme el prop\u00f3sito de colocarse en el mapa mundial de la atracci\u00f3n de En Sonora en Equipo publicamos toda la informaci\u00f3n de Sonora, M\u00e9xico y el Mundo de manera oportuna y busca que la libertad de expresi\u00f3n sea real. Visita nuestro medio informativo publicado desde Hermosillo, Sonora. %\" \/>\n<meta name=\"robots\" content=\"index, follow, max-snippet:-1, max-image-preview:large, max-video-preview:-1\" \/>\n<link rel=\"canonical\" href=\"https:\/\/www.sonoraenequipo.com.mx\/participan-gobierno-de-hermosillo-y-empresas-locales-en-la-feria-industrial-mas-grande-del-mundo\/\" \/>\n<meta property=\"og:locale\" content=\"es_ES\" \/>\n<meta property=\"og:type\" content=\"article\" \/>\n<meta property=\"og:title\" content=\"Sonora en Equipo. Participan Gobierno de Hermosillo y empresas locales en la feria industrial m\u00e1s grande del mundo Municipios\" \/>\n<meta property=\"og:description\" content=\"&nbsp; HERMOSILLO, SONORA, MX. \u2014 El Gobierno Municipal de Hermosillo tiene el firme el prop\u00f3sito de colocarse en el mapa mundial de la atracci\u00f3n de En Sonora en Equipo publicamos toda la informaci\u00f3n de Sonora, M\u00e9xico y el Mundo de manera oportuna y busca que la libertad de expresi\u00f3n sea real. Visita nuestro medio informativo publicado desde Hermosillo, Sonora. %\" \/>\n<meta property=\"og:url\" content=\"https:\/\/www.sonoraenequipo.com.mx\/participan-gobierno-de-hermosillo-y-empresas-locales-en-la-feria-industrial-mas-grande-del-mundo\/\" \/>\n<meta property=\"og:site_name\" content=\"Sonora en Equipo.\" \/>\n<meta property=\"article:publisher\" content=\"https:\/\/www.facebook.com\/SonoraEE\/\" \/>\n<meta property=\"article:author\" content=\"https:\/\/www.facebook.com\/SonoraEE\" \/>\n<meta property=\"article:published_time\" content=\"2024-07-28T23:33:08+00:00\" \/>\n<meta property=\"og:image\" content=\"https:\/\/www.sonoraenequipo.com.mx\/storage\/2023\/08\/gertie.jpg\" \/>\n\t<meta property=\"og:image:width\" content=\"600\" \/>\n\t<meta property=\"og:image:height\" content=\"400\" \/>\n\t<meta property=\"og:image:type\" content=\"image\/jpeg\" \/>\n<meta name=\"author\" content=\"enequipo\" \/>\n<meta name=\"twitter:card\" content=\"summary_large_image\" \/>\n<meta name=\"twitter:creator\" content=\"@sonoraenequipo\" \/>\n<meta name=\"twitter:site\" content=\"@sonoraenequipo\" \/>\n<meta name=\"twitter:label1\" content=\"Escrito por\" \/>\n\t<meta name=\"twitter:data1\" content=\"enequipo\" \/>\n\t<meta name=\"twitter:label2\" content=\"Tiempo de lectura\" \/>\n\t<meta name=\"twitter:data2\" content=\"2 minutos\" \/>\n<script type=\"application\/ld+json\" class=\"yoast-schema-graph\">{\"@context\":\"https:\/\/schema.org\",\"@graph\":[{\"@type\":\"Article\",\"@id\":\"https:\/\/www.sonoraenequipo.com.mx\/participan-gobierno-de-hermosillo-y-empresas-locales-en-la-feria-industrial-mas-grande-del-mundo\/#article\",\"isPartOf\":{\"@id\":\"https:\/\/www.sonoraenequipo.com.mx\/participan-gobierno-de-hermosillo-y-empresas-locales-en-la-feria-industrial-mas-grande-del-mundo\/\"},\"author\":{\"name\":\"enequipo\",\"@id\":\"https:\/\/www.sonoraenequipo.com.mx\/#\/schema\/person\/50102df0fb23a8fa9e8effad8fa81386\"},\"headline\":\"Participan Gobierno de Hermosillo y empresas locales en la feria industrial m\u00e1s grande del mundo\",\"datePublished\":\"2024-07-28T23:33:08+00:00\",\"mainEntityOfPage\":{\"@id\":\"https:\/\/www.sonoraenequipo.com.mx\/participan-gobierno-de-hermosillo-y-empresas-locales-en-la-feria-industrial-mas-grande-del-mundo\/\"},\"wordCount\":433,\"commentCount\":0,\"publisher\":{\"@id\":\"https:\/\/www.sonoraenequipo.com.mx\/#organization\"},\"image\":{\"@id\":\"https:\/\/www.sonoraenequipo.com.mx\/participan-gobierno-de-hermosillo-y-empresas-locales-en-la-feria-industrial-mas-grande-del-mundo\/#primaryimage\"},\"thumbnailUrl\":\"https:\/\/www.sonoraenequipo.com.mx\/storage\/2023\/08\/gertie.jpg\",\"keywords\":[\"econom\u00eda\",\"hermosillo\"],\"articleSection\":[\"Municipios\"],\"inLanguage\":\"es\",\"potentialAction\":[{\"@type\":\"CommentAction\",\"name\":\"Comment\",\"target\":[\"https:\/\/www.sonoraenequipo.com.mx\/participan-gobierno-de-hermosillo-y-empresas-locales-en-la-feria-industrial-mas-grande-del-mundo\/#respond\"]}]},{\"@type\":\"WebPage\",\"@id\":\"https:\/\/www.sonoraenequipo.com.mx\/participan-gobierno-de-hermosillo-y-empresas-locales-en-la-feria-industrial-mas-grande-del-mundo\/\",\"url\":\"https:\/\/www.sonoraenequipo.com.mx\/participan-gobierno-de-hermosillo-y-empresas-locales-en-la-feria-industrial-mas-grande-del-mundo\/\",\"name\":\"Sonora en Equipo. Participan Gobierno de Hermosillo y empresas locales en la feria industrial m\u00e1s grande del mundo Municipios\",\"isPartOf\":{\"@id\":\"https:\/\/www.sonoraenequipo.com.mx\/#website\"},\"primaryImageOfPage\":{\"@id\":\"https:\/\/www.sonoraenequipo.com.mx\/participan-gobierno-de-hermosillo-y-empresas-locales-en-la-feria-industrial-mas-grande-del-mundo\/#primaryimage\"},\"image\":{\"@id\":\"https:\/\/www.sonoraenequipo.com.mx\/participan-gobierno-de-hermosillo-y-empresas-locales-en-la-feria-industrial-mas-grande-del-mundo\/#primaryimage\"},\"thumbnailUrl\":\"https:\/\/www.sonoraenequipo.com.mx\/storage\/2023\/08\/gertie.jpg\",\"datePublished\":\"2024-07-28T23:33:08+00:00\",\"description\":\"&nbsp; HERMOSILLO, SONORA, MX. \u2014 El Gobierno Municipal de Hermosillo tiene el firme el prop\u00f3sito de colocarse en el mapa mundial de la atracci\u00f3n de En Sonora en Equipo publicamos toda la informaci\u00f3n de Sonora, M\u00e9xico y el Mundo de manera oportuna y busca que la libertad de expresi\u00f3n sea real. Visita nuestro medio informativo publicado desde Hermosillo, Sonora. %\",\"breadcrumb\":{\"@id\":\"https:\/\/www.sonoraenequipo.com.mx\/participan-gobierno-de-hermosillo-y-empresas-locales-en-la-feria-industrial-mas-grande-del-mundo\/#breadcrumb\"},\"inLanguage\":\"es\",\"potentialAction\":[{\"@type\":\"ReadAction\",\"target\":[\"https:\/\/www.sonoraenequipo.com.mx\/participan-gobierno-de-hermosillo-y-empresas-locales-en-la-feria-industrial-mas-grande-del-mundo\/\"]}]},{\"@type\":\"ImageObject\",\"inLanguage\":\"es\",\"@id\":\"https:\/\/www.sonoraenequipo.com.mx\/participan-gobierno-de-hermosillo-y-empresas-locales-en-la-feria-industrial-mas-grande-del-mundo\/#primaryimage\",\"url\":\"https:\/\/www.sonoraenequipo.com.mx\/storage\/2023\/08\/gertie.jpg\",\"contentUrl\":\"https:\/\/www.sonoraenequipo.com.mx\/storage\/2023\/08\/gertie.jpg\",\"width\":600,\"height\":400},{\"@type\":\"BreadcrumbList\",\"@id\":\"https:\/\/www.sonoraenequipo.com.mx\/participan-gobierno-de-hermosillo-y-empresas-locales-en-la-feria-industrial-mas-grande-del-mundo\/#breadcrumb\",\"itemListElement\":[{\"@type\":\"ListItem\",\"position\":1,\"name\":\"Portada\",\"item\":\"https:\/\/www.sonoraenequipo.com.mx\/\"},{\"@type\":\"ListItem\",\"position\":2,\"name\":\"Participan Gobierno de Hermosillo y empresas locales en la feria industrial m\u00e1s grande del mundo\"}]},{\"@type\":\"WebSite\",\"@id\":\"https:\/\/www.sonoraenequipo.com.mx\/#website\",\"url\":\"https:\/\/www.sonoraenequipo.com.mx\/\",\"name\":\"Sonora en Equipo.\",\"description\":\"Diario en l\u00ednea con Noticias desde Hermosillo, Sonora\",\"publisher\":{\"@id\":\"https:\/\/www.sonoraenequipo.com.mx\/#organization\"},\"potentialAction\":[{\"@type\":\"SearchAction\",\"target\":{\"@type\":\"EntryPoint\",\"urlTemplate\":\"https:\/\/www.sonoraenequipo.com.mx\/?s={search_term_string}\"},\"query-input\":{\"@type\":\"PropertyValueSpecification\",\"valueRequired\":true,\"valueName\":\"search_term_string\"}}],\"inLanguage\":\"es\"},{\"@type\":\"Organization\",\"@id\":\"https:\/\/www.sonoraenequipo.com.mx\/#organization\",\"name\":\"Sonoraenequipo.com.mx\",\"url\":\"https:\/\/www.sonoraenequipo.com.mx\/\",\"logo\":{\"@type\":\"ImageObject\",\"inLanguage\":\"es\",\"@id\":\"https:\/\/www.sonoraenequipo.com.mx\/#\/schema\/logo\/image\/\",\"url\":\"https:\/\/www.sonoraenequipo.com.mx\/storage\/2019\/01\/sonoraenequipo_opt.png\",\"contentUrl\":\"https:\/\/www.sonoraenequipo.com.mx\/storage\/2019\/01\/sonoraenequipo_opt.png\",\"width\":375,\"height\":125,\"caption\":\"Sonoraenequipo.com.mx\"},\"image\":{\"@id\":\"https:\/\/www.sonoraenequipo.com.mx\/#\/schema\/logo\/image\/\"},\"sameAs\":[\"https:\/\/www.facebook.com\/SonoraEE\/\",\"https:\/\/x.com\/sonoraenequipo\",\"https:\/\/www.youtube.com\/channel\/UC338nW-lPEYmJQs4ZABQ1SQ\"]},{\"@type\":\"Person\",\"@id\":\"https:\/\/www.sonoraenequipo.com.mx\/#\/schema\/person\/50102df0fb23a8fa9e8effad8fa81386\",\"name\":\"enequipo\",\"image\":{\"@type\":\"ImageObject\",\"inLanguage\":\"es\",\"@id\":\"https:\/\/www.sonoraenequipo.com.mx\/#\/schema\/person\/image\/\",\"url\":\"https:\/\/secure.gravatar.com\/avatar\/049821681b589dabc0bc20695993ccebb09f5b5d4d790cd9251b97faac7c652b?s=96&d=blank&r=g\",\"contentUrl\":\"https:\/\/secure.gravatar.com\/avatar\/049821681b589dabc0bc20695993ccebb09f5b5d4d790cd9251b97faac7c652b?s=96&d=blank&r=g\",\"caption\":\"enequipo\"},\"sameAs\":[\"https:\/\/www.facebook.com\/SonoraEE\"]}]}<\/script>\n ","yoast_head_json":{"title":"Sonora en Equipo. Participan Gobierno de Hermosillo y empresas locales en la feria industrial m\u00e1s grande del mundo Municipios","description":"&nbsp; HERMOSILLO, SONORA, MX. \u2014 El Gobierno Municipal de Hermosillo tiene el firme el prop\u00f3sito de colocarse en el mapa mundial de la atracci\u00f3n de En Sonora en Equipo publicamos toda la informaci\u00f3n de Sonora, M\u00e9xico y el Mundo de manera oportuna y busca que la libertad de expresi\u00f3n sea real. Visita nuestro medio informativo publicado desde Hermosillo, Sonora. %","robots":{"index":"index","follow":"follow","max-snippet":"max-snippet:-1","max-image-preview":"max-image-preview:large","max-video-preview":"max-video-preview:-1"},"canonical":"https:\/\/www.sonoraenequipo.com.mx\/participan-gobierno-de-hermosillo-y-empresas-locales-en-la-feria-industrial-mas-grande-del-mundo\/","og_locale":"es_ES","og_type":"article","og_title":"Sonora en Equipo. Participan Gobierno de Hermosillo y empresas locales en la feria industrial m\u00e1s grande del mundo Municipios","og_description":"&nbsp; HERMOSILLO, SONORA, MX. \u2014 El Gobierno Municipal de Hermosillo tiene el firme el prop\u00f3sito de colocarse en el mapa mundial de la atracci\u00f3n de En Sonora en Equipo publicamos toda la informaci\u00f3n de Sonora, M\u00e9xico y el Mundo de manera oportuna y busca que la libertad de expresi\u00f3n sea real. Visita nuestro medio informativo publicado desde Hermosillo, Sonora. %","og_url":"https:\/\/www.sonoraenequipo.com.mx\/participan-gobierno-de-hermosillo-y-empresas-locales-en-la-feria-industrial-mas-grande-del-mundo\/","og_site_name":"Sonora en Equipo.","article_publisher":"https:\/\/www.facebook.com\/SonoraEE\/","article_author":"https:\/\/www.facebook.com\/SonoraEE","article_published_time":"2024-07-28T23:33:08+00:00","og_image":[{"width":600,"height":400,"url":"https:\/\/www.sonoraenequipo.com.mx\/storage\/2023\/08\/gertie.jpg","type":"image\/jpeg"}],"author":"enequipo","twitter_card":"summary_large_image","twitter_creator":"@sonoraenequipo","twitter_site":"@sonoraenequipo","twitter_misc":{"Escrito por":"enequipo","Tiempo de lectura":"2 minutos"},"schema":{"@context":"https:\/\/schema.org","@graph":[{"@type":"Article","@id":"https:\/\/www.sonoraenequipo.com.mx\/participan-gobierno-de-hermosillo-y-empresas-locales-en-la-feria-industrial-mas-grande-del-mundo\/#article","isPartOf":{"@id":"https:\/\/www.sonoraenequipo.com.mx\/participan-gobierno-de-hermosillo-y-empresas-locales-en-la-feria-industrial-mas-grande-del-mundo\/"},"author":{"name":"enequipo","@id":"https:\/\/www.sonoraenequipo.com.mx\/#\/schema\/person\/50102df0fb23a8fa9e8effad8fa81386"},"headline":"Participan Gobierno de Hermosillo y empresas locales en la feria industrial m\u00e1s grande del mundo","datePublished":"2024-07-28T23:33:08+00:00","mainEntityOfPage":{"@id":"https:\/\/www.sonoraenequipo.com.mx\/participan-gobierno-de-hermosillo-y-empresas-locales-en-la-feria-industrial-mas-grande-del-mundo\/"},"wordCount":433,"commentCount":0,"publisher":{"@id":"https:\/\/www.sonoraenequipo.com.mx\/#organization"},"image":{"@id":"https:\/\/www.sonoraenequipo.com.mx\/participan-gobierno-de-hermosillo-y-empresas-locales-en-la-feria-industrial-mas-grande-del-mundo\/#primaryimage"},"thumbnailUrl":"https:\/\/www.sonoraenequipo.com.mx\/storage\/2023\/08\/gertie.jpg","keywords":["econom\u00eda","hermosillo"],"articleSection":["Municipios"],"inLanguage":"es","potentialAction":[{"@type":"CommentAction","name":"Comment","target":["https:\/\/www.sonoraenequipo.com.mx\/participan-gobierno-de-hermosillo-y-empresas-locales-en-la-feria-industrial-mas-grande-del-mundo\/#respond"]}]},{"@type":"WebPage","@id":"https:\/\/www.sonoraenequipo.com.mx\/participan-gobierno-de-hermosillo-y-empresas-locales-en-la-feria-industrial-mas-grande-del-mundo\/","url":"https:\/\/www.sonoraenequipo.com.mx\/participan-gobierno-de-hermosillo-y-empresas-locales-en-la-feria-industrial-mas-grande-del-mundo\/","name":"Sonora en Equipo. Participan Gobierno de Hermosillo y empresas locales en la feria industrial m\u00e1s grande del mundo Municipios","isPartOf":{"@id":"https:\/\/www.sonoraenequipo.com.mx\/#website"},"primaryImageOfPage":{"@id":"https:\/\/www.sonoraenequipo.com.mx\/participan-gobierno-de-hermosillo-y-empresas-locales-en-la-feria-industrial-mas-grande-del-mundo\/#primaryimage"},"image":{"@id":"https:\/\/www.sonoraenequipo.com.mx\/participan-gobierno-de-hermosillo-y-empresas-locales-en-la-feria-industrial-mas-grande-del-mundo\/#primaryimage"},"thumbnailUrl":"https:\/\/www.sonoraenequipo.com.mx\/storage\/2023\/08\/gertie.jpg","datePublished":"2024-07-28T23:33:08+00:00","description":"&nbsp; HERMOSILLO, SONORA, MX. \u2014 El Gobierno Municipal de Hermosillo tiene el firme el prop\u00f3sito de colocarse en el mapa mundial de la atracci\u00f3n de En Sonora en Equipo publicamos toda la informaci\u00f3n de Sonora, M\u00e9xico y el Mundo de manera oportuna y busca que la libertad de expresi\u00f3n sea real. Visita nuestro medio informativo publicado desde Hermosillo, Sonora. %","breadcrumb":{"@id":"https:\/\/www.sonoraenequipo.com.mx\/participan-gobierno-de-hermosillo-y-empresas-locales-en-la-feria-industrial-mas-grande-del-mundo\/#breadcrumb"},"inLanguage":"es","potentialAction":[{"@type":"ReadAction","target":["https:\/\/www.sonoraenequipo.com.mx\/participan-gobierno-de-hermosillo-y-empresas-locales-en-la-feria-industrial-mas-grande-del-mundo\/"]}]},{"@type":"ImageObject","inLanguage":"es","@id":"https:\/\/www.sonoraenequipo.com.mx\/participan-gobierno-de-hermosillo-y-empresas-locales-en-la-feria-industrial-mas-grande-del-mundo\/#primaryimage","url":"https:\/\/www.sonoraenequipo.com.mx\/storage\/2023\/08\/gertie.jpg","contentUrl":"https:\/\/www.sonoraenequipo.com.mx\/storage\/2023\/08\/gertie.jpg","width":600,"height":400},{"@type":"BreadcrumbList","@id":"https:\/\/www.sonoraenequipo.com.mx\/participan-gobierno-de-hermosillo-y-empresas-locales-en-la-feria-industrial-mas-grande-del-mundo\/#breadcrumb","itemListElement":[{"@type":"ListItem","position":1,"name":"Portada","item":"https:\/\/www.sonoraenequipo.com.mx\/"},{"@type":"ListItem","position":2,"name":"Participan Gobierno de Hermosillo y empresas locales en la feria industrial m\u00e1s grande del mundo"}]},{"@type":"WebSite","@id":"https:\/\/www.sonoraenequipo.com.mx\/#website","url":"https:\/\/www.sonoraenequipo.com.mx\/","name":"Sonora en Equipo.","description":"Diario en l\u00ednea con Noticias desde Hermosillo, Sonora","publisher":{"@id":"https:\/\/www.sonoraenequipo.com.mx\/#organization"},"potentialAction":[{"@type":"SearchAction","target":{"@type":"EntryPoint","urlTemplate":"https:\/\/www.sonoraenequipo.com.mx\/?s={search_term_string}"},"query-input":{"@type":"PropertyValueSpecification","valueRequired":true,"valueName":"search_term_string"}}],"inLanguage":"es"},{"@type":"Organization","@id":"https:\/\/www.sonoraenequipo.com.mx\/#organization","name":"Sonoraenequipo.com.mx","url":"https:\/\/www.sonoraenequipo.com.mx\/","logo":{"@type":"ImageObject","inLanguage":"es","@id":"https:\/\/www.sonoraenequipo.com.mx\/#\/schema\/logo\/image\/","url":"https:\/\/www.sonoraenequipo.com.mx\/storage\/2019\/01\/sonoraenequipo_opt.png","contentUrl":"https:\/\/www.sonoraenequipo.com.mx\/storage\/2019\/01\/sonoraenequipo_opt.png","width":375,"height":125,"caption":"Sonoraenequipo.com.mx"},"image":{"@id":"https:\/\/www.sonoraenequipo.com.mx\/#\/schema\/logo\/image\/"},"sameAs":["https:\/\/www.facebook.com\/SonoraEE\/","https:\/\/x.com\/sonoraenequipo","https:\/\/www.youtube.com\/channel\/UC338nW-lPEYmJQs4ZABQ1SQ"]},{"@type":"Person","@id":"https:\/\/www.sonoraenequipo.com.mx\/#\/schema\/person\/50102df0fb23a8fa9e8effad8fa81386","name":"enequipo","image":{"@type":"ImageObject","inLanguage":"es","@id":"https:\/\/www.sonoraenequipo.com.mx\/#\/schema\/person\/image\/","url":"https:\/\/secure.gravatar.com\/avatar\/049821681b589dabc0bc20695993ccebb09f5b5d4d790cd9251b97faac7c652b?s=96&d=blank&r=g","contentUrl":"https:\/\/secure.gravatar.com\/avatar\/049821681b589dabc0bc20695993ccebb09f5b5d4d790cd9251b97faac7c652b?s=96&d=blank&r=g","caption":"enequipo"},"sameAs":["https:\/\/www.facebook.com\/SonoraEE"]}]}},"jetpack_featured_media_url":"https:\/\/www.sonoraenequipo.com.mx\/storage\/2023\/08\/gertie.jpg","_links":{"self":[{"href":"https:\/\/www.sonoraenequipo.com.mx\/api\/wp\/v2\/posts\/195582","targetHints":{"allow":["GET"]}}],"collection":[{"href":"https:\/\/www.sonoraenequipo.com.mx\/api\/wp\/v2\/posts"}],"about":[{"href":"https:\/\/www.sonoraenequipo.com.mx\/api\/wp\/v2\/types\/post"}],"author":[{"embeddable":true,"href":"https:\/\/www.sonoraenequipo.com.mx\/api\/wp\/v2\/users\/1"}],"replies":[{"embeddable":true,"href":"https:\/\/www.sonoraenequipo.com.mx\/api\/wp\/v2\/comments?post=195582"}],"version-history":[{"count":1,"href":"https:\/\/www.sonoraenequipo.com.mx\/api\/wp\/v2\/posts\/195582\/revisions"}],"predecessor-version":[{"id":195583,"href":"https:\/\/www.sonoraenequipo.com.mx\/api\/wp\/v2\/posts\/195582\/revisions\/195583"}],"wp:featuredmedia":[{"embeddable":true,"href":"https:\/\/www.sonoraenequipo.com.mx\/api\/wp\/v2\/media\/172009"}],"wp:attachment":[{"href":"https:\/\/www.sonoraenequipo.com.mx\/api\/wp\/v2\/media?parent=195582"}],"wp:term":[{"taxonomy":"category","embeddable":true,"href":"https:\/\/www.sonoraenequipo.com.mx\/api\/wp\/v2\/categories?post=195582"},{"taxonomy":"post_tag","embeddable":true,"href":"https:\/\/www.sonoraenequipo.com.mx\/api\/wp\/v2\/tags?post=195582"}],"curies":[{"name":"wp","href":"https:\/\/api.w.org\/{rel}","templated":true}]}}