{"id":195592,"date":"2024-07-28T07:23:03","date_gmt":"2024-07-28T14:23:03","guid":{"rendered":"https:\/\/www.sonoraenequipo.com.mx\/?p=195592"},"modified":"2024-07-28T18:21:17","modified_gmt":"2024-07-29T01:21:17","slug":"el-ejercito-guatemalteco-alerta-por-efectos-de-la-captura-de-ismael-el-mayo-zambada","status":"publish","type":"post","link":"https:\/\/www.sonoraenequipo.com.mx\/el-ejercito-guatemalteco-alerta-por-efectos-de-la-captura-de-ismael-el-mayo-zambada\/","title":{"rendered":"El ej\u00e9rcito guatemalteco alerta por efectos de la captura de Ismael \u00abEl Mayo\u00bb Zambada"},"content":{"rendered":"<p><strong>CIUDAD DE M\u00c9XICO. MX.\u2014 <\/strong>\u00a0La captura de Ismael \u201cEl Mayo\u201d Zambada, generar\u00eda conflictos a lo interno del c\u00e1rtel de Sinaloa por la disputa de poder, violencia que en las pr\u00f3ximas semanas repercutir\u00eda en las zonas donde operan los grupos relacionados con esa estructura, lo que agudizar\u00eda las migraciones hacia territorio nacional, afirma la Polic\u00eda Nacional Civil (PNC) y varias organizaciones.<\/p>\n<p>&nbsp;<\/p>\n<p>&nbsp;<\/p>\n<p> <br \/>\nTras la detenci\u00f3n de Zambada, salen a luz distintas versiones sobre su captura y la informaci\u00f3n extraoficial de fuentes policiales mexicanas apunta a que se entreg\u00f3 a las autoridades, pero tambi\u00e9n se habla que Joaqu\u00edn Guzm\u00e1n L\u00f3pez, uno de los hijos del narcotraficante Joaqu\u00edn \u201c<em><strong>El Chapo\u201d<\/strong><\/em> Guzm\u00e1n, habr\u00eda traicionado a quien fuera socio de su padre a la cabeza del cartel de Sinaloa.<\/p>\n<p>&nbsp;<\/p>\n<p>&nbsp;<\/p>\n<p>Al parecer, Guzm\u00e1n L\u00f3pez convenci\u00f3 al Mayo Zambada para que viajara con \u00e9l en un avi\u00f3n con destino al norte de M\u00e9xico. Pero la aeronave aterriz\u00f3 en El Paso, Texas, donde agentes estadounidenses los arrestaron, seg\u00fan la agencia de noticias AFP.<\/p>\n<p>&nbsp;<\/p>\n<p>&nbsp;<\/p>\n<p>De acuerdo con un informe de la agencia antidrogas de Estados Unidos (DEA) publicado en mayo, <strong><em>\u00abLos Chapitos\u00bb,<\/em><\/strong> como se les conoce a los hijos de <em><strong>\u201cEl Chapo\u201d<\/strong><\/em>, libran una batalla interna contra<em><strong> \u201cEl Mayo\u201d<\/strong><\/em>, quien a sus 76 a\u00f1os no goza de buena salud y habr\u00eda perdido poder en la organizaci\u00f3n criminal.<\/p>\n<p>&nbsp;<\/p>\n<p>Cartel de Sinaloa y los v\u00ednculos que ha tenido con guatemaltecos para el tr\u00e1fico de coca\u00edna y fentanilo<\/p>\n<h3>\nReacomodos<\/h3>\n<p>&nbsp;<\/p>\n<p>Tras la captura de uno de los m\u00e1ximos l\u00edderes del cartel de Sinaloa, la estructura tendr\u00e1 un reacomodo en la l\u00ednea de direcci\u00f3n, lo cual no ser\u00e1 f\u00e1cil, seg\u00fan<\/p>\n<p>&nbsp;<\/p>\n<p>El director de la PNC, David Custodio Boteo, quien considera que la captura de Zambada causar\u00e1 reacomodos y liderazgos improvisados, que derivar\u00e1n en problemas a lo interno.<\/p>\n<p>&nbsp;<\/p>\n<p>&nbsp;<\/p>\n<p><strong><em>\u201cSe considera que esos reacomodos y liderazgos improvisados que puedan surgir, ocasionar\u00edan problemas internos. Y ese tipo de violencia recrudecida en Chiapas y lugares fronterizos de ese pa\u00eds y ya est\u00e1 ocasionando la emigraci\u00f3n de personas que solicitan asilo\u201d,<\/em> <\/strong>afirm\u00f3.<\/p>\n<p>&nbsp;<\/p>\n<p>&nbsp;<\/p>\n<p>De la misma forma, el exviceministro de Gobernaci\u00f3n, Mario M\u00e9rida, sostiene que si bien la guerra ser\u00e1 dentro del c\u00e1rtel de Sinaloa, no descarta que aumente la violencia en la l\u00ednea fronteriza con Guatemala.<\/p>\n<p>&nbsp;<\/p>\n<p>&nbsp;<\/p>\n<p><em><strong>\u201cLos conflictos de esta naturaleza estar\u00e1n m\u00e1s centrados en M\u00e9xico y habr\u00e1 ajustes de cuentas entre ellos, sobre todo si es cierto que hubo una traici\u00f3n por parte de otros integrantes de la estructura y m\u00e1s de alguno querr\u00e1 tomar el liderazgo. Eso, sin duda generar\u00e1 violencia y no se descartan m\u00e1s migraciones a Guatemala\u201d<\/strong><\/em>, explic\u00f3.<\/p>\n<p>&nbsp;<\/p>\n<p>Record\u00f3 que cuando capturaron al hijo del Chapo Guzm\u00e1n no se sabe qu\u00e9 informaci\u00f3n pudo haber dado y eso tambi\u00e9n se considerar\u00eda una traici\u00f3n.<\/p>\n<p>&nbsp;<\/p>\n<p>&nbsp;<\/p>\n<p>Seg\u00fan los testimonios de los afectados, el 19 de julio \u00faltimo, grupos armados se enfrentaron en una comunidad de Chiapas, l\u00ednea fronteriza con Guatemala y, al d\u00eda siguiente, sujetos armados ingresaron a las viviendas y desalojaron a las familias de las comunidades sin darles oportunidad de sacar sus pertenencias, por lo que se refugiaron en territorio guatemalteco.<\/p>\n<p>&nbsp;<\/p>\n<p>&nbsp;<\/p>\n<p>Rosario Mart\u00ednez, investigadora de la Facultad Latinoamericana de Ciencias Sociales (Flacso), dice que ante el ingreso de familias mexicanas a Guatemala para huir de la violencia, debe existir una <strong>\u201creciprocidad\u201d<\/strong> del gobierno con el vecino pa\u00eds, como existi\u00f3 durante el conflicto armado interno, cuando cientos de familias buscaron refugio en territorio mexicano.<\/p>\n<p>&nbsp;<\/p>\n<p>&nbsp;<\/p>\n<p><em><strong>\u201cAhorita estamos en un limbo, pero las familias deben aplicar al refugio por razones humanitarias o al asilo temporal, mientras se definen las opciones porque muchas de ellas podr\u00edan volver a M\u00e9xico\u201d,<\/strong> <\/em>afirm\u00f3.<\/p>\n<p>&nbsp;<\/p>\n<p>&nbsp;<\/p>\n<p>Agreg\u00f3 que, en estos casos, hay familias que se reh\u00fasan a dejar sus hogares y escapar de los grupos armados. Sin embargo, son obligados a trabajar para los narcotraficantes y en el caso de las mujeres deben cocinar y atender a los integrantes de esas estructuras.<\/p>\n<p>&nbsp;<\/p>\n<p>&nbsp;<\/p>\n<p><em><strong>\u201cLo que se sabe es las mujeres tambi\u00e9n sufren de abusos sexuales\u201d,<\/strong><\/em> dice Mart\u00ednez.<\/p>\n<p>&nbsp;<\/p>\n<p>&nbsp;<\/p>\n<p>Las autoridades policiales guatemaltecas indicaron que mantienen presencia con 47 agentes en los albergues ubicados en los caser\u00edos Ampliaci\u00f3n Nueva Reforma, Monte Rico y Uni\u00f3n Frontera, de Aldea la Laguna, Cuilco, Huehuetenango. En total, 668 agentes se encuentran de manera permanente en Huehuetenango para evitar que grupos armados ingresen por ese departamento.<\/p>\n<p>&nbsp;<\/p>\n<p>&nbsp;<\/p>\n<p>Tambi\u00e9n se inform\u00f3 que la PNC dio acompa\u00f1amiento a Jos\u00e9 Francisco y Jos\u00e9 Manuel Armando, ambos representantes del consulado mexicano ubicado en Tec\u00fan Um\u00e1n, San Marcos, quienes verificaron un nuevo albergue en Jocotitl\u00e1n, las Pilas, Cuilco.<\/p>\n<p>&nbsp;<\/p>\n<p>&nbsp;<\/p>\n<p>&nbsp;<\/p>\n<p>El viernes \u00faltimo, <strong>\u201cEl Mayo\u201d<\/strong> Zambada se declar\u00f3<em><strong> \u00abno culpable\u00bb<\/strong><\/em> de todos los cargos, entre los que figuran narcotr\u00e1fico, blanqueo de dinero y conspiraci\u00f3n para cometer asesinato, seg\u00fan un documento transmitido por su abogado a una corte de El Paso.<\/p>\n<p>&nbsp;<\/p>\n<p>&nbsp;<\/p>\n<p>Mientras, el presidente de Estados Unidos, Joe Biden, presumi\u00f3 en comunicado de haber asestado un duro golpe al c\u00e1rtel de Sinaloa, <em><strong>\u00abuna de las empresas m\u00e1s mort\u00edferas del mundo\u00bb.<\/strong><\/em><\/p>\n<p>&nbsp;<\/p>\n<p>&nbsp;<\/p>\n<p>En su rueda de prensa, el mandatario mexicano, Andr\u00e9s Manuel L\u00f3pez Obrador, pidi\u00f3 a Washington<em><strong> \u00abun informe completo\u00bb<\/strong> <\/em>al afirmar que M\u00e9xico no particip\u00f3 en el operativo y <strong><em>\u00abtiene que haber transparencia\u00bb.<\/em><\/strong><\/p>\n<p>&nbsp;<\/p>\n<p>&nbsp;<\/p>\n<p>Tambi\u00e9n aclar\u00f3 que no hay <strong><em>\u00abdesconfianza\u00bb<\/em><\/strong> hacia la operaci\u00f3n de las autoridades estadounidenses para capturar a Zambada, pero record\u00f3 que siempre ha <strong><em>\u00abpedido que haya respeto\u00bb.<\/em><\/strong><\/p>\n<p>&nbsp;<\/p>\n<p>&nbsp;<\/p>\n<p>Las actividades en la ciudad de Culiac\u00e1n, capital de Sinaloa, hasta ayer s\u00e1bado transcurr\u00edan en calma, aunque la secretar\u00eda de Defensa envi\u00f3 a dicho estado 200 efectivos de las fuerzas especiales del ej\u00e9rcito.<\/p>\n<p>&nbsp;<\/p>\n<p>&nbsp;<\/p>\n<p><em><strong>\u00abVamos a estar alerta, esa es la idea, tener gente suficiente que pueda reaccionar ante cualquier situaci\u00f3n que desborde la inseguridad\u00bb,<\/strong> <\/em>dijo a periodistas Porfirio Fuentes, jefe militar de la zona, quien no descart\u00f3 una <em><strong>\u00abdisputa\u00bb<\/strong><\/em> entre las tres facciones que conforman el c\u00e1rtel para asumir el control.<\/p>\n<p>&nbsp;<\/p>\n<p>&nbsp;<\/p>\n<p>&nbsp;<\/p>\n<p>PUBLICADO EL 28 DE JULIO DE 2024 Con informaci\u00f3n de jos\u00e9 Manuel Patz\u00e1n \/Prensa Libre)<\/p>\n","protected":false},"excerpt":{"rendered":"<p>CIUDAD DE M\u00c9XICO. MX.\u2014 \u00a0La captura de Ismael \u201cEl Mayo\u201d Zambada, generar\u00eda conflictos a lo&#8230;<\/p>\n","protected":false},"author":1,"featured_media":195593,"comment_status":"open","ping_status":"open","sticky":false,"template":"","format":"standard","meta":{"_monsterinsights_skip_tracking":false,"_monsterinsights_sitenote_active":false,"_monsterinsights_sitenote_note":"","_monsterinsights_sitenote_category":0,"footnotes":""},"categories":[3],"tags":[],"class_list":["post"],"yoast_head":" \n<title>Sonora en Equipo. El ej\u00e9rcito guatemalteco alerta por efectos de la captura de Ismael &quot;El Mayo&quot; Zambada MUNDO<\/title>\n<meta name=\"description\" content=\"CIUDAD DE M\u00c9XICO. MX.\u2014 \u00a0La captura de Ismael \u201cEl Mayo\u201d Zambada, generar\u00eda conflictos a lo interno del c\u00e1rtel de Sinaloa por la disputa de poder, violencia En Sonora en Equipo publicamos toda la informaci\u00f3n de Sonora, M\u00e9xico y el Mundo de manera oportuna y busca que la libertad de expresi\u00f3n sea real. Visita nuestro medio informativo publicado desde Hermosillo, Sonora. %\" \/>\n<meta name=\"robots\" content=\"index, follow, max-snippet:-1, max-image-preview:large, max-video-preview:-1\" \/>\n<link rel=\"canonical\" href=\"https:\/\/www.sonoraenequipo.com.mx\/el-ejercito-guatemalteco-alerta-por-efectos-de-la-captura-de-ismael-el-mayo-zambada\/\" \/>\n<meta property=\"og:locale\" content=\"es_ES\" \/>\n<meta property=\"og:type\" content=\"article\" \/>\n<meta property=\"og:title\" content=\"Sonora en Equipo. El ej\u00e9rcito guatemalteco alerta por efectos de la captura de Ismael &quot;El Mayo&quot; Zambada MUNDO\" \/>\n<meta property=\"og:description\" content=\"CIUDAD DE M\u00c9XICO. MX.\u2014 \u00a0La captura de Ismael \u201cEl Mayo\u201d Zambada, generar\u00eda conflictos a lo interno del c\u00e1rtel de Sinaloa por la disputa de poder, violencia En Sonora en Equipo publicamos toda la informaci\u00f3n de Sonora, M\u00e9xico y el Mundo de manera oportuna y busca que la libertad de expresi\u00f3n sea real. Visita nuestro medio informativo publicado desde Hermosillo, Sonora. %\" \/>\n<meta property=\"og:url\" content=\"https:\/\/www.sonoraenequipo.com.mx\/el-ejercito-guatemalteco-alerta-por-efectos-de-la-captura-de-ismael-el-mayo-zambada\/\" \/>\n<meta property=\"og:site_name\" content=\"Sonora en Equipo.\" \/>\n<meta property=\"article:publisher\" content=\"https:\/\/www.facebook.com\/SonoraEE\/\" \/>\n<meta property=\"article:author\" content=\"https:\/\/www.facebook.com\/SonoraEE\" \/>\n<meta property=\"article:published_time\" content=\"2024-07-28T14:23:03+00:00\" \/>\n<meta property=\"article:modified_time\" content=\"2024-07-29T01:21:17+00:00\" \/>\n<meta property=\"og:image\" content=\"https:\/\/www.sonoraenequipo.com.mx\/storage\/2024\/07\/el-mayo-zambada-a-los-76-min.jpg\" \/>\n\t<meta property=\"og:image:width\" content=\"900\" \/>\n\t<meta property=\"og:image:height\" content=\"525\" \/>\n\t<meta property=\"og:image:type\" content=\"image\/jpeg\" \/>\n<meta name=\"author\" content=\"enequipo\" \/>\n<meta name=\"twitter:card\" content=\"summary_large_image\" \/>\n<meta name=\"twitter:creator\" content=\"@sonoraenequipo\" \/>\n<meta name=\"twitter:site\" content=\"@sonoraenequipo\" \/>\n<meta name=\"twitter:label1\" content=\"Escrito por\" \/>\n\t<meta name=\"twitter:data1\" content=\"enequipo\" \/>\n\t<meta name=\"twitter:label2\" content=\"Tiempo de lectura\" \/>\n\t<meta name=\"twitter:data2\" content=\"5 minutos\" \/>\n<script type=\"application\/ld+json\" class=\"yoast-schema-graph\">{\"@context\":\"https:\/\/schema.org\",\"@graph\":[{\"@type\":\"Article\",\"@id\":\"https:\/\/www.sonoraenequipo.com.mx\/el-ejercito-guatemalteco-alerta-por-efectos-de-la-captura-de-ismael-el-mayo-zambada\/#article\",\"isPartOf\":{\"@id\":\"https:\/\/www.sonoraenequipo.com.mx\/el-ejercito-guatemalteco-alerta-por-efectos-de-la-captura-de-ismael-el-mayo-zambada\/\"},\"author\":{\"name\":\"enequipo\",\"@id\":\"https:\/\/www.sonoraenequipo.com.mx\/#\/schema\/person\/50102df0fb23a8fa9e8effad8fa81386\"},\"headline\":\"El ej\u00e9rcito guatemalteco alerta por efectos de la captura de Ismael \u00abEl Mayo\u00bb Zambada\",\"datePublished\":\"2024-07-28T14:23:03+00:00\",\"dateModified\":\"2024-07-29T01:21:17+00:00\",\"mainEntityOfPage\":{\"@id\":\"https:\/\/www.sonoraenequipo.com.mx\/el-ejercito-guatemalteco-alerta-por-efectos-de-la-captura-de-ismael-el-mayo-zambada\/\"},\"wordCount\":1103,\"commentCount\":0,\"publisher\":{\"@id\":\"https:\/\/www.sonoraenequipo.com.mx\/#organization\"},\"image\":{\"@id\":\"https:\/\/www.sonoraenequipo.com.mx\/el-ejercito-guatemalteco-alerta-por-efectos-de-la-captura-de-ismael-el-mayo-zambada\/#primaryimage\"},\"thumbnailUrl\":\"https:\/\/www.sonoraenequipo.com.mx\/storage\/2024\/07\/el-mayo-zambada-a-los-76-min.jpg\",\"articleSection\":[\"MUNDO\"],\"inLanguage\":\"es\",\"potentialAction\":[{\"@type\":\"CommentAction\",\"name\":\"Comment\",\"target\":[\"https:\/\/www.sonoraenequipo.com.mx\/el-ejercito-guatemalteco-alerta-por-efectos-de-la-captura-de-ismael-el-mayo-zambada\/#respond\"]}]},{\"@type\":\"WebPage\",\"@id\":\"https:\/\/www.sonoraenequipo.com.mx\/el-ejercito-guatemalteco-alerta-por-efectos-de-la-captura-de-ismael-el-mayo-zambada\/\",\"url\":\"https:\/\/www.sonoraenequipo.com.mx\/el-ejercito-guatemalteco-alerta-por-efectos-de-la-captura-de-ismael-el-mayo-zambada\/\",\"name\":\"Sonora en Equipo. El ej\u00e9rcito guatemalteco alerta por efectos de la captura de Ismael \\\"El Mayo\\\" Zambada MUNDO\",\"isPartOf\":{\"@id\":\"https:\/\/www.sonoraenequipo.com.mx\/#website\"},\"primaryImageOfPage\":{\"@id\":\"https:\/\/www.sonoraenequipo.com.mx\/el-ejercito-guatemalteco-alerta-por-efectos-de-la-captura-de-ismael-el-mayo-zambada\/#primaryimage\"},\"image\":{\"@id\":\"https:\/\/www.sonoraenequipo.com.mx\/el-ejercito-guatemalteco-alerta-por-efectos-de-la-captura-de-ismael-el-mayo-zambada\/#primaryimage\"},\"thumbnailUrl\":\"https:\/\/www.sonoraenequipo.com.mx\/storage\/2024\/07\/el-mayo-zambada-a-los-76-min.jpg\",\"datePublished\":\"2024-07-28T14:23:03+00:00\",\"dateModified\":\"2024-07-29T01:21:17+00:00\",\"description\":\"CIUDAD DE M\u00c9XICO. MX.\u2014 \u00a0La captura de Ismael \u201cEl Mayo\u201d Zambada, generar\u00eda conflictos a lo interno del c\u00e1rtel de Sinaloa por la disputa de poder, violencia En Sonora en Equipo publicamos toda la informaci\u00f3n de Sonora, M\u00e9xico y el Mundo de manera oportuna y busca que la libertad de expresi\u00f3n sea real. Visita nuestro medio informativo publicado desde Hermosillo, Sonora. %\",\"breadcrumb\":{\"@id\":\"https:\/\/www.sonoraenequipo.com.mx\/el-ejercito-guatemalteco-alerta-por-efectos-de-la-captura-de-ismael-el-mayo-zambada\/#breadcrumb\"},\"inLanguage\":\"es\",\"potentialAction\":[{\"@type\":\"ReadAction\",\"target\":[\"https:\/\/www.sonoraenequipo.com.mx\/el-ejercito-guatemalteco-alerta-por-efectos-de-la-captura-de-ismael-el-mayo-zambada\/\"]}]},{\"@type\":\"ImageObject\",\"inLanguage\":\"es\",\"@id\":\"https:\/\/www.sonoraenequipo.com.mx\/el-ejercito-guatemalteco-alerta-por-efectos-de-la-captura-de-ismael-el-mayo-zambada\/#primaryimage\",\"url\":\"https:\/\/www.sonoraenequipo.com.mx\/storage\/2024\/07\/el-mayo-zambada-a-los-76-min.jpg\",\"contentUrl\":\"https:\/\/www.sonoraenequipo.com.mx\/storage\/2024\/07\/el-mayo-zambada-a-los-76-min.jpg\",\"width\":900,\"height\":525},{\"@type\":\"BreadcrumbList\",\"@id\":\"https:\/\/www.sonoraenequipo.com.mx\/el-ejercito-guatemalteco-alerta-por-efectos-de-la-captura-de-ismael-el-mayo-zambada\/#breadcrumb\",\"itemListElement\":[{\"@type\":\"ListItem\",\"position\":1,\"name\":\"Portada\",\"item\":\"https:\/\/www.sonoraenequipo.com.mx\/\"},{\"@type\":\"ListItem\",\"position\":2,\"name\":\"El ej\u00e9rcito guatemalteco alerta por efectos de la captura de Ismael \u00abEl Mayo\u00bb Zambada\"}]},{\"@type\":\"WebSite\",\"@id\":\"https:\/\/www.sonoraenequipo.com.mx\/#website\",\"url\":\"https:\/\/www.sonoraenequipo.com.mx\/\",\"name\":\"Sonora en Equipo.\",\"description\":\"Diario en l\u00ednea con Noticias desde Hermosillo, Sonora\",\"publisher\":{\"@id\":\"https:\/\/www.sonoraenequipo.com.mx\/#organization\"},\"potentialAction\":[{\"@type\":\"SearchAction\",\"target\":{\"@type\":\"EntryPoint\",\"urlTemplate\":\"https:\/\/www.sonoraenequipo.com.mx\/?s={search_term_string}\"},\"query-input\":{\"@type\":\"PropertyValueSpecification\",\"valueRequired\":true,\"valueName\":\"search_term_string\"}}],\"inLanguage\":\"es\"},{\"@type\":\"Organization\",\"@id\":\"https:\/\/www.sonoraenequipo.com.mx\/#organization\",\"name\":\"Sonoraenequipo.com.mx\",\"url\":\"https:\/\/www.sonoraenequipo.com.mx\/\",\"logo\":{\"@type\":\"ImageObject\",\"inLanguage\":\"es\",\"@id\":\"https:\/\/www.sonoraenequipo.com.mx\/#\/schema\/logo\/image\/\",\"url\":\"https:\/\/www.sonoraenequipo.com.mx\/storage\/2019\/01\/sonoraenequipo_opt.png\",\"contentUrl\":\"https:\/\/www.sonoraenequipo.com.mx\/storage\/2019\/01\/sonoraenequipo_opt.png\",\"width\":375,\"height\":125,\"caption\":\"Sonoraenequipo.com.mx\"},\"image\":{\"@id\":\"https:\/\/www.sonoraenequipo.com.mx\/#\/schema\/logo\/image\/\"},\"sameAs\":[\"https:\/\/www.facebook.com\/SonoraEE\/\",\"https:\/\/x.com\/sonoraenequipo\",\"https:\/\/www.youtube.com\/channel\/UC338nW-lPEYmJQs4ZABQ1SQ\"]},{\"@type\":\"Person\",\"@id\":\"https:\/\/www.sonoraenequipo.com.mx\/#\/schema\/person\/50102df0fb23a8fa9e8effad8fa81386\",\"name\":\"enequipo\",\"image\":{\"@type\":\"ImageObject\",\"inLanguage\":\"es\",\"@id\":\"https:\/\/www.sonoraenequipo.com.mx\/#\/schema\/person\/image\/\",\"url\":\"https:\/\/secure.gravatar.com\/avatar\/049821681b589dabc0bc20695993ccebb09f5b5d4d790cd9251b97faac7c652b?s=96&d=blank&r=g\",\"contentUrl\":\"https:\/\/secure.gravatar.com\/avatar\/049821681b589dabc0bc20695993ccebb09f5b5d4d790cd9251b97faac7c652b?s=96&d=blank&r=g\",\"caption\":\"enequipo\"},\"sameAs\":[\"https:\/\/www.facebook.com\/SonoraEE\"]}]}<\/script>\n ","yoast_head_json":{"title":"Sonora en Equipo. El ej\u00e9rcito guatemalteco alerta por efectos de la captura de Ismael \"El Mayo\" Zambada MUNDO","description":"CIUDAD DE M\u00c9XICO. MX.\u2014 \u00a0La captura de Ismael \u201cEl Mayo\u201d Zambada, generar\u00eda conflictos a lo interno del c\u00e1rtel de Sinaloa por la disputa de poder, violencia En Sonora en Equipo publicamos toda la informaci\u00f3n de Sonora, M\u00e9xico y el Mundo de manera oportuna y busca que la libertad de expresi\u00f3n sea real. Visita nuestro medio informativo publicado desde Hermosillo, Sonora. %","robots":{"index":"index","follow":"follow","max-snippet":"max-snippet:-1","max-image-preview":"max-image-preview:large","max-video-preview":"max-video-preview:-1"},"canonical":"https:\/\/www.sonoraenequipo.com.mx\/el-ejercito-guatemalteco-alerta-por-efectos-de-la-captura-de-ismael-el-mayo-zambada\/","og_locale":"es_ES","og_type":"article","og_title":"Sonora en Equipo. El ej\u00e9rcito guatemalteco alerta por efectos de la captura de Ismael \"El Mayo\" Zambada MUNDO","og_description":"CIUDAD DE M\u00c9XICO. MX.\u2014 \u00a0La captura de Ismael \u201cEl Mayo\u201d Zambada, generar\u00eda conflictos a lo interno del c\u00e1rtel de Sinaloa por la disputa de poder, violencia En Sonora en Equipo publicamos toda la informaci\u00f3n de Sonora, M\u00e9xico y el Mundo de manera oportuna y busca que la libertad de expresi\u00f3n sea real. Visita nuestro medio informativo publicado desde Hermosillo, Sonora. %","og_url":"https:\/\/www.sonoraenequipo.com.mx\/el-ejercito-guatemalteco-alerta-por-efectos-de-la-captura-de-ismael-el-mayo-zambada\/","og_site_name":"Sonora en Equipo.","article_publisher":"https:\/\/www.facebook.com\/SonoraEE\/","article_author":"https:\/\/www.facebook.com\/SonoraEE","article_published_time":"2024-07-28T14:23:03+00:00","article_modified_time":"2024-07-29T01:21:17+00:00","og_image":[{"width":900,"height":525,"url":"https:\/\/www.sonoraenequipo.com.mx\/storage\/2024\/07\/el-mayo-zambada-a-los-76-min.jpg","type":"image\/jpeg"}],"author":"enequipo","twitter_card":"summary_large_image","twitter_creator":"@sonoraenequipo","twitter_site":"@sonoraenequipo","twitter_misc":{"Escrito por":"enequipo","Tiempo de lectura":"5 minutos"},"schema":{"@context":"https:\/\/schema.org","@graph":[{"@type":"Article","@id":"https:\/\/www.sonoraenequipo.com.mx\/el-ejercito-guatemalteco-alerta-por-efectos-de-la-captura-de-ismael-el-mayo-zambada\/#article","isPartOf":{"@id":"https:\/\/www.sonoraenequipo.com.mx\/el-ejercito-guatemalteco-alerta-por-efectos-de-la-captura-de-ismael-el-mayo-zambada\/"},"author":{"name":"enequipo","@id":"https:\/\/www.sonoraenequipo.com.mx\/#\/schema\/person\/50102df0fb23a8fa9e8effad8fa81386"},"headline":"El ej\u00e9rcito guatemalteco alerta por efectos de la captura de Ismael \u00abEl Mayo\u00bb Zambada","datePublished":"2024-07-28T14:23:03+00:00","dateModified":"2024-07-29T01:21:17+00:00","mainEntityOfPage":{"@id":"https:\/\/www.sonoraenequipo.com.mx\/el-ejercito-guatemalteco-alerta-por-efectos-de-la-captura-de-ismael-el-mayo-zambada\/"},"wordCount":1103,"commentCount":0,"publisher":{"@id":"https:\/\/www.sonoraenequipo.com.mx\/#organization"},"image":{"@id":"https:\/\/www.sonoraenequipo.com.mx\/el-ejercito-guatemalteco-alerta-por-efectos-de-la-captura-de-ismael-el-mayo-zambada\/#primaryimage"},"thumbnailUrl":"https:\/\/www.sonoraenequipo.com.mx\/storage\/2024\/07\/el-mayo-zambada-a-los-76-min.jpg","articleSection":["MUNDO"],"inLanguage":"es","potentialAction":[{"@type":"CommentAction","name":"Comment","target":["https:\/\/www.sonoraenequipo.com.mx\/el-ejercito-guatemalteco-alerta-por-efectos-de-la-captura-de-ismael-el-mayo-zambada\/#respond"]}]},{"@type":"WebPage","@id":"https:\/\/www.sonoraenequipo.com.mx\/el-ejercito-guatemalteco-alerta-por-efectos-de-la-captura-de-ismael-el-mayo-zambada\/","url":"https:\/\/www.sonoraenequipo.com.mx\/el-ejercito-guatemalteco-alerta-por-efectos-de-la-captura-de-ismael-el-mayo-zambada\/","name":"Sonora en Equipo. El ej\u00e9rcito guatemalteco alerta por efectos de la captura de Ismael \"El Mayo\" Zambada MUNDO","isPartOf":{"@id":"https:\/\/www.sonoraenequipo.com.mx\/#website"},"primaryImageOfPage":{"@id":"https:\/\/www.sonoraenequipo.com.mx\/el-ejercito-guatemalteco-alerta-por-efectos-de-la-captura-de-ismael-el-mayo-zambada\/#primaryimage"},"image":{"@id":"https:\/\/www.sonoraenequipo.com.mx\/el-ejercito-guatemalteco-alerta-por-efectos-de-la-captura-de-ismael-el-mayo-zambada\/#primaryimage"},"thumbnailUrl":"https:\/\/www.sonoraenequipo.com.mx\/storage\/2024\/07\/el-mayo-zambada-a-los-76-min.jpg","datePublished":"2024-07-28T14:23:03+00:00","dateModified":"2024-07-29T01:21:17+00:00","description":"CIUDAD DE M\u00c9XICO. MX.\u2014 \u00a0La captura de Ismael \u201cEl Mayo\u201d Zambada, generar\u00eda conflictos a lo interno del c\u00e1rtel de Sinaloa por la disputa de poder, violencia En Sonora en Equipo publicamos toda la informaci\u00f3n de Sonora, M\u00e9xico y el Mundo de manera oportuna y busca que la libertad de expresi\u00f3n sea real. Visita nuestro medio informativo publicado desde Hermosillo, Sonora. %","breadcrumb":{"@id":"https:\/\/www.sonoraenequipo.com.mx\/el-ejercito-guatemalteco-alerta-por-efectos-de-la-captura-de-ismael-el-mayo-zambada\/#breadcrumb"},"inLanguage":"es","potentialAction":[{"@type":"ReadAction","target":["https:\/\/www.sonoraenequipo.com.mx\/el-ejercito-guatemalteco-alerta-por-efectos-de-la-captura-de-ismael-el-mayo-zambada\/"]}]},{"@type":"ImageObject","inLanguage":"es","@id":"https:\/\/www.sonoraenequipo.com.mx\/el-ejercito-guatemalteco-alerta-por-efectos-de-la-captura-de-ismael-el-mayo-zambada\/#primaryimage","url":"https:\/\/www.sonoraenequipo.com.mx\/storage\/2024\/07\/el-mayo-zambada-a-los-76-min.jpg","contentUrl":"https:\/\/www.sonoraenequipo.com.mx\/storage\/2024\/07\/el-mayo-zambada-a-los-76-min.jpg","width":900,"height":525},{"@type":"BreadcrumbList","@id":"https:\/\/www.sonoraenequipo.com.mx\/el-ejercito-guatemalteco-alerta-por-efectos-de-la-captura-de-ismael-el-mayo-zambada\/#breadcrumb","itemListElement":[{"@type":"ListItem","position":1,"name":"Portada","item":"https:\/\/www.sonoraenequipo.com.mx\/"},{"@type":"ListItem","position":2,"name":"El ej\u00e9rcito guatemalteco alerta por efectos de la captura de Ismael \u00abEl Mayo\u00bb Zambada"}]},{"@type":"WebSite","@id":"https:\/\/www.sonoraenequipo.com.mx\/#website","url":"https:\/\/www.sonoraenequipo.com.mx\/","name":"Sonora en Equipo.","description":"Diario en l\u00ednea con Noticias desde Hermosillo, Sonora","publisher":{"@id":"https:\/\/www.sonoraenequipo.com.mx\/#organization"},"potentialAction":[{"@type":"SearchAction","target":{"@type":"EntryPoint","urlTemplate":"https:\/\/www.sonoraenequipo.com.mx\/?s={search_term_string}"},"query-input":{"@type":"PropertyValueSpecification","valueRequired":true,"valueName":"search_term_string"}}],"inLanguage":"es"},{"@type":"Organization","@id":"https:\/\/www.sonoraenequipo.com.mx\/#organization","name":"Sonoraenequipo.com.mx","url":"https:\/\/www.sonoraenequipo.com.mx\/","logo":{"@type":"ImageObject","inLanguage":"es","@id":"https:\/\/www.sonoraenequipo.com.mx\/#\/schema\/logo\/image\/","url":"https:\/\/www.sonoraenequipo.com.mx\/storage\/2019\/01\/sonoraenequipo_opt.png","contentUrl":"https:\/\/www.sonoraenequipo.com.mx\/storage\/2019\/01\/sonoraenequipo_opt.png","width":375,"height":125,"caption":"Sonoraenequipo.com.mx"},"image":{"@id":"https:\/\/www.sonoraenequipo.com.mx\/#\/schema\/logo\/image\/"},"sameAs":["https:\/\/www.facebook.com\/SonoraEE\/","https:\/\/x.com\/sonoraenequipo","https:\/\/www.youtube.com\/channel\/UC338nW-lPEYmJQs4ZABQ1SQ"]},{"@type":"Person","@id":"https:\/\/www.sonoraenequipo.com.mx\/#\/schema\/person\/50102df0fb23a8fa9e8effad8fa81386","name":"enequipo","image":{"@type":"ImageObject","inLanguage":"es","@id":"https:\/\/www.sonoraenequipo.com.mx\/#\/schema\/person\/image\/","url":"https:\/\/secure.gravatar.com\/avatar\/049821681b589dabc0bc20695993ccebb09f5b5d4d790cd9251b97faac7c652b?s=96&d=blank&r=g","contentUrl":"https:\/\/secure.gravatar.com\/avatar\/049821681b589dabc0bc20695993ccebb09f5b5d4d790cd9251b97faac7c652b?s=96&d=blank&r=g","caption":"enequipo"},"sameAs":["https:\/\/www.facebook.com\/SonoraEE"]}]}},"jetpack_featured_media_url":"https:\/\/www.sonoraenequipo.com.mx\/storage\/2024\/07\/el-mayo-zambada-a-los-76-min.jpg","_links":{"self":[{"href":"https:\/\/www.sonoraenequipo.com.mx\/api\/wp\/v2\/posts\/195592","targetHints":{"allow":["GET"]}}],"collection":[{"href":"https:\/\/www.sonoraenequipo.com.mx\/api\/wp\/v2\/posts"}],"about":[{"href":"https:\/\/www.sonoraenequipo.com.mx\/api\/wp\/v2\/types\/post"}],"author":[{"embeddable":true,"href":"https:\/\/www.sonoraenequipo.com.mx\/api\/wp\/v2\/users\/1"}],"replies":[{"embeddable":true,"href":"https:\/\/www.sonoraenequipo.com.mx\/api\/wp\/v2\/comments?post=195592"}],"version-history":[{"count":1,"href":"https:\/\/www.sonoraenequipo.com.mx\/api\/wp\/v2\/posts\/195592\/revisions"}],"predecessor-version":[{"id":195595,"href":"https:\/\/www.sonoraenequipo.com.mx\/api\/wp\/v2\/posts\/195592\/revisions\/195595"}],"wp:featuredmedia":[{"embeddable":true,"href":"https:\/\/www.sonoraenequipo.com.mx\/api\/wp\/v2\/media\/195593"}],"wp:attachment":[{"href":"https:\/\/www.sonoraenequipo.com.mx\/api\/wp\/v2\/media?parent=195592"}],"wp:term":[{"taxonomy":"category","embeddable":true,"href":"https:\/\/www.sonoraenequipo.com.mx\/api\/wp\/v2\/categories?post=195592"},{"taxonomy":"post_tag","embeddable":true,"href":"https:\/\/www.sonoraenequipo.com.mx\/api\/wp\/v2\/tags?post=195592"}],"curies":[{"name":"wp","href":"https:\/\/api.w.org\/{rel}","templated":true}]}}