{"id":195604,"date":"2024-07-28T10:10:00","date_gmt":"2024-07-28T17:10:00","guid":{"rendered":"https:\/\/www.sonoraenequipo.com.mx\/?p=195604"},"modified":"2024-07-28T19:12:34","modified_gmt":"2024-07-29T02:12:34","slug":"habra-respeto-y-verdad-en-proxima-reunion-con-padres-de-los-43-amlo","status":"publish","type":"post","link":"https:\/\/www.sonoraenequipo.com.mx\/habra-respeto-y-verdad-en-proxima-reunion-con-padres-de-los-43-amlo\/","title":{"rendered":"Habr\u00e1 respeto y verdad en pr\u00f3xima reuni\u00f3n con padres de los 43: AMLO"},"content":{"rendered":"<p><strong>MARQUELIA, GUERRERO. MX. \u2014 <\/strong>En v\u00edspera de una nueva reuni\u00f3n que tendr\u00e1 con los padres de los 43 normalistas de Ayotzinapa, el presidente Andr\u00e9s Manuel L\u00f3pez Obrador asegur\u00f3 que se les tratar\u00e1 con respeto y se les hablar\u00e1 con la verdad.<\/p>\n<p> <\/p>\n<p>En breve entrevista en su camino hacia Cuajinicuilapa, donde inaugurar\u00e1 un tramo de la Carretera Las Cruces \u2013 Pinotepa Nacional, el jefe del Ejecutivo indic\u00f3 que en el encuentro con las familias ma\u00f1ana en Palacio Nacional seguir\u00e1 informando sobre las indagatorias por los cr\u00edmenes contra los normalistas acaecidos en septiembre de 2014.<\/p>\n<p>L\u00f3pez Obrador viaja con su futura sucesora, Claudia Sheinbaum, como parte de la gira que realizan por esta entidad.<\/p>\n<p><strong>-\u00bfQu\u00e9 expectativa pueden tener los padres de los normalistas de la reuni\u00f3n de ma\u00f1ana? -se le pregunt\u00f3.<\/strong><\/p>\n<p><em><strong>-Como siempre respeto, hablarles con la verdad, informarles c\u00f3mo va la investigaci\u00f3n -indic\u00f3 el mandatario.<\/strong><\/em><\/p>\n<p>El tabasque\u00f1o fue detenido unos instantes por campesinos de esta zona de Marquelia, quienes le pidieron que tambi\u00e9n sean beneficiados con caminos en sus comunidades.<\/p>\n<p>De su lado, Sheinbaum, que ma\u00f1ana tambi\u00e9n se reunir\u00e1 en una sesi\u00f3n aparte con los familiares de los normalistas, asegur\u00f3 brevemente que ma\u00f1ana se dar\u00edan detalles.<\/p>\n<p>PUBLICADO EL 28 DE JULIO DE 2024 Con informaci\u00f3n de Emir Olivares)<\/p>\n","protected":false},"excerpt":{"rendered":"<p>MARQUELIA, GUERRERO. MX. \u2014 En v\u00edspera de una nueva reuni\u00f3n que tendr\u00e1 con los padres&#8230;<\/p>\n","protected":false},"author":1,"featured_media":195605,"comment_status":"open","ping_status":"open","sticky":false,"template":"","format":"standard","meta":{"_monsterinsights_skip_tracking":false,"_monsterinsights_sitenote_active":false,"_monsterinsights_sitenote_note":"","_monsterinsights_sitenote_category":0,"footnotes":""},"categories":[5],"tags":[],"class_list":["post"],"yoast_head":" \n<title>Sonora en Equipo. Habr\u00e1 respeto y verdad en pr\u00f3xima reuni\u00f3n con padres de los 43: AMLO Rep\u00fablica<\/title>\n<meta name=\"description\" content=\"MARQUELIA, GUERRERO. MX. \u2014 En v\u00edspera de una nueva reuni\u00f3n que tendr\u00e1 con los padres de los 43 normalistas de Ayotzinapa, el presidente Andr\u00e9s Manuel En Sonora en Equipo publicamos toda la informaci\u00f3n de Sonora, M\u00e9xico y el Mundo de manera oportuna y busca que la libertad de expresi\u00f3n sea real. Visita nuestro medio informativo publicado desde Hermosillo, Sonora. %\" \/>\n<meta name=\"robots\" content=\"index, follow, max-snippet:-1, max-image-preview:large, max-video-preview:-1\" \/>\n<link rel=\"canonical\" href=\"https:\/\/www.sonoraenequipo.com.mx\/habra-respeto-y-verdad-en-proxima-reunion-con-padres-de-los-43-amlo\/\" \/>\n<meta property=\"og:locale\" content=\"es_ES\" \/>\n<meta property=\"og:type\" content=\"article\" \/>\n<meta property=\"og:title\" content=\"Sonora en Equipo. Habr\u00e1 respeto y verdad en pr\u00f3xima reuni\u00f3n con padres de los 43: AMLO Rep\u00fablica\" \/>\n<meta property=\"og:description\" content=\"MARQUELIA, GUERRERO. MX. \u2014 En v\u00edspera de una nueva reuni\u00f3n que tendr\u00e1 con los padres de los 43 normalistas de Ayotzinapa, el presidente Andr\u00e9s Manuel En Sonora en Equipo publicamos toda la informaci\u00f3n de Sonora, M\u00e9xico y el Mundo de manera oportuna y busca que la libertad de expresi\u00f3n sea real. Visita nuestro medio informativo publicado desde Hermosillo, Sonora. %\" \/>\n<meta property=\"og:url\" content=\"https:\/\/www.sonoraenequipo.com.mx\/habra-respeto-y-verdad-en-proxima-reunion-con-padres-de-los-43-amlo\/\" \/>\n<meta property=\"og:site_name\" content=\"Sonora en Equipo.\" \/>\n<meta property=\"article:publisher\" content=\"https:\/\/www.facebook.com\/SonoraEE\/\" \/>\n<meta property=\"article:author\" content=\"https:\/\/www.facebook.com\/SonoraEE\" \/>\n<meta property=\"article:published_time\" content=\"2024-07-28T17:10:00+00:00\" \/>\n<meta property=\"article:modified_time\" content=\"2024-07-29T02:12:34+00:00\" \/>\n<meta property=\"og:image\" content=\"https:\/\/www.sonoraenequipo.com.mx\/storage\/2024\/07\/Hablara-con-la-verdad-y-respeto-a-padres-de-Ayotzinapa-min.jpg\" \/>\n\t<meta property=\"og:image:width\" content=\"927\" \/>\n\t<meta property=\"og:image:height\" content=\"540\" \/>\n\t<meta property=\"og:image:type\" content=\"image\/jpeg\" \/>\n<meta name=\"author\" content=\"enequipo\" \/>\n<meta name=\"twitter:card\" content=\"summary_large_image\" \/>\n<meta name=\"twitter:creator\" content=\"@sonoraenequipo\" \/>\n<meta name=\"twitter:site\" content=\"@sonoraenequipo\" \/>\n<meta name=\"twitter:label1\" content=\"Escrito por\" \/>\n\t<meta name=\"twitter:data1\" content=\"enequipo\" \/>\n\t<meta name=\"twitter:label2\" content=\"Tiempo de lectura\" \/>\n\t<meta name=\"twitter:data2\" content=\"1 minuto\" \/>\n<script type=\"application\/ld+json\" class=\"yoast-schema-graph\">{\"@context\":\"https:\/\/schema.org\",\"@graph\":[{\"@type\":\"Article\",\"@id\":\"https:\/\/www.sonoraenequipo.com.mx\/habra-respeto-y-verdad-en-proxima-reunion-con-padres-de-los-43-amlo\/#article\",\"isPartOf\":{\"@id\":\"https:\/\/www.sonoraenequipo.com.mx\/habra-respeto-y-verdad-en-proxima-reunion-con-padres-de-los-43-amlo\/\"},\"author\":{\"name\":\"enequipo\",\"@id\":\"https:\/\/www.sonoraenequipo.com.mx\/#\/schema\/person\/50102df0fb23a8fa9e8effad8fa81386\"},\"headline\":\"Habr\u00e1 respeto y verdad en pr\u00f3xima reuni\u00f3n con padres de los 43: AMLO\",\"datePublished\":\"2024-07-28T17:10:00+00:00\",\"dateModified\":\"2024-07-29T02:12:34+00:00\",\"mainEntityOfPage\":{\"@id\":\"https:\/\/www.sonoraenequipo.com.mx\/habra-respeto-y-verdad-en-proxima-reunion-con-padres-de-los-43-amlo\/\"},\"wordCount\":235,\"commentCount\":0,\"publisher\":{\"@id\":\"https:\/\/www.sonoraenequipo.com.mx\/#organization\"},\"image\":{\"@id\":\"https:\/\/www.sonoraenequipo.com.mx\/habra-respeto-y-verdad-en-proxima-reunion-con-padres-de-los-43-amlo\/#primaryimage\"},\"thumbnailUrl\":\"https:\/\/www.sonoraenequipo.com.mx\/storage\/2024\/07\/Hablara-con-la-verdad-y-respeto-a-padres-de-Ayotzinapa-min.jpg\",\"articleSection\":[\"Rep\u00fablica\"],\"inLanguage\":\"es\",\"potentialAction\":[{\"@type\":\"CommentAction\",\"name\":\"Comment\",\"target\":[\"https:\/\/www.sonoraenequipo.com.mx\/habra-respeto-y-verdad-en-proxima-reunion-con-padres-de-los-43-amlo\/#respond\"]}]},{\"@type\":\"WebPage\",\"@id\":\"https:\/\/www.sonoraenequipo.com.mx\/habra-respeto-y-verdad-en-proxima-reunion-con-padres-de-los-43-amlo\/\",\"url\":\"https:\/\/www.sonoraenequipo.com.mx\/habra-respeto-y-verdad-en-proxima-reunion-con-padres-de-los-43-amlo\/\",\"name\":\"Sonora en Equipo. Habr\u00e1 respeto y verdad en pr\u00f3xima reuni\u00f3n con padres de los 43: AMLO Rep\u00fablica\",\"isPartOf\":{\"@id\":\"https:\/\/www.sonoraenequipo.com.mx\/#website\"},\"primaryImageOfPage\":{\"@id\":\"https:\/\/www.sonoraenequipo.com.mx\/habra-respeto-y-verdad-en-proxima-reunion-con-padres-de-los-43-amlo\/#primaryimage\"},\"image\":{\"@id\":\"https:\/\/www.sonoraenequipo.com.mx\/habra-respeto-y-verdad-en-proxima-reunion-con-padres-de-los-43-amlo\/#primaryimage\"},\"thumbnailUrl\":\"https:\/\/www.sonoraenequipo.com.mx\/storage\/2024\/07\/Hablara-con-la-verdad-y-respeto-a-padres-de-Ayotzinapa-min.jpg\",\"datePublished\":\"2024-07-28T17:10:00+00:00\",\"dateModified\":\"2024-07-29T02:12:34+00:00\",\"description\":\"MARQUELIA, GUERRERO. MX. \u2014 En v\u00edspera de una nueva reuni\u00f3n que tendr\u00e1 con los padres de los 43 normalistas de Ayotzinapa, el presidente Andr\u00e9s Manuel En Sonora en Equipo publicamos toda la informaci\u00f3n de Sonora, M\u00e9xico y el Mundo de manera oportuna y busca que la libertad de expresi\u00f3n sea real. Visita nuestro medio informativo publicado desde Hermosillo, Sonora. %\",\"breadcrumb\":{\"@id\":\"https:\/\/www.sonoraenequipo.com.mx\/habra-respeto-y-verdad-en-proxima-reunion-con-padres-de-los-43-amlo\/#breadcrumb\"},\"inLanguage\":\"es\",\"potentialAction\":[{\"@type\":\"ReadAction\",\"target\":[\"https:\/\/www.sonoraenequipo.com.mx\/habra-respeto-y-verdad-en-proxima-reunion-con-padres-de-los-43-amlo\/\"]}]},{\"@type\":\"ImageObject\",\"inLanguage\":\"es\",\"@id\":\"https:\/\/www.sonoraenequipo.com.mx\/habra-respeto-y-verdad-en-proxima-reunion-con-padres-de-los-43-amlo\/#primaryimage\",\"url\":\"https:\/\/www.sonoraenequipo.com.mx\/storage\/2024\/07\/Hablara-con-la-verdad-y-respeto-a-padres-de-Ayotzinapa-min.jpg\",\"contentUrl\":\"https:\/\/www.sonoraenequipo.com.mx\/storage\/2024\/07\/Hablara-con-la-verdad-y-respeto-a-padres-de-Ayotzinapa-min.jpg\",\"width\":927,\"height\":540},{\"@type\":\"BreadcrumbList\",\"@id\":\"https:\/\/www.sonoraenequipo.com.mx\/habra-respeto-y-verdad-en-proxima-reunion-con-padres-de-los-43-amlo\/#breadcrumb\",\"itemListElement\":[{\"@type\":\"ListItem\",\"position\":1,\"name\":\"Portada\",\"item\":\"https:\/\/www.sonoraenequipo.com.mx\/\"},{\"@type\":\"ListItem\",\"position\":2,\"name\":\"Habr\u00e1 respeto y verdad en pr\u00f3xima reuni\u00f3n con padres de los 43: AMLO\"}]},{\"@type\":\"WebSite\",\"@id\":\"https:\/\/www.sonoraenequipo.com.mx\/#website\",\"url\":\"https:\/\/www.sonoraenequipo.com.mx\/\",\"name\":\"Sonora en Equipo.\",\"description\":\"Diario en l\u00ednea con Noticias desde Hermosillo, Sonora\",\"publisher\":{\"@id\":\"https:\/\/www.sonoraenequipo.com.mx\/#organization\"},\"potentialAction\":[{\"@type\":\"SearchAction\",\"target\":{\"@type\":\"EntryPoint\",\"urlTemplate\":\"https:\/\/www.sonoraenequipo.com.mx\/?s={search_term_string}\"},\"query-input\":{\"@type\":\"PropertyValueSpecification\",\"valueRequired\":true,\"valueName\":\"search_term_string\"}}],\"inLanguage\":\"es\"},{\"@type\":\"Organization\",\"@id\":\"https:\/\/www.sonoraenequipo.com.mx\/#organization\",\"name\":\"Sonoraenequipo.com.mx\",\"url\":\"https:\/\/www.sonoraenequipo.com.mx\/\",\"logo\":{\"@type\":\"ImageObject\",\"inLanguage\":\"es\",\"@id\":\"https:\/\/www.sonoraenequipo.com.mx\/#\/schema\/logo\/image\/\",\"url\":\"https:\/\/www.sonoraenequipo.com.mx\/storage\/2019\/01\/sonoraenequipo_opt.png\",\"contentUrl\":\"https:\/\/www.sonoraenequipo.com.mx\/storage\/2019\/01\/sonoraenequipo_opt.png\",\"width\":375,\"height\":125,\"caption\":\"Sonoraenequipo.com.mx\"},\"image\":{\"@id\":\"https:\/\/www.sonoraenequipo.com.mx\/#\/schema\/logo\/image\/\"},\"sameAs\":[\"https:\/\/www.facebook.com\/SonoraEE\/\",\"https:\/\/x.com\/sonoraenequipo\",\"https:\/\/www.youtube.com\/channel\/UC338nW-lPEYmJQs4ZABQ1SQ\"]},{\"@type\":\"Person\",\"@id\":\"https:\/\/www.sonoraenequipo.com.mx\/#\/schema\/person\/50102df0fb23a8fa9e8effad8fa81386\",\"name\":\"enequipo\",\"image\":{\"@type\":\"ImageObject\",\"inLanguage\":\"es\",\"@id\":\"https:\/\/www.sonoraenequipo.com.mx\/#\/schema\/person\/image\/\",\"url\":\"https:\/\/secure.gravatar.com\/avatar\/049821681b589dabc0bc20695993ccebb09f5b5d4d790cd9251b97faac7c652b?s=96&d=blank&r=g\",\"contentUrl\":\"https:\/\/secure.gravatar.com\/avatar\/049821681b589dabc0bc20695993ccebb09f5b5d4d790cd9251b97faac7c652b?s=96&d=blank&r=g\",\"caption\":\"enequipo\"},\"sameAs\":[\"https:\/\/www.facebook.com\/SonoraEE\"]}]}<\/script>\n ","yoast_head_json":{"title":"Sonora en Equipo. Habr\u00e1 respeto y verdad en pr\u00f3xima reuni\u00f3n con padres de los 43: AMLO Rep\u00fablica","description":"MARQUELIA, GUERRERO. MX. \u2014 En v\u00edspera de una nueva reuni\u00f3n que tendr\u00e1 con los padres de los 43 normalistas de Ayotzinapa, el presidente Andr\u00e9s Manuel En Sonora en Equipo publicamos toda la informaci\u00f3n de Sonora, M\u00e9xico y el Mundo de manera oportuna y busca que la libertad de expresi\u00f3n sea real. Visita nuestro medio informativo publicado desde Hermosillo, Sonora. %","robots":{"index":"index","follow":"follow","max-snippet":"max-snippet:-1","max-image-preview":"max-image-preview:large","max-video-preview":"max-video-preview:-1"},"canonical":"https:\/\/www.sonoraenequipo.com.mx\/habra-respeto-y-verdad-en-proxima-reunion-con-padres-de-los-43-amlo\/","og_locale":"es_ES","og_type":"article","og_title":"Sonora en Equipo. Habr\u00e1 respeto y verdad en pr\u00f3xima reuni\u00f3n con padres de los 43: AMLO Rep\u00fablica","og_description":"MARQUELIA, GUERRERO. MX. \u2014 En v\u00edspera de una nueva reuni\u00f3n que tendr\u00e1 con los padres de los 43 normalistas de Ayotzinapa, el presidente Andr\u00e9s Manuel En Sonora en Equipo publicamos toda la informaci\u00f3n de Sonora, M\u00e9xico y el Mundo de manera oportuna y busca que la libertad de expresi\u00f3n sea real. Visita nuestro medio informativo publicado desde Hermosillo, Sonora. %","og_url":"https:\/\/www.sonoraenequipo.com.mx\/habra-respeto-y-verdad-en-proxima-reunion-con-padres-de-los-43-amlo\/","og_site_name":"Sonora en Equipo.","article_publisher":"https:\/\/www.facebook.com\/SonoraEE\/","article_author":"https:\/\/www.facebook.com\/SonoraEE","article_published_time":"2024-07-28T17:10:00+00:00","article_modified_time":"2024-07-29T02:12:34+00:00","og_image":[{"width":927,"height":540,"url":"https:\/\/www.sonoraenequipo.com.mx\/storage\/2024\/07\/Hablara-con-la-verdad-y-respeto-a-padres-de-Ayotzinapa-min.jpg","type":"image\/jpeg"}],"author":"enequipo","twitter_card":"summary_large_image","twitter_creator":"@sonoraenequipo","twitter_site":"@sonoraenequipo","twitter_misc":{"Escrito por":"enequipo","Tiempo de lectura":"1 minuto"},"schema":{"@context":"https:\/\/schema.org","@graph":[{"@type":"Article","@id":"https:\/\/www.sonoraenequipo.com.mx\/habra-respeto-y-verdad-en-proxima-reunion-con-padres-de-los-43-amlo\/#article","isPartOf":{"@id":"https:\/\/www.sonoraenequipo.com.mx\/habra-respeto-y-verdad-en-proxima-reunion-con-padres-de-los-43-amlo\/"},"author":{"name":"enequipo","@id":"https:\/\/www.sonoraenequipo.com.mx\/#\/schema\/person\/50102df0fb23a8fa9e8effad8fa81386"},"headline":"Habr\u00e1 respeto y verdad en pr\u00f3xima reuni\u00f3n con padres de los 43: AMLO","datePublished":"2024-07-28T17:10:00+00:00","dateModified":"2024-07-29T02:12:34+00:00","mainEntityOfPage":{"@id":"https:\/\/www.sonoraenequipo.com.mx\/habra-respeto-y-verdad-en-proxima-reunion-con-padres-de-los-43-amlo\/"},"wordCount":235,"commentCount":0,"publisher":{"@id":"https:\/\/www.sonoraenequipo.com.mx\/#organization"},"image":{"@id":"https:\/\/www.sonoraenequipo.com.mx\/habra-respeto-y-verdad-en-proxima-reunion-con-padres-de-los-43-amlo\/#primaryimage"},"thumbnailUrl":"https:\/\/www.sonoraenequipo.com.mx\/storage\/2024\/07\/Hablara-con-la-verdad-y-respeto-a-padres-de-Ayotzinapa-min.jpg","articleSection":["Rep\u00fablica"],"inLanguage":"es","potentialAction":[{"@type":"CommentAction","name":"Comment","target":["https:\/\/www.sonoraenequipo.com.mx\/habra-respeto-y-verdad-en-proxima-reunion-con-padres-de-los-43-amlo\/#respond"]}]},{"@type":"WebPage","@id":"https:\/\/www.sonoraenequipo.com.mx\/habra-respeto-y-verdad-en-proxima-reunion-con-padres-de-los-43-amlo\/","url":"https:\/\/www.sonoraenequipo.com.mx\/habra-respeto-y-verdad-en-proxima-reunion-con-padres-de-los-43-amlo\/","name":"Sonora en Equipo. Habr\u00e1 respeto y verdad en pr\u00f3xima reuni\u00f3n con padres de los 43: AMLO Rep\u00fablica","isPartOf":{"@id":"https:\/\/www.sonoraenequipo.com.mx\/#website"},"primaryImageOfPage":{"@id":"https:\/\/www.sonoraenequipo.com.mx\/habra-respeto-y-verdad-en-proxima-reunion-con-padres-de-los-43-amlo\/#primaryimage"},"image":{"@id":"https:\/\/www.sonoraenequipo.com.mx\/habra-respeto-y-verdad-en-proxima-reunion-con-padres-de-los-43-amlo\/#primaryimage"},"thumbnailUrl":"https:\/\/www.sonoraenequipo.com.mx\/storage\/2024\/07\/Hablara-con-la-verdad-y-respeto-a-padres-de-Ayotzinapa-min.jpg","datePublished":"2024-07-28T17:10:00+00:00","dateModified":"2024-07-29T02:12:34+00:00","description":"MARQUELIA, GUERRERO. MX. \u2014 En v\u00edspera de una nueva reuni\u00f3n que tendr\u00e1 con los padres de los 43 normalistas de Ayotzinapa, el presidente Andr\u00e9s Manuel En Sonora en Equipo publicamos toda la informaci\u00f3n de Sonora, M\u00e9xico y el Mundo de manera oportuna y busca que la libertad de expresi\u00f3n sea real. Visita nuestro medio informativo publicado desde Hermosillo, Sonora. %","breadcrumb":{"@id":"https:\/\/www.sonoraenequipo.com.mx\/habra-respeto-y-verdad-en-proxima-reunion-con-padres-de-los-43-amlo\/#breadcrumb"},"inLanguage":"es","potentialAction":[{"@type":"ReadAction","target":["https:\/\/www.sonoraenequipo.com.mx\/habra-respeto-y-verdad-en-proxima-reunion-con-padres-de-los-43-amlo\/"]}]},{"@type":"ImageObject","inLanguage":"es","@id":"https:\/\/www.sonoraenequipo.com.mx\/habra-respeto-y-verdad-en-proxima-reunion-con-padres-de-los-43-amlo\/#primaryimage","url":"https:\/\/www.sonoraenequipo.com.mx\/storage\/2024\/07\/Hablara-con-la-verdad-y-respeto-a-padres-de-Ayotzinapa-min.jpg","contentUrl":"https:\/\/www.sonoraenequipo.com.mx\/storage\/2024\/07\/Hablara-con-la-verdad-y-respeto-a-padres-de-Ayotzinapa-min.jpg","width":927,"height":540},{"@type":"BreadcrumbList","@id":"https:\/\/www.sonoraenequipo.com.mx\/habra-respeto-y-verdad-en-proxima-reunion-con-padres-de-los-43-amlo\/#breadcrumb","itemListElement":[{"@type":"ListItem","position":1,"name":"Portada","item":"https:\/\/www.sonoraenequipo.com.mx\/"},{"@type":"ListItem","position":2,"name":"Habr\u00e1 respeto y verdad en pr\u00f3xima reuni\u00f3n con padres de los 43: AMLO"}]},{"@type":"WebSite","@id":"https:\/\/www.sonoraenequipo.com.mx\/#website","url":"https:\/\/www.sonoraenequipo.com.mx\/","name":"Sonora en Equipo.","description":"Diario en l\u00ednea con Noticias desde Hermosillo, Sonora","publisher":{"@id":"https:\/\/www.sonoraenequipo.com.mx\/#organization"},"potentialAction":[{"@type":"SearchAction","target":{"@type":"EntryPoint","urlTemplate":"https:\/\/www.sonoraenequipo.com.mx\/?s={search_term_string}"},"query-input":{"@type":"PropertyValueSpecification","valueRequired":true,"valueName":"search_term_string"}}],"inLanguage":"es"},{"@type":"Organization","@id":"https:\/\/www.sonoraenequipo.com.mx\/#organization","name":"Sonoraenequipo.com.mx","url":"https:\/\/www.sonoraenequipo.com.mx\/","logo":{"@type":"ImageObject","inLanguage":"es","@id":"https:\/\/www.sonoraenequipo.com.mx\/#\/schema\/logo\/image\/","url":"https:\/\/www.sonoraenequipo.com.mx\/storage\/2019\/01\/sonoraenequipo_opt.png","contentUrl":"https:\/\/www.sonoraenequipo.com.mx\/storage\/2019\/01\/sonoraenequipo_opt.png","width":375,"height":125,"caption":"Sonoraenequipo.com.mx"},"image":{"@id":"https:\/\/www.sonoraenequipo.com.mx\/#\/schema\/logo\/image\/"},"sameAs":["https:\/\/www.facebook.com\/SonoraEE\/","https:\/\/x.com\/sonoraenequipo","https:\/\/www.youtube.com\/channel\/UC338nW-lPEYmJQs4ZABQ1SQ"]},{"@type":"Person","@id":"https:\/\/www.sonoraenequipo.com.mx\/#\/schema\/person\/50102df0fb23a8fa9e8effad8fa81386","name":"enequipo","image":{"@type":"ImageObject","inLanguage":"es","@id":"https:\/\/www.sonoraenequipo.com.mx\/#\/schema\/person\/image\/","url":"https:\/\/secure.gravatar.com\/avatar\/049821681b589dabc0bc20695993ccebb09f5b5d4d790cd9251b97faac7c652b?s=96&d=blank&r=g","contentUrl":"https:\/\/secure.gravatar.com\/avatar\/049821681b589dabc0bc20695993ccebb09f5b5d4d790cd9251b97faac7c652b?s=96&d=blank&r=g","caption":"enequipo"},"sameAs":["https:\/\/www.facebook.com\/SonoraEE"]}]}},"jetpack_featured_media_url":"https:\/\/www.sonoraenequipo.com.mx\/storage\/2024\/07\/Hablara-con-la-verdad-y-respeto-a-padres-de-Ayotzinapa-min.jpg","_links":{"self":[{"href":"https:\/\/www.sonoraenequipo.com.mx\/api\/wp\/v2\/posts\/195604","targetHints":{"allow":["GET"]}}],"collection":[{"href":"https:\/\/www.sonoraenequipo.com.mx\/api\/wp\/v2\/posts"}],"about":[{"href":"https:\/\/www.sonoraenequipo.com.mx\/api\/wp\/v2\/types\/post"}],"author":[{"embeddable":true,"href":"https:\/\/www.sonoraenequipo.com.mx\/api\/wp\/v2\/users\/1"}],"replies":[{"embeddable":true,"href":"https:\/\/www.sonoraenequipo.com.mx\/api\/wp\/v2\/comments?post=195604"}],"version-history":[{"count":2,"href":"https:\/\/www.sonoraenequipo.com.mx\/api\/wp\/v2\/posts\/195604\/revisions"}],"predecessor-version":[{"id":195607,"href":"https:\/\/www.sonoraenequipo.com.mx\/api\/wp\/v2\/posts\/195604\/revisions\/195607"}],"wp:featuredmedia":[{"embeddable":true,"href":"https:\/\/www.sonoraenequipo.com.mx\/api\/wp\/v2\/media\/195605"}],"wp:attachment":[{"href":"https:\/\/www.sonoraenequipo.com.mx\/api\/wp\/v2\/media?parent=195604"}],"wp:term":[{"taxonomy":"category","embeddable":true,"href":"https:\/\/www.sonoraenequipo.com.mx\/api\/wp\/v2\/categories?post=195604"},{"taxonomy":"post_tag","embeddable":true,"href":"https:\/\/www.sonoraenequipo.com.mx\/api\/wp\/v2\/tags?post=195604"}],"curies":[{"name":"wp","href":"https:\/\/api.w.org\/{rel}","templated":true}]}}