{"id":195630,"date":"2024-07-29T08:34:53","date_gmt":"2024-07-29T15:34:53","guid":{"rendered":"https:\/\/www.sonoraenequipo.com.mx\/?p=195630"},"modified":"2024-07-29T08:34:53","modified_gmt":"2024-07-29T15:34:53","slug":"gana-maduro-la-eleccion-en-venezuela-se-queda-hasta-el-2031","status":"publish","type":"post","link":"https:\/\/www.sonoraenequipo.com.mx\/gana-maduro-la-eleccion-en-venezuela-se-queda-hasta-el-2031\/","title":{"rendered":"Gana Maduro la elecci\u00f3n en Venezuela. Se queda hasta el 2031"},"content":{"rendered":"<p><strong>CARACAS, VENEZUELA. \u2014 <\/strong>\u00a0El presidente izquierdista venezolano Nicol\u00e1s Maduro fue reelegido para un tercer mandato consecutivo de seis a\u00f1os, en medio de denuncias de fraude por parte de la oposici\u00f3n, que reivindic\u00f3 la victoria de su candidato, Edmundo Gonz\u00e1lez Urrutia.<\/p>\n<p>&nbsp;<\/p>\n<p> <\/p>\n<p>El Consejo Nacional Electoral (CNE), de l\u00ednea oficialista, proclam\u00f3 al mandatario para un tercer mandato consecutivo de seis a\u00f1os con 5.15 millones de votos (51.2%), tras el escrutinio de 80% de los votos. Gonz\u00e1lez Urrutia recibi\u00f3 4.45 millones de votos (44.2%), seg\u00fan este primer bolet\u00edn.<\/p>\n<p>&nbsp;<\/p>\n<p>&nbsp;<\/p>\n<p>&nbsp;<\/p>\n<p>&nbsp;<\/p>\n<p>El anuncio de su reelecci\u00f3n fue cuestionado enseguida por Estados Unidos, Chile, Per\u00fa, Costa Rica, Guatemala, Argentina, Espa\u00f1a, Uruguay y la Uni\u00f3n Europea, que pidi\u00f3<em><strong> \u201ctotal transparencia\u201d<\/strong> <\/em>en el recuento de votos. Mientras que China, Rusia, Cuba, Nicaragua, Honduras y Bolivia lo felicitaron.<\/p>\n<p>&nbsp;<\/p>\n<p>&nbsp;<\/p>\n<p>En Colombia, que comparte una larga frontera con Venezuela, el gobierno de Gustavo Petro, primer presidente de izquierda de la historia del pa\u00eds, pidi\u00f3 <em><strong>\u201cel conteo total de los votos, su verificaci\u00f3n y auditor\u00eda de car\u00e1cter independiente\u201d<\/strong><\/em>.<\/p>\n<p>&nbsp;<\/p>\n<p>&nbsp;<\/p>\n<p>En el poder desde 2013, Maduro se proyecta para permanecer 18 a\u00f1os en la presidencia, hasta 2031. Solo el dictador Juan Vicente G\u00f3mez habr\u00e1 gobernado m\u00e1s que \u00e9l, con 27 a\u00f1os (1908-1935).<\/p>\n<p>&nbsp;<\/p>\n<p>&nbsp;<\/p>\n<p><em><strong>\u201cVa a haber paz estabilidad y justicia. Paz y respeto a la ley\u201d,<\/strong><\/em> dijo Maduro en sus primeras declaraciones tras el anuncio del resultado, ante centenares de seguidores en el palacio presidencial de Miraflores.<\/p>\n<p>&nbsp;<\/p>\n<p>&nbsp;<\/p>\n<p>Maduro hab\u00eda planteado esta elecci\u00f3n como una encrucijada entre<em><strong> \u201cpaz o guerra\u201d<\/strong><\/em> y advirti\u00f3 que un triunfo de la oposici\u00f3n pod\u00eda llevar a un<em><strong> \u201cba\u00f1o de sangre\u201d<\/strong><\/em>, lo cual le vali\u00f3 cr\u00edticas de los presidentes de Brasil, Luiz In\u00e1cio Lula da Silva, y de Chile, Gabriel Boric, entre otros.<\/p>\n<p>&nbsp;<\/p>\n<p>&nbsp;<\/p>\n<p>La oposici\u00f3n venezolana denunci\u00f3 fraude en la votaci\u00f3n y se autoproclam\u00f3 victoriosa con el 70% de los votos, contra 30% para Maduro.<\/p>\n<p>&nbsp;<\/p>\n<p>&nbsp;<\/p>\n<p><em><strong>\u201cSe han violado todas las normas\u201d<\/strong><\/em>, dijo Gonz\u00e1lez, representante de la carism\u00e1tica y popular l\u00edder opositora Mar\u00eda Corina Machado, impedida de postularse debido a una inhabilitaci\u00f3n pol\u00edtica.<\/p>\n<p>&nbsp;<\/p>\n<p>&nbsp;<\/p>\n<p>Machado de hecho lo proclam\u00f3. \u201c<strong><em>Venezuela tiene un nuevo presidente electo y es Edmundo Gonz\u00e1lez Urrutia\u201d,<\/em><\/strong> dijo entre aplausos en una rueda de prensa.<\/p>\n<p>&nbsp;<\/p>\n<p>&nbsp;<\/p>\n<p><strong><em>\u201cEsto no es un fraude m\u00e1s, esto es desconocer y violar groseramente la voluntad popular\u201d<\/em><\/strong>, sostuvo Machado.<\/p>\n<p>&nbsp;<\/p>\n<p>&nbsp;<\/p>\n<p>El secretario de Estado estadounidense, Antony Blinken, expres\u00f3 \u201cseria preocupaci\u00f3n\u201d por la proclamaci\u00f3n de Maduro y exigi\u00f3 un reconteo de los votos.<\/p>\n<p>&nbsp;<\/p>\n<p>&nbsp;<\/p>\n<p>Costa Rica tach\u00f3 de <em><strong>\u201cfraudulenta\u201d<\/strong><\/em> la elecci\u00f3n, el presidente de Chile dijo que los resultados eran<em><strong> \u201cdif\u00edciles de creer\u201d, y<\/strong><\/em> Per\u00fa llam\u00f3 a consultas a su embajador en Caracas.<\/p>\n<p>&nbsp;<\/p>\n<p>&nbsp;<\/p>\n<p>El mandatario argentino, Javier Milei, reivindic\u00f3 por su parte la<em><strong> \u201cvictoria aplastante\u201d<\/strong> <\/em>de Gonz\u00e1lez Urrutia.<em><strong> \u201cArgentina no va a reconocer otro fraude, y espera que las Fuerzas Armadas esta vez defiendan la democracia y la voluntad popular\u201d.<\/strong><\/em><\/p>\n<p>&nbsp;<\/p>\n<p>&nbsp;<\/p>\n<p>El presidente de Cuba, Miguel D\u00edaz-Canel, dijo por su lado que habl\u00f3 con Maduro para felicitarlo por su<em><strong> \u201chist\u00f3rico triunfo\u201d.<\/strong><\/em><\/p>\n<p>&nbsp;<\/p>\n<p>&nbsp;<\/p>\n<p><em><strong>\u201cHasta que prevalezca la paz\u201d<\/strong><\/em><\/p>\n<p>&nbsp;<\/p>\n<p>Durante la jornada electoral la oposici\u00f3n denunci\u00f3 irregularidades en el escrutinio. Primero porque se impidi\u00f3 que sus testigos accedieran a los centros de votaci\u00f3n para presenciar el proceso, y luego porque no pudo obtener copias de las actas que emite la m\u00e1quina de votaci\u00f3n (el sistema es automatizado), a la que por ley tienen derecho los partidos y que sirven para cotejar el resultado oficial.<\/p>\n<p>&nbsp;<\/p>\n<p>&nbsp;<\/p>\n<p>La oposici\u00f3n denunci\u00f3 asimismo el arresto de unas 150 personas ligadas a la campa\u00f1a, 37 de estas en los \u00faltimos dos d\u00edas.<\/p>\n<p>&nbsp;<\/p>\n<p>&nbsp;<\/p>\n<p>La mayor\u00eda de las encuestas favorec\u00edan a la oposici\u00f3n, tras a\u00f1os de una crisis que contrajo el Producto Interno Bruto un 80% y empuj\u00f3 al \u00e9xodo a m\u00e1s de siete millones de personas, seg\u00fan datos de la ONU.<\/p>\n<p>&nbsp;<\/p>\n<p>&nbsp;<\/p>\n<p>Machado exhort\u00f3 a su militancia a permanecer en los centros electorales recaudando las actas que a\u00fan no recibieron.<\/p>\n<p>&nbsp;<\/p>\n<p>&nbsp;<\/p>\n<p><em><strong>\u201cLe pido a todas las comunidades de Venezuela que vayan en familia a acompa\u00f1arlos en los centros de votaci\u00f3n\u201d,<\/strong><\/em> se\u00f1al\u00f3 la dirigente. <em><strong>\u201cEn esta vigilia de celebraci\u00f3n c\u00edvica seguimos esta noche y seguiremos hasta que prevalezca la paz\u201d.<\/strong><\/em><\/p>\n<p>&nbsp;<\/p>\n<p>&nbsp;<\/p>\n<p><em><strong>\u201cLo hemos dicho: hasta el final es el final\u201d,<\/strong> <\/em>insisti\u00f3 repitiendo su eslogan de campa\u00f1a convertido casi en un mantra opositor.<\/p>\n<p>&nbsp;<\/p>\n<p>&nbsp;<\/p>\n<p>La coalici\u00f3n Plataforma Unitaria se uni\u00f3 en torno a Machado para enfrentar a Maduro tras marginarse de la elecci\u00f3n de 2018 por considerarla fraudulenta.<\/p>\n<p>&nbsp;<\/p>\n<p>&nbsp;<\/p>\n<p>Ya antes fue se\u00f1alada de buscar desestabilizar el pa\u00eds a trav\u00e9s de violencia.<\/p>\n<p>&nbsp;<\/p>\n<p>Elvis Amoroso, el presidente del CNE, denunci\u00f3 una \u201cagresi\u00f3n en contra del sistema de transmisi\u00f3n de datos que retard\u00f3\u201d el conteo.<\/p>\n<p>&nbsp;<\/p>\n<p>&nbsp;<\/p>\n<p>Maduro tambi\u00e9n se refiri\u00f3 a un \u201cjaqueo\u201d del sistema electoral automatizado, al salir a celebrar con los seguidores que le esperaban en el palacio presidencial.<\/p>\n<p>&nbsp;<\/p>\n<p>&nbsp;<\/p>\n<p>La participaci\u00f3n se ubic\u00f3 en 59%, seg\u00fan Amoroso.<\/p>\n<p>&nbsp;<\/p>\n<p>&nbsp;<\/p>\n<p>En estos comicios estuvo presente una peque\u00f1a delegaci\u00f3n del Centro Carter, que indic\u00f3 no tener capacidad de realizar una \u201cevaluaci\u00f3n integral del proceso de votaci\u00f3n, conteo y tabulaci\u00f3n\u201d como ten\u00eda previsto hacer la Uni\u00f3n Europea, excluida como observadora a finales de mayo.<\/p>\n<p>&nbsp;<\/p>\n<p>&nbsp;<\/p>\n<p>Un panel de cuatro expertos de la ONU tambi\u00e9n acompa\u00f1\u00f3 la votaci\u00f3n, aunque su informe es confidencial y solo ser\u00e1 compartido con el secretario general Antonio Guterres.<\/p>\n<p>&nbsp;<\/p>\n<p>&nbsp;<\/p>\n<p>PUBLICADO EL 29 DE JULIO DE 2024 Con informaci\u00f3n de Venezuela Hoy)<\/p>\n","protected":false},"excerpt":{"rendered":"<p>CARACAS, VENEZUELA. \u2014 \u00a0El presidente izquierdista venezolano Nicol\u00e1s Maduro fue reelegido para un tercer mandato&#8230;<\/p>\n","protected":false},"author":1,"featured_media":195622,"comment_status":"open","ping_status":"open","sticky":false,"template":"","format":"standard","meta":{"_monsterinsights_skip_tracking":false,"_monsterinsights_sitenote_active":false,"_monsterinsights_sitenote_note":"","_monsterinsights_sitenote_category":0,"footnotes":""},"categories":[3],"tags":[],"class_list":["post"],"yoast_head":" \n<title>Sonora en Equipo. Gana Maduro la elecci\u00f3n en Venezuela. Se queda hasta el 2031 MUNDO<\/title>\n<meta name=\"description\" content=\"CARACAS, VENEZUELA. \u2014 \u00a0El presidente izquierdista venezolano Nicol\u00e1s Maduro fue reelegido para un tercer mandato consecutivo de seis a\u00f1os, en medio de En Sonora en Equipo publicamos toda la informaci\u00f3n de Sonora, M\u00e9xico y el Mundo de manera oportuna y busca que la libertad de expresi\u00f3n sea real. Visita nuestro medio informativo publicado desde Hermosillo, Sonora. %\" \/>\n<meta name=\"robots\" content=\"index, follow, max-snippet:-1, max-image-preview:large, max-video-preview:-1\" \/>\n<link rel=\"canonical\" href=\"https:\/\/www.sonoraenequipo.com.mx\/gana-maduro-la-eleccion-en-venezuela-se-queda-hasta-el-2031\/\" \/>\n<meta property=\"og:locale\" content=\"es_ES\" \/>\n<meta property=\"og:type\" content=\"article\" \/>\n<meta property=\"og:title\" content=\"Sonora en Equipo. Gana Maduro la elecci\u00f3n en Venezuela. Se queda hasta el 2031 MUNDO\" \/>\n<meta property=\"og:description\" content=\"CARACAS, VENEZUELA. \u2014 \u00a0El presidente izquierdista venezolano Nicol\u00e1s Maduro fue reelegido para un tercer mandato consecutivo de seis a\u00f1os, en medio de En Sonora en Equipo publicamos toda la informaci\u00f3n de Sonora, M\u00e9xico y el Mundo de manera oportuna y busca que la libertad de expresi\u00f3n sea real. Visita nuestro medio informativo publicado desde Hermosillo, Sonora. %\" \/>\n<meta property=\"og:url\" content=\"https:\/\/www.sonoraenequipo.com.mx\/gana-maduro-la-eleccion-en-venezuela-se-queda-hasta-el-2031\/\" \/>\n<meta property=\"og:site_name\" content=\"Sonora en Equipo.\" \/>\n<meta property=\"article:publisher\" content=\"https:\/\/www.facebook.com\/SonoraEE\/\" \/>\n<meta property=\"article:author\" content=\"https:\/\/www.facebook.com\/SonoraEE\" \/>\n<meta property=\"article:published_time\" content=\"2024-07-29T15:34:53+00:00\" \/>\n<meta property=\"og:image\" content=\"https:\/\/www.sonoraenequipo.com.mx\/storage\/2024\/07\/maduro-gana-eleccion.-se-queda-hasta-el-2031-min.jpg\" \/>\n\t<meta property=\"og:image:width\" content=\"900\" \/>\n\t<meta property=\"og:image:height\" content=\"505\" \/>\n\t<meta property=\"og:image:type\" content=\"image\/jpeg\" \/>\n<meta name=\"author\" content=\"enequipo\" \/>\n<meta name=\"twitter:card\" content=\"summary_large_image\" \/>\n<meta name=\"twitter:creator\" content=\"@sonoraenequipo\" \/>\n<meta name=\"twitter:site\" content=\"@sonoraenequipo\" \/>\n<meta name=\"twitter:label1\" content=\"Escrito por\" \/>\n\t<meta name=\"twitter:data1\" content=\"enequipo\" \/>\n\t<meta name=\"twitter:label2\" content=\"Tiempo de lectura\" \/>\n\t<meta name=\"twitter:data2\" content=\"5 minutos\" \/>\n<script type=\"application\/ld+json\" class=\"yoast-schema-graph\">{\"@context\":\"https:\/\/schema.org\",\"@graph\":[{\"@type\":\"Article\",\"@id\":\"https:\/\/www.sonoraenequipo.com.mx\/gana-maduro-la-eleccion-en-venezuela-se-queda-hasta-el-2031\/#article\",\"isPartOf\":{\"@id\":\"https:\/\/www.sonoraenequipo.com.mx\/gana-maduro-la-eleccion-en-venezuela-se-queda-hasta-el-2031\/\"},\"author\":{\"name\":\"enequipo\",\"@id\":\"https:\/\/www.sonoraenequipo.com.mx\/#\/schema\/person\/50102df0fb23a8fa9e8effad8fa81386\"},\"headline\":\"Gana Maduro la elecci\u00f3n en Venezuela. Se queda hasta el 2031\",\"datePublished\":\"2024-07-29T15:34:53+00:00\",\"mainEntityOfPage\":{\"@id\":\"https:\/\/www.sonoraenequipo.com.mx\/gana-maduro-la-eleccion-en-venezuela-se-queda-hasta-el-2031\/\"},\"wordCount\":990,\"commentCount\":0,\"publisher\":{\"@id\":\"https:\/\/www.sonoraenequipo.com.mx\/#organization\"},\"image\":{\"@id\":\"https:\/\/www.sonoraenequipo.com.mx\/gana-maduro-la-eleccion-en-venezuela-se-queda-hasta-el-2031\/#primaryimage\"},\"thumbnailUrl\":\"https:\/\/www.sonoraenequipo.com.mx\/storage\/2024\/07\/maduro-gana-eleccion.-se-queda-hasta-el-2031-min.jpg\",\"articleSection\":[\"MUNDO\"],\"inLanguage\":\"es\",\"potentialAction\":[{\"@type\":\"CommentAction\",\"name\":\"Comment\",\"target\":[\"https:\/\/www.sonoraenequipo.com.mx\/gana-maduro-la-eleccion-en-venezuela-se-queda-hasta-el-2031\/#respond\"]}]},{\"@type\":\"WebPage\",\"@id\":\"https:\/\/www.sonoraenequipo.com.mx\/gana-maduro-la-eleccion-en-venezuela-se-queda-hasta-el-2031\/\",\"url\":\"https:\/\/www.sonoraenequipo.com.mx\/gana-maduro-la-eleccion-en-venezuela-se-queda-hasta-el-2031\/\",\"name\":\"Sonora en Equipo. Gana Maduro la elecci\u00f3n en Venezuela. Se queda hasta el 2031 MUNDO\",\"isPartOf\":{\"@id\":\"https:\/\/www.sonoraenequipo.com.mx\/#website\"},\"primaryImageOfPage\":{\"@id\":\"https:\/\/www.sonoraenequipo.com.mx\/gana-maduro-la-eleccion-en-venezuela-se-queda-hasta-el-2031\/#primaryimage\"},\"image\":{\"@id\":\"https:\/\/www.sonoraenequipo.com.mx\/gana-maduro-la-eleccion-en-venezuela-se-queda-hasta-el-2031\/#primaryimage\"},\"thumbnailUrl\":\"https:\/\/www.sonoraenequipo.com.mx\/storage\/2024\/07\/maduro-gana-eleccion.-se-queda-hasta-el-2031-min.jpg\",\"datePublished\":\"2024-07-29T15:34:53+00:00\",\"description\":\"CARACAS, VENEZUELA. \u2014 \u00a0El presidente izquierdista venezolano Nicol\u00e1s Maduro fue reelegido para un tercer mandato consecutivo de seis a\u00f1os, en medio de En Sonora en Equipo publicamos toda la informaci\u00f3n de Sonora, M\u00e9xico y el Mundo de manera oportuna y busca que la libertad de expresi\u00f3n sea real. Visita nuestro medio informativo publicado desde Hermosillo, Sonora. %\",\"breadcrumb\":{\"@id\":\"https:\/\/www.sonoraenequipo.com.mx\/gana-maduro-la-eleccion-en-venezuela-se-queda-hasta-el-2031\/#breadcrumb\"},\"inLanguage\":\"es\",\"potentialAction\":[{\"@type\":\"ReadAction\",\"target\":[\"https:\/\/www.sonoraenequipo.com.mx\/gana-maduro-la-eleccion-en-venezuela-se-queda-hasta-el-2031\/\"]}]},{\"@type\":\"ImageObject\",\"inLanguage\":\"es\",\"@id\":\"https:\/\/www.sonoraenequipo.com.mx\/gana-maduro-la-eleccion-en-venezuela-se-queda-hasta-el-2031\/#primaryimage\",\"url\":\"https:\/\/www.sonoraenequipo.com.mx\/storage\/2024\/07\/maduro-gana-eleccion.-se-queda-hasta-el-2031-min.jpg\",\"contentUrl\":\"https:\/\/www.sonoraenequipo.com.mx\/storage\/2024\/07\/maduro-gana-eleccion.-se-queda-hasta-el-2031-min.jpg\",\"width\":900,\"height\":505},{\"@type\":\"BreadcrumbList\",\"@id\":\"https:\/\/www.sonoraenequipo.com.mx\/gana-maduro-la-eleccion-en-venezuela-se-queda-hasta-el-2031\/#breadcrumb\",\"itemListElement\":[{\"@type\":\"ListItem\",\"position\":1,\"name\":\"Portada\",\"item\":\"https:\/\/www.sonoraenequipo.com.mx\/\"},{\"@type\":\"ListItem\",\"position\":2,\"name\":\"Gana Maduro la elecci\u00f3n en Venezuela. Se queda hasta el 2031\"}]},{\"@type\":\"WebSite\",\"@id\":\"https:\/\/www.sonoraenequipo.com.mx\/#website\",\"url\":\"https:\/\/www.sonoraenequipo.com.mx\/\",\"name\":\"Sonora en Equipo.\",\"description\":\"Diario en l\u00ednea con Noticias desde Hermosillo, Sonora\",\"publisher\":{\"@id\":\"https:\/\/www.sonoraenequipo.com.mx\/#organization\"},\"potentialAction\":[{\"@type\":\"SearchAction\",\"target\":{\"@type\":\"EntryPoint\",\"urlTemplate\":\"https:\/\/www.sonoraenequipo.com.mx\/?s={search_term_string}\"},\"query-input\":{\"@type\":\"PropertyValueSpecification\",\"valueRequired\":true,\"valueName\":\"search_term_string\"}}],\"inLanguage\":\"es\"},{\"@type\":\"Organization\",\"@id\":\"https:\/\/www.sonoraenequipo.com.mx\/#organization\",\"name\":\"Sonoraenequipo.com.mx\",\"url\":\"https:\/\/www.sonoraenequipo.com.mx\/\",\"logo\":{\"@type\":\"ImageObject\",\"inLanguage\":\"es\",\"@id\":\"https:\/\/www.sonoraenequipo.com.mx\/#\/schema\/logo\/image\/\",\"url\":\"https:\/\/www.sonoraenequipo.com.mx\/storage\/2019\/01\/sonoraenequipo_opt.png\",\"contentUrl\":\"https:\/\/www.sonoraenequipo.com.mx\/storage\/2019\/01\/sonoraenequipo_opt.png\",\"width\":375,\"height\":125,\"caption\":\"Sonoraenequipo.com.mx\"},\"image\":{\"@id\":\"https:\/\/www.sonoraenequipo.com.mx\/#\/schema\/logo\/image\/\"},\"sameAs\":[\"https:\/\/www.facebook.com\/SonoraEE\/\",\"https:\/\/x.com\/sonoraenequipo\",\"https:\/\/www.youtube.com\/channel\/UC338nW-lPEYmJQs4ZABQ1SQ\"]},{\"@type\":\"Person\",\"@id\":\"https:\/\/www.sonoraenequipo.com.mx\/#\/schema\/person\/50102df0fb23a8fa9e8effad8fa81386\",\"name\":\"enequipo\",\"image\":{\"@type\":\"ImageObject\",\"inLanguage\":\"es\",\"@id\":\"https:\/\/www.sonoraenequipo.com.mx\/#\/schema\/person\/image\/\",\"url\":\"https:\/\/secure.gravatar.com\/avatar\/049821681b589dabc0bc20695993ccebb09f5b5d4d790cd9251b97faac7c652b?s=96&d=blank&r=g\",\"contentUrl\":\"https:\/\/secure.gravatar.com\/avatar\/049821681b589dabc0bc20695993ccebb09f5b5d4d790cd9251b97faac7c652b?s=96&d=blank&r=g\",\"caption\":\"enequipo\"},\"sameAs\":[\"https:\/\/www.facebook.com\/SonoraEE\"]}]}<\/script>\n ","yoast_head_json":{"title":"Sonora en Equipo. Gana Maduro la elecci\u00f3n en Venezuela. Se queda hasta el 2031 MUNDO","description":"CARACAS, VENEZUELA. \u2014 \u00a0El presidente izquierdista venezolano Nicol\u00e1s Maduro fue reelegido para un tercer mandato consecutivo de seis a\u00f1os, en medio de En Sonora en Equipo publicamos toda la informaci\u00f3n de Sonora, M\u00e9xico y el Mundo de manera oportuna y busca que la libertad de expresi\u00f3n sea real. Visita nuestro medio informativo publicado desde Hermosillo, Sonora. %","robots":{"index":"index","follow":"follow","max-snippet":"max-snippet:-1","max-image-preview":"max-image-preview:large","max-video-preview":"max-video-preview:-1"},"canonical":"https:\/\/www.sonoraenequipo.com.mx\/gana-maduro-la-eleccion-en-venezuela-se-queda-hasta-el-2031\/","og_locale":"es_ES","og_type":"article","og_title":"Sonora en Equipo. Gana Maduro la elecci\u00f3n en Venezuela. Se queda hasta el 2031 MUNDO","og_description":"CARACAS, VENEZUELA. \u2014 \u00a0El presidente izquierdista venezolano Nicol\u00e1s Maduro fue reelegido para un tercer mandato consecutivo de seis a\u00f1os, en medio de En Sonora en Equipo publicamos toda la informaci\u00f3n de Sonora, M\u00e9xico y el Mundo de manera oportuna y busca que la libertad de expresi\u00f3n sea real. Visita nuestro medio informativo publicado desde Hermosillo, Sonora. %","og_url":"https:\/\/www.sonoraenequipo.com.mx\/gana-maduro-la-eleccion-en-venezuela-se-queda-hasta-el-2031\/","og_site_name":"Sonora en Equipo.","article_publisher":"https:\/\/www.facebook.com\/SonoraEE\/","article_author":"https:\/\/www.facebook.com\/SonoraEE","article_published_time":"2024-07-29T15:34:53+00:00","og_image":[{"width":900,"height":505,"url":"https:\/\/www.sonoraenequipo.com.mx\/storage\/2024\/07\/maduro-gana-eleccion.-se-queda-hasta-el-2031-min.jpg","type":"image\/jpeg"}],"author":"enequipo","twitter_card":"summary_large_image","twitter_creator":"@sonoraenequipo","twitter_site":"@sonoraenequipo","twitter_misc":{"Escrito por":"enequipo","Tiempo de lectura":"5 minutos"},"schema":{"@context":"https:\/\/schema.org","@graph":[{"@type":"Article","@id":"https:\/\/www.sonoraenequipo.com.mx\/gana-maduro-la-eleccion-en-venezuela-se-queda-hasta-el-2031\/#article","isPartOf":{"@id":"https:\/\/www.sonoraenequipo.com.mx\/gana-maduro-la-eleccion-en-venezuela-se-queda-hasta-el-2031\/"},"author":{"name":"enequipo","@id":"https:\/\/www.sonoraenequipo.com.mx\/#\/schema\/person\/50102df0fb23a8fa9e8effad8fa81386"},"headline":"Gana Maduro la elecci\u00f3n en Venezuela. Se queda hasta el 2031","datePublished":"2024-07-29T15:34:53+00:00","mainEntityOfPage":{"@id":"https:\/\/www.sonoraenequipo.com.mx\/gana-maduro-la-eleccion-en-venezuela-se-queda-hasta-el-2031\/"},"wordCount":990,"commentCount":0,"publisher":{"@id":"https:\/\/www.sonoraenequipo.com.mx\/#organization"},"image":{"@id":"https:\/\/www.sonoraenequipo.com.mx\/gana-maduro-la-eleccion-en-venezuela-se-queda-hasta-el-2031\/#primaryimage"},"thumbnailUrl":"https:\/\/www.sonoraenequipo.com.mx\/storage\/2024\/07\/maduro-gana-eleccion.-se-queda-hasta-el-2031-min.jpg","articleSection":["MUNDO"],"inLanguage":"es","potentialAction":[{"@type":"CommentAction","name":"Comment","target":["https:\/\/www.sonoraenequipo.com.mx\/gana-maduro-la-eleccion-en-venezuela-se-queda-hasta-el-2031\/#respond"]}]},{"@type":"WebPage","@id":"https:\/\/www.sonoraenequipo.com.mx\/gana-maduro-la-eleccion-en-venezuela-se-queda-hasta-el-2031\/","url":"https:\/\/www.sonoraenequipo.com.mx\/gana-maduro-la-eleccion-en-venezuela-se-queda-hasta-el-2031\/","name":"Sonora en Equipo. Gana Maduro la elecci\u00f3n en Venezuela. Se queda hasta el 2031 MUNDO","isPartOf":{"@id":"https:\/\/www.sonoraenequipo.com.mx\/#website"},"primaryImageOfPage":{"@id":"https:\/\/www.sonoraenequipo.com.mx\/gana-maduro-la-eleccion-en-venezuela-se-queda-hasta-el-2031\/#primaryimage"},"image":{"@id":"https:\/\/www.sonoraenequipo.com.mx\/gana-maduro-la-eleccion-en-venezuela-se-queda-hasta-el-2031\/#primaryimage"},"thumbnailUrl":"https:\/\/www.sonoraenequipo.com.mx\/storage\/2024\/07\/maduro-gana-eleccion.-se-queda-hasta-el-2031-min.jpg","datePublished":"2024-07-29T15:34:53+00:00","description":"CARACAS, VENEZUELA. \u2014 \u00a0El presidente izquierdista venezolano Nicol\u00e1s Maduro fue reelegido para un tercer mandato consecutivo de seis a\u00f1os, en medio de En Sonora en Equipo publicamos toda la informaci\u00f3n de Sonora, M\u00e9xico y el Mundo de manera oportuna y busca que la libertad de expresi\u00f3n sea real. Visita nuestro medio informativo publicado desde Hermosillo, Sonora. %","breadcrumb":{"@id":"https:\/\/www.sonoraenequipo.com.mx\/gana-maduro-la-eleccion-en-venezuela-se-queda-hasta-el-2031\/#breadcrumb"},"inLanguage":"es","potentialAction":[{"@type":"ReadAction","target":["https:\/\/www.sonoraenequipo.com.mx\/gana-maduro-la-eleccion-en-venezuela-se-queda-hasta-el-2031\/"]}]},{"@type":"ImageObject","inLanguage":"es","@id":"https:\/\/www.sonoraenequipo.com.mx\/gana-maduro-la-eleccion-en-venezuela-se-queda-hasta-el-2031\/#primaryimage","url":"https:\/\/www.sonoraenequipo.com.mx\/storage\/2024\/07\/maduro-gana-eleccion.-se-queda-hasta-el-2031-min.jpg","contentUrl":"https:\/\/www.sonoraenequipo.com.mx\/storage\/2024\/07\/maduro-gana-eleccion.-se-queda-hasta-el-2031-min.jpg","width":900,"height":505},{"@type":"BreadcrumbList","@id":"https:\/\/www.sonoraenequipo.com.mx\/gana-maduro-la-eleccion-en-venezuela-se-queda-hasta-el-2031\/#breadcrumb","itemListElement":[{"@type":"ListItem","position":1,"name":"Portada","item":"https:\/\/www.sonoraenequipo.com.mx\/"},{"@type":"ListItem","position":2,"name":"Gana Maduro la elecci\u00f3n en Venezuela. Se queda hasta el 2031"}]},{"@type":"WebSite","@id":"https:\/\/www.sonoraenequipo.com.mx\/#website","url":"https:\/\/www.sonoraenequipo.com.mx\/","name":"Sonora en Equipo.","description":"Diario en l\u00ednea con Noticias desde Hermosillo, Sonora","publisher":{"@id":"https:\/\/www.sonoraenequipo.com.mx\/#organization"},"potentialAction":[{"@type":"SearchAction","target":{"@type":"EntryPoint","urlTemplate":"https:\/\/www.sonoraenequipo.com.mx\/?s={search_term_string}"},"query-input":{"@type":"PropertyValueSpecification","valueRequired":true,"valueName":"search_term_string"}}],"inLanguage":"es"},{"@type":"Organization","@id":"https:\/\/www.sonoraenequipo.com.mx\/#organization","name":"Sonoraenequipo.com.mx","url":"https:\/\/www.sonoraenequipo.com.mx\/","logo":{"@type":"ImageObject","inLanguage":"es","@id":"https:\/\/www.sonoraenequipo.com.mx\/#\/schema\/logo\/image\/","url":"https:\/\/www.sonoraenequipo.com.mx\/storage\/2019\/01\/sonoraenequipo_opt.png","contentUrl":"https:\/\/www.sonoraenequipo.com.mx\/storage\/2019\/01\/sonoraenequipo_opt.png","width":375,"height":125,"caption":"Sonoraenequipo.com.mx"},"image":{"@id":"https:\/\/www.sonoraenequipo.com.mx\/#\/schema\/logo\/image\/"},"sameAs":["https:\/\/www.facebook.com\/SonoraEE\/","https:\/\/x.com\/sonoraenequipo","https:\/\/www.youtube.com\/channel\/UC338nW-lPEYmJQs4ZABQ1SQ"]},{"@type":"Person","@id":"https:\/\/www.sonoraenequipo.com.mx\/#\/schema\/person\/50102df0fb23a8fa9e8effad8fa81386","name":"enequipo","image":{"@type":"ImageObject","inLanguage":"es","@id":"https:\/\/www.sonoraenequipo.com.mx\/#\/schema\/person\/image\/","url":"https:\/\/secure.gravatar.com\/avatar\/049821681b589dabc0bc20695993ccebb09f5b5d4d790cd9251b97faac7c652b?s=96&d=blank&r=g","contentUrl":"https:\/\/secure.gravatar.com\/avatar\/049821681b589dabc0bc20695993ccebb09f5b5d4d790cd9251b97faac7c652b?s=96&d=blank&r=g","caption":"enequipo"},"sameAs":["https:\/\/www.facebook.com\/SonoraEE"]}]}},"jetpack_featured_media_url":"https:\/\/www.sonoraenequipo.com.mx\/storage\/2024\/07\/maduro-gana-eleccion.-se-queda-hasta-el-2031-min.jpg","_links":{"self":[{"href":"https:\/\/www.sonoraenequipo.com.mx\/api\/wp\/v2\/posts\/195630","targetHints":{"allow":["GET"]}}],"collection":[{"href":"https:\/\/www.sonoraenequipo.com.mx\/api\/wp\/v2\/posts"}],"about":[{"href":"https:\/\/www.sonoraenequipo.com.mx\/api\/wp\/v2\/types\/post"}],"author":[{"embeddable":true,"href":"https:\/\/www.sonoraenequipo.com.mx\/api\/wp\/v2\/users\/1"}],"replies":[{"embeddable":true,"href":"https:\/\/www.sonoraenequipo.com.mx\/api\/wp\/v2\/comments?post=195630"}],"version-history":[{"count":1,"href":"https:\/\/www.sonoraenequipo.com.mx\/api\/wp\/v2\/posts\/195630\/revisions"}],"predecessor-version":[{"id":195631,"href":"https:\/\/www.sonoraenequipo.com.mx\/api\/wp\/v2\/posts\/195630\/revisions\/195631"}],"wp:featuredmedia":[{"embeddable":true,"href":"https:\/\/www.sonoraenequipo.com.mx\/api\/wp\/v2\/media\/195622"}],"wp:attachment":[{"href":"https:\/\/www.sonoraenequipo.com.mx\/api\/wp\/v2\/media?parent=195630"}],"wp:term":[{"taxonomy":"category","embeddable":true,"href":"https:\/\/www.sonoraenequipo.com.mx\/api\/wp\/v2\/categories?post=195630"},{"taxonomy":"post_tag","embeddable":true,"href":"https:\/\/www.sonoraenequipo.com.mx\/api\/wp\/v2\/tags?post=195630"}],"curies":[{"name":"wp","href":"https:\/\/api.w.org\/{rel}","templated":true}]}}