{"id":195635,"date":"2024-07-29T08:49:27","date_gmt":"2024-07-29T15:49:27","guid":{"rendered":"https:\/\/www.sonoraenequipo.com.mx\/?p=195635"},"modified":"2024-07-29T08:50:14","modified_gmt":"2024-07-29T15:50:14","slug":"lopez-obrador-felicita-a-equipo-femenil-de-tiro-con-arco-por-su-medalla-en-paris2024","status":"publish","type":"post","link":"https:\/\/www.sonoraenequipo.com.mx\/lopez-obrador-felicita-a-equipo-femenil-de-tiro-con-arco-por-su-medalla-en-paris2024\/","title":{"rendered":"L\u00f3pez Obrador felicita a equipo femenil de Tiro con Arco por su medalla en #Paris2024"},"content":{"rendered":"<p><strong>CIUDAD DE M\u00c9XICO. MX. \u2014<\/strong> Luego de que ayer el equipo femenil de Tiro con Arco por equipos intuyera la primera medalla en los Juegos Ol\u00edmpicos de Paris 2024, este lunes el presidente de M\u00e9xico, Andr\u00e9s Manuel L\u00f3pez Obrador, envi\u00f3 su felicitaci\u00f3n.<\/p>\n<p> <\/p>\n<p><em><strong>\u201cPorque lo primero es lo primero, quiero felicitar a Alejandra Valencia, Ana Paula V\u00e1squez y \u00c1ngela Ru\u00edz, obtuvieron medalla de bronce por equipos en Tiro de Arco, f\u00edjense, yo me enter\u00e9 en Marquelia, all\u00e1 en Guerrero, donde tambi\u00e9n est\u00e1n pendientes de lo que pasa en las olimpiadas\u201d.<\/strong><\/em> Indic\u00f3.<\/p>\n<p>Asimismo, agradeci\u00f3 a las deportistas oro haber puesto el nombre de M\u00e9xico en alto en la m\u00e1xima justa deportiva del mundo.<\/p>\n<p><em><strong>\u201cPusieron en alto el nombre de nuestro querido M\u00e9xico en las Olimpiadas. Ya tenemos la primera medalla y enviamos nuestras felicitaciones\u201d<\/strong><\/em>. Abund\u00f3.<\/p>\n<p>Ayer, la tripleta conformada por Alejandra Valencia, Ana Paula V\u00e1squez y \u00c1ngela Ru\u00edz, obtuvieron medalla de bronce por equipos, tras lo cual agradecieron al tabasque\u00f1o por el apoyo que han recibido durante su administraci\u00f3n.<\/p>\n<p>PUBLICADO EL 29 DE JULIO DE 2024 Con informaci\u00f3n de Conferencia matutina)<\/p>\n","protected":false},"excerpt":{"rendered":"<p>CIUDAD DE M\u00c9XICO. MX. \u2014 Luego de que ayer el equipo femenil de Tiro con&#8230;<\/p>\n","protected":false},"author":1,"featured_media":195624,"comment_status":"open","ping_status":"open","sticky":false,"template":"","format":"standard","meta":{"_monsterinsights_skip_tracking":false,"_monsterinsights_sitenote_active":false,"_monsterinsights_sitenote_note":"","_monsterinsights_sitenote_category":0,"footnotes":""},"categories":[5],"tags":[],"class_list":["post"],"yoast_head":" \n<title>Sonora en Equipo. L\u00f3pez Obrador felicita a equipo femenil de Tiro con Arco por su medalla en #Paris2024 Rep\u00fablica<\/title>\n<meta name=\"description\" content=\"CIUDAD DE M\u00c9XICO. MX. \u2014 Luego de que ayer el equipo femenil de Tiro con Arco por equipos intuyera la primera medalla en los Juegos Ol\u00edmpicos de Paris En Sonora en Equipo publicamos toda la informaci\u00f3n de Sonora, M\u00e9xico y el Mundo de manera oportuna y busca que la libertad de expresi\u00f3n sea real. Visita nuestro medio informativo publicado desde Hermosillo, Sonora. %\" \/>\n<meta name=\"robots\" content=\"index, follow, max-snippet:-1, max-image-preview:large, max-video-preview:-1\" \/>\n<link rel=\"canonical\" href=\"https:\/\/www.sonoraenequipo.com.mx\/lopez-obrador-felicita-a-equipo-femenil-de-tiro-con-arco-por-su-medalla-en-paris2024\/\" \/>\n<meta property=\"og:locale\" content=\"es_ES\" \/>\n<meta property=\"og:type\" content=\"article\" \/>\n<meta property=\"og:title\" content=\"Sonora en Equipo. L\u00f3pez Obrador felicita a equipo femenil de Tiro con Arco por su medalla en #Paris2024 Rep\u00fablica\" \/>\n<meta property=\"og:description\" content=\"CIUDAD DE M\u00c9XICO. MX. \u2014 Luego de que ayer el equipo femenil de Tiro con Arco por equipos intuyera la primera medalla en los Juegos Ol\u00edmpicos de Paris En Sonora en Equipo publicamos toda la informaci\u00f3n de Sonora, M\u00e9xico y el Mundo de manera oportuna y busca que la libertad de expresi\u00f3n sea real. Visita nuestro medio informativo publicado desde Hermosillo, Sonora. %\" \/>\n<meta property=\"og:url\" content=\"https:\/\/www.sonoraenequipo.com.mx\/lopez-obrador-felicita-a-equipo-femenil-de-tiro-con-arco-por-su-medalla-en-paris2024\/\" \/>\n<meta property=\"og:site_name\" content=\"Sonora en Equipo.\" \/>\n<meta property=\"article:publisher\" content=\"https:\/\/www.facebook.com\/SonoraEE\/\" \/>\n<meta property=\"article:author\" content=\"https:\/\/www.facebook.com\/SonoraEE\" \/>\n<meta property=\"article:published_time\" content=\"2024-07-29T15:49:27+00:00\" \/>\n<meta property=\"article:modified_time\" content=\"2024-07-29T15:50:14+00:00\" \/>\n<meta property=\"og:image\" content=\"https:\/\/www.sonoraenequipo.com.mx\/storage\/2024\/07\/presidente-felicita-a-equipo-de-arco-min.jpg\" \/>\n\t<meta property=\"og:image:width\" content=\"900\" \/>\n\t<meta property=\"og:image:height\" content=\"599\" \/>\n\t<meta property=\"og:image:type\" content=\"image\/jpeg\" \/>\n<meta name=\"author\" content=\"enequipo\" \/>\n<meta name=\"twitter:card\" content=\"summary_large_image\" \/>\n<meta name=\"twitter:creator\" content=\"@sonoraenequipo\" \/>\n<meta name=\"twitter:site\" content=\"@sonoraenequipo\" \/>\n<meta name=\"twitter:label1\" content=\"Escrito por\" \/>\n\t<meta name=\"twitter:data1\" content=\"enequipo\" \/>\n\t<meta name=\"twitter:label2\" content=\"Tiempo de lectura\" \/>\n\t<meta name=\"twitter:data2\" content=\"1 minuto\" \/>\n<script type=\"application\/ld+json\" class=\"yoast-schema-graph\">{\"@context\":\"https:\/\/schema.org\",\"@graph\":[{\"@type\":\"Article\",\"@id\":\"https:\/\/www.sonoraenequipo.com.mx\/lopez-obrador-felicita-a-equipo-femenil-de-tiro-con-arco-por-su-medalla-en-paris2024\/#article\",\"isPartOf\":{\"@id\":\"https:\/\/www.sonoraenequipo.com.mx\/lopez-obrador-felicita-a-equipo-femenil-de-tiro-con-arco-por-su-medalla-en-paris2024\/\"},\"author\":{\"name\":\"enequipo\",\"@id\":\"https:\/\/www.sonoraenequipo.com.mx\/#\/schema\/person\/50102df0fb23a8fa9e8effad8fa81386\"},\"headline\":\"L\u00f3pez Obrador felicita a equipo femenil de Tiro con Arco por su medalla en #Paris2024\",\"datePublished\":\"2024-07-29T15:49:27+00:00\",\"dateModified\":\"2024-07-29T15:50:14+00:00\",\"mainEntityOfPage\":{\"@id\":\"https:\/\/www.sonoraenequipo.com.mx\/lopez-obrador-felicita-a-equipo-femenil-de-tiro-con-arco-por-su-medalla-en-paris2024\/\"},\"wordCount\":210,\"commentCount\":0,\"publisher\":{\"@id\":\"https:\/\/www.sonoraenequipo.com.mx\/#organization\"},\"image\":{\"@id\":\"https:\/\/www.sonoraenequipo.com.mx\/lopez-obrador-felicita-a-equipo-femenil-de-tiro-con-arco-por-su-medalla-en-paris2024\/#primaryimage\"},\"thumbnailUrl\":\"https:\/\/www.sonoraenequipo.com.mx\/storage\/2024\/07\/presidente-felicita-a-equipo-de-arco-min.jpg\",\"articleSection\":[\"Rep\u00fablica\"],\"inLanguage\":\"es\",\"potentialAction\":[{\"@type\":\"CommentAction\",\"name\":\"Comment\",\"target\":[\"https:\/\/www.sonoraenequipo.com.mx\/lopez-obrador-felicita-a-equipo-femenil-de-tiro-con-arco-por-su-medalla-en-paris2024\/#respond\"]}]},{\"@type\":\"WebPage\",\"@id\":\"https:\/\/www.sonoraenequipo.com.mx\/lopez-obrador-felicita-a-equipo-femenil-de-tiro-con-arco-por-su-medalla-en-paris2024\/\",\"url\":\"https:\/\/www.sonoraenequipo.com.mx\/lopez-obrador-felicita-a-equipo-femenil-de-tiro-con-arco-por-su-medalla-en-paris2024\/\",\"name\":\"Sonora en Equipo. L\u00f3pez Obrador felicita a equipo femenil de Tiro con Arco por su medalla en #Paris2024 Rep\u00fablica\",\"isPartOf\":{\"@id\":\"https:\/\/www.sonoraenequipo.com.mx\/#website\"},\"primaryImageOfPage\":{\"@id\":\"https:\/\/www.sonoraenequipo.com.mx\/lopez-obrador-felicita-a-equipo-femenil-de-tiro-con-arco-por-su-medalla-en-paris2024\/#primaryimage\"},\"image\":{\"@id\":\"https:\/\/www.sonoraenequipo.com.mx\/lopez-obrador-felicita-a-equipo-femenil-de-tiro-con-arco-por-su-medalla-en-paris2024\/#primaryimage\"},\"thumbnailUrl\":\"https:\/\/www.sonoraenequipo.com.mx\/storage\/2024\/07\/presidente-felicita-a-equipo-de-arco-min.jpg\",\"datePublished\":\"2024-07-29T15:49:27+00:00\",\"dateModified\":\"2024-07-29T15:50:14+00:00\",\"description\":\"CIUDAD DE M\u00c9XICO. MX. \u2014 Luego de que ayer el equipo femenil de Tiro con Arco por equipos intuyera la primera medalla en los Juegos Ol\u00edmpicos de Paris En Sonora en Equipo publicamos toda la informaci\u00f3n de Sonora, M\u00e9xico y el Mundo de manera oportuna y busca que la libertad de expresi\u00f3n sea real. Visita nuestro medio informativo publicado desde Hermosillo, Sonora. %\",\"breadcrumb\":{\"@id\":\"https:\/\/www.sonoraenequipo.com.mx\/lopez-obrador-felicita-a-equipo-femenil-de-tiro-con-arco-por-su-medalla-en-paris2024\/#breadcrumb\"},\"inLanguage\":\"es\",\"potentialAction\":[{\"@type\":\"ReadAction\",\"target\":[\"https:\/\/www.sonoraenequipo.com.mx\/lopez-obrador-felicita-a-equipo-femenil-de-tiro-con-arco-por-su-medalla-en-paris2024\/\"]}]},{\"@type\":\"ImageObject\",\"inLanguage\":\"es\",\"@id\":\"https:\/\/www.sonoraenequipo.com.mx\/lopez-obrador-felicita-a-equipo-femenil-de-tiro-con-arco-por-su-medalla-en-paris2024\/#primaryimage\",\"url\":\"https:\/\/www.sonoraenequipo.com.mx\/storage\/2024\/07\/presidente-felicita-a-equipo-de-arco-min.jpg\",\"contentUrl\":\"https:\/\/www.sonoraenequipo.com.mx\/storage\/2024\/07\/presidente-felicita-a-equipo-de-arco-min.jpg\",\"width\":900,\"height\":599},{\"@type\":\"BreadcrumbList\",\"@id\":\"https:\/\/www.sonoraenequipo.com.mx\/lopez-obrador-felicita-a-equipo-femenil-de-tiro-con-arco-por-su-medalla-en-paris2024\/#breadcrumb\",\"itemListElement\":[{\"@type\":\"ListItem\",\"position\":1,\"name\":\"Portada\",\"item\":\"https:\/\/www.sonoraenequipo.com.mx\/\"},{\"@type\":\"ListItem\",\"position\":2,\"name\":\"L\u00f3pez Obrador felicita a equipo femenil de Tiro con Arco por su medalla en #Paris2024\"}]},{\"@type\":\"WebSite\",\"@id\":\"https:\/\/www.sonoraenequipo.com.mx\/#website\",\"url\":\"https:\/\/www.sonoraenequipo.com.mx\/\",\"name\":\"Sonora en Equipo.\",\"description\":\"Diario en l\u00ednea con Noticias desde Hermosillo, Sonora\",\"publisher\":{\"@id\":\"https:\/\/www.sonoraenequipo.com.mx\/#organization\"},\"potentialAction\":[{\"@type\":\"SearchAction\",\"target\":{\"@type\":\"EntryPoint\",\"urlTemplate\":\"https:\/\/www.sonoraenequipo.com.mx\/?s={search_term_string}\"},\"query-input\":{\"@type\":\"PropertyValueSpecification\",\"valueRequired\":true,\"valueName\":\"search_term_string\"}}],\"inLanguage\":\"es\"},{\"@type\":\"Organization\",\"@id\":\"https:\/\/www.sonoraenequipo.com.mx\/#organization\",\"name\":\"Sonoraenequipo.com.mx\",\"url\":\"https:\/\/www.sonoraenequipo.com.mx\/\",\"logo\":{\"@type\":\"ImageObject\",\"inLanguage\":\"es\",\"@id\":\"https:\/\/www.sonoraenequipo.com.mx\/#\/schema\/logo\/image\/\",\"url\":\"https:\/\/www.sonoraenequipo.com.mx\/storage\/2019\/01\/sonoraenequipo_opt.png\",\"contentUrl\":\"https:\/\/www.sonoraenequipo.com.mx\/storage\/2019\/01\/sonoraenequipo_opt.png\",\"width\":375,\"height\":125,\"caption\":\"Sonoraenequipo.com.mx\"},\"image\":{\"@id\":\"https:\/\/www.sonoraenequipo.com.mx\/#\/schema\/logo\/image\/\"},\"sameAs\":[\"https:\/\/www.facebook.com\/SonoraEE\/\",\"https:\/\/x.com\/sonoraenequipo\",\"https:\/\/www.youtube.com\/channel\/UC338nW-lPEYmJQs4ZABQ1SQ\"]},{\"@type\":\"Person\",\"@id\":\"https:\/\/www.sonoraenequipo.com.mx\/#\/schema\/person\/50102df0fb23a8fa9e8effad8fa81386\",\"name\":\"enequipo\",\"image\":{\"@type\":\"ImageObject\",\"inLanguage\":\"es\",\"@id\":\"https:\/\/www.sonoraenequipo.com.mx\/#\/schema\/person\/image\/\",\"url\":\"https:\/\/secure.gravatar.com\/avatar\/049821681b589dabc0bc20695993ccebb09f5b5d4d790cd9251b97faac7c652b?s=96&d=blank&r=g\",\"contentUrl\":\"https:\/\/secure.gravatar.com\/avatar\/049821681b589dabc0bc20695993ccebb09f5b5d4d790cd9251b97faac7c652b?s=96&d=blank&r=g\",\"caption\":\"enequipo\"},\"sameAs\":[\"https:\/\/www.facebook.com\/SonoraEE\"]}]}<\/script>\n ","yoast_head_json":{"title":"Sonora en Equipo. L\u00f3pez Obrador felicita a equipo femenil de Tiro con Arco por su medalla en #Paris2024 Rep\u00fablica","description":"CIUDAD DE M\u00c9XICO. MX. \u2014 Luego de que ayer el equipo femenil de Tiro con Arco por equipos intuyera la primera medalla en los Juegos Ol\u00edmpicos de Paris En Sonora en Equipo publicamos toda la informaci\u00f3n de Sonora, M\u00e9xico y el Mundo de manera oportuna y busca que la libertad de expresi\u00f3n sea real. Visita nuestro medio informativo publicado desde Hermosillo, Sonora. %","robots":{"index":"index","follow":"follow","max-snippet":"max-snippet:-1","max-image-preview":"max-image-preview:large","max-video-preview":"max-video-preview:-1"},"canonical":"https:\/\/www.sonoraenequipo.com.mx\/lopez-obrador-felicita-a-equipo-femenil-de-tiro-con-arco-por-su-medalla-en-paris2024\/","og_locale":"es_ES","og_type":"article","og_title":"Sonora en Equipo. L\u00f3pez Obrador felicita a equipo femenil de Tiro con Arco por su medalla en #Paris2024 Rep\u00fablica","og_description":"CIUDAD DE M\u00c9XICO. MX. \u2014 Luego de que ayer el equipo femenil de Tiro con Arco por equipos intuyera la primera medalla en los Juegos Ol\u00edmpicos de Paris En Sonora en Equipo publicamos toda la informaci\u00f3n de Sonora, M\u00e9xico y el Mundo de manera oportuna y busca que la libertad de expresi\u00f3n sea real. Visita nuestro medio informativo publicado desde Hermosillo, Sonora. %","og_url":"https:\/\/www.sonoraenequipo.com.mx\/lopez-obrador-felicita-a-equipo-femenil-de-tiro-con-arco-por-su-medalla-en-paris2024\/","og_site_name":"Sonora en Equipo.","article_publisher":"https:\/\/www.facebook.com\/SonoraEE\/","article_author":"https:\/\/www.facebook.com\/SonoraEE","article_published_time":"2024-07-29T15:49:27+00:00","article_modified_time":"2024-07-29T15:50:14+00:00","og_image":[{"width":900,"height":599,"url":"https:\/\/www.sonoraenequipo.com.mx\/storage\/2024\/07\/presidente-felicita-a-equipo-de-arco-min.jpg","type":"image\/jpeg"}],"author":"enequipo","twitter_card":"summary_large_image","twitter_creator":"@sonoraenequipo","twitter_site":"@sonoraenequipo","twitter_misc":{"Escrito por":"enequipo","Tiempo de lectura":"1 minuto"},"schema":{"@context":"https:\/\/schema.org","@graph":[{"@type":"Article","@id":"https:\/\/www.sonoraenequipo.com.mx\/lopez-obrador-felicita-a-equipo-femenil-de-tiro-con-arco-por-su-medalla-en-paris2024\/#article","isPartOf":{"@id":"https:\/\/www.sonoraenequipo.com.mx\/lopez-obrador-felicita-a-equipo-femenil-de-tiro-con-arco-por-su-medalla-en-paris2024\/"},"author":{"name":"enequipo","@id":"https:\/\/www.sonoraenequipo.com.mx\/#\/schema\/person\/50102df0fb23a8fa9e8effad8fa81386"},"headline":"L\u00f3pez Obrador felicita a equipo femenil de Tiro con Arco por su medalla en #Paris2024","datePublished":"2024-07-29T15:49:27+00:00","dateModified":"2024-07-29T15:50:14+00:00","mainEntityOfPage":{"@id":"https:\/\/www.sonoraenequipo.com.mx\/lopez-obrador-felicita-a-equipo-femenil-de-tiro-con-arco-por-su-medalla-en-paris2024\/"},"wordCount":210,"commentCount":0,"publisher":{"@id":"https:\/\/www.sonoraenequipo.com.mx\/#organization"},"image":{"@id":"https:\/\/www.sonoraenequipo.com.mx\/lopez-obrador-felicita-a-equipo-femenil-de-tiro-con-arco-por-su-medalla-en-paris2024\/#primaryimage"},"thumbnailUrl":"https:\/\/www.sonoraenequipo.com.mx\/storage\/2024\/07\/presidente-felicita-a-equipo-de-arco-min.jpg","articleSection":["Rep\u00fablica"],"inLanguage":"es","potentialAction":[{"@type":"CommentAction","name":"Comment","target":["https:\/\/www.sonoraenequipo.com.mx\/lopez-obrador-felicita-a-equipo-femenil-de-tiro-con-arco-por-su-medalla-en-paris2024\/#respond"]}]},{"@type":"WebPage","@id":"https:\/\/www.sonoraenequipo.com.mx\/lopez-obrador-felicita-a-equipo-femenil-de-tiro-con-arco-por-su-medalla-en-paris2024\/","url":"https:\/\/www.sonoraenequipo.com.mx\/lopez-obrador-felicita-a-equipo-femenil-de-tiro-con-arco-por-su-medalla-en-paris2024\/","name":"Sonora en Equipo. L\u00f3pez Obrador felicita a equipo femenil de Tiro con Arco por su medalla en #Paris2024 Rep\u00fablica","isPartOf":{"@id":"https:\/\/www.sonoraenequipo.com.mx\/#website"},"primaryImageOfPage":{"@id":"https:\/\/www.sonoraenequipo.com.mx\/lopez-obrador-felicita-a-equipo-femenil-de-tiro-con-arco-por-su-medalla-en-paris2024\/#primaryimage"},"image":{"@id":"https:\/\/www.sonoraenequipo.com.mx\/lopez-obrador-felicita-a-equipo-femenil-de-tiro-con-arco-por-su-medalla-en-paris2024\/#primaryimage"},"thumbnailUrl":"https:\/\/www.sonoraenequipo.com.mx\/storage\/2024\/07\/presidente-felicita-a-equipo-de-arco-min.jpg","datePublished":"2024-07-29T15:49:27+00:00","dateModified":"2024-07-29T15:50:14+00:00","description":"CIUDAD DE M\u00c9XICO. MX. \u2014 Luego de que ayer el equipo femenil de Tiro con Arco por equipos intuyera la primera medalla en los Juegos Ol\u00edmpicos de Paris En Sonora en Equipo publicamos toda la informaci\u00f3n de Sonora, M\u00e9xico y el Mundo de manera oportuna y busca que la libertad de expresi\u00f3n sea real. Visita nuestro medio informativo publicado desde Hermosillo, Sonora. %","breadcrumb":{"@id":"https:\/\/www.sonoraenequipo.com.mx\/lopez-obrador-felicita-a-equipo-femenil-de-tiro-con-arco-por-su-medalla-en-paris2024\/#breadcrumb"},"inLanguage":"es","potentialAction":[{"@type":"ReadAction","target":["https:\/\/www.sonoraenequipo.com.mx\/lopez-obrador-felicita-a-equipo-femenil-de-tiro-con-arco-por-su-medalla-en-paris2024\/"]}]},{"@type":"ImageObject","inLanguage":"es","@id":"https:\/\/www.sonoraenequipo.com.mx\/lopez-obrador-felicita-a-equipo-femenil-de-tiro-con-arco-por-su-medalla-en-paris2024\/#primaryimage","url":"https:\/\/www.sonoraenequipo.com.mx\/storage\/2024\/07\/presidente-felicita-a-equipo-de-arco-min.jpg","contentUrl":"https:\/\/www.sonoraenequipo.com.mx\/storage\/2024\/07\/presidente-felicita-a-equipo-de-arco-min.jpg","width":900,"height":599},{"@type":"BreadcrumbList","@id":"https:\/\/www.sonoraenequipo.com.mx\/lopez-obrador-felicita-a-equipo-femenil-de-tiro-con-arco-por-su-medalla-en-paris2024\/#breadcrumb","itemListElement":[{"@type":"ListItem","position":1,"name":"Portada","item":"https:\/\/www.sonoraenequipo.com.mx\/"},{"@type":"ListItem","position":2,"name":"L\u00f3pez Obrador felicita a equipo femenil de Tiro con Arco por su medalla en #Paris2024"}]},{"@type":"WebSite","@id":"https:\/\/www.sonoraenequipo.com.mx\/#website","url":"https:\/\/www.sonoraenequipo.com.mx\/","name":"Sonora en Equipo.","description":"Diario en l\u00ednea con Noticias desde Hermosillo, Sonora","publisher":{"@id":"https:\/\/www.sonoraenequipo.com.mx\/#organization"},"potentialAction":[{"@type":"SearchAction","target":{"@type":"EntryPoint","urlTemplate":"https:\/\/www.sonoraenequipo.com.mx\/?s={search_term_string}"},"query-input":{"@type":"PropertyValueSpecification","valueRequired":true,"valueName":"search_term_string"}}],"inLanguage":"es"},{"@type":"Organization","@id":"https:\/\/www.sonoraenequipo.com.mx\/#organization","name":"Sonoraenequipo.com.mx","url":"https:\/\/www.sonoraenequipo.com.mx\/","logo":{"@type":"ImageObject","inLanguage":"es","@id":"https:\/\/www.sonoraenequipo.com.mx\/#\/schema\/logo\/image\/","url":"https:\/\/www.sonoraenequipo.com.mx\/storage\/2019\/01\/sonoraenequipo_opt.png","contentUrl":"https:\/\/www.sonoraenequipo.com.mx\/storage\/2019\/01\/sonoraenequipo_opt.png","width":375,"height":125,"caption":"Sonoraenequipo.com.mx"},"image":{"@id":"https:\/\/www.sonoraenequipo.com.mx\/#\/schema\/logo\/image\/"},"sameAs":["https:\/\/www.facebook.com\/SonoraEE\/","https:\/\/x.com\/sonoraenequipo","https:\/\/www.youtube.com\/channel\/UC338nW-lPEYmJQs4ZABQ1SQ"]},{"@type":"Person","@id":"https:\/\/www.sonoraenequipo.com.mx\/#\/schema\/person\/50102df0fb23a8fa9e8effad8fa81386","name":"enequipo","image":{"@type":"ImageObject","inLanguage":"es","@id":"https:\/\/www.sonoraenequipo.com.mx\/#\/schema\/person\/image\/","url":"https:\/\/secure.gravatar.com\/avatar\/049821681b589dabc0bc20695993ccebb09f5b5d4d790cd9251b97faac7c652b?s=96&d=blank&r=g","contentUrl":"https:\/\/secure.gravatar.com\/avatar\/049821681b589dabc0bc20695993ccebb09f5b5d4d790cd9251b97faac7c652b?s=96&d=blank&r=g","caption":"enequipo"},"sameAs":["https:\/\/www.facebook.com\/SonoraEE"]}]}},"jetpack_featured_media_url":"https:\/\/www.sonoraenequipo.com.mx\/storage\/2024\/07\/presidente-felicita-a-equipo-de-arco-min.jpg","_links":{"self":[{"href":"https:\/\/www.sonoraenequipo.com.mx\/api\/wp\/v2\/posts\/195635","targetHints":{"allow":["GET"]}}],"collection":[{"href":"https:\/\/www.sonoraenequipo.com.mx\/api\/wp\/v2\/posts"}],"about":[{"href":"https:\/\/www.sonoraenequipo.com.mx\/api\/wp\/v2\/types\/post"}],"author":[{"embeddable":true,"href":"https:\/\/www.sonoraenequipo.com.mx\/api\/wp\/v2\/users\/1"}],"replies":[{"embeddable":true,"href":"https:\/\/www.sonoraenequipo.com.mx\/api\/wp\/v2\/comments?post=195635"}],"version-history":[{"count":2,"href":"https:\/\/www.sonoraenequipo.com.mx\/api\/wp\/v2\/posts\/195635\/revisions"}],"predecessor-version":[{"id":195637,"href":"https:\/\/www.sonoraenequipo.com.mx\/api\/wp\/v2\/posts\/195635\/revisions\/195637"}],"wp:featuredmedia":[{"embeddable":true,"href":"https:\/\/www.sonoraenequipo.com.mx\/api\/wp\/v2\/media\/195624"}],"wp:attachment":[{"href":"https:\/\/www.sonoraenequipo.com.mx\/api\/wp\/v2\/media?parent=195635"}],"wp:term":[{"taxonomy":"category","embeddable":true,"href":"https:\/\/www.sonoraenequipo.com.mx\/api\/wp\/v2\/categories?post=195635"},{"taxonomy":"post_tag","embeddable":true,"href":"https:\/\/www.sonoraenequipo.com.mx\/api\/wp\/v2\/tags?post=195635"}],"curies":[{"name":"wp","href":"https:\/\/api.w.org\/{rel}","templated":true}]}}