{"id":195654,"date":"2024-07-29T09:07:21","date_gmt":"2024-07-29T16:07:21","guid":{"rendered":"https:\/\/www.sonoraenequipo.com.mx\/?p=195654"},"modified":"2024-07-29T14:29:46","modified_gmt":"2024-07-29T21:29:46","slug":"por-alta-demanda-tren-maya-suma-dos-servicios-comerciales","status":"publish","type":"post","link":"https:\/\/www.sonoraenequipo.com.mx\/por-alta-demanda-tren-maya-suma-dos-servicios-comerciales\/","title":{"rendered":"Por alta demanda, Tren Maya suma dos servicios comerciales"},"content":{"rendered":"<p><strong>CIUDAD DE M\u00c9XICO. MX. \u2014<\/strong> Debido a la creciente compra de boletos por parte de turistas nacionales y extranjeros, el Tren Maya agreg\u00f3 dos servicios comerciales, anunci\u00f3 el director general de este nuevo medio de transporte en el sureste, \u00d3scar David Lozano \u00c1guila.<\/p>\n<p> <\/p>\n<p>Desde el pasado viernes 26 de julio est\u00e1 disponible la ruta de Canc\u00fan-M\u00e9rida a las 11:45 horas y M\u00e9rida-Canc\u00fan a las 14:40 horas. Los boletos pueden adquirirse en l\u00ednea: https:\/\/reservas.ventaboletostrenmaya.com.mx y www.trenmaya.gob.mx o en las taquillas de las estaciones del Tren Maya.<\/p>\n<h3>El director general del Tren Maya S.A. de C.V. precis\u00f3 que habr\u00e1 ocho servicios en total:<\/h3>\n<p><strong>9:00 horas Palenque-Canc\u00fan<\/strong><\/p>\n<p><strong>9:30 horas Canc\u00fan-Palenque<\/strong><\/p>\n<p><strong>7:00 horas Campeche-Canc\u00fan<\/strong><\/p>\n<p><strong>16:30 horas Canc\u00fan-Campeche<\/strong><\/p>\n<p><strong>7:00 horas M\u00e9rida-Playa del Carmen<\/strong><\/p>\n<p><strong>17:30 horas Playa del Carmen-M\u00e9rida<\/strong><\/p>\n<p>El pasado fin de semana, el Tren Maya logr\u00f3 un r\u00e9cord con m\u00e1s de 3 mil pasajeros a bordo, destac\u00f3 en conferencia de prensa matutina con el presidente Andr\u00e9s Manuel L\u00f3pez Obrador.<\/p>\n<p>Del 16 de diciembre de 2023 al 23 de julio de 2024, el Tren Maya contabiliza 276 mil 825 pasajeras y pasajeros movilizados en los diferentes tramos disponibles que conectan con antiguas y actuales ciudades mayas.<\/p>\n<p>El tramo 3 de Calkin\u00ed, Campeche, a Izamal, Yucat\u00e1n, es la ruta de mayor afluencia entre los turistas. Suman 73 mil 143 personas transportadas, de las cuales, 3 mil 575 fueron ni\u00f1as y ni\u00f1os y 69 mil 568 adultos; adquirieron 55 mil 174 boletos en taquillas de las estaciones y 17 mil 969 en l\u00ednea.<\/p>\n<p>Del boletaje total, 37 mil 212 corresponden a pasajeros nacionales, 18 mil 909 locales, 3 mil 900 internacionales y 13 mil 122 pasajes especiales con descuento para maestras, maestros, estudiantes, personas con discapacidad y adultos mayores.<\/p>\n<p>El tramo 3 consta de 160 kil\u00f3metros de v\u00eda f\u00e9rrea en 15 municipios de Campeche y Yucat\u00e1n. El recorrido tiene seis estaciones: Calkin\u00ed, Maxcan\u00fa, Um\u00e1n, M\u00e9rida-Teya, Tixkokob e Izamal. A partir de M\u00e9rida inicia el tramo de 60 kil\u00f3metros de v\u00eda doble electrificada.<\/p>\n<p>Al respecto, el director general de la Comisi\u00f3n Federal de Electricidad (CFE), Manuel Bartlett D\u00edaz, se\u00f1al\u00f3 que la dependencia construye 690 kil\u00f3metros de v\u00eda electrificada en la pen\u00ednsula de Yucat\u00e1n para el funcionamiento del Tren Maya, equivalente a una superficie m\u00e1s extensa que la de Pa\u00edses Bajos, Dinamarca y Suiza juntos.<\/p>\n<p>La CFE tambi\u00e9n particip\u00f3 en la creaci\u00f3n de la Central Fotovoltaica Nachi Cocom, en Yucat\u00e1n, con capacidad de 7 megawatts, que dotar\u00e1 de energ\u00eda a los autobuses el\u00e9ctricos del sistema de transporte p\u00fablico Ie-Tram, a 53 obras mayores, 11 l\u00edneas de transmisi\u00f3n y 42 subestaciones que proporcionan fuerza de tracci\u00f3n al Tren Maya.<\/p>\n<p>El director general de Grupo Azvindi Ferroviario, Manuel Mu\u00f1ozcano Castro, puntualiz\u00f3 que la construcci\u00f3n del tramo 3 dio lugar a 34 pasos vehiculares, 153 obras de drenaje, tres viaductos y 100 obras sociales, entre las que resaltan espacios deportivos, escuelas, red el\u00e9ctrica, rehabilitaci\u00f3n de calles, cl\u00ednicas y alumbrado p\u00fablico.<\/p>\n<p>El director general del Tren Maya agreg\u00f3 que la infraestructura del tramo 3 incluye el Centro de Procesamiento de Datos, que albergar\u00e1 sistemas de gesti\u00f3n gubernamental y administrativos; el Centro de Operaciones Ferroviarias, la Terminal Multimodal, una base de mantenimiento y una cochera.<\/p>\n<p>La directora general de Alstom M\u00e9xico, Maite Ramos G\u00f3mez, inform\u00f3 que los empleos incrementaron m\u00e1s del 50 por ciento en la planta de Ciudad Sahag\u00fan, Hidalgo, gracias al Tren Maya. Las y los trabajadores ensamblan y ejecutan pruebas est\u00e1ticas del material rodante.<\/p>\n<p>El gobernador de Yucat\u00e1n, Mauricio Vila Dosal, reconoci\u00f3 los beneficios del Tren Maya en la entidad y el trabajo coordinado entre los gobiernos federal y estata<\/p>\n<p>PUBLICADO EL 29 DE JULIO DE 2024 Con informaci\u00f3n de Conferencia presidencial)<\/p>\n","protected":false},"excerpt":{"rendered":"<p>CIUDAD DE M\u00c9XICO. MX. \u2014 Debido a la creciente compra de boletos por parte de&#8230;<\/p>\n","protected":false},"author":1,"featured_media":195660,"comment_status":"open","ping_status":"open","sticky":false,"template":"","format":"standard","meta":{"_monsterinsights_skip_tracking":false,"_monsterinsights_sitenote_active":false,"_monsterinsights_sitenote_note":"","_monsterinsights_sitenote_category":0,"footnotes":""},"categories":[5],"tags":[],"class_list":["post"],"yoast_head":" \n<title>Sonora en Equipo. Por alta demanda, Tren Maya suma dos servicios comerciales Rep\u00fablica<\/title>\n<meta name=\"description\" content=\"CIUDAD DE M\u00c9XICO. MX. \u2014 Debido a la creciente compra de boletos por parte de turistas nacionales y extranjeros, el Tren Maya agreg\u00f3 dos servicios En Sonora en Equipo publicamos toda la informaci\u00f3n de Sonora, M\u00e9xico y el Mundo de manera oportuna y busca que la libertad de expresi\u00f3n sea real. Visita nuestro medio informativo publicado desde Hermosillo, Sonora. %\" \/>\n<meta name=\"robots\" content=\"index, follow, max-snippet:-1, max-image-preview:large, max-video-preview:-1\" \/>\n<link rel=\"canonical\" href=\"https:\/\/www.sonoraenequipo.com.mx\/por-alta-demanda-tren-maya-suma-dos-servicios-comerciales\/\" \/>\n<meta property=\"og:locale\" content=\"es_ES\" \/>\n<meta property=\"og:type\" content=\"article\" \/>\n<meta property=\"og:title\" content=\"Sonora en Equipo. Por alta demanda, Tren Maya suma dos servicios comerciales Rep\u00fablica\" \/>\n<meta property=\"og:description\" content=\"CIUDAD DE M\u00c9XICO. MX. \u2014 Debido a la creciente compra de boletos por parte de turistas nacionales y extranjeros, el Tren Maya agreg\u00f3 dos servicios En Sonora en Equipo publicamos toda la informaci\u00f3n de Sonora, M\u00e9xico y el Mundo de manera oportuna y busca que la libertad de expresi\u00f3n sea real. Visita nuestro medio informativo publicado desde Hermosillo, Sonora. %\" \/>\n<meta property=\"og:url\" content=\"https:\/\/www.sonoraenequipo.com.mx\/por-alta-demanda-tren-maya-suma-dos-servicios-comerciales\/\" \/>\n<meta property=\"og:site_name\" content=\"Sonora en Equipo.\" \/>\n<meta property=\"article:publisher\" content=\"https:\/\/www.facebook.com\/SonoraEE\/\" \/>\n<meta property=\"article:author\" content=\"https:\/\/www.facebook.com\/SonoraEE\" \/>\n<meta property=\"article:published_time\" content=\"2024-07-29T16:07:21+00:00\" \/>\n<meta property=\"article:modified_time\" content=\"2024-07-29T21:29:46+00:00\" \/>\n<meta property=\"og:image\" content=\"https:\/\/www.sonoraenequipo.com.mx\/storage\/2024\/07\/Blas-Andres-Nunez-jORDAN-min.jpg\" \/>\n\t<meta property=\"og:image:width\" content=\"1500\" \/>\n\t<meta property=\"og:image:height\" content=\"1000\" \/>\n\t<meta property=\"og:image:type\" content=\"image\/jpeg\" \/>\n<meta name=\"author\" content=\"enequipo\" \/>\n<meta name=\"twitter:card\" content=\"summary_large_image\" \/>\n<meta name=\"twitter:creator\" content=\"@sonoraenequipo\" \/>\n<meta name=\"twitter:site\" content=\"@sonoraenequipo\" \/>\n<meta name=\"twitter:label1\" content=\"Escrito por\" \/>\n\t<meta name=\"twitter:data1\" content=\"enequipo\" \/>\n\t<meta name=\"twitter:label2\" content=\"Tiempo de lectura\" \/>\n\t<meta name=\"twitter:data2\" content=\"3 minutos\" \/>\n<script type=\"application\/ld+json\" class=\"yoast-schema-graph\">{\"@context\":\"https:\/\/schema.org\",\"@graph\":[{\"@type\":\"Article\",\"@id\":\"https:\/\/www.sonoraenequipo.com.mx\/por-alta-demanda-tren-maya-suma-dos-servicios-comerciales\/#article\",\"isPartOf\":{\"@id\":\"https:\/\/www.sonoraenequipo.com.mx\/por-alta-demanda-tren-maya-suma-dos-servicios-comerciales\/\"},\"author\":{\"name\":\"enequipo\",\"@id\":\"https:\/\/www.sonoraenequipo.com.mx\/#\/schema\/person\/50102df0fb23a8fa9e8effad8fa81386\"},\"headline\":\"Por alta demanda, Tren Maya suma dos servicios comerciales\",\"datePublished\":\"2024-07-29T16:07:21+00:00\",\"dateModified\":\"2024-07-29T21:29:46+00:00\",\"mainEntityOfPage\":{\"@id\":\"https:\/\/www.sonoraenequipo.com.mx\/por-alta-demanda-tren-maya-suma-dos-servicios-comerciales\/\"},\"wordCount\":627,\"commentCount\":0,\"publisher\":{\"@id\":\"https:\/\/www.sonoraenequipo.com.mx\/#organization\"},\"image\":{\"@id\":\"https:\/\/www.sonoraenequipo.com.mx\/por-alta-demanda-tren-maya-suma-dos-servicios-comerciales\/#primaryimage\"},\"thumbnailUrl\":\"https:\/\/www.sonoraenequipo.com.mx\/storage\/2024\/07\/Blas-Andres-Nunez-jORDAN-min.jpg\",\"articleSection\":[\"Rep\u00fablica\"],\"inLanguage\":\"es\",\"potentialAction\":[{\"@type\":\"CommentAction\",\"name\":\"Comment\",\"target\":[\"https:\/\/www.sonoraenequipo.com.mx\/por-alta-demanda-tren-maya-suma-dos-servicios-comerciales\/#respond\"]}]},{\"@type\":\"WebPage\",\"@id\":\"https:\/\/www.sonoraenequipo.com.mx\/por-alta-demanda-tren-maya-suma-dos-servicios-comerciales\/\",\"url\":\"https:\/\/www.sonoraenequipo.com.mx\/por-alta-demanda-tren-maya-suma-dos-servicios-comerciales\/\",\"name\":\"Sonora en Equipo. Por alta demanda, Tren Maya suma dos servicios comerciales Rep\u00fablica\",\"isPartOf\":{\"@id\":\"https:\/\/www.sonoraenequipo.com.mx\/#website\"},\"primaryImageOfPage\":{\"@id\":\"https:\/\/www.sonoraenequipo.com.mx\/por-alta-demanda-tren-maya-suma-dos-servicios-comerciales\/#primaryimage\"},\"image\":{\"@id\":\"https:\/\/www.sonoraenequipo.com.mx\/por-alta-demanda-tren-maya-suma-dos-servicios-comerciales\/#primaryimage\"},\"thumbnailUrl\":\"https:\/\/www.sonoraenequipo.com.mx\/storage\/2024\/07\/Blas-Andres-Nunez-jORDAN-min.jpg\",\"datePublished\":\"2024-07-29T16:07:21+00:00\",\"dateModified\":\"2024-07-29T21:29:46+00:00\",\"description\":\"CIUDAD DE M\u00c9XICO. MX. \u2014 Debido a la creciente compra de boletos por parte de turistas nacionales y extranjeros, el Tren Maya agreg\u00f3 dos servicios En Sonora en Equipo publicamos toda la informaci\u00f3n de Sonora, M\u00e9xico y el Mundo de manera oportuna y busca que la libertad de expresi\u00f3n sea real. Visita nuestro medio informativo publicado desde Hermosillo, Sonora. %\",\"breadcrumb\":{\"@id\":\"https:\/\/www.sonoraenequipo.com.mx\/por-alta-demanda-tren-maya-suma-dos-servicios-comerciales\/#breadcrumb\"},\"inLanguage\":\"es\",\"potentialAction\":[{\"@type\":\"ReadAction\",\"target\":[\"https:\/\/www.sonoraenequipo.com.mx\/por-alta-demanda-tren-maya-suma-dos-servicios-comerciales\/\"]}]},{\"@type\":\"ImageObject\",\"inLanguage\":\"es\",\"@id\":\"https:\/\/www.sonoraenequipo.com.mx\/por-alta-demanda-tren-maya-suma-dos-servicios-comerciales\/#primaryimage\",\"url\":\"https:\/\/www.sonoraenequipo.com.mx\/storage\/2024\/07\/Blas-Andres-Nunez-jORDAN-min.jpg\",\"contentUrl\":\"https:\/\/www.sonoraenequipo.com.mx\/storage\/2024\/07\/Blas-Andres-Nunez-jORDAN-min.jpg\",\"width\":1500,\"height\":1000},{\"@type\":\"BreadcrumbList\",\"@id\":\"https:\/\/www.sonoraenequipo.com.mx\/por-alta-demanda-tren-maya-suma-dos-servicios-comerciales\/#breadcrumb\",\"itemListElement\":[{\"@type\":\"ListItem\",\"position\":1,\"name\":\"Portada\",\"item\":\"https:\/\/www.sonoraenequipo.com.mx\/\"},{\"@type\":\"ListItem\",\"position\":2,\"name\":\"Por alta demanda, Tren Maya suma dos servicios comerciales\"}]},{\"@type\":\"WebSite\",\"@id\":\"https:\/\/www.sonoraenequipo.com.mx\/#website\",\"url\":\"https:\/\/www.sonoraenequipo.com.mx\/\",\"name\":\"Sonora en Equipo.\",\"description\":\"Diario en l\u00ednea con Noticias desde Hermosillo, Sonora\",\"publisher\":{\"@id\":\"https:\/\/www.sonoraenequipo.com.mx\/#organization\"},\"potentialAction\":[{\"@type\":\"SearchAction\",\"target\":{\"@type\":\"EntryPoint\",\"urlTemplate\":\"https:\/\/www.sonoraenequipo.com.mx\/?s={search_term_string}\"},\"query-input\":{\"@type\":\"PropertyValueSpecification\",\"valueRequired\":true,\"valueName\":\"search_term_string\"}}],\"inLanguage\":\"es\"},{\"@type\":\"Organization\",\"@id\":\"https:\/\/www.sonoraenequipo.com.mx\/#organization\",\"name\":\"Sonoraenequipo.com.mx\",\"url\":\"https:\/\/www.sonoraenequipo.com.mx\/\",\"logo\":{\"@type\":\"ImageObject\",\"inLanguage\":\"es\",\"@id\":\"https:\/\/www.sonoraenequipo.com.mx\/#\/schema\/logo\/image\/\",\"url\":\"https:\/\/www.sonoraenequipo.com.mx\/storage\/2019\/01\/sonoraenequipo_opt.png\",\"contentUrl\":\"https:\/\/www.sonoraenequipo.com.mx\/storage\/2019\/01\/sonoraenequipo_opt.png\",\"width\":375,\"height\":125,\"caption\":\"Sonoraenequipo.com.mx\"},\"image\":{\"@id\":\"https:\/\/www.sonoraenequipo.com.mx\/#\/schema\/logo\/image\/\"},\"sameAs\":[\"https:\/\/www.facebook.com\/SonoraEE\/\",\"https:\/\/x.com\/sonoraenequipo\",\"https:\/\/www.youtube.com\/channel\/UC338nW-lPEYmJQs4ZABQ1SQ\"]},{\"@type\":\"Person\",\"@id\":\"https:\/\/www.sonoraenequipo.com.mx\/#\/schema\/person\/50102df0fb23a8fa9e8effad8fa81386\",\"name\":\"enequipo\",\"image\":{\"@type\":\"ImageObject\",\"inLanguage\":\"es\",\"@id\":\"https:\/\/www.sonoraenequipo.com.mx\/#\/schema\/person\/image\/\",\"url\":\"https:\/\/secure.gravatar.com\/avatar\/049821681b589dabc0bc20695993ccebb09f5b5d4d790cd9251b97faac7c652b?s=96&d=blank&r=g\",\"contentUrl\":\"https:\/\/secure.gravatar.com\/avatar\/049821681b589dabc0bc20695993ccebb09f5b5d4d790cd9251b97faac7c652b?s=96&d=blank&r=g\",\"caption\":\"enequipo\"},\"sameAs\":[\"https:\/\/www.facebook.com\/SonoraEE\"]}]}<\/script>\n ","yoast_head_json":{"title":"Sonora en Equipo. Por alta demanda, Tren Maya suma dos servicios comerciales Rep\u00fablica","description":"CIUDAD DE M\u00c9XICO. MX. \u2014 Debido a la creciente compra de boletos por parte de turistas nacionales y extranjeros, el Tren Maya agreg\u00f3 dos servicios En Sonora en Equipo publicamos toda la informaci\u00f3n de Sonora, M\u00e9xico y el Mundo de manera oportuna y busca que la libertad de expresi\u00f3n sea real. Visita nuestro medio informativo publicado desde Hermosillo, Sonora. %","robots":{"index":"index","follow":"follow","max-snippet":"max-snippet:-1","max-image-preview":"max-image-preview:large","max-video-preview":"max-video-preview:-1"},"canonical":"https:\/\/www.sonoraenequipo.com.mx\/por-alta-demanda-tren-maya-suma-dos-servicios-comerciales\/","og_locale":"es_ES","og_type":"article","og_title":"Sonora en Equipo. Por alta demanda, Tren Maya suma dos servicios comerciales Rep\u00fablica","og_description":"CIUDAD DE M\u00c9XICO. MX. \u2014 Debido a la creciente compra de boletos por parte de turistas nacionales y extranjeros, el Tren Maya agreg\u00f3 dos servicios En Sonora en Equipo publicamos toda la informaci\u00f3n de Sonora, M\u00e9xico y el Mundo de manera oportuna y busca que la libertad de expresi\u00f3n sea real. Visita nuestro medio informativo publicado desde Hermosillo, Sonora. %","og_url":"https:\/\/www.sonoraenequipo.com.mx\/por-alta-demanda-tren-maya-suma-dos-servicios-comerciales\/","og_site_name":"Sonora en Equipo.","article_publisher":"https:\/\/www.facebook.com\/SonoraEE\/","article_author":"https:\/\/www.facebook.com\/SonoraEE","article_published_time":"2024-07-29T16:07:21+00:00","article_modified_time":"2024-07-29T21:29:46+00:00","og_image":[{"width":1500,"height":1000,"url":"https:\/\/www.sonoraenequipo.com.mx\/storage\/2024\/07\/Blas-Andres-Nunez-jORDAN-min.jpg","type":"image\/jpeg"}],"author":"enequipo","twitter_card":"summary_large_image","twitter_creator":"@sonoraenequipo","twitter_site":"@sonoraenequipo","twitter_misc":{"Escrito por":"enequipo","Tiempo de lectura":"3 minutos"},"schema":{"@context":"https:\/\/schema.org","@graph":[{"@type":"Article","@id":"https:\/\/www.sonoraenequipo.com.mx\/por-alta-demanda-tren-maya-suma-dos-servicios-comerciales\/#article","isPartOf":{"@id":"https:\/\/www.sonoraenequipo.com.mx\/por-alta-demanda-tren-maya-suma-dos-servicios-comerciales\/"},"author":{"name":"enequipo","@id":"https:\/\/www.sonoraenequipo.com.mx\/#\/schema\/person\/50102df0fb23a8fa9e8effad8fa81386"},"headline":"Por alta demanda, Tren Maya suma dos servicios comerciales","datePublished":"2024-07-29T16:07:21+00:00","dateModified":"2024-07-29T21:29:46+00:00","mainEntityOfPage":{"@id":"https:\/\/www.sonoraenequipo.com.mx\/por-alta-demanda-tren-maya-suma-dos-servicios-comerciales\/"},"wordCount":627,"commentCount":0,"publisher":{"@id":"https:\/\/www.sonoraenequipo.com.mx\/#organization"},"image":{"@id":"https:\/\/www.sonoraenequipo.com.mx\/por-alta-demanda-tren-maya-suma-dos-servicios-comerciales\/#primaryimage"},"thumbnailUrl":"https:\/\/www.sonoraenequipo.com.mx\/storage\/2024\/07\/Blas-Andres-Nunez-jORDAN-min.jpg","articleSection":["Rep\u00fablica"],"inLanguage":"es","potentialAction":[{"@type":"CommentAction","name":"Comment","target":["https:\/\/www.sonoraenequipo.com.mx\/por-alta-demanda-tren-maya-suma-dos-servicios-comerciales\/#respond"]}]},{"@type":"WebPage","@id":"https:\/\/www.sonoraenequipo.com.mx\/por-alta-demanda-tren-maya-suma-dos-servicios-comerciales\/","url":"https:\/\/www.sonoraenequipo.com.mx\/por-alta-demanda-tren-maya-suma-dos-servicios-comerciales\/","name":"Sonora en Equipo. Por alta demanda, Tren Maya suma dos servicios comerciales Rep\u00fablica","isPartOf":{"@id":"https:\/\/www.sonoraenequipo.com.mx\/#website"},"primaryImageOfPage":{"@id":"https:\/\/www.sonoraenequipo.com.mx\/por-alta-demanda-tren-maya-suma-dos-servicios-comerciales\/#primaryimage"},"image":{"@id":"https:\/\/www.sonoraenequipo.com.mx\/por-alta-demanda-tren-maya-suma-dos-servicios-comerciales\/#primaryimage"},"thumbnailUrl":"https:\/\/www.sonoraenequipo.com.mx\/storage\/2024\/07\/Blas-Andres-Nunez-jORDAN-min.jpg","datePublished":"2024-07-29T16:07:21+00:00","dateModified":"2024-07-29T21:29:46+00:00","description":"CIUDAD DE M\u00c9XICO. MX. \u2014 Debido a la creciente compra de boletos por parte de turistas nacionales y extranjeros, el Tren Maya agreg\u00f3 dos servicios En Sonora en Equipo publicamos toda la informaci\u00f3n de Sonora, M\u00e9xico y el Mundo de manera oportuna y busca que la libertad de expresi\u00f3n sea real. Visita nuestro medio informativo publicado desde Hermosillo, Sonora. %","breadcrumb":{"@id":"https:\/\/www.sonoraenequipo.com.mx\/por-alta-demanda-tren-maya-suma-dos-servicios-comerciales\/#breadcrumb"},"inLanguage":"es","potentialAction":[{"@type":"ReadAction","target":["https:\/\/www.sonoraenequipo.com.mx\/por-alta-demanda-tren-maya-suma-dos-servicios-comerciales\/"]}]},{"@type":"ImageObject","inLanguage":"es","@id":"https:\/\/www.sonoraenequipo.com.mx\/por-alta-demanda-tren-maya-suma-dos-servicios-comerciales\/#primaryimage","url":"https:\/\/www.sonoraenequipo.com.mx\/storage\/2024\/07\/Blas-Andres-Nunez-jORDAN-min.jpg","contentUrl":"https:\/\/www.sonoraenequipo.com.mx\/storage\/2024\/07\/Blas-Andres-Nunez-jORDAN-min.jpg","width":1500,"height":1000},{"@type":"BreadcrumbList","@id":"https:\/\/www.sonoraenequipo.com.mx\/por-alta-demanda-tren-maya-suma-dos-servicios-comerciales\/#breadcrumb","itemListElement":[{"@type":"ListItem","position":1,"name":"Portada","item":"https:\/\/www.sonoraenequipo.com.mx\/"},{"@type":"ListItem","position":2,"name":"Por alta demanda, Tren Maya suma dos servicios comerciales"}]},{"@type":"WebSite","@id":"https:\/\/www.sonoraenequipo.com.mx\/#website","url":"https:\/\/www.sonoraenequipo.com.mx\/","name":"Sonora en Equipo.","description":"Diario en l\u00ednea con Noticias desde Hermosillo, Sonora","publisher":{"@id":"https:\/\/www.sonoraenequipo.com.mx\/#organization"},"potentialAction":[{"@type":"SearchAction","target":{"@type":"EntryPoint","urlTemplate":"https:\/\/www.sonoraenequipo.com.mx\/?s={search_term_string}"},"query-input":{"@type":"PropertyValueSpecification","valueRequired":true,"valueName":"search_term_string"}}],"inLanguage":"es"},{"@type":"Organization","@id":"https:\/\/www.sonoraenequipo.com.mx\/#organization","name":"Sonoraenequipo.com.mx","url":"https:\/\/www.sonoraenequipo.com.mx\/","logo":{"@type":"ImageObject","inLanguage":"es","@id":"https:\/\/www.sonoraenequipo.com.mx\/#\/schema\/logo\/image\/","url":"https:\/\/www.sonoraenequipo.com.mx\/storage\/2019\/01\/sonoraenequipo_opt.png","contentUrl":"https:\/\/www.sonoraenequipo.com.mx\/storage\/2019\/01\/sonoraenequipo_opt.png","width":375,"height":125,"caption":"Sonoraenequipo.com.mx"},"image":{"@id":"https:\/\/www.sonoraenequipo.com.mx\/#\/schema\/logo\/image\/"},"sameAs":["https:\/\/www.facebook.com\/SonoraEE\/","https:\/\/x.com\/sonoraenequipo","https:\/\/www.youtube.com\/channel\/UC338nW-lPEYmJQs4ZABQ1SQ"]},{"@type":"Person","@id":"https:\/\/www.sonoraenequipo.com.mx\/#\/schema\/person\/50102df0fb23a8fa9e8effad8fa81386","name":"enequipo","image":{"@type":"ImageObject","inLanguage":"es","@id":"https:\/\/www.sonoraenequipo.com.mx\/#\/schema\/person\/image\/","url":"https:\/\/secure.gravatar.com\/avatar\/049821681b589dabc0bc20695993ccebb09f5b5d4d790cd9251b97faac7c652b?s=96&d=blank&r=g","contentUrl":"https:\/\/secure.gravatar.com\/avatar\/049821681b589dabc0bc20695993ccebb09f5b5d4d790cd9251b97faac7c652b?s=96&d=blank&r=g","caption":"enequipo"},"sameAs":["https:\/\/www.facebook.com\/SonoraEE"]}]}},"jetpack_featured_media_url":"https:\/\/www.sonoraenequipo.com.mx\/storage\/2024\/07\/Blas-Andres-Nunez-jORDAN-min.jpg","_links":{"self":[{"href":"https:\/\/www.sonoraenequipo.com.mx\/api\/wp\/v2\/posts\/195654","targetHints":{"allow":["GET"]}}],"collection":[{"href":"https:\/\/www.sonoraenequipo.com.mx\/api\/wp\/v2\/posts"}],"about":[{"href":"https:\/\/www.sonoraenequipo.com.mx\/api\/wp\/v2\/types\/post"}],"author":[{"embeddable":true,"href":"https:\/\/www.sonoraenequipo.com.mx\/api\/wp\/v2\/users\/1"}],"replies":[{"embeddable":true,"href":"https:\/\/www.sonoraenequipo.com.mx\/api\/wp\/v2\/comments?post=195654"}],"version-history":[{"count":2,"href":"https:\/\/www.sonoraenequipo.com.mx\/api\/wp\/v2\/posts\/195654\/revisions"}],"predecessor-version":[{"id":195663,"href":"https:\/\/www.sonoraenequipo.com.mx\/api\/wp\/v2\/posts\/195654\/revisions\/195663"}],"wp:featuredmedia":[{"embeddable":true,"href":"https:\/\/www.sonoraenequipo.com.mx\/api\/wp\/v2\/media\/195660"}],"wp:attachment":[{"href":"https:\/\/www.sonoraenequipo.com.mx\/api\/wp\/v2\/media?parent=195654"}],"wp:term":[{"taxonomy":"category","embeddable":true,"href":"https:\/\/www.sonoraenequipo.com.mx\/api\/wp\/v2\/categories?post=195654"},{"taxonomy":"post_tag","embeddable":true,"href":"https:\/\/www.sonoraenequipo.com.mx\/api\/wp\/v2\/tags?post=195654"}],"curies":[{"name":"wp","href":"https:\/\/api.w.org\/{rel}","templated":true}]}}