{"id":195672,"date":"2024-07-29T09:07:19","date_gmt":"2024-07-29T16:07:19","guid":{"rendered":"https:\/\/www.sonoraenequipo.com.mx\/?p=195672"},"modified":"2024-07-29T22:08:15","modified_gmt":"2024-07-30T05:08:15","slug":"alarma-la-ia-utilizada-para-fines-politicos-comparten-en-redes-video-falso-de-kamala-harris","status":"publish","type":"post","link":"https:\/\/www.sonoraenequipo.com.mx\/alarma-la-ia-utilizada-para-fines-politicos-comparten-en-redes-video-falso-de-kamala-harris\/","title":{"rendered":"Alarma la IA utilizada para fines pol\u00edticos. Comparten en redes video falso de Kamala Harris"},"content":{"rendered":"<p><strong>NUEVA YORK, ESTADOS UNIDOS.<\/strong> \u2014 Un video manipulado que imita la voz de la vicepresidenta de Estados Unidos, Kamala Harris, para que parezca que dijo cosas que nunca dijo est\u00e1 suscitando preocupaciones por el poder que tiene la inteligencia artificial para enga\u00f1ar, a s\u00f3lo tres meses de que se realicen las elecciones generales.<\/p>\n<p> <\/p>\n<p>El video acapar\u00f3 la atenci\u00f3n despu\u00e9s de que el multimillonario Elon Musk lo compartiera en su plataforma de redes sociales X el viernes por la noche sin se\u00f1alar expl\u00edcitamente que se hab\u00eda publicado originalmente como parodia.<\/p>\n<p>El video utiliza muchos de los elementos visuales de un anuncio real que Harris, la probable candidata dem\u00f3crata a la presidencia, public\u00f3 la semana pasada para lanzar su campa\u00f1a. Pero el video cambia la voz en off por otra que suplanta de forma convincente a Harris.<\/p>\n<p><em><strong>\u201cYo, Kamala Harris, soy su candidata dem\u00f3crata a la presidencia porque Joe Biden finalmente sac\u00f3 a la luz su senilidad en el debate\u201d, dice la voz en el video. Afirma que Harris es alguien \u201ccontratada por la diversidad\u201d porque es mujer y persona no blanca, y dice que no sabe \u201clo m\u00e1s m\u00ednimo sobre c\u00f3mo dirigir el pa\u00eds\u201d.<\/strong><\/em> El video mantiene la marca <em><strong>\u201cHarris para Presidenta\u201d<\/strong><\/em>. Tambi\u00e9n a\u00f1ade algunos clips aut\u00e9nticos de Harris que fueron tomados en el pasado.<\/p>\n<p>PUBLICADO EL 29 DE JULIO DE 2024 Con informaci\u00f3n de LA JORNADA)<\/p>\n","protected":false},"excerpt":{"rendered":"<p>NUEVA YORK, ESTADOS UNIDOS. \u2014 Un video manipulado que imita la voz de la vicepresidenta&#8230;<\/p>\n","protected":false},"author":1,"featured_media":195673,"comment_status":"open","ping_status":"open","sticky":false,"template":"","format":"standard","meta":{"_monsterinsights_skip_tracking":false,"_monsterinsights_sitenote_active":false,"_monsterinsights_sitenote_note":"","_monsterinsights_sitenote_category":0,"footnotes":""},"categories":[3],"tags":[],"class_list":["post"],"yoast_head":" \n<title>Sonora en Equipo. Alarma la IA utilizada para fines pol\u00edticos. Comparten en redes video falso de Kamala Harris MUNDO<\/title>\n<meta name=\"description\" content=\"NUEVA YORK, ESTADOS UNIDOS. \u2014 Un video manipulado que imita la voz de la vicepresidenta de Estados Unidos, Kamala Harris, para que parezca que dijo cosas En Sonora en Equipo publicamos toda la informaci\u00f3n de Sonora, M\u00e9xico y el Mundo de manera oportuna y busca que la libertad de expresi\u00f3n sea real. Visita nuestro medio informativo publicado desde Hermosillo, Sonora. %\" \/>\n<meta name=\"robots\" content=\"index, follow, max-snippet:-1, max-image-preview:large, max-video-preview:-1\" \/>\n<link rel=\"canonical\" href=\"https:\/\/www.sonoraenequipo.com.mx\/alarma-la-ia-utilizada-para-fines-politicos-comparten-en-redes-video-falso-de-kamala-harris\/\" \/>\n<meta property=\"og:locale\" content=\"es_ES\" \/>\n<meta property=\"og:type\" content=\"article\" \/>\n<meta property=\"og:title\" content=\"Sonora en Equipo. Alarma la IA utilizada para fines pol\u00edticos. Comparten en redes video falso de Kamala Harris MUNDO\" \/>\n<meta property=\"og:description\" content=\"NUEVA YORK, ESTADOS UNIDOS. \u2014 Un video manipulado que imita la voz de la vicepresidenta de Estados Unidos, Kamala Harris, para que parezca que dijo cosas En Sonora en Equipo publicamos toda la informaci\u00f3n de Sonora, M\u00e9xico y el Mundo de manera oportuna y busca que la libertad de expresi\u00f3n sea real. Visita nuestro medio informativo publicado desde Hermosillo, Sonora. %\" \/>\n<meta property=\"og:url\" content=\"https:\/\/www.sonoraenequipo.com.mx\/alarma-la-ia-utilizada-para-fines-politicos-comparten-en-redes-video-falso-de-kamala-harris\/\" \/>\n<meta property=\"og:site_name\" content=\"Sonora en Equipo.\" \/>\n<meta property=\"article:publisher\" content=\"https:\/\/www.facebook.com\/SonoraEE\/\" \/>\n<meta property=\"article:author\" content=\"https:\/\/www.facebook.com\/SonoraEE\" \/>\n<meta property=\"article:published_time\" content=\"2024-07-29T16:07:19+00:00\" \/>\n<meta property=\"article:modified_time\" content=\"2024-07-30T05:08:15+00:00\" \/>\n<meta property=\"og:image\" content=\"https:\/\/www.sonoraenequipo.com.mx\/storage\/2024\/07\/tlmd-trump-frontera-kamala-min.jpg\" \/>\n\t<meta property=\"og:image:width\" content=\"900\" \/>\n\t<meta property=\"og:image:height\" content=\"506\" \/>\n\t<meta property=\"og:image:type\" content=\"image\/jpeg\" \/>\n<meta name=\"author\" content=\"enequipo\" \/>\n<meta name=\"twitter:card\" content=\"summary_large_image\" \/>\n<meta name=\"twitter:creator\" content=\"@sonoraenequipo\" \/>\n<meta name=\"twitter:site\" content=\"@sonoraenequipo\" \/>\n<meta name=\"twitter:label1\" content=\"Escrito por\" \/>\n\t<meta name=\"twitter:data1\" content=\"enequipo\" \/>\n\t<meta name=\"twitter:label2\" content=\"Tiempo de lectura\" \/>\n\t<meta name=\"twitter:data2\" content=\"1 minuto\" \/>\n<script type=\"application\/ld+json\" class=\"yoast-schema-graph\">{\"@context\":\"https:\/\/schema.org\",\"@graph\":[{\"@type\":\"Article\",\"@id\":\"https:\/\/www.sonoraenequipo.com.mx\/alarma-la-ia-utilizada-para-fines-politicos-comparten-en-redes-video-falso-de-kamala-harris\/#article\",\"isPartOf\":{\"@id\":\"https:\/\/www.sonoraenequipo.com.mx\/alarma-la-ia-utilizada-para-fines-politicos-comparten-en-redes-video-falso-de-kamala-harris\/\"},\"author\":{\"name\":\"enequipo\",\"@id\":\"https:\/\/www.sonoraenequipo.com.mx\/#\/schema\/person\/50102df0fb23a8fa9e8effad8fa81386\"},\"headline\":\"Alarma la IA utilizada para fines pol\u00edticos. Comparten en redes video falso de Kamala Harris\",\"datePublished\":\"2024-07-29T16:07:19+00:00\",\"dateModified\":\"2024-07-30T05:08:15+00:00\",\"mainEntityOfPage\":{\"@id\":\"https:\/\/www.sonoraenequipo.com.mx\/alarma-la-ia-utilizada-para-fines-politicos-comparten-en-redes-video-falso-de-kamala-harris\/\"},\"wordCount\":257,\"commentCount\":0,\"publisher\":{\"@id\":\"https:\/\/www.sonoraenequipo.com.mx\/#organization\"},\"image\":{\"@id\":\"https:\/\/www.sonoraenequipo.com.mx\/alarma-la-ia-utilizada-para-fines-politicos-comparten-en-redes-video-falso-de-kamala-harris\/#primaryimage\"},\"thumbnailUrl\":\"https:\/\/www.sonoraenequipo.com.mx\/storage\/2024\/07\/tlmd-trump-frontera-kamala-min.jpg\",\"articleSection\":[\"MUNDO\"],\"inLanguage\":\"es\",\"potentialAction\":[{\"@type\":\"CommentAction\",\"name\":\"Comment\",\"target\":[\"https:\/\/www.sonoraenequipo.com.mx\/alarma-la-ia-utilizada-para-fines-politicos-comparten-en-redes-video-falso-de-kamala-harris\/#respond\"]}]},{\"@type\":\"WebPage\",\"@id\":\"https:\/\/www.sonoraenequipo.com.mx\/alarma-la-ia-utilizada-para-fines-politicos-comparten-en-redes-video-falso-de-kamala-harris\/\",\"url\":\"https:\/\/www.sonoraenequipo.com.mx\/alarma-la-ia-utilizada-para-fines-politicos-comparten-en-redes-video-falso-de-kamala-harris\/\",\"name\":\"Sonora en Equipo. Alarma la IA utilizada para fines pol\u00edticos. Comparten en redes video falso de Kamala Harris MUNDO\",\"isPartOf\":{\"@id\":\"https:\/\/www.sonoraenequipo.com.mx\/#website\"},\"primaryImageOfPage\":{\"@id\":\"https:\/\/www.sonoraenequipo.com.mx\/alarma-la-ia-utilizada-para-fines-politicos-comparten-en-redes-video-falso-de-kamala-harris\/#primaryimage\"},\"image\":{\"@id\":\"https:\/\/www.sonoraenequipo.com.mx\/alarma-la-ia-utilizada-para-fines-politicos-comparten-en-redes-video-falso-de-kamala-harris\/#primaryimage\"},\"thumbnailUrl\":\"https:\/\/www.sonoraenequipo.com.mx\/storage\/2024\/07\/tlmd-trump-frontera-kamala-min.jpg\",\"datePublished\":\"2024-07-29T16:07:19+00:00\",\"dateModified\":\"2024-07-30T05:08:15+00:00\",\"description\":\"NUEVA YORK, ESTADOS UNIDOS. \u2014 Un video manipulado que imita la voz de la vicepresidenta de Estados Unidos, Kamala Harris, para que parezca que dijo cosas En Sonora en Equipo publicamos toda la informaci\u00f3n de Sonora, M\u00e9xico y el Mundo de manera oportuna y busca que la libertad de expresi\u00f3n sea real. Visita nuestro medio informativo publicado desde Hermosillo, Sonora. %\",\"breadcrumb\":{\"@id\":\"https:\/\/www.sonoraenequipo.com.mx\/alarma-la-ia-utilizada-para-fines-politicos-comparten-en-redes-video-falso-de-kamala-harris\/#breadcrumb\"},\"inLanguage\":\"es\",\"potentialAction\":[{\"@type\":\"ReadAction\",\"target\":[\"https:\/\/www.sonoraenequipo.com.mx\/alarma-la-ia-utilizada-para-fines-politicos-comparten-en-redes-video-falso-de-kamala-harris\/\"]}]},{\"@type\":\"ImageObject\",\"inLanguage\":\"es\",\"@id\":\"https:\/\/www.sonoraenequipo.com.mx\/alarma-la-ia-utilizada-para-fines-politicos-comparten-en-redes-video-falso-de-kamala-harris\/#primaryimage\",\"url\":\"https:\/\/www.sonoraenequipo.com.mx\/storage\/2024\/07\/tlmd-trump-frontera-kamala-min.jpg\",\"contentUrl\":\"https:\/\/www.sonoraenequipo.com.mx\/storage\/2024\/07\/tlmd-trump-frontera-kamala-min.jpg\",\"width\":900,\"height\":506},{\"@type\":\"BreadcrumbList\",\"@id\":\"https:\/\/www.sonoraenequipo.com.mx\/alarma-la-ia-utilizada-para-fines-politicos-comparten-en-redes-video-falso-de-kamala-harris\/#breadcrumb\",\"itemListElement\":[{\"@type\":\"ListItem\",\"position\":1,\"name\":\"Portada\",\"item\":\"https:\/\/www.sonoraenequipo.com.mx\/\"},{\"@type\":\"ListItem\",\"position\":2,\"name\":\"Alarma la IA utilizada para fines pol\u00edticos. Comparten en redes video falso de Kamala Harris\"}]},{\"@type\":\"WebSite\",\"@id\":\"https:\/\/www.sonoraenequipo.com.mx\/#website\",\"url\":\"https:\/\/www.sonoraenequipo.com.mx\/\",\"name\":\"Sonora en Equipo.\",\"description\":\"Diario en l\u00ednea con Noticias desde Hermosillo, Sonora\",\"publisher\":{\"@id\":\"https:\/\/www.sonoraenequipo.com.mx\/#organization\"},\"potentialAction\":[{\"@type\":\"SearchAction\",\"target\":{\"@type\":\"EntryPoint\",\"urlTemplate\":\"https:\/\/www.sonoraenequipo.com.mx\/?s={search_term_string}\"},\"query-input\":{\"@type\":\"PropertyValueSpecification\",\"valueRequired\":true,\"valueName\":\"search_term_string\"}}],\"inLanguage\":\"es\"},{\"@type\":\"Organization\",\"@id\":\"https:\/\/www.sonoraenequipo.com.mx\/#organization\",\"name\":\"Sonoraenequipo.com.mx\",\"url\":\"https:\/\/www.sonoraenequipo.com.mx\/\",\"logo\":{\"@type\":\"ImageObject\",\"inLanguage\":\"es\",\"@id\":\"https:\/\/www.sonoraenequipo.com.mx\/#\/schema\/logo\/image\/\",\"url\":\"https:\/\/www.sonoraenequipo.com.mx\/storage\/2019\/01\/sonoraenequipo_opt.png\",\"contentUrl\":\"https:\/\/www.sonoraenequipo.com.mx\/storage\/2019\/01\/sonoraenequipo_opt.png\",\"width\":375,\"height\":125,\"caption\":\"Sonoraenequipo.com.mx\"},\"image\":{\"@id\":\"https:\/\/www.sonoraenequipo.com.mx\/#\/schema\/logo\/image\/\"},\"sameAs\":[\"https:\/\/www.facebook.com\/SonoraEE\/\",\"https:\/\/x.com\/sonoraenequipo\",\"https:\/\/www.youtube.com\/channel\/UC338nW-lPEYmJQs4ZABQ1SQ\"]},{\"@type\":\"Person\",\"@id\":\"https:\/\/www.sonoraenequipo.com.mx\/#\/schema\/person\/50102df0fb23a8fa9e8effad8fa81386\",\"name\":\"enequipo\",\"image\":{\"@type\":\"ImageObject\",\"inLanguage\":\"es\",\"@id\":\"https:\/\/www.sonoraenequipo.com.mx\/#\/schema\/person\/image\/\",\"url\":\"https:\/\/secure.gravatar.com\/avatar\/049821681b589dabc0bc20695993ccebb09f5b5d4d790cd9251b97faac7c652b?s=96&d=blank&r=g\",\"contentUrl\":\"https:\/\/secure.gravatar.com\/avatar\/049821681b589dabc0bc20695993ccebb09f5b5d4d790cd9251b97faac7c652b?s=96&d=blank&r=g\",\"caption\":\"enequipo\"},\"sameAs\":[\"https:\/\/www.facebook.com\/SonoraEE\"]}]}<\/script>\n ","yoast_head_json":{"title":"Sonora en Equipo. Alarma la IA utilizada para fines pol\u00edticos. Comparten en redes video falso de Kamala Harris MUNDO","description":"NUEVA YORK, ESTADOS UNIDOS. \u2014 Un video manipulado que imita la voz de la vicepresidenta de Estados Unidos, Kamala Harris, para que parezca que dijo cosas En Sonora en Equipo publicamos toda la informaci\u00f3n de Sonora, M\u00e9xico y el Mundo de manera oportuna y busca que la libertad de expresi\u00f3n sea real. Visita nuestro medio informativo publicado desde Hermosillo, Sonora. %","robots":{"index":"index","follow":"follow","max-snippet":"max-snippet:-1","max-image-preview":"max-image-preview:large","max-video-preview":"max-video-preview:-1"},"canonical":"https:\/\/www.sonoraenequipo.com.mx\/alarma-la-ia-utilizada-para-fines-politicos-comparten-en-redes-video-falso-de-kamala-harris\/","og_locale":"es_ES","og_type":"article","og_title":"Sonora en Equipo. Alarma la IA utilizada para fines pol\u00edticos. Comparten en redes video falso de Kamala Harris MUNDO","og_description":"NUEVA YORK, ESTADOS UNIDOS. \u2014 Un video manipulado que imita la voz de la vicepresidenta de Estados Unidos, Kamala Harris, para que parezca que dijo cosas En Sonora en Equipo publicamos toda la informaci\u00f3n de Sonora, M\u00e9xico y el Mundo de manera oportuna y busca que la libertad de expresi\u00f3n sea real. Visita nuestro medio informativo publicado desde Hermosillo, Sonora. %","og_url":"https:\/\/www.sonoraenequipo.com.mx\/alarma-la-ia-utilizada-para-fines-politicos-comparten-en-redes-video-falso-de-kamala-harris\/","og_site_name":"Sonora en Equipo.","article_publisher":"https:\/\/www.facebook.com\/SonoraEE\/","article_author":"https:\/\/www.facebook.com\/SonoraEE","article_published_time":"2024-07-29T16:07:19+00:00","article_modified_time":"2024-07-30T05:08:15+00:00","og_image":[{"width":900,"height":506,"url":"https:\/\/www.sonoraenequipo.com.mx\/storage\/2024\/07\/tlmd-trump-frontera-kamala-min.jpg","type":"image\/jpeg"}],"author":"enequipo","twitter_card":"summary_large_image","twitter_creator":"@sonoraenequipo","twitter_site":"@sonoraenequipo","twitter_misc":{"Escrito por":"enequipo","Tiempo de lectura":"1 minuto"},"schema":{"@context":"https:\/\/schema.org","@graph":[{"@type":"Article","@id":"https:\/\/www.sonoraenequipo.com.mx\/alarma-la-ia-utilizada-para-fines-politicos-comparten-en-redes-video-falso-de-kamala-harris\/#article","isPartOf":{"@id":"https:\/\/www.sonoraenequipo.com.mx\/alarma-la-ia-utilizada-para-fines-politicos-comparten-en-redes-video-falso-de-kamala-harris\/"},"author":{"name":"enequipo","@id":"https:\/\/www.sonoraenequipo.com.mx\/#\/schema\/person\/50102df0fb23a8fa9e8effad8fa81386"},"headline":"Alarma la IA utilizada para fines pol\u00edticos. Comparten en redes video falso de Kamala Harris","datePublished":"2024-07-29T16:07:19+00:00","dateModified":"2024-07-30T05:08:15+00:00","mainEntityOfPage":{"@id":"https:\/\/www.sonoraenequipo.com.mx\/alarma-la-ia-utilizada-para-fines-politicos-comparten-en-redes-video-falso-de-kamala-harris\/"},"wordCount":257,"commentCount":0,"publisher":{"@id":"https:\/\/www.sonoraenequipo.com.mx\/#organization"},"image":{"@id":"https:\/\/www.sonoraenequipo.com.mx\/alarma-la-ia-utilizada-para-fines-politicos-comparten-en-redes-video-falso-de-kamala-harris\/#primaryimage"},"thumbnailUrl":"https:\/\/www.sonoraenequipo.com.mx\/storage\/2024\/07\/tlmd-trump-frontera-kamala-min.jpg","articleSection":["MUNDO"],"inLanguage":"es","potentialAction":[{"@type":"CommentAction","name":"Comment","target":["https:\/\/www.sonoraenequipo.com.mx\/alarma-la-ia-utilizada-para-fines-politicos-comparten-en-redes-video-falso-de-kamala-harris\/#respond"]}]},{"@type":"WebPage","@id":"https:\/\/www.sonoraenequipo.com.mx\/alarma-la-ia-utilizada-para-fines-politicos-comparten-en-redes-video-falso-de-kamala-harris\/","url":"https:\/\/www.sonoraenequipo.com.mx\/alarma-la-ia-utilizada-para-fines-politicos-comparten-en-redes-video-falso-de-kamala-harris\/","name":"Sonora en Equipo. Alarma la IA utilizada para fines pol\u00edticos. Comparten en redes video falso de Kamala Harris MUNDO","isPartOf":{"@id":"https:\/\/www.sonoraenequipo.com.mx\/#website"},"primaryImageOfPage":{"@id":"https:\/\/www.sonoraenequipo.com.mx\/alarma-la-ia-utilizada-para-fines-politicos-comparten-en-redes-video-falso-de-kamala-harris\/#primaryimage"},"image":{"@id":"https:\/\/www.sonoraenequipo.com.mx\/alarma-la-ia-utilizada-para-fines-politicos-comparten-en-redes-video-falso-de-kamala-harris\/#primaryimage"},"thumbnailUrl":"https:\/\/www.sonoraenequipo.com.mx\/storage\/2024\/07\/tlmd-trump-frontera-kamala-min.jpg","datePublished":"2024-07-29T16:07:19+00:00","dateModified":"2024-07-30T05:08:15+00:00","description":"NUEVA YORK, ESTADOS UNIDOS. \u2014 Un video manipulado que imita la voz de la vicepresidenta de Estados Unidos, Kamala Harris, para que parezca que dijo cosas En Sonora en Equipo publicamos toda la informaci\u00f3n de Sonora, M\u00e9xico y el Mundo de manera oportuna y busca que la libertad de expresi\u00f3n sea real. Visita nuestro medio informativo publicado desde Hermosillo, Sonora. %","breadcrumb":{"@id":"https:\/\/www.sonoraenequipo.com.mx\/alarma-la-ia-utilizada-para-fines-politicos-comparten-en-redes-video-falso-de-kamala-harris\/#breadcrumb"},"inLanguage":"es","potentialAction":[{"@type":"ReadAction","target":["https:\/\/www.sonoraenequipo.com.mx\/alarma-la-ia-utilizada-para-fines-politicos-comparten-en-redes-video-falso-de-kamala-harris\/"]}]},{"@type":"ImageObject","inLanguage":"es","@id":"https:\/\/www.sonoraenequipo.com.mx\/alarma-la-ia-utilizada-para-fines-politicos-comparten-en-redes-video-falso-de-kamala-harris\/#primaryimage","url":"https:\/\/www.sonoraenequipo.com.mx\/storage\/2024\/07\/tlmd-trump-frontera-kamala-min.jpg","contentUrl":"https:\/\/www.sonoraenequipo.com.mx\/storage\/2024\/07\/tlmd-trump-frontera-kamala-min.jpg","width":900,"height":506},{"@type":"BreadcrumbList","@id":"https:\/\/www.sonoraenequipo.com.mx\/alarma-la-ia-utilizada-para-fines-politicos-comparten-en-redes-video-falso-de-kamala-harris\/#breadcrumb","itemListElement":[{"@type":"ListItem","position":1,"name":"Portada","item":"https:\/\/www.sonoraenequipo.com.mx\/"},{"@type":"ListItem","position":2,"name":"Alarma la IA utilizada para fines pol\u00edticos. Comparten en redes video falso de Kamala Harris"}]},{"@type":"WebSite","@id":"https:\/\/www.sonoraenequipo.com.mx\/#website","url":"https:\/\/www.sonoraenequipo.com.mx\/","name":"Sonora en Equipo.","description":"Diario en l\u00ednea con Noticias desde Hermosillo, Sonora","publisher":{"@id":"https:\/\/www.sonoraenequipo.com.mx\/#organization"},"potentialAction":[{"@type":"SearchAction","target":{"@type":"EntryPoint","urlTemplate":"https:\/\/www.sonoraenequipo.com.mx\/?s={search_term_string}"},"query-input":{"@type":"PropertyValueSpecification","valueRequired":true,"valueName":"search_term_string"}}],"inLanguage":"es"},{"@type":"Organization","@id":"https:\/\/www.sonoraenequipo.com.mx\/#organization","name":"Sonoraenequipo.com.mx","url":"https:\/\/www.sonoraenequipo.com.mx\/","logo":{"@type":"ImageObject","inLanguage":"es","@id":"https:\/\/www.sonoraenequipo.com.mx\/#\/schema\/logo\/image\/","url":"https:\/\/www.sonoraenequipo.com.mx\/storage\/2019\/01\/sonoraenequipo_opt.png","contentUrl":"https:\/\/www.sonoraenequipo.com.mx\/storage\/2019\/01\/sonoraenequipo_opt.png","width":375,"height":125,"caption":"Sonoraenequipo.com.mx"},"image":{"@id":"https:\/\/www.sonoraenequipo.com.mx\/#\/schema\/logo\/image\/"},"sameAs":["https:\/\/www.facebook.com\/SonoraEE\/","https:\/\/x.com\/sonoraenequipo","https:\/\/www.youtube.com\/channel\/UC338nW-lPEYmJQs4ZABQ1SQ"]},{"@type":"Person","@id":"https:\/\/www.sonoraenequipo.com.mx\/#\/schema\/person\/50102df0fb23a8fa9e8effad8fa81386","name":"enequipo","image":{"@type":"ImageObject","inLanguage":"es","@id":"https:\/\/www.sonoraenequipo.com.mx\/#\/schema\/person\/image\/","url":"https:\/\/secure.gravatar.com\/avatar\/049821681b589dabc0bc20695993ccebb09f5b5d4d790cd9251b97faac7c652b?s=96&d=blank&r=g","contentUrl":"https:\/\/secure.gravatar.com\/avatar\/049821681b589dabc0bc20695993ccebb09f5b5d4d790cd9251b97faac7c652b?s=96&d=blank&r=g","caption":"enequipo"},"sameAs":["https:\/\/www.facebook.com\/SonoraEE"]}]}},"jetpack_featured_media_url":"https:\/\/www.sonoraenequipo.com.mx\/storage\/2024\/07\/tlmd-trump-frontera-kamala-min.jpg","_links":{"self":[{"href":"https:\/\/www.sonoraenequipo.com.mx\/api\/wp\/v2\/posts\/195672","targetHints":{"allow":["GET"]}}],"collection":[{"href":"https:\/\/www.sonoraenequipo.com.mx\/api\/wp\/v2\/posts"}],"about":[{"href":"https:\/\/www.sonoraenequipo.com.mx\/api\/wp\/v2\/types\/post"}],"author":[{"embeddable":true,"href":"https:\/\/www.sonoraenequipo.com.mx\/api\/wp\/v2\/users\/1"}],"replies":[{"embeddable":true,"href":"https:\/\/www.sonoraenequipo.com.mx\/api\/wp\/v2\/comments?post=195672"}],"version-history":[{"count":2,"href":"https:\/\/www.sonoraenequipo.com.mx\/api\/wp\/v2\/posts\/195672\/revisions"}],"predecessor-version":[{"id":195675,"href":"https:\/\/www.sonoraenequipo.com.mx\/api\/wp\/v2\/posts\/195672\/revisions\/195675"}],"wp:featuredmedia":[{"embeddable":true,"href":"https:\/\/www.sonoraenequipo.com.mx\/api\/wp\/v2\/media\/195673"}],"wp:attachment":[{"href":"https:\/\/www.sonoraenequipo.com.mx\/api\/wp\/v2\/media?parent=195672"}],"wp:term":[{"taxonomy":"category","embeddable":true,"href":"https:\/\/www.sonoraenequipo.com.mx\/api\/wp\/v2\/categories?post=195672"},{"taxonomy":"post_tag","embeddable":true,"href":"https:\/\/www.sonoraenequipo.com.mx\/api\/wp\/v2\/tags?post=195672"}],"curies":[{"name":"wp","href":"https:\/\/api.w.org\/{rel}","templated":true}]}}