{"id":195676,"date":"2024-07-29T15:10:04","date_gmt":"2024-07-29T22:10:04","guid":{"rendered":"https:\/\/www.sonoraenequipo.com.mx\/?p=195676"},"modified":"2024-07-29T22:23:41","modified_gmt":"2024-07-30T05:23:41","slug":"biden-propone-una-reforma-para-limitar-el-mandato-de-los-jueces-de-la-corte-suprema-y-restringir-la-inmunidad-presidencial","status":"publish","type":"post","link":"https:\/\/www.sonoraenequipo.com.mx\/biden-propone-una-reforma-para-limitar-el-mandato-de-los-jueces-de-la-corte-suprema-y-restringir-la-inmunidad-presidencial\/","title":{"rendered":"Biden propone una reforma para limitar el mandato de los jueces de la Corte Suprema y restringir la inmunidad presidencial"},"content":{"rendered":"<p><strong>WASHINGTON, ESTADOS UNIDOS. \u2014<\/strong> El presidente, el dem\u00f3crata Joe Biden, impulsar\u00e1 una reforma de la Corte Suprema y una enmienda constitucional que limite el poder ejecutivo como sus prioridades para el resto de su mandato (que acaba en enero, tras renunciar a ser candidato en noviembre a la reelecci\u00f3n), seg\u00fan adelant\u00f3 la Casa Blanca este lunes.<\/p>\n<p> <\/p>\n<p>Biden pronunciar\u00e1 un discurso esta tarde en la Biblioteca Presidencial Lyndon B. Johnson en Austin (Texas) en el que pedir\u00e1 una limitaci\u00f3n del mandato de los magistrado de la Corte Suprema (que actualmente son seleccionados por el presidente, ratificados por el Senado y tienen un cargo vitalicio), y la aprobaci\u00f3n de una enmienda constitucional que estipule que los expresidentes no tienen inmunidad frente a acusaciones, juicios, condenas o sentencias penales federales, en respuesta al reciente fallo de la Corte Suprema sobre el expresidente republicano Donald Trump.<\/p>\n<p>Biden no puede aprobar esas reformas, que depender\u00edan en primera instancia del Congreso; con la divisi\u00f3n actual y a tan solo 99 d\u00edas de las elecciones (que renovar\u00e1n toda la C\u00e1mara de Representantes y un tercio del Senado), su plan busca posiblemente convertirse en plataforma electoral para los dem\u00f3cratas, que, en caso de ganar la Casa Blanca y una mayor\u00eda suficiente en el Congreso, podr\u00edan pensar en poner en marcha estas medidas.<\/p>\n<p>La enmienda que propone est\u00e1 en l\u00ednea con sus recientes declaraciones de que \u201cning\u00fan presidente est\u00e1 por encima de la ley\u201d, una m\u00e1xima que en la que ha insistido el fallo de la Corte Suprema sobre los casos penales en contra de Trump, que tambi\u00e9n afectar\u00eda a futuros presidentes en caso de ser cuestionados ante la justicia.<\/p>\n<p>PUBLICADO EL 29 DE JULIO DE 2024 Con informaci\u00f3n de NBC)<\/p>\n","protected":false},"excerpt":{"rendered":"<p>WASHINGTON, ESTADOS UNIDOS. \u2014 El presidente, el dem\u00f3crata Joe Biden, impulsar\u00e1 una reforma de la&#8230;<\/p>\n","protected":false},"author":1,"featured_media":195677,"comment_status":"open","ping_status":"open","sticky":false,"template":"","format":"standard","meta":{"_monsterinsights_skip_tracking":false,"_monsterinsights_sitenote_active":false,"_monsterinsights_sitenote_note":"","_monsterinsights_sitenote_category":0,"footnotes":""},"categories":[3],"tags":[],"class_list":["post"],"yoast_head":" \n<title>Sonora en Equipo. Biden propone una reforma para limitar el mandato de los jueces de la Corte Suprema y restringir la inmunidad presidencial MUNDO<\/title>\n<meta name=\"description\" content=\"WASHINGTON, ESTADOS UNIDOS. \u2014 El presidente, el dem\u00f3crata Joe Biden, impulsar\u00e1 una reforma de la Corte Suprema y una enmienda constitucional que limite el En Sonora en Equipo publicamos toda la informaci\u00f3n de Sonora, M\u00e9xico y el Mundo de manera oportuna y busca que la libertad de expresi\u00f3n sea real. Visita nuestro medio informativo publicado desde Hermosillo, Sonora. %\" \/>\n<meta name=\"robots\" content=\"index, follow, max-snippet:-1, max-image-preview:large, max-video-preview:-1\" \/>\n<link rel=\"canonical\" href=\"https:\/\/www.sonoraenequipo.com.mx\/biden-propone-una-reforma-para-limitar-el-mandato-de-los-jueces-de-la-corte-suprema-y-restringir-la-inmunidad-presidencial\/\" \/>\n<meta property=\"og:locale\" content=\"es_ES\" \/>\n<meta property=\"og:type\" content=\"article\" \/>\n<meta property=\"og:title\" content=\"Sonora en Equipo. Biden propone una reforma para limitar el mandato de los jueces de la Corte Suprema y restringir la inmunidad presidencial MUNDO\" \/>\n<meta property=\"og:description\" content=\"WASHINGTON, ESTADOS UNIDOS. \u2014 El presidente, el dem\u00f3crata Joe Biden, impulsar\u00e1 una reforma de la Corte Suprema y una enmienda constitucional que limite el En Sonora en Equipo publicamos toda la informaci\u00f3n de Sonora, M\u00e9xico y el Mundo de manera oportuna y busca que la libertad de expresi\u00f3n sea real. Visita nuestro medio informativo publicado desde Hermosillo, Sonora. %\" \/>\n<meta property=\"og:url\" content=\"https:\/\/www.sonoraenequipo.com.mx\/biden-propone-una-reforma-para-limitar-el-mandato-de-los-jueces-de-la-corte-suprema-y-restringir-la-inmunidad-presidencial\/\" \/>\n<meta property=\"og:site_name\" content=\"Sonora en Equipo.\" \/>\n<meta property=\"article:publisher\" content=\"https:\/\/www.facebook.com\/SonoraEE\/\" \/>\n<meta property=\"article:author\" content=\"https:\/\/www.facebook.com\/SonoraEE\" \/>\n<meta property=\"article:published_time\" content=\"2024-07-29T22:10:04+00:00\" \/>\n<meta property=\"article:modified_time\" content=\"2024-07-30T05:23:41+00:00\" \/>\n<meta property=\"og:image\" content=\"https:\/\/www.sonoraenequipo.com.mx\/storage\/2024\/07\/Joe-Biden-considera-reformas-en-la-Corte-Suprema-min.jpg\" \/>\n\t<meta property=\"og:image:width\" content=\"900\" \/>\n\t<meta property=\"og:image:height\" content=\"597\" \/>\n\t<meta property=\"og:image:type\" content=\"image\/jpeg\" \/>\n<meta name=\"author\" content=\"enequipo\" \/>\n<meta name=\"twitter:card\" content=\"summary_large_image\" \/>\n<meta name=\"twitter:creator\" content=\"@sonoraenequipo\" \/>\n<meta name=\"twitter:site\" content=\"@sonoraenequipo\" \/>\n<meta name=\"twitter:label1\" content=\"Escrito por\" \/>\n\t<meta name=\"twitter:data1\" content=\"enequipo\" \/>\n\t<meta name=\"twitter:label2\" content=\"Tiempo de lectura\" \/>\n\t<meta name=\"twitter:data2\" content=\"1 minuto\" \/>\n<script type=\"application\/ld+json\" class=\"yoast-schema-graph\">{\"@context\":\"https:\/\/schema.org\",\"@graph\":[{\"@type\":\"Article\",\"@id\":\"https:\/\/www.sonoraenequipo.com.mx\/biden-propone-una-reforma-para-limitar-el-mandato-de-los-jueces-de-la-corte-suprema-y-restringir-la-inmunidad-presidencial\/#article\",\"isPartOf\":{\"@id\":\"https:\/\/www.sonoraenequipo.com.mx\/biden-propone-una-reforma-para-limitar-el-mandato-de-los-jueces-de-la-corte-suprema-y-restringir-la-inmunidad-presidencial\/\"},\"author\":{\"name\":\"enequipo\",\"@id\":\"https:\/\/www.sonoraenequipo.com.mx\/#\/schema\/person\/50102df0fb23a8fa9e8effad8fa81386\"},\"headline\":\"Biden propone una reforma para limitar el mandato de los jueces de la Corte Suprema y restringir la inmunidad presidencial\",\"datePublished\":\"2024-07-29T22:10:04+00:00\",\"dateModified\":\"2024-07-30T05:23:41+00:00\",\"mainEntityOfPage\":{\"@id\":\"https:\/\/www.sonoraenequipo.com.mx\/biden-propone-una-reforma-para-limitar-el-mandato-de-los-jueces-de-la-corte-suprema-y-restringir-la-inmunidad-presidencial\/\"},\"wordCount\":317,\"commentCount\":0,\"publisher\":{\"@id\":\"https:\/\/www.sonoraenequipo.com.mx\/#organization\"},\"image\":{\"@id\":\"https:\/\/www.sonoraenequipo.com.mx\/biden-propone-una-reforma-para-limitar-el-mandato-de-los-jueces-de-la-corte-suprema-y-restringir-la-inmunidad-presidencial\/#primaryimage\"},\"thumbnailUrl\":\"https:\/\/www.sonoraenequipo.com.mx\/storage\/2024\/07\/Joe-Biden-considera-reformas-en-la-Corte-Suprema-min.jpg\",\"articleSection\":[\"MUNDO\"],\"inLanguage\":\"es\",\"potentialAction\":[{\"@type\":\"CommentAction\",\"name\":\"Comment\",\"target\":[\"https:\/\/www.sonoraenequipo.com.mx\/biden-propone-una-reforma-para-limitar-el-mandato-de-los-jueces-de-la-corte-suprema-y-restringir-la-inmunidad-presidencial\/#respond\"]}]},{\"@type\":\"WebPage\",\"@id\":\"https:\/\/www.sonoraenequipo.com.mx\/biden-propone-una-reforma-para-limitar-el-mandato-de-los-jueces-de-la-corte-suprema-y-restringir-la-inmunidad-presidencial\/\",\"url\":\"https:\/\/www.sonoraenequipo.com.mx\/biden-propone-una-reforma-para-limitar-el-mandato-de-los-jueces-de-la-corte-suprema-y-restringir-la-inmunidad-presidencial\/\",\"name\":\"Sonora en Equipo. Biden propone una reforma para limitar el mandato de los jueces de la Corte Suprema y restringir la inmunidad presidencial MUNDO\",\"isPartOf\":{\"@id\":\"https:\/\/www.sonoraenequipo.com.mx\/#website\"},\"primaryImageOfPage\":{\"@id\":\"https:\/\/www.sonoraenequipo.com.mx\/biden-propone-una-reforma-para-limitar-el-mandato-de-los-jueces-de-la-corte-suprema-y-restringir-la-inmunidad-presidencial\/#primaryimage\"},\"image\":{\"@id\":\"https:\/\/www.sonoraenequipo.com.mx\/biden-propone-una-reforma-para-limitar-el-mandato-de-los-jueces-de-la-corte-suprema-y-restringir-la-inmunidad-presidencial\/#primaryimage\"},\"thumbnailUrl\":\"https:\/\/www.sonoraenequipo.com.mx\/storage\/2024\/07\/Joe-Biden-considera-reformas-en-la-Corte-Suprema-min.jpg\",\"datePublished\":\"2024-07-29T22:10:04+00:00\",\"dateModified\":\"2024-07-30T05:23:41+00:00\",\"description\":\"WASHINGTON, ESTADOS UNIDOS. \u2014 El presidente, el dem\u00f3crata Joe Biden, impulsar\u00e1 una reforma de la Corte Suprema y una enmienda constitucional que limite el En Sonora en Equipo publicamos toda la informaci\u00f3n de Sonora, M\u00e9xico y el Mundo de manera oportuna y busca que la libertad de expresi\u00f3n sea real. Visita nuestro medio informativo publicado desde Hermosillo, Sonora. %\",\"breadcrumb\":{\"@id\":\"https:\/\/www.sonoraenequipo.com.mx\/biden-propone-una-reforma-para-limitar-el-mandato-de-los-jueces-de-la-corte-suprema-y-restringir-la-inmunidad-presidencial\/#breadcrumb\"},\"inLanguage\":\"es\",\"potentialAction\":[{\"@type\":\"ReadAction\",\"target\":[\"https:\/\/www.sonoraenequipo.com.mx\/biden-propone-una-reforma-para-limitar-el-mandato-de-los-jueces-de-la-corte-suprema-y-restringir-la-inmunidad-presidencial\/\"]}]},{\"@type\":\"ImageObject\",\"inLanguage\":\"es\",\"@id\":\"https:\/\/www.sonoraenequipo.com.mx\/biden-propone-una-reforma-para-limitar-el-mandato-de-los-jueces-de-la-corte-suprema-y-restringir-la-inmunidad-presidencial\/#primaryimage\",\"url\":\"https:\/\/www.sonoraenequipo.com.mx\/storage\/2024\/07\/Joe-Biden-considera-reformas-en-la-Corte-Suprema-min.jpg\",\"contentUrl\":\"https:\/\/www.sonoraenequipo.com.mx\/storage\/2024\/07\/Joe-Biden-considera-reformas-en-la-Corte-Suprema-min.jpg\",\"width\":900,\"height\":597},{\"@type\":\"BreadcrumbList\",\"@id\":\"https:\/\/www.sonoraenequipo.com.mx\/biden-propone-una-reforma-para-limitar-el-mandato-de-los-jueces-de-la-corte-suprema-y-restringir-la-inmunidad-presidencial\/#breadcrumb\",\"itemListElement\":[{\"@type\":\"ListItem\",\"position\":1,\"name\":\"Portada\",\"item\":\"https:\/\/www.sonoraenequipo.com.mx\/\"},{\"@type\":\"ListItem\",\"position\":2,\"name\":\"Biden propone una reforma para limitar el mandato de los jueces de la Corte Suprema y restringir la inmunidad presidencial\"}]},{\"@type\":\"WebSite\",\"@id\":\"https:\/\/www.sonoraenequipo.com.mx\/#website\",\"url\":\"https:\/\/www.sonoraenequipo.com.mx\/\",\"name\":\"Sonora en Equipo.\",\"description\":\"Diario en l\u00ednea con Noticias desde Hermosillo, Sonora\",\"publisher\":{\"@id\":\"https:\/\/www.sonoraenequipo.com.mx\/#organization\"},\"potentialAction\":[{\"@type\":\"SearchAction\",\"target\":{\"@type\":\"EntryPoint\",\"urlTemplate\":\"https:\/\/www.sonoraenequipo.com.mx\/?s={search_term_string}\"},\"query-input\":{\"@type\":\"PropertyValueSpecification\",\"valueRequired\":true,\"valueName\":\"search_term_string\"}}],\"inLanguage\":\"es\"},{\"@type\":\"Organization\",\"@id\":\"https:\/\/www.sonoraenequipo.com.mx\/#organization\",\"name\":\"Sonoraenequipo.com.mx\",\"url\":\"https:\/\/www.sonoraenequipo.com.mx\/\",\"logo\":{\"@type\":\"ImageObject\",\"inLanguage\":\"es\",\"@id\":\"https:\/\/www.sonoraenequipo.com.mx\/#\/schema\/logo\/image\/\",\"url\":\"https:\/\/www.sonoraenequipo.com.mx\/storage\/2019\/01\/sonoraenequipo_opt.png\",\"contentUrl\":\"https:\/\/www.sonoraenequipo.com.mx\/storage\/2019\/01\/sonoraenequipo_opt.png\",\"width\":375,\"height\":125,\"caption\":\"Sonoraenequipo.com.mx\"},\"image\":{\"@id\":\"https:\/\/www.sonoraenequipo.com.mx\/#\/schema\/logo\/image\/\"},\"sameAs\":[\"https:\/\/www.facebook.com\/SonoraEE\/\",\"https:\/\/x.com\/sonoraenequipo\",\"https:\/\/www.youtube.com\/channel\/UC338nW-lPEYmJQs4ZABQ1SQ\"]},{\"@type\":\"Person\",\"@id\":\"https:\/\/www.sonoraenequipo.com.mx\/#\/schema\/person\/50102df0fb23a8fa9e8effad8fa81386\",\"name\":\"enequipo\",\"image\":{\"@type\":\"ImageObject\",\"inLanguage\":\"es\",\"@id\":\"https:\/\/www.sonoraenequipo.com.mx\/#\/schema\/person\/image\/\",\"url\":\"https:\/\/secure.gravatar.com\/avatar\/049821681b589dabc0bc20695993ccebb09f5b5d4d790cd9251b97faac7c652b?s=96&d=blank&r=g\",\"contentUrl\":\"https:\/\/secure.gravatar.com\/avatar\/049821681b589dabc0bc20695993ccebb09f5b5d4d790cd9251b97faac7c652b?s=96&d=blank&r=g\",\"caption\":\"enequipo\"},\"sameAs\":[\"https:\/\/www.facebook.com\/SonoraEE\"]}]}<\/script>\n ","yoast_head_json":{"title":"Sonora en Equipo. Biden propone una reforma para limitar el mandato de los jueces de la Corte Suprema y restringir la inmunidad presidencial MUNDO","description":"WASHINGTON, ESTADOS UNIDOS. \u2014 El presidente, el dem\u00f3crata Joe Biden, impulsar\u00e1 una reforma de la Corte Suprema y una enmienda constitucional que limite el En Sonora en Equipo publicamos toda la informaci\u00f3n de Sonora, M\u00e9xico y el Mundo de manera oportuna y busca que la libertad de expresi\u00f3n sea real. Visita nuestro medio informativo publicado desde Hermosillo, Sonora. %","robots":{"index":"index","follow":"follow","max-snippet":"max-snippet:-1","max-image-preview":"max-image-preview:large","max-video-preview":"max-video-preview:-1"},"canonical":"https:\/\/www.sonoraenequipo.com.mx\/biden-propone-una-reforma-para-limitar-el-mandato-de-los-jueces-de-la-corte-suprema-y-restringir-la-inmunidad-presidencial\/","og_locale":"es_ES","og_type":"article","og_title":"Sonora en Equipo. Biden propone una reforma para limitar el mandato de los jueces de la Corte Suprema y restringir la inmunidad presidencial MUNDO","og_description":"WASHINGTON, ESTADOS UNIDOS. \u2014 El presidente, el dem\u00f3crata Joe Biden, impulsar\u00e1 una reforma de la Corte Suprema y una enmienda constitucional que limite el En Sonora en Equipo publicamos toda la informaci\u00f3n de Sonora, M\u00e9xico y el Mundo de manera oportuna y busca que la libertad de expresi\u00f3n sea real. Visita nuestro medio informativo publicado desde Hermosillo, Sonora. %","og_url":"https:\/\/www.sonoraenequipo.com.mx\/biden-propone-una-reforma-para-limitar-el-mandato-de-los-jueces-de-la-corte-suprema-y-restringir-la-inmunidad-presidencial\/","og_site_name":"Sonora en Equipo.","article_publisher":"https:\/\/www.facebook.com\/SonoraEE\/","article_author":"https:\/\/www.facebook.com\/SonoraEE","article_published_time":"2024-07-29T22:10:04+00:00","article_modified_time":"2024-07-30T05:23:41+00:00","og_image":[{"width":900,"height":597,"url":"https:\/\/www.sonoraenequipo.com.mx\/storage\/2024\/07\/Joe-Biden-considera-reformas-en-la-Corte-Suprema-min.jpg","type":"image\/jpeg"}],"author":"enequipo","twitter_card":"summary_large_image","twitter_creator":"@sonoraenequipo","twitter_site":"@sonoraenequipo","twitter_misc":{"Escrito por":"enequipo","Tiempo de lectura":"1 minuto"},"schema":{"@context":"https:\/\/schema.org","@graph":[{"@type":"Article","@id":"https:\/\/www.sonoraenequipo.com.mx\/biden-propone-una-reforma-para-limitar-el-mandato-de-los-jueces-de-la-corte-suprema-y-restringir-la-inmunidad-presidencial\/#article","isPartOf":{"@id":"https:\/\/www.sonoraenequipo.com.mx\/biden-propone-una-reforma-para-limitar-el-mandato-de-los-jueces-de-la-corte-suprema-y-restringir-la-inmunidad-presidencial\/"},"author":{"name":"enequipo","@id":"https:\/\/www.sonoraenequipo.com.mx\/#\/schema\/person\/50102df0fb23a8fa9e8effad8fa81386"},"headline":"Biden propone una reforma para limitar el mandato de los jueces de la Corte Suprema y restringir la inmunidad presidencial","datePublished":"2024-07-29T22:10:04+00:00","dateModified":"2024-07-30T05:23:41+00:00","mainEntityOfPage":{"@id":"https:\/\/www.sonoraenequipo.com.mx\/biden-propone-una-reforma-para-limitar-el-mandato-de-los-jueces-de-la-corte-suprema-y-restringir-la-inmunidad-presidencial\/"},"wordCount":317,"commentCount":0,"publisher":{"@id":"https:\/\/www.sonoraenequipo.com.mx\/#organization"},"image":{"@id":"https:\/\/www.sonoraenequipo.com.mx\/biden-propone-una-reforma-para-limitar-el-mandato-de-los-jueces-de-la-corte-suprema-y-restringir-la-inmunidad-presidencial\/#primaryimage"},"thumbnailUrl":"https:\/\/www.sonoraenequipo.com.mx\/storage\/2024\/07\/Joe-Biden-considera-reformas-en-la-Corte-Suprema-min.jpg","articleSection":["MUNDO"],"inLanguage":"es","potentialAction":[{"@type":"CommentAction","name":"Comment","target":["https:\/\/www.sonoraenequipo.com.mx\/biden-propone-una-reforma-para-limitar-el-mandato-de-los-jueces-de-la-corte-suprema-y-restringir-la-inmunidad-presidencial\/#respond"]}]},{"@type":"WebPage","@id":"https:\/\/www.sonoraenequipo.com.mx\/biden-propone-una-reforma-para-limitar-el-mandato-de-los-jueces-de-la-corte-suprema-y-restringir-la-inmunidad-presidencial\/","url":"https:\/\/www.sonoraenequipo.com.mx\/biden-propone-una-reforma-para-limitar-el-mandato-de-los-jueces-de-la-corte-suprema-y-restringir-la-inmunidad-presidencial\/","name":"Sonora en Equipo. Biden propone una reforma para limitar el mandato de los jueces de la Corte Suprema y restringir la inmunidad presidencial MUNDO","isPartOf":{"@id":"https:\/\/www.sonoraenequipo.com.mx\/#website"},"primaryImageOfPage":{"@id":"https:\/\/www.sonoraenequipo.com.mx\/biden-propone-una-reforma-para-limitar-el-mandato-de-los-jueces-de-la-corte-suprema-y-restringir-la-inmunidad-presidencial\/#primaryimage"},"image":{"@id":"https:\/\/www.sonoraenequipo.com.mx\/biden-propone-una-reforma-para-limitar-el-mandato-de-los-jueces-de-la-corte-suprema-y-restringir-la-inmunidad-presidencial\/#primaryimage"},"thumbnailUrl":"https:\/\/www.sonoraenequipo.com.mx\/storage\/2024\/07\/Joe-Biden-considera-reformas-en-la-Corte-Suprema-min.jpg","datePublished":"2024-07-29T22:10:04+00:00","dateModified":"2024-07-30T05:23:41+00:00","description":"WASHINGTON, ESTADOS UNIDOS. \u2014 El presidente, el dem\u00f3crata Joe Biden, impulsar\u00e1 una reforma de la Corte Suprema y una enmienda constitucional que limite el En Sonora en Equipo publicamos toda la informaci\u00f3n de Sonora, M\u00e9xico y el Mundo de manera oportuna y busca que la libertad de expresi\u00f3n sea real. Visita nuestro medio informativo publicado desde Hermosillo, Sonora. %","breadcrumb":{"@id":"https:\/\/www.sonoraenequipo.com.mx\/biden-propone-una-reforma-para-limitar-el-mandato-de-los-jueces-de-la-corte-suprema-y-restringir-la-inmunidad-presidencial\/#breadcrumb"},"inLanguage":"es","potentialAction":[{"@type":"ReadAction","target":["https:\/\/www.sonoraenequipo.com.mx\/biden-propone-una-reforma-para-limitar-el-mandato-de-los-jueces-de-la-corte-suprema-y-restringir-la-inmunidad-presidencial\/"]}]},{"@type":"ImageObject","inLanguage":"es","@id":"https:\/\/www.sonoraenequipo.com.mx\/biden-propone-una-reforma-para-limitar-el-mandato-de-los-jueces-de-la-corte-suprema-y-restringir-la-inmunidad-presidencial\/#primaryimage","url":"https:\/\/www.sonoraenequipo.com.mx\/storage\/2024\/07\/Joe-Biden-considera-reformas-en-la-Corte-Suprema-min.jpg","contentUrl":"https:\/\/www.sonoraenequipo.com.mx\/storage\/2024\/07\/Joe-Biden-considera-reformas-en-la-Corte-Suprema-min.jpg","width":900,"height":597},{"@type":"BreadcrumbList","@id":"https:\/\/www.sonoraenequipo.com.mx\/biden-propone-una-reforma-para-limitar-el-mandato-de-los-jueces-de-la-corte-suprema-y-restringir-la-inmunidad-presidencial\/#breadcrumb","itemListElement":[{"@type":"ListItem","position":1,"name":"Portada","item":"https:\/\/www.sonoraenequipo.com.mx\/"},{"@type":"ListItem","position":2,"name":"Biden propone una reforma para limitar el mandato de los jueces de la Corte Suprema y restringir la inmunidad presidencial"}]},{"@type":"WebSite","@id":"https:\/\/www.sonoraenequipo.com.mx\/#website","url":"https:\/\/www.sonoraenequipo.com.mx\/","name":"Sonora en Equipo.","description":"Diario en l\u00ednea con Noticias desde Hermosillo, Sonora","publisher":{"@id":"https:\/\/www.sonoraenequipo.com.mx\/#organization"},"potentialAction":[{"@type":"SearchAction","target":{"@type":"EntryPoint","urlTemplate":"https:\/\/www.sonoraenequipo.com.mx\/?s={search_term_string}"},"query-input":{"@type":"PropertyValueSpecification","valueRequired":true,"valueName":"search_term_string"}}],"inLanguage":"es"},{"@type":"Organization","@id":"https:\/\/www.sonoraenequipo.com.mx\/#organization","name":"Sonoraenequipo.com.mx","url":"https:\/\/www.sonoraenequipo.com.mx\/","logo":{"@type":"ImageObject","inLanguage":"es","@id":"https:\/\/www.sonoraenequipo.com.mx\/#\/schema\/logo\/image\/","url":"https:\/\/www.sonoraenequipo.com.mx\/storage\/2019\/01\/sonoraenequipo_opt.png","contentUrl":"https:\/\/www.sonoraenequipo.com.mx\/storage\/2019\/01\/sonoraenequipo_opt.png","width":375,"height":125,"caption":"Sonoraenequipo.com.mx"},"image":{"@id":"https:\/\/www.sonoraenequipo.com.mx\/#\/schema\/logo\/image\/"},"sameAs":["https:\/\/www.facebook.com\/SonoraEE\/","https:\/\/x.com\/sonoraenequipo","https:\/\/www.youtube.com\/channel\/UC338nW-lPEYmJQs4ZABQ1SQ"]},{"@type":"Person","@id":"https:\/\/www.sonoraenequipo.com.mx\/#\/schema\/person\/50102df0fb23a8fa9e8effad8fa81386","name":"enequipo","image":{"@type":"ImageObject","inLanguage":"es","@id":"https:\/\/www.sonoraenequipo.com.mx\/#\/schema\/person\/image\/","url":"https:\/\/secure.gravatar.com\/avatar\/049821681b589dabc0bc20695993ccebb09f5b5d4d790cd9251b97faac7c652b?s=96&d=blank&r=g","contentUrl":"https:\/\/secure.gravatar.com\/avatar\/049821681b589dabc0bc20695993ccebb09f5b5d4d790cd9251b97faac7c652b?s=96&d=blank&r=g","caption":"enequipo"},"sameAs":["https:\/\/www.facebook.com\/SonoraEE"]}]}},"jetpack_featured_media_url":"https:\/\/www.sonoraenequipo.com.mx\/storage\/2024\/07\/Joe-Biden-considera-reformas-en-la-Corte-Suprema-min.jpg","_links":{"self":[{"href":"https:\/\/www.sonoraenequipo.com.mx\/api\/wp\/v2\/posts\/195676","targetHints":{"allow":["GET"]}}],"collection":[{"href":"https:\/\/www.sonoraenequipo.com.mx\/api\/wp\/v2\/posts"}],"about":[{"href":"https:\/\/www.sonoraenequipo.com.mx\/api\/wp\/v2\/types\/post"}],"author":[{"embeddable":true,"href":"https:\/\/www.sonoraenequipo.com.mx\/api\/wp\/v2\/users\/1"}],"replies":[{"embeddable":true,"href":"https:\/\/www.sonoraenequipo.com.mx\/api\/wp\/v2\/comments?post=195676"}],"version-history":[{"count":2,"href":"https:\/\/www.sonoraenequipo.com.mx\/api\/wp\/v2\/posts\/195676\/revisions"}],"predecessor-version":[{"id":195679,"href":"https:\/\/www.sonoraenequipo.com.mx\/api\/wp\/v2\/posts\/195676\/revisions\/195679"}],"wp:featuredmedia":[{"embeddable":true,"href":"https:\/\/www.sonoraenequipo.com.mx\/api\/wp\/v2\/media\/195677"}],"wp:attachment":[{"href":"https:\/\/www.sonoraenequipo.com.mx\/api\/wp\/v2\/media?parent=195676"}],"wp:term":[{"taxonomy":"category","embeddable":true,"href":"https:\/\/www.sonoraenequipo.com.mx\/api\/wp\/v2\/categories?post=195676"},{"taxonomy":"post_tag","embeddable":true,"href":"https:\/\/www.sonoraenequipo.com.mx\/api\/wp\/v2\/tags?post=195676"}],"curies":[{"name":"wp","href":"https:\/\/api.w.org\/{rel}","templated":true}]}}