{"id":195701,"date":"2024-07-30T12:25:41","date_gmt":"2024-07-30T19:25:41","guid":{"rendered":"https:\/\/www.sonoraenequipo.com.mx\/?p=195701"},"modified":"2024-07-30T12:25:41","modified_gmt":"2024-07-30T19:25:41","slug":"venezuela-responde-a-criticas-con-expulsion-de-personal-diplomatico-de-7-paises-de-la-region","status":"publish","type":"post","link":"https:\/\/www.sonoraenequipo.com.mx\/venezuela-responde-a-criticas-con-expulsion-de-personal-diplomatico-de-7-paises-de-la-region\/","title":{"rendered":"Venezuela responde a cr\u00edticas con expulsi\u00f3n de personal diplom\u00e1tico de 7 pa\u00edses de la regi\u00f3n"},"content":{"rendered":"<p><strong>CIUDAD DE PANAM\u00c1 \u2014 <\/strong>El presidente paname\u00f1o, Jos\u00e9 Ra\u00fal Mulino, anunci\u00f3 el lunes que retirar\u00eda a su personal diplom\u00e1tico en Caracas y que pondr\u00eda \u201cen suspenso\u201d las relaciones con Venezuela, en una muestra de su cuestionamiento a los resultados de las elecciones presidenciales, desconocidos por varios pa\u00edses m\u00e1s, y a la proclamaci\u00f3n oficial de Nicol\u00e1s Maduro como presidente por otros seis a\u00f1os.<\/p>\n<p>&nbsp;<\/p>\n<p>El gobierno venezolano, en respuesta, comunic\u00f3 que har\u00eda regresar a todo su personal diplom\u00e1tico que se encuentra en la misi\u00f3n paname\u00f1a y en otras seis m\u00e1s. El canciller Yvan Gil difundi\u00f3 un comunicado sobre la retirada de representantes en Argentina, Chile, Costa Rica, Per\u00fa, Rep\u00fablica Dominicana y Uruguay, adem\u00e1s de Panam\u00e1, y pidi\u00f3 a esas naciones que hicieran lo mismo con su personal en Venezuela.<\/p>\n<p>&nbsp;<\/p>\n<p>Calific\u00f3 las posiciones de los pa\u00edses vecinos de \u201cinjerencistas\u201d, los acus\u00f3 de estar \u00absubordinados\u00bb a Washington y los vincul\u00f3 con ideolog\u00eda del \u201cfascismo internacional\u201d. El comunicado del canciller apunt\u00f3 adem\u00e1s que el gobierno se reserva las acciones para defender y \u201chacer respetar\u201d su derecho a la autodeterminaci\u00f3n.<\/p>\n<p>&nbsp;<\/p>\n<p>La l\u00edder de la oposici\u00f3n venezolana Mar\u00eda Corina Machado levanta su mano junto a la del candidato presidencial Edmundo Gonz\u00e1lez Urrutia, en Caracas, el 29 de julio de 2024.<\/p>\n<p>Tambi\u00e9n lea<\/p>\n<p>La oposici\u00f3n venezolana asegura tener pruebas de que gan\u00f3 elecciones con m\u00e1s de 6,2 millones de votos<\/p>\n<p>No precis\u00f3 qu\u00e9 pasar\u00eda con los venezolanos cercanos a la campa\u00f1a de la opositora Machado que est\u00e1n refugiados en la embajada argentina en Caracas.<\/p>\n<p>&nbsp;<\/p>\n<p>El anuncio lleg\u00f3 horas despu\u00e9s de la decisi\u00f3n de Panam\u00e1, que fue la postura m\u00e1s fuerte de un gobierno de la regi\u00f3n hasta el momento sobre las elecciones en Venezuela.<\/p>\n<p>&nbsp;<\/p>\n<p>Panam\u00e1 aplic\u00f3 en su decisi\u00f3n una doctrina que considera que los \u201creg\u00edmenes que no respeten los derechos humanos y violen libertades no merecen reconocimiento diplom\u00e1tico\u201d, explic\u00f3 Mulino en una rueda de prensa en la que exigi\u00f3 la revisi\u00f3n de las actas electorales en Venezuela. \u201cDemasiados abusos en Venezuela han ocurrido\u201d, recalc\u00f3 el mandatario.<\/p>\n<p>&nbsp;<\/p>\n<p>Horas despu\u00e9s, el gobierno venezolano dijo en un comunicado que suspender\u00eda temporalmente a partir del 31 de julio los vuelos comerciales desde y hacia Panam\u00e1 y Rep\u00fablica Dominicana. La decisi\u00f3n afectar\u00e1 a\u00fan m\u00e1s la conectividad a\u00e9rea de Venezuela, que est\u00e1 limitada desde hace al menos cinco a\u00f1os debido a las sanciones que enfrenta el gobierno de Maduro.<\/p>\n<p>&nbsp;<\/p>\n<p>Vista de la sede de la Organizaci\u00f3n de Estados Americanos en Washington, EEUU.<\/p>\n<p>Por su parte, Per\u00fa avis\u00f3 en un comunicado a los funcionarios diplom\u00e1ticos venezolanos acreditados en Lima que tienen 72 horas para abandonar el pa\u00eds \u201cdebido a las graves y arbitrarias decisiones tomadas hoy por el r\u00e9gimen venezolano\u201d.<\/p>\n<p>&nbsp;<\/p>\n<p>El mismo lunes, el Consejo Nacional Electoral de Venezuela proclam\u00f3 oficialmente como presidente a Maduro, en su segunda reelecci\u00f3n por seis a\u00f1os, despu\u00e9s de que la noche del domingo difundiera resultados que daban al mandatario la victoria electoral con el 51% de los votos frente al 44 % de los obtenidos por Edmundo Gonz\u00e1lez.<\/p>\n<p>&nbsp;<\/p>\n<p>El candidato opositor y la coalici\u00f3n a la que represent\u00f3 en las urnas denunciaron al final de la jornada electoral graves irregularidades en el proceso de conteo.<\/p>\n<p>&nbsp;<\/p>\n<p>Panam\u00e1 hab\u00eda expresado su esperanza de que el resultado de las elecciones en Venezuela ayudase a parar la incesante y masiva migraci\u00f3n de ciudadanos que se origina en esa naci\u00f3n y que cruza por la selva del Dari\u00e9n, frontera con Colombia, con rumbo a Norteam\u00e9rica.<\/p>\n<p><strong>Fecha de publicaci\u00f3n martes 30 de julio de 2024 \/ VOA<\/strong><\/p>\n","protected":false},"excerpt":{"rendered":"<p>CIUDAD DE PANAM\u00c1 \u2014 El presidente paname\u00f1o, Jos\u00e9 Ra\u00fal Mulino, anunci\u00f3 el lunes que retirar\u00eda&#8230;<\/p>\n","protected":false},"author":1,"featured_media":195702,"comment_status":"open","ping_status":"open","sticky":false,"template":"","format":"standard","meta":{"_monsterinsights_skip_tracking":false,"_monsterinsights_sitenote_active":false,"_monsterinsights_sitenote_note":"","_monsterinsights_sitenote_category":0,"footnotes":""},"categories":[3],"tags":[111,2777],"class_list":["post"],"yoast_head":" \n<title>Sonora en Equipo. Venezuela responde a cr\u00edticas con expulsi\u00f3n de personal diplom\u00e1tico de 7 pa\u00edses de la regi\u00f3n MUNDO<\/title>\n<meta name=\"description\" content=\"CIUDAD DE PANAM\u00c1 \u2014 El presidente paname\u00f1o, Jos\u00e9 Ra\u00fal Mulino, anunci\u00f3 el lunes que retirar\u00eda a su personal diplom\u00e1tico en Caracas y que pondr\u00eda \u201cen En Sonora en Equipo publicamos toda la informaci\u00f3n de Sonora, M\u00e9xico y el Mundo de manera oportuna y busca que la libertad de expresi\u00f3n sea real. Visita nuestro medio informativo publicado desde Hermosillo, Sonora. %\" \/>\n<meta name=\"robots\" content=\"index, follow, max-snippet:-1, max-image-preview:large, max-video-preview:-1\" \/>\n<link rel=\"canonical\" href=\"https:\/\/www.sonoraenequipo.com.mx\/venezuela-responde-a-criticas-con-expulsion-de-personal-diplomatico-de-7-paises-de-la-region\/\" \/>\n<meta property=\"og:locale\" content=\"es_ES\" \/>\n<meta property=\"og:type\" content=\"article\" \/>\n<meta property=\"og:title\" content=\"Sonora en Equipo. Venezuela responde a cr\u00edticas con expulsi\u00f3n de personal diplom\u00e1tico de 7 pa\u00edses de la regi\u00f3n MUNDO\" \/>\n<meta property=\"og:description\" content=\"CIUDAD DE PANAM\u00c1 \u2014 El presidente paname\u00f1o, Jos\u00e9 Ra\u00fal Mulino, anunci\u00f3 el lunes que retirar\u00eda a su personal diplom\u00e1tico en Caracas y que pondr\u00eda \u201cen En Sonora en Equipo publicamos toda la informaci\u00f3n de Sonora, M\u00e9xico y el Mundo de manera oportuna y busca que la libertad de expresi\u00f3n sea real. Visita nuestro medio informativo publicado desde Hermosillo, Sonora. %\" \/>\n<meta property=\"og:url\" content=\"https:\/\/www.sonoraenequipo.com.mx\/venezuela-responde-a-criticas-con-expulsion-de-personal-diplomatico-de-7-paises-de-la-region\/\" \/>\n<meta property=\"og:site_name\" content=\"Sonora en Equipo.\" \/>\n<meta property=\"article:publisher\" content=\"https:\/\/www.facebook.com\/SonoraEE\/\" \/>\n<meta property=\"article:author\" content=\"https:\/\/www.facebook.com\/SonoraEE\" \/>\n<meta property=\"article:published_time\" content=\"2024-07-30T19:25:41+00:00\" \/>\n<meta property=\"og:image\" content=\"https:\/\/www.sonoraenequipo.com.mx\/storage\/2024\/07\/venezuela.jpg\" \/>\n\t<meta property=\"og:image:width\" content=\"600\" \/>\n\t<meta property=\"og:image:height\" content=\"337\" \/>\n\t<meta property=\"og:image:type\" content=\"image\/jpeg\" \/>\n<meta name=\"author\" content=\"enequipo\" \/>\n<meta name=\"twitter:card\" content=\"summary_large_image\" \/>\n<meta name=\"twitter:creator\" content=\"@sonoraenequipo\" \/>\n<meta name=\"twitter:site\" content=\"@sonoraenequipo\" \/>\n<meta name=\"twitter:label1\" content=\"Escrito por\" \/>\n\t<meta name=\"twitter:data1\" content=\"enequipo\" \/>\n\t<meta name=\"twitter:label2\" content=\"Tiempo de lectura\" \/>\n\t<meta name=\"twitter:data2\" content=\"3 minutos\" \/>\n<script type=\"application\/ld+json\" class=\"yoast-schema-graph\">{\"@context\":\"https:\/\/schema.org\",\"@graph\":[{\"@type\":\"Article\",\"@id\":\"https:\/\/www.sonoraenequipo.com.mx\/venezuela-responde-a-criticas-con-expulsion-de-personal-diplomatico-de-7-paises-de-la-region\/#article\",\"isPartOf\":{\"@id\":\"https:\/\/www.sonoraenequipo.com.mx\/venezuela-responde-a-criticas-con-expulsion-de-personal-diplomatico-de-7-paises-de-la-region\/\"},\"author\":{\"name\":\"enequipo\",\"@id\":\"https:\/\/www.sonoraenequipo.com.mx\/#\/schema\/person\/50102df0fb23a8fa9e8effad8fa81386\"},\"headline\":\"Venezuela responde a cr\u00edticas con expulsi\u00f3n de personal diplom\u00e1tico de 7 pa\u00edses de la regi\u00f3n\",\"datePublished\":\"2024-07-30T19:25:41+00:00\",\"mainEntityOfPage\":{\"@id\":\"https:\/\/www.sonoraenequipo.com.mx\/venezuela-responde-a-criticas-con-expulsion-de-personal-diplomatico-de-7-paises-de-la-region\/\"},\"wordCount\":652,\"commentCount\":0,\"publisher\":{\"@id\":\"https:\/\/www.sonoraenequipo.com.mx\/#organization\"},\"image\":{\"@id\":\"https:\/\/www.sonoraenequipo.com.mx\/venezuela-responde-a-criticas-con-expulsion-de-personal-diplomatico-de-7-paises-de-la-region\/#primaryimage\"},\"thumbnailUrl\":\"https:\/\/www.sonoraenequipo.com.mx\/storage\/2024\/07\/venezuela.jpg\",\"keywords\":[\"elecciones\",\"Venezuela\"],\"articleSection\":[\"MUNDO\"],\"inLanguage\":\"es\",\"potentialAction\":[{\"@type\":\"CommentAction\",\"name\":\"Comment\",\"target\":[\"https:\/\/www.sonoraenequipo.com.mx\/venezuela-responde-a-criticas-con-expulsion-de-personal-diplomatico-de-7-paises-de-la-region\/#respond\"]}]},{\"@type\":\"WebPage\",\"@id\":\"https:\/\/www.sonoraenequipo.com.mx\/venezuela-responde-a-criticas-con-expulsion-de-personal-diplomatico-de-7-paises-de-la-region\/\",\"url\":\"https:\/\/www.sonoraenequipo.com.mx\/venezuela-responde-a-criticas-con-expulsion-de-personal-diplomatico-de-7-paises-de-la-region\/\",\"name\":\"Sonora en Equipo. Venezuela responde a cr\u00edticas con expulsi\u00f3n de personal diplom\u00e1tico de 7 pa\u00edses de la regi\u00f3n MUNDO\",\"isPartOf\":{\"@id\":\"https:\/\/www.sonoraenequipo.com.mx\/#website\"},\"primaryImageOfPage\":{\"@id\":\"https:\/\/www.sonoraenequipo.com.mx\/venezuela-responde-a-criticas-con-expulsion-de-personal-diplomatico-de-7-paises-de-la-region\/#primaryimage\"},\"image\":{\"@id\":\"https:\/\/www.sonoraenequipo.com.mx\/venezuela-responde-a-criticas-con-expulsion-de-personal-diplomatico-de-7-paises-de-la-region\/#primaryimage\"},\"thumbnailUrl\":\"https:\/\/www.sonoraenequipo.com.mx\/storage\/2024\/07\/venezuela.jpg\",\"datePublished\":\"2024-07-30T19:25:41+00:00\",\"description\":\"CIUDAD DE PANAM\u00c1 \u2014 El presidente paname\u00f1o, Jos\u00e9 Ra\u00fal Mulino, anunci\u00f3 el lunes que retirar\u00eda a su personal diplom\u00e1tico en Caracas y que pondr\u00eda \u201cen En Sonora en Equipo publicamos toda la informaci\u00f3n de Sonora, M\u00e9xico y el Mundo de manera oportuna y busca que la libertad de expresi\u00f3n sea real. Visita nuestro medio informativo publicado desde Hermosillo, Sonora. %\",\"breadcrumb\":{\"@id\":\"https:\/\/www.sonoraenequipo.com.mx\/venezuela-responde-a-criticas-con-expulsion-de-personal-diplomatico-de-7-paises-de-la-region\/#breadcrumb\"},\"inLanguage\":\"es\",\"potentialAction\":[{\"@type\":\"ReadAction\",\"target\":[\"https:\/\/www.sonoraenequipo.com.mx\/venezuela-responde-a-criticas-con-expulsion-de-personal-diplomatico-de-7-paises-de-la-region\/\"]}]},{\"@type\":\"ImageObject\",\"inLanguage\":\"es\",\"@id\":\"https:\/\/www.sonoraenequipo.com.mx\/venezuela-responde-a-criticas-con-expulsion-de-personal-diplomatico-de-7-paises-de-la-region\/#primaryimage\",\"url\":\"https:\/\/www.sonoraenequipo.com.mx\/storage\/2024\/07\/venezuela.jpg\",\"contentUrl\":\"https:\/\/www.sonoraenequipo.com.mx\/storage\/2024\/07\/venezuela.jpg\",\"width\":600,\"height\":337,\"caption\":\"Una manifestante reacciona ante fuerzas de seguridad durante las protestas contra los resultados electorales despu\u00e9s de que el presidente de Venezuela, Nicol\u00e1s Maduro, y su rival opositor, Edmundo Gonz\u00e1lez, afirmaran la victoria en las elecciones, el 29 de julio de 2024.. Reuters\"},{\"@type\":\"BreadcrumbList\",\"@id\":\"https:\/\/www.sonoraenequipo.com.mx\/venezuela-responde-a-criticas-con-expulsion-de-personal-diplomatico-de-7-paises-de-la-region\/#breadcrumb\",\"itemListElement\":[{\"@type\":\"ListItem\",\"position\":1,\"name\":\"Portada\",\"item\":\"https:\/\/www.sonoraenequipo.com.mx\/\"},{\"@type\":\"ListItem\",\"position\":2,\"name\":\"Venezuela responde a cr\u00edticas con expulsi\u00f3n de personal diplom\u00e1tico de 7 pa\u00edses de la regi\u00f3n\"}]},{\"@type\":\"WebSite\",\"@id\":\"https:\/\/www.sonoraenequipo.com.mx\/#website\",\"url\":\"https:\/\/www.sonoraenequipo.com.mx\/\",\"name\":\"Sonora en Equipo.\",\"description\":\"Diario en l\u00ednea con Noticias desde Hermosillo, Sonora\",\"publisher\":{\"@id\":\"https:\/\/www.sonoraenequipo.com.mx\/#organization\"},\"potentialAction\":[{\"@type\":\"SearchAction\",\"target\":{\"@type\":\"EntryPoint\",\"urlTemplate\":\"https:\/\/www.sonoraenequipo.com.mx\/?s={search_term_string}\"},\"query-input\":{\"@type\":\"PropertyValueSpecification\",\"valueRequired\":true,\"valueName\":\"search_term_string\"}}],\"inLanguage\":\"es\"},{\"@type\":\"Organization\",\"@id\":\"https:\/\/www.sonoraenequipo.com.mx\/#organization\",\"name\":\"Sonoraenequipo.com.mx\",\"url\":\"https:\/\/www.sonoraenequipo.com.mx\/\",\"logo\":{\"@type\":\"ImageObject\",\"inLanguage\":\"es\",\"@id\":\"https:\/\/www.sonoraenequipo.com.mx\/#\/schema\/logo\/image\/\",\"url\":\"https:\/\/www.sonoraenequipo.com.mx\/storage\/2019\/01\/sonoraenequipo_opt.png\",\"contentUrl\":\"https:\/\/www.sonoraenequipo.com.mx\/storage\/2019\/01\/sonoraenequipo_opt.png\",\"width\":375,\"height\":125,\"caption\":\"Sonoraenequipo.com.mx\"},\"image\":{\"@id\":\"https:\/\/www.sonoraenequipo.com.mx\/#\/schema\/logo\/image\/\"},\"sameAs\":[\"https:\/\/www.facebook.com\/SonoraEE\/\",\"https:\/\/x.com\/sonoraenequipo\",\"https:\/\/www.youtube.com\/channel\/UC338nW-lPEYmJQs4ZABQ1SQ\"]},{\"@type\":\"Person\",\"@id\":\"https:\/\/www.sonoraenequipo.com.mx\/#\/schema\/person\/50102df0fb23a8fa9e8effad8fa81386\",\"name\":\"enequipo\",\"image\":{\"@type\":\"ImageObject\",\"inLanguage\":\"es\",\"@id\":\"https:\/\/www.sonoraenequipo.com.mx\/#\/schema\/person\/image\/\",\"url\":\"https:\/\/secure.gravatar.com\/avatar\/049821681b589dabc0bc20695993ccebb09f5b5d4d790cd9251b97faac7c652b?s=96&d=blank&r=g\",\"contentUrl\":\"https:\/\/secure.gravatar.com\/avatar\/049821681b589dabc0bc20695993ccebb09f5b5d4d790cd9251b97faac7c652b?s=96&d=blank&r=g\",\"caption\":\"enequipo\"},\"sameAs\":[\"https:\/\/www.facebook.com\/SonoraEE\"]}]}<\/script>\n ","yoast_head_json":{"title":"Sonora en Equipo. Venezuela responde a cr\u00edticas con expulsi\u00f3n de personal diplom\u00e1tico de 7 pa\u00edses de la regi\u00f3n MUNDO","description":"CIUDAD DE PANAM\u00c1 \u2014 El presidente paname\u00f1o, Jos\u00e9 Ra\u00fal Mulino, anunci\u00f3 el lunes que retirar\u00eda a su personal diplom\u00e1tico en Caracas y que pondr\u00eda \u201cen En Sonora en Equipo publicamos toda la informaci\u00f3n de Sonora, M\u00e9xico y el Mundo de manera oportuna y busca que la libertad de expresi\u00f3n sea real. Visita nuestro medio informativo publicado desde Hermosillo, Sonora. %","robots":{"index":"index","follow":"follow","max-snippet":"max-snippet:-1","max-image-preview":"max-image-preview:large","max-video-preview":"max-video-preview:-1"},"canonical":"https:\/\/www.sonoraenequipo.com.mx\/venezuela-responde-a-criticas-con-expulsion-de-personal-diplomatico-de-7-paises-de-la-region\/","og_locale":"es_ES","og_type":"article","og_title":"Sonora en Equipo. Venezuela responde a cr\u00edticas con expulsi\u00f3n de personal diplom\u00e1tico de 7 pa\u00edses de la regi\u00f3n MUNDO","og_description":"CIUDAD DE PANAM\u00c1 \u2014 El presidente paname\u00f1o, Jos\u00e9 Ra\u00fal Mulino, anunci\u00f3 el lunes que retirar\u00eda a su personal diplom\u00e1tico en Caracas y que pondr\u00eda \u201cen En Sonora en Equipo publicamos toda la informaci\u00f3n de Sonora, M\u00e9xico y el Mundo de manera oportuna y busca que la libertad de expresi\u00f3n sea real. Visita nuestro medio informativo publicado desde Hermosillo, Sonora. %","og_url":"https:\/\/www.sonoraenequipo.com.mx\/venezuela-responde-a-criticas-con-expulsion-de-personal-diplomatico-de-7-paises-de-la-region\/","og_site_name":"Sonora en Equipo.","article_publisher":"https:\/\/www.facebook.com\/SonoraEE\/","article_author":"https:\/\/www.facebook.com\/SonoraEE","article_published_time":"2024-07-30T19:25:41+00:00","og_image":[{"width":600,"height":337,"url":"https:\/\/www.sonoraenequipo.com.mx\/storage\/2024\/07\/venezuela.jpg","type":"image\/jpeg"}],"author":"enequipo","twitter_card":"summary_large_image","twitter_creator":"@sonoraenequipo","twitter_site":"@sonoraenequipo","twitter_misc":{"Escrito por":"enequipo","Tiempo de lectura":"3 minutos"},"schema":{"@context":"https:\/\/schema.org","@graph":[{"@type":"Article","@id":"https:\/\/www.sonoraenequipo.com.mx\/venezuela-responde-a-criticas-con-expulsion-de-personal-diplomatico-de-7-paises-de-la-region\/#article","isPartOf":{"@id":"https:\/\/www.sonoraenequipo.com.mx\/venezuela-responde-a-criticas-con-expulsion-de-personal-diplomatico-de-7-paises-de-la-region\/"},"author":{"name":"enequipo","@id":"https:\/\/www.sonoraenequipo.com.mx\/#\/schema\/person\/50102df0fb23a8fa9e8effad8fa81386"},"headline":"Venezuela responde a cr\u00edticas con expulsi\u00f3n de personal diplom\u00e1tico de 7 pa\u00edses de la regi\u00f3n","datePublished":"2024-07-30T19:25:41+00:00","mainEntityOfPage":{"@id":"https:\/\/www.sonoraenequipo.com.mx\/venezuela-responde-a-criticas-con-expulsion-de-personal-diplomatico-de-7-paises-de-la-region\/"},"wordCount":652,"commentCount":0,"publisher":{"@id":"https:\/\/www.sonoraenequipo.com.mx\/#organization"},"image":{"@id":"https:\/\/www.sonoraenequipo.com.mx\/venezuela-responde-a-criticas-con-expulsion-de-personal-diplomatico-de-7-paises-de-la-region\/#primaryimage"},"thumbnailUrl":"https:\/\/www.sonoraenequipo.com.mx\/storage\/2024\/07\/venezuela.jpg","keywords":["elecciones","Venezuela"],"articleSection":["MUNDO"],"inLanguage":"es","potentialAction":[{"@type":"CommentAction","name":"Comment","target":["https:\/\/www.sonoraenequipo.com.mx\/venezuela-responde-a-criticas-con-expulsion-de-personal-diplomatico-de-7-paises-de-la-region\/#respond"]}]},{"@type":"WebPage","@id":"https:\/\/www.sonoraenequipo.com.mx\/venezuela-responde-a-criticas-con-expulsion-de-personal-diplomatico-de-7-paises-de-la-region\/","url":"https:\/\/www.sonoraenequipo.com.mx\/venezuela-responde-a-criticas-con-expulsion-de-personal-diplomatico-de-7-paises-de-la-region\/","name":"Sonora en Equipo. Venezuela responde a cr\u00edticas con expulsi\u00f3n de personal diplom\u00e1tico de 7 pa\u00edses de la regi\u00f3n MUNDO","isPartOf":{"@id":"https:\/\/www.sonoraenequipo.com.mx\/#website"},"primaryImageOfPage":{"@id":"https:\/\/www.sonoraenequipo.com.mx\/venezuela-responde-a-criticas-con-expulsion-de-personal-diplomatico-de-7-paises-de-la-region\/#primaryimage"},"image":{"@id":"https:\/\/www.sonoraenequipo.com.mx\/venezuela-responde-a-criticas-con-expulsion-de-personal-diplomatico-de-7-paises-de-la-region\/#primaryimage"},"thumbnailUrl":"https:\/\/www.sonoraenequipo.com.mx\/storage\/2024\/07\/venezuela.jpg","datePublished":"2024-07-30T19:25:41+00:00","description":"CIUDAD DE PANAM\u00c1 \u2014 El presidente paname\u00f1o, Jos\u00e9 Ra\u00fal Mulino, anunci\u00f3 el lunes que retirar\u00eda a su personal diplom\u00e1tico en Caracas y que pondr\u00eda \u201cen En Sonora en Equipo publicamos toda la informaci\u00f3n de Sonora, M\u00e9xico y el Mundo de manera oportuna y busca que la libertad de expresi\u00f3n sea real. Visita nuestro medio informativo publicado desde Hermosillo, Sonora. %","breadcrumb":{"@id":"https:\/\/www.sonoraenequipo.com.mx\/venezuela-responde-a-criticas-con-expulsion-de-personal-diplomatico-de-7-paises-de-la-region\/#breadcrumb"},"inLanguage":"es","potentialAction":[{"@type":"ReadAction","target":["https:\/\/www.sonoraenequipo.com.mx\/venezuela-responde-a-criticas-con-expulsion-de-personal-diplomatico-de-7-paises-de-la-region\/"]}]},{"@type":"ImageObject","inLanguage":"es","@id":"https:\/\/www.sonoraenequipo.com.mx\/venezuela-responde-a-criticas-con-expulsion-de-personal-diplomatico-de-7-paises-de-la-region\/#primaryimage","url":"https:\/\/www.sonoraenequipo.com.mx\/storage\/2024\/07\/venezuela.jpg","contentUrl":"https:\/\/www.sonoraenequipo.com.mx\/storage\/2024\/07\/venezuela.jpg","width":600,"height":337,"caption":"Una manifestante reacciona ante fuerzas de seguridad durante las protestas contra los resultados electorales despu\u00e9s de que el presidente de Venezuela, Nicol\u00e1s Maduro, y su rival opositor, Edmundo Gonz\u00e1lez, afirmaran la victoria en las elecciones, el 29 de julio de 2024.. Reuters"},{"@type":"BreadcrumbList","@id":"https:\/\/www.sonoraenequipo.com.mx\/venezuela-responde-a-criticas-con-expulsion-de-personal-diplomatico-de-7-paises-de-la-region\/#breadcrumb","itemListElement":[{"@type":"ListItem","position":1,"name":"Portada","item":"https:\/\/www.sonoraenequipo.com.mx\/"},{"@type":"ListItem","position":2,"name":"Venezuela responde a cr\u00edticas con expulsi\u00f3n de personal diplom\u00e1tico de 7 pa\u00edses de la regi\u00f3n"}]},{"@type":"WebSite","@id":"https:\/\/www.sonoraenequipo.com.mx\/#website","url":"https:\/\/www.sonoraenequipo.com.mx\/","name":"Sonora en Equipo.","description":"Diario en l\u00ednea con Noticias desde Hermosillo, Sonora","publisher":{"@id":"https:\/\/www.sonoraenequipo.com.mx\/#organization"},"potentialAction":[{"@type":"SearchAction","target":{"@type":"EntryPoint","urlTemplate":"https:\/\/www.sonoraenequipo.com.mx\/?s={search_term_string}"},"query-input":{"@type":"PropertyValueSpecification","valueRequired":true,"valueName":"search_term_string"}}],"inLanguage":"es"},{"@type":"Organization","@id":"https:\/\/www.sonoraenequipo.com.mx\/#organization","name":"Sonoraenequipo.com.mx","url":"https:\/\/www.sonoraenequipo.com.mx\/","logo":{"@type":"ImageObject","inLanguage":"es","@id":"https:\/\/www.sonoraenequipo.com.mx\/#\/schema\/logo\/image\/","url":"https:\/\/www.sonoraenequipo.com.mx\/storage\/2019\/01\/sonoraenequipo_opt.png","contentUrl":"https:\/\/www.sonoraenequipo.com.mx\/storage\/2019\/01\/sonoraenequipo_opt.png","width":375,"height":125,"caption":"Sonoraenequipo.com.mx"},"image":{"@id":"https:\/\/www.sonoraenequipo.com.mx\/#\/schema\/logo\/image\/"},"sameAs":["https:\/\/www.facebook.com\/SonoraEE\/","https:\/\/x.com\/sonoraenequipo","https:\/\/www.youtube.com\/channel\/UC338nW-lPEYmJQs4ZABQ1SQ"]},{"@type":"Person","@id":"https:\/\/www.sonoraenequipo.com.mx\/#\/schema\/person\/50102df0fb23a8fa9e8effad8fa81386","name":"enequipo","image":{"@type":"ImageObject","inLanguage":"es","@id":"https:\/\/www.sonoraenequipo.com.mx\/#\/schema\/person\/image\/","url":"https:\/\/secure.gravatar.com\/avatar\/049821681b589dabc0bc20695993ccebb09f5b5d4d790cd9251b97faac7c652b?s=96&d=blank&r=g","contentUrl":"https:\/\/secure.gravatar.com\/avatar\/049821681b589dabc0bc20695993ccebb09f5b5d4d790cd9251b97faac7c652b?s=96&d=blank&r=g","caption":"enequipo"},"sameAs":["https:\/\/www.facebook.com\/SonoraEE"]}]}},"jetpack_featured_media_url":"https:\/\/www.sonoraenequipo.com.mx\/storage\/2024\/07\/venezuela.jpg","_links":{"self":[{"href":"https:\/\/www.sonoraenequipo.com.mx\/api\/wp\/v2\/posts\/195701","targetHints":{"allow":["GET"]}}],"collection":[{"href":"https:\/\/www.sonoraenequipo.com.mx\/api\/wp\/v2\/posts"}],"about":[{"href":"https:\/\/www.sonoraenequipo.com.mx\/api\/wp\/v2\/types\/post"}],"author":[{"embeddable":true,"href":"https:\/\/www.sonoraenequipo.com.mx\/api\/wp\/v2\/users\/1"}],"replies":[{"embeddable":true,"href":"https:\/\/www.sonoraenequipo.com.mx\/api\/wp\/v2\/comments?post=195701"}],"version-history":[{"count":1,"href":"https:\/\/www.sonoraenequipo.com.mx\/api\/wp\/v2\/posts\/195701\/revisions"}],"predecessor-version":[{"id":195703,"href":"https:\/\/www.sonoraenequipo.com.mx\/api\/wp\/v2\/posts\/195701\/revisions\/195703"}],"wp:featuredmedia":[{"embeddable":true,"href":"https:\/\/www.sonoraenequipo.com.mx\/api\/wp\/v2\/media\/195702"}],"wp:attachment":[{"href":"https:\/\/www.sonoraenequipo.com.mx\/api\/wp\/v2\/media?parent=195701"}],"wp:term":[{"taxonomy":"category","embeddable":true,"href":"https:\/\/www.sonoraenequipo.com.mx\/api\/wp\/v2\/categories?post=195701"},{"taxonomy":"post_tag","embeddable":true,"href":"https:\/\/www.sonoraenequipo.com.mx\/api\/wp\/v2\/tags?post=195701"}],"curies":[{"name":"wp","href":"https:\/\/api.w.org\/{rel}","templated":true}]}}