{"id":195722,"date":"2024-07-30T15:10:43","date_gmt":"2024-07-30T22:10:43","guid":{"rendered":"https:\/\/www.sonoraenequipo.com.mx\/?p=195722"},"modified":"2024-07-30T17:24:13","modified_gmt":"2024-07-31T00:24:13","slug":"delincuencia-y-violencia-a-la-baja-en-este-gobierno-claudia-sheinbaum","status":"publish","type":"post","link":"https:\/\/www.sonoraenequipo.com.mx\/delincuencia-y-violencia-a-la-baja-en-este-gobierno-claudia-sheinbaum\/","title":{"rendered":"Delincuencia y violencia a la baja en este gobierno: Claudia Sheinbaum"},"content":{"rendered":"<p><strong>CIUDAD DE M\u00c9XICO. MX\u2014<\/strong> El gobierno mexicano ha detenido y extraditado a diversos personajes de la delincuencia organizada. <em><strong>\u201cNo es que no se haya hecho nada. Tan es as\u00ed que ha disminuido la violencia\u201d,<\/strong> <\/em>afirm\u00f3 este martes la virtual presidenta electa, Claudia Sheinbaum.<\/p>\n<p>&nbsp;<\/p>\n<p>&nbsp;<\/p>\n<p> <\/p>\n<p>Tras la captura en Estados Unidos de los narcotraficantes Ismael El Mayo Zambada y Joaqu\u00edn Guzm\u00e1n L\u00f3pez, hijo de Joaqu\u00edn El Chapo Guzm\u00e1n Loera, Sheinbaum pidi\u00f3 m\u00e1s informaci\u00f3n, se\u00f1alando que los datos proporcionados por las autoridades estadounidenses han sido escuetos.<\/p>\n<p>&nbsp;<\/p>\n<p>&nbsp;<\/p>\n<p><em><strong>\u201cAyer escuch\u00e9 el informe que dio la Secretaria de Seguridad de la carta que env\u00eda Estados Unidos. Es escueto pero ah\u00ed dice que no conoc\u00edan de la entrega hasta el jueves por la ma\u00f1ana\u201d<\/strong><\/em>, explic\u00f3 Sheinbaum en una conferencia de prensa.<\/p>\n<p>&nbsp;<\/p>\n<p>&nbsp;<\/p>\n<p>Defendi\u00f3 la actuaci\u00f3n del gobierno federal en materia de seguridad durante la administraci\u00f3n del presidente Andr\u00e9s Manuel L\u00f3pez Obrador, subrayando que M\u00e9xico ha detenido y extraditado a varios personajes de la delincuencia organizada, lo que ha contribuido a la disminuci\u00f3n de la violencia. Tambi\u00e9n inst\u00f3 a \u201cno especular\u201d sobre las detenciones de Zambada y Guzm\u00e1n L\u00f3pez.<\/p>\n<p>&nbsp;<\/p>\n<p>&nbsp;<\/p>\n<p>En su casa de transici\u00f3n, Sheinbaum abord\u00f3 las 20 iniciativas de reforma constitucional que discutir\u00e1 el Congreso de la Uni\u00f3n, destacando que la del Poder Judicial ser\u00e1 la primera en ser tratada, seguida de aquellas relacionadas con los pueblos ind\u00edgenas y afroamericanos, as\u00ed como programas sociales. Insisti\u00f3 en que no se propone eliminar las funciones de los \u00f3rganos aut\u00f3nomos, sino integrarlos en diversas secretar\u00edas.<\/p>\n<p>&nbsp;<\/p>\n<p>&nbsp;<\/p>\n<p>En cuanto a la reforma al Poder Judicial, mencion\u00f3 que se est\u00e1n trabajando algunas modificaciones a la propuesta original y enfatiz\u00f3 que la elecci\u00f3n de jueces fue un mandato de la poblaci\u00f3n en las elecciones pasadas.<\/p>\n<p>&nbsp;<\/p>\n<p>&nbsp;<\/p>\n<h3>Vendr\u00e1 m\u00e1s inversi\u00f3n para M\u00e9xico: Claudia Sheinbaum<\/h3>\n<p>&nbsp;<\/p>\n<p>Sheinbaum Pardo anunci\u00f3 inversiones por m\u00e1s de 40 mil millones de d\u00f3lares para M\u00e9xico, previstas para concretarse en lo que queda de 2024 y durante 2025. El pr\u00f3ximo secretario de Econom\u00eda, Marcelo Ebrard, ha trabajado en estas inversiones y en los polos de desarrollo para los pr\u00f3ximos a\u00f1os.<\/p>\n<p>&nbsp;<\/p>\n<p>&nbsp;<\/p>\n<p>Sobre el anuncio de Tesla de suspender su proyecto en M\u00e9xico hasta despu\u00e9s de las elecciones presidenciales en Estados Unidos, Sheinbaum expres\u00f3 que se debe esperar el resultado de dichas elecciones, destacando que el tema electoral siempre influye.<\/p>\n<p>&nbsp;<\/p>\n<p>&nbsp;<\/p>\n<p>Adem\u00e1s, mencion\u00f3 la restricci\u00f3n del uso del glifosato en la producci\u00f3n de alimentos, indicando que se deben revisar otros agroqu\u00edmicos tambi\u00e9n.<\/p>\n<p>&nbsp;<\/p>\n<p>&nbsp;<\/p>\n<p>Finalmente, Sheinbaum adelant\u00f3 que el pr\u00f3ximo fin de semana tendr\u00e1 actividades con el presidente L\u00f3pez Obrador en Chiapas, Tabasco y Veracruz, y que tras concluir estas visitas seguir\u00e1 acompa\u00f1\u00e1ndolo en diversas inauguraciones.<\/p>\n<p>&nbsp;<\/p>\n<p>&nbsp;<\/p>\n<p>&nbsp;<\/p>\n<p>PUBLICADO EL 30 DE JULIO DE 2024 Con informaci\u00f3n de Regeneraci\u00f3n)<\/p>\n","protected":false},"excerpt":{"rendered":"<p>CIUDAD DE M\u00c9XICO. MX\u2014 El gobierno mexicano ha detenido y extraditado a diversos personajes de&#8230;<\/p>\n","protected":false},"author":1,"featured_media":195724,"comment_status":"open","ping_status":"open","sticky":false,"template":"","format":"standard","meta":{"_monsterinsights_skip_tracking":false,"_monsterinsights_sitenote_active":false,"_monsterinsights_sitenote_note":"","_monsterinsights_sitenote_category":0,"footnotes":""},"categories":[5],"tags":[],"class_list":["post"],"yoast_head":" \n<title>Sonora en Equipo. Delincuencia y violencia a la baja en este gobierno: Claudia Sheinbaum Rep\u00fablica<\/title>\n<meta name=\"description\" content=\"CIUDAD DE M\u00c9XICO. MX\u2014 El gobierno mexicano ha detenido y extraditado a diversos personajes de la delincuencia organizada. \u201cNo es que no se haya hecho En Sonora en Equipo publicamos toda la informaci\u00f3n de Sonora, M\u00e9xico y el Mundo de manera oportuna y busca que la libertad de expresi\u00f3n sea real. Visita nuestro medio informativo publicado desde Hermosillo, Sonora. %\" \/>\n<meta name=\"robots\" content=\"index, follow, max-snippet:-1, max-image-preview:large, max-video-preview:-1\" \/>\n<link rel=\"canonical\" href=\"https:\/\/www.sonoraenequipo.com.mx\/delincuencia-y-violencia-a-la-baja-en-este-gobierno-claudia-sheinbaum\/\" \/>\n<meta property=\"og:locale\" content=\"es_ES\" \/>\n<meta property=\"og:type\" content=\"article\" \/>\n<meta property=\"og:title\" content=\"Sonora en Equipo. Delincuencia y violencia a la baja en este gobierno: Claudia Sheinbaum Rep\u00fablica\" \/>\n<meta property=\"og:description\" content=\"CIUDAD DE M\u00c9XICO. MX\u2014 El gobierno mexicano ha detenido y extraditado a diversos personajes de la delincuencia organizada. \u201cNo es que no se haya hecho En Sonora en Equipo publicamos toda la informaci\u00f3n de Sonora, M\u00e9xico y el Mundo de manera oportuna y busca que la libertad de expresi\u00f3n sea real. Visita nuestro medio informativo publicado desde Hermosillo, Sonora. %\" \/>\n<meta property=\"og:url\" content=\"https:\/\/www.sonoraenequipo.com.mx\/delincuencia-y-violencia-a-la-baja-en-este-gobierno-claudia-sheinbaum\/\" \/>\n<meta property=\"og:site_name\" content=\"Sonora en Equipo.\" \/>\n<meta property=\"article:publisher\" content=\"https:\/\/www.facebook.com\/SonoraEE\/\" \/>\n<meta property=\"article:author\" content=\"https:\/\/www.facebook.com\/SonoraEE\" \/>\n<meta property=\"article:published_time\" content=\"2024-07-30T22:10:43+00:00\" \/>\n<meta property=\"article:modified_time\" content=\"2024-07-31T00:24:13+00:00\" \/>\n<meta property=\"og:image\" content=\"https:\/\/www.sonoraenequipo.com.mx\/storage\/2024\/07\/claudia-sheinbaum-min.jpg\" \/>\n\t<meta property=\"og:image:width\" content=\"900\" \/>\n\t<meta property=\"og:image:height\" content=\"506\" \/>\n\t<meta property=\"og:image:type\" content=\"image\/jpeg\" \/>\n<meta name=\"author\" content=\"enequipo\" \/>\n<meta name=\"twitter:card\" content=\"summary_large_image\" \/>\n<meta name=\"twitter:creator\" content=\"@sonoraenequipo\" \/>\n<meta name=\"twitter:site\" content=\"@sonoraenequipo\" \/>\n<meta name=\"twitter:label1\" content=\"Escrito por\" \/>\n\t<meta name=\"twitter:data1\" content=\"enequipo\" \/>\n\t<meta name=\"twitter:label2\" content=\"Tiempo de lectura\" \/>\n\t<meta name=\"twitter:data2\" content=\"3 minutos\" \/>\n<script type=\"application\/ld+json\" class=\"yoast-schema-graph\">{\"@context\":\"https:\/\/schema.org\",\"@graph\":[{\"@type\":\"Article\",\"@id\":\"https:\/\/www.sonoraenequipo.com.mx\/delincuencia-y-violencia-a-la-baja-en-este-gobierno-claudia-sheinbaum\/#article\",\"isPartOf\":{\"@id\":\"https:\/\/www.sonoraenequipo.com.mx\/delincuencia-y-violencia-a-la-baja-en-este-gobierno-claudia-sheinbaum\/\"},\"author\":{\"name\":\"enequipo\",\"@id\":\"https:\/\/www.sonoraenequipo.com.mx\/#\/schema\/person\/50102df0fb23a8fa9e8effad8fa81386\"},\"headline\":\"Delincuencia y violencia a la baja en este gobierno: Claudia Sheinbaum\",\"datePublished\":\"2024-07-30T22:10:43+00:00\",\"dateModified\":\"2024-07-31T00:24:13+00:00\",\"mainEntityOfPage\":{\"@id\":\"https:\/\/www.sonoraenequipo.com.mx\/delincuencia-y-violencia-a-la-baja-en-este-gobierno-claudia-sheinbaum\/\"},\"wordCount\":515,\"commentCount\":0,\"publisher\":{\"@id\":\"https:\/\/www.sonoraenequipo.com.mx\/#organization\"},\"image\":{\"@id\":\"https:\/\/www.sonoraenequipo.com.mx\/delincuencia-y-violencia-a-la-baja-en-este-gobierno-claudia-sheinbaum\/#primaryimage\"},\"thumbnailUrl\":\"https:\/\/www.sonoraenequipo.com.mx\/storage\/2024\/07\/claudia-sheinbaum-min.jpg\",\"articleSection\":[\"Rep\u00fablica\"],\"inLanguage\":\"es\",\"potentialAction\":[{\"@type\":\"CommentAction\",\"name\":\"Comment\",\"target\":[\"https:\/\/www.sonoraenequipo.com.mx\/delincuencia-y-violencia-a-la-baja-en-este-gobierno-claudia-sheinbaum\/#respond\"]}]},{\"@type\":\"WebPage\",\"@id\":\"https:\/\/www.sonoraenequipo.com.mx\/delincuencia-y-violencia-a-la-baja-en-este-gobierno-claudia-sheinbaum\/\",\"url\":\"https:\/\/www.sonoraenequipo.com.mx\/delincuencia-y-violencia-a-la-baja-en-este-gobierno-claudia-sheinbaum\/\",\"name\":\"Sonora en Equipo. Delincuencia y violencia a la baja en este gobierno: Claudia Sheinbaum Rep\u00fablica\",\"isPartOf\":{\"@id\":\"https:\/\/www.sonoraenequipo.com.mx\/#website\"},\"primaryImageOfPage\":{\"@id\":\"https:\/\/www.sonoraenequipo.com.mx\/delincuencia-y-violencia-a-la-baja-en-este-gobierno-claudia-sheinbaum\/#primaryimage\"},\"image\":{\"@id\":\"https:\/\/www.sonoraenequipo.com.mx\/delincuencia-y-violencia-a-la-baja-en-este-gobierno-claudia-sheinbaum\/#primaryimage\"},\"thumbnailUrl\":\"https:\/\/www.sonoraenequipo.com.mx\/storage\/2024\/07\/claudia-sheinbaum-min.jpg\",\"datePublished\":\"2024-07-30T22:10:43+00:00\",\"dateModified\":\"2024-07-31T00:24:13+00:00\",\"description\":\"CIUDAD DE M\u00c9XICO. MX\u2014 El gobierno mexicano ha detenido y extraditado a diversos personajes de la delincuencia organizada. \u201cNo es que no se haya hecho En Sonora en Equipo publicamos toda la informaci\u00f3n de Sonora, M\u00e9xico y el Mundo de manera oportuna y busca que la libertad de expresi\u00f3n sea real. Visita nuestro medio informativo publicado desde Hermosillo, Sonora. %\",\"breadcrumb\":{\"@id\":\"https:\/\/www.sonoraenequipo.com.mx\/delincuencia-y-violencia-a-la-baja-en-este-gobierno-claudia-sheinbaum\/#breadcrumb\"},\"inLanguage\":\"es\",\"potentialAction\":[{\"@type\":\"ReadAction\",\"target\":[\"https:\/\/www.sonoraenequipo.com.mx\/delincuencia-y-violencia-a-la-baja-en-este-gobierno-claudia-sheinbaum\/\"]}]},{\"@type\":\"ImageObject\",\"inLanguage\":\"es\",\"@id\":\"https:\/\/www.sonoraenequipo.com.mx\/delincuencia-y-violencia-a-la-baja-en-este-gobierno-claudia-sheinbaum\/#primaryimage\",\"url\":\"https:\/\/www.sonoraenequipo.com.mx\/storage\/2024\/07\/claudia-sheinbaum-min.jpg\",\"contentUrl\":\"https:\/\/www.sonoraenequipo.com.mx\/storage\/2024\/07\/claudia-sheinbaum-min.jpg\",\"width\":900,\"height\":506},{\"@type\":\"BreadcrumbList\",\"@id\":\"https:\/\/www.sonoraenequipo.com.mx\/delincuencia-y-violencia-a-la-baja-en-este-gobierno-claudia-sheinbaum\/#breadcrumb\",\"itemListElement\":[{\"@type\":\"ListItem\",\"position\":1,\"name\":\"Portada\",\"item\":\"https:\/\/www.sonoraenequipo.com.mx\/\"},{\"@type\":\"ListItem\",\"position\":2,\"name\":\"Delincuencia y violencia a la baja en este gobierno: Claudia Sheinbaum\"}]},{\"@type\":\"WebSite\",\"@id\":\"https:\/\/www.sonoraenequipo.com.mx\/#website\",\"url\":\"https:\/\/www.sonoraenequipo.com.mx\/\",\"name\":\"Sonora en Equipo.\",\"description\":\"Diario en l\u00ednea con Noticias desde Hermosillo, Sonora\",\"publisher\":{\"@id\":\"https:\/\/www.sonoraenequipo.com.mx\/#organization\"},\"potentialAction\":[{\"@type\":\"SearchAction\",\"target\":{\"@type\":\"EntryPoint\",\"urlTemplate\":\"https:\/\/www.sonoraenequipo.com.mx\/?s={search_term_string}\"},\"query-input\":{\"@type\":\"PropertyValueSpecification\",\"valueRequired\":true,\"valueName\":\"search_term_string\"}}],\"inLanguage\":\"es\"},{\"@type\":\"Organization\",\"@id\":\"https:\/\/www.sonoraenequipo.com.mx\/#organization\",\"name\":\"Sonoraenequipo.com.mx\",\"url\":\"https:\/\/www.sonoraenequipo.com.mx\/\",\"logo\":{\"@type\":\"ImageObject\",\"inLanguage\":\"es\",\"@id\":\"https:\/\/www.sonoraenequipo.com.mx\/#\/schema\/logo\/image\/\",\"url\":\"https:\/\/www.sonoraenequipo.com.mx\/storage\/2019\/01\/sonoraenequipo_opt.png\",\"contentUrl\":\"https:\/\/www.sonoraenequipo.com.mx\/storage\/2019\/01\/sonoraenequipo_opt.png\",\"width\":375,\"height\":125,\"caption\":\"Sonoraenequipo.com.mx\"},\"image\":{\"@id\":\"https:\/\/www.sonoraenequipo.com.mx\/#\/schema\/logo\/image\/\"},\"sameAs\":[\"https:\/\/www.facebook.com\/SonoraEE\/\",\"https:\/\/x.com\/sonoraenequipo\",\"https:\/\/www.youtube.com\/channel\/UC338nW-lPEYmJQs4ZABQ1SQ\"]},{\"@type\":\"Person\",\"@id\":\"https:\/\/www.sonoraenequipo.com.mx\/#\/schema\/person\/50102df0fb23a8fa9e8effad8fa81386\",\"name\":\"enequipo\",\"image\":{\"@type\":\"ImageObject\",\"inLanguage\":\"es\",\"@id\":\"https:\/\/www.sonoraenequipo.com.mx\/#\/schema\/person\/image\/\",\"url\":\"https:\/\/secure.gravatar.com\/avatar\/049821681b589dabc0bc20695993ccebb09f5b5d4d790cd9251b97faac7c652b?s=96&d=blank&r=g\",\"contentUrl\":\"https:\/\/secure.gravatar.com\/avatar\/049821681b589dabc0bc20695993ccebb09f5b5d4d790cd9251b97faac7c652b?s=96&d=blank&r=g\",\"caption\":\"enequipo\"},\"sameAs\":[\"https:\/\/www.facebook.com\/SonoraEE\"]}]}<\/script>\n ","yoast_head_json":{"title":"Sonora en Equipo. Delincuencia y violencia a la baja en este gobierno: Claudia Sheinbaum Rep\u00fablica","description":"CIUDAD DE M\u00c9XICO. MX\u2014 El gobierno mexicano ha detenido y extraditado a diversos personajes de la delincuencia organizada. \u201cNo es que no se haya hecho En Sonora en Equipo publicamos toda la informaci\u00f3n de Sonora, M\u00e9xico y el Mundo de manera oportuna y busca que la libertad de expresi\u00f3n sea real. Visita nuestro medio informativo publicado desde Hermosillo, Sonora. %","robots":{"index":"index","follow":"follow","max-snippet":"max-snippet:-1","max-image-preview":"max-image-preview:large","max-video-preview":"max-video-preview:-1"},"canonical":"https:\/\/www.sonoraenequipo.com.mx\/delincuencia-y-violencia-a-la-baja-en-este-gobierno-claudia-sheinbaum\/","og_locale":"es_ES","og_type":"article","og_title":"Sonora en Equipo. Delincuencia y violencia a la baja en este gobierno: Claudia Sheinbaum Rep\u00fablica","og_description":"CIUDAD DE M\u00c9XICO. MX\u2014 El gobierno mexicano ha detenido y extraditado a diversos personajes de la delincuencia organizada. \u201cNo es que no se haya hecho En Sonora en Equipo publicamos toda la informaci\u00f3n de Sonora, M\u00e9xico y el Mundo de manera oportuna y busca que la libertad de expresi\u00f3n sea real. Visita nuestro medio informativo publicado desde Hermosillo, Sonora. %","og_url":"https:\/\/www.sonoraenequipo.com.mx\/delincuencia-y-violencia-a-la-baja-en-este-gobierno-claudia-sheinbaum\/","og_site_name":"Sonora en Equipo.","article_publisher":"https:\/\/www.facebook.com\/SonoraEE\/","article_author":"https:\/\/www.facebook.com\/SonoraEE","article_published_time":"2024-07-30T22:10:43+00:00","article_modified_time":"2024-07-31T00:24:13+00:00","og_image":[{"width":900,"height":506,"url":"https:\/\/www.sonoraenequipo.com.mx\/storage\/2024\/07\/claudia-sheinbaum-min.jpg","type":"image\/jpeg"}],"author":"enequipo","twitter_card":"summary_large_image","twitter_creator":"@sonoraenequipo","twitter_site":"@sonoraenequipo","twitter_misc":{"Escrito por":"enequipo","Tiempo de lectura":"3 minutos"},"schema":{"@context":"https:\/\/schema.org","@graph":[{"@type":"Article","@id":"https:\/\/www.sonoraenequipo.com.mx\/delincuencia-y-violencia-a-la-baja-en-este-gobierno-claudia-sheinbaum\/#article","isPartOf":{"@id":"https:\/\/www.sonoraenequipo.com.mx\/delincuencia-y-violencia-a-la-baja-en-este-gobierno-claudia-sheinbaum\/"},"author":{"name":"enequipo","@id":"https:\/\/www.sonoraenequipo.com.mx\/#\/schema\/person\/50102df0fb23a8fa9e8effad8fa81386"},"headline":"Delincuencia y violencia a la baja en este gobierno: Claudia Sheinbaum","datePublished":"2024-07-30T22:10:43+00:00","dateModified":"2024-07-31T00:24:13+00:00","mainEntityOfPage":{"@id":"https:\/\/www.sonoraenequipo.com.mx\/delincuencia-y-violencia-a-la-baja-en-este-gobierno-claudia-sheinbaum\/"},"wordCount":515,"commentCount":0,"publisher":{"@id":"https:\/\/www.sonoraenequipo.com.mx\/#organization"},"image":{"@id":"https:\/\/www.sonoraenequipo.com.mx\/delincuencia-y-violencia-a-la-baja-en-este-gobierno-claudia-sheinbaum\/#primaryimage"},"thumbnailUrl":"https:\/\/www.sonoraenequipo.com.mx\/storage\/2024\/07\/claudia-sheinbaum-min.jpg","articleSection":["Rep\u00fablica"],"inLanguage":"es","potentialAction":[{"@type":"CommentAction","name":"Comment","target":["https:\/\/www.sonoraenequipo.com.mx\/delincuencia-y-violencia-a-la-baja-en-este-gobierno-claudia-sheinbaum\/#respond"]}]},{"@type":"WebPage","@id":"https:\/\/www.sonoraenequipo.com.mx\/delincuencia-y-violencia-a-la-baja-en-este-gobierno-claudia-sheinbaum\/","url":"https:\/\/www.sonoraenequipo.com.mx\/delincuencia-y-violencia-a-la-baja-en-este-gobierno-claudia-sheinbaum\/","name":"Sonora en Equipo. Delincuencia y violencia a la baja en este gobierno: Claudia Sheinbaum Rep\u00fablica","isPartOf":{"@id":"https:\/\/www.sonoraenequipo.com.mx\/#website"},"primaryImageOfPage":{"@id":"https:\/\/www.sonoraenequipo.com.mx\/delincuencia-y-violencia-a-la-baja-en-este-gobierno-claudia-sheinbaum\/#primaryimage"},"image":{"@id":"https:\/\/www.sonoraenequipo.com.mx\/delincuencia-y-violencia-a-la-baja-en-este-gobierno-claudia-sheinbaum\/#primaryimage"},"thumbnailUrl":"https:\/\/www.sonoraenequipo.com.mx\/storage\/2024\/07\/claudia-sheinbaum-min.jpg","datePublished":"2024-07-30T22:10:43+00:00","dateModified":"2024-07-31T00:24:13+00:00","description":"CIUDAD DE M\u00c9XICO. MX\u2014 El gobierno mexicano ha detenido y extraditado a diversos personajes de la delincuencia organizada. \u201cNo es que no se haya hecho En Sonora en Equipo publicamos toda la informaci\u00f3n de Sonora, M\u00e9xico y el Mundo de manera oportuna y busca que la libertad de expresi\u00f3n sea real. Visita nuestro medio informativo publicado desde Hermosillo, Sonora. %","breadcrumb":{"@id":"https:\/\/www.sonoraenequipo.com.mx\/delincuencia-y-violencia-a-la-baja-en-este-gobierno-claudia-sheinbaum\/#breadcrumb"},"inLanguage":"es","potentialAction":[{"@type":"ReadAction","target":["https:\/\/www.sonoraenequipo.com.mx\/delincuencia-y-violencia-a-la-baja-en-este-gobierno-claudia-sheinbaum\/"]}]},{"@type":"ImageObject","inLanguage":"es","@id":"https:\/\/www.sonoraenequipo.com.mx\/delincuencia-y-violencia-a-la-baja-en-este-gobierno-claudia-sheinbaum\/#primaryimage","url":"https:\/\/www.sonoraenequipo.com.mx\/storage\/2024\/07\/claudia-sheinbaum-min.jpg","contentUrl":"https:\/\/www.sonoraenequipo.com.mx\/storage\/2024\/07\/claudia-sheinbaum-min.jpg","width":900,"height":506},{"@type":"BreadcrumbList","@id":"https:\/\/www.sonoraenequipo.com.mx\/delincuencia-y-violencia-a-la-baja-en-este-gobierno-claudia-sheinbaum\/#breadcrumb","itemListElement":[{"@type":"ListItem","position":1,"name":"Portada","item":"https:\/\/www.sonoraenequipo.com.mx\/"},{"@type":"ListItem","position":2,"name":"Delincuencia y violencia a la baja en este gobierno: Claudia Sheinbaum"}]},{"@type":"WebSite","@id":"https:\/\/www.sonoraenequipo.com.mx\/#website","url":"https:\/\/www.sonoraenequipo.com.mx\/","name":"Sonora en Equipo.","description":"Diario en l\u00ednea con Noticias desde Hermosillo, Sonora","publisher":{"@id":"https:\/\/www.sonoraenequipo.com.mx\/#organization"},"potentialAction":[{"@type":"SearchAction","target":{"@type":"EntryPoint","urlTemplate":"https:\/\/www.sonoraenequipo.com.mx\/?s={search_term_string}"},"query-input":{"@type":"PropertyValueSpecification","valueRequired":true,"valueName":"search_term_string"}}],"inLanguage":"es"},{"@type":"Organization","@id":"https:\/\/www.sonoraenequipo.com.mx\/#organization","name":"Sonoraenequipo.com.mx","url":"https:\/\/www.sonoraenequipo.com.mx\/","logo":{"@type":"ImageObject","inLanguage":"es","@id":"https:\/\/www.sonoraenequipo.com.mx\/#\/schema\/logo\/image\/","url":"https:\/\/www.sonoraenequipo.com.mx\/storage\/2019\/01\/sonoraenequipo_opt.png","contentUrl":"https:\/\/www.sonoraenequipo.com.mx\/storage\/2019\/01\/sonoraenequipo_opt.png","width":375,"height":125,"caption":"Sonoraenequipo.com.mx"},"image":{"@id":"https:\/\/www.sonoraenequipo.com.mx\/#\/schema\/logo\/image\/"},"sameAs":["https:\/\/www.facebook.com\/SonoraEE\/","https:\/\/x.com\/sonoraenequipo","https:\/\/www.youtube.com\/channel\/UC338nW-lPEYmJQs4ZABQ1SQ"]},{"@type":"Person","@id":"https:\/\/www.sonoraenequipo.com.mx\/#\/schema\/person\/50102df0fb23a8fa9e8effad8fa81386","name":"enequipo","image":{"@type":"ImageObject","inLanguage":"es","@id":"https:\/\/www.sonoraenequipo.com.mx\/#\/schema\/person\/image\/","url":"https:\/\/secure.gravatar.com\/avatar\/049821681b589dabc0bc20695993ccebb09f5b5d4d790cd9251b97faac7c652b?s=96&d=blank&r=g","contentUrl":"https:\/\/secure.gravatar.com\/avatar\/049821681b589dabc0bc20695993ccebb09f5b5d4d790cd9251b97faac7c652b?s=96&d=blank&r=g","caption":"enequipo"},"sameAs":["https:\/\/www.facebook.com\/SonoraEE"]}]}},"jetpack_featured_media_url":"https:\/\/www.sonoraenequipo.com.mx\/storage\/2024\/07\/claudia-sheinbaum-min.jpg","_links":{"self":[{"href":"https:\/\/www.sonoraenequipo.com.mx\/api\/wp\/v2\/posts\/195722","targetHints":{"allow":["GET"]}}],"collection":[{"href":"https:\/\/www.sonoraenequipo.com.mx\/api\/wp\/v2\/posts"}],"about":[{"href":"https:\/\/www.sonoraenequipo.com.mx\/api\/wp\/v2\/types\/post"}],"author":[{"embeddable":true,"href":"https:\/\/www.sonoraenequipo.com.mx\/api\/wp\/v2\/users\/1"}],"replies":[{"embeddable":true,"href":"https:\/\/www.sonoraenequipo.com.mx\/api\/wp\/v2\/comments?post=195722"}],"version-history":[{"count":1,"href":"https:\/\/www.sonoraenequipo.com.mx\/api\/wp\/v2\/posts\/195722\/revisions"}],"predecessor-version":[{"id":195725,"href":"https:\/\/www.sonoraenequipo.com.mx\/api\/wp\/v2\/posts\/195722\/revisions\/195725"}],"wp:featuredmedia":[{"embeddable":true,"href":"https:\/\/www.sonoraenequipo.com.mx\/api\/wp\/v2\/media\/195724"}],"wp:attachment":[{"href":"https:\/\/www.sonoraenequipo.com.mx\/api\/wp\/v2\/media?parent=195722"}],"wp:term":[{"taxonomy":"category","embeddable":true,"href":"https:\/\/www.sonoraenequipo.com.mx\/api\/wp\/v2\/categories?post=195722"},{"taxonomy":"post_tag","embeddable":true,"href":"https:\/\/www.sonoraenequipo.com.mx\/api\/wp\/v2\/tags?post=195722"}],"curies":[{"name":"wp","href":"https:\/\/api.w.org\/{rel}","templated":true}]}}