{"id":195747,"date":"2024-07-30T20:10:35","date_gmt":"2024-07-31T03:10:35","guid":{"rendered":"https:\/\/www.sonoraenequipo.com.mx\/?p=195747"},"modified":"2024-07-30T19:17:41","modified_gmt":"2024-07-31T02:17:41","slug":"recomienda-secretaria-de-seguridad-publica-utilizar-linea-9-1-1-con-responsabilidad","status":"publish","type":"post","link":"https:\/\/www.sonoraenequipo.com.mx\/recomienda-secretaria-de-seguridad-publica-utilizar-linea-9-1-1-con-responsabilidad\/","title":{"rendered":"Recomienda Secretar\u00eda de Seguridad P\u00fablica utilizar l\u00ednea 9-1-1 con responsabilidad"},"content":{"rendered":"<p><strong>HERMOSILLO, SONORA. MX. \u2014&nbsp;<\/strong> Por una cultura del uso responsable de la l\u00ednea de emergencias 9-1-1, la Secretar\u00eda de Seguridad P\u00fablica (SSP) de Sonora hace un llamado a la ciudadan\u00eda para optimizar este servicio, especialmente durante el periodo vacacional.<\/p>\n<p>&nbsp;<\/p>\n<p>&nbsp;<\/p>\n<p>&nbsp;<\/p>\n<p> <\/p>\n<p>Recomend\u00f3 cuidar este n\u00famero \u00fanico para reportar situaciones de riesgo que est\u00e9n sucediendo en el momento, mismos que son canalizados para una atenci\u00f3n inmediata, como pueden ser accidentes de tr\u00e1nsito, asistencia m\u00e9dica, seguridad o protecci\u00f3n civil.<\/p>\n<p>&nbsp;<\/p>\n<p>&nbsp;<\/p>\n<p>&nbsp;<\/p>\n<p>La SSP Sonora realiza una difusi\u00f3n permanente de la funci\u00f3n de este servicio que est\u00e1 disponible los 365 d\u00edas, mismo que es atendido por personal altamente capacitado con base en protocolos de actuaci\u00f3n.<\/p>\n<p>&nbsp;<\/p>\n<p>&nbsp;<\/p>\n<p>&nbsp;<\/p>\n<p>El personal de la SSP Sonora, en recorridos de proximidad por hogares, comercios, escuelas, empresas y ciudadan\u00eda en general, comparte material informativo por medio del cual se fomenta el cuidado de esta importante l\u00ednea.<\/p>\n<p>&nbsp;<\/p>\n<p>&nbsp;<\/p>\n<p>&nbsp;<\/p>\n<p>En estas fechas de verano, las y los operadores del 9-1-1 se mantienen atentos para brindar un servicio a las familias sonorenses, vacacionistas que optan por disfrutar del verano en nuestra entidad y aquellas que transitan por territorio sonorense.<\/p>\n<p>&nbsp;<\/p>\n<p>&nbsp;<\/p>\n<p>PUBLICADO EL 31 DE JULIO DE 2024 Con informaci\u00f3n de 0724192)<\/p>\n","protected":false},"excerpt":{"rendered":"<p>HERMOSILLO, SONORA. MX. \u2014&nbsp; Por una cultura del uso responsable de la l\u00ednea de emergencias&#8230;<\/p>\n","protected":false},"author":1,"featured_media":195738,"comment_status":"open","ping_status":"open","sticky":false,"template":"","format":"standard","meta":{"_monsterinsights_skip_tracking":false,"_monsterinsights_sitenote_active":false,"_monsterinsights_sitenote_note":"","_monsterinsights_sitenote_category":0,"footnotes":""},"categories":[22],"tags":[],"class_list":["post"],"yoast_head":" \n<title>Sonora en Equipo. Recomienda Secretar\u00eda de Seguridad P\u00fablica utilizar l\u00ednea 9-1-1 con responsabilidad Sonora<\/title>\n<meta name=\"description\" content=\"HERMOSILLO, SONORA. MX. \u2014&nbsp; Por una cultura del uso responsable de la l\u00ednea de emergencias 9-1-1, la Secretar\u00eda de Seguridad P\u00fablica (SSP) de Sonora En Sonora en Equipo publicamos toda la informaci\u00f3n de Sonora, M\u00e9xico y el Mundo de manera oportuna y busca que la libertad de expresi\u00f3n sea real. Visita nuestro medio informativo publicado desde Hermosillo, Sonora. %\" \/>\n<meta name=\"robots\" content=\"index, follow, max-snippet:-1, max-image-preview:large, max-video-preview:-1\" \/>\n<link rel=\"canonical\" href=\"https:\/\/www.sonoraenequipo.com.mx\/recomienda-secretaria-de-seguridad-publica-utilizar-linea-9-1-1-con-responsabilidad\/\" \/>\n<meta property=\"og:locale\" content=\"es_ES\" \/>\n<meta property=\"og:type\" content=\"article\" \/>\n<meta property=\"og:title\" content=\"Sonora en Equipo. Recomienda Secretar\u00eda de Seguridad P\u00fablica utilizar l\u00ednea 9-1-1 con responsabilidad Sonora\" \/>\n<meta property=\"og:description\" content=\"HERMOSILLO, SONORA. MX. \u2014&nbsp; Por una cultura del uso responsable de la l\u00ednea de emergencias 9-1-1, la Secretar\u00eda de Seguridad P\u00fablica (SSP) de Sonora En Sonora en Equipo publicamos toda la informaci\u00f3n de Sonora, M\u00e9xico y el Mundo de manera oportuna y busca que la libertad de expresi\u00f3n sea real. Visita nuestro medio informativo publicado desde Hermosillo, Sonora. %\" \/>\n<meta property=\"og:url\" content=\"https:\/\/www.sonoraenequipo.com.mx\/recomienda-secretaria-de-seguridad-publica-utilizar-linea-9-1-1-con-responsabilidad\/\" \/>\n<meta property=\"og:site_name\" content=\"Sonora en Equipo.\" \/>\n<meta property=\"article:publisher\" content=\"https:\/\/www.facebook.com\/SonoraEE\/\" \/>\n<meta property=\"article:author\" content=\"https:\/\/www.facebook.com\/SonoraEE\" \/>\n<meta property=\"article:published_time\" content=\"2024-07-31T03:10:35+00:00\" \/>\n<meta property=\"og:image\" content=\"https:\/\/www.sonoraenequipo.com.mx\/storage\/2024\/07\/Publica-utilizar-linea-9-1-1-con-responsabilidad-4-min.jpg\" \/>\n\t<meta property=\"og:image:width\" content=\"900\" \/>\n\t<meta property=\"og:image:height\" content=\"564\" \/>\n\t<meta property=\"og:image:type\" content=\"image\/jpeg\" \/>\n<meta name=\"author\" content=\"enequipo\" \/>\n<meta name=\"twitter:card\" content=\"summary_large_image\" \/>\n<meta name=\"twitter:creator\" content=\"@sonoraenequipo\" \/>\n<meta name=\"twitter:site\" content=\"@sonoraenequipo\" \/>\n<meta name=\"twitter:label1\" content=\"Escrito por\" \/>\n\t<meta name=\"twitter:data1\" content=\"enequipo\" \/>\n\t<meta name=\"twitter:label2\" content=\"Tiempo de lectura\" \/>\n\t<meta name=\"twitter:data2\" content=\"1 minuto\" \/>\n<script type=\"application\/ld+json\" class=\"yoast-schema-graph\">{\"@context\":\"https:\/\/schema.org\",\"@graph\":[{\"@type\":\"Article\",\"@id\":\"https:\/\/www.sonoraenequipo.com.mx\/recomienda-secretaria-de-seguridad-publica-utilizar-linea-9-1-1-con-responsabilidad\/#article\",\"isPartOf\":{\"@id\":\"https:\/\/www.sonoraenequipo.com.mx\/recomienda-secretaria-de-seguridad-publica-utilizar-linea-9-1-1-con-responsabilidad\/\"},\"author\":{\"name\":\"enequipo\",\"@id\":\"https:\/\/www.sonoraenequipo.com.mx\/#\/schema\/person\/50102df0fb23a8fa9e8effad8fa81386\"},\"headline\":\"Recomienda Secretar\u00eda de Seguridad P\u00fablica utilizar l\u00ednea 9-1-1 con responsabilidad\",\"datePublished\":\"2024-07-31T03:10:35+00:00\",\"mainEntityOfPage\":{\"@id\":\"https:\/\/www.sonoraenequipo.com.mx\/recomienda-secretaria-de-seguridad-publica-utilizar-linea-9-1-1-con-responsabilidad\/\"},\"wordCount\":235,\"commentCount\":0,\"publisher\":{\"@id\":\"https:\/\/www.sonoraenequipo.com.mx\/#organization\"},\"image\":{\"@id\":\"https:\/\/www.sonoraenequipo.com.mx\/recomienda-secretaria-de-seguridad-publica-utilizar-linea-9-1-1-con-responsabilidad\/#primaryimage\"},\"thumbnailUrl\":\"https:\/\/www.sonoraenequipo.com.mx\/storage\/2024\/07\/Publica-utilizar-linea-9-1-1-con-responsabilidad-4-min.jpg\",\"articleSection\":[\"Sonora\"],\"inLanguage\":\"es\",\"potentialAction\":[{\"@type\":\"CommentAction\",\"name\":\"Comment\",\"target\":[\"https:\/\/www.sonoraenequipo.com.mx\/recomienda-secretaria-de-seguridad-publica-utilizar-linea-9-1-1-con-responsabilidad\/#respond\"]}]},{\"@type\":\"WebPage\",\"@id\":\"https:\/\/www.sonoraenequipo.com.mx\/recomienda-secretaria-de-seguridad-publica-utilizar-linea-9-1-1-con-responsabilidad\/\",\"url\":\"https:\/\/www.sonoraenequipo.com.mx\/recomienda-secretaria-de-seguridad-publica-utilizar-linea-9-1-1-con-responsabilidad\/\",\"name\":\"Sonora en Equipo. Recomienda Secretar\u00eda de Seguridad P\u00fablica utilizar l\u00ednea 9-1-1 con responsabilidad Sonora\",\"isPartOf\":{\"@id\":\"https:\/\/www.sonoraenequipo.com.mx\/#website\"},\"primaryImageOfPage\":{\"@id\":\"https:\/\/www.sonoraenequipo.com.mx\/recomienda-secretaria-de-seguridad-publica-utilizar-linea-9-1-1-con-responsabilidad\/#primaryimage\"},\"image\":{\"@id\":\"https:\/\/www.sonoraenequipo.com.mx\/recomienda-secretaria-de-seguridad-publica-utilizar-linea-9-1-1-con-responsabilidad\/#primaryimage\"},\"thumbnailUrl\":\"https:\/\/www.sonoraenequipo.com.mx\/storage\/2024\/07\/Publica-utilizar-linea-9-1-1-con-responsabilidad-4-min.jpg\",\"datePublished\":\"2024-07-31T03:10:35+00:00\",\"description\":\"HERMOSILLO, SONORA. MX. \u2014&nbsp; Por una cultura del uso responsable de la l\u00ednea de emergencias 9-1-1, la Secretar\u00eda de Seguridad P\u00fablica (SSP) de Sonora En Sonora en Equipo publicamos toda la informaci\u00f3n de Sonora, M\u00e9xico y el Mundo de manera oportuna y busca que la libertad de expresi\u00f3n sea real. Visita nuestro medio informativo publicado desde Hermosillo, Sonora. %\",\"breadcrumb\":{\"@id\":\"https:\/\/www.sonoraenequipo.com.mx\/recomienda-secretaria-de-seguridad-publica-utilizar-linea-9-1-1-con-responsabilidad\/#breadcrumb\"},\"inLanguage\":\"es\",\"potentialAction\":[{\"@type\":\"ReadAction\",\"target\":[\"https:\/\/www.sonoraenequipo.com.mx\/recomienda-secretaria-de-seguridad-publica-utilizar-linea-9-1-1-con-responsabilidad\/\"]}]},{\"@type\":\"ImageObject\",\"inLanguage\":\"es\",\"@id\":\"https:\/\/www.sonoraenequipo.com.mx\/recomienda-secretaria-de-seguridad-publica-utilizar-linea-9-1-1-con-responsabilidad\/#primaryimage\",\"url\":\"https:\/\/www.sonoraenequipo.com.mx\/storage\/2024\/07\/Publica-utilizar-linea-9-1-1-con-responsabilidad-4-min.jpg\",\"contentUrl\":\"https:\/\/www.sonoraenequipo.com.mx\/storage\/2024\/07\/Publica-utilizar-linea-9-1-1-con-responsabilidad-4-min.jpg\",\"width\":900,\"height\":564},{\"@type\":\"BreadcrumbList\",\"@id\":\"https:\/\/www.sonoraenequipo.com.mx\/recomienda-secretaria-de-seguridad-publica-utilizar-linea-9-1-1-con-responsabilidad\/#breadcrumb\",\"itemListElement\":[{\"@type\":\"ListItem\",\"position\":1,\"name\":\"Portada\",\"item\":\"https:\/\/www.sonoraenequipo.com.mx\/\"},{\"@type\":\"ListItem\",\"position\":2,\"name\":\"Recomienda Secretar\u00eda de Seguridad P\u00fablica utilizar l\u00ednea 9-1-1 con responsabilidad\"}]},{\"@type\":\"WebSite\",\"@id\":\"https:\/\/www.sonoraenequipo.com.mx\/#website\",\"url\":\"https:\/\/www.sonoraenequipo.com.mx\/\",\"name\":\"Sonora en Equipo.\",\"description\":\"Diario en l\u00ednea con Noticias desde Hermosillo, Sonora\",\"publisher\":{\"@id\":\"https:\/\/www.sonoraenequipo.com.mx\/#organization\"},\"potentialAction\":[{\"@type\":\"SearchAction\",\"target\":{\"@type\":\"EntryPoint\",\"urlTemplate\":\"https:\/\/www.sonoraenequipo.com.mx\/?s={search_term_string}\"},\"query-input\":{\"@type\":\"PropertyValueSpecification\",\"valueRequired\":true,\"valueName\":\"search_term_string\"}}],\"inLanguage\":\"es\"},{\"@type\":\"Organization\",\"@id\":\"https:\/\/www.sonoraenequipo.com.mx\/#organization\",\"name\":\"Sonoraenequipo.com.mx\",\"url\":\"https:\/\/www.sonoraenequipo.com.mx\/\",\"logo\":{\"@type\":\"ImageObject\",\"inLanguage\":\"es\",\"@id\":\"https:\/\/www.sonoraenequipo.com.mx\/#\/schema\/logo\/image\/\",\"url\":\"https:\/\/www.sonoraenequipo.com.mx\/storage\/2019\/01\/sonoraenequipo_opt.png\",\"contentUrl\":\"https:\/\/www.sonoraenequipo.com.mx\/storage\/2019\/01\/sonoraenequipo_opt.png\",\"width\":375,\"height\":125,\"caption\":\"Sonoraenequipo.com.mx\"},\"image\":{\"@id\":\"https:\/\/www.sonoraenequipo.com.mx\/#\/schema\/logo\/image\/\"},\"sameAs\":[\"https:\/\/www.facebook.com\/SonoraEE\/\",\"https:\/\/x.com\/sonoraenequipo\",\"https:\/\/www.youtube.com\/channel\/UC338nW-lPEYmJQs4ZABQ1SQ\"]},{\"@type\":\"Person\",\"@id\":\"https:\/\/www.sonoraenequipo.com.mx\/#\/schema\/person\/50102df0fb23a8fa9e8effad8fa81386\",\"name\":\"enequipo\",\"image\":{\"@type\":\"ImageObject\",\"inLanguage\":\"es\",\"@id\":\"https:\/\/www.sonoraenequipo.com.mx\/#\/schema\/person\/image\/\",\"url\":\"https:\/\/secure.gravatar.com\/avatar\/049821681b589dabc0bc20695993ccebb09f5b5d4d790cd9251b97faac7c652b?s=96&d=blank&r=g\",\"contentUrl\":\"https:\/\/secure.gravatar.com\/avatar\/049821681b589dabc0bc20695993ccebb09f5b5d4d790cd9251b97faac7c652b?s=96&d=blank&r=g\",\"caption\":\"enequipo\"},\"sameAs\":[\"https:\/\/www.facebook.com\/SonoraEE\"]}]}<\/script>\n ","yoast_head_json":{"title":"Sonora en Equipo. Recomienda Secretar\u00eda de Seguridad P\u00fablica utilizar l\u00ednea 9-1-1 con responsabilidad Sonora","description":"HERMOSILLO, SONORA. MX. \u2014&nbsp; Por una cultura del uso responsable de la l\u00ednea de emergencias 9-1-1, la Secretar\u00eda de Seguridad P\u00fablica (SSP) de Sonora En Sonora en Equipo publicamos toda la informaci\u00f3n de Sonora, M\u00e9xico y el Mundo de manera oportuna y busca que la libertad de expresi\u00f3n sea real. Visita nuestro medio informativo publicado desde Hermosillo, Sonora. %","robots":{"index":"index","follow":"follow","max-snippet":"max-snippet:-1","max-image-preview":"max-image-preview:large","max-video-preview":"max-video-preview:-1"},"canonical":"https:\/\/www.sonoraenequipo.com.mx\/recomienda-secretaria-de-seguridad-publica-utilizar-linea-9-1-1-con-responsabilidad\/","og_locale":"es_ES","og_type":"article","og_title":"Sonora en Equipo. Recomienda Secretar\u00eda de Seguridad P\u00fablica utilizar l\u00ednea 9-1-1 con responsabilidad Sonora","og_description":"HERMOSILLO, SONORA. MX. \u2014&nbsp; Por una cultura del uso responsable de la l\u00ednea de emergencias 9-1-1, la Secretar\u00eda de Seguridad P\u00fablica (SSP) de Sonora En Sonora en Equipo publicamos toda la informaci\u00f3n de Sonora, M\u00e9xico y el Mundo de manera oportuna y busca que la libertad de expresi\u00f3n sea real. Visita nuestro medio informativo publicado desde Hermosillo, Sonora. %","og_url":"https:\/\/www.sonoraenequipo.com.mx\/recomienda-secretaria-de-seguridad-publica-utilizar-linea-9-1-1-con-responsabilidad\/","og_site_name":"Sonora en Equipo.","article_publisher":"https:\/\/www.facebook.com\/SonoraEE\/","article_author":"https:\/\/www.facebook.com\/SonoraEE","article_published_time":"2024-07-31T03:10:35+00:00","og_image":[{"width":900,"height":564,"url":"https:\/\/www.sonoraenequipo.com.mx\/storage\/2024\/07\/Publica-utilizar-linea-9-1-1-con-responsabilidad-4-min.jpg","type":"image\/jpeg"}],"author":"enequipo","twitter_card":"summary_large_image","twitter_creator":"@sonoraenequipo","twitter_site":"@sonoraenequipo","twitter_misc":{"Escrito por":"enequipo","Tiempo de lectura":"1 minuto"},"schema":{"@context":"https:\/\/schema.org","@graph":[{"@type":"Article","@id":"https:\/\/www.sonoraenequipo.com.mx\/recomienda-secretaria-de-seguridad-publica-utilizar-linea-9-1-1-con-responsabilidad\/#article","isPartOf":{"@id":"https:\/\/www.sonoraenequipo.com.mx\/recomienda-secretaria-de-seguridad-publica-utilizar-linea-9-1-1-con-responsabilidad\/"},"author":{"name":"enequipo","@id":"https:\/\/www.sonoraenequipo.com.mx\/#\/schema\/person\/50102df0fb23a8fa9e8effad8fa81386"},"headline":"Recomienda Secretar\u00eda de Seguridad P\u00fablica utilizar l\u00ednea 9-1-1 con responsabilidad","datePublished":"2024-07-31T03:10:35+00:00","mainEntityOfPage":{"@id":"https:\/\/www.sonoraenequipo.com.mx\/recomienda-secretaria-de-seguridad-publica-utilizar-linea-9-1-1-con-responsabilidad\/"},"wordCount":235,"commentCount":0,"publisher":{"@id":"https:\/\/www.sonoraenequipo.com.mx\/#organization"},"image":{"@id":"https:\/\/www.sonoraenequipo.com.mx\/recomienda-secretaria-de-seguridad-publica-utilizar-linea-9-1-1-con-responsabilidad\/#primaryimage"},"thumbnailUrl":"https:\/\/www.sonoraenequipo.com.mx\/storage\/2024\/07\/Publica-utilizar-linea-9-1-1-con-responsabilidad-4-min.jpg","articleSection":["Sonora"],"inLanguage":"es","potentialAction":[{"@type":"CommentAction","name":"Comment","target":["https:\/\/www.sonoraenequipo.com.mx\/recomienda-secretaria-de-seguridad-publica-utilizar-linea-9-1-1-con-responsabilidad\/#respond"]}]},{"@type":"WebPage","@id":"https:\/\/www.sonoraenequipo.com.mx\/recomienda-secretaria-de-seguridad-publica-utilizar-linea-9-1-1-con-responsabilidad\/","url":"https:\/\/www.sonoraenequipo.com.mx\/recomienda-secretaria-de-seguridad-publica-utilizar-linea-9-1-1-con-responsabilidad\/","name":"Sonora en Equipo. Recomienda Secretar\u00eda de Seguridad P\u00fablica utilizar l\u00ednea 9-1-1 con responsabilidad Sonora","isPartOf":{"@id":"https:\/\/www.sonoraenequipo.com.mx\/#website"},"primaryImageOfPage":{"@id":"https:\/\/www.sonoraenequipo.com.mx\/recomienda-secretaria-de-seguridad-publica-utilizar-linea-9-1-1-con-responsabilidad\/#primaryimage"},"image":{"@id":"https:\/\/www.sonoraenequipo.com.mx\/recomienda-secretaria-de-seguridad-publica-utilizar-linea-9-1-1-con-responsabilidad\/#primaryimage"},"thumbnailUrl":"https:\/\/www.sonoraenequipo.com.mx\/storage\/2024\/07\/Publica-utilizar-linea-9-1-1-con-responsabilidad-4-min.jpg","datePublished":"2024-07-31T03:10:35+00:00","description":"HERMOSILLO, SONORA. MX. \u2014&nbsp; Por una cultura del uso responsable de la l\u00ednea de emergencias 9-1-1, la Secretar\u00eda de Seguridad P\u00fablica (SSP) de Sonora En Sonora en Equipo publicamos toda la informaci\u00f3n de Sonora, M\u00e9xico y el Mundo de manera oportuna y busca que la libertad de expresi\u00f3n sea real. Visita nuestro medio informativo publicado desde Hermosillo, Sonora. %","breadcrumb":{"@id":"https:\/\/www.sonoraenequipo.com.mx\/recomienda-secretaria-de-seguridad-publica-utilizar-linea-9-1-1-con-responsabilidad\/#breadcrumb"},"inLanguage":"es","potentialAction":[{"@type":"ReadAction","target":["https:\/\/www.sonoraenequipo.com.mx\/recomienda-secretaria-de-seguridad-publica-utilizar-linea-9-1-1-con-responsabilidad\/"]}]},{"@type":"ImageObject","inLanguage":"es","@id":"https:\/\/www.sonoraenequipo.com.mx\/recomienda-secretaria-de-seguridad-publica-utilizar-linea-9-1-1-con-responsabilidad\/#primaryimage","url":"https:\/\/www.sonoraenequipo.com.mx\/storage\/2024\/07\/Publica-utilizar-linea-9-1-1-con-responsabilidad-4-min.jpg","contentUrl":"https:\/\/www.sonoraenequipo.com.mx\/storage\/2024\/07\/Publica-utilizar-linea-9-1-1-con-responsabilidad-4-min.jpg","width":900,"height":564},{"@type":"BreadcrumbList","@id":"https:\/\/www.sonoraenequipo.com.mx\/recomienda-secretaria-de-seguridad-publica-utilizar-linea-9-1-1-con-responsabilidad\/#breadcrumb","itemListElement":[{"@type":"ListItem","position":1,"name":"Portada","item":"https:\/\/www.sonoraenequipo.com.mx\/"},{"@type":"ListItem","position":2,"name":"Recomienda Secretar\u00eda de Seguridad P\u00fablica utilizar l\u00ednea 9-1-1 con responsabilidad"}]},{"@type":"WebSite","@id":"https:\/\/www.sonoraenequipo.com.mx\/#website","url":"https:\/\/www.sonoraenequipo.com.mx\/","name":"Sonora en Equipo.","description":"Diario en l\u00ednea con Noticias desde Hermosillo, Sonora","publisher":{"@id":"https:\/\/www.sonoraenequipo.com.mx\/#organization"},"potentialAction":[{"@type":"SearchAction","target":{"@type":"EntryPoint","urlTemplate":"https:\/\/www.sonoraenequipo.com.mx\/?s={search_term_string}"},"query-input":{"@type":"PropertyValueSpecification","valueRequired":true,"valueName":"search_term_string"}}],"inLanguage":"es"},{"@type":"Organization","@id":"https:\/\/www.sonoraenequipo.com.mx\/#organization","name":"Sonoraenequipo.com.mx","url":"https:\/\/www.sonoraenequipo.com.mx\/","logo":{"@type":"ImageObject","inLanguage":"es","@id":"https:\/\/www.sonoraenequipo.com.mx\/#\/schema\/logo\/image\/","url":"https:\/\/www.sonoraenequipo.com.mx\/storage\/2019\/01\/sonoraenequipo_opt.png","contentUrl":"https:\/\/www.sonoraenequipo.com.mx\/storage\/2019\/01\/sonoraenequipo_opt.png","width":375,"height":125,"caption":"Sonoraenequipo.com.mx"},"image":{"@id":"https:\/\/www.sonoraenequipo.com.mx\/#\/schema\/logo\/image\/"},"sameAs":["https:\/\/www.facebook.com\/SonoraEE\/","https:\/\/x.com\/sonoraenequipo","https:\/\/www.youtube.com\/channel\/UC338nW-lPEYmJQs4ZABQ1SQ"]},{"@type":"Person","@id":"https:\/\/www.sonoraenequipo.com.mx\/#\/schema\/person\/50102df0fb23a8fa9e8effad8fa81386","name":"enequipo","image":{"@type":"ImageObject","inLanguage":"es","@id":"https:\/\/www.sonoraenequipo.com.mx\/#\/schema\/person\/image\/","url":"https:\/\/secure.gravatar.com\/avatar\/049821681b589dabc0bc20695993ccebb09f5b5d4d790cd9251b97faac7c652b?s=96&d=blank&r=g","contentUrl":"https:\/\/secure.gravatar.com\/avatar\/049821681b589dabc0bc20695993ccebb09f5b5d4d790cd9251b97faac7c652b?s=96&d=blank&r=g","caption":"enequipo"},"sameAs":["https:\/\/www.facebook.com\/SonoraEE"]}]}},"jetpack_featured_media_url":"https:\/\/www.sonoraenequipo.com.mx\/storage\/2024\/07\/Publica-utilizar-linea-9-1-1-con-responsabilidad-4-min.jpg","_links":{"self":[{"href":"https:\/\/www.sonoraenequipo.com.mx\/api\/wp\/v2\/posts\/195747","targetHints":{"allow":["GET"]}}],"collection":[{"href":"https:\/\/www.sonoraenequipo.com.mx\/api\/wp\/v2\/posts"}],"about":[{"href":"https:\/\/www.sonoraenequipo.com.mx\/api\/wp\/v2\/types\/post"}],"author":[{"embeddable":true,"href":"https:\/\/www.sonoraenequipo.com.mx\/api\/wp\/v2\/users\/1"}],"replies":[{"embeddable":true,"href":"https:\/\/www.sonoraenequipo.com.mx\/api\/wp\/v2\/comments?post=195747"}],"version-history":[{"count":2,"href":"https:\/\/www.sonoraenequipo.com.mx\/api\/wp\/v2\/posts\/195747\/revisions"}],"predecessor-version":[{"id":195749,"href":"https:\/\/www.sonoraenequipo.com.mx\/api\/wp\/v2\/posts\/195747\/revisions\/195749"}],"wp:featuredmedia":[{"embeddable":true,"href":"https:\/\/www.sonoraenequipo.com.mx\/api\/wp\/v2\/media\/195738"}],"wp:attachment":[{"href":"https:\/\/www.sonoraenequipo.com.mx\/api\/wp\/v2\/media?parent=195747"}],"wp:term":[{"taxonomy":"category","embeddable":true,"href":"https:\/\/www.sonoraenequipo.com.mx\/api\/wp\/v2\/categories?post=195747"},{"taxonomy":"post_tag","embeddable":true,"href":"https:\/\/www.sonoraenequipo.com.mx\/api\/wp\/v2\/tags?post=195747"}],"curies":[{"name":"wp","href":"https:\/\/api.w.org\/{rel}","templated":true}]}}