{"id":195774,"date":"2024-07-31T10:20:26","date_gmt":"2024-07-31T17:20:26","guid":{"rendered":"https:\/\/www.sonoraenequipo.com.mx\/?p=195774"},"modified":"2024-07-31T10:20:26","modified_gmt":"2024-07-31T17:20:26","slug":"ecoeficiencia-llega-a-centros-de-datos-con-la-ia","status":"publish","type":"post","link":"https:\/\/www.sonoraenequipo.com.mx\/ecoeficiencia-llega-a-centros-de-datos-con-la-ia\/","title":{"rendered":"Ecoeficiencia llega a centros de datos con la IA"},"content":{"rendered":"<p>Hoy los Centros de Datos en todo el mundo consumen entre 1% y 2% de la energ\u00eda total, de acuerdo con Goldman Sachs. Sin embargo, es probable que este rango aumente a 3 &#8211; 4% para finales de la d\u00e9cada. En Estados Unidos y Europa, la demanda creciente de este servicio impulsar\u00e1 un incremento en el consumo de electricidad que no se ha visto en generaciones y las emisiones de di\u00f3xido de carbono de los Centros de Datos podr\u00edan duplicarse entre 2022 y 2030.<\/p>\n<p>&nbsp;<\/p>\n<p>&nbsp;<\/p>\n<p>&nbsp;<\/p>\n<p>Por ello, una de las maneras en que las empresas de Centros de Datos han comenzado a ahorrar energ\u00eda y hacer pr\u00e1cticas de sustentabilidad es a trav\u00e9s del uso de inteligencia artificial (IA) para optimizar la gesti\u00f3n de sus infraestructuras. La IA puede analizar patrones de uso de energ\u00eda y ajustar autom\u00e1ticamente los sistemas de enfriamiento y otros recursos en tiempo real, reduciendo significativamente el consumo energ\u00e9tico.<\/p>\n<p>&nbsp;<\/p>\n<p>&nbsp;<\/p>\n<p>&nbsp;<\/p>\n<p>Entre otras pr\u00e1cticas, est\u00e1 el uso de refrigeraci\u00f3n por aire libre (free cooling), que aprovecha las bajas temperaturas ambientales para enfriar los servidores sin necesidad de sistemas de aire acondicionado tradicionales, reduciendo as\u00ed el consumo de energ\u00eda. Asimismo, muchas empresas est\u00e1n optimizando el dise\u00f1o de sus instalaciones mediante la construcci\u00f3n de Centros de Datos modulares y escalables que permiten un uso m\u00e1s eficiente del espacio y los recursos.<\/p>\n<p>&nbsp;<\/p>\n<p>&nbsp;<\/p>\n<p>&nbsp;<\/p>\n<p>Empresas como KIO, dirigida por Octavio Camarena, en su unidad KIO Data Centers, implementan acciones como estas para promover la reducci\u00f3n de emisiones y el uso de energ\u00edas renovables. A trav\u00e9s de la IA, KIO Data Centers optimiza su infraestructura y logra un ahorro considerable de energ\u00eda; adem\u00e1s m\u00e1s de 90% de la energ\u00eda consumida proviene de fuentes renovables.<\/p>\n<p>&nbsp;<\/p>\n<p>&nbsp;<\/p>\n<p>&nbsp;<\/p>\n<p>Por otra parte, la empresa busca minimizar el consumo de agua en sus operaciones y ha logrado medir al 100% sus emisiones de Alcance 1 y 2 de Gases de Efecto Invernadero y contin\u00faan trabajando en mejorar el inventario del Alcance 3.<\/p>\n<p>&nbsp;<\/p>\n<p>&nbsp;<\/p>\n<p>&nbsp;<\/p>\n<p>La creciente demanda de energ\u00eda, impulsada por la inteligencia artificial, aumentar\u00e1 el consumo energ\u00e9tico global de Centros de Datos en un 160% en la pr\u00f3xima d\u00e9cada. Este incremento presenta grandes retos de sostenibilidad para todas las industrias, incluida la tecnol\u00f3gica. Es esencial que el sector adopte pr\u00e1cticas de sostenibilidad, como la eficiencia energ\u00e9tica y el uso de energ\u00edas renovables, para mitigar su impacto ambiental.<\/p>\n<p><strong>Fecha de publicaci\u00f3n mi\u00e9rcoles 31 de julio de 2024<\/strong><\/p>\n","protected":false},"excerpt":{"rendered":"<p>Hoy los Centros de Datos en todo el mundo consumen entre 1% y 2% de&#8230;<\/p>\n","protected":false},"author":1,"featured_media":195776,"comment_status":"open","ping_status":"open","sticky":false,"template":"","format":"standard","meta":{"_monsterinsights_skip_tracking":false,"_monsterinsights_sitenote_active":false,"_monsterinsights_sitenote_note":"","_monsterinsights_sitenote_category":0,"footnotes":""},"categories":[2216],"tags":[10050,7324],"class_list":["post"],"yoast_head":" \n<title>Sonora en Equipo. Ecoeficiencia llega a centros de datos con la IA Ciencia y Tecnolog\u00eda<\/title>\n<meta name=\"description\" content=\"Hoy los Centros de Datos en todo el mundo consumen entre 1% y 2% de la energ\u00eda total, de acuerdo con Goldman Sachs. Sin embargo, es probable que este En Sonora en Equipo publicamos toda la informaci\u00f3n de Sonora, M\u00e9xico y el Mundo de manera oportuna y busca que la libertad de expresi\u00f3n sea real. Visita nuestro medio informativo publicado desde Hermosillo, Sonora. %\" \/>\n<meta name=\"robots\" content=\"index, follow, max-snippet:-1, max-image-preview:large, max-video-preview:-1\" \/>\n<link rel=\"canonical\" href=\"https:\/\/www.sonoraenequipo.com.mx\/ecoeficiencia-llega-a-centros-de-datos-con-la-ia\/\" \/>\n<meta property=\"og:locale\" content=\"es_ES\" \/>\n<meta property=\"og:type\" content=\"article\" \/>\n<meta property=\"og:title\" content=\"Sonora en Equipo. Ecoeficiencia llega a centros de datos con la IA Ciencia y Tecnolog\u00eda\" \/>\n<meta property=\"og:description\" content=\"Hoy los Centros de Datos en todo el mundo consumen entre 1% y 2% de la energ\u00eda total, de acuerdo con Goldman Sachs. Sin embargo, es probable que este En Sonora en Equipo publicamos toda la informaci\u00f3n de Sonora, M\u00e9xico y el Mundo de manera oportuna y busca que la libertad de expresi\u00f3n sea real. Visita nuestro medio informativo publicado desde Hermosillo, Sonora. %\" \/>\n<meta property=\"og:url\" content=\"https:\/\/www.sonoraenequipo.com.mx\/ecoeficiencia-llega-a-centros-de-datos-con-la-ia\/\" \/>\n<meta property=\"og:site_name\" content=\"Sonora en Equipo.\" \/>\n<meta property=\"article:publisher\" content=\"https:\/\/www.facebook.com\/SonoraEE\/\" \/>\n<meta property=\"article:author\" content=\"https:\/\/www.facebook.com\/SonoraEE\" \/>\n<meta property=\"article:published_time\" content=\"2024-07-31T17:20:26+00:00\" \/>\n<meta property=\"og:image\" content=\"https:\/\/www.sonoraenequipo.com.mx\/storage\/2024\/07\/data-center.jpg\" \/>\n\t<meta property=\"og:image:width\" content=\"600\" \/>\n\t<meta property=\"og:image:height\" content=\"450\" \/>\n\t<meta property=\"og:image:type\" content=\"image\/jpeg\" \/>\n<meta name=\"author\" content=\"enequipo\" \/>\n<meta name=\"twitter:card\" content=\"summary_large_image\" \/>\n<meta name=\"twitter:creator\" content=\"@sonoraenequipo\" \/>\n<meta name=\"twitter:site\" content=\"@sonoraenequipo\" \/>\n<meta name=\"twitter:label1\" content=\"Escrito por\" \/>\n\t<meta name=\"twitter:data1\" content=\"enequipo\" \/>\n\t<meta name=\"twitter:label2\" content=\"Tiempo de lectura\" \/>\n\t<meta name=\"twitter:data2\" content=\"2 minutos\" \/>\n<script type=\"application\/ld+json\" class=\"yoast-schema-graph\">{\"@context\":\"https:\/\/schema.org\",\"@graph\":[{\"@type\":\"Article\",\"@id\":\"https:\/\/www.sonoraenequipo.com.mx\/ecoeficiencia-llega-a-centros-de-datos-con-la-ia\/#article\",\"isPartOf\":{\"@id\":\"https:\/\/www.sonoraenequipo.com.mx\/ecoeficiencia-llega-a-centros-de-datos-con-la-ia\/\"},\"author\":{\"name\":\"enequipo\",\"@id\":\"https:\/\/www.sonoraenequipo.com.mx\/#\/schema\/person\/50102df0fb23a8fa9e8effad8fa81386\"},\"headline\":\"Ecoeficiencia llega a centros de datos con la IA\",\"datePublished\":\"2024-07-31T17:20:26+00:00\",\"mainEntityOfPage\":{\"@id\":\"https:\/\/www.sonoraenequipo.com.mx\/ecoeficiencia-llega-a-centros-de-datos-con-la-ia\/\"},\"wordCount\":439,\"commentCount\":0,\"publisher\":{\"@id\":\"https:\/\/www.sonoraenequipo.com.mx\/#organization\"},\"image\":{\"@id\":\"https:\/\/www.sonoraenequipo.com.mx\/ecoeficiencia-llega-a-centros-de-datos-con-la-ia\/#primaryimage\"},\"thumbnailUrl\":\"https:\/\/www.sonoraenequipo.com.mx\/storage\/2024\/07\/data-center.jpg\",\"keywords\":[\"Centros de datos\",\"ia\"],\"articleSection\":[\"Ciencia y Tecnolog\u00eda\"],\"inLanguage\":\"es\",\"potentialAction\":[{\"@type\":\"CommentAction\",\"name\":\"Comment\",\"target\":[\"https:\/\/www.sonoraenequipo.com.mx\/ecoeficiencia-llega-a-centros-de-datos-con-la-ia\/#respond\"]}]},{\"@type\":\"WebPage\",\"@id\":\"https:\/\/www.sonoraenequipo.com.mx\/ecoeficiencia-llega-a-centros-de-datos-con-la-ia\/\",\"url\":\"https:\/\/www.sonoraenequipo.com.mx\/ecoeficiencia-llega-a-centros-de-datos-con-la-ia\/\",\"name\":\"Sonora en Equipo. Ecoeficiencia llega a centros de datos con la IA Ciencia y Tecnolog\u00eda\",\"isPartOf\":{\"@id\":\"https:\/\/www.sonoraenequipo.com.mx\/#website\"},\"primaryImageOfPage\":{\"@id\":\"https:\/\/www.sonoraenequipo.com.mx\/ecoeficiencia-llega-a-centros-de-datos-con-la-ia\/#primaryimage\"},\"image\":{\"@id\":\"https:\/\/www.sonoraenequipo.com.mx\/ecoeficiencia-llega-a-centros-de-datos-con-la-ia\/#primaryimage\"},\"thumbnailUrl\":\"https:\/\/www.sonoraenequipo.com.mx\/storage\/2024\/07\/data-center.jpg\",\"datePublished\":\"2024-07-31T17:20:26+00:00\",\"description\":\"Hoy los Centros de Datos en todo el mundo consumen entre 1% y 2% de la energ\u00eda total, de acuerdo con Goldman Sachs. Sin embargo, es probable que este En Sonora en Equipo publicamos toda la informaci\u00f3n de Sonora, M\u00e9xico y el Mundo de manera oportuna y busca que la libertad de expresi\u00f3n sea real. Visita nuestro medio informativo publicado desde Hermosillo, Sonora. %\",\"breadcrumb\":{\"@id\":\"https:\/\/www.sonoraenequipo.com.mx\/ecoeficiencia-llega-a-centros-de-datos-con-la-ia\/#breadcrumb\"},\"inLanguage\":\"es\",\"potentialAction\":[{\"@type\":\"ReadAction\",\"target\":[\"https:\/\/www.sonoraenequipo.com.mx\/ecoeficiencia-llega-a-centros-de-datos-con-la-ia\/\"]}]},{\"@type\":\"ImageObject\",\"inLanguage\":\"es\",\"@id\":\"https:\/\/www.sonoraenequipo.com.mx\/ecoeficiencia-llega-a-centros-de-datos-con-la-ia\/#primaryimage\",\"url\":\"https:\/\/www.sonoraenequipo.com.mx\/storage\/2024\/07\/data-center.jpg\",\"contentUrl\":\"https:\/\/www.sonoraenequipo.com.mx\/storage\/2024\/07\/data-center.jpg\",\"width\":600,\"height\":450},{\"@type\":\"BreadcrumbList\",\"@id\":\"https:\/\/www.sonoraenequipo.com.mx\/ecoeficiencia-llega-a-centros-de-datos-con-la-ia\/#breadcrumb\",\"itemListElement\":[{\"@type\":\"ListItem\",\"position\":1,\"name\":\"Portada\",\"item\":\"https:\/\/www.sonoraenequipo.com.mx\/\"},{\"@type\":\"ListItem\",\"position\":2,\"name\":\"Ecoeficiencia llega a centros de datos con la IA\"}]},{\"@type\":\"WebSite\",\"@id\":\"https:\/\/www.sonoraenequipo.com.mx\/#website\",\"url\":\"https:\/\/www.sonoraenequipo.com.mx\/\",\"name\":\"Sonora en Equipo.\",\"description\":\"Diario en l\u00ednea con Noticias desde Hermosillo, Sonora\",\"publisher\":{\"@id\":\"https:\/\/www.sonoraenequipo.com.mx\/#organization\"},\"potentialAction\":[{\"@type\":\"SearchAction\",\"target\":{\"@type\":\"EntryPoint\",\"urlTemplate\":\"https:\/\/www.sonoraenequipo.com.mx\/?s={search_term_string}\"},\"query-input\":{\"@type\":\"PropertyValueSpecification\",\"valueRequired\":true,\"valueName\":\"search_term_string\"}}],\"inLanguage\":\"es\"},{\"@type\":\"Organization\",\"@id\":\"https:\/\/www.sonoraenequipo.com.mx\/#organization\",\"name\":\"Sonoraenequipo.com.mx\",\"url\":\"https:\/\/www.sonoraenequipo.com.mx\/\",\"logo\":{\"@type\":\"ImageObject\",\"inLanguage\":\"es\",\"@id\":\"https:\/\/www.sonoraenequipo.com.mx\/#\/schema\/logo\/image\/\",\"url\":\"https:\/\/www.sonoraenequipo.com.mx\/storage\/2019\/01\/sonoraenequipo_opt.png\",\"contentUrl\":\"https:\/\/www.sonoraenequipo.com.mx\/storage\/2019\/01\/sonoraenequipo_opt.png\",\"width\":375,\"height\":125,\"caption\":\"Sonoraenequipo.com.mx\"},\"image\":{\"@id\":\"https:\/\/www.sonoraenequipo.com.mx\/#\/schema\/logo\/image\/\"},\"sameAs\":[\"https:\/\/www.facebook.com\/SonoraEE\/\",\"https:\/\/x.com\/sonoraenequipo\",\"https:\/\/www.youtube.com\/channel\/UC338nW-lPEYmJQs4ZABQ1SQ\"]},{\"@type\":\"Person\",\"@id\":\"https:\/\/www.sonoraenequipo.com.mx\/#\/schema\/person\/50102df0fb23a8fa9e8effad8fa81386\",\"name\":\"enequipo\",\"image\":{\"@type\":\"ImageObject\",\"inLanguage\":\"es\",\"@id\":\"https:\/\/www.sonoraenequipo.com.mx\/#\/schema\/person\/image\/\",\"url\":\"https:\/\/secure.gravatar.com\/avatar\/049821681b589dabc0bc20695993ccebb09f5b5d4d790cd9251b97faac7c652b?s=96&d=blank&r=g\",\"contentUrl\":\"https:\/\/secure.gravatar.com\/avatar\/049821681b589dabc0bc20695993ccebb09f5b5d4d790cd9251b97faac7c652b?s=96&d=blank&r=g\",\"caption\":\"enequipo\"},\"sameAs\":[\"https:\/\/www.facebook.com\/SonoraEE\"]}]}<\/script>\n ","yoast_head_json":{"title":"Sonora en Equipo. Ecoeficiencia llega a centros de datos con la IA Ciencia y Tecnolog\u00eda","description":"Hoy los Centros de Datos en todo el mundo consumen entre 1% y 2% de la energ\u00eda total, de acuerdo con Goldman Sachs. Sin embargo, es probable que este En Sonora en Equipo publicamos toda la informaci\u00f3n de Sonora, M\u00e9xico y el Mundo de manera oportuna y busca que la libertad de expresi\u00f3n sea real. Visita nuestro medio informativo publicado desde Hermosillo, Sonora. %","robots":{"index":"index","follow":"follow","max-snippet":"max-snippet:-1","max-image-preview":"max-image-preview:large","max-video-preview":"max-video-preview:-1"},"canonical":"https:\/\/www.sonoraenequipo.com.mx\/ecoeficiencia-llega-a-centros-de-datos-con-la-ia\/","og_locale":"es_ES","og_type":"article","og_title":"Sonora en Equipo. Ecoeficiencia llega a centros de datos con la IA Ciencia y Tecnolog\u00eda","og_description":"Hoy los Centros de Datos en todo el mundo consumen entre 1% y 2% de la energ\u00eda total, de acuerdo con Goldman Sachs. Sin embargo, es probable que este En Sonora en Equipo publicamos toda la informaci\u00f3n de Sonora, M\u00e9xico y el Mundo de manera oportuna y busca que la libertad de expresi\u00f3n sea real. Visita nuestro medio informativo publicado desde Hermosillo, Sonora. %","og_url":"https:\/\/www.sonoraenequipo.com.mx\/ecoeficiencia-llega-a-centros-de-datos-con-la-ia\/","og_site_name":"Sonora en Equipo.","article_publisher":"https:\/\/www.facebook.com\/SonoraEE\/","article_author":"https:\/\/www.facebook.com\/SonoraEE","article_published_time":"2024-07-31T17:20:26+00:00","og_image":[{"width":600,"height":450,"url":"https:\/\/www.sonoraenequipo.com.mx\/storage\/2024\/07\/data-center.jpg","type":"image\/jpeg"}],"author":"enequipo","twitter_card":"summary_large_image","twitter_creator":"@sonoraenequipo","twitter_site":"@sonoraenequipo","twitter_misc":{"Escrito por":"enequipo","Tiempo de lectura":"2 minutos"},"schema":{"@context":"https:\/\/schema.org","@graph":[{"@type":"Article","@id":"https:\/\/www.sonoraenequipo.com.mx\/ecoeficiencia-llega-a-centros-de-datos-con-la-ia\/#article","isPartOf":{"@id":"https:\/\/www.sonoraenequipo.com.mx\/ecoeficiencia-llega-a-centros-de-datos-con-la-ia\/"},"author":{"name":"enequipo","@id":"https:\/\/www.sonoraenequipo.com.mx\/#\/schema\/person\/50102df0fb23a8fa9e8effad8fa81386"},"headline":"Ecoeficiencia llega a centros de datos con la IA","datePublished":"2024-07-31T17:20:26+00:00","mainEntityOfPage":{"@id":"https:\/\/www.sonoraenequipo.com.mx\/ecoeficiencia-llega-a-centros-de-datos-con-la-ia\/"},"wordCount":439,"commentCount":0,"publisher":{"@id":"https:\/\/www.sonoraenequipo.com.mx\/#organization"},"image":{"@id":"https:\/\/www.sonoraenequipo.com.mx\/ecoeficiencia-llega-a-centros-de-datos-con-la-ia\/#primaryimage"},"thumbnailUrl":"https:\/\/www.sonoraenequipo.com.mx\/storage\/2024\/07\/data-center.jpg","keywords":["Centros de datos","ia"],"articleSection":["Ciencia y Tecnolog\u00eda"],"inLanguage":"es","potentialAction":[{"@type":"CommentAction","name":"Comment","target":["https:\/\/www.sonoraenequipo.com.mx\/ecoeficiencia-llega-a-centros-de-datos-con-la-ia\/#respond"]}]},{"@type":"WebPage","@id":"https:\/\/www.sonoraenequipo.com.mx\/ecoeficiencia-llega-a-centros-de-datos-con-la-ia\/","url":"https:\/\/www.sonoraenequipo.com.mx\/ecoeficiencia-llega-a-centros-de-datos-con-la-ia\/","name":"Sonora en Equipo. Ecoeficiencia llega a centros de datos con la IA Ciencia y Tecnolog\u00eda","isPartOf":{"@id":"https:\/\/www.sonoraenequipo.com.mx\/#website"},"primaryImageOfPage":{"@id":"https:\/\/www.sonoraenequipo.com.mx\/ecoeficiencia-llega-a-centros-de-datos-con-la-ia\/#primaryimage"},"image":{"@id":"https:\/\/www.sonoraenequipo.com.mx\/ecoeficiencia-llega-a-centros-de-datos-con-la-ia\/#primaryimage"},"thumbnailUrl":"https:\/\/www.sonoraenequipo.com.mx\/storage\/2024\/07\/data-center.jpg","datePublished":"2024-07-31T17:20:26+00:00","description":"Hoy los Centros de Datos en todo el mundo consumen entre 1% y 2% de la energ\u00eda total, de acuerdo con Goldman Sachs. Sin embargo, es probable que este En Sonora en Equipo publicamos toda la informaci\u00f3n de Sonora, M\u00e9xico y el Mundo de manera oportuna y busca que la libertad de expresi\u00f3n sea real. Visita nuestro medio informativo publicado desde Hermosillo, Sonora. %","breadcrumb":{"@id":"https:\/\/www.sonoraenequipo.com.mx\/ecoeficiencia-llega-a-centros-de-datos-con-la-ia\/#breadcrumb"},"inLanguage":"es","potentialAction":[{"@type":"ReadAction","target":["https:\/\/www.sonoraenequipo.com.mx\/ecoeficiencia-llega-a-centros-de-datos-con-la-ia\/"]}]},{"@type":"ImageObject","inLanguage":"es","@id":"https:\/\/www.sonoraenequipo.com.mx\/ecoeficiencia-llega-a-centros-de-datos-con-la-ia\/#primaryimage","url":"https:\/\/www.sonoraenequipo.com.mx\/storage\/2024\/07\/data-center.jpg","contentUrl":"https:\/\/www.sonoraenequipo.com.mx\/storage\/2024\/07\/data-center.jpg","width":600,"height":450},{"@type":"BreadcrumbList","@id":"https:\/\/www.sonoraenequipo.com.mx\/ecoeficiencia-llega-a-centros-de-datos-con-la-ia\/#breadcrumb","itemListElement":[{"@type":"ListItem","position":1,"name":"Portada","item":"https:\/\/www.sonoraenequipo.com.mx\/"},{"@type":"ListItem","position":2,"name":"Ecoeficiencia llega a centros de datos con la IA"}]},{"@type":"WebSite","@id":"https:\/\/www.sonoraenequipo.com.mx\/#website","url":"https:\/\/www.sonoraenequipo.com.mx\/","name":"Sonora en Equipo.","description":"Diario en l\u00ednea con Noticias desde Hermosillo, Sonora","publisher":{"@id":"https:\/\/www.sonoraenequipo.com.mx\/#organization"},"potentialAction":[{"@type":"SearchAction","target":{"@type":"EntryPoint","urlTemplate":"https:\/\/www.sonoraenequipo.com.mx\/?s={search_term_string}"},"query-input":{"@type":"PropertyValueSpecification","valueRequired":true,"valueName":"search_term_string"}}],"inLanguage":"es"},{"@type":"Organization","@id":"https:\/\/www.sonoraenequipo.com.mx\/#organization","name":"Sonoraenequipo.com.mx","url":"https:\/\/www.sonoraenequipo.com.mx\/","logo":{"@type":"ImageObject","inLanguage":"es","@id":"https:\/\/www.sonoraenequipo.com.mx\/#\/schema\/logo\/image\/","url":"https:\/\/www.sonoraenequipo.com.mx\/storage\/2019\/01\/sonoraenequipo_opt.png","contentUrl":"https:\/\/www.sonoraenequipo.com.mx\/storage\/2019\/01\/sonoraenequipo_opt.png","width":375,"height":125,"caption":"Sonoraenequipo.com.mx"},"image":{"@id":"https:\/\/www.sonoraenequipo.com.mx\/#\/schema\/logo\/image\/"},"sameAs":["https:\/\/www.facebook.com\/SonoraEE\/","https:\/\/x.com\/sonoraenequipo","https:\/\/www.youtube.com\/channel\/UC338nW-lPEYmJQs4ZABQ1SQ"]},{"@type":"Person","@id":"https:\/\/www.sonoraenequipo.com.mx\/#\/schema\/person\/50102df0fb23a8fa9e8effad8fa81386","name":"enequipo","image":{"@type":"ImageObject","inLanguage":"es","@id":"https:\/\/www.sonoraenequipo.com.mx\/#\/schema\/person\/image\/","url":"https:\/\/secure.gravatar.com\/avatar\/049821681b589dabc0bc20695993ccebb09f5b5d4d790cd9251b97faac7c652b?s=96&d=blank&r=g","contentUrl":"https:\/\/secure.gravatar.com\/avatar\/049821681b589dabc0bc20695993ccebb09f5b5d4d790cd9251b97faac7c652b?s=96&d=blank&r=g","caption":"enequipo"},"sameAs":["https:\/\/www.facebook.com\/SonoraEE"]}]}},"jetpack_featured_media_url":"https:\/\/www.sonoraenequipo.com.mx\/storage\/2024\/07\/data-center.jpg","_links":{"self":[{"href":"https:\/\/www.sonoraenequipo.com.mx\/api\/wp\/v2\/posts\/195774","targetHints":{"allow":["GET"]}}],"collection":[{"href":"https:\/\/www.sonoraenequipo.com.mx\/api\/wp\/v2\/posts"}],"about":[{"href":"https:\/\/www.sonoraenequipo.com.mx\/api\/wp\/v2\/types\/post"}],"author":[{"embeddable":true,"href":"https:\/\/www.sonoraenequipo.com.mx\/api\/wp\/v2\/users\/1"}],"replies":[{"embeddable":true,"href":"https:\/\/www.sonoraenequipo.com.mx\/api\/wp\/v2\/comments?post=195774"}],"version-history":[{"count":1,"href":"https:\/\/www.sonoraenequipo.com.mx\/api\/wp\/v2\/posts\/195774\/revisions"}],"predecessor-version":[{"id":195777,"href":"https:\/\/www.sonoraenequipo.com.mx\/api\/wp\/v2\/posts\/195774\/revisions\/195777"}],"wp:featuredmedia":[{"embeddable":true,"href":"https:\/\/www.sonoraenequipo.com.mx\/api\/wp\/v2\/media\/195776"}],"wp:attachment":[{"href":"https:\/\/www.sonoraenequipo.com.mx\/api\/wp\/v2\/media?parent=195774"}],"wp:term":[{"taxonomy":"category","embeddable":true,"href":"https:\/\/www.sonoraenequipo.com.mx\/api\/wp\/v2\/categories?post=195774"},{"taxonomy":"post_tag","embeddable":true,"href":"https:\/\/www.sonoraenequipo.com.mx\/api\/wp\/v2\/tags?post=195774"}],"curies":[{"name":"wp","href":"https:\/\/api.w.org\/{rel}","templated":true}]}}