{"id":195775,"date":"2024-07-30T17:15:01","date_gmt":"2024-07-31T00:15:01","guid":{"rendered":"https:\/\/www.sonoraenequipo.com.mx\/?p=195775"},"modified":"2024-07-31T11:11:39","modified_gmt":"2024-07-31T18:11:39","slug":"con-5-ordenes-de-aprehension-el-mayo-operaba-en-17-estados-y-4-continentes","status":"publish","type":"post","link":"https:\/\/www.sonoraenequipo.com.mx\/con-5-ordenes-de-aprehension-el-mayo-operaba-en-17-estados-y-4-continentes\/","title":{"rendered":"Con 5 \u00f3rdenes de aprehensi\u00f3n, el \u2018Mayo\u2019 operaba en 17 estados y 4 continentes"},"content":{"rendered":"<p>CIUDAD DE M\u00c9XICO. MX. \u2014 Hasta antes de su captura, el fundador del C\u00e1rtel del Pac\u00edfico \u2013junto con Joaqu\u00edn El Chapo Guzm\u00e1n\u2013, Ismael Zambada Garc\u00eda, era el l\u00edder de Los Mayos. Esta organizaci\u00f3n criminal comparte el poder con la banda de Los Chapitos, hijos de Guzm\u00e1n Loera, y que cuenta con ramificaciones en todo el pa\u00eds y en Centro y Sudam\u00e9rica, Europa, Australia y Asia.<\/p>\n<p>&nbsp;<\/p>\n<p>&nbsp;<\/p>\n<p> <br \/>\nEl arresto fue ejecutado por un comando especial de agentes de la DEA, a las 12 horas del pasado jueves 25, en la comunidad La Higuerita \u2013a 12.5 kil\u00f3metros del centro de Culiac\u00e1n\u2013. Hasta entonces, el Mayo Zambada contaba en M\u00e9xico con cinco \u00f3rdenes de aprehensi\u00f3n. Adem\u00e1s, se lleg\u00f3 a ofrecer una recompensa por 4 millones de pesos, por parte del Ministerio P\u00fablico Federal para quien diera informaci\u00f3n que permitiera su detenci\u00f3n.<\/p>\n<p>&nbsp;<\/p>\n<p>&nbsp;<\/p>\n<p>De acuerdo con el expediente abierto en M\u00e9xico por la Fiscal\u00eda General de la Rep\u00fablica (FGR), y que comparte con los \u00f3rganos de seguridad e inteligencia del pa\u00eds, al Mayo se le atribuye su participaci\u00f3n en la coordinaci\u00f3n del trasiego de marihuana, coca\u00edna, hero\u00edna y fentanilo en 17 estados de la Rep\u00fablica. Asimismo, en la coordinaci\u00f3n de c\u00e9lulas de colaboradores del C\u00e1rtel del Pac\u00edfico en los estados de Arizona, Texas, California, Nueva York y Chicago, en Estados Unidos; adem\u00e1s, est\u00e1 asociado con mafias que operan en Australia, Ecuador, Belice, Guatemala, El Salvador, Costa Rica Panam\u00e1, Per\u00fa, Chile, Argentina, Uruguay, Colombia, Venezuela, Nicaragua, Cuba y Rep\u00fablica Dominicana.<\/p>\n<p>&nbsp;<\/p>\n<p>&nbsp;<\/p>\n<p>Sin embargo, en los \u00faltimos siete a\u00f1os \u2013despu\u00e9s de la extradici\u00f3n de Joaqu\u00edn Guzm\u00e1n Loera, en 2017, a una prisi\u00f3n de Estados Unidos\u2013 gran parte de la operaci\u00f3n, principalmente de los grupos armados, se traslad\u00f3 a su hijo mayor: Ismael Zambada Sicairos, alias el Mayito Flaco. Ello, debido a que su padre ahora tiene 76 a\u00f1os de edad y su estado de salud se reporta como grave, derivado de una aguda diabetes que le habr\u00eda da\u00f1ado los ri\u00f1ones y la vista, lo que lo manten\u00eda refugiado, en cama y en encierro la mayor parte del tiempo, sin que esto signifique dejar de participar en la parte log\u00edstica y corruptora de la organizaci\u00f3n del C\u00e1rtel del Pac\u00edfico.<\/p>\n<p>&nbsp;<\/p>\n<p>&nbsp;<\/p>\n<p>Ha habido varios momentos de serias diferencias entre los grupos de Los Mayos y Los Chapitos, como lo narrado el 1 de agosto de 2021 en la reuni\u00f3n de las mesas para la paz y seguridad, en donde se inform\u00f3 sobre una alerta de eventual incremento de violencia en la zona de San Luis R\u00edo Colorado-Mexicali, por la intenci\u00f3n del grupo de Los Chapitos de desplazar de esos lugares a las c\u00e9lulas de Ismael Zambada Garc\u00eda.<\/p>\n<p>&nbsp;<\/p>\n<p>&nbsp;<\/p>\n<p>Seg\u00fan el reporte de las autoridades mexicanas responsables de investigar a estos grupos criminales, la familia del Mayo tiene varias empresas registradas en Culiac\u00e1n que operan de forma \u201cl\u00edcita\u201d, es decir, est\u00e1n dadas de alta en Hacienda y pagan sus impuestos, relacionadas con los sectores de la ganader\u00eda, agricultura, bienes y ra\u00edces, autotransportes, distribuci\u00f3n de combustibles, educaci\u00f3n, cuidados infantiles, dise\u00f1o arquitect\u00f3nico y comercio de arte.<\/p>\n<p>&nbsp;<\/p>\n<p>&nbsp;<\/p>\n<p>Para la Oficina de Control de Activos Extranjeros (OFAC) del Departamento del Tesoro de Estados Unidos, la red de empresas de la familia Zambada Niebla son utilizadas para lavar el dinero de las drogas: Arte y Dise\u00f1o de Culiac\u00e1n, Autotransportes JYM, Multiservicios Jeviz, Rosario Niebla Cardoza A en P, Nueva Industria de Ganaderos de Culiac\u00e1n (Lecher\u00eda Santa M\u00f3nica), Establo Puerto Rico, Estancia Infantil Ni\u00f1o Feliz, Jamaro Construcciones.<\/p>\n<p>&nbsp;<\/p>\n<p>&nbsp;<\/p>\n<p>Otras cuatro empresas han salido de las listas de la OFAC: Frizaza, Rancho Ganadero las \u00c1nimas, Zarka de Occidente y Zarka de M\u00e9xico.<\/p>\n<p>&nbsp;<\/p>\n<p>&nbsp;<\/p>\n<h3>Situaci\u00f3n jur\u00eddica del Mayo en M\u00e9xico<\/h3>\n<p>&nbsp;<\/p>\n<p>Una primera orden de aprehensi\u00f3n por el delito de delincuencia organizada, n\u00famero de proceso 12\/1998, emitida por el Juzgado Quinto de Distrito en Proceso Penales Federales del Distrito Federal.<\/p>\n<p>&nbsp;<\/p>\n<p>&nbsp;<\/p>\n<p>La segunda orden de aprehensi\u00f3n por el delito delincuencia organizada, con n\u00famero de proceso 3\/1998, del Juzgado Quinto de Distrito de Procesos Penales Federales del Distrito Federal.<\/p>\n<p>&nbsp;<\/p>\n<p>&nbsp;<\/p>\n<p>Tercera orden de aprehensi\u00f3n por los delitos de asociaci\u00f3n delictuosa y delitos contra la salud, n\u00famero 29\/2002, Juzgado Primero de Distrito de Procesos Penales Federales de Toluca, Estado de M\u00e9xico.<\/p>\n<p>&nbsp;<\/p>\n<p>&nbsp;<\/p>\n<p>Cuarta orden de aprehensi\u00f3n por los delitos de operaciones con recursos il\u00edcita, delincuencia organizada y acopio de armas, n\u00famero de proceso 3\/2003, Juzgado Tercero de Distrito de Procesos Penales Federales del Distrito Federal.<\/p>\n<p>&nbsp;<\/p>\n<p>&nbsp;<\/p>\n<p>Quinta orden de aprehensi\u00f3n por los delitos de delincuencia organizada, delitos contra la salud y presunto contrabando, n\u00famero 109\/2009, Juzgado Segundo de Distrito de Tepic, Nayarit.<\/p>\n<p>&nbsp;<\/p>\n<p>&nbsp;<\/p>\n<p>La entonces Procuradur\u00eda General de la Rep\u00fablica ofrec\u00eda una recompensa de 4 millones de pesos a la persona que proporcionara informaci\u00f3n que permitiera la captura de Ismael Zambada Garc\u00eda.<\/p>\n<p>&nbsp;<\/p>\n<p>&nbsp;<\/p>\n<p>El 25 de julio de 2024, el Departamento de Justicia de Estados Unidos orden\u00f3 la captura del Mayo Zambada por los delitos de conspirar para fabricar y distribuir fentanilo en Estados Unidos desde 2014.<\/p>\n<p>&nbsp;<\/p>\n<p>&nbsp;<\/p>\n<p>El expediente del Mayo contiene tambi\u00e9n los nombres de toda la familia, hijos, hermanos, esposas, datos privados de seguridad social, hacienda, registro federal de causantes.<\/p>\n<p>&nbsp;<\/p>\n<p>&nbsp;<\/p>\n<p>Los \u00f3rganos de seguridad e inteligencia de M\u00e9xico sostienen que con el arresto y traslado del Mayo a una prisi\u00f3n de Estados Unidos, es su hijo Ismael Zambada Sicarios, alias Mayito Flaco, quien asume el control de los negocios del c\u00e1rtel.<\/p>\n<p>&nbsp;<\/p>\n<p>&nbsp;<\/p>\n<p>PUBLICADO EL 31 DE JULIO DE 2024 Con informaci\u00f3n de Miguel Badillo\/ Columna OFICIO DE PAPEL)<\/p>\n","protected":false},"excerpt":{"rendered":"<p>CIUDAD DE M\u00c9XICO. MX. \u2014 Hasta antes de su captura, el fundador del C\u00e1rtel del&#8230;<\/p>\n","protected":false},"author":1,"featured_media":0,"comment_status":"open","ping_status":"open","sticky":false,"template":"","format":"standard","meta":{"_monsterinsights_skip_tracking":false,"_monsterinsights_sitenote_active":false,"_monsterinsights_sitenote_note":"","_monsterinsights_sitenote_category":0,"footnotes":""},"categories":[5],"tags":[],"class_list":["post"],"yoast_head":" \n<title>Sonora en Equipo. Con 5 \u00f3rdenes de aprehensi\u00f3n, el \u2018Mayo\u2019 operaba en 17 estados y 4 continentes Rep\u00fablica<\/title>\n<meta name=\"description\" content=\"CIUDAD DE M\u00c9XICO. MX. \u2014 Hasta antes de su captura, el fundador del C\u00e1rtel del Pac\u00edfico \u2013junto con Joaqu\u00edn El Chapo Guzm\u00e1n\u2013, Ismael Zambada Garc\u00eda, era el En Sonora en Equipo publicamos toda la informaci\u00f3n de Sonora, M\u00e9xico y el Mundo de manera oportuna y busca que la libertad de expresi\u00f3n sea real. Visita nuestro medio informativo publicado desde Hermosillo, Sonora. %\" \/>\n<meta name=\"robots\" content=\"index, follow, max-snippet:-1, max-image-preview:large, max-video-preview:-1\" \/>\n<link rel=\"canonical\" href=\"https:\/\/www.sonoraenequipo.com.mx\/con-5-ordenes-de-aprehension-el-mayo-operaba-en-17-estados-y-4-continentes\/\" \/>\n<meta property=\"og:locale\" content=\"es_ES\" \/>\n<meta property=\"og:type\" content=\"article\" \/>\n<meta property=\"og:title\" content=\"Sonora en Equipo. Con 5 \u00f3rdenes de aprehensi\u00f3n, el \u2018Mayo\u2019 operaba en 17 estados y 4 continentes Rep\u00fablica\" \/>\n<meta property=\"og:description\" content=\"CIUDAD DE M\u00c9XICO. MX. \u2014 Hasta antes de su captura, el fundador del C\u00e1rtel del Pac\u00edfico \u2013junto con Joaqu\u00edn El Chapo Guzm\u00e1n\u2013, Ismael Zambada Garc\u00eda, era el En Sonora en Equipo publicamos toda la informaci\u00f3n de Sonora, M\u00e9xico y el Mundo de manera oportuna y busca que la libertad de expresi\u00f3n sea real. Visita nuestro medio informativo publicado desde Hermosillo, Sonora. %\" \/>\n<meta property=\"og:url\" content=\"https:\/\/www.sonoraenequipo.com.mx\/con-5-ordenes-de-aprehension-el-mayo-operaba-en-17-estados-y-4-continentes\/\" \/>\n<meta property=\"og:site_name\" content=\"Sonora en Equipo.\" \/>\n<meta property=\"article:publisher\" content=\"https:\/\/www.facebook.com\/SonoraEE\/\" \/>\n<meta property=\"article:author\" content=\"https:\/\/www.facebook.com\/SonoraEE\" \/>\n<meta property=\"article:published_time\" content=\"2024-07-31T00:15:01+00:00\" \/>\n<meta property=\"article:modified_time\" content=\"2024-07-31T18:11:39+00:00\" \/>\n<meta name=\"author\" content=\"enequipo\" \/>\n<meta name=\"twitter:card\" content=\"summary_large_image\" \/>\n<meta name=\"twitter:creator\" content=\"@sonoraenequipo\" \/>\n<meta name=\"twitter:site\" content=\"@sonoraenequipo\" \/>\n<meta name=\"twitter:label1\" content=\"Escrito por\" \/>\n\t<meta name=\"twitter:data1\" content=\"enequipo\" \/>\n\t<meta name=\"twitter:label2\" content=\"Tiempo de lectura\" \/>\n\t<meta name=\"twitter:data2\" content=\"5 minutos\" \/>\n<script type=\"application\/ld+json\" class=\"yoast-schema-graph\">{\"@context\":\"https:\/\/schema.org\",\"@graph\":[{\"@type\":\"Article\",\"@id\":\"https:\/\/www.sonoraenequipo.com.mx\/con-5-ordenes-de-aprehension-el-mayo-operaba-en-17-estados-y-4-continentes\/#article\",\"isPartOf\":{\"@id\":\"https:\/\/www.sonoraenequipo.com.mx\/con-5-ordenes-de-aprehension-el-mayo-operaba-en-17-estados-y-4-continentes\/\"},\"author\":{\"name\":\"enequipo\",\"@id\":\"https:\/\/www.sonoraenequipo.com.mx\/#\/schema\/person\/50102df0fb23a8fa9e8effad8fa81386\"},\"headline\":\"Con 5 \u00f3rdenes de aprehensi\u00f3n, el \u2018Mayo\u2019 operaba en 17 estados y 4 continentes\",\"datePublished\":\"2024-07-31T00:15:01+00:00\",\"dateModified\":\"2024-07-31T18:11:39+00:00\",\"mainEntityOfPage\":{\"@id\":\"https:\/\/www.sonoraenequipo.com.mx\/con-5-ordenes-de-aprehension-el-mayo-operaba-en-17-estados-y-4-continentes\/\"},\"wordCount\":1010,\"commentCount\":0,\"publisher\":{\"@id\":\"https:\/\/www.sonoraenequipo.com.mx\/#organization\"},\"articleSection\":[\"Rep\u00fablica\"],\"inLanguage\":\"es\",\"potentialAction\":[{\"@type\":\"CommentAction\",\"name\":\"Comment\",\"target\":[\"https:\/\/www.sonoraenequipo.com.mx\/con-5-ordenes-de-aprehension-el-mayo-operaba-en-17-estados-y-4-continentes\/#respond\"]}]},{\"@type\":\"WebPage\",\"@id\":\"https:\/\/www.sonoraenequipo.com.mx\/con-5-ordenes-de-aprehension-el-mayo-operaba-en-17-estados-y-4-continentes\/\",\"url\":\"https:\/\/www.sonoraenequipo.com.mx\/con-5-ordenes-de-aprehension-el-mayo-operaba-en-17-estados-y-4-continentes\/\",\"name\":\"Sonora en Equipo. Con 5 \u00f3rdenes de aprehensi\u00f3n, el \u2018Mayo\u2019 operaba en 17 estados y 4 continentes Rep\u00fablica\",\"isPartOf\":{\"@id\":\"https:\/\/www.sonoraenequipo.com.mx\/#website\"},\"datePublished\":\"2024-07-31T00:15:01+00:00\",\"dateModified\":\"2024-07-31T18:11:39+00:00\",\"description\":\"CIUDAD DE M\u00c9XICO. MX. \u2014 Hasta antes de su captura, el fundador del C\u00e1rtel del Pac\u00edfico \u2013junto con Joaqu\u00edn El Chapo Guzm\u00e1n\u2013, Ismael Zambada Garc\u00eda, era el En Sonora en Equipo publicamos toda la informaci\u00f3n de Sonora, M\u00e9xico y el Mundo de manera oportuna y busca que la libertad de expresi\u00f3n sea real. Visita nuestro medio informativo publicado desde Hermosillo, Sonora. %\",\"breadcrumb\":{\"@id\":\"https:\/\/www.sonoraenequipo.com.mx\/con-5-ordenes-de-aprehension-el-mayo-operaba-en-17-estados-y-4-continentes\/#breadcrumb\"},\"inLanguage\":\"es\",\"potentialAction\":[{\"@type\":\"ReadAction\",\"target\":[\"https:\/\/www.sonoraenequipo.com.mx\/con-5-ordenes-de-aprehension-el-mayo-operaba-en-17-estados-y-4-continentes\/\"]}]},{\"@type\":\"BreadcrumbList\",\"@id\":\"https:\/\/www.sonoraenequipo.com.mx\/con-5-ordenes-de-aprehension-el-mayo-operaba-en-17-estados-y-4-continentes\/#breadcrumb\",\"itemListElement\":[{\"@type\":\"ListItem\",\"position\":1,\"name\":\"Portada\",\"item\":\"https:\/\/www.sonoraenequipo.com.mx\/\"},{\"@type\":\"ListItem\",\"position\":2,\"name\":\"Con 5 \u00f3rdenes de aprehensi\u00f3n, el \u2018Mayo\u2019 operaba en 17 estados y 4 continentes\"}]},{\"@type\":\"WebSite\",\"@id\":\"https:\/\/www.sonoraenequipo.com.mx\/#website\",\"url\":\"https:\/\/www.sonoraenequipo.com.mx\/\",\"name\":\"Sonora en Equipo.\",\"description\":\"Diario en l\u00ednea con Noticias desde Hermosillo, Sonora\",\"publisher\":{\"@id\":\"https:\/\/www.sonoraenequipo.com.mx\/#organization\"},\"potentialAction\":[{\"@type\":\"SearchAction\",\"target\":{\"@type\":\"EntryPoint\",\"urlTemplate\":\"https:\/\/www.sonoraenequipo.com.mx\/?s={search_term_string}\"},\"query-input\":{\"@type\":\"PropertyValueSpecification\",\"valueRequired\":true,\"valueName\":\"search_term_string\"}}],\"inLanguage\":\"es\"},{\"@type\":\"Organization\",\"@id\":\"https:\/\/www.sonoraenequipo.com.mx\/#organization\",\"name\":\"Sonoraenequipo.com.mx\",\"url\":\"https:\/\/www.sonoraenequipo.com.mx\/\",\"logo\":{\"@type\":\"ImageObject\",\"inLanguage\":\"es\",\"@id\":\"https:\/\/www.sonoraenequipo.com.mx\/#\/schema\/logo\/image\/\",\"url\":\"https:\/\/www.sonoraenequipo.com.mx\/storage\/2019\/01\/sonoraenequipo_opt.png\",\"contentUrl\":\"https:\/\/www.sonoraenequipo.com.mx\/storage\/2019\/01\/sonoraenequipo_opt.png\",\"width\":375,\"height\":125,\"caption\":\"Sonoraenequipo.com.mx\"},\"image\":{\"@id\":\"https:\/\/www.sonoraenequipo.com.mx\/#\/schema\/logo\/image\/\"},\"sameAs\":[\"https:\/\/www.facebook.com\/SonoraEE\/\",\"https:\/\/x.com\/sonoraenequipo\",\"https:\/\/www.youtube.com\/channel\/UC338nW-lPEYmJQs4ZABQ1SQ\"]},{\"@type\":\"Person\",\"@id\":\"https:\/\/www.sonoraenequipo.com.mx\/#\/schema\/person\/50102df0fb23a8fa9e8effad8fa81386\",\"name\":\"enequipo\",\"image\":{\"@type\":\"ImageObject\",\"inLanguage\":\"es\",\"@id\":\"https:\/\/www.sonoraenequipo.com.mx\/#\/schema\/person\/image\/\",\"url\":\"https:\/\/secure.gravatar.com\/avatar\/049821681b589dabc0bc20695993ccebb09f5b5d4d790cd9251b97faac7c652b?s=96&d=blank&r=g\",\"contentUrl\":\"https:\/\/secure.gravatar.com\/avatar\/049821681b589dabc0bc20695993ccebb09f5b5d4d790cd9251b97faac7c652b?s=96&d=blank&r=g\",\"caption\":\"enequipo\"},\"sameAs\":[\"https:\/\/www.facebook.com\/SonoraEE\"]}]}<\/script>\n ","yoast_head_json":{"title":"Sonora en Equipo. Con 5 \u00f3rdenes de aprehensi\u00f3n, el \u2018Mayo\u2019 operaba en 17 estados y 4 continentes Rep\u00fablica","description":"CIUDAD DE M\u00c9XICO. MX. \u2014 Hasta antes de su captura, el fundador del C\u00e1rtel del Pac\u00edfico \u2013junto con Joaqu\u00edn El Chapo Guzm\u00e1n\u2013, Ismael Zambada Garc\u00eda, era el En Sonora en Equipo publicamos toda la informaci\u00f3n de Sonora, M\u00e9xico y el Mundo de manera oportuna y busca que la libertad de expresi\u00f3n sea real. Visita nuestro medio informativo publicado desde Hermosillo, Sonora. %","robots":{"index":"index","follow":"follow","max-snippet":"max-snippet:-1","max-image-preview":"max-image-preview:large","max-video-preview":"max-video-preview:-1"},"canonical":"https:\/\/www.sonoraenequipo.com.mx\/con-5-ordenes-de-aprehension-el-mayo-operaba-en-17-estados-y-4-continentes\/","og_locale":"es_ES","og_type":"article","og_title":"Sonora en Equipo. Con 5 \u00f3rdenes de aprehensi\u00f3n, el \u2018Mayo\u2019 operaba en 17 estados y 4 continentes Rep\u00fablica","og_description":"CIUDAD DE M\u00c9XICO. MX. \u2014 Hasta antes de su captura, el fundador del C\u00e1rtel del Pac\u00edfico \u2013junto con Joaqu\u00edn El Chapo Guzm\u00e1n\u2013, Ismael Zambada Garc\u00eda, era el En Sonora en Equipo publicamos toda la informaci\u00f3n de Sonora, M\u00e9xico y el Mundo de manera oportuna y busca que la libertad de expresi\u00f3n sea real. Visita nuestro medio informativo publicado desde Hermosillo, Sonora. %","og_url":"https:\/\/www.sonoraenequipo.com.mx\/con-5-ordenes-de-aprehension-el-mayo-operaba-en-17-estados-y-4-continentes\/","og_site_name":"Sonora en Equipo.","article_publisher":"https:\/\/www.facebook.com\/SonoraEE\/","article_author":"https:\/\/www.facebook.com\/SonoraEE","article_published_time":"2024-07-31T00:15:01+00:00","article_modified_time":"2024-07-31T18:11:39+00:00","author":"enequipo","twitter_card":"summary_large_image","twitter_creator":"@sonoraenequipo","twitter_site":"@sonoraenequipo","twitter_misc":{"Escrito por":"enequipo","Tiempo de lectura":"5 minutos"},"schema":{"@context":"https:\/\/schema.org","@graph":[{"@type":"Article","@id":"https:\/\/www.sonoraenequipo.com.mx\/con-5-ordenes-de-aprehension-el-mayo-operaba-en-17-estados-y-4-continentes\/#article","isPartOf":{"@id":"https:\/\/www.sonoraenequipo.com.mx\/con-5-ordenes-de-aprehension-el-mayo-operaba-en-17-estados-y-4-continentes\/"},"author":{"name":"enequipo","@id":"https:\/\/www.sonoraenequipo.com.mx\/#\/schema\/person\/50102df0fb23a8fa9e8effad8fa81386"},"headline":"Con 5 \u00f3rdenes de aprehensi\u00f3n, el \u2018Mayo\u2019 operaba en 17 estados y 4 continentes","datePublished":"2024-07-31T00:15:01+00:00","dateModified":"2024-07-31T18:11:39+00:00","mainEntityOfPage":{"@id":"https:\/\/www.sonoraenequipo.com.mx\/con-5-ordenes-de-aprehension-el-mayo-operaba-en-17-estados-y-4-continentes\/"},"wordCount":1010,"commentCount":0,"publisher":{"@id":"https:\/\/www.sonoraenequipo.com.mx\/#organization"},"articleSection":["Rep\u00fablica"],"inLanguage":"es","potentialAction":[{"@type":"CommentAction","name":"Comment","target":["https:\/\/www.sonoraenequipo.com.mx\/con-5-ordenes-de-aprehension-el-mayo-operaba-en-17-estados-y-4-continentes\/#respond"]}]},{"@type":"WebPage","@id":"https:\/\/www.sonoraenequipo.com.mx\/con-5-ordenes-de-aprehension-el-mayo-operaba-en-17-estados-y-4-continentes\/","url":"https:\/\/www.sonoraenequipo.com.mx\/con-5-ordenes-de-aprehension-el-mayo-operaba-en-17-estados-y-4-continentes\/","name":"Sonora en Equipo. Con 5 \u00f3rdenes de aprehensi\u00f3n, el \u2018Mayo\u2019 operaba en 17 estados y 4 continentes Rep\u00fablica","isPartOf":{"@id":"https:\/\/www.sonoraenequipo.com.mx\/#website"},"datePublished":"2024-07-31T00:15:01+00:00","dateModified":"2024-07-31T18:11:39+00:00","description":"CIUDAD DE M\u00c9XICO. MX. \u2014 Hasta antes de su captura, el fundador del C\u00e1rtel del Pac\u00edfico \u2013junto con Joaqu\u00edn El Chapo Guzm\u00e1n\u2013, Ismael Zambada Garc\u00eda, era el En Sonora en Equipo publicamos toda la informaci\u00f3n de Sonora, M\u00e9xico y el Mundo de manera oportuna y busca que la libertad de expresi\u00f3n sea real. Visita nuestro medio informativo publicado desde Hermosillo, Sonora. %","breadcrumb":{"@id":"https:\/\/www.sonoraenequipo.com.mx\/con-5-ordenes-de-aprehension-el-mayo-operaba-en-17-estados-y-4-continentes\/#breadcrumb"},"inLanguage":"es","potentialAction":[{"@type":"ReadAction","target":["https:\/\/www.sonoraenequipo.com.mx\/con-5-ordenes-de-aprehension-el-mayo-operaba-en-17-estados-y-4-continentes\/"]}]},{"@type":"BreadcrumbList","@id":"https:\/\/www.sonoraenequipo.com.mx\/con-5-ordenes-de-aprehension-el-mayo-operaba-en-17-estados-y-4-continentes\/#breadcrumb","itemListElement":[{"@type":"ListItem","position":1,"name":"Portada","item":"https:\/\/www.sonoraenequipo.com.mx\/"},{"@type":"ListItem","position":2,"name":"Con 5 \u00f3rdenes de aprehensi\u00f3n, el \u2018Mayo\u2019 operaba en 17 estados y 4 continentes"}]},{"@type":"WebSite","@id":"https:\/\/www.sonoraenequipo.com.mx\/#website","url":"https:\/\/www.sonoraenequipo.com.mx\/","name":"Sonora en Equipo.","description":"Diario en l\u00ednea con Noticias desde Hermosillo, Sonora","publisher":{"@id":"https:\/\/www.sonoraenequipo.com.mx\/#organization"},"potentialAction":[{"@type":"SearchAction","target":{"@type":"EntryPoint","urlTemplate":"https:\/\/www.sonoraenequipo.com.mx\/?s={search_term_string}"},"query-input":{"@type":"PropertyValueSpecification","valueRequired":true,"valueName":"search_term_string"}}],"inLanguage":"es"},{"@type":"Organization","@id":"https:\/\/www.sonoraenequipo.com.mx\/#organization","name":"Sonoraenequipo.com.mx","url":"https:\/\/www.sonoraenequipo.com.mx\/","logo":{"@type":"ImageObject","inLanguage":"es","@id":"https:\/\/www.sonoraenequipo.com.mx\/#\/schema\/logo\/image\/","url":"https:\/\/www.sonoraenequipo.com.mx\/storage\/2019\/01\/sonoraenequipo_opt.png","contentUrl":"https:\/\/www.sonoraenequipo.com.mx\/storage\/2019\/01\/sonoraenequipo_opt.png","width":375,"height":125,"caption":"Sonoraenequipo.com.mx"},"image":{"@id":"https:\/\/www.sonoraenequipo.com.mx\/#\/schema\/logo\/image\/"},"sameAs":["https:\/\/www.facebook.com\/SonoraEE\/","https:\/\/x.com\/sonoraenequipo","https:\/\/www.youtube.com\/channel\/UC338nW-lPEYmJQs4ZABQ1SQ"]},{"@type":"Person","@id":"https:\/\/www.sonoraenequipo.com.mx\/#\/schema\/person\/50102df0fb23a8fa9e8effad8fa81386","name":"enequipo","image":{"@type":"ImageObject","inLanguage":"es","@id":"https:\/\/www.sonoraenequipo.com.mx\/#\/schema\/person\/image\/","url":"https:\/\/secure.gravatar.com\/avatar\/049821681b589dabc0bc20695993ccebb09f5b5d4d790cd9251b97faac7c652b?s=96&d=blank&r=g","contentUrl":"https:\/\/secure.gravatar.com\/avatar\/049821681b589dabc0bc20695993ccebb09f5b5d4d790cd9251b97faac7c652b?s=96&d=blank&r=g","caption":"enequipo"},"sameAs":["https:\/\/www.facebook.com\/SonoraEE"]}]}},"jetpack_featured_media_url":"","_links":{"self":[{"href":"https:\/\/www.sonoraenequipo.com.mx\/api\/wp\/v2\/posts\/195775","targetHints":{"allow":["GET"]}}],"collection":[{"href":"https:\/\/www.sonoraenequipo.com.mx\/api\/wp\/v2\/posts"}],"about":[{"href":"https:\/\/www.sonoraenequipo.com.mx\/api\/wp\/v2\/types\/post"}],"author":[{"embeddable":true,"href":"https:\/\/www.sonoraenequipo.com.mx\/api\/wp\/v2\/users\/1"}],"replies":[{"embeddable":true,"href":"https:\/\/www.sonoraenequipo.com.mx\/api\/wp\/v2\/comments?post=195775"}],"version-history":[{"count":1,"href":"https:\/\/www.sonoraenequipo.com.mx\/api\/wp\/v2\/posts\/195775\/revisions"}],"predecessor-version":[{"id":195782,"href":"https:\/\/www.sonoraenequipo.com.mx\/api\/wp\/v2\/posts\/195775\/revisions\/195782"}],"wp:attachment":[{"href":"https:\/\/www.sonoraenequipo.com.mx\/api\/wp\/v2\/media?parent=195775"}],"wp:term":[{"taxonomy":"category","embeddable":true,"href":"https:\/\/www.sonoraenequipo.com.mx\/api\/wp\/v2\/categories?post=195775"},{"taxonomy":"post_tag","embeddable":true,"href":"https:\/\/www.sonoraenequipo.com.mx\/api\/wp\/v2\/tags?post=195775"}],"curies":[{"name":"wp","href":"https:\/\/api.w.org\/{rel}","templated":true}]}}