{"id":195783,"date":"2024-07-31T11:52:58","date_gmt":"2024-07-31T18:52:58","guid":{"rendered":"https:\/\/www.sonoraenequipo.com.mx\/?p=195783"},"modified":"2024-07-31T11:52:58","modified_gmt":"2024-07-31T18:52:58","slug":"que-hay-detras-del-exodo-de-mexicanos-hacia-pueblos-fronterizos-en-guatemala","status":"publish","type":"post","link":"https:\/\/www.sonoraenequipo.com.mx\/que-hay-detras-del-exodo-de-mexicanos-hacia-pueblos-fronterizos-en-guatemala\/","title":{"rendered":"\u00bfQu\u00e9 hay detr\u00e1s del \u00e9xodo de mexicanos hacia pueblos fronterizos en Guatemala?"},"content":{"rendered":"<p><strong>GUATEMALA \u2014<\/strong> Cientos de mexicanos han migrado hacia pueblos fronterizos con Guatemala debido a la violencia sin precedentes que se ha registrado en el estado mexicano de Chiapas, tras una pugna entre dos carteles de la droga.<\/p>\n<p>&nbsp;<\/p>\n<p>\u00abEst\u00e1n llegando, vienen todos de Chiapas, refugi\u00e1ndose ac\u00e1. Les vamos a dar alojamiento y esperamos que nos puedan ayudar con la alimentaci\u00f3n\u00bb, dice en un video Juan Francisco M\u00e9ndez, concejal de Cuilco, un pueblo guatemalteco fronterizo con M\u00e9xico.<\/p>\n<p>&nbsp;<\/p>\n<p>En las im\u00e1genes se observa una parte del desplazamiento forzado al que se han enfrentado unos 600 mexicanos que huyen de la violencia generada por la enemistad entre el cartel Jalisco Nueva Generaci\u00f3n (CJNG) y el cartel de Sinaloa.<\/p>\n<p>&nbsp;<\/p>\n<p>No hay un n\u00famero oficial de las personas que han buscado refugio en Guatemala, pero el presidente guatemalteco, Bernardo Ar\u00e9valo, habla de 580. Mientras que Manuel L\u00f3pez Obrador, presidente de M\u00e9xico, estima entre 300 y 500.<\/p>\n<p><strong>Fecha de publicaci\u00f3n mi\u00e9rcoles 31 de julio de 2024 \/ VOA<\/strong><\/p>\n<p>&nbsp;<\/p>\n","protected":false},"excerpt":{"rendered":"<p>GUATEMALA \u2014 Cientos de mexicanos han migrado hacia pueblos fronterizos con Guatemala debido a la&#8230;<\/p>\n","protected":false},"author":1,"featured_media":195785,"comment_status":"open","ping_status":"open","sticky":false,"template":"","format":"standard","meta":{"_monsterinsights_skip_tracking":false,"_monsterinsights_sitenote_active":false,"_monsterinsights_sitenote_note":"","_monsterinsights_sitenote_category":0,"footnotes":""},"categories":[5],"tags":[10051,10052],"class_list":["post"],"yoast_head":" \n<title>Sonora en Equipo. \u00bfQu\u00e9 hay detr\u00e1s del \u00e9xodo de mexicanos hacia pueblos fronterizos en Guatemala? Rep\u00fablica<\/title>\n<meta name=\"description\" content=\"GUATEMALA \u2014 Cientos de mexicanos han migrado hacia pueblos fronterizos con Guatemala debido a la violencia sin precedentes que se ha registrado en el En Sonora en Equipo publicamos toda la informaci\u00f3n de Sonora, M\u00e9xico y el Mundo de manera oportuna y busca que la libertad de expresi\u00f3n sea real. Visita nuestro medio informativo publicado desde Hermosillo, Sonora. %\" \/>\n<meta name=\"robots\" content=\"index, follow, max-snippet:-1, max-image-preview:large, max-video-preview:-1\" \/>\n<link rel=\"canonical\" href=\"https:\/\/www.sonoraenequipo.com.mx\/que-hay-detras-del-exodo-de-mexicanos-hacia-pueblos-fronterizos-en-guatemala\/\" \/>\n<meta property=\"og:locale\" content=\"es_ES\" \/>\n<meta property=\"og:type\" content=\"article\" \/>\n<meta property=\"og:title\" content=\"Sonora en Equipo. \u00bfQu\u00e9 hay detr\u00e1s del \u00e9xodo de mexicanos hacia pueblos fronterizos en Guatemala? Rep\u00fablica\" \/>\n<meta property=\"og:description\" content=\"GUATEMALA \u2014 Cientos de mexicanos han migrado hacia pueblos fronterizos con Guatemala debido a la violencia sin precedentes que se ha registrado en el En Sonora en Equipo publicamos toda la informaci\u00f3n de Sonora, M\u00e9xico y el Mundo de manera oportuna y busca que la libertad de expresi\u00f3n sea real. Visita nuestro medio informativo publicado desde Hermosillo, Sonora. %\" \/>\n<meta property=\"og:url\" content=\"https:\/\/www.sonoraenequipo.com.mx\/que-hay-detras-del-exodo-de-mexicanos-hacia-pueblos-fronterizos-en-guatemala\/\" \/>\n<meta property=\"og:site_name\" content=\"Sonora en Equipo.\" \/>\n<meta property=\"article:publisher\" content=\"https:\/\/www.facebook.com\/SonoraEE\/\" \/>\n<meta property=\"article:author\" content=\"https:\/\/www.facebook.com\/SonoraEE\" \/>\n<meta property=\"article:published_time\" content=\"2024-07-31T18:52:58+00:00\" \/>\n<meta property=\"og:image\" content=\"https:\/\/www.sonoraenequipo.com.mx\/storage\/2024\/07\/migrantes.jpg\" \/>\n\t<meta property=\"og:image:width\" content=\"600\" \/>\n\t<meta property=\"og:image:height\" content=\"337\" \/>\n\t<meta property=\"og:image:type\" content=\"image\/jpeg\" \/>\n<meta name=\"author\" content=\"enequipo\" \/>\n<meta name=\"twitter:card\" content=\"summary_large_image\" \/>\n<meta name=\"twitter:creator\" content=\"@sonoraenequipo\" \/>\n<meta name=\"twitter:site\" content=\"@sonoraenequipo\" \/>\n<meta name=\"twitter:label1\" content=\"Escrito por\" \/>\n\t<meta name=\"twitter:data1\" content=\"enequipo\" \/>\n\t<meta name=\"twitter:label2\" content=\"Tiempo de lectura\" \/>\n\t<meta name=\"twitter:data2\" content=\"1 minuto\" \/>\n<script type=\"application\/ld+json\" class=\"yoast-schema-graph\">{\"@context\":\"https:\/\/schema.org\",\"@graph\":[{\"@type\":\"Article\",\"@id\":\"https:\/\/www.sonoraenequipo.com.mx\/que-hay-detras-del-exodo-de-mexicanos-hacia-pueblos-fronterizos-en-guatemala\/#article\",\"isPartOf\":{\"@id\":\"https:\/\/www.sonoraenequipo.com.mx\/que-hay-detras-del-exodo-de-mexicanos-hacia-pueblos-fronterizos-en-guatemala\/\"},\"author\":{\"name\":\"enequipo\",\"@id\":\"https:\/\/www.sonoraenequipo.com.mx\/#\/schema\/person\/50102df0fb23a8fa9e8effad8fa81386\"},\"headline\":\"\u00bfQu\u00e9 hay detr\u00e1s del \u00e9xodo de mexicanos hacia pueblos fronterizos en Guatemala?\",\"datePublished\":\"2024-07-31T18:52:58+00:00\",\"mainEntityOfPage\":{\"@id\":\"https:\/\/www.sonoraenequipo.com.mx\/que-hay-detras-del-exodo-de-mexicanos-hacia-pueblos-fronterizos-en-guatemala\/\"},\"wordCount\":183,\"commentCount\":0,\"publisher\":{\"@id\":\"https:\/\/www.sonoraenequipo.com.mx\/#organization\"},\"image\":{\"@id\":\"https:\/\/www.sonoraenequipo.com.mx\/que-hay-detras-del-exodo-de-mexicanos-hacia-pueblos-fronterizos-en-guatemala\/#primaryimage\"},\"thumbnailUrl\":\"https:\/\/www.sonoraenequipo.com.mx\/storage\/2024\/07\/migrantes.jpg\",\"keywords\":[\"\u00e9xodo\",\"mexicanos a Guatemala\"],\"articleSection\":[\"Rep\u00fablica\"],\"inLanguage\":\"es\",\"potentialAction\":[{\"@type\":\"CommentAction\",\"name\":\"Comment\",\"target\":[\"https:\/\/www.sonoraenequipo.com.mx\/que-hay-detras-del-exodo-de-mexicanos-hacia-pueblos-fronterizos-en-guatemala\/#respond\"]}]},{\"@type\":\"WebPage\",\"@id\":\"https:\/\/www.sonoraenequipo.com.mx\/que-hay-detras-del-exodo-de-mexicanos-hacia-pueblos-fronterizos-en-guatemala\/\",\"url\":\"https:\/\/www.sonoraenequipo.com.mx\/que-hay-detras-del-exodo-de-mexicanos-hacia-pueblos-fronterizos-en-guatemala\/\",\"name\":\"Sonora en Equipo. \u00bfQu\u00e9 hay detr\u00e1s del \u00e9xodo de mexicanos hacia pueblos fronterizos en Guatemala? Rep\u00fablica\",\"isPartOf\":{\"@id\":\"https:\/\/www.sonoraenequipo.com.mx\/#website\"},\"primaryImageOfPage\":{\"@id\":\"https:\/\/www.sonoraenequipo.com.mx\/que-hay-detras-del-exodo-de-mexicanos-hacia-pueblos-fronterizos-en-guatemala\/#primaryimage\"},\"image\":{\"@id\":\"https:\/\/www.sonoraenequipo.com.mx\/que-hay-detras-del-exodo-de-mexicanos-hacia-pueblos-fronterizos-en-guatemala\/#primaryimage\"},\"thumbnailUrl\":\"https:\/\/www.sonoraenequipo.com.mx\/storage\/2024\/07\/migrantes.jpg\",\"datePublished\":\"2024-07-31T18:52:58+00:00\",\"description\":\"GUATEMALA \u2014 Cientos de mexicanos han migrado hacia pueblos fronterizos con Guatemala debido a la violencia sin precedentes que se ha registrado en el En Sonora en Equipo publicamos toda la informaci\u00f3n de Sonora, M\u00e9xico y el Mundo de manera oportuna y busca que la libertad de expresi\u00f3n sea real. Visita nuestro medio informativo publicado desde Hermosillo, Sonora. %\",\"breadcrumb\":{\"@id\":\"https:\/\/www.sonoraenequipo.com.mx\/que-hay-detras-del-exodo-de-mexicanos-hacia-pueblos-fronterizos-en-guatemala\/#breadcrumb\"},\"inLanguage\":\"es\",\"potentialAction\":[{\"@type\":\"ReadAction\",\"target\":[\"https:\/\/www.sonoraenequipo.com.mx\/que-hay-detras-del-exodo-de-mexicanos-hacia-pueblos-fronterizos-en-guatemala\/\"]}]},{\"@type\":\"ImageObject\",\"inLanguage\":\"es\",\"@id\":\"https:\/\/www.sonoraenequipo.com.mx\/que-hay-detras-del-exodo-de-mexicanos-hacia-pueblos-fronterizos-en-guatemala\/#primaryimage\",\"url\":\"https:\/\/www.sonoraenequipo.com.mx\/storage\/2024\/07\/migrantes.jpg\",\"contentUrl\":\"https:\/\/www.sonoraenequipo.com.mx\/storage\/2024\/07\/migrantes.jpg\",\"width\":600,\"height\":337,\"caption\":\"Un miembro de la Guardia Nacional escolta a migrantes que caminan en una caravana con destino a Estados Unidos en las afueras de Tapachula, Estado de Chiapas, M\u00e9xico, el 23 de julio de 2024. Imagen AFP\"},{\"@type\":\"BreadcrumbList\",\"@id\":\"https:\/\/www.sonoraenequipo.com.mx\/que-hay-detras-del-exodo-de-mexicanos-hacia-pueblos-fronterizos-en-guatemala\/#breadcrumb\",\"itemListElement\":[{\"@type\":\"ListItem\",\"position\":1,\"name\":\"Portada\",\"item\":\"https:\/\/www.sonoraenequipo.com.mx\/\"},{\"@type\":\"ListItem\",\"position\":2,\"name\":\"\u00bfQu\u00e9 hay detr\u00e1s del \u00e9xodo de mexicanos hacia pueblos fronterizos en Guatemala?\"}]},{\"@type\":\"WebSite\",\"@id\":\"https:\/\/www.sonoraenequipo.com.mx\/#website\",\"url\":\"https:\/\/www.sonoraenequipo.com.mx\/\",\"name\":\"Sonora en Equipo.\",\"description\":\"Diario en l\u00ednea con Noticias desde Hermosillo, Sonora\",\"publisher\":{\"@id\":\"https:\/\/www.sonoraenequipo.com.mx\/#organization\"},\"potentialAction\":[{\"@type\":\"SearchAction\",\"target\":{\"@type\":\"EntryPoint\",\"urlTemplate\":\"https:\/\/www.sonoraenequipo.com.mx\/?s={search_term_string}\"},\"query-input\":{\"@type\":\"PropertyValueSpecification\",\"valueRequired\":true,\"valueName\":\"search_term_string\"}}],\"inLanguage\":\"es\"},{\"@type\":\"Organization\",\"@id\":\"https:\/\/www.sonoraenequipo.com.mx\/#organization\",\"name\":\"Sonoraenequipo.com.mx\",\"url\":\"https:\/\/www.sonoraenequipo.com.mx\/\",\"logo\":{\"@type\":\"ImageObject\",\"inLanguage\":\"es\",\"@id\":\"https:\/\/www.sonoraenequipo.com.mx\/#\/schema\/logo\/image\/\",\"url\":\"https:\/\/www.sonoraenequipo.com.mx\/storage\/2019\/01\/sonoraenequipo_opt.png\",\"contentUrl\":\"https:\/\/www.sonoraenequipo.com.mx\/storage\/2019\/01\/sonoraenequipo_opt.png\",\"width\":375,\"height\":125,\"caption\":\"Sonoraenequipo.com.mx\"},\"image\":{\"@id\":\"https:\/\/www.sonoraenequipo.com.mx\/#\/schema\/logo\/image\/\"},\"sameAs\":[\"https:\/\/www.facebook.com\/SonoraEE\/\",\"https:\/\/x.com\/sonoraenequipo\",\"https:\/\/www.youtube.com\/channel\/UC338nW-lPEYmJQs4ZABQ1SQ\"]},{\"@type\":\"Person\",\"@id\":\"https:\/\/www.sonoraenequipo.com.mx\/#\/schema\/person\/50102df0fb23a8fa9e8effad8fa81386\",\"name\":\"enequipo\",\"image\":{\"@type\":\"ImageObject\",\"inLanguage\":\"es\",\"@id\":\"https:\/\/www.sonoraenequipo.com.mx\/#\/schema\/person\/image\/\",\"url\":\"https:\/\/secure.gravatar.com\/avatar\/049821681b589dabc0bc20695993ccebb09f5b5d4d790cd9251b97faac7c652b?s=96&d=blank&r=g\",\"contentUrl\":\"https:\/\/secure.gravatar.com\/avatar\/049821681b589dabc0bc20695993ccebb09f5b5d4d790cd9251b97faac7c652b?s=96&d=blank&r=g\",\"caption\":\"enequipo\"},\"sameAs\":[\"https:\/\/www.facebook.com\/SonoraEE\"]}]}<\/script>\n ","yoast_head_json":{"title":"Sonora en Equipo. \u00bfQu\u00e9 hay detr\u00e1s del \u00e9xodo de mexicanos hacia pueblos fronterizos en Guatemala? Rep\u00fablica","description":"GUATEMALA \u2014 Cientos de mexicanos han migrado hacia pueblos fronterizos con Guatemala debido a la violencia sin precedentes que se ha registrado en el En Sonora en Equipo publicamos toda la informaci\u00f3n de Sonora, M\u00e9xico y el Mundo de manera oportuna y busca que la libertad de expresi\u00f3n sea real. Visita nuestro medio informativo publicado desde Hermosillo, Sonora. %","robots":{"index":"index","follow":"follow","max-snippet":"max-snippet:-1","max-image-preview":"max-image-preview:large","max-video-preview":"max-video-preview:-1"},"canonical":"https:\/\/www.sonoraenequipo.com.mx\/que-hay-detras-del-exodo-de-mexicanos-hacia-pueblos-fronterizos-en-guatemala\/","og_locale":"es_ES","og_type":"article","og_title":"Sonora en Equipo. \u00bfQu\u00e9 hay detr\u00e1s del \u00e9xodo de mexicanos hacia pueblos fronterizos en Guatemala? Rep\u00fablica","og_description":"GUATEMALA \u2014 Cientos de mexicanos han migrado hacia pueblos fronterizos con Guatemala debido a la violencia sin precedentes que se ha registrado en el En Sonora en Equipo publicamos toda la informaci\u00f3n de Sonora, M\u00e9xico y el Mundo de manera oportuna y busca que la libertad de expresi\u00f3n sea real. Visita nuestro medio informativo publicado desde Hermosillo, Sonora. %","og_url":"https:\/\/www.sonoraenequipo.com.mx\/que-hay-detras-del-exodo-de-mexicanos-hacia-pueblos-fronterizos-en-guatemala\/","og_site_name":"Sonora en Equipo.","article_publisher":"https:\/\/www.facebook.com\/SonoraEE\/","article_author":"https:\/\/www.facebook.com\/SonoraEE","article_published_time":"2024-07-31T18:52:58+00:00","og_image":[{"width":600,"height":337,"url":"https:\/\/www.sonoraenequipo.com.mx\/storage\/2024\/07\/migrantes.jpg","type":"image\/jpeg"}],"author":"enequipo","twitter_card":"summary_large_image","twitter_creator":"@sonoraenequipo","twitter_site":"@sonoraenequipo","twitter_misc":{"Escrito por":"enequipo","Tiempo de lectura":"1 minuto"},"schema":{"@context":"https:\/\/schema.org","@graph":[{"@type":"Article","@id":"https:\/\/www.sonoraenequipo.com.mx\/que-hay-detras-del-exodo-de-mexicanos-hacia-pueblos-fronterizos-en-guatemala\/#article","isPartOf":{"@id":"https:\/\/www.sonoraenequipo.com.mx\/que-hay-detras-del-exodo-de-mexicanos-hacia-pueblos-fronterizos-en-guatemala\/"},"author":{"name":"enequipo","@id":"https:\/\/www.sonoraenequipo.com.mx\/#\/schema\/person\/50102df0fb23a8fa9e8effad8fa81386"},"headline":"\u00bfQu\u00e9 hay detr\u00e1s del \u00e9xodo de mexicanos hacia pueblos fronterizos en Guatemala?","datePublished":"2024-07-31T18:52:58+00:00","mainEntityOfPage":{"@id":"https:\/\/www.sonoraenequipo.com.mx\/que-hay-detras-del-exodo-de-mexicanos-hacia-pueblos-fronterizos-en-guatemala\/"},"wordCount":183,"commentCount":0,"publisher":{"@id":"https:\/\/www.sonoraenequipo.com.mx\/#organization"},"image":{"@id":"https:\/\/www.sonoraenequipo.com.mx\/que-hay-detras-del-exodo-de-mexicanos-hacia-pueblos-fronterizos-en-guatemala\/#primaryimage"},"thumbnailUrl":"https:\/\/www.sonoraenequipo.com.mx\/storage\/2024\/07\/migrantes.jpg","keywords":["\u00e9xodo","mexicanos a Guatemala"],"articleSection":["Rep\u00fablica"],"inLanguage":"es","potentialAction":[{"@type":"CommentAction","name":"Comment","target":["https:\/\/www.sonoraenequipo.com.mx\/que-hay-detras-del-exodo-de-mexicanos-hacia-pueblos-fronterizos-en-guatemala\/#respond"]}]},{"@type":"WebPage","@id":"https:\/\/www.sonoraenequipo.com.mx\/que-hay-detras-del-exodo-de-mexicanos-hacia-pueblos-fronterizos-en-guatemala\/","url":"https:\/\/www.sonoraenequipo.com.mx\/que-hay-detras-del-exodo-de-mexicanos-hacia-pueblos-fronterizos-en-guatemala\/","name":"Sonora en Equipo. \u00bfQu\u00e9 hay detr\u00e1s del \u00e9xodo de mexicanos hacia pueblos fronterizos en Guatemala? Rep\u00fablica","isPartOf":{"@id":"https:\/\/www.sonoraenequipo.com.mx\/#website"},"primaryImageOfPage":{"@id":"https:\/\/www.sonoraenequipo.com.mx\/que-hay-detras-del-exodo-de-mexicanos-hacia-pueblos-fronterizos-en-guatemala\/#primaryimage"},"image":{"@id":"https:\/\/www.sonoraenequipo.com.mx\/que-hay-detras-del-exodo-de-mexicanos-hacia-pueblos-fronterizos-en-guatemala\/#primaryimage"},"thumbnailUrl":"https:\/\/www.sonoraenequipo.com.mx\/storage\/2024\/07\/migrantes.jpg","datePublished":"2024-07-31T18:52:58+00:00","description":"GUATEMALA \u2014 Cientos de mexicanos han migrado hacia pueblos fronterizos con Guatemala debido a la violencia sin precedentes que se ha registrado en el En Sonora en Equipo publicamos toda la informaci\u00f3n de Sonora, M\u00e9xico y el Mundo de manera oportuna y busca que la libertad de expresi\u00f3n sea real. Visita nuestro medio informativo publicado desde Hermosillo, Sonora. %","breadcrumb":{"@id":"https:\/\/www.sonoraenequipo.com.mx\/que-hay-detras-del-exodo-de-mexicanos-hacia-pueblos-fronterizos-en-guatemala\/#breadcrumb"},"inLanguage":"es","potentialAction":[{"@type":"ReadAction","target":["https:\/\/www.sonoraenequipo.com.mx\/que-hay-detras-del-exodo-de-mexicanos-hacia-pueblos-fronterizos-en-guatemala\/"]}]},{"@type":"ImageObject","inLanguage":"es","@id":"https:\/\/www.sonoraenequipo.com.mx\/que-hay-detras-del-exodo-de-mexicanos-hacia-pueblos-fronterizos-en-guatemala\/#primaryimage","url":"https:\/\/www.sonoraenequipo.com.mx\/storage\/2024\/07\/migrantes.jpg","contentUrl":"https:\/\/www.sonoraenequipo.com.mx\/storage\/2024\/07\/migrantes.jpg","width":600,"height":337,"caption":"Un miembro de la Guardia Nacional escolta a migrantes que caminan en una caravana con destino a Estados Unidos en las afueras de Tapachula, Estado de Chiapas, M\u00e9xico, el 23 de julio de 2024. Imagen AFP"},{"@type":"BreadcrumbList","@id":"https:\/\/www.sonoraenequipo.com.mx\/que-hay-detras-del-exodo-de-mexicanos-hacia-pueblos-fronterizos-en-guatemala\/#breadcrumb","itemListElement":[{"@type":"ListItem","position":1,"name":"Portada","item":"https:\/\/www.sonoraenequipo.com.mx\/"},{"@type":"ListItem","position":2,"name":"\u00bfQu\u00e9 hay detr\u00e1s del \u00e9xodo de mexicanos hacia pueblos fronterizos en Guatemala?"}]},{"@type":"WebSite","@id":"https:\/\/www.sonoraenequipo.com.mx\/#website","url":"https:\/\/www.sonoraenequipo.com.mx\/","name":"Sonora en Equipo.","description":"Diario en l\u00ednea con Noticias desde Hermosillo, Sonora","publisher":{"@id":"https:\/\/www.sonoraenequipo.com.mx\/#organization"},"potentialAction":[{"@type":"SearchAction","target":{"@type":"EntryPoint","urlTemplate":"https:\/\/www.sonoraenequipo.com.mx\/?s={search_term_string}"},"query-input":{"@type":"PropertyValueSpecification","valueRequired":true,"valueName":"search_term_string"}}],"inLanguage":"es"},{"@type":"Organization","@id":"https:\/\/www.sonoraenequipo.com.mx\/#organization","name":"Sonoraenequipo.com.mx","url":"https:\/\/www.sonoraenequipo.com.mx\/","logo":{"@type":"ImageObject","inLanguage":"es","@id":"https:\/\/www.sonoraenequipo.com.mx\/#\/schema\/logo\/image\/","url":"https:\/\/www.sonoraenequipo.com.mx\/storage\/2019\/01\/sonoraenequipo_opt.png","contentUrl":"https:\/\/www.sonoraenequipo.com.mx\/storage\/2019\/01\/sonoraenequipo_opt.png","width":375,"height":125,"caption":"Sonoraenequipo.com.mx"},"image":{"@id":"https:\/\/www.sonoraenequipo.com.mx\/#\/schema\/logo\/image\/"},"sameAs":["https:\/\/www.facebook.com\/SonoraEE\/","https:\/\/x.com\/sonoraenequipo","https:\/\/www.youtube.com\/channel\/UC338nW-lPEYmJQs4ZABQ1SQ"]},{"@type":"Person","@id":"https:\/\/www.sonoraenequipo.com.mx\/#\/schema\/person\/50102df0fb23a8fa9e8effad8fa81386","name":"enequipo","image":{"@type":"ImageObject","inLanguage":"es","@id":"https:\/\/www.sonoraenequipo.com.mx\/#\/schema\/person\/image\/","url":"https:\/\/secure.gravatar.com\/avatar\/049821681b589dabc0bc20695993ccebb09f5b5d4d790cd9251b97faac7c652b?s=96&d=blank&r=g","contentUrl":"https:\/\/secure.gravatar.com\/avatar\/049821681b589dabc0bc20695993ccebb09f5b5d4d790cd9251b97faac7c652b?s=96&d=blank&r=g","caption":"enequipo"},"sameAs":["https:\/\/www.facebook.com\/SonoraEE"]}]}},"jetpack_featured_media_url":"https:\/\/www.sonoraenequipo.com.mx\/storage\/2024\/07\/migrantes.jpg","_links":{"self":[{"href":"https:\/\/www.sonoraenequipo.com.mx\/api\/wp\/v2\/posts\/195783","targetHints":{"allow":["GET"]}}],"collection":[{"href":"https:\/\/www.sonoraenequipo.com.mx\/api\/wp\/v2\/posts"}],"about":[{"href":"https:\/\/www.sonoraenequipo.com.mx\/api\/wp\/v2\/types\/post"}],"author":[{"embeddable":true,"href":"https:\/\/www.sonoraenequipo.com.mx\/api\/wp\/v2\/users\/1"}],"replies":[{"embeddable":true,"href":"https:\/\/www.sonoraenequipo.com.mx\/api\/wp\/v2\/comments?post=195783"}],"version-history":[{"count":1,"href":"https:\/\/www.sonoraenequipo.com.mx\/api\/wp\/v2\/posts\/195783\/revisions"}],"predecessor-version":[{"id":195786,"href":"https:\/\/www.sonoraenequipo.com.mx\/api\/wp\/v2\/posts\/195783\/revisions\/195786"}],"wp:featuredmedia":[{"embeddable":true,"href":"https:\/\/www.sonoraenequipo.com.mx\/api\/wp\/v2\/media\/195785"}],"wp:attachment":[{"href":"https:\/\/www.sonoraenequipo.com.mx\/api\/wp\/v2\/media?parent=195783"}],"wp:term":[{"taxonomy":"category","embeddable":true,"href":"https:\/\/www.sonoraenequipo.com.mx\/api\/wp\/v2\/categories?post=195783"},{"taxonomy":"post_tag","embeddable":true,"href":"https:\/\/www.sonoraenequipo.com.mx\/api\/wp\/v2\/tags?post=195783"}],"curies":[{"name":"wp","href":"https:\/\/api.w.org\/{rel}","templated":true}]}}