{"id":195821,"date":"2024-08-01T08:54:45","date_gmt":"2024-08-01T15:54:45","guid":{"rendered":"https:\/\/www.sonoraenequipo.com.mx\/?p=195821"},"modified":"2024-08-01T14:27:30","modified_gmt":"2024-08-01T21:27:30","slug":"presidente-llama-a-scjn-a-agilizar-casos-de-adeudo-de-impuestos-por-25-mil-millones-de-pesos","status":"publish","type":"post","link":"https:\/\/www.sonoraenequipo.com.mx\/presidente-llama-a-scjn-a-agilizar-casos-de-adeudo-de-impuestos-por-25-mil-millones-de-pesos\/","title":{"rendered":"Presidente llama a SCJN a agilizar casos de adeudo de impuestos por 25 mil millones de pesos"},"content":{"rendered":"<p>CIUDAD DE M\u00c9XICO. MX. \u2014 El presidente Andr\u00e9s Manuel L\u00f3pez Obrador llam\u00f3 a ministras y ministros de la Suprema Corte de Justicia de la Naci\u00f3n (SCJN) a resolver dos casos de adeudo de impuestos que afectan la Hacienda p\u00fablica.<\/p>\n<p>&nbsp;<\/p>\n<p>&nbsp;<\/p>\n<p> <br \/>\nEl monto asciende a 25 mil millones de pesos que, dijo, alcanzar\u00edan para entregar becas durante un a\u00f1o a ni\u00f1as y ni\u00f1os de nivel preescolar de escuelas p\u00fablicas en el pa\u00eds o cubrir 12 meses de la Pensi\u00f3n para el Bienestar de las Personas con Discapacidad.<\/p>\n<p>&nbsp;<\/p>\n<p>&nbsp;<\/p>\n<p><em><strong>\u201cQue saquen esto que es de urgente resoluci\u00f3n porque son 25 mil millones. Vamos a darle la noticia a los de los jardines de ni\u00f1os, a los de preescolar, que van a tener su beca universal\u201d,<\/strong><\/em> propuso el jefe del Ejecutivo al encabezar la conferencia de prensa matutina.<\/p>\n<p>&nbsp;<\/p>\n<p>&nbsp;<\/p>\n<p>Se\u00f1al\u00f3 que las y los integrantes de la Corte podr\u00edan resolver en un d\u00eda el caso de Grupo Salinas porque ya pas\u00f3 por todas las instancias correspondientes, incluso por la SCJN, que lo devolvi\u00f3 en su momento al tribunal colegiado. El asunto, dijo, ha sido debatido en numerosos precedentes judiciales, por lo que <strong><em>\u201cya casi es cosa juzgada\u201d.<\/em><\/strong><\/p>\n<p>&nbsp;<\/p>\n<p>&nbsp;<\/p>\n<p>&nbsp;<\/p>\n<p>PUBLICADO EL 01 DE AGOSTO DE 2024 Con informaci\u00f3n de Conferencia matutina presidencial)<\/p>\n","protected":false},"excerpt":{"rendered":"<p>CIUDAD DE M\u00c9XICO. MX. \u2014 El presidente Andr\u00e9s Manuel L\u00f3pez Obrador llam\u00f3 a ministras y&#8230;<\/p>\n","protected":false},"author":1,"featured_media":195829,"comment_status":"open","ping_status":"open","sticky":false,"template":"","format":"standard","meta":{"_monsterinsights_skip_tracking":false,"_monsterinsights_sitenote_active":false,"_monsterinsights_sitenote_note":"","_monsterinsights_sitenote_category":0,"footnotes":""},"categories":[5],"tags":[],"class_list":["post"],"yoast_head":" \n<title>Sonora en Equipo. Presidente llama a SCJN a agilizar casos de adeudo de impuestos por 25 mil millones de pesos Rep\u00fablica<\/title>\n<meta name=\"description\" content=\"CIUDAD DE M\u00c9XICO. MX. \u2014 El presidente Andr\u00e9s Manuel L\u00f3pez Obrador llam\u00f3 a ministras y ministros de la Suprema Corte de Justicia de la Naci\u00f3n (SCJN) a En Sonora en Equipo publicamos toda la informaci\u00f3n de Sonora, M\u00e9xico y el Mundo de manera oportuna y busca que la libertad de expresi\u00f3n sea real. Visita nuestro medio informativo publicado desde Hermosillo, Sonora. %\" \/>\n<meta name=\"robots\" content=\"index, follow, max-snippet:-1, max-image-preview:large, max-video-preview:-1\" \/>\n<link rel=\"canonical\" href=\"https:\/\/www.sonoraenequipo.com.mx\/presidente-llama-a-scjn-a-agilizar-casos-de-adeudo-de-impuestos-por-25-mil-millones-de-pesos\/\" \/>\n<meta property=\"og:locale\" content=\"es_ES\" \/>\n<meta property=\"og:type\" content=\"article\" \/>\n<meta property=\"og:title\" content=\"Sonora en Equipo. Presidente llama a SCJN a agilizar casos de adeudo de impuestos por 25 mil millones de pesos Rep\u00fablica\" \/>\n<meta property=\"og:description\" content=\"CIUDAD DE M\u00c9XICO. MX. \u2014 El presidente Andr\u00e9s Manuel L\u00f3pez Obrador llam\u00f3 a ministras y ministros de la Suprema Corte de Justicia de la Naci\u00f3n (SCJN) a En Sonora en Equipo publicamos toda la informaci\u00f3n de Sonora, M\u00e9xico y el Mundo de manera oportuna y busca que la libertad de expresi\u00f3n sea real. Visita nuestro medio informativo publicado desde Hermosillo, Sonora. %\" \/>\n<meta property=\"og:url\" content=\"https:\/\/www.sonoraenequipo.com.mx\/presidente-llama-a-scjn-a-agilizar-casos-de-adeudo-de-impuestos-por-25-mil-millones-de-pesos\/\" \/>\n<meta property=\"og:site_name\" content=\"Sonora en Equipo.\" \/>\n<meta property=\"article:publisher\" content=\"https:\/\/www.facebook.com\/SonoraEE\/\" \/>\n<meta property=\"article:author\" content=\"https:\/\/www.facebook.com\/SonoraEE\" \/>\n<meta property=\"article:published_time\" content=\"2024-08-01T15:54:45+00:00\" \/>\n<meta property=\"article:modified_time\" content=\"2024-08-01T21:27:30+00:00\" \/>\n<meta property=\"og:image\" content=\"https:\/\/www.sonoraenequipo.com.mx\/storage\/2024\/08\/2024-08-01-Conferencia-de-amlo-min.jpg\" \/>\n\t<meta property=\"og:image:width\" content=\"900\" \/>\n\t<meta property=\"og:image:height\" content=\"607\" \/>\n\t<meta property=\"og:image:type\" content=\"image\/jpeg\" \/>\n<meta name=\"author\" content=\"enequipo\" \/>\n<meta name=\"twitter:card\" content=\"summary_large_image\" \/>\n<meta name=\"twitter:creator\" content=\"@sonoraenequipo\" \/>\n<meta name=\"twitter:site\" content=\"@sonoraenequipo\" \/>\n<meta name=\"twitter:label1\" content=\"Escrito por\" \/>\n\t<meta name=\"twitter:data1\" content=\"enequipo\" \/>\n\t<meta name=\"twitter:label2\" content=\"Tiempo de lectura\" \/>\n\t<meta name=\"twitter:data2\" content=\"1 minuto\" \/>\n<script type=\"application\/ld+json\" class=\"yoast-schema-graph\">{\"@context\":\"https:\/\/schema.org\",\"@graph\":[{\"@type\":\"Article\",\"@id\":\"https:\/\/www.sonoraenequipo.com.mx\/presidente-llama-a-scjn-a-agilizar-casos-de-adeudo-de-impuestos-por-25-mil-millones-de-pesos\/#article\",\"isPartOf\":{\"@id\":\"https:\/\/www.sonoraenequipo.com.mx\/presidente-llama-a-scjn-a-agilizar-casos-de-adeudo-de-impuestos-por-25-mil-millones-de-pesos\/\"},\"author\":{\"name\":\"enequipo\",\"@id\":\"https:\/\/www.sonoraenequipo.com.mx\/#\/schema\/person\/50102df0fb23a8fa9e8effad8fa81386\"},\"headline\":\"Presidente llama a SCJN a agilizar casos de adeudo de impuestos por 25 mil millones de pesos\",\"datePublished\":\"2024-08-01T15:54:45+00:00\",\"dateModified\":\"2024-08-01T21:27:30+00:00\",\"mainEntityOfPage\":{\"@id\":\"https:\/\/www.sonoraenequipo.com.mx\/presidente-llama-a-scjn-a-agilizar-casos-de-adeudo-de-impuestos-por-25-mil-millones-de-pesos\/\"},\"wordCount\":241,\"commentCount\":0,\"publisher\":{\"@id\":\"https:\/\/www.sonoraenequipo.com.mx\/#organization\"},\"image\":{\"@id\":\"https:\/\/www.sonoraenequipo.com.mx\/presidente-llama-a-scjn-a-agilizar-casos-de-adeudo-de-impuestos-por-25-mil-millones-de-pesos\/#primaryimage\"},\"thumbnailUrl\":\"https:\/\/www.sonoraenequipo.com.mx\/storage\/2024\/08\/2024-08-01-Conferencia-de-amlo-min.jpg\",\"articleSection\":[\"Rep\u00fablica\"],\"inLanguage\":\"es\",\"potentialAction\":[{\"@type\":\"CommentAction\",\"name\":\"Comment\",\"target\":[\"https:\/\/www.sonoraenequipo.com.mx\/presidente-llama-a-scjn-a-agilizar-casos-de-adeudo-de-impuestos-por-25-mil-millones-de-pesos\/#respond\"]}]},{\"@type\":\"WebPage\",\"@id\":\"https:\/\/www.sonoraenequipo.com.mx\/presidente-llama-a-scjn-a-agilizar-casos-de-adeudo-de-impuestos-por-25-mil-millones-de-pesos\/\",\"url\":\"https:\/\/www.sonoraenequipo.com.mx\/presidente-llama-a-scjn-a-agilizar-casos-de-adeudo-de-impuestos-por-25-mil-millones-de-pesos\/\",\"name\":\"Sonora en Equipo. Presidente llama a SCJN a agilizar casos de adeudo de impuestos por 25 mil millones de pesos Rep\u00fablica\",\"isPartOf\":{\"@id\":\"https:\/\/www.sonoraenequipo.com.mx\/#website\"},\"primaryImageOfPage\":{\"@id\":\"https:\/\/www.sonoraenequipo.com.mx\/presidente-llama-a-scjn-a-agilizar-casos-de-adeudo-de-impuestos-por-25-mil-millones-de-pesos\/#primaryimage\"},\"image\":{\"@id\":\"https:\/\/www.sonoraenequipo.com.mx\/presidente-llama-a-scjn-a-agilizar-casos-de-adeudo-de-impuestos-por-25-mil-millones-de-pesos\/#primaryimage\"},\"thumbnailUrl\":\"https:\/\/www.sonoraenequipo.com.mx\/storage\/2024\/08\/2024-08-01-Conferencia-de-amlo-min.jpg\",\"datePublished\":\"2024-08-01T15:54:45+00:00\",\"dateModified\":\"2024-08-01T21:27:30+00:00\",\"description\":\"CIUDAD DE M\u00c9XICO. MX. \u2014 El presidente Andr\u00e9s Manuel L\u00f3pez Obrador llam\u00f3 a ministras y ministros de la Suprema Corte de Justicia de la Naci\u00f3n (SCJN) a En Sonora en Equipo publicamos toda la informaci\u00f3n de Sonora, M\u00e9xico y el Mundo de manera oportuna y busca que la libertad de expresi\u00f3n sea real. Visita nuestro medio informativo publicado desde Hermosillo, Sonora. %\",\"breadcrumb\":{\"@id\":\"https:\/\/www.sonoraenequipo.com.mx\/presidente-llama-a-scjn-a-agilizar-casos-de-adeudo-de-impuestos-por-25-mil-millones-de-pesos\/#breadcrumb\"},\"inLanguage\":\"es\",\"potentialAction\":[{\"@type\":\"ReadAction\",\"target\":[\"https:\/\/www.sonoraenequipo.com.mx\/presidente-llama-a-scjn-a-agilizar-casos-de-adeudo-de-impuestos-por-25-mil-millones-de-pesos\/\"]}]},{\"@type\":\"ImageObject\",\"inLanguage\":\"es\",\"@id\":\"https:\/\/www.sonoraenequipo.com.mx\/presidente-llama-a-scjn-a-agilizar-casos-de-adeudo-de-impuestos-por-25-mil-millones-de-pesos\/#primaryimage\",\"url\":\"https:\/\/www.sonoraenequipo.com.mx\/storage\/2024\/08\/2024-08-01-Conferencia-de-amlo-min.jpg\",\"contentUrl\":\"https:\/\/www.sonoraenequipo.com.mx\/storage\/2024\/08\/2024-08-01-Conferencia-de-amlo-min.jpg\",\"width\":900,\"height\":607},{\"@type\":\"BreadcrumbList\",\"@id\":\"https:\/\/www.sonoraenequipo.com.mx\/presidente-llama-a-scjn-a-agilizar-casos-de-adeudo-de-impuestos-por-25-mil-millones-de-pesos\/#breadcrumb\",\"itemListElement\":[{\"@type\":\"ListItem\",\"position\":1,\"name\":\"Portada\",\"item\":\"https:\/\/www.sonoraenequipo.com.mx\/\"},{\"@type\":\"ListItem\",\"position\":2,\"name\":\"Presidente llama a SCJN a agilizar casos de adeudo de impuestos por 25 mil millones de pesos\"}]},{\"@type\":\"WebSite\",\"@id\":\"https:\/\/www.sonoraenequipo.com.mx\/#website\",\"url\":\"https:\/\/www.sonoraenequipo.com.mx\/\",\"name\":\"Sonora en Equipo.\",\"description\":\"Diario en l\u00ednea con Noticias desde Hermosillo, Sonora\",\"publisher\":{\"@id\":\"https:\/\/www.sonoraenequipo.com.mx\/#organization\"},\"potentialAction\":[{\"@type\":\"SearchAction\",\"target\":{\"@type\":\"EntryPoint\",\"urlTemplate\":\"https:\/\/www.sonoraenequipo.com.mx\/?s={search_term_string}\"},\"query-input\":{\"@type\":\"PropertyValueSpecification\",\"valueRequired\":true,\"valueName\":\"search_term_string\"}}],\"inLanguage\":\"es\"},{\"@type\":\"Organization\",\"@id\":\"https:\/\/www.sonoraenequipo.com.mx\/#organization\",\"name\":\"Sonoraenequipo.com.mx\",\"url\":\"https:\/\/www.sonoraenequipo.com.mx\/\",\"logo\":{\"@type\":\"ImageObject\",\"inLanguage\":\"es\",\"@id\":\"https:\/\/www.sonoraenequipo.com.mx\/#\/schema\/logo\/image\/\",\"url\":\"https:\/\/www.sonoraenequipo.com.mx\/storage\/2019\/01\/sonoraenequipo_opt.png\",\"contentUrl\":\"https:\/\/www.sonoraenequipo.com.mx\/storage\/2019\/01\/sonoraenequipo_opt.png\",\"width\":375,\"height\":125,\"caption\":\"Sonoraenequipo.com.mx\"},\"image\":{\"@id\":\"https:\/\/www.sonoraenequipo.com.mx\/#\/schema\/logo\/image\/\"},\"sameAs\":[\"https:\/\/www.facebook.com\/SonoraEE\/\",\"https:\/\/x.com\/sonoraenequipo\",\"https:\/\/www.youtube.com\/channel\/UC338nW-lPEYmJQs4ZABQ1SQ\"]},{\"@type\":\"Person\",\"@id\":\"https:\/\/www.sonoraenequipo.com.mx\/#\/schema\/person\/50102df0fb23a8fa9e8effad8fa81386\",\"name\":\"enequipo\",\"image\":{\"@type\":\"ImageObject\",\"inLanguage\":\"es\",\"@id\":\"https:\/\/www.sonoraenequipo.com.mx\/#\/schema\/person\/image\/\",\"url\":\"https:\/\/secure.gravatar.com\/avatar\/049821681b589dabc0bc20695993ccebb09f5b5d4d790cd9251b97faac7c652b?s=96&d=blank&r=g\",\"contentUrl\":\"https:\/\/secure.gravatar.com\/avatar\/049821681b589dabc0bc20695993ccebb09f5b5d4d790cd9251b97faac7c652b?s=96&d=blank&r=g\",\"caption\":\"enequipo\"},\"sameAs\":[\"https:\/\/www.facebook.com\/SonoraEE\"]}]}<\/script>\n ","yoast_head_json":{"title":"Sonora en Equipo. Presidente llama a SCJN a agilizar casos de adeudo de impuestos por 25 mil millones de pesos Rep\u00fablica","description":"CIUDAD DE M\u00c9XICO. MX. \u2014 El presidente Andr\u00e9s Manuel L\u00f3pez Obrador llam\u00f3 a ministras y ministros de la Suprema Corte de Justicia de la Naci\u00f3n (SCJN) a En Sonora en Equipo publicamos toda la informaci\u00f3n de Sonora, M\u00e9xico y el Mundo de manera oportuna y busca que la libertad de expresi\u00f3n sea real. Visita nuestro medio informativo publicado desde Hermosillo, Sonora. %","robots":{"index":"index","follow":"follow","max-snippet":"max-snippet:-1","max-image-preview":"max-image-preview:large","max-video-preview":"max-video-preview:-1"},"canonical":"https:\/\/www.sonoraenequipo.com.mx\/presidente-llama-a-scjn-a-agilizar-casos-de-adeudo-de-impuestos-por-25-mil-millones-de-pesos\/","og_locale":"es_ES","og_type":"article","og_title":"Sonora en Equipo. Presidente llama a SCJN a agilizar casos de adeudo de impuestos por 25 mil millones de pesos Rep\u00fablica","og_description":"CIUDAD DE M\u00c9XICO. MX. \u2014 El presidente Andr\u00e9s Manuel L\u00f3pez Obrador llam\u00f3 a ministras y ministros de la Suprema Corte de Justicia de la Naci\u00f3n (SCJN) a En Sonora en Equipo publicamos toda la informaci\u00f3n de Sonora, M\u00e9xico y el Mundo de manera oportuna y busca que la libertad de expresi\u00f3n sea real. Visita nuestro medio informativo publicado desde Hermosillo, Sonora. %","og_url":"https:\/\/www.sonoraenequipo.com.mx\/presidente-llama-a-scjn-a-agilizar-casos-de-adeudo-de-impuestos-por-25-mil-millones-de-pesos\/","og_site_name":"Sonora en Equipo.","article_publisher":"https:\/\/www.facebook.com\/SonoraEE\/","article_author":"https:\/\/www.facebook.com\/SonoraEE","article_published_time":"2024-08-01T15:54:45+00:00","article_modified_time":"2024-08-01T21:27:30+00:00","og_image":[{"width":900,"height":607,"url":"https:\/\/www.sonoraenequipo.com.mx\/storage\/2024\/08\/2024-08-01-Conferencia-de-amlo-min.jpg","type":"image\/jpeg"}],"author":"enequipo","twitter_card":"summary_large_image","twitter_creator":"@sonoraenequipo","twitter_site":"@sonoraenequipo","twitter_misc":{"Escrito por":"enequipo","Tiempo de lectura":"1 minuto"},"schema":{"@context":"https:\/\/schema.org","@graph":[{"@type":"Article","@id":"https:\/\/www.sonoraenequipo.com.mx\/presidente-llama-a-scjn-a-agilizar-casos-de-adeudo-de-impuestos-por-25-mil-millones-de-pesos\/#article","isPartOf":{"@id":"https:\/\/www.sonoraenequipo.com.mx\/presidente-llama-a-scjn-a-agilizar-casos-de-adeudo-de-impuestos-por-25-mil-millones-de-pesos\/"},"author":{"name":"enequipo","@id":"https:\/\/www.sonoraenequipo.com.mx\/#\/schema\/person\/50102df0fb23a8fa9e8effad8fa81386"},"headline":"Presidente llama a SCJN a agilizar casos de adeudo de impuestos por 25 mil millones de pesos","datePublished":"2024-08-01T15:54:45+00:00","dateModified":"2024-08-01T21:27:30+00:00","mainEntityOfPage":{"@id":"https:\/\/www.sonoraenequipo.com.mx\/presidente-llama-a-scjn-a-agilizar-casos-de-adeudo-de-impuestos-por-25-mil-millones-de-pesos\/"},"wordCount":241,"commentCount":0,"publisher":{"@id":"https:\/\/www.sonoraenequipo.com.mx\/#organization"},"image":{"@id":"https:\/\/www.sonoraenequipo.com.mx\/presidente-llama-a-scjn-a-agilizar-casos-de-adeudo-de-impuestos-por-25-mil-millones-de-pesos\/#primaryimage"},"thumbnailUrl":"https:\/\/www.sonoraenequipo.com.mx\/storage\/2024\/08\/2024-08-01-Conferencia-de-amlo-min.jpg","articleSection":["Rep\u00fablica"],"inLanguage":"es","potentialAction":[{"@type":"CommentAction","name":"Comment","target":["https:\/\/www.sonoraenequipo.com.mx\/presidente-llama-a-scjn-a-agilizar-casos-de-adeudo-de-impuestos-por-25-mil-millones-de-pesos\/#respond"]}]},{"@type":"WebPage","@id":"https:\/\/www.sonoraenequipo.com.mx\/presidente-llama-a-scjn-a-agilizar-casos-de-adeudo-de-impuestos-por-25-mil-millones-de-pesos\/","url":"https:\/\/www.sonoraenequipo.com.mx\/presidente-llama-a-scjn-a-agilizar-casos-de-adeudo-de-impuestos-por-25-mil-millones-de-pesos\/","name":"Sonora en Equipo. Presidente llama a SCJN a agilizar casos de adeudo de impuestos por 25 mil millones de pesos Rep\u00fablica","isPartOf":{"@id":"https:\/\/www.sonoraenequipo.com.mx\/#website"},"primaryImageOfPage":{"@id":"https:\/\/www.sonoraenequipo.com.mx\/presidente-llama-a-scjn-a-agilizar-casos-de-adeudo-de-impuestos-por-25-mil-millones-de-pesos\/#primaryimage"},"image":{"@id":"https:\/\/www.sonoraenequipo.com.mx\/presidente-llama-a-scjn-a-agilizar-casos-de-adeudo-de-impuestos-por-25-mil-millones-de-pesos\/#primaryimage"},"thumbnailUrl":"https:\/\/www.sonoraenequipo.com.mx\/storage\/2024\/08\/2024-08-01-Conferencia-de-amlo-min.jpg","datePublished":"2024-08-01T15:54:45+00:00","dateModified":"2024-08-01T21:27:30+00:00","description":"CIUDAD DE M\u00c9XICO. MX. \u2014 El presidente Andr\u00e9s Manuel L\u00f3pez Obrador llam\u00f3 a ministras y ministros de la Suprema Corte de Justicia de la Naci\u00f3n (SCJN) a En Sonora en Equipo publicamos toda la informaci\u00f3n de Sonora, M\u00e9xico y el Mundo de manera oportuna y busca que la libertad de expresi\u00f3n sea real. Visita nuestro medio informativo publicado desde Hermosillo, Sonora. %","breadcrumb":{"@id":"https:\/\/www.sonoraenequipo.com.mx\/presidente-llama-a-scjn-a-agilizar-casos-de-adeudo-de-impuestos-por-25-mil-millones-de-pesos\/#breadcrumb"},"inLanguage":"es","potentialAction":[{"@type":"ReadAction","target":["https:\/\/www.sonoraenequipo.com.mx\/presidente-llama-a-scjn-a-agilizar-casos-de-adeudo-de-impuestos-por-25-mil-millones-de-pesos\/"]}]},{"@type":"ImageObject","inLanguage":"es","@id":"https:\/\/www.sonoraenequipo.com.mx\/presidente-llama-a-scjn-a-agilizar-casos-de-adeudo-de-impuestos-por-25-mil-millones-de-pesos\/#primaryimage","url":"https:\/\/www.sonoraenequipo.com.mx\/storage\/2024\/08\/2024-08-01-Conferencia-de-amlo-min.jpg","contentUrl":"https:\/\/www.sonoraenequipo.com.mx\/storage\/2024\/08\/2024-08-01-Conferencia-de-amlo-min.jpg","width":900,"height":607},{"@type":"BreadcrumbList","@id":"https:\/\/www.sonoraenequipo.com.mx\/presidente-llama-a-scjn-a-agilizar-casos-de-adeudo-de-impuestos-por-25-mil-millones-de-pesos\/#breadcrumb","itemListElement":[{"@type":"ListItem","position":1,"name":"Portada","item":"https:\/\/www.sonoraenequipo.com.mx\/"},{"@type":"ListItem","position":2,"name":"Presidente llama a SCJN a agilizar casos de adeudo de impuestos por 25 mil millones de pesos"}]},{"@type":"WebSite","@id":"https:\/\/www.sonoraenequipo.com.mx\/#website","url":"https:\/\/www.sonoraenequipo.com.mx\/","name":"Sonora en Equipo.","description":"Diario en l\u00ednea con Noticias desde Hermosillo, Sonora","publisher":{"@id":"https:\/\/www.sonoraenequipo.com.mx\/#organization"},"potentialAction":[{"@type":"SearchAction","target":{"@type":"EntryPoint","urlTemplate":"https:\/\/www.sonoraenequipo.com.mx\/?s={search_term_string}"},"query-input":{"@type":"PropertyValueSpecification","valueRequired":true,"valueName":"search_term_string"}}],"inLanguage":"es"},{"@type":"Organization","@id":"https:\/\/www.sonoraenequipo.com.mx\/#organization","name":"Sonoraenequipo.com.mx","url":"https:\/\/www.sonoraenequipo.com.mx\/","logo":{"@type":"ImageObject","inLanguage":"es","@id":"https:\/\/www.sonoraenequipo.com.mx\/#\/schema\/logo\/image\/","url":"https:\/\/www.sonoraenequipo.com.mx\/storage\/2019\/01\/sonoraenequipo_opt.png","contentUrl":"https:\/\/www.sonoraenequipo.com.mx\/storage\/2019\/01\/sonoraenequipo_opt.png","width":375,"height":125,"caption":"Sonoraenequipo.com.mx"},"image":{"@id":"https:\/\/www.sonoraenequipo.com.mx\/#\/schema\/logo\/image\/"},"sameAs":["https:\/\/www.facebook.com\/SonoraEE\/","https:\/\/x.com\/sonoraenequipo","https:\/\/www.youtube.com\/channel\/UC338nW-lPEYmJQs4ZABQ1SQ"]},{"@type":"Person","@id":"https:\/\/www.sonoraenequipo.com.mx\/#\/schema\/person\/50102df0fb23a8fa9e8effad8fa81386","name":"enequipo","image":{"@type":"ImageObject","inLanguage":"es","@id":"https:\/\/www.sonoraenequipo.com.mx\/#\/schema\/person\/image\/","url":"https:\/\/secure.gravatar.com\/avatar\/049821681b589dabc0bc20695993ccebb09f5b5d4d790cd9251b97faac7c652b?s=96&d=blank&r=g","contentUrl":"https:\/\/secure.gravatar.com\/avatar\/049821681b589dabc0bc20695993ccebb09f5b5d4d790cd9251b97faac7c652b?s=96&d=blank&r=g","caption":"enequipo"},"sameAs":["https:\/\/www.facebook.com\/SonoraEE"]}]}},"jetpack_featured_media_url":"https:\/\/www.sonoraenequipo.com.mx\/storage\/2024\/08\/2024-08-01-Conferencia-de-amlo-min.jpg","_links":{"self":[{"href":"https:\/\/www.sonoraenequipo.com.mx\/api\/wp\/v2\/posts\/195821","targetHints":{"allow":["GET"]}}],"collection":[{"href":"https:\/\/www.sonoraenequipo.com.mx\/api\/wp\/v2\/posts"}],"about":[{"href":"https:\/\/www.sonoraenequipo.com.mx\/api\/wp\/v2\/types\/post"}],"author":[{"embeddable":true,"href":"https:\/\/www.sonoraenequipo.com.mx\/api\/wp\/v2\/users\/1"}],"replies":[{"embeddable":true,"href":"https:\/\/www.sonoraenequipo.com.mx\/api\/wp\/v2\/comments?post=195821"}],"version-history":[{"count":1,"href":"https:\/\/www.sonoraenequipo.com.mx\/api\/wp\/v2\/posts\/195821\/revisions"}],"predecessor-version":[{"id":195831,"href":"https:\/\/www.sonoraenequipo.com.mx\/api\/wp\/v2\/posts\/195821\/revisions\/195831"}],"wp:featuredmedia":[{"embeddable":true,"href":"https:\/\/www.sonoraenequipo.com.mx\/api\/wp\/v2\/media\/195829"}],"wp:attachment":[{"href":"https:\/\/www.sonoraenequipo.com.mx\/api\/wp\/v2\/media?parent=195821"}],"wp:term":[{"taxonomy":"category","embeddable":true,"href":"https:\/\/www.sonoraenequipo.com.mx\/api\/wp\/v2\/categories?post=195821"},{"taxonomy":"post_tag","embeddable":true,"href":"https:\/\/www.sonoraenequipo.com.mx\/api\/wp\/v2\/tags?post=195821"}],"curies":[{"name":"wp","href":"https:\/\/api.w.org\/{rel}","templated":true}]}}