{"id":195841,"date":"2024-07-31T19:38:04","date_gmt":"2024-08-01T02:38:04","guid":{"rendered":"https:\/\/www.sonoraenequipo.com.mx\/?p=195841"},"modified":"2024-08-01T15:15:40","modified_gmt":"2024-08-01T22:15:40","slug":"el-periodista-pablo-gonzalez-liberado-en-un-intercambio-de-presos-entre-polonia-y-rusia","status":"publish","type":"post","link":"https:\/\/www.sonoraenequipo.com.mx\/el-periodista-pablo-gonzalez-liberado-en-un-intercambio-de-presos-entre-polonia-y-rusia\/","title":{"rendered":"El periodista Pablo Gonz\u00e1lez, liberado en un intercambio de presos entre Polonia y Rusia"},"content":{"rendered":"<p><strong>MADRID, ESPA\u00d1A. \u2014<\/strong> Estados Unidos y sus aliados han intercambiado con Rusia un total de 26 prisioneros en el aeropuerto de Ankara, bajo la coordinaci\u00f3n de los servicios secretos turcos (MIT), asegura este jueves la cadena turca NTV.<\/p>\n<p>&nbsp;<\/p>\n<p> <\/p>\n<p>Entre los liberados est\u00e1 el periodista hispano-ruso Pablo Gonz\u00e1lez, seg\u00fan declar\u00f3 su abogado en Espa\u00f1a.<\/p>\n<p>&nbsp;<\/p>\n<p>&nbsp;<\/p>\n<p><em><strong>\u00abHoy se ha llevado a cabo una operaci\u00f3n de intercambio coordinada por nuestra organizaci\u00f3n, que ha jugado un importante rol de mediaci\u00f3n en esta operaci\u00f3n, la m\u00e1s amplia de los \u00faltimos tiempos\u00bb,<\/strong><\/em> cita NTV un comunicado del MIT.<\/p>\n<p>&nbsp;<\/p>\n<p>&nbsp;<\/p>\n<h3>Militares y periodistas procedentes de siete pa\u00edses<\/h3>\n<p>&nbsp;<\/p>\n<p>Seg\u00fan la citada emisora, se trata de 26 personas, entre ellos militares y periodistas, procedentes de siete pa\u00edses, que fueron enviados en avi\u00f3n a Ankara para ser intercambiadas en lo que la emisora describe como \u00abel mayor intercambio de rehenes desde la II Guerra Mundial\u00bb.<\/p>\n<p>&nbsp;<\/p>\n<p>&nbsp;<\/p>\n<p>La radiotelevisi\u00f3n p\u00fablica turca TRT se\u00f1ala que los afectados llegaron a Turqu\u00eda en 7 aviones procedentes de Estados Unidos, Alemania, Polonia, Eslovenia, Noruega y Rusia, y que diez personas, entre ellos dos menores de edad, se trasladaron a Rusia tras el intercambio en el aeropuerto de Ankara.<\/p>\n<p>&nbsp;<\/p>\n<p>&nbsp;<\/p>\n<p>De las 16 personas restantes, 13 volaron a Alemania y tres a Estados Unidos, agrega la citada cadena.<\/p>\n<p>&nbsp;<\/p>\n<p>&nbsp;<\/p>\n<p>TRT asegura que la lista incluye al periodista Evan Gershkovich, del Wall Street Journal, el militar estadounidense Paul Whelan, el alem\u00e1n Rico Krieger, sentenciado a muerte en Bielorrusia, y el opositor ruso Ilya Yashin, as\u00ed como Vadim Krasikov, oficial del FSB, el servicio secreto ruso, encarcelado en Alemania por el asesinato de un disidente checheno.<\/p>\n<p>&nbsp;<\/p>\n<p>&nbsp;<\/p>\n<p>Seg\u00fan TRT, el MIT lleva tiempo coordinando las preparaciones para esta operaci\u00f3n, lo que ha incluido un encuentro de los distintos bandos implicados en Turqu\u00eda en julio pasado.<\/p>\n<p>&nbsp;<\/p>\n<p>&nbsp;<\/p>\n<p>Los agentes del MIT acompa\u00f1aron a los prisioneros durante el intercambio en el aeropuerto, los entregaron a las respectivas delegaciones y dieron el visto bueno para el despegue de los aviones despu\u00e9s, explica la citada emisora.<\/p>\n<p>&nbsp;<\/p>\n<p>&nbsp;<\/p>\n<p>PUBLICADO EL 01 DE AGOSTO DE 2024 Con informaci\u00f3n de Rodrigo Jim\u00e9nez)<\/p>\n","protected":false},"excerpt":{"rendered":"<p>MADRID, ESPA\u00d1A. \u2014 Estados Unidos y sus aliados han intercambiado con Rusia un total de&#8230;<\/p>\n","protected":false},"author":1,"featured_media":195814,"comment_status":"open","ping_status":"open","sticky":false,"template":"","format":"standard","meta":{"_monsterinsights_skip_tracking":false,"_monsterinsights_sitenote_active":false,"_monsterinsights_sitenote_note":"","_monsterinsights_sitenote_category":0,"footnotes":""},"categories":[3],"tags":[],"class_list":["post"],"yoast_head":" \n<title>Sonora en Equipo. El periodista Pablo Gonz\u00e1lez, liberado en un intercambio de presos entre Polonia y Rusia MUNDO<\/title>\n<meta name=\"description\" content=\"MADRID, ESPA\u00d1A. \u2014 Estados Unidos y sus aliados han intercambiado con Rusia un total de 26 prisioneros en el aeropuerto de Ankara, bajo la coordinaci\u00f3n de En Sonora en Equipo publicamos toda la informaci\u00f3n de Sonora, M\u00e9xico y el Mundo de manera oportuna y busca que la libertad de expresi\u00f3n sea real. Visita nuestro medio informativo publicado desde Hermosillo, Sonora. %\" \/>\n<meta name=\"robots\" content=\"index, follow, max-snippet:-1, max-image-preview:large, max-video-preview:-1\" \/>\n<link rel=\"canonical\" href=\"https:\/\/www.sonoraenequipo.com.mx\/el-periodista-pablo-gonzalez-liberado-en-un-intercambio-de-presos-entre-polonia-y-rusia\/\" \/>\n<meta property=\"og:locale\" content=\"es_ES\" \/>\n<meta property=\"og:type\" content=\"article\" \/>\n<meta property=\"og:title\" content=\"Sonora en Equipo. El periodista Pablo Gonz\u00e1lez, liberado en un intercambio de presos entre Polonia y Rusia MUNDO\" \/>\n<meta property=\"og:description\" content=\"MADRID, ESPA\u00d1A. \u2014 Estados Unidos y sus aliados han intercambiado con Rusia un total de 26 prisioneros en el aeropuerto de Ankara, bajo la coordinaci\u00f3n de En Sonora en Equipo publicamos toda la informaci\u00f3n de Sonora, M\u00e9xico y el Mundo de manera oportuna y busca que la libertad de expresi\u00f3n sea real. Visita nuestro medio informativo publicado desde Hermosillo, Sonora. %\" \/>\n<meta property=\"og:url\" content=\"https:\/\/www.sonoraenequipo.com.mx\/el-periodista-pablo-gonzalez-liberado-en-un-intercambio-de-presos-entre-polonia-y-rusia\/\" \/>\n<meta property=\"og:site_name\" content=\"Sonora en Equipo.\" \/>\n<meta property=\"article:publisher\" content=\"https:\/\/www.facebook.com\/SonoraEE\/\" \/>\n<meta property=\"article:author\" content=\"https:\/\/www.facebook.com\/SonoraEE\" \/>\n<meta property=\"article:published_time\" content=\"2024-08-01T02:38:04+00:00\" \/>\n<meta property=\"article:modified_time\" content=\"2024-08-01T22:15:40+00:00\" \/>\n<meta property=\"og:image\" content=\"https:\/\/www.sonoraenequipo.com.mx\/storage\/2024\/08\/periodista-Pablo-entregado-en-intercambio-min.jpg\" \/>\n\t<meta property=\"og:image:width\" content=\"900\" \/>\n\t<meta property=\"og:image:height\" content=\"506\" \/>\n\t<meta property=\"og:image:type\" content=\"image\/jpeg\" \/>\n<meta name=\"author\" content=\"enequipo\" \/>\n<meta name=\"twitter:card\" content=\"summary_large_image\" \/>\n<meta name=\"twitter:creator\" content=\"@sonoraenequipo\" \/>\n<meta name=\"twitter:site\" content=\"@sonoraenequipo\" \/>\n<meta name=\"twitter:label1\" content=\"Escrito por\" \/>\n\t<meta name=\"twitter:data1\" content=\"enequipo\" \/>\n\t<meta name=\"twitter:label2\" content=\"Tiempo de lectura\" \/>\n\t<meta name=\"twitter:data2\" content=\"2 minutos\" \/>\n<script type=\"application\/ld+json\" class=\"yoast-schema-graph\">{\"@context\":\"https:\/\/schema.org\",\"@graph\":[{\"@type\":\"Article\",\"@id\":\"https:\/\/www.sonoraenequipo.com.mx\/el-periodista-pablo-gonzalez-liberado-en-un-intercambio-de-presos-entre-polonia-y-rusia\/#article\",\"isPartOf\":{\"@id\":\"https:\/\/www.sonoraenequipo.com.mx\/el-periodista-pablo-gonzalez-liberado-en-un-intercambio-de-presos-entre-polonia-y-rusia\/\"},\"author\":{\"name\":\"enequipo\",\"@id\":\"https:\/\/www.sonoraenequipo.com.mx\/#\/schema\/person\/50102df0fb23a8fa9e8effad8fa81386\"},\"headline\":\"El periodista Pablo Gonz\u00e1lez, liberado en un intercambio de presos entre Polonia y Rusia\",\"datePublished\":\"2024-08-01T02:38:04+00:00\",\"dateModified\":\"2024-08-01T22:15:40+00:00\",\"mainEntityOfPage\":{\"@id\":\"https:\/\/www.sonoraenequipo.com.mx\/el-periodista-pablo-gonzalez-liberado-en-un-intercambio-de-presos-entre-polonia-y-rusia\/\"},\"wordCount\":390,\"commentCount\":0,\"publisher\":{\"@id\":\"https:\/\/www.sonoraenequipo.com.mx\/#organization\"},\"image\":{\"@id\":\"https:\/\/www.sonoraenequipo.com.mx\/el-periodista-pablo-gonzalez-liberado-en-un-intercambio-de-presos-entre-polonia-y-rusia\/#primaryimage\"},\"thumbnailUrl\":\"https:\/\/www.sonoraenequipo.com.mx\/storage\/2024\/08\/periodista-Pablo-entregado-en-intercambio-min.jpg\",\"articleSection\":[\"MUNDO\"],\"inLanguage\":\"es\",\"potentialAction\":[{\"@type\":\"CommentAction\",\"name\":\"Comment\",\"target\":[\"https:\/\/www.sonoraenequipo.com.mx\/el-periodista-pablo-gonzalez-liberado-en-un-intercambio-de-presos-entre-polonia-y-rusia\/#respond\"]}]},{\"@type\":\"WebPage\",\"@id\":\"https:\/\/www.sonoraenequipo.com.mx\/el-periodista-pablo-gonzalez-liberado-en-un-intercambio-de-presos-entre-polonia-y-rusia\/\",\"url\":\"https:\/\/www.sonoraenequipo.com.mx\/el-periodista-pablo-gonzalez-liberado-en-un-intercambio-de-presos-entre-polonia-y-rusia\/\",\"name\":\"Sonora en Equipo. El periodista Pablo Gonz\u00e1lez, liberado en un intercambio de presos entre Polonia y Rusia MUNDO\",\"isPartOf\":{\"@id\":\"https:\/\/www.sonoraenequipo.com.mx\/#website\"},\"primaryImageOfPage\":{\"@id\":\"https:\/\/www.sonoraenequipo.com.mx\/el-periodista-pablo-gonzalez-liberado-en-un-intercambio-de-presos-entre-polonia-y-rusia\/#primaryimage\"},\"image\":{\"@id\":\"https:\/\/www.sonoraenequipo.com.mx\/el-periodista-pablo-gonzalez-liberado-en-un-intercambio-de-presos-entre-polonia-y-rusia\/#primaryimage\"},\"thumbnailUrl\":\"https:\/\/www.sonoraenequipo.com.mx\/storage\/2024\/08\/periodista-Pablo-entregado-en-intercambio-min.jpg\",\"datePublished\":\"2024-08-01T02:38:04+00:00\",\"dateModified\":\"2024-08-01T22:15:40+00:00\",\"description\":\"MADRID, ESPA\u00d1A. \u2014 Estados Unidos y sus aliados han intercambiado con Rusia un total de 26 prisioneros en el aeropuerto de Ankara, bajo la coordinaci\u00f3n de En Sonora en Equipo publicamos toda la informaci\u00f3n de Sonora, M\u00e9xico y el Mundo de manera oportuna y busca que la libertad de expresi\u00f3n sea real. Visita nuestro medio informativo publicado desde Hermosillo, Sonora. %\",\"breadcrumb\":{\"@id\":\"https:\/\/www.sonoraenequipo.com.mx\/el-periodista-pablo-gonzalez-liberado-en-un-intercambio-de-presos-entre-polonia-y-rusia\/#breadcrumb\"},\"inLanguage\":\"es\",\"potentialAction\":[{\"@type\":\"ReadAction\",\"target\":[\"https:\/\/www.sonoraenequipo.com.mx\/el-periodista-pablo-gonzalez-liberado-en-un-intercambio-de-presos-entre-polonia-y-rusia\/\"]}]},{\"@type\":\"ImageObject\",\"inLanguage\":\"es\",\"@id\":\"https:\/\/www.sonoraenequipo.com.mx\/el-periodista-pablo-gonzalez-liberado-en-un-intercambio-de-presos-entre-polonia-y-rusia\/#primaryimage\",\"url\":\"https:\/\/www.sonoraenequipo.com.mx\/storage\/2024\/08\/periodista-Pablo-entregado-en-intercambio-min.jpg\",\"contentUrl\":\"https:\/\/www.sonoraenequipo.com.mx\/storage\/2024\/08\/periodista-Pablo-entregado-en-intercambio-min.jpg\",\"width\":900,\"height\":506},{\"@type\":\"BreadcrumbList\",\"@id\":\"https:\/\/www.sonoraenequipo.com.mx\/el-periodista-pablo-gonzalez-liberado-en-un-intercambio-de-presos-entre-polonia-y-rusia\/#breadcrumb\",\"itemListElement\":[{\"@type\":\"ListItem\",\"position\":1,\"name\":\"Portada\",\"item\":\"https:\/\/www.sonoraenequipo.com.mx\/\"},{\"@type\":\"ListItem\",\"position\":2,\"name\":\"El periodista Pablo Gonz\u00e1lez, liberado en un intercambio de presos entre Polonia y Rusia\"}]},{\"@type\":\"WebSite\",\"@id\":\"https:\/\/www.sonoraenequipo.com.mx\/#website\",\"url\":\"https:\/\/www.sonoraenequipo.com.mx\/\",\"name\":\"Sonora en Equipo.\",\"description\":\"Diario en l\u00ednea con Noticias desde Hermosillo, Sonora\",\"publisher\":{\"@id\":\"https:\/\/www.sonoraenequipo.com.mx\/#organization\"},\"potentialAction\":[{\"@type\":\"SearchAction\",\"target\":{\"@type\":\"EntryPoint\",\"urlTemplate\":\"https:\/\/www.sonoraenequipo.com.mx\/?s={search_term_string}\"},\"query-input\":{\"@type\":\"PropertyValueSpecification\",\"valueRequired\":true,\"valueName\":\"search_term_string\"}}],\"inLanguage\":\"es\"},{\"@type\":\"Organization\",\"@id\":\"https:\/\/www.sonoraenequipo.com.mx\/#organization\",\"name\":\"Sonoraenequipo.com.mx\",\"url\":\"https:\/\/www.sonoraenequipo.com.mx\/\",\"logo\":{\"@type\":\"ImageObject\",\"inLanguage\":\"es\",\"@id\":\"https:\/\/www.sonoraenequipo.com.mx\/#\/schema\/logo\/image\/\",\"url\":\"https:\/\/www.sonoraenequipo.com.mx\/storage\/2019\/01\/sonoraenequipo_opt.png\",\"contentUrl\":\"https:\/\/www.sonoraenequipo.com.mx\/storage\/2019\/01\/sonoraenequipo_opt.png\",\"width\":375,\"height\":125,\"caption\":\"Sonoraenequipo.com.mx\"},\"image\":{\"@id\":\"https:\/\/www.sonoraenequipo.com.mx\/#\/schema\/logo\/image\/\"},\"sameAs\":[\"https:\/\/www.facebook.com\/SonoraEE\/\",\"https:\/\/x.com\/sonoraenequipo\",\"https:\/\/www.youtube.com\/channel\/UC338nW-lPEYmJQs4ZABQ1SQ\"]},{\"@type\":\"Person\",\"@id\":\"https:\/\/www.sonoraenequipo.com.mx\/#\/schema\/person\/50102df0fb23a8fa9e8effad8fa81386\",\"name\":\"enequipo\",\"image\":{\"@type\":\"ImageObject\",\"inLanguage\":\"es\",\"@id\":\"https:\/\/www.sonoraenequipo.com.mx\/#\/schema\/person\/image\/\",\"url\":\"https:\/\/secure.gravatar.com\/avatar\/049821681b589dabc0bc20695993ccebb09f5b5d4d790cd9251b97faac7c652b?s=96&d=blank&r=g\",\"contentUrl\":\"https:\/\/secure.gravatar.com\/avatar\/049821681b589dabc0bc20695993ccebb09f5b5d4d790cd9251b97faac7c652b?s=96&d=blank&r=g\",\"caption\":\"enequipo\"},\"sameAs\":[\"https:\/\/www.facebook.com\/SonoraEE\"]}]}<\/script>\n ","yoast_head_json":{"title":"Sonora en Equipo. El periodista Pablo Gonz\u00e1lez, liberado en un intercambio de presos entre Polonia y Rusia MUNDO","description":"MADRID, ESPA\u00d1A. \u2014 Estados Unidos y sus aliados han intercambiado con Rusia un total de 26 prisioneros en el aeropuerto de Ankara, bajo la coordinaci\u00f3n de En Sonora en Equipo publicamos toda la informaci\u00f3n de Sonora, M\u00e9xico y el Mundo de manera oportuna y busca que la libertad de expresi\u00f3n sea real. Visita nuestro medio informativo publicado desde Hermosillo, Sonora. %","robots":{"index":"index","follow":"follow","max-snippet":"max-snippet:-1","max-image-preview":"max-image-preview:large","max-video-preview":"max-video-preview:-1"},"canonical":"https:\/\/www.sonoraenequipo.com.mx\/el-periodista-pablo-gonzalez-liberado-en-un-intercambio-de-presos-entre-polonia-y-rusia\/","og_locale":"es_ES","og_type":"article","og_title":"Sonora en Equipo. El periodista Pablo Gonz\u00e1lez, liberado en un intercambio de presos entre Polonia y Rusia MUNDO","og_description":"MADRID, ESPA\u00d1A. \u2014 Estados Unidos y sus aliados han intercambiado con Rusia un total de 26 prisioneros en el aeropuerto de Ankara, bajo la coordinaci\u00f3n de En Sonora en Equipo publicamos toda la informaci\u00f3n de Sonora, M\u00e9xico y el Mundo de manera oportuna y busca que la libertad de expresi\u00f3n sea real. Visita nuestro medio informativo publicado desde Hermosillo, Sonora. %","og_url":"https:\/\/www.sonoraenequipo.com.mx\/el-periodista-pablo-gonzalez-liberado-en-un-intercambio-de-presos-entre-polonia-y-rusia\/","og_site_name":"Sonora en Equipo.","article_publisher":"https:\/\/www.facebook.com\/SonoraEE\/","article_author":"https:\/\/www.facebook.com\/SonoraEE","article_published_time":"2024-08-01T02:38:04+00:00","article_modified_time":"2024-08-01T22:15:40+00:00","og_image":[{"width":900,"height":506,"url":"https:\/\/www.sonoraenequipo.com.mx\/storage\/2024\/08\/periodista-Pablo-entregado-en-intercambio-min.jpg","type":"image\/jpeg"}],"author":"enequipo","twitter_card":"summary_large_image","twitter_creator":"@sonoraenequipo","twitter_site":"@sonoraenequipo","twitter_misc":{"Escrito por":"enequipo","Tiempo de lectura":"2 minutos"},"schema":{"@context":"https:\/\/schema.org","@graph":[{"@type":"Article","@id":"https:\/\/www.sonoraenequipo.com.mx\/el-periodista-pablo-gonzalez-liberado-en-un-intercambio-de-presos-entre-polonia-y-rusia\/#article","isPartOf":{"@id":"https:\/\/www.sonoraenequipo.com.mx\/el-periodista-pablo-gonzalez-liberado-en-un-intercambio-de-presos-entre-polonia-y-rusia\/"},"author":{"name":"enequipo","@id":"https:\/\/www.sonoraenequipo.com.mx\/#\/schema\/person\/50102df0fb23a8fa9e8effad8fa81386"},"headline":"El periodista Pablo Gonz\u00e1lez, liberado en un intercambio de presos entre Polonia y Rusia","datePublished":"2024-08-01T02:38:04+00:00","dateModified":"2024-08-01T22:15:40+00:00","mainEntityOfPage":{"@id":"https:\/\/www.sonoraenequipo.com.mx\/el-periodista-pablo-gonzalez-liberado-en-un-intercambio-de-presos-entre-polonia-y-rusia\/"},"wordCount":390,"commentCount":0,"publisher":{"@id":"https:\/\/www.sonoraenequipo.com.mx\/#organization"},"image":{"@id":"https:\/\/www.sonoraenequipo.com.mx\/el-periodista-pablo-gonzalez-liberado-en-un-intercambio-de-presos-entre-polonia-y-rusia\/#primaryimage"},"thumbnailUrl":"https:\/\/www.sonoraenequipo.com.mx\/storage\/2024\/08\/periodista-Pablo-entregado-en-intercambio-min.jpg","articleSection":["MUNDO"],"inLanguage":"es","potentialAction":[{"@type":"CommentAction","name":"Comment","target":["https:\/\/www.sonoraenequipo.com.mx\/el-periodista-pablo-gonzalez-liberado-en-un-intercambio-de-presos-entre-polonia-y-rusia\/#respond"]}]},{"@type":"WebPage","@id":"https:\/\/www.sonoraenequipo.com.mx\/el-periodista-pablo-gonzalez-liberado-en-un-intercambio-de-presos-entre-polonia-y-rusia\/","url":"https:\/\/www.sonoraenequipo.com.mx\/el-periodista-pablo-gonzalez-liberado-en-un-intercambio-de-presos-entre-polonia-y-rusia\/","name":"Sonora en Equipo. El periodista Pablo Gonz\u00e1lez, liberado en un intercambio de presos entre Polonia y Rusia MUNDO","isPartOf":{"@id":"https:\/\/www.sonoraenequipo.com.mx\/#website"},"primaryImageOfPage":{"@id":"https:\/\/www.sonoraenequipo.com.mx\/el-periodista-pablo-gonzalez-liberado-en-un-intercambio-de-presos-entre-polonia-y-rusia\/#primaryimage"},"image":{"@id":"https:\/\/www.sonoraenequipo.com.mx\/el-periodista-pablo-gonzalez-liberado-en-un-intercambio-de-presos-entre-polonia-y-rusia\/#primaryimage"},"thumbnailUrl":"https:\/\/www.sonoraenequipo.com.mx\/storage\/2024\/08\/periodista-Pablo-entregado-en-intercambio-min.jpg","datePublished":"2024-08-01T02:38:04+00:00","dateModified":"2024-08-01T22:15:40+00:00","description":"MADRID, ESPA\u00d1A. \u2014 Estados Unidos y sus aliados han intercambiado con Rusia un total de 26 prisioneros en el aeropuerto de Ankara, bajo la coordinaci\u00f3n de En Sonora en Equipo publicamos toda la informaci\u00f3n de Sonora, M\u00e9xico y el Mundo de manera oportuna y busca que la libertad de expresi\u00f3n sea real. Visita nuestro medio informativo publicado desde Hermosillo, Sonora. %","breadcrumb":{"@id":"https:\/\/www.sonoraenequipo.com.mx\/el-periodista-pablo-gonzalez-liberado-en-un-intercambio-de-presos-entre-polonia-y-rusia\/#breadcrumb"},"inLanguage":"es","potentialAction":[{"@type":"ReadAction","target":["https:\/\/www.sonoraenequipo.com.mx\/el-periodista-pablo-gonzalez-liberado-en-un-intercambio-de-presos-entre-polonia-y-rusia\/"]}]},{"@type":"ImageObject","inLanguage":"es","@id":"https:\/\/www.sonoraenequipo.com.mx\/el-periodista-pablo-gonzalez-liberado-en-un-intercambio-de-presos-entre-polonia-y-rusia\/#primaryimage","url":"https:\/\/www.sonoraenequipo.com.mx\/storage\/2024\/08\/periodista-Pablo-entregado-en-intercambio-min.jpg","contentUrl":"https:\/\/www.sonoraenequipo.com.mx\/storage\/2024\/08\/periodista-Pablo-entregado-en-intercambio-min.jpg","width":900,"height":506},{"@type":"BreadcrumbList","@id":"https:\/\/www.sonoraenequipo.com.mx\/el-periodista-pablo-gonzalez-liberado-en-un-intercambio-de-presos-entre-polonia-y-rusia\/#breadcrumb","itemListElement":[{"@type":"ListItem","position":1,"name":"Portada","item":"https:\/\/www.sonoraenequipo.com.mx\/"},{"@type":"ListItem","position":2,"name":"El periodista Pablo Gonz\u00e1lez, liberado en un intercambio de presos entre Polonia y Rusia"}]},{"@type":"WebSite","@id":"https:\/\/www.sonoraenequipo.com.mx\/#website","url":"https:\/\/www.sonoraenequipo.com.mx\/","name":"Sonora en Equipo.","description":"Diario en l\u00ednea con Noticias desde Hermosillo, Sonora","publisher":{"@id":"https:\/\/www.sonoraenequipo.com.mx\/#organization"},"potentialAction":[{"@type":"SearchAction","target":{"@type":"EntryPoint","urlTemplate":"https:\/\/www.sonoraenequipo.com.mx\/?s={search_term_string}"},"query-input":{"@type":"PropertyValueSpecification","valueRequired":true,"valueName":"search_term_string"}}],"inLanguage":"es"},{"@type":"Organization","@id":"https:\/\/www.sonoraenequipo.com.mx\/#organization","name":"Sonoraenequipo.com.mx","url":"https:\/\/www.sonoraenequipo.com.mx\/","logo":{"@type":"ImageObject","inLanguage":"es","@id":"https:\/\/www.sonoraenequipo.com.mx\/#\/schema\/logo\/image\/","url":"https:\/\/www.sonoraenequipo.com.mx\/storage\/2019\/01\/sonoraenequipo_opt.png","contentUrl":"https:\/\/www.sonoraenequipo.com.mx\/storage\/2019\/01\/sonoraenequipo_opt.png","width":375,"height":125,"caption":"Sonoraenequipo.com.mx"},"image":{"@id":"https:\/\/www.sonoraenequipo.com.mx\/#\/schema\/logo\/image\/"},"sameAs":["https:\/\/www.facebook.com\/SonoraEE\/","https:\/\/x.com\/sonoraenequipo","https:\/\/www.youtube.com\/channel\/UC338nW-lPEYmJQs4ZABQ1SQ"]},{"@type":"Person","@id":"https:\/\/www.sonoraenequipo.com.mx\/#\/schema\/person\/50102df0fb23a8fa9e8effad8fa81386","name":"enequipo","image":{"@type":"ImageObject","inLanguage":"es","@id":"https:\/\/www.sonoraenequipo.com.mx\/#\/schema\/person\/image\/","url":"https:\/\/secure.gravatar.com\/avatar\/049821681b589dabc0bc20695993ccebb09f5b5d4d790cd9251b97faac7c652b?s=96&d=blank&r=g","contentUrl":"https:\/\/secure.gravatar.com\/avatar\/049821681b589dabc0bc20695993ccebb09f5b5d4d790cd9251b97faac7c652b?s=96&d=blank&r=g","caption":"enequipo"},"sameAs":["https:\/\/www.facebook.com\/SonoraEE"]}]}},"jetpack_featured_media_url":"https:\/\/www.sonoraenequipo.com.mx\/storage\/2024\/08\/periodista-Pablo-entregado-en-intercambio-min.jpg","_links":{"self":[{"href":"https:\/\/www.sonoraenequipo.com.mx\/api\/wp\/v2\/posts\/195841","targetHints":{"allow":["GET"]}}],"collection":[{"href":"https:\/\/www.sonoraenequipo.com.mx\/api\/wp\/v2\/posts"}],"about":[{"href":"https:\/\/www.sonoraenequipo.com.mx\/api\/wp\/v2\/types\/post"}],"author":[{"embeddable":true,"href":"https:\/\/www.sonoraenequipo.com.mx\/api\/wp\/v2\/users\/1"}],"replies":[{"embeddable":true,"href":"https:\/\/www.sonoraenequipo.com.mx\/api\/wp\/v2\/comments?post=195841"}],"version-history":[{"count":1,"href":"https:\/\/www.sonoraenequipo.com.mx\/api\/wp\/v2\/posts\/195841\/revisions"}],"predecessor-version":[{"id":195844,"href":"https:\/\/www.sonoraenequipo.com.mx\/api\/wp\/v2\/posts\/195841\/revisions\/195844"}],"wp:featuredmedia":[{"embeddable":true,"href":"https:\/\/www.sonoraenequipo.com.mx\/api\/wp\/v2\/media\/195814"}],"wp:attachment":[{"href":"https:\/\/www.sonoraenequipo.com.mx\/api\/wp\/v2\/media?parent=195841"}],"wp:term":[{"taxonomy":"category","embeddable":true,"href":"https:\/\/www.sonoraenequipo.com.mx\/api\/wp\/v2\/categories?post=195841"},{"taxonomy":"post_tag","embeddable":true,"href":"https:\/\/www.sonoraenequipo.com.mx\/api\/wp\/v2\/tags?post=195841"}],"curies":[{"name":"wp","href":"https:\/\/api.w.org\/{rel}","templated":true}]}}