{"id":195845,"date":"2024-08-01T15:23:45","date_gmt":"2024-08-01T22:23:45","guid":{"rendered":"https:\/\/www.sonoraenequipo.com.mx\/?p=195845"},"modified":"2024-08-01T15:23:45","modified_gmt":"2024-08-01T22:23:45","slug":"mejora-percepcion-social-de-seguridad-y-disminuyen-hechos-delictivos-reales-en-cajeme","status":"publish","type":"post","link":"https:\/\/www.sonoraenequipo.com.mx\/mejora-percepcion-social-de-seguridad-y-disminuyen-hechos-delictivos-reales-en-cajeme\/","title":{"rendered":"Mejora percepci\u00f3n social de seguridad y disminuyen hechos delictivos reales en Cajeme"},"content":{"rendered":"<p><strong>CAJEME, SONORA, MX.<\/strong><strong> \u0336 \u0336\u00a0 <\/strong>Desde julio de 2021, cuando el INEGI empez\u00f3 a medir la percepci\u00f3n social de inseguridad, el municipio de Cajeme alcanz\u00f3 la percepci\u00f3n negativa m\u00e1s alta en su historia de esta evaluaci\u00f3n con un 95%, actualmente en la encuesta m\u00e1s reciente del segundo trimestre del a\u00f1o 2024, alcanza la percepci\u00f3n m\u00e1s baja con un 81.2%, lo que comparativamente muestra un resultado de reducci\u00f3n positiva de un 13.8%, es decir, la ciudadan\u00eda cajemense refleja una percepci\u00f3n de la seguridad cada vez m\u00e1s de confianza y menor temor.<\/p>\n<p>&nbsp;<\/p>\n<p>Adem\u00e1s, el haber bajado de una calificaci\u00f3n de 86.6 por ciento, emitida al t\u00e9rmino del primer trimestre de 2024 y que lo ubica en el sexto lugar a nivel nacional, le permite continuar fuera del nada deseable top 5, es decir, que Cajeme ya no se encuentra entre los cinco municipios peor evaluados en cuanto percepci\u00f3n social de inseguridad, y al compararlo con un 81.2 obtenido al finalizar el segundo trimestre 2024, en el que baj\u00f3 5.4 puntos porcentuales, lo sit\u00faa ahora el d\u00e9cimo lugar nacional, lo que representa una disminuci\u00f3n significativa en cuanto a percepci\u00f3n de inseguridad, expres\u00f3 el Alcalde Javier Lamarque Cano, durante el programa Di\u00e1logo con Cajeme.<\/p>\n<p>&nbsp;<\/p>\n<p>Adem\u00e1s, en un comparativo acumulado al 29 de julio de 2021 en el que se presentaron 404 homicidios dolosos, a la misma fecha de 2024, el resultado es que en lo que va del presente mes, se registra una disminuci\u00f3n del 41 por ciento, al registrar 168 delitos de alto impacto, es decir, menos 236 homicidios dolosos, \u201clo que deber\u00eda ser motivo de mejorar la percepci\u00f3n con una visi\u00f3n m\u00e1s optimista, y menos negativa para nuestro municipio\u201d, recalc\u00f3 el Alcalde.<\/p>\n<p>&nbsp;<\/p>\n<p>\u201cLas \u00e1reas urbanas que reportaron los porcentajes m\u00e1s bajos de conflictos, y aqu\u00ed no estamos hablando de percepci\u00f3n, estamos hablando de atestiguaci\u00f3n o de haber sido v\u00edctimas de esa situaci\u00f3n, las m\u00e1s bajas fueron, ciudad Obreg\u00f3n con 4.2, Tampico, segundo lugar, 15.1 y Piedras Negras 15.6; se\u00f1ores, Obreg\u00f3n est\u00e1 reportando, en atestiguaci\u00f3n, no en percepci\u00f3n, la m\u00e1s baja tasa a nivel nacional de ciudadanos que reportan haber tenido alg\u00fan conflicto o alg\u00fan enfrentamiento\u201d, manifest\u00f3 el Presidente Municipal.<\/p>\n<p>&nbsp;<\/p>\n<p>Otro caso en el que Cajeme ocupa el primer lugar a nivel nacional es en el porcentaje de hogares v\u00edctima de al menos un delito de robo o de extorsi\u00f3n durante el primer trimestre de 2024, al presentar una calificaci\u00f3n de 8.6 por ciento, seguido de Los Mochis con 8.7 en segundo lugar y Tampico, en tercer lugar, con 10.4, por mencionar algunos datos que reflejan los logros obtenidos en materia de Seguridad P\u00fablica para el municipio.<\/p>\n<p>&nbsp;<\/p>\n<p>Lamarque Cano a\u00f1adi\u00f3 que se seguir\u00e1 trabajando para disminuir no s\u00f3lo los niveles de percepci\u00f3n social, sino continuar en el decremento de los actos delictivos reales en el municipio para atraer m\u00e1s inversi\u00f3n, generar m\u00e1s empleos y bienestar para las familias de Cajeme.<\/p>\n<p><strong>Fecha de publicaci\u00f3n jueves 1 de agosto de 2024<\/strong><\/p>\n","protected":false},"excerpt":{"rendered":"<p>CAJEME, SONORA, MX. \u0336 \u0336\u00a0 Desde julio de 2021, cuando el INEGI empez\u00f3 a medir&#8230;<\/p>\n","protected":false},"author":1,"featured_media":163802,"comment_status":"open","ping_status":"open","sticky":false,"template":"","format":"standard","meta":{"_monsterinsights_skip_tracking":false,"_monsterinsights_sitenote_active":false,"_monsterinsights_sitenote_note":"","_monsterinsights_sitenote_category":0,"footnotes":""},"categories":[4],"tags":[476,2378,10057,170],"class_list":["post"],"yoast_head":" \n<title>Sonora en Equipo. Mejora percepci\u00f3n social de seguridad y disminuyen hechos delictivos reales en Cajeme Municipios<\/title>\n<meta name=\"description\" content=\"CAJEME, SONORA, MX. \u0336 \u0336\u00a0 Desde julio de 2021, cuando el INEGI empez\u00f3 a medir la percepci\u00f3n social de inseguridad, el municipio de Cajeme alcanz\u00f3 la En Sonora en Equipo publicamos toda la informaci\u00f3n de Sonora, M\u00e9xico y el Mundo de manera oportuna y busca que la libertad de expresi\u00f3n sea real. Visita nuestro medio informativo publicado desde Hermosillo, Sonora. %\" \/>\n<meta name=\"robots\" content=\"index, follow, max-snippet:-1, max-image-preview:large, max-video-preview:-1\" \/>\n<link rel=\"canonical\" href=\"https:\/\/www.sonoraenequipo.com.mx\/mejora-percepcion-social-de-seguridad-y-disminuyen-hechos-delictivos-reales-en-cajeme\/\" \/>\n<meta property=\"og:locale\" content=\"es_ES\" \/>\n<meta property=\"og:type\" content=\"article\" \/>\n<meta property=\"og:title\" content=\"Sonora en Equipo. Mejora percepci\u00f3n social de seguridad y disminuyen hechos delictivos reales en Cajeme Municipios\" \/>\n<meta property=\"og:description\" content=\"CAJEME, SONORA, MX. \u0336 \u0336\u00a0 Desde julio de 2021, cuando el INEGI empez\u00f3 a medir la percepci\u00f3n social de inseguridad, el municipio de Cajeme alcanz\u00f3 la En Sonora en Equipo publicamos toda la informaci\u00f3n de Sonora, M\u00e9xico y el Mundo de manera oportuna y busca que la libertad de expresi\u00f3n sea real. Visita nuestro medio informativo publicado desde Hermosillo, Sonora. %\" \/>\n<meta property=\"og:url\" content=\"https:\/\/www.sonoraenequipo.com.mx\/mejora-percepcion-social-de-seguridad-y-disminuyen-hechos-delictivos-reales-en-cajeme\/\" \/>\n<meta property=\"og:site_name\" content=\"Sonora en Equipo.\" \/>\n<meta property=\"article:publisher\" content=\"https:\/\/www.facebook.com\/SonoraEE\/\" \/>\n<meta property=\"article:author\" content=\"https:\/\/www.facebook.com\/SonoraEE\" \/>\n<meta property=\"article:published_time\" content=\"2024-08-01T22:23:45+00:00\" \/>\n<meta property=\"og:image\" content=\"https:\/\/www.sonoraenequipo.com.mx\/storage\/2023\/04\/javier-lamarque-obregon-min.jpg\" \/>\n\t<meta property=\"og:image:width\" content=\"900\" \/>\n\t<meta property=\"og:image:height\" content=\"492\" \/>\n\t<meta property=\"og:image:type\" content=\"image\/jpeg\" \/>\n<meta name=\"author\" content=\"enequipo\" \/>\n<meta name=\"twitter:card\" content=\"summary_large_image\" \/>\n<meta name=\"twitter:creator\" content=\"@sonoraenequipo\" \/>\n<meta name=\"twitter:site\" content=\"@sonoraenequipo\" \/>\n<meta name=\"twitter:label1\" content=\"Escrito por\" \/>\n\t<meta name=\"twitter:data1\" content=\"enequipo\" \/>\n\t<meta name=\"twitter:label2\" content=\"Tiempo de lectura\" \/>\n\t<meta name=\"twitter:data2\" content=\"3 minutos\" \/>\n<script type=\"application\/ld+json\" class=\"yoast-schema-graph\">{\"@context\":\"https:\/\/schema.org\",\"@graph\":[{\"@type\":\"Article\",\"@id\":\"https:\/\/www.sonoraenequipo.com.mx\/mejora-percepcion-social-de-seguridad-y-disminuyen-hechos-delictivos-reales-en-cajeme\/#article\",\"isPartOf\":{\"@id\":\"https:\/\/www.sonoraenequipo.com.mx\/mejora-percepcion-social-de-seguridad-y-disminuyen-hechos-delictivos-reales-en-cajeme\/\"},\"author\":{\"name\":\"enequipo\",\"@id\":\"https:\/\/www.sonoraenequipo.com.mx\/#\/schema\/person\/50102df0fb23a8fa9e8effad8fa81386\"},\"headline\":\"Mejora percepci\u00f3n social de seguridad y disminuyen hechos delictivos reales en Cajeme\",\"datePublished\":\"2024-08-01T22:23:45+00:00\",\"mainEntityOfPage\":{\"@id\":\"https:\/\/www.sonoraenequipo.com.mx\/mejora-percepcion-social-de-seguridad-y-disminuyen-hechos-delictivos-reales-en-cajeme\/\"},\"wordCount\":527,\"commentCount\":0,\"publisher\":{\"@id\":\"https:\/\/www.sonoraenequipo.com.mx\/#organization\"},\"image\":{\"@id\":\"https:\/\/www.sonoraenequipo.com.mx\/mejora-percepcion-social-de-seguridad-y-disminuyen-hechos-delictivos-reales-en-cajeme\/#primaryimage\"},\"thumbnailUrl\":\"https:\/\/www.sonoraenequipo.com.mx\/storage\/2023\/04\/javier-lamarque-obregon-min.jpg\",\"keywords\":[\"Cajeme\",\"INEGI\",\"percepcion\",\"Seguridad\"],\"articleSection\":[\"Municipios\"],\"inLanguage\":\"es\",\"potentialAction\":[{\"@type\":\"CommentAction\",\"name\":\"Comment\",\"target\":[\"https:\/\/www.sonoraenequipo.com.mx\/mejora-percepcion-social-de-seguridad-y-disminuyen-hechos-delictivos-reales-en-cajeme\/#respond\"]}]},{\"@type\":\"WebPage\",\"@id\":\"https:\/\/www.sonoraenequipo.com.mx\/mejora-percepcion-social-de-seguridad-y-disminuyen-hechos-delictivos-reales-en-cajeme\/\",\"url\":\"https:\/\/www.sonoraenequipo.com.mx\/mejora-percepcion-social-de-seguridad-y-disminuyen-hechos-delictivos-reales-en-cajeme\/\",\"name\":\"Sonora en Equipo. Mejora percepci\u00f3n social de seguridad y disminuyen hechos delictivos reales en Cajeme Municipios\",\"isPartOf\":{\"@id\":\"https:\/\/www.sonoraenequipo.com.mx\/#website\"},\"primaryImageOfPage\":{\"@id\":\"https:\/\/www.sonoraenequipo.com.mx\/mejora-percepcion-social-de-seguridad-y-disminuyen-hechos-delictivos-reales-en-cajeme\/#primaryimage\"},\"image\":{\"@id\":\"https:\/\/www.sonoraenequipo.com.mx\/mejora-percepcion-social-de-seguridad-y-disminuyen-hechos-delictivos-reales-en-cajeme\/#primaryimage\"},\"thumbnailUrl\":\"https:\/\/www.sonoraenequipo.com.mx\/storage\/2023\/04\/javier-lamarque-obregon-min.jpg\",\"datePublished\":\"2024-08-01T22:23:45+00:00\",\"description\":\"CAJEME, SONORA, MX. \u0336 \u0336\u00a0 Desde julio de 2021, cuando el INEGI empez\u00f3 a medir la percepci\u00f3n social de inseguridad, el municipio de Cajeme alcanz\u00f3 la En Sonora en Equipo publicamos toda la informaci\u00f3n de Sonora, M\u00e9xico y el Mundo de manera oportuna y busca que la libertad de expresi\u00f3n sea real. Visita nuestro medio informativo publicado desde Hermosillo, Sonora. %\",\"breadcrumb\":{\"@id\":\"https:\/\/www.sonoraenequipo.com.mx\/mejora-percepcion-social-de-seguridad-y-disminuyen-hechos-delictivos-reales-en-cajeme\/#breadcrumb\"},\"inLanguage\":\"es\",\"potentialAction\":[{\"@type\":\"ReadAction\",\"target\":[\"https:\/\/www.sonoraenequipo.com.mx\/mejora-percepcion-social-de-seguridad-y-disminuyen-hechos-delictivos-reales-en-cajeme\/\"]}]},{\"@type\":\"ImageObject\",\"inLanguage\":\"es\",\"@id\":\"https:\/\/www.sonoraenequipo.com.mx\/mejora-percepcion-social-de-seguridad-y-disminuyen-hechos-delictivos-reales-en-cajeme\/#primaryimage\",\"url\":\"https:\/\/www.sonoraenequipo.com.mx\/storage\/2023\/04\/javier-lamarque-obregon-min.jpg\",\"contentUrl\":\"https:\/\/www.sonoraenequipo.com.mx\/storage\/2023\/04\/javier-lamarque-obregon-min.jpg\",\"width\":900,\"height\":492},{\"@type\":\"BreadcrumbList\",\"@id\":\"https:\/\/www.sonoraenequipo.com.mx\/mejora-percepcion-social-de-seguridad-y-disminuyen-hechos-delictivos-reales-en-cajeme\/#breadcrumb\",\"itemListElement\":[{\"@type\":\"ListItem\",\"position\":1,\"name\":\"Portada\",\"item\":\"https:\/\/www.sonoraenequipo.com.mx\/\"},{\"@type\":\"ListItem\",\"position\":2,\"name\":\"Mejora percepci\u00f3n social de seguridad y disminuyen hechos delictivos reales en Cajeme\"}]},{\"@type\":\"WebSite\",\"@id\":\"https:\/\/www.sonoraenequipo.com.mx\/#website\",\"url\":\"https:\/\/www.sonoraenequipo.com.mx\/\",\"name\":\"Sonora en Equipo.\",\"description\":\"Diario en l\u00ednea con Noticias desde Hermosillo, Sonora\",\"publisher\":{\"@id\":\"https:\/\/www.sonoraenequipo.com.mx\/#organization\"},\"potentialAction\":[{\"@type\":\"SearchAction\",\"target\":{\"@type\":\"EntryPoint\",\"urlTemplate\":\"https:\/\/www.sonoraenequipo.com.mx\/?s={search_term_string}\"},\"query-input\":{\"@type\":\"PropertyValueSpecification\",\"valueRequired\":true,\"valueName\":\"search_term_string\"}}],\"inLanguage\":\"es\"},{\"@type\":\"Organization\",\"@id\":\"https:\/\/www.sonoraenequipo.com.mx\/#organization\",\"name\":\"Sonoraenequipo.com.mx\",\"url\":\"https:\/\/www.sonoraenequipo.com.mx\/\",\"logo\":{\"@type\":\"ImageObject\",\"inLanguage\":\"es\",\"@id\":\"https:\/\/www.sonoraenequipo.com.mx\/#\/schema\/logo\/image\/\",\"url\":\"https:\/\/www.sonoraenequipo.com.mx\/storage\/2019\/01\/sonoraenequipo_opt.png\",\"contentUrl\":\"https:\/\/www.sonoraenequipo.com.mx\/storage\/2019\/01\/sonoraenequipo_opt.png\",\"width\":375,\"height\":125,\"caption\":\"Sonoraenequipo.com.mx\"},\"image\":{\"@id\":\"https:\/\/www.sonoraenequipo.com.mx\/#\/schema\/logo\/image\/\"},\"sameAs\":[\"https:\/\/www.facebook.com\/SonoraEE\/\",\"https:\/\/x.com\/sonoraenequipo\",\"https:\/\/www.youtube.com\/channel\/UC338nW-lPEYmJQs4ZABQ1SQ\"]},{\"@type\":\"Person\",\"@id\":\"https:\/\/www.sonoraenequipo.com.mx\/#\/schema\/person\/50102df0fb23a8fa9e8effad8fa81386\",\"name\":\"enequipo\",\"image\":{\"@type\":\"ImageObject\",\"inLanguage\":\"es\",\"@id\":\"https:\/\/www.sonoraenequipo.com.mx\/#\/schema\/person\/image\/\",\"url\":\"https:\/\/secure.gravatar.com\/avatar\/049821681b589dabc0bc20695993ccebb09f5b5d4d790cd9251b97faac7c652b?s=96&d=blank&r=g\",\"contentUrl\":\"https:\/\/secure.gravatar.com\/avatar\/049821681b589dabc0bc20695993ccebb09f5b5d4d790cd9251b97faac7c652b?s=96&d=blank&r=g\",\"caption\":\"enequipo\"},\"sameAs\":[\"https:\/\/www.facebook.com\/SonoraEE\"]}]}<\/script>\n ","yoast_head_json":{"title":"Sonora en Equipo. Mejora percepci\u00f3n social de seguridad y disminuyen hechos delictivos reales en Cajeme Municipios","description":"CAJEME, SONORA, MX. \u0336 \u0336\u00a0 Desde julio de 2021, cuando el INEGI empez\u00f3 a medir la percepci\u00f3n social de inseguridad, el municipio de Cajeme alcanz\u00f3 la En Sonora en Equipo publicamos toda la informaci\u00f3n de Sonora, M\u00e9xico y el Mundo de manera oportuna y busca que la libertad de expresi\u00f3n sea real. Visita nuestro medio informativo publicado desde Hermosillo, Sonora. %","robots":{"index":"index","follow":"follow","max-snippet":"max-snippet:-1","max-image-preview":"max-image-preview:large","max-video-preview":"max-video-preview:-1"},"canonical":"https:\/\/www.sonoraenequipo.com.mx\/mejora-percepcion-social-de-seguridad-y-disminuyen-hechos-delictivos-reales-en-cajeme\/","og_locale":"es_ES","og_type":"article","og_title":"Sonora en Equipo. Mejora percepci\u00f3n social de seguridad y disminuyen hechos delictivos reales en Cajeme Municipios","og_description":"CAJEME, SONORA, MX. \u0336 \u0336\u00a0 Desde julio de 2021, cuando el INEGI empez\u00f3 a medir la percepci\u00f3n social de inseguridad, el municipio de Cajeme alcanz\u00f3 la En Sonora en Equipo publicamos toda la informaci\u00f3n de Sonora, M\u00e9xico y el Mundo de manera oportuna y busca que la libertad de expresi\u00f3n sea real. Visita nuestro medio informativo publicado desde Hermosillo, Sonora. %","og_url":"https:\/\/www.sonoraenequipo.com.mx\/mejora-percepcion-social-de-seguridad-y-disminuyen-hechos-delictivos-reales-en-cajeme\/","og_site_name":"Sonora en Equipo.","article_publisher":"https:\/\/www.facebook.com\/SonoraEE\/","article_author":"https:\/\/www.facebook.com\/SonoraEE","article_published_time":"2024-08-01T22:23:45+00:00","og_image":[{"width":900,"height":492,"url":"https:\/\/www.sonoraenequipo.com.mx\/storage\/2023\/04\/javier-lamarque-obregon-min.jpg","type":"image\/jpeg"}],"author":"enequipo","twitter_card":"summary_large_image","twitter_creator":"@sonoraenequipo","twitter_site":"@sonoraenequipo","twitter_misc":{"Escrito por":"enequipo","Tiempo de lectura":"3 minutos"},"schema":{"@context":"https:\/\/schema.org","@graph":[{"@type":"Article","@id":"https:\/\/www.sonoraenequipo.com.mx\/mejora-percepcion-social-de-seguridad-y-disminuyen-hechos-delictivos-reales-en-cajeme\/#article","isPartOf":{"@id":"https:\/\/www.sonoraenequipo.com.mx\/mejora-percepcion-social-de-seguridad-y-disminuyen-hechos-delictivos-reales-en-cajeme\/"},"author":{"name":"enequipo","@id":"https:\/\/www.sonoraenequipo.com.mx\/#\/schema\/person\/50102df0fb23a8fa9e8effad8fa81386"},"headline":"Mejora percepci\u00f3n social de seguridad y disminuyen hechos delictivos reales en Cajeme","datePublished":"2024-08-01T22:23:45+00:00","mainEntityOfPage":{"@id":"https:\/\/www.sonoraenequipo.com.mx\/mejora-percepcion-social-de-seguridad-y-disminuyen-hechos-delictivos-reales-en-cajeme\/"},"wordCount":527,"commentCount":0,"publisher":{"@id":"https:\/\/www.sonoraenequipo.com.mx\/#organization"},"image":{"@id":"https:\/\/www.sonoraenequipo.com.mx\/mejora-percepcion-social-de-seguridad-y-disminuyen-hechos-delictivos-reales-en-cajeme\/#primaryimage"},"thumbnailUrl":"https:\/\/www.sonoraenequipo.com.mx\/storage\/2023\/04\/javier-lamarque-obregon-min.jpg","keywords":["Cajeme","INEGI","percepcion","Seguridad"],"articleSection":["Municipios"],"inLanguage":"es","potentialAction":[{"@type":"CommentAction","name":"Comment","target":["https:\/\/www.sonoraenequipo.com.mx\/mejora-percepcion-social-de-seguridad-y-disminuyen-hechos-delictivos-reales-en-cajeme\/#respond"]}]},{"@type":"WebPage","@id":"https:\/\/www.sonoraenequipo.com.mx\/mejora-percepcion-social-de-seguridad-y-disminuyen-hechos-delictivos-reales-en-cajeme\/","url":"https:\/\/www.sonoraenequipo.com.mx\/mejora-percepcion-social-de-seguridad-y-disminuyen-hechos-delictivos-reales-en-cajeme\/","name":"Sonora en Equipo. Mejora percepci\u00f3n social de seguridad y disminuyen hechos delictivos reales en Cajeme Municipios","isPartOf":{"@id":"https:\/\/www.sonoraenequipo.com.mx\/#website"},"primaryImageOfPage":{"@id":"https:\/\/www.sonoraenequipo.com.mx\/mejora-percepcion-social-de-seguridad-y-disminuyen-hechos-delictivos-reales-en-cajeme\/#primaryimage"},"image":{"@id":"https:\/\/www.sonoraenequipo.com.mx\/mejora-percepcion-social-de-seguridad-y-disminuyen-hechos-delictivos-reales-en-cajeme\/#primaryimage"},"thumbnailUrl":"https:\/\/www.sonoraenequipo.com.mx\/storage\/2023\/04\/javier-lamarque-obregon-min.jpg","datePublished":"2024-08-01T22:23:45+00:00","description":"CAJEME, SONORA, MX. \u0336 \u0336\u00a0 Desde julio de 2021, cuando el INEGI empez\u00f3 a medir la percepci\u00f3n social de inseguridad, el municipio de Cajeme alcanz\u00f3 la En Sonora en Equipo publicamos toda la informaci\u00f3n de Sonora, M\u00e9xico y el Mundo de manera oportuna y busca que la libertad de expresi\u00f3n sea real. Visita nuestro medio informativo publicado desde Hermosillo, Sonora. %","breadcrumb":{"@id":"https:\/\/www.sonoraenequipo.com.mx\/mejora-percepcion-social-de-seguridad-y-disminuyen-hechos-delictivos-reales-en-cajeme\/#breadcrumb"},"inLanguage":"es","potentialAction":[{"@type":"ReadAction","target":["https:\/\/www.sonoraenequipo.com.mx\/mejora-percepcion-social-de-seguridad-y-disminuyen-hechos-delictivos-reales-en-cajeme\/"]}]},{"@type":"ImageObject","inLanguage":"es","@id":"https:\/\/www.sonoraenequipo.com.mx\/mejora-percepcion-social-de-seguridad-y-disminuyen-hechos-delictivos-reales-en-cajeme\/#primaryimage","url":"https:\/\/www.sonoraenequipo.com.mx\/storage\/2023\/04\/javier-lamarque-obregon-min.jpg","contentUrl":"https:\/\/www.sonoraenequipo.com.mx\/storage\/2023\/04\/javier-lamarque-obregon-min.jpg","width":900,"height":492},{"@type":"BreadcrumbList","@id":"https:\/\/www.sonoraenequipo.com.mx\/mejora-percepcion-social-de-seguridad-y-disminuyen-hechos-delictivos-reales-en-cajeme\/#breadcrumb","itemListElement":[{"@type":"ListItem","position":1,"name":"Portada","item":"https:\/\/www.sonoraenequipo.com.mx\/"},{"@type":"ListItem","position":2,"name":"Mejora percepci\u00f3n social de seguridad y disminuyen hechos delictivos reales en Cajeme"}]},{"@type":"WebSite","@id":"https:\/\/www.sonoraenequipo.com.mx\/#website","url":"https:\/\/www.sonoraenequipo.com.mx\/","name":"Sonora en Equipo.","description":"Diario en l\u00ednea con Noticias desde Hermosillo, Sonora","publisher":{"@id":"https:\/\/www.sonoraenequipo.com.mx\/#organization"},"potentialAction":[{"@type":"SearchAction","target":{"@type":"EntryPoint","urlTemplate":"https:\/\/www.sonoraenequipo.com.mx\/?s={search_term_string}"},"query-input":{"@type":"PropertyValueSpecification","valueRequired":true,"valueName":"search_term_string"}}],"inLanguage":"es"},{"@type":"Organization","@id":"https:\/\/www.sonoraenequipo.com.mx\/#organization","name":"Sonoraenequipo.com.mx","url":"https:\/\/www.sonoraenequipo.com.mx\/","logo":{"@type":"ImageObject","inLanguage":"es","@id":"https:\/\/www.sonoraenequipo.com.mx\/#\/schema\/logo\/image\/","url":"https:\/\/www.sonoraenequipo.com.mx\/storage\/2019\/01\/sonoraenequipo_opt.png","contentUrl":"https:\/\/www.sonoraenequipo.com.mx\/storage\/2019\/01\/sonoraenequipo_opt.png","width":375,"height":125,"caption":"Sonoraenequipo.com.mx"},"image":{"@id":"https:\/\/www.sonoraenequipo.com.mx\/#\/schema\/logo\/image\/"},"sameAs":["https:\/\/www.facebook.com\/SonoraEE\/","https:\/\/x.com\/sonoraenequipo","https:\/\/www.youtube.com\/channel\/UC338nW-lPEYmJQs4ZABQ1SQ"]},{"@type":"Person","@id":"https:\/\/www.sonoraenequipo.com.mx\/#\/schema\/person\/50102df0fb23a8fa9e8effad8fa81386","name":"enequipo","image":{"@type":"ImageObject","inLanguage":"es","@id":"https:\/\/www.sonoraenequipo.com.mx\/#\/schema\/person\/image\/","url":"https:\/\/secure.gravatar.com\/avatar\/049821681b589dabc0bc20695993ccebb09f5b5d4d790cd9251b97faac7c652b?s=96&d=blank&r=g","contentUrl":"https:\/\/secure.gravatar.com\/avatar\/049821681b589dabc0bc20695993ccebb09f5b5d4d790cd9251b97faac7c652b?s=96&d=blank&r=g","caption":"enequipo"},"sameAs":["https:\/\/www.facebook.com\/SonoraEE"]}]}},"jetpack_featured_media_url":"https:\/\/www.sonoraenequipo.com.mx\/storage\/2023\/04\/javier-lamarque-obregon-min.jpg","_links":{"self":[{"href":"https:\/\/www.sonoraenequipo.com.mx\/api\/wp\/v2\/posts\/195845","targetHints":{"allow":["GET"]}}],"collection":[{"href":"https:\/\/www.sonoraenequipo.com.mx\/api\/wp\/v2\/posts"}],"about":[{"href":"https:\/\/www.sonoraenequipo.com.mx\/api\/wp\/v2\/types\/post"}],"author":[{"embeddable":true,"href":"https:\/\/www.sonoraenequipo.com.mx\/api\/wp\/v2\/users\/1"}],"replies":[{"embeddable":true,"href":"https:\/\/www.sonoraenequipo.com.mx\/api\/wp\/v2\/comments?post=195845"}],"version-history":[{"count":1,"href":"https:\/\/www.sonoraenequipo.com.mx\/api\/wp\/v2\/posts\/195845\/revisions"}],"predecessor-version":[{"id":195846,"href":"https:\/\/www.sonoraenequipo.com.mx\/api\/wp\/v2\/posts\/195845\/revisions\/195846"}],"wp:featuredmedia":[{"embeddable":true,"href":"https:\/\/www.sonoraenequipo.com.mx\/api\/wp\/v2\/media\/163802"}],"wp:attachment":[{"href":"https:\/\/www.sonoraenequipo.com.mx\/api\/wp\/v2\/media?parent=195845"}],"wp:term":[{"taxonomy":"category","embeddable":true,"href":"https:\/\/www.sonoraenequipo.com.mx\/api\/wp\/v2\/categories?post=195845"},{"taxonomy":"post_tag","embeddable":true,"href":"https:\/\/www.sonoraenequipo.com.mx\/api\/wp\/v2\/tags?post=195845"}],"curies":[{"name":"wp","href":"https:\/\/api.w.org\/{rel}","templated":true}]}}